{"id":16920,"date":"2019-07-28T08:00:36","date_gmt":"2019-07-28T06:00:36","guid":{"rendered":"https:\/\/news.save.ch\/?p=4421"},"modified":"2023-03-14T09:03:58","modified_gmt":"2023-03-14T08:03:58","slug":"sommerferien-sonnenbrand","status":null,"type":"post","link":"https:\/\/news.save.ch\/fr\/sommerferien-sonnenbrand\/","title":{"rendered":"Vacances d'\u00e9t\u00e9 = coups de soleil ?"},"content":{"rendered":"<figure id=\"attachment_4422\" aria-describedby=\"caption-attachment-4422\" style=\"width: 680px\" class=\"wp-caption alignnone\"><img loading=\"lazy\" decoding=\"async\" class=\"size-medium wp-image-4422\" src=\"http:\/\/develop.safety-plus.ch\/wp-content\/uploads\/2019\/07\/Depositphotos_haveseen.jpg\" alt=\"\" width=\"680\" height=\"448\" \/><figcaption id=\"caption-attachment-4422\" class=\"wp-caption-text\">Dans les pays du sud et dans les montagnes, l'exposition aux UV est plus forte que sur le Plateau suisse.<br \/>\u00a9Depositphotos\/haveseen<\/figcaption><\/figure>\n<p>Dans les pays du sud et en montagne, la <a href=\"https:\/\/news.save.ch\/fr\/arbeit-im-freien-uv-belastung-hoeher-als-gedacht\/\" target=\"_blank\" rel=\"noopener\">Exposition aux UV<\/a> plus fort que sur le Plateau suisse. L'intensit\u00e9 du rayonnement UV varie toutefois aussi selon les saisons. Elle atteint son maximum entre mai et ao\u00fbt. Certaines surfaces, comme l'eau, r\u00e9fl\u00e9chissent les rayons et intensifient leur intensit\u00e9. Les rayons UVA et UVB peuvent endommager le mat\u00e9riel g\u00e9n\u00e9tique (ADN) de nos cellules et provoquer des cancers. <a href=\"https:\/\/news.save.ch\/fr\/hautkrebs-entsteht-nicht-nur-am-strand\/\" target=\"_blank\" rel=\"noopener\">Cancer de la peau<\/a> provoquer un m\u00e9lanome. Le cancer noir de la peau, \u00e9galement appel\u00e9 m\u00e9lanome, est particuli\u00e8rement dangereux. En Suisse, environ 2700 personnes sont atteintes chaque ann\u00e9e d'un cancer noir de la peau et environ 330 en meurent. C'est pourquoi il faut absolument appliquer une protection solaire pour la plage et les bains de mer.<\/p>\n<p><strong>Faites comme les autochtones - offrez-vous une sieste<br \/>\n<\/strong>Dans les pays d'Europe du Sud, la sieste est une pratique courante. Une pause \u00e0 l'ombre pendant l'heure de midi (11 \u00e0 15 heures) est particuli\u00e8rement judicieuse du point de vue de la protection solaire, car c'est pendant cette p\u00e9riode que pr\u00e8s des deux tiers des rayons UV quotidiens atteignent la surface de la terre. Les personnes qui font une excursion malgr\u00e9 la chaleur de midi devraient absolument se prot\u00e9ger avec des textiles, un chapeau, des lunettes de soleil et de la cr\u00e8me solaire.<\/p>\n<p><strong>Ce que propose la Ligue contre le cancer en mati\u00e8re de protection solaire<br \/>\n<\/strong>Pour que les vacances d'\u00e9t\u00e9 ne deviennent pas <a href=\"https:\/\/news.save.ch\/fr\/hautkrebsrisiko-steigt-auch-ohne-sonnenbrand\/\" target=\"_blank\" rel=\"noopener\">La saison des coups de soleil<\/a> Si vous avez besoin d'informations suppl\u00e9mentaires sur le cancer de la peau, diverses brochures et fiches d'information de la Ligue contre le cancer vous renseigneront en d\u00e9tail sur la protection solaire et le cancer de la peau.<\/p>\n<p><strong>Plus d'infos<\/strong><\/p>\n<p><a href=\"https:\/\/www.krebsliga.ch\/krebs-vorbeugen\/gesunder-lebensstil\/vor-der-sonne-schuetzen\/\" target=\"_blank\" rel=\"noopener\">www.krebsliga.ch<\/a><\/p>","protected":false},"excerpt":{"rendered":"<p>In s\u00fcdlichen L\u00e4ndern und in den Bergen ist die UV-Belastung st\u00e4rker als im Schweizer Mittelland. Die Intensit\u00e4t der UV-Strahlung variiert jedoch auch saisonal in ihrer St\u00e4rke. W\u00e4hrend den Monaten Mai bis August erreicht sie ihren H\u00f6hepunkt. Gewisse Oberfl\u00e4chen wie beispielsweise Wasser reflektieren die Strahlen und intensivieren ihre St\u00e4rke. Sowohl die UVA- wie auch die UVB-Strahlung [&hellip;]<\/p>\n","protected":false},"author":1,"featured_media":4422,"comment_status":"open","ping_status":"open","sticky":false,"template":"","format":"standard","meta":{"_acf_changed":false,"pgc_sgb_lightbox_settings":"","footnotes":""},"categories":[1,3314],"tags":[149,2218,141,310,2949,2950,2953,68,3153],"class_list":["post-16920","post","type-post","status-publish","format-standard","has-post-thumbnail","hentry","category-allgemein","category-health-safety","tag-gesundheitsschutz","tag-hautkrebs","tag-praevention","tag-sicherheit","tag-sonne","tag-sonnenbrand","tag-sonnenschutz","tag-tipps-und-tricks","tag-uv-belastung"],"acf":[],"hkrextid":null,"publication":null,"issue":null,"workflow":null,"startPage":null,"spitzmarke":null,"_posts_by_tag_page_fields":{"widget_title":"","widget_tags":""},"_at_widget":"1","_yoast_wpseo_primary_category":"4","_yoast_wpseo_focuskw_text_input":"Hautkrebs","_yoast_wpseo_opengraph-image":null,"_yoast_wpseo_opengraph-description":null,"_yoast_wpseo_opengraph-title":null,"enclosure":null,"_yoast_wpseo_twitter-title":null,"_yoast_wpseo_twitter-description":null,"_yoast_wpseo_twitter-image":null,"_wp_old_slug":null,"_yoast_wpseo_title":null,"_yoast_wpseo_canonical":null,"yoast_head":"<!-- This site is optimized with the Yoast SEO plugin v27.4 - https:\/\/yoast.com\/product\/yoast-seo-wordpress\/ -->\n<title>Sommerferien = Sonnenbrand? - Save<\/title>\n<meta name=\"description\" content=\"Endlich sind die Sommermonate gekommen. Viele Schweizerinnen und Schweizer verreisen ans Meer.\" \/>\n<meta name=\"robots\" content=\"index, follow, max-snippet:-1, max-image-preview:large, max-video-preview:-1\" \/>\n<link rel=\"canonical\" href=\"https:\/\/news.save.ch\/fr\/sommerferien-sonnenbrand\/\" \/>\n<meta property=\"og:locale\" content=\"fr_FR\" \/>\n<meta property=\"og:type\" content=\"article\" \/>\n<meta property=\"og:title\" content=\"Sommerferien = Sonnenbrand? - Save\" \/>\n<meta property=\"og:description\" content=\"Endlich sind die Sommermonate gekommen. Viele Schweizerinnen und Schweizer verreisen ans Meer.\" \/>\n<meta property=\"og:url\" content=\"https:\/\/news.save.ch\/fr\/sommerferien-sonnenbrand\/\" \/>\n<meta property=\"og:site_name\" content=\"Save\" \/>\n<meta property=\"article:published_time\" content=\"2019-07-28T06:00:36+00:00\" \/>\n<meta property=\"article:modified_time\" content=\"2023-03-14T08:03:58+00:00\" \/>\n<meta property=\"og:image\" content=\"https:\/\/news.save.ch\/wp-content\/uploads\/2019\/07\/Depositphotos_haveseen-scaled-1.jpg\" \/>\n\t<meta property=\"og:image:width\" content=\"1200\" \/>\n\t<meta property=\"og:image:height\" content=\"791\" \/>\n\t<meta property=\"og:image:type\" content=\"image\/jpeg\" \/>\n<meta name=\"author\" content=\"admin\" \/>\n<meta name=\"twitter:card\" content=\"summary_large_image\" \/>\n<meta name=\"twitter:label1\" content=\"\u00c9crit par\" \/>\n\t<meta name=\"twitter:data1\" content=\"admin\" \/>\n\t<meta name=\"twitter:label2\" content=\"Dur\u00e9e de lecture estim\u00e9e\" \/>\n\t<meta name=\"twitter:data2\" content=\"1 minute\" \/>\n<script type=\"application\/ld+json\" class=\"yoast-schema-graph\">{\"@context\":\"https:\\\/\\\/schema.org\",\"@graph\":[{\"@type\":\"Article\",\"@id\":\"https:\\\/\\\/news.save.ch\\\/sommerferien-sonnenbrand\\\/#article\",\"isPartOf\":{\"@id\":\"https:\\\/\\\/news.save.ch\\\/sommerferien-sonnenbrand\\\/\"},\"author\":{\"name\":\"admin\",\"@id\":\"https:\\\/\\\/news.save.ch\\\/de\\\/#\\\/schema\\\/person\\\/d49e199490bad7c70d64b9ab51142f2b\"},\"headline\":\"Sommerferien = Sonnenbrand?\",\"datePublished\":\"2019-07-28T06:00:36+00:00\",\"dateModified\":\"2023-03-14T08:03:58+00:00\",\"mainEntityOfPage\":{\"@id\":\"https:\\\/\\\/news.save.ch\\\/sommerferien-sonnenbrand\\\/\"},\"wordCount\":254,\"commentCount\":0,\"publisher\":{\"@id\":\"https:\\\/\\\/news.save.ch\\\/de\\\/#organization\"},\"image\":{\"@id\":\"https:\\\/\\\/news.save.ch\\\/sommerferien-sonnenbrand\\\/#primaryimage\"},\"thumbnailUrl\":\"https:\\\/\\\/news.save.ch\\\/wp-content\\\/uploads\\\/2019\\\/07\\\/Depositphotos_haveseen-scaled-1.jpg\",\"keywords\":[\"Gesundheitsschutz\",\"Hautkrebs\",\"Pr\u00e4vention\",\"Sicherheit\",\"Sonne\",\"Sonnenbrand\",\"Sonnenschutz\",\"Tipps und Tricks\",\"UV-Belastung\"],\"articleSection\":[\"ALLGEMEIN\",\"HEALTH &amp; SAFETY\"],\"inLanguage\":\"fr-FR\"},{\"@type\":\"WebPage\",\"@id\":\"https:\\\/\\\/news.save.ch\\\/sommerferien-sonnenbrand\\\/\",\"url\":\"https:\\\/\\\/news.save.ch\\\/sommerferien-sonnenbrand\\\/\",\"name\":\"Sommerferien = Sonnenbrand? - Save\",\"isPartOf\":{\"@id\":\"https:\\\/\\\/news.save.ch\\\/de\\\/#website\"},\"primaryImageOfPage\":{\"@id\":\"https:\\\/\\\/news.save.ch\\\/sommerferien-sonnenbrand\\\/#primaryimage\"},\"image\":{\"@id\":\"https:\\\/\\\/news.save.ch\\\/sommerferien-sonnenbrand\\\/#primaryimage\"},\"thumbnailUrl\":\"https:\\\/\\\/news.save.ch\\\/wp-content\\\/uploads\\\/2019\\\/07\\\/Depositphotos_haveseen-scaled-1.jpg\",\"datePublished\":\"2019-07-28T06:00:36+00:00\",\"dateModified\":\"2023-03-14T08:03:58+00:00\",\"description\":\"Endlich sind die Sommermonate gekommen. Viele Schweizerinnen und Schweizer verreisen ans Meer.\",\"breadcrumb\":{\"@id\":\"https:\\\/\\\/news.save.ch\\\/sommerferien-sonnenbrand\\\/#breadcrumb\"},\"inLanguage\":\"fr-FR\",\"potentialAction\":[{\"@type\":\"ReadAction\",\"target\":[\"https:\\\/\\\/news.save.ch\\\/sommerferien-sonnenbrand\\\/\"]}]},{\"@type\":\"ImageObject\",\"inLanguage\":\"fr-FR\",\"@id\":\"https:\\\/\\\/news.save.ch\\\/sommerferien-sonnenbrand\\\/#primaryimage\",\"url\":\"https:\\\/\\\/news.save.ch\\\/wp-content\\\/uploads\\\/2019\\\/07\\\/Depositphotos_haveseen-scaled-1.jpg\",\"contentUrl\":\"https:\\\/\\\/news.save.ch\\\/wp-content\\\/uploads\\\/2019\\\/07\\\/Depositphotos_haveseen-scaled-1.jpg\",\"width\":1200,\"height\":791,\"caption\":\"In s\u00fcdlichen L\u00e4ndern und in den Bergen ist die UV-Belastung st\u00e4rker als im Schweizer Mittelland. \u00a9Depositphotos\\\/haveseen\"},{\"@type\":\"BreadcrumbList\",\"@id\":\"https:\\\/\\\/news.save.ch\\\/sommerferien-sonnenbrand\\\/#breadcrumb\",\"itemListElement\":[{\"@type\":\"ListItem\",\"position\":1,\"name\":\"Home\",\"item\":\"https:\\\/\\\/news.save.ch\\\/de\\\/\"},{\"@type\":\"ListItem\",\"position\":2,\"name\":\"Sommerferien = Sonnenbrand?\"}]},{\"@type\":\"WebSite\",\"@id\":\"https:\\\/\\\/news.save.ch\\\/de\\\/#website\",\"url\":\"https:\\\/\\\/news.save.ch\\\/de\\\/\",\"name\":\"Save\",\"description\":\"Schweizer Fachzeitschrift f\u00fcr Sicherheit\",\"publisher\":{\"@id\":\"https:\\\/\\\/news.save.ch\\\/de\\\/#organization\"},\"potentialAction\":[{\"@type\":\"SearchAction\",\"target\":{\"@type\":\"EntryPoint\",\"urlTemplate\":\"https:\\\/\\\/news.save.ch\\\/de\\\/?s={search_term_string}\"},\"query-input\":{\"@type\":\"PropertyValueSpecification\",\"valueRequired\":true,\"valueName\":\"search_term_string\"}}],\"inLanguage\":\"fr-FR\"},{\"@type\":\"Organization\",\"@id\":\"https:\\\/\\\/news.save.ch\\\/de\\\/#organization\",\"name\":\"Sicherheitsforum\",\"url\":\"https:\\\/\\\/news.save.ch\\\/de\\\/\",\"logo\":{\"@type\":\"ImageObject\",\"inLanguage\":\"fr-FR\",\"@id\":\"https:\\\/\\\/news.save.ch\\\/de\\\/#\\\/schema\\\/logo\\\/image\\\/\",\"url\":\"https:\\\/\\\/news.save.ch\\\/wp-content\\\/uploads\\\/2022\\\/06\\\/Logo_SF_2012.png\",\"contentUrl\":\"https:\\\/\\\/news.save.ch\\\/wp-content\\\/uploads\\\/2022\\\/06\\\/Logo_SF_2012.png\",\"width\":1100,\"height\":91,\"caption\":\"Sicherheitsforum\"},\"image\":{\"@id\":\"https:\\\/\\\/news.save.ch\\\/de\\\/#\\\/schema\\\/logo\\\/image\\\/\"}},{\"@type\":\"Person\",\"@id\":\"https:\\\/\\\/news.save.ch\\\/de\\\/#\\\/schema\\\/person\\\/d49e199490bad7c70d64b9ab51142f2b\",\"name\":\"admin\",\"image\":{\"@type\":\"ImageObject\",\"inLanguage\":\"fr-FR\",\"@id\":\"https:\\\/\\\/secure.gravatar.com\\\/avatar\\\/ae2f4d718e6c49043e314ce431e7e645d646302a24a5ef5a8bc8e3f5a032e319?s=96&d=mm&r=g\",\"url\":\"https:\\\/\\\/secure.gravatar.com\\\/avatar\\\/ae2f4d718e6c49043e314ce431e7e645d646302a24a5ef5a8bc8e3f5a032e319?s=96&d=mm&r=g\",\"contentUrl\":\"https:\\\/\\\/secure.gravatar.com\\\/avatar\\\/ae2f4d718e6c49043e314ce431e7e645d646302a24a5ef5a8bc8e3f5a032e319?s=96&d=mm&r=g\",\"caption\":\"admin\"},\"sameAs\":[\"https:\\\/\\\/develop.organisator.galledia.ch\"],\"url\":\"https:\\\/\\\/news.save.ch\\\/fr\\\/author\\\/admin\\\/\"}]}<\/script>\n<!-- \/ Yoast SEO plugin. -->","yoast_head_json":{"title":"Vacances d'\u00e9t\u00e9 = coups de soleil ? - Save","description":"Les mois d'\u00e9t\u00e9 sont enfin arriv\u00e9s. De nombreux Suisses partent en vacances au bord de la mer.","robots":{"index":"index","follow":"follow","max-snippet":"max-snippet:-1","max-image-preview":"max-image-preview:large","max-video-preview":"max-video-preview:-1"},"canonical":"https:\/\/news.save.ch\/fr\/sommerferien-sonnenbrand\/","og_locale":"fr_FR","og_type":"article","og_title":"Sommerferien = Sonnenbrand? - Save","og_description":"Endlich sind die Sommermonate gekommen. Viele Schweizerinnen und Schweizer verreisen ans Meer.","og_url":"https:\/\/news.save.ch\/fr\/sommerferien-sonnenbrand\/","og_site_name":"Save","article_published_time":"2019-07-28T06:00:36+00:00","article_modified_time":"2023-03-14T08:03:58+00:00","og_image":[{"width":1200,"height":791,"url":"https:\/\/news.save.ch\/wp-content\/uploads\/2019\/07\/Depositphotos_haveseen-scaled-1.jpg","type":"image\/jpeg"}],"author":"admin","twitter_card":"summary_large_image","twitter_misc":{"\u00c9crit par":"admin","Dur\u00e9e de lecture estim\u00e9e":"1 minute"},"schema":{"@context":"https:\/\/schema.org","@graph":[{"@type":"Article","@id":"https:\/\/news.save.ch\/sommerferien-sonnenbrand\/#article","isPartOf":{"@id":"https:\/\/news.save.ch\/sommerferien-sonnenbrand\/"},"author":{"name":"admin","@id":"https:\/\/news.save.ch\/de\/#\/schema\/person\/d49e199490bad7c70d64b9ab51142f2b"},"headline":"Sommerferien = Sonnenbrand?","datePublished":"2019-07-28T06:00:36+00:00","dateModified":"2023-03-14T08:03:58+00:00","mainEntityOfPage":{"@id":"https:\/\/news.save.ch\/sommerferien-sonnenbrand\/"},"wordCount":254,"commentCount":0,"publisher":{"@id":"https:\/\/news.save.ch\/de\/#organization"},"image":{"@id":"https:\/\/news.save.ch\/sommerferien-sonnenbrand\/#primaryimage"},"thumbnailUrl":"https:\/\/news.save.ch\/wp-content\/uploads\/2019\/07\/Depositphotos_haveseen-scaled-1.jpg","keywords":["Gesundheitsschutz","Hautkrebs","Pr\u00e4vention","Sicherheit","Sonne","Sonnenbrand","Sonnenschutz","Tipps und Tricks","UV-Belastung"],"articleSection":["ALLGEMEIN","HEALTH &amp; SAFETY"],"inLanguage":"fr-FR"},{"@type":"WebPage","@id":"https:\/\/news.save.ch\/sommerferien-sonnenbrand\/","url":"https:\/\/news.save.ch\/sommerferien-sonnenbrand\/","name":"Vacances d'\u00e9t\u00e9 = coups de soleil ? - Save","isPartOf":{"@id":"https:\/\/news.save.ch\/de\/#website"},"primaryImageOfPage":{"@id":"https:\/\/news.save.ch\/sommerferien-sonnenbrand\/#primaryimage"},"image":{"@id":"https:\/\/news.save.ch\/sommerferien-sonnenbrand\/#primaryimage"},"thumbnailUrl":"https:\/\/news.save.ch\/wp-content\/uploads\/2019\/07\/Depositphotos_haveseen-scaled-1.jpg","datePublished":"2019-07-28T06:00:36+00:00","dateModified":"2023-03-14T08:03:58+00:00","description":"Les mois d'\u00e9t\u00e9 sont enfin arriv\u00e9s. De nombreux Suisses partent en vacances au bord de la mer.","breadcrumb":{"@id":"https:\/\/news.save.ch\/sommerferien-sonnenbrand\/#breadcrumb"},"inLanguage":"fr-FR","potentialAction":[{"@type":"ReadAction","target":["https:\/\/news.save.ch\/sommerferien-sonnenbrand\/"]}]},{"@type":"ImageObject","inLanguage":"fr-FR","@id":"https:\/\/news.save.ch\/sommerferien-sonnenbrand\/#primaryimage","url":"https:\/\/news.save.ch\/wp-content\/uploads\/2019\/07\/Depositphotos_haveseen-scaled-1.jpg","contentUrl":"https:\/\/news.save.ch\/wp-content\/uploads\/2019\/07\/Depositphotos_haveseen-scaled-1.jpg","width":1200,"height":791,"caption":"In s\u00fcdlichen L\u00e4ndern und in den Bergen ist die UV-Belastung st\u00e4rker als im Schweizer Mittelland. \u00a9Depositphotos\/haveseen"},{"@type":"BreadcrumbList","@id":"https:\/\/news.save.ch\/sommerferien-sonnenbrand\/#breadcrumb","itemListElement":[{"@type":"ListItem","position":1,"name":"Home","item":"https:\/\/news.save.ch\/de\/"},{"@type":"ListItem","position":2,"name":"Sommerferien = Sonnenbrand?"}]},{"@type":"WebSite","@id":"https:\/\/news.save.ch\/de\/#website","url":"https:\/\/news.save.ch\/de\/","name":"Save","description":"Revue suisse sp\u00e9cialis\u00e9e dans la s\u00e9curit\u00e9","publisher":{"@id":"https:\/\/news.save.ch\/de\/#organization"},"potentialAction":[{"@type":"SearchAction","target":{"@type":"EntryPoint","urlTemplate":"https:\/\/news.save.ch\/de\/?s={search_term_string}"},"query-input":{"@type":"PropertyValueSpecification","valueRequired":true,"valueName":"search_term_string"}}],"inLanguage":"fr-FR"},{"@type":"Organization","@id":"https:\/\/news.save.ch\/de\/#organization","name":"Forum sur la s\u00e9curit\u00e9","url":"https:\/\/news.save.ch\/de\/","logo":{"@type":"ImageObject","inLanguage":"fr-FR","@id":"https:\/\/news.save.ch\/de\/#\/schema\/logo\/image\/","url":"https:\/\/news.save.ch\/wp-content\/uploads\/2022\/06\/Logo_SF_2012.png","contentUrl":"https:\/\/news.save.ch\/wp-content\/uploads\/2022\/06\/Logo_SF_2012.png","width":1100,"height":91,"caption":"Sicherheitsforum"},"image":{"@id":"https:\/\/news.save.ch\/de\/#\/schema\/logo\/image\/"}},{"@type":"Person","@id":"https:\/\/news.save.ch\/de\/#\/schema\/person\/d49e199490bad7c70d64b9ab51142f2b","name":"admin","image":{"@type":"ImageObject","inLanguage":"fr-FR","@id":"https:\/\/secure.gravatar.com\/avatar\/ae2f4d718e6c49043e314ce431e7e645d646302a24a5ef5a8bc8e3f5a032e319?s=96&d=mm&r=g","url":"https:\/\/secure.gravatar.com\/avatar\/ae2f4d718e6c49043e314ce431e7e645d646302a24a5ef5a8bc8e3f5a032e319?s=96&d=mm&r=g","contentUrl":"https:\/\/secure.gravatar.com\/avatar\/ae2f4d718e6c49043e314ce431e7e645d646302a24a5ef5a8bc8e3f5a032e319?s=96&d=mm&r=g","caption":"admin"},"sameAs":["https:\/\/develop.organisator.galledia.ch"],"url":"https:\/\/news.save.ch\/fr\/author\/admin\/"}]}},"_links":{"self":[{"href":"https:\/\/news.save.ch\/fr\/wp-json\/wp\/v2\/posts\/16920","targetHints":{"allow":["GET"]}}],"collection":[{"href":"https:\/\/news.save.ch\/fr\/wp-json\/wp\/v2\/posts"}],"about":[{"href":"https:\/\/news.save.ch\/fr\/wp-json\/wp\/v2\/types\/post"}],"author":[{"embeddable":true,"href":"https:\/\/news.save.ch\/fr\/wp-json\/wp\/v2\/users\/1"}],"replies":[{"embeddable":true,"href":"https:\/\/news.save.ch\/fr\/wp-json\/wp\/v2\/comments?post=16920"}],"version-history":[{"count":1,"href":"https:\/\/news.save.ch\/fr\/wp-json\/wp\/v2\/posts\/16920\/revisions"}],"predecessor-version":[{"id":18648,"href":"https:\/\/news.save.ch\/fr\/wp-json\/wp\/v2\/posts\/16920\/revisions\/18648"}],"wp:featuredmedia":[{"embeddable":true,"href":"https:\/\/news.save.ch\/fr\/wp-json\/wp\/v2\/media\/4422"}],"wp:attachment":[{"href":"https:\/\/news.save.ch\/fr\/wp-json\/wp\/v2\/media?parent=16920"}],"wp:term":[{"taxonomy":"category","embeddable":true,"href":"https:\/\/news.save.ch\/fr\/wp-json\/wp\/v2\/categories?post=16920"},{"taxonomy":"post_tag","embeddable":true,"href":"https:\/\/news.save.ch\/fr\/wp-json\/wp\/v2\/tags?post=16920"}],"curies":[{"name":"wp","href":"https:\/\/api.w.org\/{rel}","templated":true}]}}