{"id":16946,"date":"2020-03-31T21:37:02","date_gmt":"2020-03-31T19:37:02","guid":{"rendered":"https:\/\/news.save.ch\/?p=5522"},"modified":"2023-03-14T09:03:49","modified_gmt":"2023-03-14T08:03:49","slug":"suva-neue-abteilungsleiterin-arbeitsmedizin","status":null,"type":"post","link":"https:\/\/news.save.ch\/fr\/suva-neue-abteilungsleiterin-arbeitsmedizin\/","title":{"rendered":"Suva : nouvelle responsable de la m\u00e9decine du travail"},"content":{"rendered":"<figure id=\"attachment_5523\" aria-describedby=\"caption-attachment-5523\" style=\"width: 680px\" class=\"wp-caption alignnone\"><img loading=\"lazy\" decoding=\"async\" class=\"size-medium wp-image-5523\" src=\"http:\/\/develop.safety-plus.ch\/wp-content\/uploads\/2020\/03\/04-FT-Anja_Zyska_Cherix.jpg\" alt=\"\" width=\"680\" height=\"453\" \/><figcaption id=\"caption-attachment-5523\" class=\"wp-caption-text\">Anja Zyska travaille depuis 2018 comme m\u00e9decin du travail \u00e0 la Suva. Parall\u00e8lement, elle a travaill\u00e9 comme m\u00e9decin du travail ind\u00e9pendante et s'est occup\u00e9e de plusieurs maisons de retraite ainsi que de la commission de s\u00e9curit\u00e9 au travail IKAS.<br \/>SUVA<\/figcaption><\/figure>\n<p>Anja Zyska travaille depuis 2018 comme m\u00e9decin du travail \u00e0 la Suva. Parall\u00e8lement, elle a travaill\u00e9 comme m\u00e9decin du travail ind\u00e9pendante et s'est occup\u00e9e de plusieurs maisons de retraite ainsi que de la commission de s\u00e9curit\u00e9 au travail IKAS de l'Arodems pour les questions de m\u00e9decine du travail. Elle est pr\u00e9sidente de l'Association suisse des m\u00e9decins-assistant(e)s et chef(fe)s de clinique depuis 2016 et membre de l'assembl\u00e9e des d\u00e9l\u00e9gu\u00e9s de la FMH, de la Chambre m\u00e9dicale et de diff\u00e9rents comit\u00e9s depuis 2015. Elle est m\u00e8re de quatre enfants et vit \u00e0 Lausanne.<\/p>\n<p>Apr\u00e8s des \u00e9tudes de m\u00e9decine en Allemagne et \u00e0 Lausanne, elle a commenc\u00e9 sa carri\u00e8re il y a 18 ans \u00e0 l'h\u00f4pital universitaire de Lausanne (CHUV) et a travaill\u00e9 comme m\u00e9decin-assistante dans le cadre de sa formation postgradu\u00e9e en m\u00e9decine interne g\u00e9n\u00e9rale et en m\u00e9decine du travail dans diff\u00e9rentes cliniques. Anja Zyska a obtenu son doctorat \u00e0 l'Universit\u00e9 de Lausanne en 2014, son titre de sp\u00e9cialiste en m\u00e9decine interne en 2015 et un titre suppl\u00e9mentaire de sp\u00e9cialiste en m\u00e9decine du travail en 2016.<\/p>\n<p>\"Avec Anja Zyska, nous gagnons une sp\u00e9cialiste respect\u00e9e avec une longue exp\u00e9rience dans la m\u00e9decine du travail et le travail associatif\", d\u00e9clare <a href=\"https:\/\/news.save.ch\/fr\/eine-neue-leiterin-in-die-geschaeftsleitung-der-suva\/\" target=\"_blank\" rel=\"noopener\">Edith M\u00fcller Loretz<\/a>, membre de la direction.<\/p>\n<p>Cette femme de 48 ans succ\u00e8de \u00e0 Claudia Pletscher, qui prend une retraite anticip\u00e9e apr\u00e8s avoir travaill\u00e9 une vingtaine d'ann\u00e9es \u00e0 la Suva. Anja Zyska prendra officiellement ses nouvelles fonctions le 1er juin 2020.<\/p>\n<p>Texte : <a href=\"http:\/\/www.suva.ch\" target=\"_blank\" rel=\"noopener\">Suva<\/a><\/p>","protected":false},"excerpt":{"rendered":"<p>Anja Zyska arbeitet seit 2018 als Arbeitsmedizinerin in der Suva. Parallel war sie t\u00e4tig als selbst\u00e4ndige Arbeitsmedizinerin und betreute mehrere Altersheime sowie die Arbeitssicherheitskommission IKAS der Arodems in arbeitsmedizinischen Fragen. Sie ist seit 2016 Pr\u00e4sidentin des Verbands Schweizerischer Assistenz- und Ober\u00e4rztinnen und -\u00e4rzte und seit 2015 Mitglied der Delegiertenversammlung der FMH, der \u00c4rztekammer und verschiedener [&hellip;]<\/p>\n","protected":false},"author":1,"featured_media":5523,"comment_status":"closed","ping_status":"closed","sticky":false,"template":"","format":"standard","meta":{"_acf_changed":false,"pgc_sgb_lightbox_settings":"","footnotes":""},"categories":[1,3314],"tags":[1635,2285,2438,167,3146,3174],"class_list":["post-16946","post","type-post","status-publish","format-standard","has-post-thumbnail","hentry","category-allgemein","category-health-safety","tag-anja-zyska","tag-ikas","tag-lausanner-universitaetsspital-chuv","tag-suva","tag-universitaet-lausanne","tag-verband-schweizerischer-assistenz-und-oberaerztinnen-und-aerzte"],"acf":[],"hkrextid":null,"publication":null,"issue":null,"workflow":null,"startPage":null,"spitzmarke":null,"_posts_by_tag_page_fields":{"widget_title":"","widget_tags":""},"_at_widget":"1","_yoast_wpseo_primary_category":"2","_yoast_wpseo_focuskw_text_input":"Suva","_yoast_wpseo_opengraph-image":null,"_yoast_wpseo_opengraph-description":null,"_yoast_wpseo_opengraph-title":null,"enclosure":null,"_yoast_wpseo_twitter-title":null,"_yoast_wpseo_twitter-description":null,"_yoast_wpseo_twitter-image":null,"_wp_old_slug":null,"_yoast_wpseo_title":null,"_yoast_wpseo_canonical":null,"yoast_head":"<!-- This site is optimized with the Yoast SEO plugin v27.4 - https:\/\/yoast.com\/product\/yoast-seo-wordpress\/ -->\n<title>Suva: neue Abteilungsleiterin Arbeitsmedizin - Save<\/title>\n<meta name=\"description\" content=\"Dr. Anja Zyska Cherix wurde zur neuen Abteilungsleiterin Arbeitsmedizin bei der Suva gew\u00e4hlt.\" \/>\n<meta name=\"robots\" content=\"index, follow, max-snippet:-1, max-image-preview:large, max-video-preview:-1\" \/>\n<link rel=\"canonical\" href=\"https:\/\/news.save.ch\/fr\/suva-neue-abteilungsleiterin-arbeitsmedizin\/\" \/>\n<meta property=\"og:locale\" content=\"fr_FR\" \/>\n<meta property=\"og:type\" content=\"article\" \/>\n<meta property=\"og:title\" content=\"Suva: neue Abteilungsleiterin Arbeitsmedizin - Save\" \/>\n<meta property=\"og:description\" content=\"Dr. Anja Zyska Cherix wurde zur neuen Abteilungsleiterin Arbeitsmedizin bei der Suva gew\u00e4hlt.\" \/>\n<meta property=\"og:url\" content=\"https:\/\/news.save.ch\/fr\/suva-neue-abteilungsleiterin-arbeitsmedizin\/\" \/>\n<meta property=\"og:site_name\" content=\"Save\" \/>\n<meta property=\"article:published_time\" content=\"2020-03-31T19:37:02+00:00\" \/>\n<meta property=\"article:modified_time\" content=\"2023-03-14T08:03:49+00:00\" \/>\n<meta property=\"og:image\" content=\"https:\/\/news.save.ch\/wp-content\/uploads\/2020\/03\/04-FT-Anja_Zyska_Cherix-scaled-1.jpg\" \/>\n\t<meta property=\"og:image:width\" content=\"1200\" \/>\n\t<meta property=\"og:image:height\" content=\"799\" \/>\n\t<meta property=\"og:image:type\" content=\"image\/jpeg\" \/>\n<meta name=\"author\" content=\"admin\" \/>\n<meta name=\"twitter:card\" content=\"summary_large_image\" \/>\n<meta name=\"twitter:label1\" content=\"\u00c9crit par\" \/>\n\t<meta name=\"twitter:data1\" content=\"admin\" \/>\n\t<meta name=\"twitter:label2\" content=\"Dur\u00e9e de lecture estim\u00e9e\" \/>\n\t<meta name=\"twitter:data2\" content=\"1 minute\" \/>\n<script type=\"application\/ld+json\" class=\"yoast-schema-graph\">{\"@context\":\"https:\\\/\\\/schema.org\",\"@graph\":[{\"@type\":\"Article\",\"@id\":\"https:\\\/\\\/news.save.ch\\\/suva-neue-abteilungsleiterin-arbeitsmedizin\\\/#article\",\"isPartOf\":{\"@id\":\"https:\\\/\\\/news.save.ch\\\/suva-neue-abteilungsleiterin-arbeitsmedizin\\\/\"},\"author\":{\"name\":\"admin\",\"@id\":\"https:\\\/\\\/news.save.ch\\\/de\\\/#\\\/schema\\\/person\\\/d49e199490bad7c70d64b9ab51142f2b\"},\"headline\":\"Suva: neue Abteilungsleiterin Arbeitsmedizin\",\"datePublished\":\"2020-03-31T19:37:02+00:00\",\"dateModified\":\"2023-03-14T08:03:49+00:00\",\"mainEntityOfPage\":{\"@id\":\"https:\\\/\\\/news.save.ch\\\/suva-neue-abteilungsleiterin-arbeitsmedizin\\\/\"},\"wordCount\":220,\"publisher\":{\"@id\":\"https:\\\/\\\/news.save.ch\\\/de\\\/#organization\"},\"image\":{\"@id\":\"https:\\\/\\\/news.save.ch\\\/suva-neue-abteilungsleiterin-arbeitsmedizin\\\/#primaryimage\"},\"thumbnailUrl\":\"https:\\\/\\\/news.save.ch\\\/wp-content\\\/uploads\\\/2020\\\/03\\\/04-FT-Anja_Zyska_Cherix-scaled-1.jpg\",\"keywords\":[\"Anja Zyska\",\"IKAS\",\"Lausanner Universit\u00e4tsspital CHUV\",\"SUVA\",\"Universit\u00e4t Lausanne\",\"Verband Schweizerischer Assistenz- und Ober\u00e4rztinnen und -\u00e4rzte\"],\"articleSection\":[\"ALLGEMEIN\",\"HEALTH &amp; SAFETY\"],\"inLanguage\":\"fr-FR\"},{\"@type\":\"WebPage\",\"@id\":\"https:\\\/\\\/news.save.ch\\\/suva-neue-abteilungsleiterin-arbeitsmedizin\\\/\",\"url\":\"https:\\\/\\\/news.save.ch\\\/suva-neue-abteilungsleiterin-arbeitsmedizin\\\/\",\"name\":\"Suva: neue Abteilungsleiterin Arbeitsmedizin - Save\",\"isPartOf\":{\"@id\":\"https:\\\/\\\/news.save.ch\\\/de\\\/#website\"},\"primaryImageOfPage\":{\"@id\":\"https:\\\/\\\/news.save.ch\\\/suva-neue-abteilungsleiterin-arbeitsmedizin\\\/#primaryimage\"},\"image\":{\"@id\":\"https:\\\/\\\/news.save.ch\\\/suva-neue-abteilungsleiterin-arbeitsmedizin\\\/#primaryimage\"},\"thumbnailUrl\":\"https:\\\/\\\/news.save.ch\\\/wp-content\\\/uploads\\\/2020\\\/03\\\/04-FT-Anja_Zyska_Cherix-scaled-1.jpg\",\"datePublished\":\"2020-03-31T19:37:02+00:00\",\"dateModified\":\"2023-03-14T08:03:49+00:00\",\"description\":\"Dr. Anja Zyska Cherix wurde zur neuen Abteilungsleiterin Arbeitsmedizin bei der Suva gew\u00e4hlt.\",\"breadcrumb\":{\"@id\":\"https:\\\/\\\/news.save.ch\\\/suva-neue-abteilungsleiterin-arbeitsmedizin\\\/#breadcrumb\"},\"inLanguage\":\"fr-FR\",\"potentialAction\":[{\"@type\":\"ReadAction\",\"target\":[\"https:\\\/\\\/news.save.ch\\\/suva-neue-abteilungsleiterin-arbeitsmedizin\\\/\"]}]},{\"@type\":\"ImageObject\",\"inLanguage\":\"fr-FR\",\"@id\":\"https:\\\/\\\/news.save.ch\\\/suva-neue-abteilungsleiterin-arbeitsmedizin\\\/#primaryimage\",\"url\":\"https:\\\/\\\/news.save.ch\\\/wp-content\\\/uploads\\\/2020\\\/03\\\/04-FT-Anja_Zyska_Cherix-scaled-1.jpg\",\"contentUrl\":\"https:\\\/\\\/news.save.ch\\\/wp-content\\\/uploads\\\/2020\\\/03\\\/04-FT-Anja_Zyska_Cherix-scaled-1.jpg\",\"width\":1200,\"height\":799,\"caption\":\"Anja Zyska arbeitet seit 2018 als Arbeitsmedizinerin in der Suva. Parallel war sie t\u00e4tig als selbst\u00e4ndige Arbeitsmedizinerin und betreute mehrere Altersheime sowie die Arbeitssicherheitskommission IKAS. \u00a9 SUVA\"},{\"@type\":\"BreadcrumbList\",\"@id\":\"https:\\\/\\\/news.save.ch\\\/suva-neue-abteilungsleiterin-arbeitsmedizin\\\/#breadcrumb\",\"itemListElement\":[{\"@type\":\"ListItem\",\"position\":1,\"name\":\"Home\",\"item\":\"https:\\\/\\\/news.save.ch\\\/de\\\/\"},{\"@type\":\"ListItem\",\"position\":2,\"name\":\"Suva: neue Abteilungsleiterin Arbeitsmedizin\"}]},{\"@type\":\"WebSite\",\"@id\":\"https:\\\/\\\/news.save.ch\\\/de\\\/#website\",\"url\":\"https:\\\/\\\/news.save.ch\\\/de\\\/\",\"name\":\"Save\",\"description\":\"Schweizer Fachzeitschrift f\u00fcr Sicherheit\",\"publisher\":{\"@id\":\"https:\\\/\\\/news.save.ch\\\/de\\\/#organization\"},\"potentialAction\":[{\"@type\":\"SearchAction\",\"target\":{\"@type\":\"EntryPoint\",\"urlTemplate\":\"https:\\\/\\\/news.save.ch\\\/de\\\/?s={search_term_string}\"},\"query-input\":{\"@type\":\"PropertyValueSpecification\",\"valueRequired\":true,\"valueName\":\"search_term_string\"}}],\"inLanguage\":\"fr-FR\"},{\"@type\":\"Organization\",\"@id\":\"https:\\\/\\\/news.save.ch\\\/de\\\/#organization\",\"name\":\"Sicherheitsforum\",\"url\":\"https:\\\/\\\/news.save.ch\\\/de\\\/\",\"logo\":{\"@type\":\"ImageObject\",\"inLanguage\":\"fr-FR\",\"@id\":\"https:\\\/\\\/news.save.ch\\\/de\\\/#\\\/schema\\\/logo\\\/image\\\/\",\"url\":\"https:\\\/\\\/news.save.ch\\\/wp-content\\\/uploads\\\/2022\\\/06\\\/Logo_SF_2012.png\",\"contentUrl\":\"https:\\\/\\\/news.save.ch\\\/wp-content\\\/uploads\\\/2022\\\/06\\\/Logo_SF_2012.png\",\"width\":1100,\"height\":91,\"caption\":\"Sicherheitsforum\"},\"image\":{\"@id\":\"https:\\\/\\\/news.save.ch\\\/de\\\/#\\\/schema\\\/logo\\\/image\\\/\"}},{\"@type\":\"Person\",\"@id\":\"https:\\\/\\\/news.save.ch\\\/de\\\/#\\\/schema\\\/person\\\/d49e199490bad7c70d64b9ab51142f2b\",\"name\":\"admin\",\"image\":{\"@type\":\"ImageObject\",\"inLanguage\":\"fr-FR\",\"@id\":\"https:\\\/\\\/secure.gravatar.com\\\/avatar\\\/ae2f4d718e6c49043e314ce431e7e645d646302a24a5ef5a8bc8e3f5a032e319?s=96&d=mm&r=g\",\"url\":\"https:\\\/\\\/secure.gravatar.com\\\/avatar\\\/ae2f4d718e6c49043e314ce431e7e645d646302a24a5ef5a8bc8e3f5a032e319?s=96&d=mm&r=g\",\"contentUrl\":\"https:\\\/\\\/secure.gravatar.com\\\/avatar\\\/ae2f4d718e6c49043e314ce431e7e645d646302a24a5ef5a8bc8e3f5a032e319?s=96&d=mm&r=g\",\"caption\":\"admin\"},\"sameAs\":[\"https:\\\/\\\/develop.organisator.galledia.ch\"],\"url\":\"https:\\\/\\\/news.save.ch\\\/fr\\\/author\\\/admin\\\/\"}]}<\/script>\n<!-- \/ Yoast SEO plugin. -->","yoast_head_json":{"title":"Suva : nouvelle responsable de la m\u00e9decine du travail - Save","description":"Le Dr Anja Zyska Cherix a \u00e9t\u00e9 nomm\u00e9e nouvelle responsable de la division M\u00e9decine du travail \u00e0 la Suva.","robots":{"index":"index","follow":"follow","max-snippet":"max-snippet:-1","max-image-preview":"max-image-preview:large","max-video-preview":"max-video-preview:-1"},"canonical":"https:\/\/news.save.ch\/fr\/suva-neue-abteilungsleiterin-arbeitsmedizin\/","og_locale":"fr_FR","og_type":"article","og_title":"Suva: neue Abteilungsleiterin Arbeitsmedizin - Save","og_description":"Dr. Anja Zyska Cherix wurde zur neuen Abteilungsleiterin Arbeitsmedizin bei der Suva gew\u00e4hlt.","og_url":"https:\/\/news.save.ch\/fr\/suva-neue-abteilungsleiterin-arbeitsmedizin\/","og_site_name":"Save","article_published_time":"2020-03-31T19:37:02+00:00","article_modified_time":"2023-03-14T08:03:49+00:00","og_image":[{"width":1200,"height":799,"url":"https:\/\/news.save.ch\/wp-content\/uploads\/2020\/03\/04-FT-Anja_Zyska_Cherix-scaled-1.jpg","type":"image\/jpeg"}],"author":"admin","twitter_card":"summary_large_image","twitter_misc":{"\u00c9crit par":"admin","Dur\u00e9e de lecture estim\u00e9e":"1 minute"},"schema":{"@context":"https:\/\/schema.org","@graph":[{"@type":"Article","@id":"https:\/\/news.save.ch\/suva-neue-abteilungsleiterin-arbeitsmedizin\/#article","isPartOf":{"@id":"https:\/\/news.save.ch\/suva-neue-abteilungsleiterin-arbeitsmedizin\/"},"author":{"name":"admin","@id":"https:\/\/news.save.ch\/de\/#\/schema\/person\/d49e199490bad7c70d64b9ab51142f2b"},"headline":"Suva: neue Abteilungsleiterin Arbeitsmedizin","datePublished":"2020-03-31T19:37:02+00:00","dateModified":"2023-03-14T08:03:49+00:00","mainEntityOfPage":{"@id":"https:\/\/news.save.ch\/suva-neue-abteilungsleiterin-arbeitsmedizin\/"},"wordCount":220,"publisher":{"@id":"https:\/\/news.save.ch\/de\/#organization"},"image":{"@id":"https:\/\/news.save.ch\/suva-neue-abteilungsleiterin-arbeitsmedizin\/#primaryimage"},"thumbnailUrl":"https:\/\/news.save.ch\/wp-content\/uploads\/2020\/03\/04-FT-Anja_Zyska_Cherix-scaled-1.jpg","keywords":["Anja Zyska","IKAS","Lausanner Universit\u00e4tsspital CHUV","SUVA","Universit\u00e4t Lausanne","Verband Schweizerischer Assistenz- und Ober\u00e4rztinnen und -\u00e4rzte"],"articleSection":["ALLGEMEIN","HEALTH &amp; SAFETY"],"inLanguage":"fr-FR"},{"@type":"WebPage","@id":"https:\/\/news.save.ch\/suva-neue-abteilungsleiterin-arbeitsmedizin\/","url":"https:\/\/news.save.ch\/suva-neue-abteilungsleiterin-arbeitsmedizin\/","name":"Suva : nouvelle responsable de la m\u00e9decine du travail - Save","isPartOf":{"@id":"https:\/\/news.save.ch\/de\/#website"},"primaryImageOfPage":{"@id":"https:\/\/news.save.ch\/suva-neue-abteilungsleiterin-arbeitsmedizin\/#primaryimage"},"image":{"@id":"https:\/\/news.save.ch\/suva-neue-abteilungsleiterin-arbeitsmedizin\/#primaryimage"},"thumbnailUrl":"https:\/\/news.save.ch\/wp-content\/uploads\/2020\/03\/04-FT-Anja_Zyska_Cherix-scaled-1.jpg","datePublished":"2020-03-31T19:37:02+00:00","dateModified":"2023-03-14T08:03:49+00:00","description":"Le Dr Anja Zyska Cherix a \u00e9t\u00e9 nomm\u00e9e nouvelle responsable de la division M\u00e9decine du travail \u00e0 la Suva.","breadcrumb":{"@id":"https:\/\/news.save.ch\/suva-neue-abteilungsleiterin-arbeitsmedizin\/#breadcrumb"},"inLanguage":"fr-FR","potentialAction":[{"@type":"ReadAction","target":["https:\/\/news.save.ch\/suva-neue-abteilungsleiterin-arbeitsmedizin\/"]}]},{"@type":"ImageObject","inLanguage":"fr-FR","@id":"https:\/\/news.save.ch\/suva-neue-abteilungsleiterin-arbeitsmedizin\/#primaryimage","url":"https:\/\/news.save.ch\/wp-content\/uploads\/2020\/03\/04-FT-Anja_Zyska_Cherix-scaled-1.jpg","contentUrl":"https:\/\/news.save.ch\/wp-content\/uploads\/2020\/03\/04-FT-Anja_Zyska_Cherix-scaled-1.jpg","width":1200,"height":799,"caption":"Anja Zyska arbeitet seit 2018 als Arbeitsmedizinerin in der Suva. Parallel war sie t\u00e4tig als selbst\u00e4ndige Arbeitsmedizinerin und betreute mehrere Altersheime sowie die Arbeitssicherheitskommission IKAS. \u00a9 SUVA"},{"@type":"BreadcrumbList","@id":"https:\/\/news.save.ch\/suva-neue-abteilungsleiterin-arbeitsmedizin\/#breadcrumb","itemListElement":[{"@type":"ListItem","position":1,"name":"Home","item":"https:\/\/news.save.ch\/de\/"},{"@type":"ListItem","position":2,"name":"Suva: neue Abteilungsleiterin Arbeitsmedizin"}]},{"@type":"WebSite","@id":"https:\/\/news.save.ch\/de\/#website","url":"https:\/\/news.save.ch\/de\/","name":"Save","description":"Revue suisse sp\u00e9cialis\u00e9e dans la s\u00e9curit\u00e9","publisher":{"@id":"https:\/\/news.save.ch\/de\/#organization"},"potentialAction":[{"@type":"SearchAction","target":{"@type":"EntryPoint","urlTemplate":"https:\/\/news.save.ch\/de\/?s={search_term_string}"},"query-input":{"@type":"PropertyValueSpecification","valueRequired":true,"valueName":"search_term_string"}}],"inLanguage":"fr-FR"},{"@type":"Organization","@id":"https:\/\/news.save.ch\/de\/#organization","name":"Forum sur la s\u00e9curit\u00e9","url":"https:\/\/news.save.ch\/de\/","logo":{"@type":"ImageObject","inLanguage":"fr-FR","@id":"https:\/\/news.save.ch\/de\/#\/schema\/logo\/image\/","url":"https:\/\/news.save.ch\/wp-content\/uploads\/2022\/06\/Logo_SF_2012.png","contentUrl":"https:\/\/news.save.ch\/wp-content\/uploads\/2022\/06\/Logo_SF_2012.png","width":1100,"height":91,"caption":"Sicherheitsforum"},"image":{"@id":"https:\/\/news.save.ch\/de\/#\/schema\/logo\/image\/"}},{"@type":"Person","@id":"https:\/\/news.save.ch\/de\/#\/schema\/person\/d49e199490bad7c70d64b9ab51142f2b","name":"admin","image":{"@type":"ImageObject","inLanguage":"fr-FR","@id":"https:\/\/secure.gravatar.com\/avatar\/ae2f4d718e6c49043e314ce431e7e645d646302a24a5ef5a8bc8e3f5a032e319?s=96&d=mm&r=g","url":"https:\/\/secure.gravatar.com\/avatar\/ae2f4d718e6c49043e314ce431e7e645d646302a24a5ef5a8bc8e3f5a032e319?s=96&d=mm&r=g","contentUrl":"https:\/\/secure.gravatar.com\/avatar\/ae2f4d718e6c49043e314ce431e7e645d646302a24a5ef5a8bc8e3f5a032e319?s=96&d=mm&r=g","caption":"admin"},"sameAs":["https:\/\/develop.organisator.galledia.ch"],"url":"https:\/\/news.save.ch\/fr\/author\/admin\/"}]}},"_links":{"self":[{"href":"https:\/\/news.save.ch\/fr\/wp-json\/wp\/v2\/posts\/16946","targetHints":{"allow":["GET"]}}],"collection":[{"href":"https:\/\/news.save.ch\/fr\/wp-json\/wp\/v2\/posts"}],"about":[{"href":"https:\/\/news.save.ch\/fr\/wp-json\/wp\/v2\/types\/post"}],"author":[{"embeddable":true,"href":"https:\/\/news.save.ch\/fr\/wp-json\/wp\/v2\/users\/1"}],"replies":[{"embeddable":true,"href":"https:\/\/news.save.ch\/fr\/wp-json\/wp\/v2\/comments?post=16946"}],"version-history":[{"count":1,"href":"https:\/\/news.save.ch\/fr\/wp-json\/wp\/v2\/posts\/16946\/revisions"}],"predecessor-version":[{"id":18602,"href":"https:\/\/news.save.ch\/fr\/wp-json\/wp\/v2\/posts\/16946\/revisions\/18602"}],"wp:featuredmedia":[{"embeddable":true,"href":"https:\/\/news.save.ch\/fr\/wp-json\/wp\/v2\/media\/5523"}],"wp:attachment":[{"href":"https:\/\/news.save.ch\/fr\/wp-json\/wp\/v2\/media?parent=16946"}],"wp:term":[{"taxonomy":"category","embeddable":true,"href":"https:\/\/news.save.ch\/fr\/wp-json\/wp\/v2\/categories?post=16946"},{"taxonomy":"post_tag","embeddable":true,"href":"https:\/\/news.save.ch\/fr\/wp-json\/wp\/v2\/tags?post=16946"}],"curies":[{"name":"wp","href":"https:\/\/api.w.org\/{rel}","templated":true}]}}