{"id":17005,"date":"2021-05-27T16:57:11","date_gmt":"2021-05-27T14:57:11","guid":{"rendered":"https:\/\/news.save.ch\/?p=7222"},"modified":"2023-07-19T06:23:39","modified_gmt":"2023-07-19T04:23:39","slug":"arbeitssicherheit-aus-unfaellen-lernen-und-konsequenzen-ziehen","status":null,"type":"post","link":"https:\/\/news.save.ch\/fr\/arbeitssicherheit-aus-unfaellen-lernen-und-konsequenzen-ziehen\/","title":{"rendered":"S\u00e9curit\u00e9 au travail - apprendre des accidents et en tirer les cons\u00e9quences"},"content":{"rendered":"<figure id=\"attachment_1447\" aria-describedby=\"caption-attachment-1447\" style=\"width: 680px\" class=\"wp-caption alignnone\"><img loading=\"lazy\" decoding=\"async\" class=\"wp-image-1447 size-medium\" src=\"http:\/\/develop.safety-plus.ch\/wp-content\/uploads\/2017\/02\/Depositphotos_31439787_l-2015.jpg\" alt=\"Accidents professionnels\" width=\"680\" height=\"454\" \/><figcaption id=\"caption-attachment-1447\" class=\"wp-caption-text\">De nouveau moins d'accidents du travail l'ann\u00e9e derni\u00e8re.<\/figcaption><\/figure>\n<p>Comme pr\u00e9vu, le nombre d'accidents du travail a diminu\u00e9 en 2020 en raison de la maladie de Corona. La r\u00e9duction de l'amplitude des mouvements a entra\u00een\u00e9 une diminution g\u00e9n\u00e9rale des accidents du travail.<br \/>\naccidents.<\/p>\n<p>Il y a donc aussi quelque chose de positif \u00e0 retirer de la coronapand\u00e9mie. En revanche, l'ann\u00e9e pr\u00e9c\u00e9dente \"normale\" pr\u00e9sente une image nettement diff\u00e9rente. Les 27 assureurs-accidents de Suisse ont d\u00e9clar\u00e9 plus de 860 000 accidents dans le cadre du travail et des loisirs de personnes employ\u00e9es ou en recherche d'emploi pour l'ann\u00e9e 2019. Par rapport \u00e0 2018, cela repr\u00e9sente une augmentation de 1,5 %. (Source : statistique des accidents LAA 2020).<\/p>\n<p>En 2020, il y a certes eu 9,8 % d'accidents du travail en moins. C'est surtout apr\u00e8s le lockdown \u00e0 partir de la mi-mars 2020 que le nombre d'accidents a fortement diminu\u00e9. La Suva a ensuite enregistr\u00e9 presque deux fois moins d'accidents que l'ann\u00e9e pr\u00e9c\u00e9dente. La plus forte baisse des accidents professionnels a \u00e9t\u00e9 enregistr\u00e9e dans l'aviation, avec un recul de 54 pour cent. Comme nous l'avons d\u00e9j\u00e0 mentionn\u00e9, tout est directement li\u00e9 \u00e0 la pand\u00e9mie et \u00e0 la diminution du travail. Les ann\u00e9es pr\u00e9c\u00e9dentes, la situation \u00e9tait compl\u00e8tement diff\u00e9rente avec un nombre de cas en hausse, y compris d'un point de vue financier. Tous les assureurs-accidents r\u00e9unis ont vers\u00e9, rien qu'en 2018, environ cinq milliards de francs en frais m\u00e9dicaux, indemnit\u00e9s journali\u00e8res ou rentes d'invalidit\u00e9.<\/p>\n<p>Les accidents co\u00fbtent cher et mobilisent beaucoup de ressources... C'est bien connu. Comment donc \u00e9viter les accidents dans le quotidien professionnel ? O\u00f9 actionnons-nous le levier de la pr\u00e9vention ? Quelles mesures de l'ASGS sont efficaces ? Agir plut\u00f4t que r\u00e9agir est la r\u00e8gle. Car avant d'agir, il ne faut pas n\u00e9cessairement qu'il se soit pass\u00e9 quelque chose. Et si c'\u00e9tait le cas ? Comment tirer les le\u00e7ons des accidents et prendre ainsi conscience de la n\u00e9cessit\u00e9 d'un travail sain et s\u00fbr ? O\u00f9 les \u00e9conomies sont-elles d\u00e9plac\u00e9es malgr\u00e9 la pression \u00e9conomique ? Le congr\u00e8s actuel r\u00e9v\u00e8le et donne des r\u00e9ponses \u00e0 ces questions et \u00e0 d'autres.<\/p>\n<p>Pour plus d'informations et le programme complet de la conf\u00e9rence, voir :<br \/>\n<a href=\"https:\/\/save.ch\/event\/arbeitssicherheit-aus-unfaellen-lernen-und-konsequenzen-ziehen\/\" target=\"_blank\" rel=\"noopener\">save.ch\/event\/s\u00e9curit\u00e9-au-travail-apprendre-des-accidents-et-tirer-des-cons\u00e9quences <\/a><\/p>\n<p>Source : <a href=\"http:\/\/save.ch\">Save AG<\/a> - une entreprise du groupe Galledia<\/p>","protected":false},"excerpt":{"rendered":"<p>Coronabedingt waren die Zahlen von Berufsunf\u00e4llen f\u00fcr das Jahr 2020 wie erwartet r\u00fcckl\u00e4ufig. Durch den eingeschr\u00e4nkten Bewegungsradius kam es allgemein zu weniger Unf\u00e4llen. Der Coronapandemie ist somit auch etwas Positives abzugewinnen. Das \u00abnormale\u00bb Vorjahr hingegen zeigt ein deutlich anderes Bild. Die 27 Unfallversicherer in der Schweiz meldeten f\u00fcr das Jahr 2019 \u00fcber 860&#8217;000 Unf\u00e4lle in [&hellip;]<\/p>\n","protected":false},"author":9,"featured_media":16175,"comment_status":"closed","ping_status":"closed","sticky":false,"template":"","format":"standard","meta":{"_acf_changed":false,"pgc_sgb_lightbox_settings":"","footnotes":""},"categories":[3314],"tags":[5514,1768,3571,141,3940,160],"class_list":["post-17005","post","type-post","status-publish","format-standard","has-post-thumbnail","hentry","category-health-safety","tag-asgs-massnahmen","tag-berufsunfaelle","tag-coronapandemie","tag-praevention","tag-unfallversicherer","tag-veranstaltungen"],"acf":[],"hkrextid":null,"publication":null,"issue":null,"workflow":null,"startPage":null,"spitzmarke":null,"_posts_by_tag_page_fields":{"widget_title":"","widget_tags":""},"_at_widget":"1","_yoast_wpseo_primary_category":"","_yoast_wpseo_focuskw_text_input":null,"_yoast_wpseo_opengraph-image":null,"_yoast_wpseo_opengraph-description":null,"_yoast_wpseo_opengraph-title":null,"enclosure":null,"_yoast_wpseo_twitter-title":null,"_yoast_wpseo_twitter-description":null,"_yoast_wpseo_twitter-image":null,"_wp_old_slug":null,"_yoast_wpseo_title":null,"_yoast_wpseo_canonical":null,"yoast_head":"<!-- This site is optimized with the Yoast SEO plugin v27.4 - https:\/\/yoast.com\/product\/yoast-seo-wordpress\/ -->\n<title>Arbeitssicherheit \u2013 aus Unf\u00e4llen lernen und Konsequenzen ziehen - Save<\/title>\n<meta name=\"description\" content=\"\u00abVom Unfall zum Bewusstsein\u00bb lautet das Motto der SAVE-Tagung vom 9. September. Patronatspartner dieser SGAS-anerkannten Weiterbildung ist der Branchenverband swiss safety.\" \/>\n<meta name=\"robots\" content=\"index, follow, max-snippet:-1, max-image-preview:large, max-video-preview:-1\" \/>\n<link rel=\"canonical\" href=\"https:\/\/news.save.ch\/fr\/arbeitssicherheit-aus-unfaellen-lernen-und-konsequenzen-ziehen\/\" \/>\n<meta property=\"og:locale\" content=\"fr_FR\" \/>\n<meta property=\"og:type\" content=\"article\" \/>\n<meta property=\"og:title\" content=\"Arbeitssicherheit \u2013 aus Unf\u00e4llen lernen und Konsequenzen ziehen - Save\" \/>\n<meta property=\"og:description\" content=\"\u00abVom Unfall zum Bewusstsein\u00bb lautet das Motto der SAVE-Tagung vom 9. September. Patronatspartner dieser SGAS-anerkannten Weiterbildung ist der Branchenverband swiss safety.\" \/>\n<meta property=\"og:url\" content=\"https:\/\/news.save.ch\/fr\/arbeitssicherheit-aus-unfaellen-lernen-und-konsequenzen-ziehen\/\" \/>\n<meta property=\"og:site_name\" content=\"Save\" \/>\n<meta property=\"article:published_time\" content=\"2021-05-27T14:57:11+00:00\" \/>\n<meta property=\"article:modified_time\" content=\"2023-07-19T04:23:39+00:00\" \/>\n<meta property=\"og:image\" content=\"https:\/\/news.save.ch\/wp-content\/uploads\/2017\/02\/Depositphotos_31439787_l-2015-scaled-1.jpg\" \/>\n\t<meta property=\"og:image:width\" content=\"1200\" \/>\n\t<meta property=\"og:image:height\" content=\"801\" \/>\n\t<meta property=\"og:image:type\" content=\"image\/jpeg\" \/>\n<meta name=\"author\" content=\"Simon Gr\u00f6flin\" \/>\n<meta name=\"twitter:card\" content=\"summary_large_image\" \/>\n<meta name=\"twitter:label1\" content=\"\u00c9crit par\" \/>\n\t<meta name=\"twitter:data1\" content=\"Simon Gr\u00f6flin\" \/>\n\t<meta name=\"twitter:label2\" content=\"Dur\u00e9e de lecture estim\u00e9e\" \/>\n\t<meta name=\"twitter:data2\" content=\"2 minutes\" \/>\n<script type=\"application\/ld+json\" class=\"yoast-schema-graph\">{\"@context\":\"https:\\\/\\\/schema.org\",\"@graph\":[{\"@type\":\"Article\",\"@id\":\"https:\\\/\\\/news.save.ch\\\/arbeitssicherheit-aus-unfaellen-lernen-und-konsequenzen-ziehen\\\/#article\",\"isPartOf\":{\"@id\":\"https:\\\/\\\/news.save.ch\\\/arbeitssicherheit-aus-unfaellen-lernen-und-konsequenzen-ziehen\\\/\"},\"author\":{\"name\":\"Simon Gr\u00f6flin\",\"@id\":\"https:\\\/\\\/news.save.ch\\\/de\\\/#\\\/schema\\\/person\\\/ad4ef21102fd6125312409ac57d5296d\"},\"headline\":\"Arbeitssicherheit \u2013 aus Unf\u00e4llen lernen und Konsequenzen ziehen\",\"datePublished\":\"2021-05-27T14:57:11+00:00\",\"dateModified\":\"2023-07-19T04:23:39+00:00\",\"mainEntityOfPage\":{\"@id\":\"https:\\\/\\\/news.save.ch\\\/arbeitssicherheit-aus-unfaellen-lernen-und-konsequenzen-ziehen\\\/\"},\"wordCount\":306,\"publisher\":{\"@id\":\"https:\\\/\\\/news.save.ch\\\/de\\\/#organization\"},\"image\":{\"@id\":\"https:\\\/\\\/news.save.ch\\\/arbeitssicherheit-aus-unfaellen-lernen-und-konsequenzen-ziehen\\\/#primaryimage\"},\"thumbnailUrl\":\"https:\\\/\\\/news.save.ch\\\/wp-content\\\/uploads\\\/2017\\\/02\\\/Depositphotos_31439787_l-2015-scaled-1.jpg\",\"keywords\":[\"ASGS-Massnahmen\",\"Berufsunf\u00e4lle\",\"Coronapandemie\",\"Pr\u00e4vention\",\"Unfallversicherer\",\"Veranstaltungen\"],\"articleSection\":[\"HEALTH &amp; SAFETY\"],\"inLanguage\":\"fr-FR\"},{\"@type\":\"WebPage\",\"@id\":\"https:\\\/\\\/news.save.ch\\\/arbeitssicherheit-aus-unfaellen-lernen-und-konsequenzen-ziehen\\\/\",\"url\":\"https:\\\/\\\/news.save.ch\\\/arbeitssicherheit-aus-unfaellen-lernen-und-konsequenzen-ziehen\\\/\",\"name\":\"Arbeitssicherheit \u2013 aus Unf\u00e4llen lernen und Konsequenzen ziehen - Save\",\"isPartOf\":{\"@id\":\"https:\\\/\\\/news.save.ch\\\/de\\\/#website\"},\"primaryImageOfPage\":{\"@id\":\"https:\\\/\\\/news.save.ch\\\/arbeitssicherheit-aus-unfaellen-lernen-und-konsequenzen-ziehen\\\/#primaryimage\"},\"image\":{\"@id\":\"https:\\\/\\\/news.save.ch\\\/arbeitssicherheit-aus-unfaellen-lernen-und-konsequenzen-ziehen\\\/#primaryimage\"},\"thumbnailUrl\":\"https:\\\/\\\/news.save.ch\\\/wp-content\\\/uploads\\\/2017\\\/02\\\/Depositphotos_31439787_l-2015-scaled-1.jpg\",\"datePublished\":\"2021-05-27T14:57:11+00:00\",\"dateModified\":\"2023-07-19T04:23:39+00:00\",\"description\":\"\u00abVom Unfall zum Bewusstsein\u00bb lautet das Motto der SAVE-Tagung vom 9. September. Patronatspartner dieser SGAS-anerkannten Weiterbildung ist der Branchenverband swiss safety.\",\"breadcrumb\":{\"@id\":\"https:\\\/\\\/news.save.ch\\\/arbeitssicherheit-aus-unfaellen-lernen-und-konsequenzen-ziehen\\\/#breadcrumb\"},\"inLanguage\":\"fr-FR\",\"potentialAction\":[{\"@type\":\"ReadAction\",\"target\":[\"https:\\\/\\\/news.save.ch\\\/arbeitssicherheit-aus-unfaellen-lernen-und-konsequenzen-ziehen\\\/\"]}]},{\"@type\":\"ImageObject\",\"inLanguage\":\"fr-FR\",\"@id\":\"https:\\\/\\\/news.save.ch\\\/arbeitssicherheit-aus-unfaellen-lernen-und-konsequenzen-ziehen\\\/#primaryimage\",\"url\":\"https:\\\/\\\/news.save.ch\\\/wp-content\\\/uploads\\\/2017\\\/02\\\/Depositphotos_31439787_l-2015-scaled-1.jpg\",\"contentUrl\":\"https:\\\/\\\/news.save.ch\\\/wp-content\\\/uploads\\\/2017\\\/02\\\/Depositphotos_31439787_l-2015-scaled-1.jpg\",\"width\":1200,\"height\":801,\"caption\":\"Erneut weniger Berufsunf\u00e4lle und tiefere Heilkosten pro Fall: Das zeigt die Auswertung des Versicherungsjahrs 2016 der Suva.\"},{\"@type\":\"BreadcrumbList\",\"@id\":\"https:\\\/\\\/news.save.ch\\\/arbeitssicherheit-aus-unfaellen-lernen-und-konsequenzen-ziehen\\\/#breadcrumb\",\"itemListElement\":[{\"@type\":\"ListItem\",\"position\":1,\"name\":\"Home\",\"item\":\"https:\\\/\\\/news.save.ch\\\/de\\\/\"},{\"@type\":\"ListItem\",\"position\":2,\"name\":\"Arbeitssicherheit \u2013 aus Unf\u00e4llen lernen und Konsequenzen ziehen\"}]},{\"@type\":\"WebSite\",\"@id\":\"https:\\\/\\\/news.save.ch\\\/de\\\/#website\",\"url\":\"https:\\\/\\\/news.save.ch\\\/de\\\/\",\"name\":\"Save\",\"description\":\"Schweizer Fachzeitschrift f\u00fcr Sicherheit\",\"publisher\":{\"@id\":\"https:\\\/\\\/news.save.ch\\\/de\\\/#organization\"},\"potentialAction\":[{\"@type\":\"SearchAction\",\"target\":{\"@type\":\"EntryPoint\",\"urlTemplate\":\"https:\\\/\\\/news.save.ch\\\/de\\\/?s={search_term_string}\"},\"query-input\":{\"@type\":\"PropertyValueSpecification\",\"valueRequired\":true,\"valueName\":\"search_term_string\"}}],\"inLanguage\":\"fr-FR\"},{\"@type\":\"Organization\",\"@id\":\"https:\\\/\\\/news.save.ch\\\/de\\\/#organization\",\"name\":\"Sicherheitsforum\",\"url\":\"https:\\\/\\\/news.save.ch\\\/de\\\/\",\"logo\":{\"@type\":\"ImageObject\",\"inLanguage\":\"fr-FR\",\"@id\":\"https:\\\/\\\/news.save.ch\\\/de\\\/#\\\/schema\\\/logo\\\/image\\\/\",\"url\":\"https:\\\/\\\/news.save.ch\\\/wp-content\\\/uploads\\\/2022\\\/06\\\/Logo_SF_2012.png\",\"contentUrl\":\"https:\\\/\\\/news.save.ch\\\/wp-content\\\/uploads\\\/2022\\\/06\\\/Logo_SF_2012.png\",\"width\":1100,\"height\":91,\"caption\":\"Sicherheitsforum\"},\"image\":{\"@id\":\"https:\\\/\\\/news.save.ch\\\/de\\\/#\\\/schema\\\/logo\\\/image\\\/\"}},{\"@type\":\"Person\",\"@id\":\"https:\\\/\\\/news.save.ch\\\/de\\\/#\\\/schema\\\/person\\\/ad4ef21102fd6125312409ac57d5296d\",\"name\":\"Simon Gr\u00f6flin\",\"image\":{\"@type\":\"ImageObject\",\"inLanguage\":\"fr-FR\",\"@id\":\"https:\\\/\\\/secure.gravatar.com\\\/avatar\\\/6ddceb80eb734354635539e0ea5140bb7c41e42de7c45c9a2ab9921b5d5c9a83?s=96&d=mm&r=g\",\"url\":\"https:\\\/\\\/secure.gravatar.com\\\/avatar\\\/6ddceb80eb734354635539e0ea5140bb7c41e42de7c45c9a2ab9921b5d5c9a83?s=96&d=mm&r=g\",\"contentUrl\":\"https:\\\/\\\/secure.gravatar.com\\\/avatar\\\/6ddceb80eb734354635539e0ea5140bb7c41e42de7c45c9a2ab9921b5d5c9a83?s=96&d=mm&r=g\",\"caption\":\"Simon Gr\u00f6flin\"},\"url\":\"https:\\\/\\\/news.save.ch\\\/fr\\\/author\\\/simon-groeflin\\\/\"}]}<\/script>\n<!-- \/ Yoast SEO plugin. -->","yoast_head_json":{"title":"S\u00e9curit\u00e9 au travail - apprendre des accidents et en tirer les cons\u00e9quences - Save","description":"\"De l'accident \u00e0 la prise de conscience\", tel est le slogan de la journ\u00e9e SAVE du 9 septembre. L'association professionnelle swiss safety est le partenaire de patronage de cette formation continue reconnue par la SSST.","robots":{"index":"index","follow":"follow","max-snippet":"max-snippet:-1","max-image-preview":"max-image-preview:large","max-video-preview":"max-video-preview:-1"},"canonical":"https:\/\/news.save.ch\/fr\/arbeitssicherheit-aus-unfaellen-lernen-und-konsequenzen-ziehen\/","og_locale":"fr_FR","og_type":"article","og_title":"Arbeitssicherheit \u2013 aus Unf\u00e4llen lernen und Konsequenzen ziehen - Save","og_description":"\u00abVom Unfall zum Bewusstsein\u00bb lautet das Motto der SAVE-Tagung vom 9. September. Patronatspartner dieser SGAS-anerkannten Weiterbildung ist der Branchenverband swiss safety.","og_url":"https:\/\/news.save.ch\/fr\/arbeitssicherheit-aus-unfaellen-lernen-und-konsequenzen-ziehen\/","og_site_name":"Save","article_published_time":"2021-05-27T14:57:11+00:00","article_modified_time":"2023-07-19T04:23:39+00:00","og_image":[{"width":1200,"height":801,"url":"https:\/\/news.save.ch\/wp-content\/uploads\/2017\/02\/Depositphotos_31439787_l-2015-scaled-1.jpg","type":"image\/jpeg"}],"author":"Simon Gr\u00f6flin","twitter_card":"summary_large_image","twitter_misc":{"\u00c9crit par":"Simon Gr\u00f6flin","Dur\u00e9e de lecture estim\u00e9e":"2 minutes"},"schema":{"@context":"https:\/\/schema.org","@graph":[{"@type":"Article","@id":"https:\/\/news.save.ch\/arbeitssicherheit-aus-unfaellen-lernen-und-konsequenzen-ziehen\/#article","isPartOf":{"@id":"https:\/\/news.save.ch\/arbeitssicherheit-aus-unfaellen-lernen-und-konsequenzen-ziehen\/"},"author":{"name":"Simon Gr\u00f6flin","@id":"https:\/\/news.save.ch\/de\/#\/schema\/person\/ad4ef21102fd6125312409ac57d5296d"},"headline":"Arbeitssicherheit \u2013 aus Unf\u00e4llen lernen und Konsequenzen ziehen","datePublished":"2021-05-27T14:57:11+00:00","dateModified":"2023-07-19T04:23:39+00:00","mainEntityOfPage":{"@id":"https:\/\/news.save.ch\/arbeitssicherheit-aus-unfaellen-lernen-und-konsequenzen-ziehen\/"},"wordCount":306,"publisher":{"@id":"https:\/\/news.save.ch\/de\/#organization"},"image":{"@id":"https:\/\/news.save.ch\/arbeitssicherheit-aus-unfaellen-lernen-und-konsequenzen-ziehen\/#primaryimage"},"thumbnailUrl":"https:\/\/news.save.ch\/wp-content\/uploads\/2017\/02\/Depositphotos_31439787_l-2015-scaled-1.jpg","keywords":["ASGS-Massnahmen","Berufsunf\u00e4lle","Coronapandemie","Pr\u00e4vention","Unfallversicherer","Veranstaltungen"],"articleSection":["HEALTH &amp; SAFETY"],"inLanguage":"fr-FR"},{"@type":"WebPage","@id":"https:\/\/news.save.ch\/arbeitssicherheit-aus-unfaellen-lernen-und-konsequenzen-ziehen\/","url":"https:\/\/news.save.ch\/arbeitssicherheit-aus-unfaellen-lernen-und-konsequenzen-ziehen\/","name":"S\u00e9curit\u00e9 au travail - apprendre des accidents et en tirer les cons\u00e9quences - Save","isPartOf":{"@id":"https:\/\/news.save.ch\/de\/#website"},"primaryImageOfPage":{"@id":"https:\/\/news.save.ch\/arbeitssicherheit-aus-unfaellen-lernen-und-konsequenzen-ziehen\/#primaryimage"},"image":{"@id":"https:\/\/news.save.ch\/arbeitssicherheit-aus-unfaellen-lernen-und-konsequenzen-ziehen\/#primaryimage"},"thumbnailUrl":"https:\/\/news.save.ch\/wp-content\/uploads\/2017\/02\/Depositphotos_31439787_l-2015-scaled-1.jpg","datePublished":"2021-05-27T14:57:11+00:00","dateModified":"2023-07-19T04:23:39+00:00","description":"\"De l'accident \u00e0 la prise de conscience\", tel est le slogan de la journ\u00e9e SAVE du 9 septembre. L'association professionnelle swiss safety est le partenaire de patronage de cette formation continue reconnue par la SSST.","breadcrumb":{"@id":"https:\/\/news.save.ch\/arbeitssicherheit-aus-unfaellen-lernen-und-konsequenzen-ziehen\/#breadcrumb"},"inLanguage":"fr-FR","potentialAction":[{"@type":"ReadAction","target":["https:\/\/news.save.ch\/arbeitssicherheit-aus-unfaellen-lernen-und-konsequenzen-ziehen\/"]}]},{"@type":"ImageObject","inLanguage":"fr-FR","@id":"https:\/\/news.save.ch\/arbeitssicherheit-aus-unfaellen-lernen-und-konsequenzen-ziehen\/#primaryimage","url":"https:\/\/news.save.ch\/wp-content\/uploads\/2017\/02\/Depositphotos_31439787_l-2015-scaled-1.jpg","contentUrl":"https:\/\/news.save.ch\/wp-content\/uploads\/2017\/02\/Depositphotos_31439787_l-2015-scaled-1.jpg","width":1200,"height":801,"caption":"Erneut weniger Berufsunf\u00e4lle und tiefere Heilkosten pro Fall: Das zeigt die Auswertung des Versicherungsjahrs 2016 der Suva."},{"@type":"BreadcrumbList","@id":"https:\/\/news.save.ch\/arbeitssicherheit-aus-unfaellen-lernen-und-konsequenzen-ziehen\/#breadcrumb","itemListElement":[{"@type":"ListItem","position":1,"name":"Home","item":"https:\/\/news.save.ch\/de\/"},{"@type":"ListItem","position":2,"name":"Arbeitssicherheit \u2013 aus Unf\u00e4llen lernen und Konsequenzen ziehen"}]},{"@type":"WebSite","@id":"https:\/\/news.save.ch\/de\/#website","url":"https:\/\/news.save.ch\/de\/","name":"Save","description":"Revue suisse sp\u00e9cialis\u00e9e dans la s\u00e9curit\u00e9","publisher":{"@id":"https:\/\/news.save.ch\/de\/#organization"},"potentialAction":[{"@type":"SearchAction","target":{"@type":"EntryPoint","urlTemplate":"https:\/\/news.save.ch\/de\/?s={search_term_string}"},"query-input":{"@type":"PropertyValueSpecification","valueRequired":true,"valueName":"search_term_string"}}],"inLanguage":"fr-FR"},{"@type":"Organization","@id":"https:\/\/news.save.ch\/de\/#organization","name":"Forum sur la s\u00e9curit\u00e9","url":"https:\/\/news.save.ch\/de\/","logo":{"@type":"ImageObject","inLanguage":"fr-FR","@id":"https:\/\/news.save.ch\/de\/#\/schema\/logo\/image\/","url":"https:\/\/news.save.ch\/wp-content\/uploads\/2022\/06\/Logo_SF_2012.png","contentUrl":"https:\/\/news.save.ch\/wp-content\/uploads\/2022\/06\/Logo_SF_2012.png","width":1100,"height":91,"caption":"Sicherheitsforum"},"image":{"@id":"https:\/\/news.save.ch\/de\/#\/schema\/logo\/image\/"}},{"@type":"Person","@id":"https:\/\/news.save.ch\/de\/#\/schema\/person\/ad4ef21102fd6125312409ac57d5296d","name":"Simon Gr\u00f6flin","image":{"@type":"ImageObject","inLanguage":"fr-FR","@id":"https:\/\/secure.gravatar.com\/avatar\/6ddceb80eb734354635539e0ea5140bb7c41e42de7c45c9a2ab9921b5d5c9a83?s=96&d=mm&r=g","url":"https:\/\/secure.gravatar.com\/avatar\/6ddceb80eb734354635539e0ea5140bb7c41e42de7c45c9a2ab9921b5d5c9a83?s=96&d=mm&r=g","contentUrl":"https:\/\/secure.gravatar.com\/avatar\/6ddceb80eb734354635539e0ea5140bb7c41e42de7c45c9a2ab9921b5d5c9a83?s=96&d=mm&r=g","caption":"Simon Gr\u00f6flin"},"url":"https:\/\/news.save.ch\/fr\/author\/simon-groeflin\/"}]}},"_links":{"self":[{"href":"https:\/\/news.save.ch\/fr\/wp-json\/wp\/v2\/posts\/17005","targetHints":{"allow":["GET"]}}],"collection":[{"href":"https:\/\/news.save.ch\/fr\/wp-json\/wp\/v2\/posts"}],"about":[{"href":"https:\/\/news.save.ch\/fr\/wp-json\/wp\/v2\/types\/post"}],"author":[{"embeddable":true,"href":"https:\/\/news.save.ch\/fr\/wp-json\/wp\/v2\/users\/9"}],"replies":[{"embeddable":true,"href":"https:\/\/news.save.ch\/fr\/wp-json\/wp\/v2\/comments?post=17005"}],"version-history":[{"count":3,"href":"https:\/\/news.save.ch\/fr\/wp-json\/wp\/v2\/posts\/17005\/revisions"}],"predecessor-version":[{"id":21037,"href":"https:\/\/news.save.ch\/fr\/wp-json\/wp\/v2\/posts\/17005\/revisions\/21037"}],"wp:featuredmedia":[{"embeddable":true,"href":"https:\/\/news.save.ch\/fr\/wp-json\/wp\/v2\/media\/16175"}],"wp:attachment":[{"href":"https:\/\/news.save.ch\/fr\/wp-json\/wp\/v2\/media?parent=17005"}],"wp:term":[{"taxonomy":"category","embeddable":true,"href":"https:\/\/news.save.ch\/fr\/wp-json\/wp\/v2\/categories?post=17005"},{"taxonomy":"post_tag","embeddable":true,"href":"https:\/\/news.save.ch\/fr\/wp-json\/wp\/v2\/tags?post=17005"}],"curies":[{"name":"wp","href":"https:\/\/api.w.org\/{rel}","templated":true}]}}