{"id":17010,"date":"2021-06-16T08:43:35","date_gmt":"2021-06-16T06:43:35","guid":{"rendered":"https:\/\/news.save.ch\/?p=7292"},"modified":"2023-07-17T00:32:56","modified_gmt":"2023-07-16T22:32:56","slug":"positives-jahresergebnis-der-militaerversicherung","status":null,"type":"post","link":"https:\/\/news.save.ch\/fr\/positives-jahresergebnis-der-militaerversicherung\/","title":{"rendered":"R\u00e9sultat annuel positif pour l'assurance militaire"},"content":{"rendered":"<figure id=\"attachment_7294\" aria-describedby=\"caption-attachment-7294\" style=\"width: 680px\" class=\"wp-caption alignnone\"><img loading=\"lazy\" decoding=\"async\" class=\"wp-image-7294 size-medium\" src=\"https:\/\/news.save.ch\/wp-content\/uploads\/2021\/06\/Militar_pixabay_teaser-680x453.jpg\" alt=\"Assurance militaire\" width=\"680\" height=\"453\" srcset=\"https:\/\/news.save.ch\/wp-content\/uploads\/2021\/06\/Militar_pixabay_teaser-680x453.jpg 680w, https:\/\/news.save.ch\/wp-content\/uploads\/2021\/06\/Militar_pixabay_teaser-768x512.jpg 768w, https:\/\/news.save.ch\/wp-content\/uploads\/2021\/06\/Militar_pixabay_teaser-18x12.jpg 18w, https:\/\/news.save.ch\/wp-content\/uploads\/2021\/06\/Militar_pixabay_teaser-375x250.jpg 375w, https:\/\/news.save.ch\/wp-content\/uploads\/2021\/06\/Militar_pixabay_teaser-525x350.jpg 525w, https:\/\/news.save.ch\/wp-content\/uploads\/2021\/06\/Militar_pixabay_teaser.jpg 960w\" sizes=\"auto, (max-width: 680px) 100vw, 680px\" \/><figcaption id=\"caption-attachment-7294\" class=\"wp-caption-text\">\u00a9Pixabay<\/figcaption><\/figure>\n<p>L'assurance militaire, qui est g\u00e9r\u00e9e par la Suva en tant qu'assurance sociale autonome, a r\u00e9alis\u00e9 un bon r\u00e9sultat au cours de l'exercice 2020, tant au niveau des prestations d'assurance que des frais administratifs. Au total, 173,5 millions de francs de prestations d'assurance ont \u00e9t\u00e9 vers\u00e9s, ce qui repr\u00e9sente une baisse de 2,4 % par rapport aux 177,7 millions de francs de l'ann\u00e9e pr\u00e9c\u00e9dente.<\/p>\n<h2>Les accidents de sport sont les plus fr\u00e9quents<\/h2>\n<p>En 2020, l'Arm\u00e9e suisse a effectu\u00e9 environ 350'000 jours de service en rapport avec la pand\u00e9mie Corona. Malgr\u00e9 cela, le nombre de jours de service accomplis aurait diminu\u00e9 de cinq pour cent l'ann\u00e9e pr\u00e9c\u00e9dente. Les maladies du syst\u00e8me musculo-squelettique ont toujours \u00e9t\u00e9 les plus fr\u00e9quemment signal\u00e9es, avec plus de 20 pour cent. Parmi les blessures accidentelles, les fractures de la r\u00e9gion faciale, principalement les fractures dentaires, ont \u00e9t\u00e9 les plus fr\u00e9quentes dans 13 % des cas.<\/p>\n<p>Les entorses, foulures, d\u00e9chirures de ligaments ou de tendons au niveau du genou ont \u00e9galement pes\u00e9 lourd dans la balance. En 2020, les accidents de sport ont repr\u00e9sent\u00e9 pr\u00e8s de 24 % de tous les accidents.<\/p>\n<p><em>Source : Suva<\/em><\/p>","protected":false},"excerpt":{"rendered":"<p>Die Milit\u00e4rversicherung, welche von der Suva als eigenst\u00e4ndige Sozialversicherung gef\u00fchrt wird, erzielte im Gesch\u00e4ftsjahr 2020 sowohl bei den Versicherungsdienstleistungen als auch bei den Verwaltungskosten ein gutes Ergebnis. Insgesamt wurden 173,5 Millionen Franken Versicherungsleistungen ausbezahlt, was gegen\u00fcber dem Vorjahr mit 177,7 Millionen Franken eine Abnahme von 2,4 Prozent bedeutet. Sportunf\u00e4lle am h\u00e4ufigsten Die Schweizer Armee hat [&hellip;]<\/p>\n","protected":false},"author":9,"featured_media":7294,"comment_status":"closed","ping_status":"closed","sticky":false,"template":"","format":"standard","meta":{"_acf_changed":false,"pgc_sgb_lightbox_settings":"","footnotes":""},"categories":[1,3314],"tags":[172,2543,1346,176,167,5472],"class_list":["post-17010","post","type-post","status-publish","format-standard","has-post-thumbnail","hentry","category-allgemein","category-health-safety","tag-arbeitssicherheit","tag-militaerversicherung","tag-schweizer-armee","tag-sportunfaelle","tag-suva","tag-versicherungsleistungen"],"acf":[],"hkrextid":null,"publication":null,"issue":null,"workflow":null,"startPage":null,"spitzmarke":null,"_posts_by_tag_page_fields":{"widget_title":"","widget_tags":""},"_at_widget":"1","_yoast_wpseo_primary_category":"1","_yoast_wpseo_focuskw_text_input":null,"_yoast_wpseo_opengraph-image":null,"_yoast_wpseo_opengraph-description":null,"_yoast_wpseo_opengraph-title":null,"enclosure":null,"_yoast_wpseo_twitter-title":null,"_yoast_wpseo_twitter-description":null,"_yoast_wpseo_twitter-image":null,"_wp_old_slug":null,"_yoast_wpseo_title":null,"_yoast_wpseo_canonical":null,"yoast_head":"<!-- This site is optimized with the Yoast SEO plugin v27.5 - https:\/\/yoast.com\/product\/yoast-seo-wordpress\/ -->\n<title>Positives Jahresergebnis der Milit\u00e4rversicherung - Save<\/title>\n<meta name=\"description\" content=\"Die Pandemie f\u00fchrte auch bei der Milit\u00e4rversicherung zu wenigen Dienstleistungen und hatte insgesamt einen positiven Einfluss auf die Anzahl F\u00e4lle und die Kosten. Dies die Bilanz der Suva, welche die Milit\u00e4rversicherung des Bundes seit 2005 als eigenst\u00e4ndige Sozialversicherung f\u00fchrt.\" \/>\n<meta name=\"robots\" content=\"index, follow, max-snippet:-1, max-image-preview:large, max-video-preview:-1\" \/>\n<link rel=\"canonical\" href=\"https:\/\/news.save.ch\/fr\/positives-jahresergebnis-der-militaerversicherung\/\" \/>\n<meta property=\"og:locale\" content=\"fr_FR\" \/>\n<meta property=\"og:type\" content=\"article\" \/>\n<meta property=\"og:title\" content=\"Positives Jahresergebnis der Milit\u00e4rversicherung - Save\" \/>\n<meta property=\"og:description\" content=\"Die Pandemie f\u00fchrte auch bei der Milit\u00e4rversicherung zu wenigen Dienstleistungen und hatte insgesamt einen positiven Einfluss auf die Anzahl F\u00e4lle und die Kosten. Dies die Bilanz der Suva, welche die Milit\u00e4rversicherung des Bundes seit 2005 als eigenst\u00e4ndige Sozialversicherung f\u00fchrt.\" \/>\n<meta property=\"og:url\" content=\"https:\/\/news.save.ch\/fr\/positives-jahresergebnis-der-militaerversicherung\/\" \/>\n<meta property=\"og:site_name\" content=\"Save\" \/>\n<meta property=\"article:published_time\" content=\"2021-06-16T06:43:35+00:00\" \/>\n<meta property=\"article:modified_time\" content=\"2023-07-16T22:32:56+00:00\" \/>\n<meta property=\"og:image\" content=\"https:\/\/news.save.ch\/wp-content\/uploads\/2021\/06\/Militar_pixabay_teaser.jpg\" \/>\n\t<meta property=\"og:image:width\" content=\"960\" \/>\n\t<meta property=\"og:image:height\" content=\"640\" \/>\n\t<meta property=\"og:image:type\" content=\"image\/jpeg\" \/>\n<meta name=\"author\" content=\"Simon Gr\u00f6flin\" \/>\n<meta name=\"twitter:card\" content=\"summary_large_image\" \/>\n<meta name=\"twitter:label1\" content=\"\u00c9crit par\" \/>\n\t<meta name=\"twitter:data1\" content=\"Simon Gr\u00f6flin\" \/>\n\t<meta name=\"twitter:label2\" content=\"Dur\u00e9e de lecture estim\u00e9e\" \/>\n\t<meta name=\"twitter:data2\" content=\"2 minutes\" \/>\n<script type=\"application\/ld+json\" class=\"yoast-schema-graph\">{\"@context\":\"https:\\\/\\\/schema.org\",\"@graph\":[{\"@type\":\"Article\",\"@id\":\"https:\\\/\\\/news.save.ch\\\/positives-jahresergebnis-der-militaerversicherung\\\/#article\",\"isPartOf\":{\"@id\":\"https:\\\/\\\/news.save.ch\\\/positives-jahresergebnis-der-militaerversicherung\\\/\"},\"author\":{\"name\":\"Simon Gr\u00f6flin\",\"@id\":\"https:\\\/\\\/news.save.ch\\\/de\\\/#\\\/schema\\\/person\\\/ad4ef21102fd6125312409ac57d5296d\"},\"headline\":\"Positives Jahresergebnis der Milit\u00e4rversicherung\",\"datePublished\":\"2021-06-16T06:43:35+00:00\",\"dateModified\":\"2023-07-16T22:32:56+00:00\",\"mainEntityOfPage\":{\"@id\":\"https:\\\/\\\/news.save.ch\\\/positives-jahresergebnis-der-militaerversicherung\\\/\"},\"wordCount\":158,\"publisher\":{\"@id\":\"https:\\\/\\\/news.save.ch\\\/de\\\/#organization\"},\"image\":{\"@id\":\"https:\\\/\\\/news.save.ch\\\/positives-jahresergebnis-der-militaerversicherung\\\/#primaryimage\"},\"thumbnailUrl\":\"https:\\\/\\\/news.save.ch\\\/wp-content\\\/uploads\\\/2021\\\/06\\\/Militar_pixabay_teaser.jpg\",\"keywords\":[\"Arbeitssicherheit\",\"Milit\u00e4rversicherung\",\"Schweizer Armee\",\"Sportunf\u00e4lle\",\"SUVA\",\"Versicherungsleistungen\"],\"articleSection\":[\"ALLGEMEIN\",\"HEALTH &amp; SAFETY\"],\"inLanguage\":\"fr-FR\"},{\"@type\":\"WebPage\",\"@id\":\"https:\\\/\\\/news.save.ch\\\/positives-jahresergebnis-der-militaerversicherung\\\/\",\"url\":\"https:\\\/\\\/news.save.ch\\\/positives-jahresergebnis-der-militaerversicherung\\\/\",\"name\":\"Positives Jahresergebnis der Milit\u00e4rversicherung - Save\",\"isPartOf\":{\"@id\":\"https:\\\/\\\/news.save.ch\\\/de\\\/#website\"},\"primaryImageOfPage\":{\"@id\":\"https:\\\/\\\/news.save.ch\\\/positives-jahresergebnis-der-militaerversicherung\\\/#primaryimage\"},\"image\":{\"@id\":\"https:\\\/\\\/news.save.ch\\\/positives-jahresergebnis-der-militaerversicherung\\\/#primaryimage\"},\"thumbnailUrl\":\"https:\\\/\\\/news.save.ch\\\/wp-content\\\/uploads\\\/2021\\\/06\\\/Militar_pixabay_teaser.jpg\",\"datePublished\":\"2021-06-16T06:43:35+00:00\",\"dateModified\":\"2023-07-16T22:32:56+00:00\",\"description\":\"Die Pandemie f\u00fchrte auch bei der Milit\u00e4rversicherung zu wenigen Dienstleistungen und hatte insgesamt einen positiven Einfluss auf die Anzahl F\u00e4lle und die Kosten. Dies die Bilanz der Suva, welche die Milit\u00e4rversicherung des Bundes seit 2005 als eigenst\u00e4ndige Sozialversicherung f\u00fchrt.\",\"breadcrumb\":{\"@id\":\"https:\\\/\\\/news.save.ch\\\/positives-jahresergebnis-der-militaerversicherung\\\/#breadcrumb\"},\"inLanguage\":\"fr-FR\",\"potentialAction\":[{\"@type\":\"ReadAction\",\"target\":[\"https:\\\/\\\/news.save.ch\\\/positives-jahresergebnis-der-militaerversicherung\\\/\"]}]},{\"@type\":\"ImageObject\",\"inLanguage\":\"fr-FR\",\"@id\":\"https:\\\/\\\/news.save.ch\\\/positives-jahresergebnis-der-militaerversicherung\\\/#primaryimage\",\"url\":\"https:\\\/\\\/news.save.ch\\\/wp-content\\\/uploads\\\/2021\\\/06\\\/Militar_pixabay_teaser.jpg\",\"contentUrl\":\"https:\\\/\\\/news.save.ch\\\/wp-content\\\/uploads\\\/2021\\\/06\\\/Militar_pixabay_teaser.jpg\",\"width\":960,\"height\":640,\"caption\":\"\u00a9Pixabay\"},{\"@type\":\"BreadcrumbList\",\"@id\":\"https:\\\/\\\/news.save.ch\\\/positives-jahresergebnis-der-militaerversicherung\\\/#breadcrumb\",\"itemListElement\":[{\"@type\":\"ListItem\",\"position\":1,\"name\":\"Home\",\"item\":\"https:\\\/\\\/news.save.ch\\\/de\\\/\"},{\"@type\":\"ListItem\",\"position\":2,\"name\":\"Positives Jahresergebnis der Milit\u00e4rversicherung\"}]},{\"@type\":\"WebSite\",\"@id\":\"https:\\\/\\\/news.save.ch\\\/de\\\/#website\",\"url\":\"https:\\\/\\\/news.save.ch\\\/de\\\/\",\"name\":\"Save\",\"description\":\"Schweizer Fachzeitschrift f\u00fcr Sicherheit\",\"publisher\":{\"@id\":\"https:\\\/\\\/news.save.ch\\\/de\\\/#organization\"},\"potentialAction\":[{\"@type\":\"SearchAction\",\"target\":{\"@type\":\"EntryPoint\",\"urlTemplate\":\"https:\\\/\\\/news.save.ch\\\/de\\\/?s={search_term_string}\"},\"query-input\":{\"@type\":\"PropertyValueSpecification\",\"valueRequired\":true,\"valueName\":\"search_term_string\"}}],\"inLanguage\":\"fr-FR\"},{\"@type\":\"Organization\",\"@id\":\"https:\\\/\\\/news.save.ch\\\/de\\\/#organization\",\"name\":\"Sicherheitsforum\",\"url\":\"https:\\\/\\\/news.save.ch\\\/de\\\/\",\"logo\":{\"@type\":\"ImageObject\",\"inLanguage\":\"fr-FR\",\"@id\":\"https:\\\/\\\/news.save.ch\\\/de\\\/#\\\/schema\\\/logo\\\/image\\\/\",\"url\":\"https:\\\/\\\/news.save.ch\\\/wp-content\\\/uploads\\\/2022\\\/06\\\/Logo_SF_2012.png\",\"contentUrl\":\"https:\\\/\\\/news.save.ch\\\/wp-content\\\/uploads\\\/2022\\\/06\\\/Logo_SF_2012.png\",\"width\":1100,\"height\":91,\"caption\":\"Sicherheitsforum\"},\"image\":{\"@id\":\"https:\\\/\\\/news.save.ch\\\/de\\\/#\\\/schema\\\/logo\\\/image\\\/\"}},{\"@type\":\"Person\",\"@id\":\"https:\\\/\\\/news.save.ch\\\/de\\\/#\\\/schema\\\/person\\\/ad4ef21102fd6125312409ac57d5296d\",\"name\":\"Simon Gr\u00f6flin\",\"image\":{\"@type\":\"ImageObject\",\"inLanguage\":\"fr-FR\",\"@id\":\"https:\\\/\\\/secure.gravatar.com\\\/avatar\\\/6ddceb80eb734354635539e0ea5140bb7c41e42de7c45c9a2ab9921b5d5c9a83?s=96&d=mm&r=g\",\"url\":\"https:\\\/\\\/secure.gravatar.com\\\/avatar\\\/6ddceb80eb734354635539e0ea5140bb7c41e42de7c45c9a2ab9921b5d5c9a83?s=96&d=mm&r=g\",\"contentUrl\":\"https:\\\/\\\/secure.gravatar.com\\\/avatar\\\/6ddceb80eb734354635539e0ea5140bb7c41e42de7c45c9a2ab9921b5d5c9a83?s=96&d=mm&r=g\",\"caption\":\"Simon Gr\u00f6flin\"},\"url\":\"https:\\\/\\\/news.save.ch\\\/fr\\\/author\\\/simon-groeflin\\\/\"}]}<\/script>\n<!-- \/ Yoast SEO plugin. -->","yoast_head_json":{"title":"R\u00e9sultat annuel positif de l'assurance militaire - Save","description":"La pand\u00e9mie a \u00e9galement entra\u00een\u00e9 peu de prestations de service pour l'assurance militaire et a eu globalement une influence positive sur le nombre de cas et les co\u00fbts. Tel est le bilan de la Suva, qui g\u00e8re l'assurance militaire de la Conf\u00e9d\u00e9ration en tant qu'assurance sociale autonome depuis 2005.","robots":{"index":"index","follow":"follow","max-snippet":"max-snippet:-1","max-image-preview":"max-image-preview:large","max-video-preview":"max-video-preview:-1"},"canonical":"https:\/\/news.save.ch\/fr\/positives-jahresergebnis-der-militaerversicherung\/","og_locale":"fr_FR","og_type":"article","og_title":"Positives Jahresergebnis der Milit\u00e4rversicherung - Save","og_description":"Die Pandemie f\u00fchrte auch bei der Milit\u00e4rversicherung zu wenigen Dienstleistungen und hatte insgesamt einen positiven Einfluss auf die Anzahl F\u00e4lle und die Kosten. Dies die Bilanz der Suva, welche die Milit\u00e4rversicherung des Bundes seit 2005 als eigenst\u00e4ndige Sozialversicherung f\u00fchrt.","og_url":"https:\/\/news.save.ch\/fr\/positives-jahresergebnis-der-militaerversicherung\/","og_site_name":"Save","article_published_time":"2021-06-16T06:43:35+00:00","article_modified_time":"2023-07-16T22:32:56+00:00","og_image":[{"width":960,"height":640,"url":"https:\/\/news.save.ch\/wp-content\/uploads\/2021\/06\/Militar_pixabay_teaser.jpg","type":"image\/jpeg"}],"author":"Simon Gr\u00f6flin","twitter_card":"summary_large_image","twitter_misc":{"\u00c9crit par":"Simon Gr\u00f6flin","Dur\u00e9e de lecture estim\u00e9e":"2 minutes"},"schema":{"@context":"https:\/\/schema.org","@graph":[{"@type":"Article","@id":"https:\/\/news.save.ch\/positives-jahresergebnis-der-militaerversicherung\/#article","isPartOf":{"@id":"https:\/\/news.save.ch\/positives-jahresergebnis-der-militaerversicherung\/"},"author":{"name":"Simon Gr\u00f6flin","@id":"https:\/\/news.save.ch\/de\/#\/schema\/person\/ad4ef21102fd6125312409ac57d5296d"},"headline":"Positives Jahresergebnis der Milit\u00e4rversicherung","datePublished":"2021-06-16T06:43:35+00:00","dateModified":"2023-07-16T22:32:56+00:00","mainEntityOfPage":{"@id":"https:\/\/news.save.ch\/positives-jahresergebnis-der-militaerversicherung\/"},"wordCount":158,"publisher":{"@id":"https:\/\/news.save.ch\/de\/#organization"},"image":{"@id":"https:\/\/news.save.ch\/positives-jahresergebnis-der-militaerversicherung\/#primaryimage"},"thumbnailUrl":"https:\/\/news.save.ch\/wp-content\/uploads\/2021\/06\/Militar_pixabay_teaser.jpg","keywords":["Arbeitssicherheit","Milit\u00e4rversicherung","Schweizer Armee","Sportunf\u00e4lle","SUVA","Versicherungsleistungen"],"articleSection":["ALLGEMEIN","HEALTH &amp; SAFETY"],"inLanguage":"fr-FR"},{"@type":"WebPage","@id":"https:\/\/news.save.ch\/positives-jahresergebnis-der-militaerversicherung\/","url":"https:\/\/news.save.ch\/positives-jahresergebnis-der-militaerversicherung\/","name":"R\u00e9sultat annuel positif de l'assurance militaire - Save","isPartOf":{"@id":"https:\/\/news.save.ch\/de\/#website"},"primaryImageOfPage":{"@id":"https:\/\/news.save.ch\/positives-jahresergebnis-der-militaerversicherung\/#primaryimage"},"image":{"@id":"https:\/\/news.save.ch\/positives-jahresergebnis-der-militaerversicherung\/#primaryimage"},"thumbnailUrl":"https:\/\/news.save.ch\/wp-content\/uploads\/2021\/06\/Militar_pixabay_teaser.jpg","datePublished":"2021-06-16T06:43:35+00:00","dateModified":"2023-07-16T22:32:56+00:00","description":"La pand\u00e9mie a \u00e9galement entra\u00een\u00e9 peu de prestations de service pour l'assurance militaire et a eu globalement une influence positive sur le nombre de cas et les co\u00fbts. Tel est le bilan de la Suva, qui g\u00e8re l'assurance militaire de la Conf\u00e9d\u00e9ration en tant qu'assurance sociale autonome depuis 2005.","breadcrumb":{"@id":"https:\/\/news.save.ch\/positives-jahresergebnis-der-militaerversicherung\/#breadcrumb"},"inLanguage":"fr-FR","potentialAction":[{"@type":"ReadAction","target":["https:\/\/news.save.ch\/positives-jahresergebnis-der-militaerversicherung\/"]}]},{"@type":"ImageObject","inLanguage":"fr-FR","@id":"https:\/\/news.save.ch\/positives-jahresergebnis-der-militaerversicherung\/#primaryimage","url":"https:\/\/news.save.ch\/wp-content\/uploads\/2021\/06\/Militar_pixabay_teaser.jpg","contentUrl":"https:\/\/news.save.ch\/wp-content\/uploads\/2021\/06\/Militar_pixabay_teaser.jpg","width":960,"height":640,"caption":"\u00a9Pixabay"},{"@type":"BreadcrumbList","@id":"https:\/\/news.save.ch\/positives-jahresergebnis-der-militaerversicherung\/#breadcrumb","itemListElement":[{"@type":"ListItem","position":1,"name":"Home","item":"https:\/\/news.save.ch\/de\/"},{"@type":"ListItem","position":2,"name":"Positives Jahresergebnis der Milit\u00e4rversicherung"}]},{"@type":"WebSite","@id":"https:\/\/news.save.ch\/de\/#website","url":"https:\/\/news.save.ch\/de\/","name":"Save","description":"Revue suisse sp\u00e9cialis\u00e9e dans la s\u00e9curit\u00e9","publisher":{"@id":"https:\/\/news.save.ch\/de\/#organization"},"potentialAction":[{"@type":"SearchAction","target":{"@type":"EntryPoint","urlTemplate":"https:\/\/news.save.ch\/de\/?s={search_term_string}"},"query-input":{"@type":"PropertyValueSpecification","valueRequired":true,"valueName":"search_term_string"}}],"inLanguage":"fr-FR"},{"@type":"Organization","@id":"https:\/\/news.save.ch\/de\/#organization","name":"Forum sur la s\u00e9curit\u00e9","url":"https:\/\/news.save.ch\/de\/","logo":{"@type":"ImageObject","inLanguage":"fr-FR","@id":"https:\/\/news.save.ch\/de\/#\/schema\/logo\/image\/","url":"https:\/\/news.save.ch\/wp-content\/uploads\/2022\/06\/Logo_SF_2012.png","contentUrl":"https:\/\/news.save.ch\/wp-content\/uploads\/2022\/06\/Logo_SF_2012.png","width":1100,"height":91,"caption":"Sicherheitsforum"},"image":{"@id":"https:\/\/news.save.ch\/de\/#\/schema\/logo\/image\/"}},{"@type":"Person","@id":"https:\/\/news.save.ch\/de\/#\/schema\/person\/ad4ef21102fd6125312409ac57d5296d","name":"Simon Gr\u00f6flin","image":{"@type":"ImageObject","inLanguage":"fr-FR","@id":"https:\/\/secure.gravatar.com\/avatar\/6ddceb80eb734354635539e0ea5140bb7c41e42de7c45c9a2ab9921b5d5c9a83?s=96&d=mm&r=g","url":"https:\/\/secure.gravatar.com\/avatar\/6ddceb80eb734354635539e0ea5140bb7c41e42de7c45c9a2ab9921b5d5c9a83?s=96&d=mm&r=g","contentUrl":"https:\/\/secure.gravatar.com\/avatar\/6ddceb80eb734354635539e0ea5140bb7c41e42de7c45c9a2ab9921b5d5c9a83?s=96&d=mm&r=g","caption":"Simon Gr\u00f6flin"},"url":"https:\/\/news.save.ch\/fr\/author\/simon-groeflin\/"}]}},"_links":{"self":[{"href":"https:\/\/news.save.ch\/fr\/wp-json\/wp\/v2\/posts\/17010","targetHints":{"allow":["GET"]}}],"collection":[{"href":"https:\/\/news.save.ch\/fr\/wp-json\/wp\/v2\/posts"}],"about":[{"href":"https:\/\/news.save.ch\/fr\/wp-json\/wp\/v2\/types\/post"}],"author":[{"embeddable":true,"href":"https:\/\/news.save.ch\/fr\/wp-json\/wp\/v2\/users\/9"}],"replies":[{"embeddable":true,"href":"https:\/\/news.save.ch\/fr\/wp-json\/wp\/v2\/comments?post=17010"}],"version-history":[{"count":3,"href":"https:\/\/news.save.ch\/fr\/wp-json\/wp\/v2\/posts\/17010\/revisions"}],"predecessor-version":[{"id":20988,"href":"https:\/\/news.save.ch\/fr\/wp-json\/wp\/v2\/posts\/17010\/revisions\/20988"}],"wp:featuredmedia":[{"embeddable":true,"href":"https:\/\/news.save.ch\/fr\/wp-json\/wp\/v2\/media\/7294"}],"wp:attachment":[{"href":"https:\/\/news.save.ch\/fr\/wp-json\/wp\/v2\/media?parent=17010"}],"wp:term":[{"taxonomy":"category","embeddable":true,"href":"https:\/\/news.save.ch\/fr\/wp-json\/wp\/v2\/categories?post=17010"},{"taxonomy":"post_tag","embeddable":true,"href":"https:\/\/news.save.ch\/fr\/wp-json\/wp\/v2\/tags?post=17010"}],"curies":[{"name":"wp","href":"https:\/\/api.w.org\/{rel}","templated":true}]}}