{"id":17020,"date":"2021-09-02T09:48:47","date_gmt":"2021-09-02T07:48:47","guid":{"rendered":"https:\/\/news.save.ch\/?p=7606"},"modified":"2023-07-14T22:50:29","modified_gmt":"2023-07-14T20:50:29","slug":"nicht-traditionelle-risiken-fuer-schlaganfaelle-bei-frauen-nehmen-zu","status":null,"type":"post","link":"https:\/\/news.save.ch\/fr\/nicht-traditionelle-risiken-fuer-schlaganfaelle-bei-frauen-nehmen-zu\/","title":{"rendered":"Les risques non traditionnels d'AVC augmentent chez les femmes"},"content":{"rendered":"<figure id=\"attachment_7608\" aria-describedby=\"caption-attachment-7608\" style=\"width: 680px\" class=\"wp-caption alignnone\"><img loading=\"lazy\" decoding=\"async\" class=\"size-medium wp-image-7608\" src=\"http:\/\/develop.safety-plus.ch\/wp-content\/uploads\/2021\/09\/heart_attack_Depositphotos_266762540_s-2019.jpg\" alt=\"\" width=\"680\" height=\"454\" \/><figcaption id=\"caption-attachment-7608\" class=\"wp-caption-text\">\u00a9depositphotos<\/figcaption><\/figure>\n<p>Selon une \u00e9tude de la <a href=\"https:\/\/eso-stroke.org\/\" target=\"_blank\" rel=\"noopener\">Organisation europ\u00e9enne des AVC (ESO)<\/a> les facteurs de stress, dus au stress au travail, aux troubles du sommeil et \u00e0 la fatigue au travail, pourraient entra\u00eener des risques plus \u00e9lev\u00e9s d'AVC. Les chercheurs ont compar\u00e9 les donn\u00e9es de 22 000 hommes et femmes issues de l'Enqu\u00eate suisse sur la sant\u00e9 de 2007, 2012 et 2017 et ont constat\u00e9 une augmentation \"alarmante\" du nombre de femmes d\u00e9clarant des facteurs de risque non traditionnels de maladies cardiovasculaires.<\/p>\n<p>Cette tendance s'est accompagn\u00e9e d'une augmentation du nombre de femmes travaillant \u00e0 temps plein, qui est pass\u00e9 de 38 pour cent en 2007 \u00e0 44 pour cent en 2017. Les auteurs de l'\u00e9tude, le Dr Martin H\u00e4nsel, neurologue \u00e0 l'H\u00f4pital universitaire de Zurich, et le Dr Susanne Wegener, professeur de neurologie \u00e0 l'Universit\u00e9 de Zurich, Suisse, ont comment\u00e9 : \"Notre \u00e9tude a r\u00e9v\u00e9l\u00e9 que les hommes \u00e9taient plus susceptibles de fumer et d'\u00eatre ob\u00e8ses que les femmes. Cependant, les femmes ont signal\u00e9 une plus grande augmentation des facteurs de risque non traditionnels de crise cardiaque et d'accident vasculaire c\u00e9r\u00e9bral, tels que le stress au travail, les troubles du sommeil et la sensation de fatigue et d'\u00e9puisement\".<\/p>\n<h2>Plus de troubles du sommeil chez les femmes<\/h2>\n<p>Dans l'ensemble, pour les deux sexes, le nombre de personnes signalant un stress au travail est pass\u00e9 de 59 pour cent en 2012 \u00e0 66 pour cent en 2017. Le nombre de personnes se sentant fatigu\u00e9es et \u00e9puis\u00e9es est pass\u00e9 de 23 pour cent \u00e0 29 pour cent (\u00e0 33 pour cent pour les femmes et 26 pour cent pour les hommes). Le nombre de personnes signalant des troubles du sommeil est pass\u00e9 de 24 pour cent \u00e0 29 pour cent, les troubles graves du sommeil augmentant \u00e9galement plus chez les femmes (8 pour cent) que chez les hommes (5 pour cent).<\/p>\n<p>Cependant, l'enqu\u00eate a \u00e9galement r\u00e9v\u00e9l\u00e9 que les facteurs de risque traditionnels pour le d\u00e9veloppement de maladies cardiovasculaires sont rest\u00e9s stables au cours de la m\u00eame p\u00e9riode : 27 pour cent souffrent d'hypertension, 18 pour cent d'hypercholest\u00e9rol\u00e9mie et 5 pour cent de diab\u00e8te. L'ob\u00e9sit\u00e9 est pass\u00e9e \u00e0 11 pour cent et le tabagisme a diminu\u00e9 d'environ 10,5 \u00e0 9,5 cigarettes par jour, les deux \u00e9tant plus fr\u00e9quents chez les hommes.<\/p>\n<p><em>Source : Conf\u00e9rence de l'Organisation europ\u00e9enne des AVC (ESOC) 2021<\/em><\/p>","protected":false},"excerpt":{"rendered":"<p>Laut einer Studie der European Stroke Organisation (ESO) k\u00f6nnten Stressfaktoren, bedingt durch Arbeitsstress, Schlafst\u00f6rungen und M\u00fcdigkeit am Arbeitsplatz zu h\u00f6heren Risiken von Schlaganf\u00e4llen f\u00fchren. Die Forscher verglichen Daten von 22&#8217;000 M\u00e4nnern und Frauen aus der Schweizerischen Gesundheitsbefragung aus den Jahren 2007, 2012 und 2017 und stellten einen \u00abalarmierenden\u00bb Anstieg bei der Anzahl der Frauen fest, [&hellip;]<\/p>\n","protected":false},"author":9,"featured_media":16490,"comment_status":"closed","ping_status":"closed","sticky":false,"template":"","format":"standard","meta":{"_acf_changed":false,"pgc_sgb_lightbox_settings":"","footnotes":""},"categories":[1,3314],"tags":[1672,5307,2239,2570,3637,2844],"class_list":["post-17020","post","type-post","status-publish","format-standard","has-post-thumbnail","hentry","category-allgemein","category-health-safety","tag-arbeitsstress","tag-frauen","tag-herzinfarkt","tag-muedigkeit","tag-schlafstoerungen","tag-schlaganfaelle"],"acf":[],"hkrextid":null,"publication":null,"issue":null,"workflow":null,"startPage":null,"spitzmarke":null,"_posts_by_tag_page_fields":{"widget_title":"","widget_tags":""},"_at_widget":"1","_yoast_wpseo_primary_category":"1","_yoast_wpseo_focuskw_text_input":null,"_yoast_wpseo_opengraph-image":null,"_yoast_wpseo_opengraph-description":null,"_yoast_wpseo_opengraph-title":null,"enclosure":null,"_yoast_wpseo_twitter-title":null,"_yoast_wpseo_twitter-description":null,"_yoast_wpseo_twitter-image":null,"_wp_old_slug":null,"_yoast_wpseo_title":null,"_yoast_wpseo_canonical":null,"yoast_head":"<!-- This site is optimized with the Yoast SEO plugin v27.4 - https:\/\/yoast.com\/product\/yoast-seo-wordpress\/ -->\n<title>Nicht-traditionelle Risiken f\u00fcr Schlaganf\u00e4lle bei Frauen nehmen zu - Save<\/title>\n<meta name=\"description\" content=\"Laut einer Konferenz der European Stroke Organisation (ESO) nehmen Arbeitsstress, Schlafst\u00f6rungen und M\u00fcdigkeit zu. Damit steigen auch nicht-traditionelle Risiken f\u00fcr Schlaganf\u00e4lle. Eine neue Studie deutet besonders bei Frauen auf eine steigende Tendenz hin.\" \/>\n<meta name=\"robots\" content=\"index, follow, max-snippet:-1, max-image-preview:large, max-video-preview:-1\" \/>\n<link rel=\"canonical\" href=\"https:\/\/news.save.ch\/fr\/nicht-traditionelle-risiken-fuer-schlaganfaelle-bei-frauen-nehmen-zu\/\" \/>\n<meta property=\"og:locale\" content=\"fr_FR\" \/>\n<meta property=\"og:type\" content=\"article\" \/>\n<meta property=\"og:title\" content=\"Nicht-traditionelle Risiken f\u00fcr Schlaganf\u00e4lle bei Frauen nehmen zu - Save\" \/>\n<meta property=\"og:description\" content=\"Laut einer Konferenz der European Stroke Organisation (ESO) nehmen Arbeitsstress, Schlafst\u00f6rungen und M\u00fcdigkeit zu. Damit steigen auch nicht-traditionelle Risiken f\u00fcr Schlaganf\u00e4lle. Eine neue Studie deutet besonders bei Frauen auf eine steigende Tendenz hin.\" \/>\n<meta property=\"og:url\" content=\"https:\/\/news.save.ch\/fr\/nicht-traditionelle-risiken-fuer-schlaganfaelle-bei-frauen-nehmen-zu\/\" \/>\n<meta property=\"og:site_name\" content=\"Save\" \/>\n<meta property=\"article:published_time\" content=\"2021-09-02T07:48:47+00:00\" \/>\n<meta property=\"article:modified_time\" content=\"2023-07-14T20:50:29+00:00\" \/>\n<meta property=\"og:image\" content=\"https:\/\/news.save.ch\/wp-content\/uploads\/2021\/09\/heart_attack_Depositphotos_266762540_s-2019.jpg\" \/>\n\t<meta property=\"og:image:width\" content=\"999\" \/>\n\t<meta property=\"og:image:height\" content=\"667\" \/>\n\t<meta property=\"og:image:type\" content=\"image\/jpeg\" \/>\n<meta name=\"author\" content=\"Simon Gr\u00f6flin\" \/>\n<meta name=\"twitter:card\" content=\"summary_large_image\" \/>\n<meta name=\"twitter:label1\" content=\"\u00c9crit par\" \/>\n\t<meta name=\"twitter:data1\" content=\"Simon Gr\u00f6flin\" \/>\n\t<meta name=\"twitter:label2\" content=\"Dur\u00e9e de lecture estim\u00e9e\" \/>\n\t<meta name=\"twitter:data2\" content=\"2 minutes\" \/>\n<script type=\"application\/ld+json\" class=\"yoast-schema-graph\">{\"@context\":\"https:\\\/\\\/schema.org\",\"@graph\":[{\"@type\":\"Article\",\"@id\":\"https:\\\/\\\/news.save.ch\\\/nicht-traditionelle-risiken-fuer-schlaganfaelle-bei-frauen-nehmen-zu\\\/#article\",\"isPartOf\":{\"@id\":\"https:\\\/\\\/news.save.ch\\\/nicht-traditionelle-risiken-fuer-schlaganfaelle-bei-frauen-nehmen-zu\\\/\"},\"author\":{\"name\":\"Simon Gr\u00f6flin\",\"@id\":\"https:\\\/\\\/news.save.ch\\\/de\\\/#\\\/schema\\\/person\\\/ad4ef21102fd6125312409ac57d5296d\"},\"headline\":\"Nicht-traditionelle Risiken f\u00fcr Schlaganf\u00e4lle bei Frauen nehmen zu\",\"datePublished\":\"2021-09-02T07:48:47+00:00\",\"dateModified\":\"2023-07-14T20:50:29+00:00\",\"mainEntityOfPage\":{\"@id\":\"https:\\\/\\\/news.save.ch\\\/nicht-traditionelle-risiken-fuer-schlaganfaelle-bei-frauen-nehmen-zu\\\/\"},\"wordCount\":324,\"publisher\":{\"@id\":\"https:\\\/\\\/news.save.ch\\\/de\\\/#organization\"},\"image\":{\"@id\":\"https:\\\/\\\/news.save.ch\\\/nicht-traditionelle-risiken-fuer-schlaganfaelle-bei-frauen-nehmen-zu\\\/#primaryimage\"},\"thumbnailUrl\":\"https:\\\/\\\/news.save.ch\\\/wp-content\\\/uploads\\\/2021\\\/09\\\/heart_attack_Depositphotos_266762540_s-2019.jpg\",\"keywords\":[\"Arbeitsstress\",\"Frauen\",\"Herzinfarkt\",\"M\u00fcdigkeit\",\"Schlafst\u00f6rungen\",\"Schlaganf\u00e4lle\"],\"articleSection\":[\"ALLGEMEIN\",\"HEALTH &amp; SAFETY\"],\"inLanguage\":\"fr-FR\"},{\"@type\":\"WebPage\",\"@id\":\"https:\\\/\\\/news.save.ch\\\/nicht-traditionelle-risiken-fuer-schlaganfaelle-bei-frauen-nehmen-zu\\\/\",\"url\":\"https:\\\/\\\/news.save.ch\\\/nicht-traditionelle-risiken-fuer-schlaganfaelle-bei-frauen-nehmen-zu\\\/\",\"name\":\"Nicht-traditionelle Risiken f\u00fcr Schlaganf\u00e4lle bei Frauen nehmen zu - Save\",\"isPartOf\":{\"@id\":\"https:\\\/\\\/news.save.ch\\\/de\\\/#website\"},\"primaryImageOfPage\":{\"@id\":\"https:\\\/\\\/news.save.ch\\\/nicht-traditionelle-risiken-fuer-schlaganfaelle-bei-frauen-nehmen-zu\\\/#primaryimage\"},\"image\":{\"@id\":\"https:\\\/\\\/news.save.ch\\\/nicht-traditionelle-risiken-fuer-schlaganfaelle-bei-frauen-nehmen-zu\\\/#primaryimage\"},\"thumbnailUrl\":\"https:\\\/\\\/news.save.ch\\\/wp-content\\\/uploads\\\/2021\\\/09\\\/heart_attack_Depositphotos_266762540_s-2019.jpg\",\"datePublished\":\"2021-09-02T07:48:47+00:00\",\"dateModified\":\"2023-07-14T20:50:29+00:00\",\"description\":\"Laut einer Konferenz der European Stroke Organisation (ESO) nehmen Arbeitsstress, Schlafst\u00f6rungen und M\u00fcdigkeit zu. Damit steigen auch nicht-traditionelle Risiken f\u00fcr Schlaganf\u00e4lle. Eine neue Studie deutet besonders bei Frauen auf eine steigende Tendenz hin.\",\"breadcrumb\":{\"@id\":\"https:\\\/\\\/news.save.ch\\\/nicht-traditionelle-risiken-fuer-schlaganfaelle-bei-frauen-nehmen-zu\\\/#breadcrumb\"},\"inLanguage\":\"fr-FR\",\"potentialAction\":[{\"@type\":\"ReadAction\",\"target\":[\"https:\\\/\\\/news.save.ch\\\/nicht-traditionelle-risiken-fuer-schlaganfaelle-bei-frauen-nehmen-zu\\\/\"]}]},{\"@type\":\"ImageObject\",\"inLanguage\":\"fr-FR\",\"@id\":\"https:\\\/\\\/news.save.ch\\\/nicht-traditionelle-risiken-fuer-schlaganfaelle-bei-frauen-nehmen-zu\\\/#primaryimage\",\"url\":\"https:\\\/\\\/news.save.ch\\\/wp-content\\\/uploads\\\/2021\\\/09\\\/heart_attack_Depositphotos_266762540_s-2019.jpg\",\"contentUrl\":\"https:\\\/\\\/news.save.ch\\\/wp-content\\\/uploads\\\/2021\\\/09\\\/heart_attack_Depositphotos_266762540_s-2019.jpg\",\"width\":999,\"height\":667,\"caption\":\"\u00a9depositphotos\"},{\"@type\":\"BreadcrumbList\",\"@id\":\"https:\\\/\\\/news.save.ch\\\/nicht-traditionelle-risiken-fuer-schlaganfaelle-bei-frauen-nehmen-zu\\\/#breadcrumb\",\"itemListElement\":[{\"@type\":\"ListItem\",\"position\":1,\"name\":\"Home\",\"item\":\"https:\\\/\\\/news.save.ch\\\/de\\\/\"},{\"@type\":\"ListItem\",\"position\":2,\"name\":\"Nicht-traditionelle Risiken f\u00fcr Schlaganf\u00e4lle bei Frauen nehmen zu\"}]},{\"@type\":\"WebSite\",\"@id\":\"https:\\\/\\\/news.save.ch\\\/de\\\/#website\",\"url\":\"https:\\\/\\\/news.save.ch\\\/de\\\/\",\"name\":\"Save\",\"description\":\"Schweizer Fachzeitschrift f\u00fcr Sicherheit\",\"publisher\":{\"@id\":\"https:\\\/\\\/news.save.ch\\\/de\\\/#organization\"},\"potentialAction\":[{\"@type\":\"SearchAction\",\"target\":{\"@type\":\"EntryPoint\",\"urlTemplate\":\"https:\\\/\\\/news.save.ch\\\/de\\\/?s={search_term_string}\"},\"query-input\":{\"@type\":\"PropertyValueSpecification\",\"valueRequired\":true,\"valueName\":\"search_term_string\"}}],\"inLanguage\":\"fr-FR\"},{\"@type\":\"Organization\",\"@id\":\"https:\\\/\\\/news.save.ch\\\/de\\\/#organization\",\"name\":\"Sicherheitsforum\",\"url\":\"https:\\\/\\\/news.save.ch\\\/de\\\/\",\"logo\":{\"@type\":\"ImageObject\",\"inLanguage\":\"fr-FR\",\"@id\":\"https:\\\/\\\/news.save.ch\\\/de\\\/#\\\/schema\\\/logo\\\/image\\\/\",\"url\":\"https:\\\/\\\/news.save.ch\\\/wp-content\\\/uploads\\\/2022\\\/06\\\/Logo_SF_2012.png\",\"contentUrl\":\"https:\\\/\\\/news.save.ch\\\/wp-content\\\/uploads\\\/2022\\\/06\\\/Logo_SF_2012.png\",\"width\":1100,\"height\":91,\"caption\":\"Sicherheitsforum\"},\"image\":{\"@id\":\"https:\\\/\\\/news.save.ch\\\/de\\\/#\\\/schema\\\/logo\\\/image\\\/\"}},{\"@type\":\"Person\",\"@id\":\"https:\\\/\\\/news.save.ch\\\/de\\\/#\\\/schema\\\/person\\\/ad4ef21102fd6125312409ac57d5296d\",\"name\":\"Simon Gr\u00f6flin\",\"image\":{\"@type\":\"ImageObject\",\"inLanguage\":\"fr-FR\",\"@id\":\"https:\\\/\\\/secure.gravatar.com\\\/avatar\\\/6ddceb80eb734354635539e0ea5140bb7c41e42de7c45c9a2ab9921b5d5c9a83?s=96&d=mm&r=g\",\"url\":\"https:\\\/\\\/secure.gravatar.com\\\/avatar\\\/6ddceb80eb734354635539e0ea5140bb7c41e42de7c45c9a2ab9921b5d5c9a83?s=96&d=mm&r=g\",\"contentUrl\":\"https:\\\/\\\/secure.gravatar.com\\\/avatar\\\/6ddceb80eb734354635539e0ea5140bb7c41e42de7c45c9a2ab9921b5d5c9a83?s=96&d=mm&r=g\",\"caption\":\"Simon Gr\u00f6flin\"},\"url\":\"https:\\\/\\\/news.save.ch\\\/fr\\\/author\\\/simon-groeflin\\\/\"}]}<\/script>\n<!-- \/ Yoast SEO plugin. -->","yoast_head_json":{"title":"Les risques non traditionnels d'AVC augmentent chez les femmes - Save","description":"Selon une conf\u00e9rence de l'European Stroke Organisation (ESO), le stress au travail, les troubles du sommeil et la fatigue augmentent. Par cons\u00e9quent, les risques non traditionnels d'AVC augmentent \u00e9galement. Une nouvelle \u00e9tude indique une tendance \u00e0 la hausse, en particulier chez les femmes.","robots":{"index":"index","follow":"follow","max-snippet":"max-snippet:-1","max-image-preview":"max-image-preview:large","max-video-preview":"max-video-preview:-1"},"canonical":"https:\/\/news.save.ch\/fr\/nicht-traditionelle-risiken-fuer-schlaganfaelle-bei-frauen-nehmen-zu\/","og_locale":"fr_FR","og_type":"article","og_title":"Nicht-traditionelle Risiken f\u00fcr Schlaganf\u00e4lle bei Frauen nehmen zu - Save","og_description":"Laut einer Konferenz der European Stroke Organisation (ESO) nehmen Arbeitsstress, Schlafst\u00f6rungen und M\u00fcdigkeit zu. Damit steigen auch nicht-traditionelle Risiken f\u00fcr Schlaganf\u00e4lle. Eine neue Studie deutet besonders bei Frauen auf eine steigende Tendenz hin.","og_url":"https:\/\/news.save.ch\/fr\/nicht-traditionelle-risiken-fuer-schlaganfaelle-bei-frauen-nehmen-zu\/","og_site_name":"Save","article_published_time":"2021-09-02T07:48:47+00:00","article_modified_time":"2023-07-14T20:50:29+00:00","og_image":[{"width":999,"height":667,"url":"https:\/\/news.save.ch\/wp-content\/uploads\/2021\/09\/heart_attack_Depositphotos_266762540_s-2019.jpg","type":"image\/jpeg"}],"author":"Simon Gr\u00f6flin","twitter_card":"summary_large_image","twitter_misc":{"\u00c9crit par":"Simon Gr\u00f6flin","Dur\u00e9e de lecture estim\u00e9e":"2 minutes"},"schema":{"@context":"https:\/\/schema.org","@graph":[{"@type":"Article","@id":"https:\/\/news.save.ch\/nicht-traditionelle-risiken-fuer-schlaganfaelle-bei-frauen-nehmen-zu\/#article","isPartOf":{"@id":"https:\/\/news.save.ch\/nicht-traditionelle-risiken-fuer-schlaganfaelle-bei-frauen-nehmen-zu\/"},"author":{"name":"Simon Gr\u00f6flin","@id":"https:\/\/news.save.ch\/de\/#\/schema\/person\/ad4ef21102fd6125312409ac57d5296d"},"headline":"Nicht-traditionelle Risiken f\u00fcr Schlaganf\u00e4lle bei Frauen nehmen zu","datePublished":"2021-09-02T07:48:47+00:00","dateModified":"2023-07-14T20:50:29+00:00","mainEntityOfPage":{"@id":"https:\/\/news.save.ch\/nicht-traditionelle-risiken-fuer-schlaganfaelle-bei-frauen-nehmen-zu\/"},"wordCount":324,"publisher":{"@id":"https:\/\/news.save.ch\/de\/#organization"},"image":{"@id":"https:\/\/news.save.ch\/nicht-traditionelle-risiken-fuer-schlaganfaelle-bei-frauen-nehmen-zu\/#primaryimage"},"thumbnailUrl":"https:\/\/news.save.ch\/wp-content\/uploads\/2021\/09\/heart_attack_Depositphotos_266762540_s-2019.jpg","keywords":["Arbeitsstress","Frauen","Herzinfarkt","M\u00fcdigkeit","Schlafst\u00f6rungen","Schlaganf\u00e4lle"],"articleSection":["ALLGEMEIN","HEALTH &amp; SAFETY"],"inLanguage":"fr-FR"},{"@type":"WebPage","@id":"https:\/\/news.save.ch\/nicht-traditionelle-risiken-fuer-schlaganfaelle-bei-frauen-nehmen-zu\/","url":"https:\/\/news.save.ch\/nicht-traditionelle-risiken-fuer-schlaganfaelle-bei-frauen-nehmen-zu\/","name":"Les risques non traditionnels d'AVC augmentent chez les femmes - Save","isPartOf":{"@id":"https:\/\/news.save.ch\/de\/#website"},"primaryImageOfPage":{"@id":"https:\/\/news.save.ch\/nicht-traditionelle-risiken-fuer-schlaganfaelle-bei-frauen-nehmen-zu\/#primaryimage"},"image":{"@id":"https:\/\/news.save.ch\/nicht-traditionelle-risiken-fuer-schlaganfaelle-bei-frauen-nehmen-zu\/#primaryimage"},"thumbnailUrl":"https:\/\/news.save.ch\/wp-content\/uploads\/2021\/09\/heart_attack_Depositphotos_266762540_s-2019.jpg","datePublished":"2021-09-02T07:48:47+00:00","dateModified":"2023-07-14T20:50:29+00:00","description":"Selon une conf\u00e9rence de l'European Stroke Organisation (ESO), le stress au travail, les troubles du sommeil et la fatigue augmentent. Par cons\u00e9quent, les risques non traditionnels d'AVC augmentent \u00e9galement. Une nouvelle \u00e9tude indique une tendance \u00e0 la hausse, en particulier chez les femmes.","breadcrumb":{"@id":"https:\/\/news.save.ch\/nicht-traditionelle-risiken-fuer-schlaganfaelle-bei-frauen-nehmen-zu\/#breadcrumb"},"inLanguage":"fr-FR","potentialAction":[{"@type":"ReadAction","target":["https:\/\/news.save.ch\/nicht-traditionelle-risiken-fuer-schlaganfaelle-bei-frauen-nehmen-zu\/"]}]},{"@type":"ImageObject","inLanguage":"fr-FR","@id":"https:\/\/news.save.ch\/nicht-traditionelle-risiken-fuer-schlaganfaelle-bei-frauen-nehmen-zu\/#primaryimage","url":"https:\/\/news.save.ch\/wp-content\/uploads\/2021\/09\/heart_attack_Depositphotos_266762540_s-2019.jpg","contentUrl":"https:\/\/news.save.ch\/wp-content\/uploads\/2021\/09\/heart_attack_Depositphotos_266762540_s-2019.jpg","width":999,"height":667,"caption":"\u00a9depositphotos"},{"@type":"BreadcrumbList","@id":"https:\/\/news.save.ch\/nicht-traditionelle-risiken-fuer-schlaganfaelle-bei-frauen-nehmen-zu\/#breadcrumb","itemListElement":[{"@type":"ListItem","position":1,"name":"Home","item":"https:\/\/news.save.ch\/de\/"},{"@type":"ListItem","position":2,"name":"Nicht-traditionelle Risiken f\u00fcr Schlaganf\u00e4lle bei Frauen nehmen zu"}]},{"@type":"WebSite","@id":"https:\/\/news.save.ch\/de\/#website","url":"https:\/\/news.save.ch\/de\/","name":"Save","description":"Revue suisse sp\u00e9cialis\u00e9e dans la s\u00e9curit\u00e9","publisher":{"@id":"https:\/\/news.save.ch\/de\/#organization"},"potentialAction":[{"@type":"SearchAction","target":{"@type":"EntryPoint","urlTemplate":"https:\/\/news.save.ch\/de\/?s={search_term_string}"},"query-input":{"@type":"PropertyValueSpecification","valueRequired":true,"valueName":"search_term_string"}}],"inLanguage":"fr-FR"},{"@type":"Organization","@id":"https:\/\/news.save.ch\/de\/#organization","name":"Forum sur la s\u00e9curit\u00e9","url":"https:\/\/news.save.ch\/de\/","logo":{"@type":"ImageObject","inLanguage":"fr-FR","@id":"https:\/\/news.save.ch\/de\/#\/schema\/logo\/image\/","url":"https:\/\/news.save.ch\/wp-content\/uploads\/2022\/06\/Logo_SF_2012.png","contentUrl":"https:\/\/news.save.ch\/wp-content\/uploads\/2022\/06\/Logo_SF_2012.png","width":1100,"height":91,"caption":"Sicherheitsforum"},"image":{"@id":"https:\/\/news.save.ch\/de\/#\/schema\/logo\/image\/"}},{"@type":"Person","@id":"https:\/\/news.save.ch\/de\/#\/schema\/person\/ad4ef21102fd6125312409ac57d5296d","name":"Simon Gr\u00f6flin","image":{"@type":"ImageObject","inLanguage":"fr-FR","@id":"https:\/\/secure.gravatar.com\/avatar\/6ddceb80eb734354635539e0ea5140bb7c41e42de7c45c9a2ab9921b5d5c9a83?s=96&d=mm&r=g","url":"https:\/\/secure.gravatar.com\/avatar\/6ddceb80eb734354635539e0ea5140bb7c41e42de7c45c9a2ab9921b5d5c9a83?s=96&d=mm&r=g","contentUrl":"https:\/\/secure.gravatar.com\/avatar\/6ddceb80eb734354635539e0ea5140bb7c41e42de7c45c9a2ab9921b5d5c9a83?s=96&d=mm&r=g","caption":"Simon Gr\u00f6flin"},"url":"https:\/\/news.save.ch\/fr\/author\/simon-groeflin\/"}]}},"_links":{"self":[{"href":"https:\/\/news.save.ch\/fr\/wp-json\/wp\/v2\/posts\/17020","targetHints":{"allow":["GET"]}}],"collection":[{"href":"https:\/\/news.save.ch\/fr\/wp-json\/wp\/v2\/posts"}],"about":[{"href":"https:\/\/news.save.ch\/fr\/wp-json\/wp\/v2\/types\/post"}],"author":[{"embeddable":true,"href":"https:\/\/news.save.ch\/fr\/wp-json\/wp\/v2\/users\/9"}],"replies":[{"embeddable":true,"href":"https:\/\/news.save.ch\/fr\/wp-json\/wp\/v2\/comments?post=17020"}],"version-history":[{"count":2,"href":"https:\/\/news.save.ch\/fr\/wp-json\/wp\/v2\/posts\/17020\/revisions"}],"predecessor-version":[{"id":20891,"href":"https:\/\/news.save.ch\/fr\/wp-json\/wp\/v2\/posts\/17020\/revisions\/20891"}],"wp:featuredmedia":[{"embeddable":true,"href":"https:\/\/news.save.ch\/fr\/wp-json\/wp\/v2\/media\/16490"}],"wp:attachment":[{"href":"https:\/\/news.save.ch\/fr\/wp-json\/wp\/v2\/media?parent=17020"}],"wp:term":[{"taxonomy":"category","embeddable":true,"href":"https:\/\/news.save.ch\/fr\/wp-json\/wp\/v2\/categories?post=17020"},{"taxonomy":"post_tag","embeddable":true,"href":"https:\/\/news.save.ch\/fr\/wp-json\/wp\/v2\/tags?post=17020"}],"curies":[{"name":"wp","href":"https:\/\/api.w.org\/{rel}","templated":true}]}}