{"id":17026,"date":"2021-11-03T09:39:22","date_gmt":"2021-11-03T08:39:22","guid":{"rendered":"https:\/\/news.save.ch\/?p=7917"},"modified":"2023-08-16T04:23:03","modified_gmt":"2023-08-16T02:23:03","slug":"suva-erhaelt-auszeichnung-als-bester-kurzfilm-im-bereich-praevention","status":null,"type":"post","link":"https:\/\/news.save.ch\/fr\/suva-erhaelt-auszeichnung-als-bester-kurzfilm-im-bereich-praevention\/","title":{"rendered":"La Suva re\u00e7oit le prix du meilleur court-m\u00e9trage dans le domaine de la pr\u00e9vention"},"content":{"rendered":"<figure id=\"attachment_7920\" aria-describedby=\"caption-attachment-7920\" style=\"width: 680px\" class=\"wp-caption alignnone\"><img loading=\"lazy\" decoding=\"async\" class=\"wp-image-7920 size-medium\" src=\"https:\/\/news.save.ch\/wp-content\/uploads\/2021\/11\/Lifeisgood_suva-scaled-1-680x366.jpg\" alt=\"Pr\u00e9vention\" width=\"680\" height=\"366\" srcset=\"https:\/\/news.save.ch\/wp-content\/uploads\/2021\/11\/Lifeisgood_suva-scaled-1-680x366.jpg 680w, https:\/\/news.save.ch\/wp-content\/uploads\/2021\/11\/Lifeisgood_suva-scaled-1-1024x551.jpg 1024w, https:\/\/news.save.ch\/wp-content\/uploads\/2021\/11\/Lifeisgood_suva-scaled-1-768x414.jpg 768w, https:\/\/news.save.ch\/wp-content\/uploads\/2021\/11\/Lifeisgood_suva-scaled-1-18x10.jpg 18w, https:\/\/news.save.ch\/wp-content\/uploads\/2021\/11\/Lifeisgood_suva-scaled-1-375x202.jpg 375w, https:\/\/news.save.ch\/wp-content\/uploads\/2021\/11\/Lifeisgood_suva-scaled-1-650x350.jpg 650w, https:\/\/news.save.ch\/wp-content\/uploads\/2021\/11\/Lifeisgood_suva-scaled-1-1000x539.jpg 1000w, https:\/\/news.save.ch\/wp-content\/uploads\/2021\/11\/Lifeisgood_suva-scaled-1.jpg 1400w\" sizes=\"auto, (max-width: 680px) 100vw, 680px\" \/><figcaption id=\"caption-attachment-7920\" class=\"wp-caption-text\">Image : Capture d'\u00e9cran YouTube\/Suva<\/figcaption><\/figure>\n<p>Le spot TV de pr\u00e9vention de la Suva \"La vie est belle\" a \u00e9t\u00e9 r\u00e9compens\u00e9 comme meilleur court-m\u00e9trage dans le domaine de la pr\u00e9vention lors d'un festival international des m\u00e9dias \u00e0 Toronto, au Canada. Avec ce contenu, la Suva souhaite avant tout attirer l'attention sur les dangers du travail et des loisirs. Selon Andr\u00e9 Meier, chef de la division S\u00e9curit\u00e9 au travail et protection de la sant\u00e9, cit\u00e9 dans un communiqu\u00e9 de la Suva, la publicit\u00e9 pour la Suva \u00e9tait moins importante. Ainsi, les chiffres des accidents ont confirm\u00e9 que le travail de pr\u00e9vention de la Suva \u00e9tait efficace. Ainsi, la comparaison des ann\u00e9es 2010 \u00e0 2019 avec les dix ann\u00e9es pr\u00e9c\u00e9dentes montre une image r\u00e9jouissante. Le risque d'accident au travail a ainsi diminu\u00e9 de 14%. Selon la Suva, les accidents mortels ont \u00e9galement pu \u00eatre r\u00e9duits de 35 pour cent.<\/p>\n<p>Les autorit\u00e9s locales jouent un r\u00f4le central dans la pr\u00e9vention des accidents. <a href=\"https:\/\/www.suva.ch\/de-ch\/praevention\/sicherheit-mit-system\/lebenswichtige-regeln#uxlibrary-lwrslider=1\" target=\"_blank\" rel=\"noopener\">r\u00e8gles vitales<\/a> que la Suva a \u00e9labor\u00e9es depuis 2010 avec les partenaires sociaux. Si ces quelques r\u00e8gles \u00e9taient appliqu\u00e9es de mani\u00e8re cons\u00e9quente, 75% des accidents graves et mortels pourraient \u00eatre \u00e9vit\u00e9s. La Suva a r\u00e9ussi \u00e0 faire conna\u00eetre ces r\u00e8gles vitales sur les chantiers et dans les entreprises. Mais il ne suffit pas de conna\u00eetre les r\u00e8gles. Il faut passer du savoir \u00e0 l'action, souligne l'assureur-accidents.<\/p>\n<p><iframe loading=\"lazy\" title=\"La vie est belle tant qu&#039;il ne se passe rien - spot TV\" width=\"768\" height=\"432\" src=\"https:\/\/www.youtube.com\/embed\/uI3AOQU4OQg?feature=oembed\" frameborder=\"0\" allow=\"accelerometer; autoplay; clipboard-write; encrypted-media; gyroscope; picture-in-picture; web-share\" allowfullscreen><\/iframe><\/p>\n<p>Le site <a href=\"https:\/\/sicherheits-charta.ch\/home\/\" target=\"_blank\" rel=\"noopener\">Charte de s\u00e9curit\u00e9<\/a> est un instrument appropri\u00e9 pour favoriser cette \u00e9volution.<\/p>\n<p><em>Source : Suva\u00a0<\/em><\/p>","protected":false},"excerpt":{"rendered":"<p>Der Pr\u00e4ventions-TV-Spot der Suva \u00abDas Leben ist sch\u00f6n\u00bb erhielt an einem internationalen Media-Festival im kanadischen Toronto eine Auszeichnung als bester Kurzfilm im Bereich Pr\u00e4vention. Mit den Inhalten wolle die Suva vor allem auf die Gefahren der Arbeit und in der Freizeit aufmerksam machen. Die Werbung f\u00fcr die Suva sei weniger im Vordergrund gestanden, l\u00e4sst sich [&hellip;]<\/p>\n","protected":false},"author":9,"featured_media":7920,"comment_status":"closed","ping_status":"closed","sticky":false,"template":"","format":"standard","meta":{"_acf_changed":false,"pgc_sgb_lightbox_settings":"","footnotes":""},"categories":[1],"tags":[5168,5169,5167,167,3138],"class_list":["post-17026","post","type-post","status-publish","format-standard","has-post-thumbnail","hentry","category-allgemein","tag-arbeitssicherheit-und-gesundheitsschutz","tag-lebenswichtigen-regeln","tag-praeventions-tv-spot","tag-suva","tag-unfallpraevention"],"acf":[],"hkrextid":null,"publication":null,"issue":null,"workflow":null,"startPage":null,"spitzmarke":null,"_posts_by_tag_page_fields":{"widget_title":"","widget_tags":""},"_at_widget":"1","_yoast_wpseo_primary_category":"","_yoast_wpseo_focuskw_text_input":null,"_yoast_wpseo_opengraph-image":null,"_yoast_wpseo_opengraph-description":null,"_yoast_wpseo_opengraph-title":null,"enclosure":null,"_yoast_wpseo_twitter-title":null,"_yoast_wpseo_twitter-description":null,"_yoast_wpseo_twitter-image":null,"_wp_old_slug":null,"_yoast_wpseo_title":null,"_yoast_wpseo_canonical":null,"yoast_head":"<!-- This site is optimized with the Yoast SEO plugin v27.5 - https:\/\/yoast.com\/product\/yoast-seo-wordpress\/ -->\n<title>Suva erh\u00e4lt Auszeichnung als bester Kurzfilm im Bereich Pr\u00e4vention - Save<\/title>\n<meta name=\"description\" content=\"Ein Pr\u00e4ventionsspot der Suva, der Beinahe-Unf\u00e4lle zeigt, wurde an einem internationalen Media-Festival als bester Pr\u00e4ventions-Kurzfilm ausgezeichnet. Die Pr\u00e4ventionsarbeit der Suva habe sich auch positiv auf die Unfallzahlen der letzten Jahre ausgewirkt.\u00a0\" \/>\n<meta name=\"robots\" content=\"index, follow, max-snippet:-1, max-image-preview:large, max-video-preview:-1\" \/>\n<link rel=\"canonical\" href=\"https:\/\/news.save.ch\/fr\/suva-erhaelt-auszeichnung-als-bester-kurzfilm-im-bereich-praevention\/\" \/>\n<meta property=\"og:locale\" content=\"fr_FR\" \/>\n<meta property=\"og:type\" content=\"article\" \/>\n<meta property=\"og:title\" content=\"Suva erh\u00e4lt Auszeichnung als bester Kurzfilm im Bereich Pr\u00e4vention - Save\" \/>\n<meta property=\"og:description\" content=\"Ein Pr\u00e4ventionsspot der Suva, der Beinahe-Unf\u00e4lle zeigt, wurde an einem internationalen Media-Festival als bester Pr\u00e4ventions-Kurzfilm ausgezeichnet. Die Pr\u00e4ventionsarbeit der Suva habe sich auch positiv auf die Unfallzahlen der letzten Jahre ausgewirkt.\u00a0\" \/>\n<meta property=\"og:url\" content=\"https:\/\/news.save.ch\/fr\/suva-erhaelt-auszeichnung-als-bester-kurzfilm-im-bereich-praevention\/\" \/>\n<meta property=\"og:site_name\" content=\"Save\" \/>\n<meta property=\"article:published_time\" content=\"2021-11-03T08:39:22+00:00\" \/>\n<meta property=\"article:modified_time\" content=\"2023-08-16T02:23:03+00:00\" \/>\n<meta property=\"og:image\" content=\"https:\/\/news.save.ch\/wp-content\/uploads\/2021\/11\/Lifeisgood_suva-scaled-1.jpg\" \/>\n\t<meta property=\"og:image:width\" content=\"1400\" \/>\n\t<meta property=\"og:image:height\" content=\"754\" \/>\n\t<meta property=\"og:image:type\" content=\"image\/jpeg\" \/>\n<meta name=\"author\" content=\"Simon Gr\u00f6flin\" \/>\n<meta name=\"twitter:card\" content=\"summary_large_image\" \/>\n<meta name=\"twitter:label1\" content=\"\u00c9crit par\" \/>\n\t<meta name=\"twitter:data1\" content=\"Simon Gr\u00f6flin\" \/>\n\t<meta name=\"twitter:label2\" content=\"Dur\u00e9e de lecture estim\u00e9e\" \/>\n\t<meta name=\"twitter:data2\" content=\"2 minutes\" \/>\n<script type=\"application\/ld+json\" class=\"yoast-schema-graph\">{\"@context\":\"https:\\\/\\\/schema.org\",\"@graph\":[{\"@type\":\"Article\",\"@id\":\"https:\\\/\\\/news.save.ch\\\/suva-erhaelt-auszeichnung-als-bester-kurzfilm-im-bereich-praevention\\\/#article\",\"isPartOf\":{\"@id\":\"https:\\\/\\\/news.save.ch\\\/suva-erhaelt-auszeichnung-als-bester-kurzfilm-im-bereich-praevention\\\/\"},\"author\":{\"name\":\"Simon Gr\u00f6flin\",\"@id\":\"https:\\\/\\\/news.save.ch\\\/de\\\/#\\\/schema\\\/person\\\/ad4ef21102fd6125312409ac57d5296d\"},\"headline\":\"Suva erh\u00e4lt Auszeichnung als bester Kurzfilm im Bereich Pr\u00e4vention\",\"datePublished\":\"2021-11-03T08:39:22+00:00\",\"dateModified\":\"2023-08-16T02:23:03+00:00\",\"mainEntityOfPage\":{\"@id\":\"https:\\\/\\\/news.save.ch\\\/suva-erhaelt-auszeichnung-als-bester-kurzfilm-im-bereich-praevention\\\/\"},\"wordCount\":250,\"publisher\":{\"@id\":\"https:\\\/\\\/news.save.ch\\\/de\\\/#organization\"},\"image\":{\"@id\":\"https:\\\/\\\/news.save.ch\\\/suva-erhaelt-auszeichnung-als-bester-kurzfilm-im-bereich-praevention\\\/#primaryimage\"},\"thumbnailUrl\":\"https:\\\/\\\/news.save.ch\\\/wp-content\\\/uploads\\\/2021\\\/11\\\/Lifeisgood_suva-scaled-1.jpg\",\"keywords\":[\"Arbeitssicherheit und Gesundheitsschutz\",\"lebenswichtigen Regeln\",\"Pr\u00e4ventions-TV-Spot\",\"SUVA\",\"Unfallpr\u00e4vention\"],\"articleSection\":[\"ALLGEMEIN\"],\"inLanguage\":\"fr-FR\"},{\"@type\":\"WebPage\",\"@id\":\"https:\\\/\\\/news.save.ch\\\/suva-erhaelt-auszeichnung-als-bester-kurzfilm-im-bereich-praevention\\\/\",\"url\":\"https:\\\/\\\/news.save.ch\\\/suva-erhaelt-auszeichnung-als-bester-kurzfilm-im-bereich-praevention\\\/\",\"name\":\"Suva erh\u00e4lt Auszeichnung als bester Kurzfilm im Bereich Pr\u00e4vention - Save\",\"isPartOf\":{\"@id\":\"https:\\\/\\\/news.save.ch\\\/de\\\/#website\"},\"primaryImageOfPage\":{\"@id\":\"https:\\\/\\\/news.save.ch\\\/suva-erhaelt-auszeichnung-als-bester-kurzfilm-im-bereich-praevention\\\/#primaryimage\"},\"image\":{\"@id\":\"https:\\\/\\\/news.save.ch\\\/suva-erhaelt-auszeichnung-als-bester-kurzfilm-im-bereich-praevention\\\/#primaryimage\"},\"thumbnailUrl\":\"https:\\\/\\\/news.save.ch\\\/wp-content\\\/uploads\\\/2021\\\/11\\\/Lifeisgood_suva-scaled-1.jpg\",\"datePublished\":\"2021-11-03T08:39:22+00:00\",\"dateModified\":\"2023-08-16T02:23:03+00:00\",\"description\":\"Ein Pr\u00e4ventionsspot der Suva, der Beinahe-Unf\u00e4lle zeigt, wurde an einem internationalen Media-Festival als bester Pr\u00e4ventions-Kurzfilm ausgezeichnet. Die Pr\u00e4ventionsarbeit der Suva habe sich auch positiv auf die Unfallzahlen der letzten Jahre ausgewirkt.\u00a0\",\"breadcrumb\":{\"@id\":\"https:\\\/\\\/news.save.ch\\\/suva-erhaelt-auszeichnung-als-bester-kurzfilm-im-bereich-praevention\\\/#breadcrumb\"},\"inLanguage\":\"fr-FR\",\"potentialAction\":[{\"@type\":\"ReadAction\",\"target\":[\"https:\\\/\\\/news.save.ch\\\/suva-erhaelt-auszeichnung-als-bester-kurzfilm-im-bereich-praevention\\\/\"]}]},{\"@type\":\"ImageObject\",\"inLanguage\":\"fr-FR\",\"@id\":\"https:\\\/\\\/news.save.ch\\\/suva-erhaelt-auszeichnung-als-bester-kurzfilm-im-bereich-praevention\\\/#primaryimage\",\"url\":\"https:\\\/\\\/news.save.ch\\\/wp-content\\\/uploads\\\/2021\\\/11\\\/Lifeisgood_suva-scaled-1.jpg\",\"contentUrl\":\"https:\\\/\\\/news.save.ch\\\/wp-content\\\/uploads\\\/2021\\\/11\\\/Lifeisgood_suva-scaled-1.jpg\",\"width\":1400,\"height\":754},{\"@type\":\"BreadcrumbList\",\"@id\":\"https:\\\/\\\/news.save.ch\\\/suva-erhaelt-auszeichnung-als-bester-kurzfilm-im-bereich-praevention\\\/#breadcrumb\",\"itemListElement\":[{\"@type\":\"ListItem\",\"position\":1,\"name\":\"Home\",\"item\":\"https:\\\/\\\/news.save.ch\\\/de\\\/\"},{\"@type\":\"ListItem\",\"position\":2,\"name\":\"Suva erh\u00e4lt Auszeichnung als bester Kurzfilm im Bereich Pr\u00e4vention\"}]},{\"@type\":\"WebSite\",\"@id\":\"https:\\\/\\\/news.save.ch\\\/de\\\/#website\",\"url\":\"https:\\\/\\\/news.save.ch\\\/de\\\/\",\"name\":\"Save\",\"description\":\"Schweizer Fachzeitschrift f\u00fcr Sicherheit\",\"publisher\":{\"@id\":\"https:\\\/\\\/news.save.ch\\\/de\\\/#organization\"},\"potentialAction\":[{\"@type\":\"SearchAction\",\"target\":{\"@type\":\"EntryPoint\",\"urlTemplate\":\"https:\\\/\\\/news.save.ch\\\/de\\\/?s={search_term_string}\"},\"query-input\":{\"@type\":\"PropertyValueSpecification\",\"valueRequired\":true,\"valueName\":\"search_term_string\"}}],\"inLanguage\":\"fr-FR\"},{\"@type\":\"Organization\",\"@id\":\"https:\\\/\\\/news.save.ch\\\/de\\\/#organization\",\"name\":\"Sicherheitsforum\",\"url\":\"https:\\\/\\\/news.save.ch\\\/de\\\/\",\"logo\":{\"@type\":\"ImageObject\",\"inLanguage\":\"fr-FR\",\"@id\":\"https:\\\/\\\/news.save.ch\\\/de\\\/#\\\/schema\\\/logo\\\/image\\\/\",\"url\":\"https:\\\/\\\/news.save.ch\\\/wp-content\\\/uploads\\\/2022\\\/06\\\/Logo_SF_2012.png\",\"contentUrl\":\"https:\\\/\\\/news.save.ch\\\/wp-content\\\/uploads\\\/2022\\\/06\\\/Logo_SF_2012.png\",\"width\":1100,\"height\":91,\"caption\":\"Sicherheitsforum\"},\"image\":{\"@id\":\"https:\\\/\\\/news.save.ch\\\/de\\\/#\\\/schema\\\/logo\\\/image\\\/\"}},{\"@type\":\"Person\",\"@id\":\"https:\\\/\\\/news.save.ch\\\/de\\\/#\\\/schema\\\/person\\\/ad4ef21102fd6125312409ac57d5296d\",\"name\":\"Simon Gr\u00f6flin\",\"image\":{\"@type\":\"ImageObject\",\"inLanguage\":\"fr-FR\",\"@id\":\"https:\\\/\\\/secure.gravatar.com\\\/avatar\\\/6ddceb80eb734354635539e0ea5140bb7c41e42de7c45c9a2ab9921b5d5c9a83?s=96&d=mm&r=g\",\"url\":\"https:\\\/\\\/secure.gravatar.com\\\/avatar\\\/6ddceb80eb734354635539e0ea5140bb7c41e42de7c45c9a2ab9921b5d5c9a83?s=96&d=mm&r=g\",\"contentUrl\":\"https:\\\/\\\/secure.gravatar.com\\\/avatar\\\/6ddceb80eb734354635539e0ea5140bb7c41e42de7c45c9a2ab9921b5d5c9a83?s=96&d=mm&r=g\",\"caption\":\"Simon Gr\u00f6flin\"},\"url\":\"https:\\\/\\\/news.save.ch\\\/fr\\\/author\\\/simon-groeflin\\\/\"}]}<\/script>\n<!-- \/ Yoast SEO plugin. -->","yoast_head_json":{"title":"La Suva re\u00e7oit le prix du meilleur court-m\u00e9trage dans le domaine de la pr\u00e9vention - Save","description":"Un spot de pr\u00e9vention de la Suva montrant des accidents \u00e9vit\u00e9s de justesse a \u00e9t\u00e9 r\u00e9compens\u00e9 comme meilleur court-m\u00e9trage de pr\u00e9vention lors d'un festival international des m\u00e9dias. Le travail de pr\u00e9vention de la Suva aurait \u00e9galement eu un effet positif sur le nombre d'accidents de ces derni\u00e8res ann\u00e9es.\u00a0","robots":{"index":"index","follow":"follow","max-snippet":"max-snippet:-1","max-image-preview":"max-image-preview:large","max-video-preview":"max-video-preview:-1"},"canonical":"https:\/\/news.save.ch\/fr\/suva-erhaelt-auszeichnung-als-bester-kurzfilm-im-bereich-praevention\/","og_locale":"fr_FR","og_type":"article","og_title":"Suva erh\u00e4lt Auszeichnung als bester Kurzfilm im Bereich Pr\u00e4vention - Save","og_description":"Ein Pr\u00e4ventionsspot der Suva, der Beinahe-Unf\u00e4lle zeigt, wurde an einem internationalen Media-Festival als bester Pr\u00e4ventions-Kurzfilm ausgezeichnet. Die Pr\u00e4ventionsarbeit der Suva habe sich auch positiv auf die Unfallzahlen der letzten Jahre ausgewirkt.\u00a0","og_url":"https:\/\/news.save.ch\/fr\/suva-erhaelt-auszeichnung-als-bester-kurzfilm-im-bereich-praevention\/","og_site_name":"Save","article_published_time":"2021-11-03T08:39:22+00:00","article_modified_time":"2023-08-16T02:23:03+00:00","og_image":[{"width":1400,"height":754,"url":"https:\/\/news.save.ch\/wp-content\/uploads\/2021\/11\/Lifeisgood_suva-scaled-1.jpg","type":"image\/jpeg"}],"author":"Simon Gr\u00f6flin","twitter_card":"summary_large_image","twitter_misc":{"\u00c9crit par":"Simon Gr\u00f6flin","Dur\u00e9e de lecture estim\u00e9e":"2 minutes"},"schema":{"@context":"https:\/\/schema.org","@graph":[{"@type":"Article","@id":"https:\/\/news.save.ch\/suva-erhaelt-auszeichnung-als-bester-kurzfilm-im-bereich-praevention\/#article","isPartOf":{"@id":"https:\/\/news.save.ch\/suva-erhaelt-auszeichnung-als-bester-kurzfilm-im-bereich-praevention\/"},"author":{"name":"Simon Gr\u00f6flin","@id":"https:\/\/news.save.ch\/de\/#\/schema\/person\/ad4ef21102fd6125312409ac57d5296d"},"headline":"Suva erh\u00e4lt Auszeichnung als bester Kurzfilm im Bereich Pr\u00e4vention","datePublished":"2021-11-03T08:39:22+00:00","dateModified":"2023-08-16T02:23:03+00:00","mainEntityOfPage":{"@id":"https:\/\/news.save.ch\/suva-erhaelt-auszeichnung-als-bester-kurzfilm-im-bereich-praevention\/"},"wordCount":250,"publisher":{"@id":"https:\/\/news.save.ch\/de\/#organization"},"image":{"@id":"https:\/\/news.save.ch\/suva-erhaelt-auszeichnung-als-bester-kurzfilm-im-bereich-praevention\/#primaryimage"},"thumbnailUrl":"https:\/\/news.save.ch\/wp-content\/uploads\/2021\/11\/Lifeisgood_suva-scaled-1.jpg","keywords":["Arbeitssicherheit und Gesundheitsschutz","lebenswichtigen Regeln","Pr\u00e4ventions-TV-Spot","SUVA","Unfallpr\u00e4vention"],"articleSection":["ALLGEMEIN"],"inLanguage":"fr-FR"},{"@type":"WebPage","@id":"https:\/\/news.save.ch\/suva-erhaelt-auszeichnung-als-bester-kurzfilm-im-bereich-praevention\/","url":"https:\/\/news.save.ch\/suva-erhaelt-auszeichnung-als-bester-kurzfilm-im-bereich-praevention\/","name":"La Suva re\u00e7oit le prix du meilleur court-m\u00e9trage dans le domaine de la pr\u00e9vention - Save","isPartOf":{"@id":"https:\/\/news.save.ch\/de\/#website"},"primaryImageOfPage":{"@id":"https:\/\/news.save.ch\/suva-erhaelt-auszeichnung-als-bester-kurzfilm-im-bereich-praevention\/#primaryimage"},"image":{"@id":"https:\/\/news.save.ch\/suva-erhaelt-auszeichnung-als-bester-kurzfilm-im-bereich-praevention\/#primaryimage"},"thumbnailUrl":"https:\/\/news.save.ch\/wp-content\/uploads\/2021\/11\/Lifeisgood_suva-scaled-1.jpg","datePublished":"2021-11-03T08:39:22+00:00","dateModified":"2023-08-16T02:23:03+00:00","description":"Un spot de pr\u00e9vention de la Suva montrant des accidents \u00e9vit\u00e9s de justesse a \u00e9t\u00e9 r\u00e9compens\u00e9 comme meilleur court-m\u00e9trage de pr\u00e9vention lors d'un festival international des m\u00e9dias. Le travail de pr\u00e9vention de la Suva aurait \u00e9galement eu un effet positif sur le nombre d'accidents de ces derni\u00e8res ann\u00e9es.\u00a0","breadcrumb":{"@id":"https:\/\/news.save.ch\/suva-erhaelt-auszeichnung-als-bester-kurzfilm-im-bereich-praevention\/#breadcrumb"},"inLanguage":"fr-FR","potentialAction":[{"@type":"ReadAction","target":["https:\/\/news.save.ch\/suva-erhaelt-auszeichnung-als-bester-kurzfilm-im-bereich-praevention\/"]}]},{"@type":"ImageObject","inLanguage":"fr-FR","@id":"https:\/\/news.save.ch\/suva-erhaelt-auszeichnung-als-bester-kurzfilm-im-bereich-praevention\/#primaryimage","url":"https:\/\/news.save.ch\/wp-content\/uploads\/2021\/11\/Lifeisgood_suva-scaled-1.jpg","contentUrl":"https:\/\/news.save.ch\/wp-content\/uploads\/2021\/11\/Lifeisgood_suva-scaled-1.jpg","width":1400,"height":754},{"@type":"BreadcrumbList","@id":"https:\/\/news.save.ch\/suva-erhaelt-auszeichnung-als-bester-kurzfilm-im-bereich-praevention\/#breadcrumb","itemListElement":[{"@type":"ListItem","position":1,"name":"Home","item":"https:\/\/news.save.ch\/de\/"},{"@type":"ListItem","position":2,"name":"Suva erh\u00e4lt Auszeichnung als bester Kurzfilm im Bereich Pr\u00e4vention"}]},{"@type":"WebSite","@id":"https:\/\/news.save.ch\/de\/#website","url":"https:\/\/news.save.ch\/de\/","name":"Save","description":"Revue suisse sp\u00e9cialis\u00e9e dans la s\u00e9curit\u00e9","publisher":{"@id":"https:\/\/news.save.ch\/de\/#organization"},"potentialAction":[{"@type":"SearchAction","target":{"@type":"EntryPoint","urlTemplate":"https:\/\/news.save.ch\/de\/?s={search_term_string}"},"query-input":{"@type":"PropertyValueSpecification","valueRequired":true,"valueName":"search_term_string"}}],"inLanguage":"fr-FR"},{"@type":"Organization","@id":"https:\/\/news.save.ch\/de\/#organization","name":"Forum sur la s\u00e9curit\u00e9","url":"https:\/\/news.save.ch\/de\/","logo":{"@type":"ImageObject","inLanguage":"fr-FR","@id":"https:\/\/news.save.ch\/de\/#\/schema\/logo\/image\/","url":"https:\/\/news.save.ch\/wp-content\/uploads\/2022\/06\/Logo_SF_2012.png","contentUrl":"https:\/\/news.save.ch\/wp-content\/uploads\/2022\/06\/Logo_SF_2012.png","width":1100,"height":91,"caption":"Sicherheitsforum"},"image":{"@id":"https:\/\/news.save.ch\/de\/#\/schema\/logo\/image\/"}},{"@type":"Person","@id":"https:\/\/news.save.ch\/de\/#\/schema\/person\/ad4ef21102fd6125312409ac57d5296d","name":"Simon Gr\u00f6flin","image":{"@type":"ImageObject","inLanguage":"fr-FR","@id":"https:\/\/secure.gravatar.com\/avatar\/6ddceb80eb734354635539e0ea5140bb7c41e42de7c45c9a2ab9921b5d5c9a83?s=96&d=mm&r=g","url":"https:\/\/secure.gravatar.com\/avatar\/6ddceb80eb734354635539e0ea5140bb7c41e42de7c45c9a2ab9921b5d5c9a83?s=96&d=mm&r=g","contentUrl":"https:\/\/secure.gravatar.com\/avatar\/6ddceb80eb734354635539e0ea5140bb7c41e42de7c45c9a2ab9921b5d5c9a83?s=96&d=mm&r=g","caption":"Simon Gr\u00f6flin"},"url":"https:\/\/news.save.ch\/fr\/author\/simon-groeflin\/"}]}},"_links":{"self":[{"href":"https:\/\/news.save.ch\/fr\/wp-json\/wp\/v2\/posts\/17026","targetHints":{"allow":["GET"]}}],"collection":[{"href":"https:\/\/news.save.ch\/fr\/wp-json\/wp\/v2\/posts"}],"about":[{"href":"https:\/\/news.save.ch\/fr\/wp-json\/wp\/v2\/types\/post"}],"author":[{"embeddable":true,"href":"https:\/\/news.save.ch\/fr\/wp-json\/wp\/v2\/users\/9"}],"replies":[{"embeddable":true,"href":"https:\/\/news.save.ch\/fr\/wp-json\/wp\/v2\/comments?post=17026"}],"version-history":[{"count":4,"href":"https:\/\/news.save.ch\/fr\/wp-json\/wp\/v2\/posts\/17026\/revisions"}],"predecessor-version":[{"id":21862,"href":"https:\/\/news.save.ch\/fr\/wp-json\/wp\/v2\/posts\/17026\/revisions\/21862"}],"wp:featuredmedia":[{"embeddable":true,"href":"https:\/\/news.save.ch\/fr\/wp-json\/wp\/v2\/media\/7920"}],"wp:attachment":[{"href":"https:\/\/news.save.ch\/fr\/wp-json\/wp\/v2\/media?parent=17026"}],"wp:term":[{"taxonomy":"category","embeddable":true,"href":"https:\/\/news.save.ch\/fr\/wp-json\/wp\/v2\/categories?post=17026"},{"taxonomy":"post_tag","embeddable":true,"href":"https:\/\/news.save.ch\/fr\/wp-json\/wp\/v2\/tags?post=17026"}],"curies":[{"name":"wp","href":"https:\/\/api.w.org\/{rel}","templated":true}]}}