{"id":17034,"date":"2021-12-08T10:02:39","date_gmt":"2021-12-08T09:02:39","guid":{"rendered":"https:\/\/news.save.ch\/?p=8194"},"modified":"2023-07-11T05:04:44","modified_gmt":"2023-07-11T03:04:44","slug":"entwicklung-von-fehlzeiten","status":null,"type":"post","link":"https:\/\/news.save.ch\/fr\/entwicklung-von-fehlzeiten\/","title":{"rendered":"\u00c9volution de l'absent\u00e9isme"},"content":{"rendered":"<p><img loading=\"lazy\" decoding=\"async\" class=\"alignnone wp-image-8196 size-medium\" src=\"https:\/\/news.save.ch\/wp-content\/uploads\/2021\/12\/29_AEH_teaser-680x442.jpg\" alt=\"Absences\" width=\"680\" height=\"442\" srcset=\"https:\/\/news.save.ch\/wp-content\/uploads\/2021\/12\/29_AEH_teaser-680x442.jpg 680w, https:\/\/news.save.ch\/wp-content\/uploads\/2021\/12\/29_AEH_teaser-768x499.jpg 768w, https:\/\/news.save.ch\/wp-content\/uploads\/2021\/12\/29_AEH_teaser-18x12.jpg 18w, https:\/\/news.save.ch\/wp-content\/uploads\/2021\/12\/29_AEH_teaser-375x244.jpg 375w, https:\/\/news.save.ch\/wp-content\/uploads\/2021\/12\/29_AEH_teaser-539x350.jpg 539w, https:\/\/news.save.ch\/wp-content\/uploads\/2021\/12\/29_AEH_teaser.jpg 928w\" sizes=\"auto, (max-width: 680px) 100vw, 680px\" \/><\/p>\n<p>Des analyses r\u00e9alis\u00e9es en Allemagne montrent que l'augmentation de l'absent\u00e9isme ne s'explique pas simplement par Covid-19. Pour une analyse actuelle des arr\u00eats maladie, l'institut berlinois IGES a \u00e9valu\u00e9 les donn\u00e9es de plus de 2,4 millions de personnes actives assur\u00e9es aupr\u00e8s de la DAK-Gesundheit.<\/p>\n<p>Les \u00e9chantillons ne montrent pas d'augmentation de l'absent\u00e9isme au cours de l'ann\u00e9e ni de lien direct entre le nombre de cas Covid et l'absent\u00e9isme. Lors de l'interpr\u00e9tation et de la comparaison avec la Suisse, il faut toutefois tenir compte du fait que le nombre de cas en Allemagne \u00e9tait significativement plus bas.<\/p>\n<p>Les taux d'absent\u00e9isme les plus \u00e9lev\u00e9s se trouvent dans la premi\u00e8re vague. Ensuite, on observe une baisse et les taux d'absent\u00e9isme sont inf\u00e9rieurs \u00e0 ceux des ann\u00e9es pr\u00e9c\u00e9dentes. La deuxi\u00e8me vague, \u00e0 partir d'octobre, n'entra\u00eene pas d'augmentation correspondante de l'absent\u00e9isme, malgr\u00e9 un nombre \u00e9lev\u00e9 de cas. Sur l'ensemble de l'ann\u00e9e, ceux-ci sont l\u00e9g\u00e8rement inf\u00e9rieurs \u00e0 ceux des ann\u00e9es pr\u00e9c\u00e9dentes. L'analyse des causes de l'absent\u00e9isme ne r\u00e9v\u00e8le pas non plus de lien direct avec Covid-19, mais les maladies psychiques ont atteint un nouveau record avec 20 % de l'ensemble des absences, avec notamment une nette augmentation de 8 % des troubles de l'adaptation.<\/p>\n<p>Les maladies du syst\u00e8me musculo-squelettique ont \u00e9galement augment\u00e9, les jours d'absence pour cause de douleurs dorsales ont augment\u00e9 de sept pour cent par rapport \u00e0 l'ann\u00e9e pr\u00e9c\u00e9dente. Les maladies respiratoires n'occupent que la troisi\u00e8me place des principaux types de maladies en 2020, avec une baisse de 3,6 pour cent.<\/p>\n<p>Les branches avec une grande proportion de t\u00e9l\u00e9travail ont eu moins d'absent\u00e9isme que les autres en 2020 : Ainsi, l'analyse montre un taux d'absent\u00e9isme inf\u00e9rieur \u00e0 la moyenne pour les banques, les assurances ou les services informatiques. Dans le secteur de la sant\u00e9 ainsi que dans les branches transport, logistique, il y avait cependant des taux d'absent\u00e9isme sup\u00e9rieurs \u00e0 la moyenne.<\/p>\n<h2>Causes de l'\u00e9volution<\/h2>\n<p>Revenons \u00e0 l'\u00e9volution en Suisse. M\u00eame s'il n'est pas possible de tirer des conclusions \u00e0 l'\u00e9chelle de la Suisse, on peut supposer que l'augmentation de l'absent\u00e9isme en Suisse n'est pas due \u00e0 des arr\u00eats de travail li\u00e9s \u00e0 Covid 19. C'est plut\u00f4t l'augmentation de la charge de travail ressentie par environ 50 pour cent des personnes actives qui pourrait \u00eatre \u00e0 l'origine de l'augmentation de l'absent\u00e9isme.<\/p>\n<p>Promotion Sant\u00e9 Suisse a men\u00e9 une enqu\u00eate sur l'indice de stress au travail au premier trimestre 2020, soit avant la phase aigu\u00eb de la pand\u00e9mie de Covid-19 : Trois travailleurs sur dix se plaignent de stress et plus de la moiti\u00e9 d'entre eux sont \u00e9puis\u00e9s \u00e9motionnellement. Cela s'explique notamment par un d\u00e9s\u00e9quilibre entre les charges et les ressources. Les collaborateurs concern\u00e9s ont un risque accru de d\u00e9velopper une maladie psychique, comme par exemple un burnout, avec un risque d'incapacit\u00e9 de travail de longue dur\u00e9e ou permanente.<\/p>\n<h2>Cons\u00e9quences pour les entreprises<\/h2>\n<p>L'augmentation correspondante des d\u00e9faillances se r\u00e9percute financi\u00e8rement d'une part sur les assurances IJM et d'autre part sur les entreprises. Les assurances doivent parfois assainir les contrats, c'est-\u00e0-dire augmenter les primes, ce qui entra\u00eene des co\u00fbts suppl\u00e9mentaires pour les employ\u00e9s et l'entreprise. Les frais d'assurance ne repr\u00e9sentent toutefois qu'une partie des co\u00fbts et des probl\u00e8mes ; la charge suppl\u00e9mentaire pour les sup\u00e9rieurs et les collaborateurs, les retards et les probl\u00e8mes qualitatifs sont g\u00e9n\u00e9ralement bien plus dramatiques.<\/p>\n<p><em>Cet article sp\u00e9cialis\u00e9 est paru dans l'\u00e9dition imprim\u00e9e SAFETY-PLUS 3-2021.<\/em><br \/>\n<em>Vous souhaitez lire les articles de ce num\u00e9ro ? Alors fermez tout de suite <a href=\"https:\/\/news.save.ch\/fr\/abo-bestellung\/\" target=\"_blank\" rel=\"noopener\">ici<\/a> un abonnement.<\/em><\/p>","protected":false},"excerpt":{"rendered":"<p>Dass sich die Zunahme der Fehlzeiten nicht einfach durch Covid-19 erkl\u00e4ren l\u00e4sst, zeigen Analysen aus Deutschland. F\u00fcr eine aktuelle Krankenstandsanalyse hat das Berliner IGES-Institut die Daten von mehr als 2,4 Millionen versicherten Erwerbst\u00e4tigen der DAK-Gesundheit ausgewertet. Dabei zeigt sich in den Stichproben keine Zunahme der Fehlzeiten \u00fcber das Jahr und kein direkter Zusammenhang zwischen Covid-Fallzahlen [&hellip;]<\/p>\n","protected":false},"author":9,"featured_media":8196,"comment_status":"closed","ping_status":"closed","sticky":false,"template":"","format":"standard","meta":{"_acf_changed":false,"pgc_sgb_lightbox_settings":"","footnotes":""},"categories":[1,3314],"tags":[1599,632,286,2047,823,2396,2728,1199],"class_list":["post-17034","post","type-post","status-publish","format-standard","has-post-thumbnail","hentry","category-allgemein","category-health-safety","tag-aeh","tag-covid-19","tag-fachinformationen","tag-fehlzeiten","tag-homeoffice","tag-kosten","tag-psychische-erkrankungen","tag-stress"],"acf":[],"hkrextid":null,"publication":null,"issue":null,"workflow":null,"startPage":null,"spitzmarke":null,"_posts_by_tag_page_fields":{"widget_title":"","widget_tags":""},"_at_widget":"1","_yoast_wpseo_primary_category":"1","_yoast_wpseo_focuskw_text_input":null,"_yoast_wpseo_opengraph-image":null,"_yoast_wpseo_opengraph-description":null,"_yoast_wpseo_opengraph-title":null,"enclosure":null,"_yoast_wpseo_twitter-title":null,"_yoast_wpseo_twitter-description":null,"_yoast_wpseo_twitter-image":null,"_wp_old_slug":null,"_yoast_wpseo_title":null,"_yoast_wpseo_canonical":null,"yoast_head":"<!-- This site is optimized with the Yoast SEO plugin v27.5 - https:\/\/yoast.com\/product\/yoast-seo-wordpress\/ -->\n<title>Entwicklung von Fehlzeiten - Save<\/title>\n<meta name=\"description\" content=\"Die Fehlzeiten in der Schweiz nehmen von Jahr zu Jahr zu: 2020 wurde, nicht zuletzt vor dem Hintergrund von Covid-19, ein neuer H\u00f6chstwert von 8,1\u00a0Tagen pro Vollzeit\u00e4quivalent erreicht.\" \/>\n<meta name=\"robots\" content=\"index, follow, max-snippet:-1, max-image-preview:large, max-video-preview:-1\" \/>\n<link rel=\"canonical\" href=\"https:\/\/news.save.ch\/fr\/entwicklung-von-fehlzeiten\/\" \/>\n<meta property=\"og:locale\" content=\"fr_FR\" \/>\n<meta property=\"og:type\" content=\"article\" \/>\n<meta property=\"og:title\" content=\"Entwicklung von Fehlzeiten - Save\" \/>\n<meta property=\"og:description\" content=\"Die Fehlzeiten in der Schweiz nehmen von Jahr zu Jahr zu: 2020 wurde, nicht zuletzt vor dem Hintergrund von Covid-19, ein neuer H\u00f6chstwert von 8,1\u00a0Tagen pro Vollzeit\u00e4quivalent erreicht.\" \/>\n<meta property=\"og:url\" content=\"https:\/\/news.save.ch\/fr\/entwicklung-von-fehlzeiten\/\" \/>\n<meta property=\"og:site_name\" content=\"Save\" \/>\n<meta property=\"article:published_time\" content=\"2021-12-08T09:02:39+00:00\" \/>\n<meta property=\"article:modified_time\" content=\"2023-07-11T03:04:44+00:00\" \/>\n<meta property=\"og:image\" content=\"https:\/\/news.save.ch\/wp-content\/uploads\/2021\/12\/29_AEH_teaser.jpg\" \/>\n\t<meta property=\"og:image:width\" content=\"928\" \/>\n\t<meta property=\"og:image:height\" content=\"603\" \/>\n\t<meta property=\"og:image:type\" content=\"image\/jpeg\" \/>\n<meta name=\"author\" content=\"Simon Gr\u00f6flin\" \/>\n<meta name=\"twitter:card\" content=\"summary_large_image\" \/>\n<meta name=\"twitter:label1\" content=\"\u00c9crit par\" \/>\n\t<meta name=\"twitter:data1\" content=\"Simon Gr\u00f6flin\" \/>\n\t<meta name=\"twitter:label2\" content=\"Dur\u00e9e de lecture estim\u00e9e\" \/>\n\t<meta name=\"twitter:data2\" content=\"3 minutes\" \/>\n<script type=\"application\/ld+json\" class=\"yoast-schema-graph\">{\"@context\":\"https:\\\/\\\/schema.org\",\"@graph\":[{\"@type\":\"Article\",\"@id\":\"https:\\\/\\\/news.save.ch\\\/entwicklung-von-fehlzeiten\\\/#article\",\"isPartOf\":{\"@id\":\"https:\\\/\\\/news.save.ch\\\/entwicklung-von-fehlzeiten\\\/\"},\"author\":{\"name\":\"Simon Gr\u00f6flin\",\"@id\":\"https:\\\/\\\/news.save.ch\\\/de\\\/#\\\/schema\\\/person\\\/ad4ef21102fd6125312409ac57d5296d\"},\"headline\":\"Entwicklung von Fehlzeiten\",\"datePublished\":\"2021-12-08T09:02:39+00:00\",\"dateModified\":\"2023-07-11T03:04:44+00:00\",\"mainEntityOfPage\":{\"@id\":\"https:\\\/\\\/news.save.ch\\\/entwicklung-von-fehlzeiten\\\/\"},\"wordCount\":492,\"publisher\":{\"@id\":\"https:\\\/\\\/news.save.ch\\\/de\\\/#organization\"},\"image\":{\"@id\":\"https:\\\/\\\/news.save.ch\\\/entwicklung-von-fehlzeiten\\\/#primaryimage\"},\"thumbnailUrl\":\"https:\\\/\\\/news.save.ch\\\/wp-content\\\/uploads\\\/2021\\\/12\\\/29_AEH_teaser.jpg\",\"keywords\":[\"AEH\",\"Covid-19\",\"Fachinformationen\",\"Fehlzeiten\",\"Homeoffice\",\"Kosten\",\"psychische Erkrankungen\",\"Stress\"],\"articleSection\":[\"ALLGEMEIN\",\"HEALTH &amp; SAFETY\"],\"inLanguage\":\"fr-FR\"},{\"@type\":\"WebPage\",\"@id\":\"https:\\\/\\\/news.save.ch\\\/entwicklung-von-fehlzeiten\\\/\",\"url\":\"https:\\\/\\\/news.save.ch\\\/entwicklung-von-fehlzeiten\\\/\",\"name\":\"Entwicklung von Fehlzeiten - Save\",\"isPartOf\":{\"@id\":\"https:\\\/\\\/news.save.ch\\\/de\\\/#website\"},\"primaryImageOfPage\":{\"@id\":\"https:\\\/\\\/news.save.ch\\\/entwicklung-von-fehlzeiten\\\/#primaryimage\"},\"image\":{\"@id\":\"https:\\\/\\\/news.save.ch\\\/entwicklung-von-fehlzeiten\\\/#primaryimage\"},\"thumbnailUrl\":\"https:\\\/\\\/news.save.ch\\\/wp-content\\\/uploads\\\/2021\\\/12\\\/29_AEH_teaser.jpg\",\"datePublished\":\"2021-12-08T09:02:39+00:00\",\"dateModified\":\"2023-07-11T03:04:44+00:00\",\"description\":\"Die Fehlzeiten in der Schweiz nehmen von Jahr zu Jahr zu: 2020 wurde, nicht zuletzt vor dem Hintergrund von Covid-19, ein neuer H\u00f6chstwert von 8,1\u00a0Tagen pro Vollzeit\u00e4quivalent erreicht.\",\"breadcrumb\":{\"@id\":\"https:\\\/\\\/news.save.ch\\\/entwicklung-von-fehlzeiten\\\/#breadcrumb\"},\"inLanguage\":\"fr-FR\",\"potentialAction\":[{\"@type\":\"ReadAction\",\"target\":[\"https:\\\/\\\/news.save.ch\\\/entwicklung-von-fehlzeiten\\\/\"]}]},{\"@type\":\"ImageObject\",\"inLanguage\":\"fr-FR\",\"@id\":\"https:\\\/\\\/news.save.ch\\\/entwicklung-von-fehlzeiten\\\/#primaryimage\",\"url\":\"https:\\\/\\\/news.save.ch\\\/wp-content\\\/uploads\\\/2021\\\/12\\\/29_AEH_teaser.jpg\",\"contentUrl\":\"https:\\\/\\\/news.save.ch\\\/wp-content\\\/uploads\\\/2021\\\/12\\\/29_AEH_teaser.jpg\",\"width\":928,\"height\":603,\"caption\":\"Entwicklung von Fehlzeiten\"},{\"@type\":\"BreadcrumbList\",\"@id\":\"https:\\\/\\\/news.save.ch\\\/entwicklung-von-fehlzeiten\\\/#breadcrumb\",\"itemListElement\":[{\"@type\":\"ListItem\",\"position\":1,\"name\":\"Home\",\"item\":\"https:\\\/\\\/news.save.ch\\\/de\\\/\"},{\"@type\":\"ListItem\",\"position\":2,\"name\":\"Entwicklung von Fehlzeiten\"}]},{\"@type\":\"WebSite\",\"@id\":\"https:\\\/\\\/news.save.ch\\\/de\\\/#website\",\"url\":\"https:\\\/\\\/news.save.ch\\\/de\\\/\",\"name\":\"Save\",\"description\":\"Schweizer Fachzeitschrift f\u00fcr Sicherheit\",\"publisher\":{\"@id\":\"https:\\\/\\\/news.save.ch\\\/de\\\/#organization\"},\"potentialAction\":[{\"@type\":\"SearchAction\",\"target\":{\"@type\":\"EntryPoint\",\"urlTemplate\":\"https:\\\/\\\/news.save.ch\\\/de\\\/?s={search_term_string}\"},\"query-input\":{\"@type\":\"PropertyValueSpecification\",\"valueRequired\":true,\"valueName\":\"search_term_string\"}}],\"inLanguage\":\"fr-FR\"},{\"@type\":\"Organization\",\"@id\":\"https:\\\/\\\/news.save.ch\\\/de\\\/#organization\",\"name\":\"Sicherheitsforum\",\"url\":\"https:\\\/\\\/news.save.ch\\\/de\\\/\",\"logo\":{\"@type\":\"ImageObject\",\"inLanguage\":\"fr-FR\",\"@id\":\"https:\\\/\\\/news.save.ch\\\/de\\\/#\\\/schema\\\/logo\\\/image\\\/\",\"url\":\"https:\\\/\\\/news.save.ch\\\/wp-content\\\/uploads\\\/2022\\\/06\\\/Logo_SF_2012.png\",\"contentUrl\":\"https:\\\/\\\/news.save.ch\\\/wp-content\\\/uploads\\\/2022\\\/06\\\/Logo_SF_2012.png\",\"width\":1100,\"height\":91,\"caption\":\"Sicherheitsforum\"},\"image\":{\"@id\":\"https:\\\/\\\/news.save.ch\\\/de\\\/#\\\/schema\\\/logo\\\/image\\\/\"}},{\"@type\":\"Person\",\"@id\":\"https:\\\/\\\/news.save.ch\\\/de\\\/#\\\/schema\\\/person\\\/ad4ef21102fd6125312409ac57d5296d\",\"name\":\"Simon Gr\u00f6flin\",\"image\":{\"@type\":\"ImageObject\",\"inLanguage\":\"fr-FR\",\"@id\":\"https:\\\/\\\/secure.gravatar.com\\\/avatar\\\/6ddceb80eb734354635539e0ea5140bb7c41e42de7c45c9a2ab9921b5d5c9a83?s=96&d=mm&r=g\",\"url\":\"https:\\\/\\\/secure.gravatar.com\\\/avatar\\\/6ddceb80eb734354635539e0ea5140bb7c41e42de7c45c9a2ab9921b5d5c9a83?s=96&d=mm&r=g\",\"contentUrl\":\"https:\\\/\\\/secure.gravatar.com\\\/avatar\\\/6ddceb80eb734354635539e0ea5140bb7c41e42de7c45c9a2ab9921b5d5c9a83?s=96&d=mm&r=g\",\"caption\":\"Simon Gr\u00f6flin\"},\"url\":\"https:\\\/\\\/news.save.ch\\\/fr\\\/author\\\/simon-groeflin\\\/\"}]}<\/script>\n<!-- \/ Yoast SEO plugin. -->","yoast_head_json":{"title":"\u00c9volution de l'absent\u00e9isme - Save","description":"L'absent\u00e9isme en Suisse augmente d'ann\u00e9e en ann\u00e9e : en 2020, un nouveau record de 8,1 jours par \u00e9quivalent temps plein a \u00e9t\u00e9 atteint, notamment dans le contexte de Covid-19.","robots":{"index":"index","follow":"follow","max-snippet":"max-snippet:-1","max-image-preview":"max-image-preview:large","max-video-preview":"max-video-preview:-1"},"canonical":"https:\/\/news.save.ch\/fr\/entwicklung-von-fehlzeiten\/","og_locale":"fr_FR","og_type":"article","og_title":"Entwicklung von Fehlzeiten - Save","og_description":"Die Fehlzeiten in der Schweiz nehmen von Jahr zu Jahr zu: 2020 wurde, nicht zuletzt vor dem Hintergrund von Covid-19, ein neuer H\u00f6chstwert von 8,1\u00a0Tagen pro Vollzeit\u00e4quivalent erreicht.","og_url":"https:\/\/news.save.ch\/fr\/entwicklung-von-fehlzeiten\/","og_site_name":"Save","article_published_time":"2021-12-08T09:02:39+00:00","article_modified_time":"2023-07-11T03:04:44+00:00","og_image":[{"width":928,"height":603,"url":"https:\/\/news.save.ch\/wp-content\/uploads\/2021\/12\/29_AEH_teaser.jpg","type":"image\/jpeg"}],"author":"Simon Gr\u00f6flin","twitter_card":"summary_large_image","twitter_misc":{"\u00c9crit par":"Simon Gr\u00f6flin","Dur\u00e9e de lecture estim\u00e9e":"3 minutes"},"schema":{"@context":"https:\/\/schema.org","@graph":[{"@type":"Article","@id":"https:\/\/news.save.ch\/entwicklung-von-fehlzeiten\/#article","isPartOf":{"@id":"https:\/\/news.save.ch\/entwicklung-von-fehlzeiten\/"},"author":{"name":"Simon Gr\u00f6flin","@id":"https:\/\/news.save.ch\/de\/#\/schema\/person\/ad4ef21102fd6125312409ac57d5296d"},"headline":"Entwicklung von Fehlzeiten","datePublished":"2021-12-08T09:02:39+00:00","dateModified":"2023-07-11T03:04:44+00:00","mainEntityOfPage":{"@id":"https:\/\/news.save.ch\/entwicklung-von-fehlzeiten\/"},"wordCount":492,"publisher":{"@id":"https:\/\/news.save.ch\/de\/#organization"},"image":{"@id":"https:\/\/news.save.ch\/entwicklung-von-fehlzeiten\/#primaryimage"},"thumbnailUrl":"https:\/\/news.save.ch\/wp-content\/uploads\/2021\/12\/29_AEH_teaser.jpg","keywords":["AEH","Covid-19","Fachinformationen","Fehlzeiten","Homeoffice","Kosten","psychische Erkrankungen","Stress"],"articleSection":["ALLGEMEIN","HEALTH &amp; SAFETY"],"inLanguage":"fr-FR"},{"@type":"WebPage","@id":"https:\/\/news.save.ch\/entwicklung-von-fehlzeiten\/","url":"https:\/\/news.save.ch\/entwicklung-von-fehlzeiten\/","name":"\u00c9volution de l'absent\u00e9isme - Save","isPartOf":{"@id":"https:\/\/news.save.ch\/de\/#website"},"primaryImageOfPage":{"@id":"https:\/\/news.save.ch\/entwicklung-von-fehlzeiten\/#primaryimage"},"image":{"@id":"https:\/\/news.save.ch\/entwicklung-von-fehlzeiten\/#primaryimage"},"thumbnailUrl":"https:\/\/news.save.ch\/wp-content\/uploads\/2021\/12\/29_AEH_teaser.jpg","datePublished":"2021-12-08T09:02:39+00:00","dateModified":"2023-07-11T03:04:44+00:00","description":"L'absent\u00e9isme en Suisse augmente d'ann\u00e9e en ann\u00e9e : en 2020, un nouveau record de 8,1 jours par \u00e9quivalent temps plein a \u00e9t\u00e9 atteint, notamment dans le contexte de Covid-19.","breadcrumb":{"@id":"https:\/\/news.save.ch\/entwicklung-von-fehlzeiten\/#breadcrumb"},"inLanguage":"fr-FR","potentialAction":[{"@type":"ReadAction","target":["https:\/\/news.save.ch\/entwicklung-von-fehlzeiten\/"]}]},{"@type":"ImageObject","inLanguage":"fr-FR","@id":"https:\/\/news.save.ch\/entwicklung-von-fehlzeiten\/#primaryimage","url":"https:\/\/news.save.ch\/wp-content\/uploads\/2021\/12\/29_AEH_teaser.jpg","contentUrl":"https:\/\/news.save.ch\/wp-content\/uploads\/2021\/12\/29_AEH_teaser.jpg","width":928,"height":603,"caption":"Entwicklung von Fehlzeiten"},{"@type":"BreadcrumbList","@id":"https:\/\/news.save.ch\/entwicklung-von-fehlzeiten\/#breadcrumb","itemListElement":[{"@type":"ListItem","position":1,"name":"Home","item":"https:\/\/news.save.ch\/de\/"},{"@type":"ListItem","position":2,"name":"Entwicklung von Fehlzeiten"}]},{"@type":"WebSite","@id":"https:\/\/news.save.ch\/de\/#website","url":"https:\/\/news.save.ch\/de\/","name":"Save","description":"Revue suisse sp\u00e9cialis\u00e9e dans la s\u00e9curit\u00e9","publisher":{"@id":"https:\/\/news.save.ch\/de\/#organization"},"potentialAction":[{"@type":"SearchAction","target":{"@type":"EntryPoint","urlTemplate":"https:\/\/news.save.ch\/de\/?s={search_term_string}"},"query-input":{"@type":"PropertyValueSpecification","valueRequired":true,"valueName":"search_term_string"}}],"inLanguage":"fr-FR"},{"@type":"Organization","@id":"https:\/\/news.save.ch\/de\/#organization","name":"Forum sur la s\u00e9curit\u00e9","url":"https:\/\/news.save.ch\/de\/","logo":{"@type":"ImageObject","inLanguage":"fr-FR","@id":"https:\/\/news.save.ch\/de\/#\/schema\/logo\/image\/","url":"https:\/\/news.save.ch\/wp-content\/uploads\/2022\/06\/Logo_SF_2012.png","contentUrl":"https:\/\/news.save.ch\/wp-content\/uploads\/2022\/06\/Logo_SF_2012.png","width":1100,"height":91,"caption":"Sicherheitsforum"},"image":{"@id":"https:\/\/news.save.ch\/de\/#\/schema\/logo\/image\/"}},{"@type":"Person","@id":"https:\/\/news.save.ch\/de\/#\/schema\/person\/ad4ef21102fd6125312409ac57d5296d","name":"Simon Gr\u00f6flin","image":{"@type":"ImageObject","inLanguage":"fr-FR","@id":"https:\/\/secure.gravatar.com\/avatar\/6ddceb80eb734354635539e0ea5140bb7c41e42de7c45c9a2ab9921b5d5c9a83?s=96&d=mm&r=g","url":"https:\/\/secure.gravatar.com\/avatar\/6ddceb80eb734354635539e0ea5140bb7c41e42de7c45c9a2ab9921b5d5c9a83?s=96&d=mm&r=g","contentUrl":"https:\/\/secure.gravatar.com\/avatar\/6ddceb80eb734354635539e0ea5140bb7c41e42de7c45c9a2ab9921b5d5c9a83?s=96&d=mm&r=g","caption":"Simon Gr\u00f6flin"},"url":"https:\/\/news.save.ch\/fr\/author\/simon-groeflin\/"}]}},"_links":{"self":[{"href":"https:\/\/news.save.ch\/fr\/wp-json\/wp\/v2\/posts\/17034","targetHints":{"allow":["GET"]}}],"collection":[{"href":"https:\/\/news.save.ch\/fr\/wp-json\/wp\/v2\/posts"}],"about":[{"href":"https:\/\/news.save.ch\/fr\/wp-json\/wp\/v2\/types\/post"}],"author":[{"embeddable":true,"href":"https:\/\/news.save.ch\/fr\/wp-json\/wp\/v2\/users\/9"}],"replies":[{"embeddable":true,"href":"https:\/\/news.save.ch\/fr\/wp-json\/wp\/v2\/comments?post=17034"}],"version-history":[{"count":2,"href":"https:\/\/news.save.ch\/fr\/wp-json\/wp\/v2\/posts\/17034\/revisions"}],"predecessor-version":[{"id":20716,"href":"https:\/\/news.save.ch\/fr\/wp-json\/wp\/v2\/posts\/17034\/revisions\/20716"}],"wp:featuredmedia":[{"embeddable":true,"href":"https:\/\/news.save.ch\/fr\/wp-json\/wp\/v2\/media\/8196"}],"wp:attachment":[{"href":"https:\/\/news.save.ch\/fr\/wp-json\/wp\/v2\/media?parent=17034"}],"wp:term":[{"taxonomy":"category","embeddable":true,"href":"https:\/\/news.save.ch\/fr\/wp-json\/wp\/v2\/categories?post=17034"},{"taxonomy":"post_tag","embeddable":true,"href":"https:\/\/news.save.ch\/fr\/wp-json\/wp\/v2\/tags?post=17034"}],"curies":[{"name":"wp","href":"https:\/\/api.w.org\/{rel}","templated":true}]}}