{"id":17041,"date":"2022-01-10T07:50:13","date_gmt":"2022-01-10T06:50:13","guid":{"rendered":"https:\/\/news.save.ch\/?p=8330"},"modified":"2023-07-08T13:19:41","modified_gmt":"2023-07-08T11:19:41","slug":"ketamin-soll-auch-suizidgedanken-senken","status":null,"type":"post","link":"https:\/\/news.save.ch\/fr\/ketamin-soll-auch-suizidgedanken-senken\/","title":{"rendered":"La k\u00e9tamine r\u00e9duirait aussi les pens\u00e9es suicidaires"},"content":{"rendered":"<figure id=\"attachment_8332\" aria-describedby=\"caption-attachment-8332\" style=\"width: 680px\" class=\"wp-caption alignnone\"><img loading=\"lazy\" decoding=\"async\" class=\"wp-image-8332 size-medium\" src=\"https:\/\/news.save.ch\/wp-content\/uploads\/2022\/01\/depression_teaser-680x442.jpg\" alt=\"K\u00e9tamine\" width=\"680\" height=\"442\" srcset=\"https:\/\/news.save.ch\/wp-content\/uploads\/2022\/01\/depression_teaser-680x442.jpg 680w, https:\/\/news.save.ch\/wp-content\/uploads\/2022\/01\/depression_teaser-768x499.jpg 768w, https:\/\/news.save.ch\/wp-content\/uploads\/2022\/01\/depression_teaser-18x12.jpg 18w, https:\/\/news.save.ch\/wp-content\/uploads\/2022\/01\/depression_teaser-375x244.jpg 375w, https:\/\/news.save.ch\/wp-content\/uploads\/2022\/01\/depression_teaser-538x350.jpg 538w, https:\/\/news.save.ch\/wp-content\/uploads\/2022\/01\/depression_teaser.jpg 960w\" sizes=\"auto, (max-width: 680px) 100vw, 680px\" \/><figcaption id=\"caption-attachment-8332\" class=\"wp-caption-text\">\u00a9Pixabay<\/figcaption><\/figure>\n<p>Une th\u00e9rapie \u00e0 la k\u00e9tamine r\u00e9duit \u00e0 court terme les sympt\u00f4mes de d\u00e9pression et les id\u00e9es suicidaires, comme le montre un examen de toutes les preuves scientifiques disponibles. Une \u00e9quipe dirig\u00e9e par la <a href=\"http:\/\/exeter.ac.uk\" target=\"_blank\" rel=\"noopener\">Universit\u00e9 d'Exeter<\/a> a analys\u00e9 83 \u00e9tudes publi\u00e9es. Les preuves les plus solides ont \u00e9t\u00e9 trouv\u00e9es autour de l'utilisation de la k\u00e9tamine dans le traitement de la d\u00e9pression s\u00e9v\u00e8re et de la d\u00e9pression bipolaire.<\/p>\n<h2>Effet jusqu'\u00e0 deux semaines<\/h2>\n<p>Selon les experts, les sympt\u00f4mes ont diminu\u00e9 apr\u00e8s seulement une \u00e0 quatre heures de traitement. L'effet a dur\u00e9 jusqu'\u00e0 deux semaines. Certains indices laissent penser qu'un traitement r\u00e9p\u00e9t\u00e9 pourrait prolonger l'effet. Toutefois, des recherches suppl\u00e9mentaires sont n\u00e9cessaires pour d\u00e9terminer la dur\u00e9e de cette p\u00e9riode.<\/p>\n<p>Des doses uniques ou multiples de k\u00e9tamine ont \u00e9galement entra\u00een\u00e9 une r\u00e9duction mod\u00e9r\u00e9e \u00e0 importante des id\u00e9es suicidaires. Cette am\u00e9lioration a \u00e9t\u00e9 constat\u00e9e d\u00e8s quatre heures apr\u00e8s le traitement. Elle a dur\u00e9 en moyenne trois jours. L'effet a dur\u00e9 jusqu'\u00e0 une semaine. Selon la chercheuse principale Merve Mollaahmetoglu, la k\u00e9tamine devrait \u00eatre utile pour un soulagement rapide de la d\u00e9pression et des pens\u00e9es suicidaires.<\/p>\n<p>L'administration de k\u00e9tamine cr\u00e9e une fen\u00eatre d'opportunit\u00e9 pour d'autres mesures th\u00e9rapeutiques. \"Il est important de noter que cette revue a examin\u00e9 l'administration de k\u00e9tamine dans des environnements cliniques soigneusement contr\u00f4l\u00e9s, dans lesquels les risques \u00e9ventuels de la k\u00e9tamine peuvent \u00eatre contr\u00f4l\u00e9s en toute s\u00e9curit\u00e9\", a d\u00e9clar\u00e9 Mollaahmetoglu.<\/p>\n<h2>D'autres domaines d'application sont envisageables<\/h2>\n<p>Pour d'autres troubles psychiatriques, tels que les troubles anxieux, le stress post-traumatique et les troubles obsessionnels compulsifs, les premi\u00e8res preuves montrent que le traitement \u00e0 la k\u00e9tamine pourrait \u00e9ventuellement pr\u00e9senter des avantages. De plus, chez les personnes souffrant de troubles li\u00e9s \u00e0 l'utilisation de substances, le traitement a entra\u00een\u00e9 une r\u00e9duction \u00e0 court terme de l'envie, de la consommation et des sympt\u00f4mes de sevrage.<\/p>\n<p>Les r\u00e9sultats publi\u00e9s dans le \"British Journal of Psychiatry Open\" rassemblent les r\u00e9sultats scientifiques d'un domaine de recherche en pleine expansion sur les avantages potentiels de la k\u00e9tamine dans le traitement des maladies pour lesquelles les options th\u00e9rapeutiques sont limit\u00e9es. L'aper\u00e7u global comprend 33 revues syst\u00e9matiques, 29 essais contr\u00f4l\u00e9s randomis\u00e9s et 21 \u00e9tudes d'observation.<\/p>\n<p>Un certain nombre de questions restent actuellement sans r\u00e9ponse dans ce domaine de recherche. Il s'agit notamment de la dose optimale, du type d'administration et du nombre de doses \u00e0 administrer lors du traitement. Il existe \u00e9galement un besoin de recherche sur les avantages suppl\u00e9mentaires et interactifs d'une psychoth\u00e9rapie concomitante. La revue a \u00e9t\u00e9 r\u00e9alis\u00e9e par le <a href=\"https:\/\/mrc.ukri.org\/\" target=\"_blank\" rel=\"noopener\">Conseil de la recherche m\u00e9dicale<\/a> financ\u00e9e.<\/p>\n<p><em>(source : <a href=\"https:\/\/www.pressetext.com\/news\/ketamin-senkt-depression-und-suizidgedanken.html\" target=\"_blank\" rel=\"noopener\">Communiqu\u00e9 de presse<\/a>)<\/em><\/p>","protected":false},"excerpt":{"rendered":"<p>Eine Ketamintherapie verringert kurzfristig Depressionsymptome und Suizidgedanken, wie eine \u00dcberpr\u00fcfung aller zur Verf\u00fcgung stehenden wissenschaftlichen Belege zeigt. Ein Team unter der Leitung der University of Exeter hat 83 ver\u00f6ffentlichte Studien analysiert. Die st\u00e4rksten Belege zeigten sich rund um den Einsatz von Ketamin zur Behandlung von schweren Depressionen und bipolaren Depressionen. Wirkung bis zu zwei Wochen [&hellip;]<\/p>\n","protected":false},"author":9,"featured_media":8332,"comment_status":"closed","ping_status":"closed","sticky":false,"template":"","format":"standard","meta":{"_acf_changed":false,"pgc_sgb_lightbox_settings":"","footnotes":""},"categories":[3314],"tags":[1894,149,2359,4983,4986,4984,4985],"class_list":["post-17041","post","type-post","status-publish","format-standard","has-post-thumbnail","hentry","category-health-safety","tag-depressionen","tag-gesundheitsschutz","tag-ketamin","tag-ketamintherapie","tag-psychiatrische-erkrankungen","tag-suizidgedanken","tag-university-of-exeter"],"acf":[],"hkrextid":null,"publication":null,"issue":null,"workflow":null,"startPage":null,"spitzmarke":null,"_posts_by_tag_page_fields":{"widget_title":"","widget_tags":""},"_at_widget":"1","_yoast_wpseo_primary_category":"","_yoast_wpseo_focuskw_text_input":null,"_yoast_wpseo_opengraph-image":null,"_yoast_wpseo_opengraph-description":null,"_yoast_wpseo_opengraph-title":null,"enclosure":null,"_yoast_wpseo_twitter-title":null,"_yoast_wpseo_twitter-description":null,"_yoast_wpseo_twitter-image":null,"_wp_old_slug":null,"_yoast_wpseo_title":null,"_yoast_wpseo_canonical":null,"yoast_head":"<!-- This site is optimized with the Yoast SEO plugin v27.5 - https:\/\/yoast.com\/product\/yoast-seo-wordpress\/ -->\n<title>Ketamin soll auch Suizidgedanken senken - Save<\/title>\n<meta name=\"description\" content=\"Ketamin ist ein Narkosemittel, das \u00fcberwiegend in der Tiermedizin und unter bestimmten Bedingungen auch beim Menschen Anwendung findet, um das Schmerzempfinden zu mindern. Bei Erkrankungen wie Angstst\u00f6rungen, posttraumatischen Belastungsst\u00f6rungen und Angstst\u00f6rungen gibt es schon erste Belege, dass die Behandlung mit Ketamin m\u00f6glicherweise Vorteile bringen k\u00f6nnte.\u00a0\" \/>\n<meta name=\"robots\" content=\"index, follow, max-snippet:-1, max-image-preview:large, max-video-preview:-1\" \/>\n<link rel=\"canonical\" href=\"https:\/\/news.save.ch\/fr\/ketamin-soll-auch-suizidgedanken-senken\/\" \/>\n<meta property=\"og:locale\" content=\"fr_FR\" \/>\n<meta property=\"og:type\" content=\"article\" \/>\n<meta property=\"og:title\" content=\"Ketamin soll auch Suizidgedanken senken - Save\" \/>\n<meta property=\"og:description\" content=\"Ketamin ist ein Narkosemittel, das \u00fcberwiegend in der Tiermedizin und unter bestimmten Bedingungen auch beim Menschen Anwendung findet, um das Schmerzempfinden zu mindern. Bei Erkrankungen wie Angstst\u00f6rungen, posttraumatischen Belastungsst\u00f6rungen und Angstst\u00f6rungen gibt es schon erste Belege, dass die Behandlung mit Ketamin m\u00f6glicherweise Vorteile bringen k\u00f6nnte.\u00a0\" \/>\n<meta property=\"og:url\" content=\"https:\/\/news.save.ch\/fr\/ketamin-soll-auch-suizidgedanken-senken\/\" \/>\n<meta property=\"og:site_name\" content=\"Save\" \/>\n<meta property=\"article:published_time\" content=\"2022-01-10T06:50:13+00:00\" \/>\n<meta property=\"article:modified_time\" content=\"2023-07-08T11:19:41+00:00\" \/>\n<meta property=\"og:image\" content=\"https:\/\/news.save.ch\/wp-content\/uploads\/2022\/01\/depression_teaser.jpg\" \/>\n\t<meta property=\"og:image:width\" content=\"960\" \/>\n\t<meta property=\"og:image:height\" content=\"624\" \/>\n\t<meta property=\"og:image:type\" content=\"image\/jpeg\" \/>\n<meta name=\"author\" content=\"Simon Gr\u00f6flin\" \/>\n<meta name=\"twitter:card\" content=\"summary_large_image\" \/>\n<meta name=\"twitter:label1\" content=\"\u00c9crit par\" \/>\n\t<meta name=\"twitter:data1\" content=\"Simon Gr\u00f6flin\" \/>\n\t<meta name=\"twitter:label2\" content=\"Dur\u00e9e de lecture estim\u00e9e\" \/>\n\t<meta name=\"twitter:data2\" content=\"3 minutes\" \/>\n<script type=\"application\/ld+json\" class=\"yoast-schema-graph\">{\"@context\":\"https:\\\/\\\/schema.org\",\"@graph\":[{\"@type\":\"Article\",\"@id\":\"https:\\\/\\\/news.save.ch\\\/ketamin-soll-auch-suizidgedanken-senken\\\/#article\",\"isPartOf\":{\"@id\":\"https:\\\/\\\/news.save.ch\\\/ketamin-soll-auch-suizidgedanken-senken\\\/\"},\"author\":{\"name\":\"Simon Gr\u00f6flin\",\"@id\":\"https:\\\/\\\/news.save.ch\\\/de\\\/#\\\/schema\\\/person\\\/ad4ef21102fd6125312409ac57d5296d\"},\"headline\":\"Ketamin soll auch Suizidgedanken senken\",\"datePublished\":\"2022-01-10T06:50:13+00:00\",\"dateModified\":\"2023-07-08T11:19:41+00:00\",\"mainEntityOfPage\":{\"@id\":\"https:\\\/\\\/news.save.ch\\\/ketamin-soll-auch-suizidgedanken-senken\\\/\"},\"wordCount\":394,\"publisher\":{\"@id\":\"https:\\\/\\\/news.save.ch\\\/de\\\/#organization\"},\"image\":{\"@id\":\"https:\\\/\\\/news.save.ch\\\/ketamin-soll-auch-suizidgedanken-senken\\\/#primaryimage\"},\"thumbnailUrl\":\"https:\\\/\\\/news.save.ch\\\/wp-content\\\/uploads\\\/2022\\\/01\\\/depression_teaser.jpg\",\"keywords\":[\"Depressionen\",\"Gesundheitsschutz\",\"Ketamin\",\"Ketamintherapie\",\"psychiatrische Erkrankungen\",\"Suizidgedanken\",\"University of Exeter\"],\"articleSection\":[\"HEALTH &amp; SAFETY\"],\"inLanguage\":\"fr-FR\"},{\"@type\":\"WebPage\",\"@id\":\"https:\\\/\\\/news.save.ch\\\/ketamin-soll-auch-suizidgedanken-senken\\\/\",\"url\":\"https:\\\/\\\/news.save.ch\\\/ketamin-soll-auch-suizidgedanken-senken\\\/\",\"name\":\"Ketamin soll auch Suizidgedanken senken - Save\",\"isPartOf\":{\"@id\":\"https:\\\/\\\/news.save.ch\\\/de\\\/#website\"},\"primaryImageOfPage\":{\"@id\":\"https:\\\/\\\/news.save.ch\\\/ketamin-soll-auch-suizidgedanken-senken\\\/#primaryimage\"},\"image\":{\"@id\":\"https:\\\/\\\/news.save.ch\\\/ketamin-soll-auch-suizidgedanken-senken\\\/#primaryimage\"},\"thumbnailUrl\":\"https:\\\/\\\/news.save.ch\\\/wp-content\\\/uploads\\\/2022\\\/01\\\/depression_teaser.jpg\",\"datePublished\":\"2022-01-10T06:50:13+00:00\",\"dateModified\":\"2023-07-08T11:19:41+00:00\",\"description\":\"Ketamin ist ein Narkosemittel, das \u00fcberwiegend in der Tiermedizin und unter bestimmten Bedingungen auch beim Menschen Anwendung findet, um das Schmerzempfinden zu mindern. Bei Erkrankungen wie Angstst\u00f6rungen, posttraumatischen Belastungsst\u00f6rungen und Angstst\u00f6rungen gibt es schon erste Belege, dass die Behandlung mit Ketamin m\u00f6glicherweise Vorteile bringen k\u00f6nnte.\u00a0\",\"breadcrumb\":{\"@id\":\"https:\\\/\\\/news.save.ch\\\/ketamin-soll-auch-suizidgedanken-senken\\\/#breadcrumb\"},\"inLanguage\":\"fr-FR\",\"potentialAction\":[{\"@type\":\"ReadAction\",\"target\":[\"https:\\\/\\\/news.save.ch\\\/ketamin-soll-auch-suizidgedanken-senken\\\/\"]}]},{\"@type\":\"ImageObject\",\"inLanguage\":\"fr-FR\",\"@id\":\"https:\\\/\\\/news.save.ch\\\/ketamin-soll-auch-suizidgedanken-senken\\\/#primaryimage\",\"url\":\"https:\\\/\\\/news.save.ch\\\/wp-content\\\/uploads\\\/2022\\\/01\\\/depression_teaser.jpg\",\"contentUrl\":\"https:\\\/\\\/news.save.ch\\\/wp-content\\\/uploads\\\/2022\\\/01\\\/depression_teaser.jpg\",\"width\":960,\"height\":624,\"caption\":\"Ketamin soll auch Suizidgedanken senken\"},{\"@type\":\"BreadcrumbList\",\"@id\":\"https:\\\/\\\/news.save.ch\\\/ketamin-soll-auch-suizidgedanken-senken\\\/#breadcrumb\",\"itemListElement\":[{\"@type\":\"ListItem\",\"position\":1,\"name\":\"Home\",\"item\":\"https:\\\/\\\/news.save.ch\\\/de\\\/\"},{\"@type\":\"ListItem\",\"position\":2,\"name\":\"Ketamin soll auch Suizidgedanken senken\"}]},{\"@type\":\"WebSite\",\"@id\":\"https:\\\/\\\/news.save.ch\\\/de\\\/#website\",\"url\":\"https:\\\/\\\/news.save.ch\\\/de\\\/\",\"name\":\"Save\",\"description\":\"Schweizer Fachzeitschrift f\u00fcr Sicherheit\",\"publisher\":{\"@id\":\"https:\\\/\\\/news.save.ch\\\/de\\\/#organization\"},\"potentialAction\":[{\"@type\":\"SearchAction\",\"target\":{\"@type\":\"EntryPoint\",\"urlTemplate\":\"https:\\\/\\\/news.save.ch\\\/de\\\/?s={search_term_string}\"},\"query-input\":{\"@type\":\"PropertyValueSpecification\",\"valueRequired\":true,\"valueName\":\"search_term_string\"}}],\"inLanguage\":\"fr-FR\"},{\"@type\":\"Organization\",\"@id\":\"https:\\\/\\\/news.save.ch\\\/de\\\/#organization\",\"name\":\"Sicherheitsforum\",\"url\":\"https:\\\/\\\/news.save.ch\\\/de\\\/\",\"logo\":{\"@type\":\"ImageObject\",\"inLanguage\":\"fr-FR\",\"@id\":\"https:\\\/\\\/news.save.ch\\\/de\\\/#\\\/schema\\\/logo\\\/image\\\/\",\"url\":\"https:\\\/\\\/news.save.ch\\\/wp-content\\\/uploads\\\/2022\\\/06\\\/Logo_SF_2012.png\",\"contentUrl\":\"https:\\\/\\\/news.save.ch\\\/wp-content\\\/uploads\\\/2022\\\/06\\\/Logo_SF_2012.png\",\"width\":1100,\"height\":91,\"caption\":\"Sicherheitsforum\"},\"image\":{\"@id\":\"https:\\\/\\\/news.save.ch\\\/de\\\/#\\\/schema\\\/logo\\\/image\\\/\"}},{\"@type\":\"Person\",\"@id\":\"https:\\\/\\\/news.save.ch\\\/de\\\/#\\\/schema\\\/person\\\/ad4ef21102fd6125312409ac57d5296d\",\"name\":\"Simon Gr\u00f6flin\",\"image\":{\"@type\":\"ImageObject\",\"inLanguage\":\"fr-FR\",\"@id\":\"https:\\\/\\\/secure.gravatar.com\\\/avatar\\\/6ddceb80eb734354635539e0ea5140bb7c41e42de7c45c9a2ab9921b5d5c9a83?s=96&d=mm&r=g\",\"url\":\"https:\\\/\\\/secure.gravatar.com\\\/avatar\\\/6ddceb80eb734354635539e0ea5140bb7c41e42de7c45c9a2ab9921b5d5c9a83?s=96&d=mm&r=g\",\"contentUrl\":\"https:\\\/\\\/secure.gravatar.com\\\/avatar\\\/6ddceb80eb734354635539e0ea5140bb7c41e42de7c45c9a2ab9921b5d5c9a83?s=96&d=mm&r=g\",\"caption\":\"Simon Gr\u00f6flin\"},\"url\":\"https:\\\/\\\/news.save.ch\\\/fr\\\/author\\\/simon-groeflin\\\/\"}]}<\/script>\n<!-- \/ Yoast SEO plugin. -->","yoast_head_json":{"title":"La k\u00e9tamine r\u00e9duirait aussi les pens\u00e9es suicidaires - Save","description":"La k\u00e9tamine est un anesth\u00e9sique utilis\u00e9 principalement en m\u00e9decine v\u00e9t\u00e9rinaire et, dans certaines conditions, chez l'homme, afin de r\u00e9duire la sensation de douleur. Dans le cas de maladies telles que les troubles anxieux, l'\u00e9tat de stress post-traumatique et les troubles anxieux, il existe d\u00e9j\u00e0 des preuves pr\u00e9liminaires selon lesquelles le traitement \u00e0 la k\u00e9tamine pourrait \u00e9ventuellement apporter des avantages.\u00a0","robots":{"index":"index","follow":"follow","max-snippet":"max-snippet:-1","max-image-preview":"max-image-preview:large","max-video-preview":"max-video-preview:-1"},"canonical":"https:\/\/news.save.ch\/fr\/ketamin-soll-auch-suizidgedanken-senken\/","og_locale":"fr_FR","og_type":"article","og_title":"Ketamin soll auch Suizidgedanken senken - Save","og_description":"Ketamin ist ein Narkosemittel, das \u00fcberwiegend in der Tiermedizin und unter bestimmten Bedingungen auch beim Menschen Anwendung findet, um das Schmerzempfinden zu mindern. Bei Erkrankungen wie Angstst\u00f6rungen, posttraumatischen Belastungsst\u00f6rungen und Angstst\u00f6rungen gibt es schon erste Belege, dass die Behandlung mit Ketamin m\u00f6glicherweise Vorteile bringen k\u00f6nnte.\u00a0","og_url":"https:\/\/news.save.ch\/fr\/ketamin-soll-auch-suizidgedanken-senken\/","og_site_name":"Save","article_published_time":"2022-01-10T06:50:13+00:00","article_modified_time":"2023-07-08T11:19:41+00:00","og_image":[{"width":960,"height":624,"url":"https:\/\/news.save.ch\/wp-content\/uploads\/2022\/01\/depression_teaser.jpg","type":"image\/jpeg"}],"author":"Simon Gr\u00f6flin","twitter_card":"summary_large_image","twitter_misc":{"\u00c9crit par":"Simon Gr\u00f6flin","Dur\u00e9e de lecture estim\u00e9e":"3 minutes"},"schema":{"@context":"https:\/\/schema.org","@graph":[{"@type":"Article","@id":"https:\/\/news.save.ch\/ketamin-soll-auch-suizidgedanken-senken\/#article","isPartOf":{"@id":"https:\/\/news.save.ch\/ketamin-soll-auch-suizidgedanken-senken\/"},"author":{"name":"Simon Gr\u00f6flin","@id":"https:\/\/news.save.ch\/de\/#\/schema\/person\/ad4ef21102fd6125312409ac57d5296d"},"headline":"Ketamin soll auch Suizidgedanken senken","datePublished":"2022-01-10T06:50:13+00:00","dateModified":"2023-07-08T11:19:41+00:00","mainEntityOfPage":{"@id":"https:\/\/news.save.ch\/ketamin-soll-auch-suizidgedanken-senken\/"},"wordCount":394,"publisher":{"@id":"https:\/\/news.save.ch\/de\/#organization"},"image":{"@id":"https:\/\/news.save.ch\/ketamin-soll-auch-suizidgedanken-senken\/#primaryimage"},"thumbnailUrl":"https:\/\/news.save.ch\/wp-content\/uploads\/2022\/01\/depression_teaser.jpg","keywords":["Depressionen","Gesundheitsschutz","Ketamin","Ketamintherapie","psychiatrische Erkrankungen","Suizidgedanken","University of Exeter"],"articleSection":["HEALTH &amp; SAFETY"],"inLanguage":"fr-FR"},{"@type":"WebPage","@id":"https:\/\/news.save.ch\/ketamin-soll-auch-suizidgedanken-senken\/","url":"https:\/\/news.save.ch\/ketamin-soll-auch-suizidgedanken-senken\/","name":"La k\u00e9tamine r\u00e9duirait aussi les pens\u00e9es suicidaires - Save","isPartOf":{"@id":"https:\/\/news.save.ch\/de\/#website"},"primaryImageOfPage":{"@id":"https:\/\/news.save.ch\/ketamin-soll-auch-suizidgedanken-senken\/#primaryimage"},"image":{"@id":"https:\/\/news.save.ch\/ketamin-soll-auch-suizidgedanken-senken\/#primaryimage"},"thumbnailUrl":"https:\/\/news.save.ch\/wp-content\/uploads\/2022\/01\/depression_teaser.jpg","datePublished":"2022-01-10T06:50:13+00:00","dateModified":"2023-07-08T11:19:41+00:00","description":"La k\u00e9tamine est un anesth\u00e9sique utilis\u00e9 principalement en m\u00e9decine v\u00e9t\u00e9rinaire et, dans certaines conditions, chez l'homme, afin de r\u00e9duire la sensation de douleur. Dans le cas de maladies telles que les troubles anxieux, l'\u00e9tat de stress post-traumatique et les troubles anxieux, il existe d\u00e9j\u00e0 des preuves pr\u00e9liminaires selon lesquelles le traitement \u00e0 la k\u00e9tamine pourrait \u00e9ventuellement apporter des avantages.\u00a0","breadcrumb":{"@id":"https:\/\/news.save.ch\/ketamin-soll-auch-suizidgedanken-senken\/#breadcrumb"},"inLanguage":"fr-FR","potentialAction":[{"@type":"ReadAction","target":["https:\/\/news.save.ch\/ketamin-soll-auch-suizidgedanken-senken\/"]}]},{"@type":"ImageObject","inLanguage":"fr-FR","@id":"https:\/\/news.save.ch\/ketamin-soll-auch-suizidgedanken-senken\/#primaryimage","url":"https:\/\/news.save.ch\/wp-content\/uploads\/2022\/01\/depression_teaser.jpg","contentUrl":"https:\/\/news.save.ch\/wp-content\/uploads\/2022\/01\/depression_teaser.jpg","width":960,"height":624,"caption":"Ketamin soll auch Suizidgedanken senken"},{"@type":"BreadcrumbList","@id":"https:\/\/news.save.ch\/ketamin-soll-auch-suizidgedanken-senken\/#breadcrumb","itemListElement":[{"@type":"ListItem","position":1,"name":"Home","item":"https:\/\/news.save.ch\/de\/"},{"@type":"ListItem","position":2,"name":"Ketamin soll auch Suizidgedanken senken"}]},{"@type":"WebSite","@id":"https:\/\/news.save.ch\/de\/#website","url":"https:\/\/news.save.ch\/de\/","name":"Save","description":"Revue suisse sp\u00e9cialis\u00e9e dans la s\u00e9curit\u00e9","publisher":{"@id":"https:\/\/news.save.ch\/de\/#organization"},"potentialAction":[{"@type":"SearchAction","target":{"@type":"EntryPoint","urlTemplate":"https:\/\/news.save.ch\/de\/?s={search_term_string}"},"query-input":{"@type":"PropertyValueSpecification","valueRequired":true,"valueName":"search_term_string"}}],"inLanguage":"fr-FR"},{"@type":"Organization","@id":"https:\/\/news.save.ch\/de\/#organization","name":"Forum sur la s\u00e9curit\u00e9","url":"https:\/\/news.save.ch\/de\/","logo":{"@type":"ImageObject","inLanguage":"fr-FR","@id":"https:\/\/news.save.ch\/de\/#\/schema\/logo\/image\/","url":"https:\/\/news.save.ch\/wp-content\/uploads\/2022\/06\/Logo_SF_2012.png","contentUrl":"https:\/\/news.save.ch\/wp-content\/uploads\/2022\/06\/Logo_SF_2012.png","width":1100,"height":91,"caption":"Sicherheitsforum"},"image":{"@id":"https:\/\/news.save.ch\/de\/#\/schema\/logo\/image\/"}},{"@type":"Person","@id":"https:\/\/news.save.ch\/de\/#\/schema\/person\/ad4ef21102fd6125312409ac57d5296d","name":"Simon Gr\u00f6flin","image":{"@type":"ImageObject","inLanguage":"fr-FR","@id":"https:\/\/secure.gravatar.com\/avatar\/6ddceb80eb734354635539e0ea5140bb7c41e42de7c45c9a2ab9921b5d5c9a83?s=96&d=mm&r=g","url":"https:\/\/secure.gravatar.com\/avatar\/6ddceb80eb734354635539e0ea5140bb7c41e42de7c45c9a2ab9921b5d5c9a83?s=96&d=mm&r=g","contentUrl":"https:\/\/secure.gravatar.com\/avatar\/6ddceb80eb734354635539e0ea5140bb7c41e42de7c45c9a2ab9921b5d5c9a83?s=96&d=mm&r=g","caption":"Simon Gr\u00f6flin"},"url":"https:\/\/news.save.ch\/fr\/author\/simon-groeflin\/"}]}},"_links":{"self":[{"href":"https:\/\/news.save.ch\/fr\/wp-json\/wp\/v2\/posts\/17041","targetHints":{"allow":["GET"]}}],"collection":[{"href":"https:\/\/news.save.ch\/fr\/wp-json\/wp\/v2\/posts"}],"about":[{"href":"https:\/\/news.save.ch\/fr\/wp-json\/wp\/v2\/types\/post"}],"author":[{"embeddable":true,"href":"https:\/\/news.save.ch\/fr\/wp-json\/wp\/v2\/users\/9"}],"replies":[{"embeddable":true,"href":"https:\/\/news.save.ch\/fr\/wp-json\/wp\/v2\/comments?post=17041"}],"version-history":[{"count":3,"href":"https:\/\/news.save.ch\/fr\/wp-json\/wp\/v2\/posts\/17041\/revisions"}],"predecessor-version":[{"id":20673,"href":"https:\/\/news.save.ch\/fr\/wp-json\/wp\/v2\/posts\/17041\/revisions\/20673"}],"wp:featuredmedia":[{"embeddable":true,"href":"https:\/\/news.save.ch\/fr\/wp-json\/wp\/v2\/media\/8332"}],"wp:attachment":[{"href":"https:\/\/news.save.ch\/fr\/wp-json\/wp\/v2\/media?parent=17041"}],"wp:term":[{"taxonomy":"category","embeddable":true,"href":"https:\/\/news.save.ch\/fr\/wp-json\/wp\/v2\/categories?post=17041"},{"taxonomy":"post_tag","embeddable":true,"href":"https:\/\/news.save.ch\/fr\/wp-json\/wp\/v2\/tags?post=17041"}],"curies":[{"name":"wp","href":"https:\/\/api.w.org\/{rel}","templated":true}]}}