{"id":17058,"date":"2022-06-08T13:37:04","date_gmt":"2022-06-08T11:37:04","guid":{"rendered":"https:\/\/news.save.ch\/?p=9093"},"modified":"2023-06-27T06:44:43","modified_gmt":"2023-06-27T04:44:43","slug":"gefahren-beim-bergwandern","status":null,"type":"post","link":"https:\/\/news.save.ch\/fr\/gefahren-beim-bergwandern\/","title":{"rendered":"Les dangers de la randonn\u00e9e en montagne"},"content":{"rendered":"<p><img loading=\"lazy\" decoding=\"async\" class=\"alignnone wp-image-9097 size-full\" src=\"https:\/\/news.save.ch\/wp-content\/uploads\/2022\/06\/mountaineering-g1806eee27_640.jpg\" alt=\"Randonn\u00e9e en montagne\" width=\"640\" height=\"383\" srcset=\"https:\/\/news.save.ch\/wp-content\/uploads\/2022\/06\/mountaineering-g1806eee27_640.jpg 640w, https:\/\/news.save.ch\/wp-content\/uploads\/2022\/06\/mountaineering-g1806eee27_640-18x12.jpg 18w, https:\/\/news.save.ch\/wp-content\/uploads\/2022\/06\/mountaineering-g1806eee27_640-375x224.jpg 375w, https:\/\/news.save.ch\/wp-content\/uploads\/2022\/06\/mountaineering-g1806eee27_640-585x350.jpg 585w\" sizes=\"auto, (max-width: 640px) 100vw, 640px\" \/><\/p>\n<p>De nombreux randonneurs suisses sous-estiment le danger de la neige ancienne dure, sur laquelle on glisse facilement. Des situations d\u00e9licates se produisent donc r\u00e9guli\u00e8rement en montagne, car les risques sont sous-estim\u00e9s et des itin\u00e9raires exigeants sont choisis.<\/p>\n<p>Dans ce contexte, 42 personnes en moyenne meurent chaque ann\u00e9e en Suisse en pratiquant la randonn\u00e9e et la marche en montagne, environ 30'000 se blessent, dont 5000 gri\u00e8vement ou moyennement.<\/p>\n<p>Une randonn\u00e9e en montagne doit donc \u00eatre soigneusement planifi\u00e9e et l'itin\u00e9raire choisi en fonction des capacit\u00e9s de chacun. Il est \u00e9galement important de choisir l'\u00e9quipement ad\u00e9quat de la t\u00eate aux pieds : par exemple des chaussures de randonn\u00e9e solides avec un profil adh\u00e9rent ainsi que des v\u00eatements chauds et r\u00e9sistants aux intemp\u00e9ries. Il faut toutefois veiller \u00e0 ce que tous les membres du groupe soient encore suffisamment en forme, par exemple en cas de changement de temps.<\/p>\n<p>C'est dans ce contexte que le BPA sensibilise \u00e9galement \u00e0 sa campagne : la randonn\u00e9e doit \u00eatre planifi\u00e9e avec soin et l'\u00e9quipement adapt\u00e9 choisi, et il faut en outre rester attentif en permanence.<\/p>\n<p><em>Source : BFU<\/em><\/p>","protected":false},"excerpt":{"rendered":"<p>Viele Schweizer Wanderinnen und Wanderer untersch\u00e4tzen die Gefahr von hartem Altschnee, auf welchem man leicht ausrutscht. Immer wieder komme es in den Bergen daher zu heiklen Situationen, da Risiken untersch\u00e4tzt und anspruchsvolle Routen gew\u00e4hlt werden. Dabei sterben pro Jahr im Schnitt 42 Menschen aus der Schweiz beim Wandern und Bergwandern, rund 30&#8217;000 verletzen sich, davon [&hellip;]<\/p>\n","protected":false},"author":9,"featured_media":9097,"comment_status":"closed","ping_status":"closed","sticky":false,"template":"","format":"standard","meta":{"_acf_changed":false,"pgc_sgb_lightbox_settings":"","footnotes":""},"categories":[1,3314],"tags":[4457,4458,953,1761,3223,3224],"class_list":["post-17058","post","type-post","status-publish","format-standard","has-post-thumbnail","hentry","category-allgemein","category-health-safety","tag-altschnee","tag-ausruestung","tag-beratungsstelle-fuer-unfallverhuetung","tag-bergwandern","tag-wandern","tag-wanderung"],"acf":[],"hkrextid":null,"publication":null,"issue":null,"workflow":null,"startPage":null,"spitzmarke":null,"_posts_by_tag_page_fields":{"widget_title":"","widget_tags":""},"_at_widget":"1","_yoast_wpseo_primary_category":"1","_yoast_wpseo_focuskw_text_input":null,"_yoast_wpseo_opengraph-image":null,"_yoast_wpseo_opengraph-description":null,"_yoast_wpseo_opengraph-title":null,"enclosure":null,"_yoast_wpseo_twitter-title":null,"_yoast_wpseo_twitter-description":null,"_yoast_wpseo_twitter-image":null,"_wp_old_slug":null,"_yoast_wpseo_title":null,"_yoast_wpseo_canonical":null,"yoast_head":"<!-- This site is optimized with the Yoast SEO plugin v27.5 - https:\/\/yoast.com\/product\/yoast-seo-wordpress\/ -->\n<title>Gefahren beim Bergwandern - Save<\/title>\n<meta name=\"description\" content=\"Jedes Jahr sterben in der Schweiz im Schnitt 42 Menschen beim Wandern, wie die Beratungsstelle f\u00fcr Unfallverh\u00fctung (BFU) vermeldet. Mit einer guten Vorbereitung lassen sich jedoch viele Risiken mindern.\" \/>\n<meta name=\"robots\" content=\"index, follow, max-snippet:-1, max-image-preview:large, max-video-preview:-1\" \/>\n<link rel=\"canonical\" href=\"https:\/\/news.save.ch\/fr\/gefahren-beim-bergwandern\/\" \/>\n<meta property=\"og:locale\" content=\"fr_FR\" \/>\n<meta property=\"og:type\" content=\"article\" \/>\n<meta property=\"og:title\" content=\"Gefahren beim Bergwandern - Save\" \/>\n<meta property=\"og:description\" content=\"Jedes Jahr sterben in der Schweiz im Schnitt 42 Menschen beim Wandern, wie die Beratungsstelle f\u00fcr Unfallverh\u00fctung (BFU) vermeldet. Mit einer guten Vorbereitung lassen sich jedoch viele Risiken mindern.\" \/>\n<meta property=\"og:url\" content=\"https:\/\/news.save.ch\/fr\/gefahren-beim-bergwandern\/\" \/>\n<meta property=\"og:site_name\" content=\"Save\" \/>\n<meta property=\"article:published_time\" content=\"2022-06-08T11:37:04+00:00\" \/>\n<meta property=\"article:modified_time\" content=\"2023-06-27T04:44:43+00:00\" \/>\n<meta property=\"og:image\" content=\"https:\/\/news.save.ch\/wp-content\/uploads\/2022\/06\/mountaineering-g1806eee27_640.jpg\" \/>\n\t<meta property=\"og:image:width\" content=\"640\" \/>\n\t<meta property=\"og:image:height\" content=\"383\" \/>\n\t<meta property=\"og:image:type\" content=\"image\/jpeg\" \/>\n<meta name=\"author\" content=\"Simon Gr\u00f6flin\" \/>\n<meta name=\"twitter:card\" content=\"summary_large_image\" \/>\n<meta name=\"twitter:label1\" content=\"\u00c9crit par\" \/>\n\t<meta name=\"twitter:data1\" content=\"Simon Gr\u00f6flin\" \/>\n\t<meta name=\"twitter:label2\" content=\"Dur\u00e9e de lecture estim\u00e9e\" \/>\n\t<meta name=\"twitter:data2\" content=\"2 minutes\" \/>\n<script type=\"application\/ld+json\" class=\"yoast-schema-graph\">{\"@context\":\"https:\\\/\\\/schema.org\",\"@graph\":[{\"@type\":\"Article\",\"@id\":\"https:\\\/\\\/news.save.ch\\\/gefahren-beim-bergwandern\\\/#article\",\"isPartOf\":{\"@id\":\"https:\\\/\\\/news.save.ch\\\/gefahren-beim-bergwandern\\\/\"},\"author\":{\"name\":\"Simon Gr\u00f6flin\",\"@id\":\"https:\\\/\\\/news.save.ch\\\/de\\\/#\\\/schema\\\/person\\\/ad4ef21102fd6125312409ac57d5296d\"},\"headline\":\"Gefahren beim Bergwandern\",\"datePublished\":\"2022-06-08T11:37:04+00:00\",\"dateModified\":\"2023-06-27T04:44:43+00:00\",\"mainEntityOfPage\":{\"@id\":\"https:\\\/\\\/news.save.ch\\\/gefahren-beim-bergwandern\\\/\"},\"wordCount\":161,\"publisher\":{\"@id\":\"https:\\\/\\\/news.save.ch\\\/de\\\/#organization\"},\"image\":{\"@id\":\"https:\\\/\\\/news.save.ch\\\/gefahren-beim-bergwandern\\\/#primaryimage\"},\"thumbnailUrl\":\"https:\\\/\\\/news.save.ch\\\/wp-content\\\/uploads\\\/2022\\\/06\\\/mountaineering-g1806eee27_640.jpg\",\"keywords\":[\"Altschnee\",\"Ausr\u00fcstung\",\"Beratungsstelle f\u00fcr Unfallverh\u00fctung\",\"Bergwandern\",\"Wandern\",\"Wanderung\"],\"articleSection\":[\"ALLGEMEIN\",\"HEALTH &amp; SAFETY\"],\"inLanguage\":\"fr-FR\"},{\"@type\":\"WebPage\",\"@id\":\"https:\\\/\\\/news.save.ch\\\/gefahren-beim-bergwandern\\\/\",\"url\":\"https:\\\/\\\/news.save.ch\\\/gefahren-beim-bergwandern\\\/\",\"name\":\"Gefahren beim Bergwandern - Save\",\"isPartOf\":{\"@id\":\"https:\\\/\\\/news.save.ch\\\/de\\\/#website\"},\"primaryImageOfPage\":{\"@id\":\"https:\\\/\\\/news.save.ch\\\/gefahren-beim-bergwandern\\\/#primaryimage\"},\"image\":{\"@id\":\"https:\\\/\\\/news.save.ch\\\/gefahren-beim-bergwandern\\\/#primaryimage\"},\"thumbnailUrl\":\"https:\\\/\\\/news.save.ch\\\/wp-content\\\/uploads\\\/2022\\\/06\\\/mountaineering-g1806eee27_640.jpg\",\"datePublished\":\"2022-06-08T11:37:04+00:00\",\"dateModified\":\"2023-06-27T04:44:43+00:00\",\"description\":\"Jedes Jahr sterben in der Schweiz im Schnitt 42 Menschen beim Wandern, wie die Beratungsstelle f\u00fcr Unfallverh\u00fctung (BFU) vermeldet. Mit einer guten Vorbereitung lassen sich jedoch viele Risiken mindern.\",\"breadcrumb\":{\"@id\":\"https:\\\/\\\/news.save.ch\\\/gefahren-beim-bergwandern\\\/#breadcrumb\"},\"inLanguage\":\"fr-FR\",\"potentialAction\":[{\"@type\":\"ReadAction\",\"target\":[\"https:\\\/\\\/news.save.ch\\\/gefahren-beim-bergwandern\\\/\"]}]},{\"@type\":\"ImageObject\",\"inLanguage\":\"fr-FR\",\"@id\":\"https:\\\/\\\/news.save.ch\\\/gefahren-beim-bergwandern\\\/#primaryimage\",\"url\":\"https:\\\/\\\/news.save.ch\\\/wp-content\\\/uploads\\\/2022\\\/06\\\/mountaineering-g1806eee27_640.jpg\",\"contentUrl\":\"https:\\\/\\\/news.save.ch\\\/wp-content\\\/uploads\\\/2022\\\/06\\\/mountaineering-g1806eee27_640.jpg\",\"width\":640,\"height\":383,\"caption\":\"Wandern, Vorbereitung\"},{\"@type\":\"BreadcrumbList\",\"@id\":\"https:\\\/\\\/news.save.ch\\\/gefahren-beim-bergwandern\\\/#breadcrumb\",\"itemListElement\":[{\"@type\":\"ListItem\",\"position\":1,\"name\":\"Home\",\"item\":\"https:\\\/\\\/news.save.ch\\\/de\\\/\"},{\"@type\":\"ListItem\",\"position\":2,\"name\":\"Gefahren beim Bergwandern\"}]},{\"@type\":\"WebSite\",\"@id\":\"https:\\\/\\\/news.save.ch\\\/de\\\/#website\",\"url\":\"https:\\\/\\\/news.save.ch\\\/de\\\/\",\"name\":\"Save\",\"description\":\"Schweizer Fachzeitschrift f\u00fcr Sicherheit\",\"publisher\":{\"@id\":\"https:\\\/\\\/news.save.ch\\\/de\\\/#organization\"},\"potentialAction\":[{\"@type\":\"SearchAction\",\"target\":{\"@type\":\"EntryPoint\",\"urlTemplate\":\"https:\\\/\\\/news.save.ch\\\/de\\\/?s={search_term_string}\"},\"query-input\":{\"@type\":\"PropertyValueSpecification\",\"valueRequired\":true,\"valueName\":\"search_term_string\"}}],\"inLanguage\":\"fr-FR\"},{\"@type\":\"Organization\",\"@id\":\"https:\\\/\\\/news.save.ch\\\/de\\\/#organization\",\"name\":\"Sicherheitsforum\",\"url\":\"https:\\\/\\\/news.save.ch\\\/de\\\/\",\"logo\":{\"@type\":\"ImageObject\",\"inLanguage\":\"fr-FR\",\"@id\":\"https:\\\/\\\/news.save.ch\\\/de\\\/#\\\/schema\\\/logo\\\/image\\\/\",\"url\":\"https:\\\/\\\/news.save.ch\\\/wp-content\\\/uploads\\\/2022\\\/06\\\/Logo_SF_2012.png\",\"contentUrl\":\"https:\\\/\\\/news.save.ch\\\/wp-content\\\/uploads\\\/2022\\\/06\\\/Logo_SF_2012.png\",\"width\":1100,\"height\":91,\"caption\":\"Sicherheitsforum\"},\"image\":{\"@id\":\"https:\\\/\\\/news.save.ch\\\/de\\\/#\\\/schema\\\/logo\\\/image\\\/\"}},{\"@type\":\"Person\",\"@id\":\"https:\\\/\\\/news.save.ch\\\/de\\\/#\\\/schema\\\/person\\\/ad4ef21102fd6125312409ac57d5296d\",\"name\":\"Simon Gr\u00f6flin\",\"image\":{\"@type\":\"ImageObject\",\"inLanguage\":\"fr-FR\",\"@id\":\"https:\\\/\\\/secure.gravatar.com\\\/avatar\\\/6ddceb80eb734354635539e0ea5140bb7c41e42de7c45c9a2ab9921b5d5c9a83?s=96&d=mm&r=g\",\"url\":\"https:\\\/\\\/secure.gravatar.com\\\/avatar\\\/6ddceb80eb734354635539e0ea5140bb7c41e42de7c45c9a2ab9921b5d5c9a83?s=96&d=mm&r=g\",\"contentUrl\":\"https:\\\/\\\/secure.gravatar.com\\\/avatar\\\/6ddceb80eb734354635539e0ea5140bb7c41e42de7c45c9a2ab9921b5d5c9a83?s=96&d=mm&r=g\",\"caption\":\"Simon Gr\u00f6flin\"},\"url\":\"https:\\\/\\\/news.save.ch\\\/fr\\\/author\\\/simon-groeflin\\\/\"}]}<\/script>\n<!-- \/ Yoast SEO plugin. -->","yoast_head_json":{"title":"Dangers de la randonn\u00e9e en montagne - Save","description":"Chaque ann\u00e9e, en Suisse, 42 personnes en moyenne meurent en faisant de la randonn\u00e9e, comme l'indique le Bureau de pr\u00e9vention des accidents (BPA). Une bonne pr\u00e9paration permet toutefois de r\u00e9duire de nombreux risques.","robots":{"index":"index","follow":"follow","max-snippet":"max-snippet:-1","max-image-preview":"max-image-preview:large","max-video-preview":"max-video-preview:-1"},"canonical":"https:\/\/news.save.ch\/fr\/gefahren-beim-bergwandern\/","og_locale":"fr_FR","og_type":"article","og_title":"Gefahren beim Bergwandern - Save","og_description":"Jedes Jahr sterben in der Schweiz im Schnitt 42 Menschen beim Wandern, wie die Beratungsstelle f\u00fcr Unfallverh\u00fctung (BFU) vermeldet. Mit einer guten Vorbereitung lassen sich jedoch viele Risiken mindern.","og_url":"https:\/\/news.save.ch\/fr\/gefahren-beim-bergwandern\/","og_site_name":"Save","article_published_time":"2022-06-08T11:37:04+00:00","article_modified_time":"2023-06-27T04:44:43+00:00","og_image":[{"width":640,"height":383,"url":"https:\/\/news.save.ch\/wp-content\/uploads\/2022\/06\/mountaineering-g1806eee27_640.jpg","type":"image\/jpeg"}],"author":"Simon Gr\u00f6flin","twitter_card":"summary_large_image","twitter_misc":{"\u00c9crit par":"Simon Gr\u00f6flin","Dur\u00e9e de lecture estim\u00e9e":"2 minutes"},"schema":{"@context":"https:\/\/schema.org","@graph":[{"@type":"Article","@id":"https:\/\/news.save.ch\/gefahren-beim-bergwandern\/#article","isPartOf":{"@id":"https:\/\/news.save.ch\/gefahren-beim-bergwandern\/"},"author":{"name":"Simon Gr\u00f6flin","@id":"https:\/\/news.save.ch\/de\/#\/schema\/person\/ad4ef21102fd6125312409ac57d5296d"},"headline":"Gefahren beim Bergwandern","datePublished":"2022-06-08T11:37:04+00:00","dateModified":"2023-06-27T04:44:43+00:00","mainEntityOfPage":{"@id":"https:\/\/news.save.ch\/gefahren-beim-bergwandern\/"},"wordCount":161,"publisher":{"@id":"https:\/\/news.save.ch\/de\/#organization"},"image":{"@id":"https:\/\/news.save.ch\/gefahren-beim-bergwandern\/#primaryimage"},"thumbnailUrl":"https:\/\/news.save.ch\/wp-content\/uploads\/2022\/06\/mountaineering-g1806eee27_640.jpg","keywords":["Altschnee","Ausr\u00fcstung","Beratungsstelle f\u00fcr Unfallverh\u00fctung","Bergwandern","Wandern","Wanderung"],"articleSection":["ALLGEMEIN","HEALTH &amp; SAFETY"],"inLanguage":"fr-FR"},{"@type":"WebPage","@id":"https:\/\/news.save.ch\/gefahren-beim-bergwandern\/","url":"https:\/\/news.save.ch\/gefahren-beim-bergwandern\/","name":"Dangers de la randonn\u00e9e en montagne - Save","isPartOf":{"@id":"https:\/\/news.save.ch\/de\/#website"},"primaryImageOfPage":{"@id":"https:\/\/news.save.ch\/gefahren-beim-bergwandern\/#primaryimage"},"image":{"@id":"https:\/\/news.save.ch\/gefahren-beim-bergwandern\/#primaryimage"},"thumbnailUrl":"https:\/\/news.save.ch\/wp-content\/uploads\/2022\/06\/mountaineering-g1806eee27_640.jpg","datePublished":"2022-06-08T11:37:04+00:00","dateModified":"2023-06-27T04:44:43+00:00","description":"Chaque ann\u00e9e, en Suisse, 42 personnes en moyenne meurent en faisant de la randonn\u00e9e, comme l'indique le Bureau de pr\u00e9vention des accidents (BPA). Une bonne pr\u00e9paration permet toutefois de r\u00e9duire de nombreux risques.","breadcrumb":{"@id":"https:\/\/news.save.ch\/gefahren-beim-bergwandern\/#breadcrumb"},"inLanguage":"fr-FR","potentialAction":[{"@type":"ReadAction","target":["https:\/\/news.save.ch\/gefahren-beim-bergwandern\/"]}]},{"@type":"ImageObject","inLanguage":"fr-FR","@id":"https:\/\/news.save.ch\/gefahren-beim-bergwandern\/#primaryimage","url":"https:\/\/news.save.ch\/wp-content\/uploads\/2022\/06\/mountaineering-g1806eee27_640.jpg","contentUrl":"https:\/\/news.save.ch\/wp-content\/uploads\/2022\/06\/mountaineering-g1806eee27_640.jpg","width":640,"height":383,"caption":"Wandern, Vorbereitung"},{"@type":"BreadcrumbList","@id":"https:\/\/news.save.ch\/gefahren-beim-bergwandern\/#breadcrumb","itemListElement":[{"@type":"ListItem","position":1,"name":"Home","item":"https:\/\/news.save.ch\/de\/"},{"@type":"ListItem","position":2,"name":"Gefahren beim Bergwandern"}]},{"@type":"WebSite","@id":"https:\/\/news.save.ch\/de\/#website","url":"https:\/\/news.save.ch\/de\/","name":"Save","description":"Revue suisse sp\u00e9cialis\u00e9e dans la s\u00e9curit\u00e9","publisher":{"@id":"https:\/\/news.save.ch\/de\/#organization"},"potentialAction":[{"@type":"SearchAction","target":{"@type":"EntryPoint","urlTemplate":"https:\/\/news.save.ch\/de\/?s={search_term_string}"},"query-input":{"@type":"PropertyValueSpecification","valueRequired":true,"valueName":"search_term_string"}}],"inLanguage":"fr-FR"},{"@type":"Organization","@id":"https:\/\/news.save.ch\/de\/#organization","name":"Forum sur la s\u00e9curit\u00e9","url":"https:\/\/news.save.ch\/de\/","logo":{"@type":"ImageObject","inLanguage":"fr-FR","@id":"https:\/\/news.save.ch\/de\/#\/schema\/logo\/image\/","url":"https:\/\/news.save.ch\/wp-content\/uploads\/2022\/06\/Logo_SF_2012.png","contentUrl":"https:\/\/news.save.ch\/wp-content\/uploads\/2022\/06\/Logo_SF_2012.png","width":1100,"height":91,"caption":"Sicherheitsforum"},"image":{"@id":"https:\/\/news.save.ch\/de\/#\/schema\/logo\/image\/"}},{"@type":"Person","@id":"https:\/\/news.save.ch\/de\/#\/schema\/person\/ad4ef21102fd6125312409ac57d5296d","name":"Simon Gr\u00f6flin","image":{"@type":"ImageObject","inLanguage":"fr-FR","@id":"https:\/\/secure.gravatar.com\/avatar\/6ddceb80eb734354635539e0ea5140bb7c41e42de7c45c9a2ab9921b5d5c9a83?s=96&d=mm&r=g","url":"https:\/\/secure.gravatar.com\/avatar\/6ddceb80eb734354635539e0ea5140bb7c41e42de7c45c9a2ab9921b5d5c9a83?s=96&d=mm&r=g","contentUrl":"https:\/\/secure.gravatar.com\/avatar\/6ddceb80eb734354635539e0ea5140bb7c41e42de7c45c9a2ab9921b5d5c9a83?s=96&d=mm&r=g","caption":"Simon Gr\u00f6flin"},"url":"https:\/\/news.save.ch\/fr\/author\/simon-groeflin\/"}]}},"_links":{"self":[{"href":"https:\/\/news.save.ch\/fr\/wp-json\/wp\/v2\/posts\/17058","targetHints":{"allow":["GET"]}}],"collection":[{"href":"https:\/\/news.save.ch\/fr\/wp-json\/wp\/v2\/posts"}],"about":[{"href":"https:\/\/news.save.ch\/fr\/wp-json\/wp\/v2\/types\/post"}],"author":[{"embeddable":true,"href":"https:\/\/news.save.ch\/fr\/wp-json\/wp\/v2\/users\/9"}],"replies":[{"embeddable":true,"href":"https:\/\/news.save.ch\/fr\/wp-json\/wp\/v2\/comments?post=17058"}],"version-history":[{"count":3,"href":"https:\/\/news.save.ch\/fr\/wp-json\/wp\/v2\/posts\/17058\/revisions"}],"predecessor-version":[{"id":20342,"href":"https:\/\/news.save.ch\/fr\/wp-json\/wp\/v2\/posts\/17058\/revisions\/20342"}],"wp:featuredmedia":[{"embeddable":true,"href":"https:\/\/news.save.ch\/fr\/wp-json\/wp\/v2\/media\/9097"}],"wp:attachment":[{"href":"https:\/\/news.save.ch\/fr\/wp-json\/wp\/v2\/media?parent=17058"}],"wp:term":[{"taxonomy":"category","embeddable":true,"href":"https:\/\/news.save.ch\/fr\/wp-json\/wp\/v2\/categories?post=17058"},{"taxonomy":"post_tag","embeddable":true,"href":"https:\/\/news.save.ch\/fr\/wp-json\/wp\/v2\/tags?post=17058"}],"curies":[{"name":"wp","href":"https:\/\/api.w.org\/{rel}","templated":true}]}}