{"id":17072,"date":"2022-08-24T09:15:05","date_gmt":"2022-08-24T07:15:05","guid":{"rendered":"https:\/\/news.save.ch\/?p=9523"},"modified":"2023-07-07T20:07:43","modified_gmt":"2023-07-07T18:07:43","slug":"missbrauch-suva-mit-mehr-verdachtsfaellen","status":null,"type":"post","link":"https:\/\/news.save.ch\/fr\/missbrauch-suva-mit-mehr-verdachtsfaellen\/","title":{"rendered":"Abus : la Suva enregistre davantage de cas suspects"},"content":{"rendered":"<figure id=\"attachment_9527\" aria-describedby=\"caption-attachment-9527\" style=\"width: 1000px\" class=\"wp-caption alignnone\"><img loading=\"lazy\" decoding=\"async\" class=\"wp-image-9527 size-full\" src=\"https:\/\/news.save.ch\/wp-content\/uploads\/2022\/08\/Depositphotos_395522148_S.jpg\" alt=\"Abus d&#039;assurance\" width=\"1000\" height=\"576\" srcset=\"https:\/\/news.save.ch\/wp-content\/uploads\/2022\/08\/Depositphotos_395522148_S.jpg 1000w, https:\/\/news.save.ch\/wp-content\/uploads\/2022\/08\/Depositphotos_395522148_S-680x392.jpg 680w, https:\/\/news.save.ch\/wp-content\/uploads\/2022\/08\/Depositphotos_395522148_S-768x442.jpg 768w, https:\/\/news.save.ch\/wp-content\/uploads\/2022\/08\/Depositphotos_395522148_S-18x10.jpg 18w, https:\/\/news.save.ch\/wp-content\/uploads\/2022\/08\/Depositphotos_395522148_S-375x216.jpg 375w, https:\/\/news.save.ch\/wp-content\/uploads\/2022\/08\/Depositphotos_395522148_S-608x350.jpg 608w\" sizes=\"auto, (max-width: 1000px) 100vw, 1000px\" \/><figcaption id=\"caption-attachment-9527\" class=\"wp-caption-text\">Image : depositphotos<\/figcaption><\/figure>\n<p>La Suva a enqu\u00eat\u00e9 sur plus de 2800 cas suspects l'ann\u00e9e derni\u00e8re et a ainsi pu, selon ses propres indications, \u00e9conomiser environ 21 millions de francs. Ce montant profite aux assur\u00e9s sous la forme de primes r\u00e9duites, comme l'indique l'assureur-accidents dans un communiqu\u00e9. Les d\u00e9lits de faillite ont \u00e9galement augment\u00e9 ces derni\u00e8res ann\u00e9es. Ils entra\u00eenent des pertes de primes et nuisent, selon la Suva, aux clients honn\u00eates et \u00e0 la place industrielle suisse. C'est pourquoi la Suva veut prendre diverses mesures pour lutter activement contre la fraude \u00e0 l'assurance. Des initiatives contre le travail au noir et la fraude aux primes ont par exemple \u00e9t\u00e9 lanc\u00e9es en collaboration avec deux associations.<\/p>\n<p>Concr\u00e8tement, la Suva a examin\u00e9 de plus pr\u00e8s 2839 cas suspects sur les 237 390 cas de l'ann\u00e9e derni\u00e8re pour lesquels une indemnit\u00e9 journali\u00e8re ou une rente a \u00e9t\u00e9 vers\u00e9e. 3,9 millions de francs sur les 20,9 millions de francs qui ont maintenant pu \u00eatre \u00e9conomis\u00e9s proviennent de primes factur\u00e9es en plus. Depuis l'introduction de la lutte contre les abus en 2007, la Suva a pu \u00e9conomiser au total plus de 215 millions de francs.<\/p>\n<h2>Accumulation de d\u00e9lits de faillite<\/h2>\n<p>\"La grande majorit\u00e9 de nos assur\u00e9s sont honn\u00eates, mais ces derni\u00e8res ann\u00e9es, nous constatons de plus en plus de cas de d\u00e9lits de faillite\", explique Roger Bolt, responsable de la lutte contre la fraude \u00e0 l'assurance \u00e0 la Suva. Nous sommes ainsi r\u00e9guli\u00e8rement confront\u00e9s \u00e0 des cas de fraude syst\u00e9matique aux primes d'assurance par le biais de structures de sous-traitance. Rien que les cas les plus importants ont caus\u00e9 des millions de francs de dommages \u00e0 la Suva ces derni\u00e8res ann\u00e9es, explique Bolt.<\/p>\n<p><em>Source : Suva\/r\u00e9daction<\/em><\/p>","protected":false},"excerpt":{"rendered":"<p>\u00dcber 2800 Verdachtsf\u00e4lle untersuchte die Suva letztes Jahr und konnte damit nach eigenen Angaben rund 21 Millionen Franken einsparen. Dieser Betrag komme den Versicherten in Form reduzierter Pr\u00e4mien zugute, wie der Unfallversicherer in einer Mitteilung schreibt. Auch Konkursdelikte h\u00e4tten in den letzten Jahren zugenommen. Diese f\u00fchrten zu Pr\u00e4mienverlusten, sch\u00e4digten laut der Suva die ehrlichen Kunden [&hellip;]<\/p>\n","protected":false},"author":9,"featured_media":9527,"comment_status":"closed","ping_status":"closed","sticky":false,"template":"","format":"standard","meta":{"_acf_changed":false,"pgc_sgb_lightbox_settings":"","footnotes":""},"categories":[1,3314],"tags":[4852,4851,2704,4850,167,3143,4849],"class_list":["post-17072","post","type-post","status-publish","format-standard","has-post-thumbnail","hentry","category-allgemein","category-health-safety","tag-initiativen-gegen-schwarzarbeit-und-praemienbetrug","tag-konkursdelikte","tag-praemien","tag-praemienverluste","tag-suva","tag-unfallversicherung","tag-versicherungsmissbrauch"],"acf":[],"hkrextid":null,"publication":null,"issue":null,"workflow":null,"startPage":null,"spitzmarke":null,"_posts_by_tag_page_fields":{"widget_title":"","widget_tags":""},"_at_widget":"1","_yoast_wpseo_primary_category":"1","_yoast_wpseo_focuskw_text_input":null,"_yoast_wpseo_opengraph-image":null,"_yoast_wpseo_opengraph-description":null,"_yoast_wpseo_opengraph-title":null,"enclosure":null,"_yoast_wpseo_twitter-title":null,"_yoast_wpseo_twitter-description":null,"_yoast_wpseo_twitter-image":null,"_wp_old_slug":null,"_yoast_wpseo_title":null,"_yoast_wpseo_canonical":null,"yoast_head":"<!-- This site is optimized with the Yoast SEO plugin v27.5 - https:\/\/yoast.com\/product\/yoast-seo-wordpress\/ -->\n<title>Missbrauch: Suva mit mehr Verdachtsf\u00e4llen - Save<\/title>\n<meta name=\"description\" content=\"Verdachtsf\u00e4lle von Versicherungsmissbrauch haben bei der Suva erneut zugenommen. Bei einer Untersuchung von \u00fcber 2800 Verdachtsf\u00e4llen konnte die Suva insgesamt 21 Millionen Franken einsparen.\" \/>\n<meta name=\"robots\" content=\"index, follow, max-snippet:-1, max-image-preview:large, max-video-preview:-1\" \/>\n<link rel=\"canonical\" href=\"https:\/\/news.save.ch\/fr\/missbrauch-suva-mit-mehr-verdachtsfaellen\/\" \/>\n<meta property=\"og:locale\" content=\"fr_FR\" \/>\n<meta property=\"og:type\" content=\"article\" \/>\n<meta property=\"og:title\" content=\"Missbrauch: Suva mit mehr Verdachtsf\u00e4llen - Save\" \/>\n<meta property=\"og:description\" content=\"Verdachtsf\u00e4lle von Versicherungsmissbrauch haben bei der Suva erneut zugenommen. Bei einer Untersuchung von \u00fcber 2800 Verdachtsf\u00e4llen konnte die Suva insgesamt 21 Millionen Franken einsparen.\" \/>\n<meta property=\"og:url\" content=\"https:\/\/news.save.ch\/fr\/missbrauch-suva-mit-mehr-verdachtsfaellen\/\" \/>\n<meta property=\"og:site_name\" content=\"Save\" \/>\n<meta property=\"article:published_time\" content=\"2022-08-24T07:15:05+00:00\" \/>\n<meta property=\"article:modified_time\" content=\"2023-07-07T18:07:43+00:00\" \/>\n<meta property=\"og:image\" content=\"https:\/\/news.save.ch\/wp-content\/uploads\/2022\/08\/Depositphotos_395522148_S.jpg\" \/>\n\t<meta property=\"og:image:width\" content=\"1000\" \/>\n\t<meta property=\"og:image:height\" content=\"576\" \/>\n\t<meta property=\"og:image:type\" content=\"image\/jpeg\" \/>\n<meta name=\"author\" content=\"Simon Gr\u00f6flin\" \/>\n<meta name=\"twitter:card\" content=\"summary_large_image\" \/>\n<meta name=\"twitter:label1\" content=\"\u00c9crit par\" \/>\n\t<meta name=\"twitter:data1\" content=\"Simon Gr\u00f6flin\" \/>\n\t<meta name=\"twitter:label2\" content=\"Dur\u00e9e de lecture estim\u00e9e\" \/>\n\t<meta name=\"twitter:data2\" content=\"2 minutes\" \/>\n<script type=\"application\/ld+json\" class=\"yoast-schema-graph\">{\"@context\":\"https:\\\/\\\/schema.org\",\"@graph\":[{\"@type\":\"Article\",\"@id\":\"https:\\\/\\\/news.save.ch\\\/missbrauch-suva-mit-mehr-verdachtsfaellen\\\/#article\",\"isPartOf\":{\"@id\":\"https:\\\/\\\/news.save.ch\\\/missbrauch-suva-mit-mehr-verdachtsfaellen\\\/\"},\"author\":{\"name\":\"Simon Gr\u00f6flin\",\"@id\":\"https:\\\/\\\/news.save.ch\\\/de\\\/#\\\/schema\\\/person\\\/ad4ef21102fd6125312409ac57d5296d\"},\"headline\":\"Missbrauch: Suva mit mehr Verdachtsf\u00e4llen\",\"datePublished\":\"2022-08-24T07:15:05+00:00\",\"dateModified\":\"2023-07-07T18:07:43+00:00\",\"mainEntityOfPage\":{\"@id\":\"https:\\\/\\\/news.save.ch\\\/missbrauch-suva-mit-mehr-verdachtsfaellen\\\/\"},\"wordCount\":239,\"publisher\":{\"@id\":\"https:\\\/\\\/news.save.ch\\\/de\\\/#organization\"},\"image\":{\"@id\":\"https:\\\/\\\/news.save.ch\\\/missbrauch-suva-mit-mehr-verdachtsfaellen\\\/#primaryimage\"},\"thumbnailUrl\":\"https:\\\/\\\/news.save.ch\\\/wp-content\\\/uploads\\\/2022\\\/08\\\/Depositphotos_395522148_S.jpg\",\"keywords\":[\"Initiativen gegen Schwarzarbeit und Pr\u00e4mienbetrug\",\"Konkursdelikte\",\"Pr\u00e4mien\",\"Pr\u00e4mienverluste\",\"SUVA\",\"Unfallversicherung\",\"Versicherungsmissbrauch\"],\"articleSection\":[\"ALLGEMEIN\",\"HEALTH &amp; SAFETY\"],\"inLanguage\":\"fr-FR\"},{\"@type\":\"WebPage\",\"@id\":\"https:\\\/\\\/news.save.ch\\\/missbrauch-suva-mit-mehr-verdachtsfaellen\\\/\",\"url\":\"https:\\\/\\\/news.save.ch\\\/missbrauch-suva-mit-mehr-verdachtsfaellen\\\/\",\"name\":\"Missbrauch: Suva mit mehr Verdachtsf\u00e4llen - Save\",\"isPartOf\":{\"@id\":\"https:\\\/\\\/news.save.ch\\\/de\\\/#website\"},\"primaryImageOfPage\":{\"@id\":\"https:\\\/\\\/news.save.ch\\\/missbrauch-suva-mit-mehr-verdachtsfaellen\\\/#primaryimage\"},\"image\":{\"@id\":\"https:\\\/\\\/news.save.ch\\\/missbrauch-suva-mit-mehr-verdachtsfaellen\\\/#primaryimage\"},\"thumbnailUrl\":\"https:\\\/\\\/news.save.ch\\\/wp-content\\\/uploads\\\/2022\\\/08\\\/Depositphotos_395522148_S.jpg\",\"datePublished\":\"2022-08-24T07:15:05+00:00\",\"dateModified\":\"2023-07-07T18:07:43+00:00\",\"description\":\"Verdachtsf\u00e4lle von Versicherungsmissbrauch haben bei der Suva erneut zugenommen. Bei einer Untersuchung von \u00fcber 2800 Verdachtsf\u00e4llen konnte die Suva insgesamt 21 Millionen Franken einsparen.\",\"breadcrumb\":{\"@id\":\"https:\\\/\\\/news.save.ch\\\/missbrauch-suva-mit-mehr-verdachtsfaellen\\\/#breadcrumb\"},\"inLanguage\":\"fr-FR\",\"potentialAction\":[{\"@type\":\"ReadAction\",\"target\":[\"https:\\\/\\\/news.save.ch\\\/missbrauch-suva-mit-mehr-verdachtsfaellen\\\/\"]}]},{\"@type\":\"ImageObject\",\"inLanguage\":\"fr-FR\",\"@id\":\"https:\\\/\\\/news.save.ch\\\/missbrauch-suva-mit-mehr-verdachtsfaellen\\\/#primaryimage\",\"url\":\"https:\\\/\\\/news.save.ch\\\/wp-content\\\/uploads\\\/2022\\\/08\\\/Depositphotos_395522148_S.jpg\",\"contentUrl\":\"https:\\\/\\\/news.save.ch\\\/wp-content\\\/uploads\\\/2022\\\/08\\\/Depositphotos_395522148_S.jpg\",\"width\":1000,\"height\":576,\"caption\":\"Attorneys or consultants work in the courtroom and negotiate with clients or complainants who want justice in corporate fraud cases, Litigation and justice concept.\"},{\"@type\":\"BreadcrumbList\",\"@id\":\"https:\\\/\\\/news.save.ch\\\/missbrauch-suva-mit-mehr-verdachtsfaellen\\\/#breadcrumb\",\"itemListElement\":[{\"@type\":\"ListItem\",\"position\":1,\"name\":\"Home\",\"item\":\"https:\\\/\\\/news.save.ch\\\/de\\\/\"},{\"@type\":\"ListItem\",\"position\":2,\"name\":\"Missbrauch: Suva mit mehr Verdachtsf\u00e4llen\"}]},{\"@type\":\"WebSite\",\"@id\":\"https:\\\/\\\/news.save.ch\\\/de\\\/#website\",\"url\":\"https:\\\/\\\/news.save.ch\\\/de\\\/\",\"name\":\"Save\",\"description\":\"Schweizer Fachzeitschrift f\u00fcr Sicherheit\",\"publisher\":{\"@id\":\"https:\\\/\\\/news.save.ch\\\/de\\\/#organization\"},\"potentialAction\":[{\"@type\":\"SearchAction\",\"target\":{\"@type\":\"EntryPoint\",\"urlTemplate\":\"https:\\\/\\\/news.save.ch\\\/de\\\/?s={search_term_string}\"},\"query-input\":{\"@type\":\"PropertyValueSpecification\",\"valueRequired\":true,\"valueName\":\"search_term_string\"}}],\"inLanguage\":\"fr-FR\"},{\"@type\":\"Organization\",\"@id\":\"https:\\\/\\\/news.save.ch\\\/de\\\/#organization\",\"name\":\"Sicherheitsforum\",\"url\":\"https:\\\/\\\/news.save.ch\\\/de\\\/\",\"logo\":{\"@type\":\"ImageObject\",\"inLanguage\":\"fr-FR\",\"@id\":\"https:\\\/\\\/news.save.ch\\\/de\\\/#\\\/schema\\\/logo\\\/image\\\/\",\"url\":\"https:\\\/\\\/news.save.ch\\\/wp-content\\\/uploads\\\/2022\\\/06\\\/Logo_SF_2012.png\",\"contentUrl\":\"https:\\\/\\\/news.save.ch\\\/wp-content\\\/uploads\\\/2022\\\/06\\\/Logo_SF_2012.png\",\"width\":1100,\"height\":91,\"caption\":\"Sicherheitsforum\"},\"image\":{\"@id\":\"https:\\\/\\\/news.save.ch\\\/de\\\/#\\\/schema\\\/logo\\\/image\\\/\"}},{\"@type\":\"Person\",\"@id\":\"https:\\\/\\\/news.save.ch\\\/de\\\/#\\\/schema\\\/person\\\/ad4ef21102fd6125312409ac57d5296d\",\"name\":\"Simon Gr\u00f6flin\",\"image\":{\"@type\":\"ImageObject\",\"inLanguage\":\"fr-FR\",\"@id\":\"https:\\\/\\\/secure.gravatar.com\\\/avatar\\\/6ddceb80eb734354635539e0ea5140bb7c41e42de7c45c9a2ab9921b5d5c9a83?s=96&d=mm&r=g\",\"url\":\"https:\\\/\\\/secure.gravatar.com\\\/avatar\\\/6ddceb80eb734354635539e0ea5140bb7c41e42de7c45c9a2ab9921b5d5c9a83?s=96&d=mm&r=g\",\"contentUrl\":\"https:\\\/\\\/secure.gravatar.com\\\/avatar\\\/6ddceb80eb734354635539e0ea5140bb7c41e42de7c45c9a2ab9921b5d5c9a83?s=96&d=mm&r=g\",\"caption\":\"Simon Gr\u00f6flin\"},\"url\":\"https:\\\/\\\/news.save.ch\\\/fr\\\/author\\\/simon-groeflin\\\/\"}]}<\/script>\n<!-- \/ Yoast SEO plugin. -->","yoast_head_json":{"title":"Abus : la Suva enregistre davantage de cas suspects - Save","description":"Les soup\u00e7ons d'abus d'assurance ont \u00e0 nouveau augment\u00e9 \u00e0 la Suva. Une enqu\u00eate portant sur plus de 2800 cas suspects a permis \u00e0 la Suva d'\u00e9conomiser au total 21 millions de francs.","robots":{"index":"index","follow":"follow","max-snippet":"max-snippet:-1","max-image-preview":"max-image-preview:large","max-video-preview":"max-video-preview:-1"},"canonical":"https:\/\/news.save.ch\/fr\/missbrauch-suva-mit-mehr-verdachtsfaellen\/","og_locale":"fr_FR","og_type":"article","og_title":"Missbrauch: Suva mit mehr Verdachtsf\u00e4llen - Save","og_description":"Verdachtsf\u00e4lle von Versicherungsmissbrauch haben bei der Suva erneut zugenommen. Bei einer Untersuchung von \u00fcber 2800 Verdachtsf\u00e4llen konnte die Suva insgesamt 21 Millionen Franken einsparen.","og_url":"https:\/\/news.save.ch\/fr\/missbrauch-suva-mit-mehr-verdachtsfaellen\/","og_site_name":"Save","article_published_time":"2022-08-24T07:15:05+00:00","article_modified_time":"2023-07-07T18:07:43+00:00","og_image":[{"width":1000,"height":576,"url":"https:\/\/news.save.ch\/wp-content\/uploads\/2022\/08\/Depositphotos_395522148_S.jpg","type":"image\/jpeg"}],"author":"Simon Gr\u00f6flin","twitter_card":"summary_large_image","twitter_misc":{"\u00c9crit par":"Simon Gr\u00f6flin","Dur\u00e9e de lecture estim\u00e9e":"2 minutes"},"schema":{"@context":"https:\/\/schema.org","@graph":[{"@type":"Article","@id":"https:\/\/news.save.ch\/missbrauch-suva-mit-mehr-verdachtsfaellen\/#article","isPartOf":{"@id":"https:\/\/news.save.ch\/missbrauch-suva-mit-mehr-verdachtsfaellen\/"},"author":{"name":"Simon Gr\u00f6flin","@id":"https:\/\/news.save.ch\/de\/#\/schema\/person\/ad4ef21102fd6125312409ac57d5296d"},"headline":"Missbrauch: Suva mit mehr Verdachtsf\u00e4llen","datePublished":"2022-08-24T07:15:05+00:00","dateModified":"2023-07-07T18:07:43+00:00","mainEntityOfPage":{"@id":"https:\/\/news.save.ch\/missbrauch-suva-mit-mehr-verdachtsfaellen\/"},"wordCount":239,"publisher":{"@id":"https:\/\/news.save.ch\/de\/#organization"},"image":{"@id":"https:\/\/news.save.ch\/missbrauch-suva-mit-mehr-verdachtsfaellen\/#primaryimage"},"thumbnailUrl":"https:\/\/news.save.ch\/wp-content\/uploads\/2022\/08\/Depositphotos_395522148_S.jpg","keywords":["Initiativen gegen Schwarzarbeit und Pr\u00e4mienbetrug","Konkursdelikte","Pr\u00e4mien","Pr\u00e4mienverluste","SUVA","Unfallversicherung","Versicherungsmissbrauch"],"articleSection":["ALLGEMEIN","HEALTH &amp; SAFETY"],"inLanguage":"fr-FR"},{"@type":"WebPage","@id":"https:\/\/news.save.ch\/missbrauch-suva-mit-mehr-verdachtsfaellen\/","url":"https:\/\/news.save.ch\/missbrauch-suva-mit-mehr-verdachtsfaellen\/","name":"Abus : la Suva enregistre davantage de cas suspects - Save","isPartOf":{"@id":"https:\/\/news.save.ch\/de\/#website"},"primaryImageOfPage":{"@id":"https:\/\/news.save.ch\/missbrauch-suva-mit-mehr-verdachtsfaellen\/#primaryimage"},"image":{"@id":"https:\/\/news.save.ch\/missbrauch-suva-mit-mehr-verdachtsfaellen\/#primaryimage"},"thumbnailUrl":"https:\/\/news.save.ch\/wp-content\/uploads\/2022\/08\/Depositphotos_395522148_S.jpg","datePublished":"2022-08-24T07:15:05+00:00","dateModified":"2023-07-07T18:07:43+00:00","description":"Les soup\u00e7ons d'abus d'assurance ont \u00e0 nouveau augment\u00e9 \u00e0 la Suva. Une enqu\u00eate portant sur plus de 2800 cas suspects a permis \u00e0 la Suva d'\u00e9conomiser au total 21 millions de francs.","breadcrumb":{"@id":"https:\/\/news.save.ch\/missbrauch-suva-mit-mehr-verdachtsfaellen\/#breadcrumb"},"inLanguage":"fr-FR","potentialAction":[{"@type":"ReadAction","target":["https:\/\/news.save.ch\/missbrauch-suva-mit-mehr-verdachtsfaellen\/"]}]},{"@type":"ImageObject","inLanguage":"fr-FR","@id":"https:\/\/news.save.ch\/missbrauch-suva-mit-mehr-verdachtsfaellen\/#primaryimage","url":"https:\/\/news.save.ch\/wp-content\/uploads\/2022\/08\/Depositphotos_395522148_S.jpg","contentUrl":"https:\/\/news.save.ch\/wp-content\/uploads\/2022\/08\/Depositphotos_395522148_S.jpg","width":1000,"height":576,"caption":"Attorneys or consultants work in the courtroom and negotiate with clients or complainants who want justice in corporate fraud cases, Litigation and justice concept."},{"@type":"BreadcrumbList","@id":"https:\/\/news.save.ch\/missbrauch-suva-mit-mehr-verdachtsfaellen\/#breadcrumb","itemListElement":[{"@type":"ListItem","position":1,"name":"Home","item":"https:\/\/news.save.ch\/de\/"},{"@type":"ListItem","position":2,"name":"Missbrauch: Suva mit mehr Verdachtsf\u00e4llen"}]},{"@type":"WebSite","@id":"https:\/\/news.save.ch\/de\/#website","url":"https:\/\/news.save.ch\/de\/","name":"Save","description":"Revue suisse sp\u00e9cialis\u00e9e dans la s\u00e9curit\u00e9","publisher":{"@id":"https:\/\/news.save.ch\/de\/#organization"},"potentialAction":[{"@type":"SearchAction","target":{"@type":"EntryPoint","urlTemplate":"https:\/\/news.save.ch\/de\/?s={search_term_string}"},"query-input":{"@type":"PropertyValueSpecification","valueRequired":true,"valueName":"search_term_string"}}],"inLanguage":"fr-FR"},{"@type":"Organization","@id":"https:\/\/news.save.ch\/de\/#organization","name":"Forum sur la s\u00e9curit\u00e9","url":"https:\/\/news.save.ch\/de\/","logo":{"@type":"ImageObject","inLanguage":"fr-FR","@id":"https:\/\/news.save.ch\/de\/#\/schema\/logo\/image\/","url":"https:\/\/news.save.ch\/wp-content\/uploads\/2022\/06\/Logo_SF_2012.png","contentUrl":"https:\/\/news.save.ch\/wp-content\/uploads\/2022\/06\/Logo_SF_2012.png","width":1100,"height":91,"caption":"Sicherheitsforum"},"image":{"@id":"https:\/\/news.save.ch\/de\/#\/schema\/logo\/image\/"}},{"@type":"Person","@id":"https:\/\/news.save.ch\/de\/#\/schema\/person\/ad4ef21102fd6125312409ac57d5296d","name":"Simon Gr\u00f6flin","image":{"@type":"ImageObject","inLanguage":"fr-FR","@id":"https:\/\/secure.gravatar.com\/avatar\/6ddceb80eb734354635539e0ea5140bb7c41e42de7c45c9a2ab9921b5d5c9a83?s=96&d=mm&r=g","url":"https:\/\/secure.gravatar.com\/avatar\/6ddceb80eb734354635539e0ea5140bb7c41e42de7c45c9a2ab9921b5d5c9a83?s=96&d=mm&r=g","contentUrl":"https:\/\/secure.gravatar.com\/avatar\/6ddceb80eb734354635539e0ea5140bb7c41e42de7c45c9a2ab9921b5d5c9a83?s=96&d=mm&r=g","caption":"Simon Gr\u00f6flin"},"url":"https:\/\/news.save.ch\/fr\/author\/simon-groeflin\/"}]}},"_links":{"self":[{"href":"https:\/\/news.save.ch\/fr\/wp-json\/wp\/v2\/posts\/17072","targetHints":{"allow":["GET"]}}],"collection":[{"href":"https:\/\/news.save.ch\/fr\/wp-json\/wp\/v2\/posts"}],"about":[{"href":"https:\/\/news.save.ch\/fr\/wp-json\/wp\/v2\/types\/post"}],"author":[{"embeddable":true,"href":"https:\/\/news.save.ch\/fr\/wp-json\/wp\/v2\/users\/9"}],"replies":[{"embeddable":true,"href":"https:\/\/news.save.ch\/fr\/wp-json\/wp\/v2\/comments?post=17072"}],"version-history":[{"count":3,"href":"https:\/\/news.save.ch\/fr\/wp-json\/wp\/v2\/posts\/17072\/revisions"}],"predecessor-version":[{"id":20588,"href":"https:\/\/news.save.ch\/fr\/wp-json\/wp\/v2\/posts\/17072\/revisions\/20588"}],"wp:featuredmedia":[{"embeddable":true,"href":"https:\/\/news.save.ch\/fr\/wp-json\/wp\/v2\/media\/9527"}],"wp:attachment":[{"href":"https:\/\/news.save.ch\/fr\/wp-json\/wp\/v2\/media?parent=17072"}],"wp:term":[{"taxonomy":"category","embeddable":true,"href":"https:\/\/news.save.ch\/fr\/wp-json\/wp\/v2\/categories?post=17072"},{"taxonomy":"post_tag","embeddable":true,"href":"https:\/\/news.save.ch\/fr\/wp-json\/wp\/v2\/tags?post=17072"}],"curies":[{"name":"wp","href":"https:\/\/api.w.org\/{rel}","templated":true}]}}