{"id":1736,"date":"2015-05-09T08:05:26","date_gmt":"2015-05-09T06:05:26","guid":{"rendered":"https:\/\/dev.sicherheitsforum.ch\/?p=1736"},"modified":"2015-05-09T08:05:26","modified_gmt":"2015-05-09T06:05:26","slug":"chemische-produkte-ab-juni-gelten-die-neuen-gefahrensymbole","status":null,"type":"post","link":"https:\/\/news.save.ch\/fr\/chemische-produkte-ab-juni-gelten-die-neuen-gefahrensymbole\/","title":{"rendered":"Les produits chimiques : Les nouveaux symboles de danger seront en vigueur \u00e0 partir de juin"},"content":{"rendered":"<figure id=\"attachment_1737\" aria-describedby=\"caption-attachment-1737\" style=\"width: 680px\" class=\"wp-caption alignnone\"><img loading=\"lazy\" decoding=\"async\" class=\"size-medium wp-image-1737\" src=\"https:\/\/sicherheitsforum.ch\/wp-content\/uploads\/2016\/12\/554cb78541e0a_55366ea204a66_danger_Sicherheitsforum.jpg\" alt=\"\" width=\"680\" height=\"680\" srcset=\"https:\/\/news.save.ch\/wp-content\/uploads\/2016\/12\/554cb78541e0a_55366ea204a66_danger_Sicherheitsforum.jpg 1104w, https:\/\/news.save.ch\/wp-content\/uploads\/2016\/12\/554cb78541e0a_55366ea204a66_danger_Sicherheitsforum-300x300.jpg 300w\" sizes=\"auto, (max-width: 680px) 100vw, 680px\" \/><figcaption id=\"caption-attachment-1737\" class=\"wp-caption-text\">A partir de Les nouveaux symboles de danger SGH entrent d\u00e9finitivement en vigueur en Suisse.<\/figcaption><\/figure>\n<p>Les nouveaux <a href=\"https:\/\/www.bag.admin.ch\/themen\/chemikalien\/00249\/12613\/index.html?lang=de\" target=\"_blank\" data-cke-saved-href=\"https:\/\/www.bag.admin.ch\/themen\/chemikalien\/00249\/12613\/index.html?lang=de\" rel=\"noopener\">Symboles de danger SGH<\/a> entreront bient\u00f4t en vigueur en Suisse \u00e9galement. Cela signifie que le syst\u00e8me international d'\u00e9valuation et d'\u00e9tiquetage des risques des produits chimiques s'applique \u00e9galement ici. L'harmonisation mondiale des symboles doit permettre une meilleure protection, mais aussi des simplifications dans le commerce des produits chimiques.<\/p>\n<p>&nbsp;<\/p>","protected":false},"excerpt":{"rendered":"<p>Les nouveaux symboles de danger SGH entreront bient\u00f4t en vigueur en Suisse \u00e9galement. Cela signifie que le syst\u00e8me international d'\u00e9valuation et d'\u00e9tiquetage des dangers des produits chimiques s'applique ici aussi. L'harmonisation mondiale des symboles doit permettre une meilleure protection, mais aussi des simplifications dans le commerce des produits chimiques. &nbsp;<\/p>","protected":false},"author":1,"featured_media":1737,"comment_status":"open","ping_status":"open","sticky":false,"template":"","format":"standard","meta":{"_acf_changed":false,"pgc_sgb_lightbox_settings":"","footnotes":""},"categories":[1],"tags":[189,127,190,128],"class_list":["post-1736","post","type-post","status-publish","format-standard","has-post-thumbnail","hentry","category-allgemein","tag-chemische-produkte","tag-gefaehrliche-stoffe","tag-gefahrsymbole","tag-gifte"],"acf":[],"hkrextid":null,"publication":null,"issue":null,"workflow":null,"startPage":null,"spitzmarke":null,"_posts_by_tag_page_fields":{"widget_title":"","widget_tags":""},"_at_widget":"1","_yoast_wpseo_primary_category":"","_yoast_wpseo_focuskw_text_input":"Gefahrensymbole","_yoast_wpseo_opengraph-image":"https:\/\/news.save.ch\/wp-content\/uploads\/2016\/12\/554cb78541e0a_55366ea204a66_danger_Sicherheitsforum.jpg","_yoast_wpseo_opengraph-description":"Ab Juni 2015 wird in der Schweiz auf die neuen Gefahrensymbole umgestellt.","_yoast_wpseo_opengraph-title":"Gefahrensymbole","enclosure":null,"_yoast_wpseo_twitter-title":null,"_yoast_wpseo_twitter-description":null,"_yoast_wpseo_twitter-image":null,"_wp_old_slug":null,"_yoast_wpseo_title":null,"_yoast_wpseo_canonical":null,"yoast_head":"<!-- This site is optimized with the Yoast SEO plugin v27.4 - https:\/\/yoast.com\/product\/yoast-seo-wordpress\/ -->\n<title>Chemische Produkte: Ab Juni gelten die neuen Gefahrensymbole - Save<\/title>\n<meta name=\"description\" content=\"Ab Juni 2015 wird in der Schweiz auf die neuen Gefahrensymbole umgestellt.\" \/>\n<meta name=\"robots\" content=\"index, follow, max-snippet:-1, max-image-preview:large, max-video-preview:-1\" \/>\n<link rel=\"canonical\" href=\"https:\/\/news.save.ch\/fr\/chemische-produkte-ab-juni-gelten-die-neuen-gefahrensymbole\/\" \/>\n<meta property=\"og:locale\" content=\"fr_FR\" \/>\n<meta property=\"og:type\" content=\"article\" \/>\n<meta property=\"og:title\" content=\"Gefahrensymbole\" \/>\n<meta property=\"og:description\" content=\"Ab Juni 2015 wird in der Schweiz auf die neuen Gefahrensymbole umgestellt.\" \/>\n<meta property=\"og:url\" content=\"https:\/\/news.save.ch\/fr\/chemische-produkte-ab-juni-gelten-die-neuen-gefahrensymbole\/\" \/>\n<meta property=\"og:site_name\" content=\"Save\" \/>\n<meta property=\"article:published_time\" content=\"2015-05-09T06:05:26+00:00\" \/>\n<meta property=\"og:image\" content=\"https:\/\/news.save.ch\/wp-content\/uploads\/2016\/12\/554cb78541e0a_55366ea204a66_danger_Sicherheitsforum.jpg\" \/>\n<meta name=\"author\" content=\"admin\" \/>\n<meta name=\"twitter:card\" content=\"summary_large_image\" \/>\n<meta name=\"twitter:label1\" content=\"\u00c9crit par\" \/>\n\t<meta name=\"twitter:data1\" content=\"admin\" \/>\n<script type=\"application\/ld+json\" class=\"yoast-schema-graph\">{\"@context\":\"https:\\\/\\\/schema.org\",\"@graph\":[{\"@type\":\"Article\",\"@id\":\"https:\\\/\\\/news.save.ch\\\/chemische-produkte-ab-juni-gelten-die-neuen-gefahrensymbole\\\/#article\",\"isPartOf\":{\"@id\":\"https:\\\/\\\/news.save.ch\\\/chemische-produkte-ab-juni-gelten-die-neuen-gefahrensymbole\\\/\"},\"author\":{\"name\":\"admin\",\"@id\":\"https:\\\/\\\/news.save.ch\\\/de\\\/#\\\/schema\\\/person\\\/d49e199490bad7c70d64b9ab51142f2b\"},\"headline\":\"Chemische Produkte: Ab Juni gelten die neuen Gefahrensymbole\",\"datePublished\":\"2015-05-09T06:05:26+00:00\",\"mainEntityOfPage\":{\"@id\":\"https:\\\/\\\/news.save.ch\\\/chemische-produkte-ab-juni-gelten-die-neuen-gefahrensymbole\\\/\"},\"wordCount\":80,\"commentCount\":0,\"publisher\":{\"@id\":\"https:\\\/\\\/news.save.ch\\\/de\\\/#organization\"},\"image\":{\"@id\":\"https:\\\/\\\/news.save.ch\\\/chemische-produkte-ab-juni-gelten-die-neuen-gefahrensymbole\\\/#primaryimage\"},\"thumbnailUrl\":\"https:\\\/\\\/news.save.ch\\\/wp-content\\\/uploads\\\/2016\\\/12\\\/554cb78541e0a_55366ea204a66_danger_Sicherheitsforum.jpg\",\"keywords\":[\"Chemische Produkte\",\"Gef\u00e4hrliche Stoffe\",\"Gefahrsymbole\",\"Gifte\"],\"articleSection\":[\"ALLGEMEIN\"],\"inLanguage\":\"fr-FR\"},{\"@type\":\"WebPage\",\"@id\":\"https:\\\/\\\/news.save.ch\\\/chemische-produkte-ab-juni-gelten-die-neuen-gefahrensymbole\\\/\",\"url\":\"https:\\\/\\\/news.save.ch\\\/chemische-produkte-ab-juni-gelten-die-neuen-gefahrensymbole\\\/\",\"name\":\"Chemische Produkte: Ab Juni gelten die neuen Gefahrensymbole - Save\",\"isPartOf\":{\"@id\":\"https:\\\/\\\/news.save.ch\\\/de\\\/#website\"},\"primaryImageOfPage\":{\"@id\":\"https:\\\/\\\/news.save.ch\\\/chemische-produkte-ab-juni-gelten-die-neuen-gefahrensymbole\\\/#primaryimage\"},\"image\":{\"@id\":\"https:\\\/\\\/news.save.ch\\\/chemische-produkte-ab-juni-gelten-die-neuen-gefahrensymbole\\\/#primaryimage\"},\"thumbnailUrl\":\"https:\\\/\\\/news.save.ch\\\/wp-content\\\/uploads\\\/2016\\\/12\\\/554cb78541e0a_55366ea204a66_danger_Sicherheitsforum.jpg\",\"datePublished\":\"2015-05-09T06:05:26+00:00\",\"description\":\"Ab Juni 2015 wird in der Schweiz auf die neuen Gefahrensymbole umgestellt.\",\"breadcrumb\":{\"@id\":\"https:\\\/\\\/news.save.ch\\\/chemische-produkte-ab-juni-gelten-die-neuen-gefahrensymbole\\\/#breadcrumb\"},\"inLanguage\":\"fr-FR\",\"potentialAction\":[{\"@type\":\"ReadAction\",\"target\":[\"https:\\\/\\\/news.save.ch\\\/chemische-produkte-ab-juni-gelten-die-neuen-gefahrensymbole\\\/\"]}]},{\"@type\":\"ImageObject\",\"inLanguage\":\"fr-FR\",\"@id\":\"https:\\\/\\\/news.save.ch\\\/chemische-produkte-ab-juni-gelten-die-neuen-gefahrensymbole\\\/#primaryimage\",\"url\":\"https:\\\/\\\/news.save.ch\\\/wp-content\\\/uploads\\\/2016\\\/12\\\/554cb78541e0a_55366ea204a66_danger_Sicherheitsforum.jpg\",\"contentUrl\":\"https:\\\/\\\/news.save.ch\\\/wp-content\\\/uploads\\\/2016\\\/12\\\/554cb78541e0a_55366ea204a66_danger_Sicherheitsforum.jpg\",\"width\":1104,\"height\":1104,\"caption\":\"Ab Die neuen GHS-Gefahrsymbole treten nun auch in der Schweiz endg\u00fcltig in in Kraft.\"},{\"@type\":\"BreadcrumbList\",\"@id\":\"https:\\\/\\\/news.save.ch\\\/chemische-produkte-ab-juni-gelten-die-neuen-gefahrensymbole\\\/#breadcrumb\",\"itemListElement\":[{\"@type\":\"ListItem\",\"position\":1,\"name\":\"Home\",\"item\":\"https:\\\/\\\/news.save.ch\\\/de\\\/\"},{\"@type\":\"ListItem\",\"position\":2,\"name\":\"Chemische Produkte: Ab Juni gelten die neuen Gefahrensymbole\"}]},{\"@type\":\"WebSite\",\"@id\":\"https:\\\/\\\/news.save.ch\\\/de\\\/#website\",\"url\":\"https:\\\/\\\/news.save.ch\\\/de\\\/\",\"name\":\"Save\",\"description\":\"Schweizer Fachzeitschrift f\u00fcr Sicherheit\",\"publisher\":{\"@id\":\"https:\\\/\\\/news.save.ch\\\/de\\\/#organization\"},\"potentialAction\":[{\"@type\":\"SearchAction\",\"target\":{\"@type\":\"EntryPoint\",\"urlTemplate\":\"https:\\\/\\\/news.save.ch\\\/de\\\/?s={search_term_string}\"},\"query-input\":{\"@type\":\"PropertyValueSpecification\",\"valueRequired\":true,\"valueName\":\"search_term_string\"}}],\"inLanguage\":\"fr-FR\"},{\"@type\":\"Organization\",\"@id\":\"https:\\\/\\\/news.save.ch\\\/de\\\/#organization\",\"name\":\"Sicherheitsforum\",\"url\":\"https:\\\/\\\/news.save.ch\\\/de\\\/\",\"logo\":{\"@type\":\"ImageObject\",\"inLanguage\":\"fr-FR\",\"@id\":\"https:\\\/\\\/news.save.ch\\\/de\\\/#\\\/schema\\\/logo\\\/image\\\/\",\"url\":\"https:\\\/\\\/news.save.ch\\\/wp-content\\\/uploads\\\/2022\\\/06\\\/Logo_SF_2012.png\",\"contentUrl\":\"https:\\\/\\\/news.save.ch\\\/wp-content\\\/uploads\\\/2022\\\/06\\\/Logo_SF_2012.png\",\"width\":1100,\"height\":91,\"caption\":\"Sicherheitsforum\"},\"image\":{\"@id\":\"https:\\\/\\\/news.save.ch\\\/de\\\/#\\\/schema\\\/logo\\\/image\\\/\"}},{\"@type\":\"Person\",\"@id\":\"https:\\\/\\\/news.save.ch\\\/de\\\/#\\\/schema\\\/person\\\/d49e199490bad7c70d64b9ab51142f2b\",\"name\":\"admin\",\"image\":{\"@type\":\"ImageObject\",\"inLanguage\":\"fr-FR\",\"@id\":\"https:\\\/\\\/secure.gravatar.com\\\/avatar\\\/ae2f4d718e6c49043e314ce431e7e645d646302a24a5ef5a8bc8e3f5a032e319?s=96&d=mm&r=g\",\"url\":\"https:\\\/\\\/secure.gravatar.com\\\/avatar\\\/ae2f4d718e6c49043e314ce431e7e645d646302a24a5ef5a8bc8e3f5a032e319?s=96&d=mm&r=g\",\"contentUrl\":\"https:\\\/\\\/secure.gravatar.com\\\/avatar\\\/ae2f4d718e6c49043e314ce431e7e645d646302a24a5ef5a8bc8e3f5a032e319?s=96&d=mm&r=g\",\"caption\":\"admin\"},\"sameAs\":[\"https:\\\/\\\/develop.organisator.galledia.ch\"],\"url\":\"https:\\\/\\\/news.save.ch\\\/fr\\\/author\\\/admin\\\/\"}]}<\/script>\n<!-- \/ Yoast SEO plugin. -->","yoast_head_json":{"title":"Produits chimiques : Les nouveaux symboles de danger entreront en vigueur en juin - Save","description":"A partir de juin 2015, la Suisse passera aux nouveaux symboles de danger.","robots":{"index":"index","follow":"follow","max-snippet":"max-snippet:-1","max-image-preview":"max-image-preview:large","max-video-preview":"max-video-preview:-1"},"canonical":"https:\/\/news.save.ch\/fr\/chemische-produkte-ab-juni-gelten-die-neuen-gefahrensymbole\/","og_locale":"fr_FR","og_type":"article","og_title":"Gefahrensymbole","og_description":"Ab Juni 2015 wird in der Schweiz auf die neuen Gefahrensymbole umgestellt.","og_url":"https:\/\/news.save.ch\/fr\/chemische-produkte-ab-juni-gelten-die-neuen-gefahrensymbole\/","og_site_name":"Save","article_published_time":"2015-05-09T06:05:26+00:00","og_image":[{"url":"https:\/\/news.save.ch\/wp-content\/uploads\/2016\/12\/554cb78541e0a_55366ea204a66_danger_Sicherheitsforum.jpg","type":"","width":"","height":""}],"author":"admin","twitter_card":"summary_large_image","twitter_misc":{"\u00c9crit par":"admin"},"schema":{"@context":"https:\/\/schema.org","@graph":[{"@type":"Article","@id":"https:\/\/news.save.ch\/chemische-produkte-ab-juni-gelten-die-neuen-gefahrensymbole\/#article","isPartOf":{"@id":"https:\/\/news.save.ch\/chemische-produkte-ab-juni-gelten-die-neuen-gefahrensymbole\/"},"author":{"name":"admin","@id":"https:\/\/news.save.ch\/de\/#\/schema\/person\/d49e199490bad7c70d64b9ab51142f2b"},"headline":"Chemische Produkte: Ab Juni gelten die neuen Gefahrensymbole","datePublished":"2015-05-09T06:05:26+00:00","mainEntityOfPage":{"@id":"https:\/\/news.save.ch\/chemische-produkte-ab-juni-gelten-die-neuen-gefahrensymbole\/"},"wordCount":80,"commentCount":0,"publisher":{"@id":"https:\/\/news.save.ch\/de\/#organization"},"image":{"@id":"https:\/\/news.save.ch\/chemische-produkte-ab-juni-gelten-die-neuen-gefahrensymbole\/#primaryimage"},"thumbnailUrl":"https:\/\/news.save.ch\/wp-content\/uploads\/2016\/12\/554cb78541e0a_55366ea204a66_danger_Sicherheitsforum.jpg","keywords":["Chemische Produkte","Gef\u00e4hrliche Stoffe","Gefahrsymbole","Gifte"],"articleSection":["ALLGEMEIN"],"inLanguage":"fr-FR"},{"@type":"WebPage","@id":"https:\/\/news.save.ch\/chemische-produkte-ab-juni-gelten-die-neuen-gefahrensymbole\/","url":"https:\/\/news.save.ch\/chemische-produkte-ab-juni-gelten-die-neuen-gefahrensymbole\/","name":"Produits chimiques : Les nouveaux symboles de danger entreront en vigueur en juin - Save","isPartOf":{"@id":"https:\/\/news.save.ch\/de\/#website"},"primaryImageOfPage":{"@id":"https:\/\/news.save.ch\/chemische-produkte-ab-juni-gelten-die-neuen-gefahrensymbole\/#primaryimage"},"image":{"@id":"https:\/\/news.save.ch\/chemische-produkte-ab-juni-gelten-die-neuen-gefahrensymbole\/#primaryimage"},"thumbnailUrl":"https:\/\/news.save.ch\/wp-content\/uploads\/2016\/12\/554cb78541e0a_55366ea204a66_danger_Sicherheitsforum.jpg","datePublished":"2015-05-09T06:05:26+00:00","description":"A partir de juin 2015, la Suisse passera aux nouveaux symboles de danger.","breadcrumb":{"@id":"https:\/\/news.save.ch\/chemische-produkte-ab-juni-gelten-die-neuen-gefahrensymbole\/#breadcrumb"},"inLanguage":"fr-FR","potentialAction":[{"@type":"ReadAction","target":["https:\/\/news.save.ch\/chemische-produkte-ab-juni-gelten-die-neuen-gefahrensymbole\/"]}]},{"@type":"ImageObject","inLanguage":"fr-FR","@id":"https:\/\/news.save.ch\/chemische-produkte-ab-juni-gelten-die-neuen-gefahrensymbole\/#primaryimage","url":"https:\/\/news.save.ch\/wp-content\/uploads\/2016\/12\/554cb78541e0a_55366ea204a66_danger_Sicherheitsforum.jpg","contentUrl":"https:\/\/news.save.ch\/wp-content\/uploads\/2016\/12\/554cb78541e0a_55366ea204a66_danger_Sicherheitsforum.jpg","width":1104,"height":1104,"caption":"Ab Die neuen GHS-Gefahrsymbole treten nun auch in der Schweiz endg\u00fcltig in in Kraft."},{"@type":"BreadcrumbList","@id":"https:\/\/news.save.ch\/chemische-produkte-ab-juni-gelten-die-neuen-gefahrensymbole\/#breadcrumb","itemListElement":[{"@type":"ListItem","position":1,"name":"Home","item":"https:\/\/news.save.ch\/de\/"},{"@type":"ListItem","position":2,"name":"Chemische Produkte: Ab Juni gelten die neuen Gefahrensymbole"}]},{"@type":"WebSite","@id":"https:\/\/news.save.ch\/de\/#website","url":"https:\/\/news.save.ch\/de\/","name":"Save","description":"Revue suisse sp\u00e9cialis\u00e9e dans la s\u00e9curit\u00e9","publisher":{"@id":"https:\/\/news.save.ch\/de\/#organization"},"potentialAction":[{"@type":"SearchAction","target":{"@type":"EntryPoint","urlTemplate":"https:\/\/news.save.ch\/de\/?s={search_term_string}"},"query-input":{"@type":"PropertyValueSpecification","valueRequired":true,"valueName":"search_term_string"}}],"inLanguage":"fr-FR"},{"@type":"Organization","@id":"https:\/\/news.save.ch\/de\/#organization","name":"Forum sur la s\u00e9curit\u00e9","url":"https:\/\/news.save.ch\/de\/","logo":{"@type":"ImageObject","inLanguage":"fr-FR","@id":"https:\/\/news.save.ch\/de\/#\/schema\/logo\/image\/","url":"https:\/\/news.save.ch\/wp-content\/uploads\/2022\/06\/Logo_SF_2012.png","contentUrl":"https:\/\/news.save.ch\/wp-content\/uploads\/2022\/06\/Logo_SF_2012.png","width":1100,"height":91,"caption":"Sicherheitsforum"},"image":{"@id":"https:\/\/news.save.ch\/de\/#\/schema\/logo\/image\/"}},{"@type":"Person","@id":"https:\/\/news.save.ch\/de\/#\/schema\/person\/d49e199490bad7c70d64b9ab51142f2b","name":"admin","image":{"@type":"ImageObject","inLanguage":"fr-FR","@id":"https:\/\/secure.gravatar.com\/avatar\/ae2f4d718e6c49043e314ce431e7e645d646302a24a5ef5a8bc8e3f5a032e319?s=96&d=mm&r=g","url":"https:\/\/secure.gravatar.com\/avatar\/ae2f4d718e6c49043e314ce431e7e645d646302a24a5ef5a8bc8e3f5a032e319?s=96&d=mm&r=g","contentUrl":"https:\/\/secure.gravatar.com\/avatar\/ae2f4d718e6c49043e314ce431e7e645d646302a24a5ef5a8bc8e3f5a032e319?s=96&d=mm&r=g","caption":"admin"},"sameAs":["https:\/\/develop.organisator.galledia.ch"],"url":"https:\/\/news.save.ch\/fr\/author\/admin\/"}]}},"_links":{"self":[{"href":"https:\/\/news.save.ch\/fr\/wp-json\/wp\/v2\/posts\/1736","targetHints":{"allow":["GET"]}}],"collection":[{"href":"https:\/\/news.save.ch\/fr\/wp-json\/wp\/v2\/posts"}],"about":[{"href":"https:\/\/news.save.ch\/fr\/wp-json\/wp\/v2\/types\/post"}],"author":[{"embeddable":true,"href":"https:\/\/news.save.ch\/fr\/wp-json\/wp\/v2\/users\/1"}],"replies":[{"embeddable":true,"href":"https:\/\/news.save.ch\/fr\/wp-json\/wp\/v2\/comments?post=1736"}],"version-history":[{"count":0,"href":"https:\/\/news.save.ch\/fr\/wp-json\/wp\/v2\/posts\/1736\/revisions"}],"wp:featuredmedia":[{"embeddable":true,"href":"https:\/\/news.save.ch\/fr\/wp-json\/wp\/v2\/media\/1737"}],"wp:attachment":[{"href":"https:\/\/news.save.ch\/fr\/wp-json\/wp\/v2\/media?parent=1736"}],"wp:term":[{"taxonomy":"category","embeddable":true,"href":"https:\/\/news.save.ch\/fr\/wp-json\/wp\/v2\/categories?post=1736"},{"taxonomy":"post_tag","embeddable":true,"href":"https:\/\/news.save.ch\/fr\/wp-json\/wp\/v2\/tags?post=1736"}],"curies":[{"name":"wp","href":"https:\/\/api.w.org\/{rel}","templated":true}]}}