{"id":1742,"date":"2016-09-30T13:49:17","date_gmt":"2016-09-30T11:49:17","guid":{"rendered":"https:\/\/dev.sicherheitsforum.ch\/?p=1742"},"modified":"2016-09-30T13:49:17","modified_gmt":"2016-09-30T11:49:17","slug":"security-ist-internationaler-geworden","status":null,"type":"post","link":"https:\/\/news.save.ch\/fr\/security-ist-internationaler-geworden\/","title":{"rendered":"La s\u00e9curit\u00e9 est devenue plus internationale"},"content":{"rendered":"<figure id=\"attachment_1773\" aria-describedby=\"caption-attachment-1773\" style=\"width: 677px\" class=\"wp-caption alignnone\"><img loading=\"lazy\" decoding=\"async\" class=\"size-medium wp-image-1773\" src=\"https:\/\/sicherheitsforum.ch\/wp-content\/uploads\/2016\/12\/Security-ist-internationaler-geworden_sicherheitsforum.jpg\" alt=\"\" width=\"677\" height=\"1000\" \/><figcaption id=\"caption-attachment-1773\" class=\"wp-caption-text\">Photo : Security Essen<\/figcaption><\/figure>\n<p>Comment se pr\u00e9sente le salon mondial <a href=\"https:\/\/www.security-essen.de\/impulsgeber\/\" target=\"_blank\" rel=\"noreferrer noopener\" data-cke-saved-href=\"https:\/\/www.security-essen.de\/impulsgeber\/\">S\u00e9curit\u00e9 Essen <\/a>2016 en chiffres : 1'040 (2014 : 1'045) exposants de 45 (40) nations ont pr\u00e9sent\u00e9 leurs produits et services dans le domaine de la s\u00e9curit\u00e9 civile. Selon les indications, plus de 40'000 visiteurs professionnels sont venus, soit \u00e0 peu pr\u00e8s le m\u00eame nombre qu'il y a deux ans.<\/p>\n<p>Un visiteur sur quatre aurait pass\u00e9 sa commande directement sur le salon (+8% par rapport \u00e0 2014). Les exposants ont fait \u00e9tat de bonnes affaires, environ 60 % d'entre eux s'attendent en outre \u00e0 de bonnes \u00e0 tr\u00e8s bonnes affaires apr\u00e8s le salon (+5%). Le salon professionnel s'est d\u00e9roul\u00e9 dans un contexte \u00e9conomique fort : rien qu'en Allemagne, le chiffre d'affaires du secteur de la s\u00e9curit\u00e9 s'\u00e9l\u00e8verait \u00e0 environ 14,5 milliards d'euros (plus environ 17% par rapport \u00e0 deux ans).<\/p>\n<p>La direction du salon se r\u00e9jouit \u00e9galement de l'internationalit\u00e9. Un visiteur professionnel sur trois est venu de l'\u00e9tranger, la Grande-Bretagne ainsi que l'Afrique et l'Asie ont enregistr\u00e9 une augmentation particuli\u00e8rement forte, selon les informations fournies. Les visiteurs sont venus au total de 119 (110) nations.<\/p>\n<p>S<strong>La s\u00e9curit\u00e9 devient plus num\u00e9rique et plus connect\u00e9e<\/strong><\/p>\n<p>Quelles sont les tendances qui se d\u00e9gagent ? Les techniques de s\u00e9curit\u00e9 sont de plus en plus connect\u00e9es et num\u00e9riques. Qu'il s'agisse du cadenas contr\u00f4lable par smartphone, des cam\u00e9ras vid\u00e9o 4K mobiles et haute r\u00e9solution, de la technique d'alarme reli\u00e9e \u00e0 la domotique ou des drones polyvalents avec centre de contr\u00f4le connect\u00e9, les exposants ont fait la d\u00e9monstration de l'\u00e9tat de l'art de la s\u00e9curit\u00e9 moderne. Le b\u00e2timent mod\u00e8le Smart Security de la BHE Bundesverband Sicherheitstechnik et de la Messe Essen a montr\u00e9 ce que les constructions intelligentes peuvent d\u00e9j\u00e0 faire aujourd'hui. R\u00e9partis dans les secteurs des immeubles de bureaux et des espaces priv\u00e9s, on pouvait y voir des produits, des solutions et des sc\u00e9narios complets sur la mani\u00e8re dont les maisons intelligentes accueillent les invit\u00e9s et r\u00e9agissent en cas d'effraction ou d'incendie.<\/p>\n<p>Le premier jour du salon, la Messe Essen a r\u00e9compens\u00e9 des solutions particuli\u00e8rement innovantes en leur d\u00e9cernant le prix de l'innovation. <a href=\"\/fr\/die-gewinner-des-innovation-award\/\" target=\"_blank\" rel=\"noreferrer noopener\" data-cke-saved-href=\"https:\/\/sicherheitsforum.hamster.ch\/security-essen-die-gewinner-stehen-fest\">Prix de l'innovation en mati\u00e8re de s\u00e9curit\u00e9<\/a> de.<\/p>\n<p><strong>Un programme-cadre vari\u00e9 <\/strong><\/p>\n<p>Avec un vaste programme-cadre, le salon Security Essen a offert aux exposants et aux visiteurs de nombreuses possibilit\u00e9s d'\u00e9changes informatifs, de transmission de connaissances et de r\u00e9seautage. Dans le cadre du traditionnel Security Forum, des associations, des fabricants et des praticiens ont apport\u00e9 des r\u00e9ponses aux questions de s\u00e9curit\u00e9 actuelles lors de conf\u00e9rences, de d\u00e9monstrations en direct et de tables rondes, et ce pendant tous les jours du salon.<\/p>\n<p><strong>Forte intention de revenir chez les exposants et les visiteurs <\/strong><\/p>\n<p>Les visiteurs professionnels ont fait l'\u00e9loge de l'offre de Security Essen, du caract\u00e8re international du salon et des nouveaut\u00e9s pr\u00e9sent\u00e9es, comme l'\u00e9crivent les organisateurs dans leur rapport final. 89 pour cent d'entre eux et 91 pour cent des exposants ont d\u00e9j\u00e0 confirm\u00e9 qu'ils seraient pr\u00e9sents \u00e0 la prochaine \u00e9dition de Security Essen. Celle-ci aura lieu du 25 au 28 septembre 2018 \u00e0 la Messe Essen. Le nouveau syst\u00e8me de pr\u00e9-r\u00e9servation a d\u00e9j\u00e0 suscit\u00e9 un grand int\u00e9r\u00eat : 74 pour cent des exposants ont d\u00e9j\u00e0 confirm\u00e9 sur place leur nouvelle participation, comme le font savoir les organisateurs.<\/p>","protected":false},"excerpt":{"rendered":"<p>Wie sieht\u00a0die Weltleitmesse Security Essen 2016 bez\u00fcglich Zahlen aus: 1&#8217;040 (2014: 1&#8217;045) Aussteller aus 45 (40) Nationen haben ihre Produkte und Dienstleistungen rund um die zivile Sicherheit pr\u00e4sentiert. Laut\u00a0Angaben kamen \u00fcber 40&#8217;000 Fachbesuchende, etwa gleich viele wie vor zwei Jahren. Jeder vierte Besucher habe seine Bestellung direkt auf der Messe platzierte (+8% im Vergleich zu [&hellip;]<\/p>\n","protected":false},"author":1,"featured_media":1773,"comment_status":"open","ping_status":"open","sticky":false,"template":"","format":"standard","meta":{"_acf_changed":false,"pgc_sgb_lightbox_settings":"","footnotes":""},"categories":[1],"tags":[84,191],"class_list":["post-1742","post","type-post","status-publish","format-standard","has-post-thumbnail","hentry","category-allgemein","tag-fachkongressfachmesse","tag-sicherheitsmesse"],"acf":[],"hkrextid":null,"publication":null,"issue":null,"workflow":null,"startPage":null,"spitzmarke":null,"_posts_by_tag_page_fields":{"widget_title":"","widget_tags":""},"_at_widget":"1","_yoast_wpseo_primary_category":"","_yoast_wpseo_focuskw_text_input":"Security Essen","_yoast_wpseo_opengraph-image":null,"_yoast_wpseo_opengraph-description":null,"_yoast_wpseo_opengraph-title":null,"enclosure":null,"_yoast_wpseo_twitter-title":null,"_yoast_wpseo_twitter-description":null,"_yoast_wpseo_twitter-image":null,"_wp_old_slug":null,"_yoast_wpseo_title":null,"_yoast_wpseo_canonical":null,"yoast_head":"<!-- This site is optimized with the Yoast SEO plugin v27.4 - https:\/\/yoast.com\/product\/yoast-seo-wordpress\/ -->\n<title>Security ist internationaler geworden - Save<\/title>\n<meta name=\"robots\" content=\"index, follow, max-snippet:-1, max-image-preview:large, max-video-preview:-1\" \/>\n<link rel=\"canonical\" href=\"https:\/\/news.save.ch\/fr\/security-ist-internationaler-geworden\/\" \/>\n<meta property=\"og:locale\" content=\"fr_FR\" \/>\n<meta property=\"og:type\" content=\"article\" \/>\n<meta property=\"og:title\" content=\"Security ist internationaler geworden - Save\" \/>\n<meta property=\"og:description\" content=\"Wie sieht\u00a0die Weltleitmesse Security Essen 2016 bez\u00fcglich Zahlen aus: 1&#8217;040 (2014: 1&#8217;045) Aussteller aus 45 (40) Nationen haben ihre Produkte und Dienstleistungen rund um die zivile Sicherheit pr\u00e4sentiert. Laut\u00a0Angaben kamen \u00fcber 40&#8217;000 Fachbesuchende, etwa gleich viele wie vor zwei Jahren. Jeder vierte Besucher habe seine Bestellung direkt auf der Messe platzierte (+8% im Vergleich zu [&hellip;]\" \/>\n<meta property=\"og:url\" content=\"https:\/\/news.save.ch\/fr\/security-ist-internationaler-geworden\/\" \/>\n<meta property=\"og:site_name\" content=\"Save\" \/>\n<meta property=\"article:published_time\" content=\"2016-09-30T11:49:17+00:00\" \/>\n<meta property=\"og:image\" content=\"https:\/\/news.save.ch\/wp-content\/uploads\/2016\/12\/Security-ist-internationaler-geworden_sicherheitsforum-scaled.jpg\" \/>\n\t<meta property=\"og:image:width\" content=\"947\" \/>\n\t<meta property=\"og:image:height\" content=\"1400\" \/>\n\t<meta property=\"og:image:type\" content=\"image\/jpeg\" \/>\n<meta name=\"author\" content=\"admin\" \/>\n<meta name=\"twitter:card\" content=\"summary_large_image\" \/>\n<meta name=\"twitter:label1\" content=\"\u00c9crit par\" \/>\n\t<meta name=\"twitter:data1\" content=\"admin\" \/>\n\t<meta name=\"twitter:label2\" content=\"Dur\u00e9e de lecture estim\u00e9e\" \/>\n\t<meta name=\"twitter:data2\" content=\"2 minutes\" \/>\n<script type=\"application\/ld+json\" class=\"yoast-schema-graph\">{\"@context\":\"https:\\\/\\\/schema.org\",\"@graph\":[{\"@type\":\"Article\",\"@id\":\"https:\\\/\\\/news.save.ch\\\/security-ist-internationaler-geworden\\\/#article\",\"isPartOf\":{\"@id\":\"https:\\\/\\\/news.save.ch\\\/security-ist-internationaler-geworden\\\/\"},\"author\":{\"name\":\"admin\",\"@id\":\"https:\\\/\\\/news.save.ch\\\/de\\\/#\\\/schema\\\/person\\\/d49e199490bad7c70d64b9ab51142f2b\"},\"headline\":\"Security ist internationaler geworden\",\"datePublished\":\"2016-09-30T11:49:17+00:00\",\"mainEntityOfPage\":{\"@id\":\"https:\\\/\\\/news.save.ch\\\/security-ist-internationaler-geworden\\\/\"},\"wordCount\":404,\"commentCount\":0,\"publisher\":{\"@id\":\"https:\\\/\\\/news.save.ch\\\/de\\\/#organization\"},\"image\":{\"@id\":\"https:\\\/\\\/news.save.ch\\\/security-ist-internationaler-geworden\\\/#primaryimage\"},\"thumbnailUrl\":\"https:\\\/\\\/news.save.ch\\\/wp-content\\\/uploads\\\/2016\\\/12\\\/Security-ist-internationaler-geworden_sicherheitsforum-scaled.jpg\",\"keywords\":[\"Fachkongress\\\/Fachmesse\",\"Sicherheitsmesse\"],\"articleSection\":[\"ALLGEMEIN\"],\"inLanguage\":\"fr-FR\"},{\"@type\":\"WebPage\",\"@id\":\"https:\\\/\\\/news.save.ch\\\/security-ist-internationaler-geworden\\\/\",\"url\":\"https:\\\/\\\/news.save.ch\\\/security-ist-internationaler-geworden\\\/\",\"name\":\"Security ist internationaler geworden - Save\",\"isPartOf\":{\"@id\":\"https:\\\/\\\/news.save.ch\\\/de\\\/#website\"},\"primaryImageOfPage\":{\"@id\":\"https:\\\/\\\/news.save.ch\\\/security-ist-internationaler-geworden\\\/#primaryimage\"},\"image\":{\"@id\":\"https:\\\/\\\/news.save.ch\\\/security-ist-internationaler-geworden\\\/#primaryimage\"},\"thumbnailUrl\":\"https:\\\/\\\/news.save.ch\\\/wp-content\\\/uploads\\\/2016\\\/12\\\/Security-ist-internationaler-geworden_sicherheitsforum-scaled.jpg\",\"datePublished\":\"2016-09-30T11:49:17+00:00\",\"breadcrumb\":{\"@id\":\"https:\\\/\\\/news.save.ch\\\/security-ist-internationaler-geworden\\\/#breadcrumb\"},\"inLanguage\":\"fr-FR\",\"potentialAction\":[{\"@type\":\"ReadAction\",\"target\":[\"https:\\\/\\\/news.save.ch\\\/security-ist-internationaler-geworden\\\/\"]}]},{\"@type\":\"ImageObject\",\"inLanguage\":\"fr-FR\",\"@id\":\"https:\\\/\\\/news.save.ch\\\/security-ist-internationaler-geworden\\\/#primaryimage\",\"url\":\"https:\\\/\\\/news.save.ch\\\/wp-content\\\/uploads\\\/2016\\\/12\\\/Security-ist-internationaler-geworden_sicherheitsforum-scaled.jpg\",\"contentUrl\":\"https:\\\/\\\/news.save.ch\\\/wp-content\\\/uploads\\\/2016\\\/12\\\/Security-ist-internationaler-geworden_sicherheitsforum-scaled.jpg\",\"width\":947,\"height\":1400,\"caption\":\"Foto: Security Essen\"},{\"@type\":\"BreadcrumbList\",\"@id\":\"https:\\\/\\\/news.save.ch\\\/security-ist-internationaler-geworden\\\/#breadcrumb\",\"itemListElement\":[{\"@type\":\"ListItem\",\"position\":1,\"name\":\"Home\",\"item\":\"https:\\\/\\\/news.save.ch\\\/de\\\/\"},{\"@type\":\"ListItem\",\"position\":2,\"name\":\"Security ist internationaler geworden\"}]},{\"@type\":\"WebSite\",\"@id\":\"https:\\\/\\\/news.save.ch\\\/de\\\/#website\",\"url\":\"https:\\\/\\\/news.save.ch\\\/de\\\/\",\"name\":\"Save\",\"description\":\"Schweizer Fachzeitschrift f\u00fcr Sicherheit\",\"publisher\":{\"@id\":\"https:\\\/\\\/news.save.ch\\\/de\\\/#organization\"},\"potentialAction\":[{\"@type\":\"SearchAction\",\"target\":{\"@type\":\"EntryPoint\",\"urlTemplate\":\"https:\\\/\\\/news.save.ch\\\/de\\\/?s={search_term_string}\"},\"query-input\":{\"@type\":\"PropertyValueSpecification\",\"valueRequired\":true,\"valueName\":\"search_term_string\"}}],\"inLanguage\":\"fr-FR\"},{\"@type\":\"Organization\",\"@id\":\"https:\\\/\\\/news.save.ch\\\/de\\\/#organization\",\"name\":\"Sicherheitsforum\",\"url\":\"https:\\\/\\\/news.save.ch\\\/de\\\/\",\"logo\":{\"@type\":\"ImageObject\",\"inLanguage\":\"fr-FR\",\"@id\":\"https:\\\/\\\/news.save.ch\\\/de\\\/#\\\/schema\\\/logo\\\/image\\\/\",\"url\":\"https:\\\/\\\/news.save.ch\\\/wp-content\\\/uploads\\\/2022\\\/06\\\/Logo_SF_2012.png\",\"contentUrl\":\"https:\\\/\\\/news.save.ch\\\/wp-content\\\/uploads\\\/2022\\\/06\\\/Logo_SF_2012.png\",\"width\":1100,\"height\":91,\"caption\":\"Sicherheitsforum\"},\"image\":{\"@id\":\"https:\\\/\\\/news.save.ch\\\/de\\\/#\\\/schema\\\/logo\\\/image\\\/\"}},{\"@type\":\"Person\",\"@id\":\"https:\\\/\\\/news.save.ch\\\/de\\\/#\\\/schema\\\/person\\\/d49e199490bad7c70d64b9ab51142f2b\",\"name\":\"admin\",\"image\":{\"@type\":\"ImageObject\",\"inLanguage\":\"fr-FR\",\"@id\":\"https:\\\/\\\/secure.gravatar.com\\\/avatar\\\/ae2f4d718e6c49043e314ce431e7e645d646302a24a5ef5a8bc8e3f5a032e319?s=96&d=mm&r=g\",\"url\":\"https:\\\/\\\/secure.gravatar.com\\\/avatar\\\/ae2f4d718e6c49043e314ce431e7e645d646302a24a5ef5a8bc8e3f5a032e319?s=96&d=mm&r=g\",\"contentUrl\":\"https:\\\/\\\/secure.gravatar.com\\\/avatar\\\/ae2f4d718e6c49043e314ce431e7e645d646302a24a5ef5a8bc8e3f5a032e319?s=96&d=mm&r=g\",\"caption\":\"admin\"},\"sameAs\":[\"https:\\\/\\\/develop.organisator.galledia.ch\"],\"url\":\"https:\\\/\\\/news.save.ch\\\/fr\\\/author\\\/admin\\\/\"}]}<\/script>\n<!-- \/ Yoast SEO plugin. -->","yoast_head_json":{"title":"La s\u00e9curit\u00e9 est devenue plus internationale - Save","robots":{"index":"index","follow":"follow","max-snippet":"max-snippet:-1","max-image-preview":"max-image-preview:large","max-video-preview":"max-video-preview:-1"},"canonical":"https:\/\/news.save.ch\/fr\/security-ist-internationaler-geworden\/","og_locale":"fr_FR","og_type":"article","og_title":"Security ist internationaler geworden - Save","og_description":"Wie sieht\u00a0die Weltleitmesse Security Essen 2016 bez\u00fcglich Zahlen aus: 1&#8217;040 (2014: 1&#8217;045) Aussteller aus 45 (40) Nationen haben ihre Produkte und Dienstleistungen rund um die zivile Sicherheit pr\u00e4sentiert. Laut\u00a0Angaben kamen \u00fcber 40&#8217;000 Fachbesuchende, etwa gleich viele wie vor zwei Jahren. Jeder vierte Besucher habe seine Bestellung direkt auf der Messe platzierte (+8% im Vergleich zu [&hellip;]","og_url":"https:\/\/news.save.ch\/fr\/security-ist-internationaler-geworden\/","og_site_name":"Save","article_published_time":"2016-09-30T11:49:17+00:00","og_image":[{"width":947,"height":1400,"url":"https:\/\/news.save.ch\/wp-content\/uploads\/2016\/12\/Security-ist-internationaler-geworden_sicherheitsforum-scaled.jpg","type":"image\/jpeg"}],"author":"admin","twitter_card":"summary_large_image","twitter_misc":{"\u00c9crit par":"admin","Dur\u00e9e de lecture estim\u00e9e":"2 minutes"},"schema":{"@context":"https:\/\/schema.org","@graph":[{"@type":"Article","@id":"https:\/\/news.save.ch\/security-ist-internationaler-geworden\/#article","isPartOf":{"@id":"https:\/\/news.save.ch\/security-ist-internationaler-geworden\/"},"author":{"name":"admin","@id":"https:\/\/news.save.ch\/de\/#\/schema\/person\/d49e199490bad7c70d64b9ab51142f2b"},"headline":"Security ist internationaler geworden","datePublished":"2016-09-30T11:49:17+00:00","mainEntityOfPage":{"@id":"https:\/\/news.save.ch\/security-ist-internationaler-geworden\/"},"wordCount":404,"commentCount":0,"publisher":{"@id":"https:\/\/news.save.ch\/de\/#organization"},"image":{"@id":"https:\/\/news.save.ch\/security-ist-internationaler-geworden\/#primaryimage"},"thumbnailUrl":"https:\/\/news.save.ch\/wp-content\/uploads\/2016\/12\/Security-ist-internationaler-geworden_sicherheitsforum-scaled.jpg","keywords":["Fachkongress\/Fachmesse","Sicherheitsmesse"],"articleSection":["ALLGEMEIN"],"inLanguage":"fr-FR"},{"@type":"WebPage","@id":"https:\/\/news.save.ch\/security-ist-internationaler-geworden\/","url":"https:\/\/news.save.ch\/security-ist-internationaler-geworden\/","name":"La s\u00e9curit\u00e9 est devenue plus internationale - Save","isPartOf":{"@id":"https:\/\/news.save.ch\/de\/#website"},"primaryImageOfPage":{"@id":"https:\/\/news.save.ch\/security-ist-internationaler-geworden\/#primaryimage"},"image":{"@id":"https:\/\/news.save.ch\/security-ist-internationaler-geworden\/#primaryimage"},"thumbnailUrl":"https:\/\/news.save.ch\/wp-content\/uploads\/2016\/12\/Security-ist-internationaler-geworden_sicherheitsforum-scaled.jpg","datePublished":"2016-09-30T11:49:17+00:00","breadcrumb":{"@id":"https:\/\/news.save.ch\/security-ist-internationaler-geworden\/#breadcrumb"},"inLanguage":"fr-FR","potentialAction":[{"@type":"ReadAction","target":["https:\/\/news.save.ch\/security-ist-internationaler-geworden\/"]}]},{"@type":"ImageObject","inLanguage":"fr-FR","@id":"https:\/\/news.save.ch\/security-ist-internationaler-geworden\/#primaryimage","url":"https:\/\/news.save.ch\/wp-content\/uploads\/2016\/12\/Security-ist-internationaler-geworden_sicherheitsforum-scaled.jpg","contentUrl":"https:\/\/news.save.ch\/wp-content\/uploads\/2016\/12\/Security-ist-internationaler-geworden_sicherheitsforum-scaled.jpg","width":947,"height":1400,"caption":"Foto: Security Essen"},{"@type":"BreadcrumbList","@id":"https:\/\/news.save.ch\/security-ist-internationaler-geworden\/#breadcrumb","itemListElement":[{"@type":"ListItem","position":1,"name":"Home","item":"https:\/\/news.save.ch\/de\/"},{"@type":"ListItem","position":2,"name":"Security ist internationaler geworden"}]},{"@type":"WebSite","@id":"https:\/\/news.save.ch\/de\/#website","url":"https:\/\/news.save.ch\/de\/","name":"Save","description":"Revue suisse sp\u00e9cialis\u00e9e dans la s\u00e9curit\u00e9","publisher":{"@id":"https:\/\/news.save.ch\/de\/#organization"},"potentialAction":[{"@type":"SearchAction","target":{"@type":"EntryPoint","urlTemplate":"https:\/\/news.save.ch\/de\/?s={search_term_string}"},"query-input":{"@type":"PropertyValueSpecification","valueRequired":true,"valueName":"search_term_string"}}],"inLanguage":"fr-FR"},{"@type":"Organization","@id":"https:\/\/news.save.ch\/de\/#organization","name":"Forum sur la s\u00e9curit\u00e9","url":"https:\/\/news.save.ch\/de\/","logo":{"@type":"ImageObject","inLanguage":"fr-FR","@id":"https:\/\/news.save.ch\/de\/#\/schema\/logo\/image\/","url":"https:\/\/news.save.ch\/wp-content\/uploads\/2022\/06\/Logo_SF_2012.png","contentUrl":"https:\/\/news.save.ch\/wp-content\/uploads\/2022\/06\/Logo_SF_2012.png","width":1100,"height":91,"caption":"Sicherheitsforum"},"image":{"@id":"https:\/\/news.save.ch\/de\/#\/schema\/logo\/image\/"}},{"@type":"Person","@id":"https:\/\/news.save.ch\/de\/#\/schema\/person\/d49e199490bad7c70d64b9ab51142f2b","name":"admin","image":{"@type":"ImageObject","inLanguage":"fr-FR","@id":"https:\/\/secure.gravatar.com\/avatar\/ae2f4d718e6c49043e314ce431e7e645d646302a24a5ef5a8bc8e3f5a032e319?s=96&d=mm&r=g","url":"https:\/\/secure.gravatar.com\/avatar\/ae2f4d718e6c49043e314ce431e7e645d646302a24a5ef5a8bc8e3f5a032e319?s=96&d=mm&r=g","contentUrl":"https:\/\/secure.gravatar.com\/avatar\/ae2f4d718e6c49043e314ce431e7e645d646302a24a5ef5a8bc8e3f5a032e319?s=96&d=mm&r=g","caption":"admin"},"sameAs":["https:\/\/develop.organisator.galledia.ch"],"url":"https:\/\/news.save.ch\/fr\/author\/admin\/"}]}},"_links":{"self":[{"href":"https:\/\/news.save.ch\/fr\/wp-json\/wp\/v2\/posts\/1742","targetHints":{"allow":["GET"]}}],"collection":[{"href":"https:\/\/news.save.ch\/fr\/wp-json\/wp\/v2\/posts"}],"about":[{"href":"https:\/\/news.save.ch\/fr\/wp-json\/wp\/v2\/types\/post"}],"author":[{"embeddable":true,"href":"https:\/\/news.save.ch\/fr\/wp-json\/wp\/v2\/users\/1"}],"replies":[{"embeddable":true,"href":"https:\/\/news.save.ch\/fr\/wp-json\/wp\/v2\/comments?post=1742"}],"version-history":[{"count":0,"href":"https:\/\/news.save.ch\/fr\/wp-json\/wp\/v2\/posts\/1742\/revisions"}],"wp:featuredmedia":[{"embeddable":true,"href":"https:\/\/news.save.ch\/fr\/wp-json\/wp\/v2\/media\/1773"}],"wp:attachment":[{"href":"https:\/\/news.save.ch\/fr\/wp-json\/wp\/v2\/media?parent=1742"}],"wp:term":[{"taxonomy":"category","embeddable":true,"href":"https:\/\/news.save.ch\/fr\/wp-json\/wp\/v2\/categories?post=1742"},{"taxonomy":"post_tag","embeddable":true,"href":"https:\/\/news.save.ch\/fr\/wp-json\/wp\/v2\/tags?post=1742"}],"curies":[{"name":"wp","href":"https:\/\/api.w.org\/{rel}","templated":true}]}}