{"id":1756,"date":"2015-10-02T13:43:14","date_gmt":"2015-10-02T11:43:14","guid":{"rendered":"https:\/\/dev.sicherheitsforum.ch\/?p=1756"},"modified":"2015-10-02T13:43:14","modified_gmt":"2015-10-02T11:43:14","slug":"abgas-krimi-astra-erlaesst-zulassungsverbot","status":null,"type":"post","link":"https:\/\/news.save.ch\/fr\/abgas-krimi-astra-erlaesst-zulassungsverbot\/","title":{"rendered":"Crime des gaz d'\u00e9chappement : l'Astra \u00e9dicte une interdiction d'immatriculation"},"content":{"rendered":"<p><img loading=\"lazy\" decoding=\"async\" class=\"alignnone wp-image-1758 size-medium\" src=\"https:\/\/news.save.ch\/wp-content\/uploads\/2016\/12\/Abgas-Krimi-Astra-erl\u00e4sst-Zulassungsverbot-sicherheitsforum.jpg\" width=\"680\" height=\"510\" \/><\/p>\n<p>La directive s'adresse aux services des automobiles des cantons et a \u00e9galement \u00e9t\u00e9 envoy\u00e9e aux diff\u00e9rents importateurs, comme le pr\u00e9cise l'Office f\u00e9d\u00e9ral des routes (<a href=\"https:\/\/www.astra.admin.ch\" target=\"_blank\" data-cke-saved-href=\"https:\/\/www.astra.admin.ch\" rel=\"noopener\">Astra<\/a>) \u00e9crit. Sont concern\u00e9s les mod\u00e8les du groupe Volkswagen des marques Audi, Seat, Skoda et Volkswagen des ann\u00e9es de construction 2009 \u00e0 2014 (versions EURO5), \u00e9quip\u00e9s de moteurs diesel dans les versions 1,2TDI, 1,6TDI et 2.0TDI. La d\u00e9cision de lever l'interdiction d'immatriculation sera prise lorsque de nouvelles informations seront disponibles, a pr\u00e9cis\u00e9 l'Astra.<\/p>\n<p>La loi sur la circulation routi\u00e8re (LCR) stipule que le permis de circulation ne peut \u00eatre d\u00e9livr\u00e9 que si le v\u00e9hicule est conforme aux prescriptions, s'il est s\u00fbr et s'il est couvert par l'assurance responsabilit\u00e9 civile prescrite (article 11, alin\u00e9a 1, LCR).<\/p>\n<p>L'OFROU s'appuie en outre sur l'article 45, alin\u00e9a 1, de l'ordonnance sur la r\u00e9ception par type des v\u00e9hicules routiers (ORT), sur le chiffre 1.2.1.2 de l'ordonnance concernant les exigences techniques requises pour les voitures automobiles de transport et leurs remorques (OETV1) ainsi que sur l'article 150, alin\u00e9a 6, de l'ordonnance r\u00e9glant l'admission \u00e0 la circulation routi\u00e8re (OAC).<\/p>","protected":false},"excerpt":{"rendered":"<p>Die Weisung richtet sich an die Strassenverkehrs\u00e4mter der Kantone und wurde auch den verschiedenen Importeuren zugestellt, wie das Bundesamtes f\u00fcr Strassen (Astra) schreibt.\u00a0Betroffen seien Modelle aus dem Volkswagenkonzern der Marken Audi, Seat, Skoda und Volkswagen der Baujahre 2009 bis 2014 (Ausf\u00fchrungen EURO5), die mit Dieselmotoren in den Ausf\u00fchrungen 1,2TDI, 1,6TDI und 2.0TDI ausger\u00fcstet sind. \u00dcber [&hellip;]<\/p>\n","protected":false},"author":1,"featured_media":1758,"comment_status":"open","ping_status":"open","sticky":false,"template":"","format":"standard","meta":{"_acf_changed":false,"pgc_sgb_lightbox_settings":"","footnotes":""},"categories":[1],"tags":[113,65],"class_list":["post-1756","post","type-post","status-publish","format-standard","has-post-thumbnail","hentry","category-allgemein","tag-kriminalitaet","tag-unternehmen"],"acf":[],"hkrextid":null,"publication":null,"issue":null,"workflow":null,"startPage":null,"spitzmarke":null,"_posts_by_tag_page_fields":{"widget_title":"","widget_tags":""},"_at_widget":"1","_yoast_wpseo_primary_category":"1","_yoast_wpseo_focuskw_text_input":"Abgas","_yoast_wpseo_opengraph-image":"https:\/\/news.save.ch\/wp-content\/uploads\/2016\/12\/Abgas-Krimi-Astra-erl\u00e4sst-Zulassungsverbot-sicherheitsforum.jpg","_yoast_wpseo_opengraph-description":"Das Bundesamt f\u00fcr Strassen hat heute eine Weisung erlassen, die verhindert, dass die von Abgas-Manipulationen betroffenen Fahrzeuge auf Schweizer Strassen gelangen. Das vorl\u00e4ufige Zulassungsverbot betrifft nur Fahrzeuge, die erstmals in der Schweiz immatrikuliert werden. Es gilt ab Montag, 5.10.2015.","_yoast_wpseo_opengraph-title":"Abgas-Krimi: Astra erl\u00e4sst Zulassungsverbot","enclosure":null,"_yoast_wpseo_twitter-title":null,"_yoast_wpseo_twitter-description":null,"_yoast_wpseo_twitter-image":null,"_wp_old_slug":null,"_yoast_wpseo_title":null,"_yoast_wpseo_canonical":null,"yoast_head":"<!-- This site is optimized with the Yoast SEO plugin v27.5 - https:\/\/yoast.com\/product\/yoast-seo-wordpress\/ -->\n<title>Abgas-Krimi: Astra erl\u00e4sst Zulassungsverbot - Save<\/title>\n<meta name=\"description\" content=\"Das Bundesamt f\u00fcr Strassen hat eine Weisung erlassen, die verhindert, dass die von Abgas-Manipulationen betroffenen Fahrzeuge auf CH-Strassen gelangen.\" \/>\n<meta name=\"robots\" content=\"index, follow, max-snippet:-1, max-image-preview:large, max-video-preview:-1\" \/>\n<link rel=\"canonical\" href=\"https:\/\/news.save.ch\/fr\/abgas-krimi-astra-erlaesst-zulassungsverbot\/\" \/>\n<meta property=\"og:locale\" content=\"fr_FR\" \/>\n<meta property=\"og:type\" content=\"article\" \/>\n<meta property=\"og:title\" content=\"Abgas-Krimi: Astra erl\u00e4sst Zulassungsverbot\" \/>\n<meta property=\"og:description\" content=\"Das Bundesamt f\u00fcr Strassen hat heute eine Weisung erlassen, die verhindert, dass die von Abgas-Manipulationen betroffenen Fahrzeuge auf Schweizer Strassen gelangen. Das vorl\u00e4ufige Zulassungsverbot betrifft nur Fahrzeuge, die erstmals in der Schweiz immatrikuliert werden. Es gilt ab Montag, 5.10.2015.\" \/>\n<meta property=\"og:url\" content=\"https:\/\/news.save.ch\/fr\/abgas-krimi-astra-erlaesst-zulassungsverbot\/\" \/>\n<meta property=\"og:site_name\" content=\"Save\" \/>\n<meta property=\"article:published_time\" content=\"2015-10-02T11:43:14+00:00\" \/>\n<meta property=\"og:image\" content=\"https:\/\/news.save.ch\/wp-content\/uploads\/2016\/12\/Abgas-Krimi-Astra-erl\u00e4sst-Zulassungsverbot-sicherheitsforum.jpg\" \/>\n<meta name=\"author\" content=\"admin\" \/>\n<meta name=\"twitter:card\" content=\"summary_large_image\" \/>\n<meta name=\"twitter:label1\" content=\"\u00c9crit par\" \/>\n\t<meta name=\"twitter:data1\" content=\"admin\" \/>\n\t<meta name=\"twitter:label2\" content=\"Dur\u00e9e de lecture estim\u00e9e\" \/>\n\t<meta name=\"twitter:data2\" content=\"1 minute\" \/>\n<script type=\"application\/ld+json\" class=\"yoast-schema-graph\">{\"@context\":\"https:\\\/\\\/schema.org\",\"@graph\":[{\"@type\":\"Article\",\"@id\":\"https:\\\/\\\/news.save.ch\\\/abgas-krimi-astra-erlaesst-zulassungsverbot\\\/#article\",\"isPartOf\":{\"@id\":\"https:\\\/\\\/news.save.ch\\\/abgas-krimi-astra-erlaesst-zulassungsverbot\\\/\"},\"author\":{\"name\":\"admin\",\"@id\":\"https:\\\/\\\/news.save.ch\\\/de\\\/#\\\/schema\\\/person\\\/d49e199490bad7c70d64b9ab51142f2b\"},\"headline\":\"Abgas-Krimi: Astra erl\u00e4sst Zulassungsverbot\",\"datePublished\":\"2015-10-02T11:43:14+00:00\",\"mainEntityOfPage\":{\"@id\":\"https:\\\/\\\/news.save.ch\\\/abgas-krimi-astra-erlaesst-zulassungsverbot\\\/\"},\"wordCount\":144,\"commentCount\":0,\"publisher\":{\"@id\":\"https:\\\/\\\/news.save.ch\\\/de\\\/#organization\"},\"image\":{\"@id\":\"https:\\\/\\\/news.save.ch\\\/abgas-krimi-astra-erlaesst-zulassungsverbot\\\/#primaryimage\"},\"thumbnailUrl\":\"https:\\\/\\\/news.save.ch\\\/wp-content\\\/uploads\\\/2016\\\/12\\\/Abgas-Krimi-Astra-erlaesst-Zulassungsverbot-sicherheitsforum-scaled.jpg\",\"keywords\":[\"Kriminalit\u00e4t\",\"Unternehmen\"],\"articleSection\":[\"ALLGEMEIN\"],\"inLanguage\":\"fr-FR\"},{\"@type\":\"WebPage\",\"@id\":\"https:\\\/\\\/news.save.ch\\\/abgas-krimi-astra-erlaesst-zulassungsverbot\\\/\",\"url\":\"https:\\\/\\\/news.save.ch\\\/abgas-krimi-astra-erlaesst-zulassungsverbot\\\/\",\"name\":\"Abgas-Krimi: Astra erl\u00e4sst Zulassungsverbot - Save\",\"isPartOf\":{\"@id\":\"https:\\\/\\\/news.save.ch\\\/de\\\/#website\"},\"primaryImageOfPage\":{\"@id\":\"https:\\\/\\\/news.save.ch\\\/abgas-krimi-astra-erlaesst-zulassungsverbot\\\/#primaryimage\"},\"image\":{\"@id\":\"https:\\\/\\\/news.save.ch\\\/abgas-krimi-astra-erlaesst-zulassungsverbot\\\/#primaryimage\"},\"thumbnailUrl\":\"https:\\\/\\\/news.save.ch\\\/wp-content\\\/uploads\\\/2016\\\/12\\\/Abgas-Krimi-Astra-erlaesst-Zulassungsverbot-sicherheitsforum-scaled.jpg\",\"datePublished\":\"2015-10-02T11:43:14+00:00\",\"description\":\"Das Bundesamt f\u00fcr Strassen hat eine Weisung erlassen, die verhindert, dass die von Abgas-Manipulationen betroffenen Fahrzeuge auf CH-Strassen gelangen.\",\"breadcrumb\":{\"@id\":\"https:\\\/\\\/news.save.ch\\\/abgas-krimi-astra-erlaesst-zulassungsverbot\\\/#breadcrumb\"},\"inLanguage\":\"fr-FR\",\"potentialAction\":[{\"@type\":\"ReadAction\",\"target\":[\"https:\\\/\\\/news.save.ch\\\/abgas-krimi-astra-erlaesst-zulassungsverbot\\\/\"]}]},{\"@type\":\"ImageObject\",\"inLanguage\":\"fr-FR\",\"@id\":\"https:\\\/\\\/news.save.ch\\\/abgas-krimi-astra-erlaesst-zulassungsverbot\\\/#primaryimage\",\"url\":\"https:\\\/\\\/news.save.ch\\\/wp-content\\\/uploads\\\/2016\\\/12\\\/Abgas-Krimi-Astra-erlaesst-Zulassungsverbot-sicherheitsforum-scaled.jpg\",\"contentUrl\":\"https:\\\/\\\/news.save.ch\\\/wp-content\\\/uploads\\\/2016\\\/12\\\/Abgas-Krimi-Astra-erlaesst-Zulassungsverbot-sicherheitsforum-scaled.jpg\",\"width\":1400,\"height\":1050},{\"@type\":\"BreadcrumbList\",\"@id\":\"https:\\\/\\\/news.save.ch\\\/abgas-krimi-astra-erlaesst-zulassungsverbot\\\/#breadcrumb\",\"itemListElement\":[{\"@type\":\"ListItem\",\"position\":1,\"name\":\"Home\",\"item\":\"https:\\\/\\\/news.save.ch\\\/de\\\/\"},{\"@type\":\"ListItem\",\"position\":2,\"name\":\"Abgas-Krimi: Astra erl\u00e4sst Zulassungsverbot\"}]},{\"@type\":\"WebSite\",\"@id\":\"https:\\\/\\\/news.save.ch\\\/de\\\/#website\",\"url\":\"https:\\\/\\\/news.save.ch\\\/de\\\/\",\"name\":\"Save\",\"description\":\"Schweizer Fachzeitschrift f\u00fcr Sicherheit\",\"publisher\":{\"@id\":\"https:\\\/\\\/news.save.ch\\\/de\\\/#organization\"},\"potentialAction\":[{\"@type\":\"SearchAction\",\"target\":{\"@type\":\"EntryPoint\",\"urlTemplate\":\"https:\\\/\\\/news.save.ch\\\/de\\\/?s={search_term_string}\"},\"query-input\":{\"@type\":\"PropertyValueSpecification\",\"valueRequired\":true,\"valueName\":\"search_term_string\"}}],\"inLanguage\":\"fr-FR\"},{\"@type\":\"Organization\",\"@id\":\"https:\\\/\\\/news.save.ch\\\/de\\\/#organization\",\"name\":\"Sicherheitsforum\",\"url\":\"https:\\\/\\\/news.save.ch\\\/de\\\/\",\"logo\":{\"@type\":\"ImageObject\",\"inLanguage\":\"fr-FR\",\"@id\":\"https:\\\/\\\/news.save.ch\\\/de\\\/#\\\/schema\\\/logo\\\/image\\\/\",\"url\":\"https:\\\/\\\/news.save.ch\\\/wp-content\\\/uploads\\\/2022\\\/06\\\/Logo_SF_2012.png\",\"contentUrl\":\"https:\\\/\\\/news.save.ch\\\/wp-content\\\/uploads\\\/2022\\\/06\\\/Logo_SF_2012.png\",\"width\":1100,\"height\":91,\"caption\":\"Sicherheitsforum\"},\"image\":{\"@id\":\"https:\\\/\\\/news.save.ch\\\/de\\\/#\\\/schema\\\/logo\\\/image\\\/\"}},{\"@type\":\"Person\",\"@id\":\"https:\\\/\\\/news.save.ch\\\/de\\\/#\\\/schema\\\/person\\\/d49e199490bad7c70d64b9ab51142f2b\",\"name\":\"admin\",\"image\":{\"@type\":\"ImageObject\",\"inLanguage\":\"fr-FR\",\"@id\":\"https:\\\/\\\/secure.gravatar.com\\\/avatar\\\/ae2f4d718e6c49043e314ce431e7e645d646302a24a5ef5a8bc8e3f5a032e319?s=96&d=mm&r=g\",\"url\":\"https:\\\/\\\/secure.gravatar.com\\\/avatar\\\/ae2f4d718e6c49043e314ce431e7e645d646302a24a5ef5a8bc8e3f5a032e319?s=96&d=mm&r=g\",\"contentUrl\":\"https:\\\/\\\/secure.gravatar.com\\\/avatar\\\/ae2f4d718e6c49043e314ce431e7e645d646302a24a5ef5a8bc8e3f5a032e319?s=96&d=mm&r=g\",\"caption\":\"admin\"},\"sameAs\":[\"https:\\\/\\\/develop.organisator.galledia.ch\"],\"url\":\"https:\\\/\\\/news.save.ch\\\/fr\\\/author\\\/admin\\\/\"}]}<\/script>\n<!-- \/ Yoast SEO plugin. -->","yoast_head_json":{"title":"Crime des gaz d'\u00e9chappement : l'Astra \u00e9dicte une interdiction d'immatriculation - Save","description":"L'Office f\u00e9d\u00e9ral des routes a \u00e9dict\u00e9 une directive qui emp\u00eache les v\u00e9hicules concern\u00e9s par les manipulations des gaz d'\u00e9chappement de circuler sur les routes suisses.","robots":{"index":"index","follow":"follow","max-snippet":"max-snippet:-1","max-image-preview":"max-image-preview:large","max-video-preview":"max-video-preview:-1"},"canonical":"https:\/\/news.save.ch\/fr\/abgas-krimi-astra-erlaesst-zulassungsverbot\/","og_locale":"fr_FR","og_type":"article","og_title":"Abgas-Krimi: Astra erl\u00e4sst Zulassungsverbot","og_description":"Das Bundesamt f\u00fcr Strassen hat heute eine Weisung erlassen, die verhindert, dass die von Abgas-Manipulationen betroffenen Fahrzeuge auf Schweizer Strassen gelangen. Das vorl\u00e4ufige Zulassungsverbot betrifft nur Fahrzeuge, die erstmals in der Schweiz immatrikuliert werden. Es gilt ab Montag, 5.10.2015.","og_url":"https:\/\/news.save.ch\/fr\/abgas-krimi-astra-erlaesst-zulassungsverbot\/","og_site_name":"Save","article_published_time":"2015-10-02T11:43:14+00:00","og_image":[{"url":"https:\/\/news.save.ch\/wp-content\/uploads\/2016\/12\/Abgas-Krimi-Astra-erl\u00e4sst-Zulassungsverbot-sicherheitsforum.jpg","type":"","width":"","height":""}],"author":"admin","twitter_card":"summary_large_image","twitter_misc":{"\u00c9crit par":"admin","Dur\u00e9e de lecture estim\u00e9e":"1 minute"},"schema":{"@context":"https:\/\/schema.org","@graph":[{"@type":"Article","@id":"https:\/\/news.save.ch\/abgas-krimi-astra-erlaesst-zulassungsverbot\/#article","isPartOf":{"@id":"https:\/\/news.save.ch\/abgas-krimi-astra-erlaesst-zulassungsverbot\/"},"author":{"name":"admin","@id":"https:\/\/news.save.ch\/de\/#\/schema\/person\/d49e199490bad7c70d64b9ab51142f2b"},"headline":"Abgas-Krimi: Astra erl\u00e4sst Zulassungsverbot","datePublished":"2015-10-02T11:43:14+00:00","mainEntityOfPage":{"@id":"https:\/\/news.save.ch\/abgas-krimi-astra-erlaesst-zulassungsverbot\/"},"wordCount":144,"commentCount":0,"publisher":{"@id":"https:\/\/news.save.ch\/de\/#organization"},"image":{"@id":"https:\/\/news.save.ch\/abgas-krimi-astra-erlaesst-zulassungsverbot\/#primaryimage"},"thumbnailUrl":"https:\/\/news.save.ch\/wp-content\/uploads\/2016\/12\/Abgas-Krimi-Astra-erlaesst-Zulassungsverbot-sicherheitsforum-scaled.jpg","keywords":["Kriminalit\u00e4t","Unternehmen"],"articleSection":["ALLGEMEIN"],"inLanguage":"fr-FR"},{"@type":"WebPage","@id":"https:\/\/news.save.ch\/abgas-krimi-astra-erlaesst-zulassungsverbot\/","url":"https:\/\/news.save.ch\/abgas-krimi-astra-erlaesst-zulassungsverbot\/","name":"Crime des gaz d'\u00e9chappement : l'Astra \u00e9dicte une interdiction d'immatriculation - Save","isPartOf":{"@id":"https:\/\/news.save.ch\/de\/#website"},"primaryImageOfPage":{"@id":"https:\/\/news.save.ch\/abgas-krimi-astra-erlaesst-zulassungsverbot\/#primaryimage"},"image":{"@id":"https:\/\/news.save.ch\/abgas-krimi-astra-erlaesst-zulassungsverbot\/#primaryimage"},"thumbnailUrl":"https:\/\/news.save.ch\/wp-content\/uploads\/2016\/12\/Abgas-Krimi-Astra-erlaesst-Zulassungsverbot-sicherheitsforum-scaled.jpg","datePublished":"2015-10-02T11:43:14+00:00","description":"L'Office f\u00e9d\u00e9ral des routes a \u00e9dict\u00e9 une directive qui emp\u00eache les v\u00e9hicules concern\u00e9s par les manipulations des gaz d'\u00e9chappement de circuler sur les routes suisses.","breadcrumb":{"@id":"https:\/\/news.save.ch\/abgas-krimi-astra-erlaesst-zulassungsverbot\/#breadcrumb"},"inLanguage":"fr-FR","potentialAction":[{"@type":"ReadAction","target":["https:\/\/news.save.ch\/abgas-krimi-astra-erlaesst-zulassungsverbot\/"]}]},{"@type":"ImageObject","inLanguage":"fr-FR","@id":"https:\/\/news.save.ch\/abgas-krimi-astra-erlaesst-zulassungsverbot\/#primaryimage","url":"https:\/\/news.save.ch\/wp-content\/uploads\/2016\/12\/Abgas-Krimi-Astra-erlaesst-Zulassungsverbot-sicherheitsforum-scaled.jpg","contentUrl":"https:\/\/news.save.ch\/wp-content\/uploads\/2016\/12\/Abgas-Krimi-Astra-erlaesst-Zulassungsverbot-sicherheitsforum-scaled.jpg","width":1400,"height":1050},{"@type":"BreadcrumbList","@id":"https:\/\/news.save.ch\/abgas-krimi-astra-erlaesst-zulassungsverbot\/#breadcrumb","itemListElement":[{"@type":"ListItem","position":1,"name":"Home","item":"https:\/\/news.save.ch\/de\/"},{"@type":"ListItem","position":2,"name":"Abgas-Krimi: Astra erl\u00e4sst Zulassungsverbot"}]},{"@type":"WebSite","@id":"https:\/\/news.save.ch\/de\/#website","url":"https:\/\/news.save.ch\/de\/","name":"Save","description":"Revue suisse sp\u00e9cialis\u00e9e dans la s\u00e9curit\u00e9","publisher":{"@id":"https:\/\/news.save.ch\/de\/#organization"},"potentialAction":[{"@type":"SearchAction","target":{"@type":"EntryPoint","urlTemplate":"https:\/\/news.save.ch\/de\/?s={search_term_string}"},"query-input":{"@type":"PropertyValueSpecification","valueRequired":true,"valueName":"search_term_string"}}],"inLanguage":"fr-FR"},{"@type":"Organization","@id":"https:\/\/news.save.ch\/de\/#organization","name":"Forum sur la s\u00e9curit\u00e9","url":"https:\/\/news.save.ch\/de\/","logo":{"@type":"ImageObject","inLanguage":"fr-FR","@id":"https:\/\/news.save.ch\/de\/#\/schema\/logo\/image\/","url":"https:\/\/news.save.ch\/wp-content\/uploads\/2022\/06\/Logo_SF_2012.png","contentUrl":"https:\/\/news.save.ch\/wp-content\/uploads\/2022\/06\/Logo_SF_2012.png","width":1100,"height":91,"caption":"Sicherheitsforum"},"image":{"@id":"https:\/\/news.save.ch\/de\/#\/schema\/logo\/image\/"}},{"@type":"Person","@id":"https:\/\/news.save.ch\/de\/#\/schema\/person\/d49e199490bad7c70d64b9ab51142f2b","name":"admin","image":{"@type":"ImageObject","inLanguage":"fr-FR","@id":"https:\/\/secure.gravatar.com\/avatar\/ae2f4d718e6c49043e314ce431e7e645d646302a24a5ef5a8bc8e3f5a032e319?s=96&d=mm&r=g","url":"https:\/\/secure.gravatar.com\/avatar\/ae2f4d718e6c49043e314ce431e7e645d646302a24a5ef5a8bc8e3f5a032e319?s=96&d=mm&r=g","contentUrl":"https:\/\/secure.gravatar.com\/avatar\/ae2f4d718e6c49043e314ce431e7e645d646302a24a5ef5a8bc8e3f5a032e319?s=96&d=mm&r=g","caption":"admin"},"sameAs":["https:\/\/develop.organisator.galledia.ch"],"url":"https:\/\/news.save.ch\/fr\/author\/admin\/"}]}},"_links":{"self":[{"href":"https:\/\/news.save.ch\/fr\/wp-json\/wp\/v2\/posts\/1756","targetHints":{"allow":["GET"]}}],"collection":[{"href":"https:\/\/news.save.ch\/fr\/wp-json\/wp\/v2\/posts"}],"about":[{"href":"https:\/\/news.save.ch\/fr\/wp-json\/wp\/v2\/types\/post"}],"author":[{"embeddable":true,"href":"https:\/\/news.save.ch\/fr\/wp-json\/wp\/v2\/users\/1"}],"replies":[{"embeddable":true,"href":"https:\/\/news.save.ch\/fr\/wp-json\/wp\/v2\/comments?post=1756"}],"version-history":[{"count":0,"href":"https:\/\/news.save.ch\/fr\/wp-json\/wp\/v2\/posts\/1756\/revisions"}],"wp:featuredmedia":[{"embeddable":true,"href":"https:\/\/news.save.ch\/fr\/wp-json\/wp\/v2\/media\/1758"}],"wp:attachment":[{"href":"https:\/\/news.save.ch\/fr\/wp-json\/wp\/v2\/media?parent=1756"}],"wp:term":[{"taxonomy":"category","embeddable":true,"href":"https:\/\/news.save.ch\/fr\/wp-json\/wp\/v2\/categories?post=1756"},{"taxonomy":"post_tag","embeddable":true,"href":"https:\/\/news.save.ch\/fr\/wp-json\/wp\/v2\/tags?post=1756"}],"curies":[{"name":"wp","href":"https:\/\/api.w.org\/{rel}","templated":true}]}}