{"id":1760,"date":"2015-10-06T13:45:02","date_gmt":"2015-10-06T11:45:02","guid":{"rendered":"https:\/\/dev.sicherheitsforum.ch\/?p=1760"},"modified":"2023-03-14T08:59:01","modified_gmt":"2023-03-14T07:59:01","slug":"naturgefahren-besser-beurteilen","status":null,"type":"post","link":"https:\/\/news.save.ch\/fr\/naturgefahren-besser-beurteilen\/","title":{"rendered":"Mieux \u00e9valuer les risques naturels"},"content":{"rendered":"<figure id=\"attachment_1761\" aria-describedby=\"caption-attachment-1761\" style=\"width: 680px\" class=\"wp-caption alignnone\"><img loading=\"lazy\" decoding=\"async\" class=\"wp-image-1761 size-medium\" src=\"https:\/\/news.save.ch\/wp-content\/uploads\/2016\/12\/Naturgefahren-besser-beurteilen-sicherheitsforum.jpg\" width=\"680\" height=\"438\" srcset=\"https:\/\/news.save.ch\/wp-content\/uploads\/2016\/12\/Naturgefahren-besser-beurteilen-sicherheitsforum.jpg 985w, https:\/\/news.save.ch\/wp-content\/uploads\/2016\/12\/Naturgefahren-besser-beurteilen-sicherheitsforum-375x242.jpg 375w\" sizes=\"auto, (max-width: 680px) 100vw, 680px\" \/><figcaption id=\"caption-attachment-1761\" class=\"wp-caption-text\">O\u00f9 les chutes de pierres ont tendance \u00e0 augmenter, o\u00f9 \u00e0 diminuer ? Source : \u00e9tude de l'OFEV<\/figcaption><\/figure>\n<p>Dans le cadre de la pr\u00e9vention des dangers naturels, l'Office f\u00e9d\u00e9ral de l'environnement (OFEV) a fait \u00e9tudier les effets du changement climatique sur les chutes de pierres, les avalanches, les coul\u00e9es de boue et les dangers li\u00e9s aux torrents. Les sp\u00e9cialistes ont donc d\u00e9velopp\u00e9 leur propre m\u00e9thode d'analyse de la sensibilit\u00e9 climatique, qui prend en compte diff\u00e9rents sc\u00e9narios climatiques. Ce sont les m\u00eames que ceux utilis\u00e9s pour la politique climatique.<\/p>\n<p><strong>Un impact variable selon les r\u00e9gions<\/strong><\/p>\n<p>Le site <a href=\"https:\/\/www.news.admin.ch\/message\/index.html?lang=de&amp;msg-id=58965\" target=\"_blank\" data-cke-saved-href=\"https:\/\/www.news.admin.ch\/message\/index.html?lang=de&amp;msg-id=58965\" rel=\"noopener\">\u00c9tude<\/a> \u00a0couvre, selon l'OFEV, deux p\u00e9riodes et se base sur un sc\u00e9nario climatique moyen et un sc\u00e9nario climatique extr\u00eame : le premier s'\u00e9tend jusqu'en 2060, le second jusqu'en 2085. Les r\u00e9sultats ont montr\u00e9 dans quelle mesure le danger naturel en question augmente ou diminue selon les sc\u00e9narios climatiques pour la r\u00e9gion concern\u00e9e. Les diff\u00e9rents facteurs d'influence sont repr\u00e9sent\u00e9s sur les cartes (carte : rouge \u00e9gal \"en forte augmentation\").<\/p>\n<p>Les r\u00e9sultats montrent \u00e9galement qu'il n'y a pas de tendance g\u00e9n\u00e9rale en Suisse, car les facteurs d'influence locaux, comme par exemple l'altitude et l'exposition, jouent un r\u00f4le important selon l'orientation. Dans certaines r\u00e9gions, les risques li\u00e9s aux dangers naturels diminueraient en raison du changement climatique, tandis que dans d'autres, les dangers augmenteraient plut\u00f4t. Les dommages potentiels n'ont pas \u00e9t\u00e9 examin\u00e9s dans l'\u00e9tude, est-il pr\u00e9cis\u00e9.<\/p>\n<p>Les r\u00e9sultats de l'\u00e9tude sur la sensibilit\u00e9 climatique apporteraient aux cantons et \u00e0 la Conf\u00e9d\u00e9ration une vision globale des changements attendus. Ils permettraient en outre un suivi meilleur et plus cibl\u00e9 des dangers naturels. Enfin, ces sc\u00e9narios peuvent servir de base \u00e0 la planification de futures mesures de pr\u00e9vention, conclut l'OFEV.<\/p>\n<p><strong>Exposition sp\u00e9ciale \u00e0 Zurich<\/strong><\/p>\n<p>Les dangers naturels sont aussi un th\u00e8me de la <a href=\"https:\/\/www.sicherheit-messe.ch\" target=\"_blank\" data-cke-saved-href=\"https:\/\/www.sicherheit-messe.ch\" rel=\"noopener\">Salon professionnel de la s\u00e9curit\u00e9<\/a> (du 10 au 13 novembre 2015) : Le <a href=\"https:\/\/www.sicherheit-messe.ch\/upload\/dokumente\/Sonderschau_Risikomanagement_Naturgefahren.pdf\" target=\"_blank\" data-cke-saved-href=\"https:\/\/www.sicherheit-messe.ch\/upload\/dokumente\/Sonderschau_Risikomanagement_Naturgefahren.pdf\" rel=\"noopener\">Exposition sp\u00e9ciale<\/a> \"Gestion des risques li\u00e9s aux dangers naturels\" sera consacr\u00e9 \u00e0 cette th\u00e9matique avec de nombreux expos\u00e9s. La plate-forme se veut un \u00e9change entre les experts en dangers et les responsables de la s\u00e9curit\u00e9, comme le soulignent les organisateurs.<\/p>","protected":false},"excerpt":{"rendered":"<p>Im Rahmen der Naturgefahrenpr\u00e4vention hat das Bundesamt f\u00fcr Umwelt (Bafu)\u00a0die Auswirkungen des Klimawandels auf Steinschlag, Lawinen, Hangmuren und Gefahren, die von Wildb\u00e4chen ausgehen, untersuchen lassen. Deshalb haben die Fachleute eine eigene Analysemethode zur Klimasensitivit\u00e4t entwickelt, die verschiedene Klimaszenarien ber\u00fccksichtigt. Es sind dieselben, wie sie f\u00fcr die Klimapolitik verwendet werden. Regional unterschiedliche Auswirkungen Die Studie \u00a0deckt [&hellip;]<\/p>\n","protected":false},"author":1,"featured_media":1761,"comment_status":"open","ping_status":"open","sticky":false,"template":"","format":"standard","meta":{"_acf_changed":false,"pgc_sgb_lightbox_settings":"","footnotes":""},"categories":[3312],"tags":[170],"class_list":["post-1760","post","type-post","status-publish","format-standard","has-post-thumbnail","hentry","category-sicherheit","tag-naturgefahren"],"acf":[],"hkrextid":null,"publication":null,"issue":null,"workflow":null,"startPage":null,"spitzmarke":null,"_posts_by_tag_page_fields":{"widget_title":"","widget_tags":""},"_at_widget":"1","_yoast_wpseo_primary_category":"5","_yoast_wpseo_focuskw_text_input":"Naturgefahren","_yoast_wpseo_opengraph-image":"https:\/\/news.save.ch\/wp-content\/uploads\/2016\/12\/Naturgefahren-besser-beurteilen-sicherheitsforum.jpg","_yoast_wpseo_opengraph-description":"Das Bundesamt f\u00fcr Umwelt hat vor dem Hintergrund des Klimawandels die Entwicklung der Naturgefahren-Prozesse mithilfe einer neuen Methode dargestellt. Damit k\u00f6nne die Ver\u00e4nderung von Gefahren in einer Region besser abgesch\u00e4tzt werden.","_yoast_wpseo_opengraph-title":"Naturgefahren besser beurteilen","enclosure":null,"_yoast_wpseo_twitter-title":null,"_yoast_wpseo_twitter-description":null,"_yoast_wpseo_twitter-image":null,"_wp_old_slug":null,"_yoast_wpseo_title":null,"_yoast_wpseo_canonical":null,"yoast_head":"<!-- This site is optimized with the Yoast SEO plugin v27.4 - https:\/\/yoast.com\/product\/yoast-seo-wordpress\/ -->\n<title>Naturgefahren besser beurteilen - Save<\/title>\n<meta name=\"description\" content=\"Das Bundesamt f\u00fcr Umwelt hat vor dem Hintergrund des Klimawandels die Entwicklung der Naturgefahren-Prozesse mithilfe einer neuen Methode dargestellt.\" \/>\n<meta name=\"robots\" content=\"index, follow, max-snippet:-1, max-image-preview:large, max-video-preview:-1\" \/>\n<link rel=\"canonical\" href=\"https:\/\/news.save.ch\/fr\/naturgefahren-besser-beurteilen\/\" \/>\n<meta property=\"og:locale\" content=\"fr_FR\" \/>\n<meta property=\"og:type\" content=\"article\" \/>\n<meta property=\"og:title\" content=\"Naturgefahren besser beurteilen\" \/>\n<meta property=\"og:description\" content=\"Das Bundesamt f\u00fcr Umwelt hat vor dem Hintergrund des Klimawandels die Entwicklung der Naturgefahren-Prozesse mithilfe einer neuen Methode dargestellt. Damit k\u00f6nne die Ver\u00e4nderung von Gefahren in einer Region besser abgesch\u00e4tzt werden.\" \/>\n<meta property=\"og:url\" content=\"https:\/\/news.save.ch\/fr\/naturgefahren-besser-beurteilen\/\" \/>\n<meta property=\"og:site_name\" content=\"Save\" \/>\n<meta property=\"article:published_time\" content=\"2015-10-06T11:45:02+00:00\" \/>\n<meta property=\"article:modified_time\" content=\"2023-03-14T07:59:01+00:00\" \/>\n<meta property=\"og:image\" content=\"https:\/\/news.save.ch\/wp-content\/uploads\/2016\/12\/Naturgefahren-besser-beurteilen-sicherheitsforum.jpg\" \/>\n<meta name=\"author\" content=\"admin\" \/>\n<meta name=\"twitter:card\" content=\"summary_large_image\" \/>\n<meta name=\"twitter:label1\" content=\"\u00c9crit par\" \/>\n\t<meta name=\"twitter:data1\" content=\"admin\" \/>\n\t<meta name=\"twitter:label2\" content=\"Dur\u00e9e de lecture estim\u00e9e\" \/>\n\t<meta name=\"twitter:data2\" content=\"1 minute\" \/>\n<script type=\"application\/ld+json\" class=\"yoast-schema-graph\">{\"@context\":\"https:\\\/\\\/schema.org\",\"@graph\":[{\"@type\":\"Article\",\"@id\":\"https:\\\/\\\/news.save.ch\\\/naturgefahren-besser-beurteilen\\\/#article\",\"isPartOf\":{\"@id\":\"https:\\\/\\\/news.save.ch\\\/naturgefahren-besser-beurteilen\\\/\"},\"author\":{\"name\":\"admin\",\"@id\":\"https:\\\/\\\/news.save.ch\\\/de\\\/#\\\/schema\\\/person\\\/d49e199490bad7c70d64b9ab51142f2b\"},\"headline\":\"Naturgefahren besser beurteilen\",\"datePublished\":\"2015-10-06T11:45:02+00:00\",\"dateModified\":\"2023-03-14T07:59:01+00:00\",\"mainEntityOfPage\":{\"@id\":\"https:\\\/\\\/news.save.ch\\\/naturgefahren-besser-beurteilen\\\/\"},\"wordCount\":301,\"commentCount\":0,\"publisher\":{\"@id\":\"https:\\\/\\\/news.save.ch\\\/de\\\/#organization\"},\"image\":{\"@id\":\"https:\\\/\\\/news.save.ch\\\/naturgefahren-besser-beurteilen\\\/#primaryimage\"},\"thumbnailUrl\":\"https:\\\/\\\/news.save.ch\\\/wp-content\\\/uploads\\\/2016\\\/12\\\/Naturgefahren-besser-beurteilen-sicherheitsforum.jpg\",\"keywords\":[\"Naturgefahren\"],\"articleSection\":[\"SICHERHEIT\"],\"inLanguage\":\"fr-FR\"},{\"@type\":\"WebPage\",\"@id\":\"https:\\\/\\\/news.save.ch\\\/naturgefahren-besser-beurteilen\\\/\",\"url\":\"https:\\\/\\\/news.save.ch\\\/naturgefahren-besser-beurteilen\\\/\",\"name\":\"Naturgefahren besser beurteilen - Save\",\"isPartOf\":{\"@id\":\"https:\\\/\\\/news.save.ch\\\/de\\\/#website\"},\"primaryImageOfPage\":{\"@id\":\"https:\\\/\\\/news.save.ch\\\/naturgefahren-besser-beurteilen\\\/#primaryimage\"},\"image\":{\"@id\":\"https:\\\/\\\/news.save.ch\\\/naturgefahren-besser-beurteilen\\\/#primaryimage\"},\"thumbnailUrl\":\"https:\\\/\\\/news.save.ch\\\/wp-content\\\/uploads\\\/2016\\\/12\\\/Naturgefahren-besser-beurteilen-sicherheitsforum.jpg\",\"datePublished\":\"2015-10-06T11:45:02+00:00\",\"dateModified\":\"2023-03-14T07:59:01+00:00\",\"description\":\"Das Bundesamt f\u00fcr Umwelt hat vor dem Hintergrund des Klimawandels die Entwicklung der Naturgefahren-Prozesse mithilfe einer neuen Methode dargestellt.\",\"breadcrumb\":{\"@id\":\"https:\\\/\\\/news.save.ch\\\/naturgefahren-besser-beurteilen\\\/#breadcrumb\"},\"inLanguage\":\"fr-FR\",\"potentialAction\":[{\"@type\":\"ReadAction\",\"target\":[\"https:\\\/\\\/news.save.ch\\\/naturgefahren-besser-beurteilen\\\/\"]}]},{\"@type\":\"ImageObject\",\"inLanguage\":\"fr-FR\",\"@id\":\"https:\\\/\\\/news.save.ch\\\/naturgefahren-besser-beurteilen\\\/#primaryimage\",\"url\":\"https:\\\/\\\/news.save.ch\\\/wp-content\\\/uploads\\\/2016\\\/12\\\/Naturgefahren-besser-beurteilen-sicherheitsforum.jpg\",\"contentUrl\":\"https:\\\/\\\/news.save.ch\\\/wp-content\\\/uploads\\\/2016\\\/12\\\/Naturgefahren-besser-beurteilen-sicherheitsforum.jpg\",\"width\":985,\"height\":635,\"caption\":\"Wo nimmt der Steinschlag eher zu, wo ab? Quelle: Bafu-Studie\"},{\"@type\":\"BreadcrumbList\",\"@id\":\"https:\\\/\\\/news.save.ch\\\/naturgefahren-besser-beurteilen\\\/#breadcrumb\",\"itemListElement\":[{\"@type\":\"ListItem\",\"position\":1,\"name\":\"Home\",\"item\":\"https:\\\/\\\/news.save.ch\\\/de\\\/\"},{\"@type\":\"ListItem\",\"position\":2,\"name\":\"Naturgefahren besser beurteilen\"}]},{\"@type\":\"WebSite\",\"@id\":\"https:\\\/\\\/news.save.ch\\\/de\\\/#website\",\"url\":\"https:\\\/\\\/news.save.ch\\\/de\\\/\",\"name\":\"Save\",\"description\":\"Schweizer Fachzeitschrift f\u00fcr Sicherheit\",\"publisher\":{\"@id\":\"https:\\\/\\\/news.save.ch\\\/de\\\/#organization\"},\"potentialAction\":[{\"@type\":\"SearchAction\",\"target\":{\"@type\":\"EntryPoint\",\"urlTemplate\":\"https:\\\/\\\/news.save.ch\\\/de\\\/?s={search_term_string}\"},\"query-input\":{\"@type\":\"PropertyValueSpecification\",\"valueRequired\":true,\"valueName\":\"search_term_string\"}}],\"inLanguage\":\"fr-FR\"},{\"@type\":\"Organization\",\"@id\":\"https:\\\/\\\/news.save.ch\\\/de\\\/#organization\",\"name\":\"Sicherheitsforum\",\"url\":\"https:\\\/\\\/news.save.ch\\\/de\\\/\",\"logo\":{\"@type\":\"ImageObject\",\"inLanguage\":\"fr-FR\",\"@id\":\"https:\\\/\\\/news.save.ch\\\/de\\\/#\\\/schema\\\/logo\\\/image\\\/\",\"url\":\"https:\\\/\\\/news.save.ch\\\/wp-content\\\/uploads\\\/2022\\\/06\\\/Logo_SF_2012.png\",\"contentUrl\":\"https:\\\/\\\/news.save.ch\\\/wp-content\\\/uploads\\\/2022\\\/06\\\/Logo_SF_2012.png\",\"width\":1100,\"height\":91,\"caption\":\"Sicherheitsforum\"},\"image\":{\"@id\":\"https:\\\/\\\/news.save.ch\\\/de\\\/#\\\/schema\\\/logo\\\/image\\\/\"}},{\"@type\":\"Person\",\"@id\":\"https:\\\/\\\/news.save.ch\\\/de\\\/#\\\/schema\\\/person\\\/d49e199490bad7c70d64b9ab51142f2b\",\"name\":\"admin\",\"image\":{\"@type\":\"ImageObject\",\"inLanguage\":\"fr-FR\",\"@id\":\"https:\\\/\\\/secure.gravatar.com\\\/avatar\\\/ae2f4d718e6c49043e314ce431e7e645d646302a24a5ef5a8bc8e3f5a032e319?s=96&d=mm&r=g\",\"url\":\"https:\\\/\\\/secure.gravatar.com\\\/avatar\\\/ae2f4d718e6c49043e314ce431e7e645d646302a24a5ef5a8bc8e3f5a032e319?s=96&d=mm&r=g\",\"contentUrl\":\"https:\\\/\\\/secure.gravatar.com\\\/avatar\\\/ae2f4d718e6c49043e314ce431e7e645d646302a24a5ef5a8bc8e3f5a032e319?s=96&d=mm&r=g\",\"caption\":\"admin\"},\"sameAs\":[\"https:\\\/\\\/develop.organisator.galledia.ch\"],\"url\":\"https:\\\/\\\/news.save.ch\\\/fr\\\/author\\\/admin\\\/\"}]}<\/script>\n<!-- \/ Yoast SEO plugin. -->","yoast_head_json":{"title":"Mieux \u00e9valuer les risques naturels - Save","description":"Dans le contexte du changement climatique, l'Office f\u00e9d\u00e9ral de l'environnement a pr\u00e9sent\u00e9 l'\u00e9volution des processus de dangers naturels \u00e0 l'aide d'une nouvelle m\u00e9thode.","robots":{"index":"index","follow":"follow","max-snippet":"max-snippet:-1","max-image-preview":"max-image-preview:large","max-video-preview":"max-video-preview:-1"},"canonical":"https:\/\/news.save.ch\/fr\/naturgefahren-besser-beurteilen\/","og_locale":"fr_FR","og_type":"article","og_title":"Naturgefahren besser beurteilen","og_description":"Das Bundesamt f\u00fcr Umwelt hat vor dem Hintergrund des Klimawandels die Entwicklung der Naturgefahren-Prozesse mithilfe einer neuen Methode dargestellt. Damit k\u00f6nne die Ver\u00e4nderung von Gefahren in einer Region besser abgesch\u00e4tzt werden.","og_url":"https:\/\/news.save.ch\/fr\/naturgefahren-besser-beurteilen\/","og_site_name":"Save","article_published_time":"2015-10-06T11:45:02+00:00","article_modified_time":"2023-03-14T07:59:01+00:00","og_image":[{"url":"https:\/\/news.save.ch\/wp-content\/uploads\/2016\/12\/Naturgefahren-besser-beurteilen-sicherheitsforum.jpg","type":"","width":"","height":""}],"author":"admin","twitter_card":"summary_large_image","twitter_misc":{"\u00c9crit par":"admin","Dur\u00e9e de lecture estim\u00e9e":"1 minute"},"schema":{"@context":"https:\/\/schema.org","@graph":[{"@type":"Article","@id":"https:\/\/news.save.ch\/naturgefahren-besser-beurteilen\/#article","isPartOf":{"@id":"https:\/\/news.save.ch\/naturgefahren-besser-beurteilen\/"},"author":{"name":"admin","@id":"https:\/\/news.save.ch\/de\/#\/schema\/person\/d49e199490bad7c70d64b9ab51142f2b"},"headline":"Naturgefahren besser beurteilen","datePublished":"2015-10-06T11:45:02+00:00","dateModified":"2023-03-14T07:59:01+00:00","mainEntityOfPage":{"@id":"https:\/\/news.save.ch\/naturgefahren-besser-beurteilen\/"},"wordCount":301,"commentCount":0,"publisher":{"@id":"https:\/\/news.save.ch\/de\/#organization"},"image":{"@id":"https:\/\/news.save.ch\/naturgefahren-besser-beurteilen\/#primaryimage"},"thumbnailUrl":"https:\/\/news.save.ch\/wp-content\/uploads\/2016\/12\/Naturgefahren-besser-beurteilen-sicherheitsforum.jpg","keywords":["Naturgefahren"],"articleSection":["SICHERHEIT"],"inLanguage":"fr-FR"},{"@type":"WebPage","@id":"https:\/\/news.save.ch\/naturgefahren-besser-beurteilen\/","url":"https:\/\/news.save.ch\/naturgefahren-besser-beurteilen\/","name":"Mieux \u00e9valuer les risques naturels - Save","isPartOf":{"@id":"https:\/\/news.save.ch\/de\/#website"},"primaryImageOfPage":{"@id":"https:\/\/news.save.ch\/naturgefahren-besser-beurteilen\/#primaryimage"},"image":{"@id":"https:\/\/news.save.ch\/naturgefahren-besser-beurteilen\/#primaryimage"},"thumbnailUrl":"https:\/\/news.save.ch\/wp-content\/uploads\/2016\/12\/Naturgefahren-besser-beurteilen-sicherheitsforum.jpg","datePublished":"2015-10-06T11:45:02+00:00","dateModified":"2023-03-14T07:59:01+00:00","description":"Dans le contexte du changement climatique, l'Office f\u00e9d\u00e9ral de l'environnement a pr\u00e9sent\u00e9 l'\u00e9volution des processus de dangers naturels \u00e0 l'aide d'une nouvelle m\u00e9thode.","breadcrumb":{"@id":"https:\/\/news.save.ch\/naturgefahren-besser-beurteilen\/#breadcrumb"},"inLanguage":"fr-FR","potentialAction":[{"@type":"ReadAction","target":["https:\/\/news.save.ch\/naturgefahren-besser-beurteilen\/"]}]},{"@type":"ImageObject","inLanguage":"fr-FR","@id":"https:\/\/news.save.ch\/naturgefahren-besser-beurteilen\/#primaryimage","url":"https:\/\/news.save.ch\/wp-content\/uploads\/2016\/12\/Naturgefahren-besser-beurteilen-sicherheitsforum.jpg","contentUrl":"https:\/\/news.save.ch\/wp-content\/uploads\/2016\/12\/Naturgefahren-besser-beurteilen-sicherheitsforum.jpg","width":985,"height":635,"caption":"Wo nimmt der Steinschlag eher zu, wo ab? Quelle: Bafu-Studie"},{"@type":"BreadcrumbList","@id":"https:\/\/news.save.ch\/naturgefahren-besser-beurteilen\/#breadcrumb","itemListElement":[{"@type":"ListItem","position":1,"name":"Home","item":"https:\/\/news.save.ch\/de\/"},{"@type":"ListItem","position":2,"name":"Naturgefahren besser beurteilen"}]},{"@type":"WebSite","@id":"https:\/\/news.save.ch\/de\/#website","url":"https:\/\/news.save.ch\/de\/","name":"Save","description":"Revue suisse sp\u00e9cialis\u00e9e dans la s\u00e9curit\u00e9","publisher":{"@id":"https:\/\/news.save.ch\/de\/#organization"},"potentialAction":[{"@type":"SearchAction","target":{"@type":"EntryPoint","urlTemplate":"https:\/\/news.save.ch\/de\/?s={search_term_string}"},"query-input":{"@type":"PropertyValueSpecification","valueRequired":true,"valueName":"search_term_string"}}],"inLanguage":"fr-FR"},{"@type":"Organization","@id":"https:\/\/news.save.ch\/de\/#organization","name":"Forum sur la s\u00e9curit\u00e9","url":"https:\/\/news.save.ch\/de\/","logo":{"@type":"ImageObject","inLanguage":"fr-FR","@id":"https:\/\/news.save.ch\/de\/#\/schema\/logo\/image\/","url":"https:\/\/news.save.ch\/wp-content\/uploads\/2022\/06\/Logo_SF_2012.png","contentUrl":"https:\/\/news.save.ch\/wp-content\/uploads\/2022\/06\/Logo_SF_2012.png","width":1100,"height":91,"caption":"Sicherheitsforum"},"image":{"@id":"https:\/\/news.save.ch\/de\/#\/schema\/logo\/image\/"}},{"@type":"Person","@id":"https:\/\/news.save.ch\/de\/#\/schema\/person\/d49e199490bad7c70d64b9ab51142f2b","name":"admin","image":{"@type":"ImageObject","inLanguage":"fr-FR","@id":"https:\/\/secure.gravatar.com\/avatar\/ae2f4d718e6c49043e314ce431e7e645d646302a24a5ef5a8bc8e3f5a032e319?s=96&d=mm&r=g","url":"https:\/\/secure.gravatar.com\/avatar\/ae2f4d718e6c49043e314ce431e7e645d646302a24a5ef5a8bc8e3f5a032e319?s=96&d=mm&r=g","contentUrl":"https:\/\/secure.gravatar.com\/avatar\/ae2f4d718e6c49043e314ce431e7e645d646302a24a5ef5a8bc8e3f5a032e319?s=96&d=mm&r=g","caption":"admin"},"sameAs":["https:\/\/develop.organisator.galledia.ch"],"url":"https:\/\/news.save.ch\/fr\/author\/admin\/"}]}},"_links":{"self":[{"href":"https:\/\/news.save.ch\/fr\/wp-json\/wp\/v2\/posts\/1760","targetHints":{"allow":["GET"]}}],"collection":[{"href":"https:\/\/news.save.ch\/fr\/wp-json\/wp\/v2\/posts"}],"about":[{"href":"https:\/\/news.save.ch\/fr\/wp-json\/wp\/v2\/types\/post"}],"author":[{"embeddable":true,"href":"https:\/\/news.save.ch\/fr\/wp-json\/wp\/v2\/users\/1"}],"replies":[{"embeddable":true,"href":"https:\/\/news.save.ch\/fr\/wp-json\/wp\/v2\/comments?post=1760"}],"version-history":[{"count":1,"href":"https:\/\/news.save.ch\/fr\/wp-json\/wp\/v2\/posts\/1760\/revisions"}],"predecessor-version":[{"id":17884,"href":"https:\/\/news.save.ch\/fr\/wp-json\/wp\/v2\/posts\/1760\/revisions\/17884"}],"wp:featuredmedia":[{"embeddable":true,"href":"https:\/\/news.save.ch\/fr\/wp-json\/wp\/v2\/media\/1761"}],"wp:attachment":[{"href":"https:\/\/news.save.ch\/fr\/wp-json\/wp\/v2\/media?parent=1760"}],"wp:term":[{"taxonomy":"category","embeddable":true,"href":"https:\/\/news.save.ch\/fr\/wp-json\/wp\/v2\/categories?post=1760"},{"taxonomy":"post_tag","embeddable":true,"href":"https:\/\/news.save.ch\/fr\/wp-json\/wp\/v2\/tags?post=1760"}],"curies":[{"name":"wp","href":"https:\/\/api.w.org\/{rel}","templated":true}]}}