{"id":177,"date":"2015-04-30T15:42:20","date_gmt":"2015-04-30T13:42:20","guid":{"rendered":"https:\/\/dev.sicherheitsforum.ch\/?p=177"},"modified":"2015-04-30T15:42:20","modified_gmt":"2015-04-30T13:42:20","slug":"drittens-transaktionsstruktur-und-bewertung-von-dormakaba","status":null,"type":"post","link":"https:\/\/news.save.ch\/fr\/drittens-transaktionsstruktur-und-bewertung-von-dormakaba\/","title":{"rendered":"Troisi\u00e8mement, la structure de la transaction et l'\u00e9valuation de Dorma+Kaba"},"content":{"rendered":"<figure id=\"attachment_179\" aria-describedby=\"caption-attachment-179\" style=\"width: 667px\" class=\"wp-caption alignnone\"><img loading=\"lazy\" decoding=\"async\" class=\"size-medium wp-image-179\" src=\"https:\/\/sicherheitsforum.ch\/wp-content\/uploads\/2016\/12\/Drittens-Transaktionsstruktur-und-Bewertung-von-DormaKaba_sicherheitsforum.jpg\" alt=\"Christine Mankel, actionnaire de la famille Dorma\" width=\"667\" height=\"1000\" \/><figcaption id=\"caption-attachment-179\" class=\"wp-caption-text\">Christine Mankel, actionnaire de la famille Dorma<\/figcaption><\/figure>\n<figure id=\"attachment_183\" aria-describedby=\"caption-attachment-183\" style=\"width: 680px\" class=\"wp-caption alignnone\"><img loading=\"lazy\" decoding=\"async\" class=\"size-medium wp-image-183\" src=\"https:\/\/sicherheitsforum.ch\/wp-content\/uploads\/2016\/12\/Stephanie_Brecht_Bergen_sicherheitsforum.jpg\" alt=\"Christine Mankel, actionnaire de la famille Dorma\" width=\"680\" height=\"456\" \/><figcaption id=\"caption-attachment-183\" class=\"wp-caption-text\">Christine Mankel, actionnaire de la famille Dorma<\/figcaption><\/figure>\n<blockquote>\n<p>les rapports de participation :<\/p>\n<p>Kaba avec 52,5% et Dorma (famille Mankel\/Brecht-Bergen) avec 47,5%<\/p>\n<\/blockquote>\n<p>Apr\u00e8s l'approbation de la fusion par les actionnaires de Kaba - les <a href=\"https:\/\/hamster.ch\/magazine\/sicherheitsforum\/ausserordentliche-gv-von-kaba\" target=\"_blank\" data-cke-saved-href=\"https:\/\/hamster.ch\/magazine\/sicherheitsforum\/ausserordentliche-gv-von-kaba\" rel=\"noopener\">assembl\u00e9e g\u00e9n\u00e9rale extraordinaire<\/a> aura lieu le 22 mai - la famille Mankel\/Brecht-Bergen, propri\u00e9taire de Dorma, souscrit 380'000 actions nominatives d'une valeur nominale de 0,10 Fr. chacune \u00e0 partir du capital autoris\u00e9 de Kaba. Selon les indications, le prix s'\u00e9l\u00e8ve \u00e0 178,4 millions de francs, ce qui correspond au cours moyen pond\u00e9r\u00e9 du volume de l'action Kaba de 519,45 francs pendant les 90 derniers jours de n\u00e9goce (au 28 avril 2015 apr\u00e8s la cl\u00f4ture de la bourse) moins 50 francs par action en compensation de l'absence de droit des nouvelles actions \u00e0 recevoir le dividende sp\u00e9cial pr\u00e9vu. Apr\u00e8s cette augmentation de capital, la famille Mankel\/Brecht-Bergen d\u00e9tient 9,1% et les actionnaires familiaux existants de Kaba 18,2% de Kaba Holding.<\/p>\n<p>Lors de la r\u00e9alisation de la fusion, Kaba Holding apportera ses activit\u00e9s op\u00e9rationnelles \u00e0 l'actuelle Dorma Holding, dans laquelle les activit\u00e9s op\u00e9rationnelles seront regroup\u00e9es, et obtiendra une participation de contr\u00f4le de 52,5%. La famille Mankel\/Brecht-Bergen d\u00e9tiendra en cons\u00e9quence 47,5% de l'actuelle Dorma Holding ou des activit\u00e9s combin\u00e9es.<\/p>\n<p>La holding dorma+kaba, qui sera un jour cot\u00e9e \u00e0 la Bourse suisse, assurera la direction strat\u00e9gique, op\u00e9rationnelle et financi\u00e8re du nouveau groupe et consolidera enti\u00e8rement les activit\u00e9s combin\u00e9es.<\/p>\n<p><strong>Quelle est l'\u00e9valuation ?<\/strong><\/p>\n<p>Selon les informations fournies, Dorma et Kaba pr\u00e9sentent initialement des valorisations \u00e9quivalentes. En raison de la structure de transaction convenue, Dorma sera int\u00e9gr\u00e9e dans l'entreprise commune \u00e0 un multiple VE\/Ebitda de 10,1 et Kaba de 12,2. En tenant compte des liquidit\u00e9s restantes chez Kaba Holding d'environ 190 millions de francs, il en r\u00e9sulte des rapports de participation aux activit\u00e9s combin\u00e9es de 52,5% de Kaba et de 47,5% de la famille Mankel\/Brecht-Bergen. Une expertise ind\u00e9pendante de N+1 Swiss Capital \u00e0 l'attention du conseil d'administration de Kaba Holding confirme que les rapports de propri\u00e9t\u00e9 envisag\u00e9s sont justes et \u00e9quilibr\u00e9s d'un point de vue financier, comme il est indiqu\u00e9.<\/p>\n<p>En \u00e9change de la cession de la majorit\u00e9 de leur activit\u00e9, la famille Mankel\/Brecht-Bergen obtient le droit, en cas de changement de contr\u00f4le de dorma+kaba Holding, de racheter des parts de l'actuelle Dorma Holding \u00e0 la valeur du march\u00e9 afin de r\u00e9cup\u00e9rer sa majorit\u00e9. En cas de changement de contr\u00f4le imminent, les actionnaires de dorma+kaba Holding peuvent supprimer ce droit \u00e0 la majorit\u00e9 des trois quarts jusqu'\u00e0 fin 2018 et \u00e0 la majorit\u00e9 simple \u00e0 partir de 2019.<\/p>\n<p><strong>Un solide groupe d'actionnaires de r\u00e9f\u00e9rence<\/strong><\/p>\n<p>Les actionnaires familiaux de Dorma et Kaba, qui d\u00e9tiennent ensemble 27,3% de la nouvelle holding dorma+kaba apr\u00e8s approbation, formeront un puissant groupe d'actionnaires d'ancrage et ont sign\u00e9 un contrat de pool \u00e0 long terme, comme le souligne le duo. Les deux partenaires se sont notamment octroy\u00e9 des droits de pr\u00e9emption r\u00e9ciproques et s'engagent en outre \u00e0 ne vendre un paquet d'actions de 27% ou plus \u00e0 un tiers que si ce dernier pr\u00e9sente une offre publique d'achat au m\u00eame prix par action \u00e0 tous les actionnaires.<\/p>\n<p>Christine Mankel et Stephanie Brecht-Bergen (n\u00e9e Mankel), associ\u00e9es de Dorma : \"Nous assumons notre obligation d'entrepreneurs familiaux et voulons accompagner le nouveau groupe en tant qu'actionnaires d'ancrage orient\u00e9s vers le long terme. En souscrivant de nouvelles actions de Kaba, nous augmentons en m\u00eame temps notre engagement entrepreneurial\".<\/p>","protected":false},"excerpt":{"rendered":"<p>Beteiligungsverh\u00e4ltnisse: Kaba mit 52,5% und Dorma (Familie Mankel\/Brecht-Bergen) mit 47,5% Nach Genehmigung des Zusammenschlusses durch die Kaba-Aktion\u00e4re \u2013 die ausserordentliche Generalversammlung findet am 22. Mai statt \u2013 zeichnet die Eigent\u00fcmer\u00adfami\u00adlie von Dorma, die Familie Mankel\/Brecht-Bergen, 380\u2018000 Namen\u00adaktien im Nenn\u00adwert von je 0,10 Fr. aus dem ge\u00adnehmigten Kapital von Kaba. Der Preis be\u00adtr\u00e4gt gem\u00e4ss Angaben 178,4 [&hellip;]<\/p>\n","protected":false},"author":1,"featured_media":179,"comment_status":"open","ping_status":"open","sticky":false,"template":"","format":"standard","meta":{"_acf_changed":false,"pgc_sgb_lightbox_settings":"","footnotes":""},"categories":[1],"tags":[131,132,139,133,44],"class_list":["post-177","post","type-post","status-publish","format-standard","has-post-thumbnail","hentry","category-allgemein","tag-dorma","tag-finanzierung","tag-fusion","tag-kaba","tag-kooperation"],"acf":[],"hkrextid":null,"publication":null,"issue":null,"workflow":null,"startPage":null,"spitzmarke":null,"_posts_by_tag_page_fields":{"widget_title":"","widget_tags":""},"_at_widget":"1","_yoast_wpseo_primary_category":"","_yoast_wpseo_focuskw_text_input":"Dorma+Kaba","_yoast_wpseo_opengraph-image":"https:\/\/sicherheitsforum.ch\/wp-content\/uploads\/2016\/12\/Drittens-Transaktionsstruktur-und-Bewertung-von-DormaKaba_sicherheitsforum.jpg","_yoast_wpseo_opengraph-description":"Wie sieht die neue Holding Dorma und Kabe aus? Wer bringt was ein und wie sehen die neuen Beteiligungsverh\u00e4ltnisse aus?","_yoast_wpseo_opengraph-title":"Drittens: Transaktionsstruktur und Bewertung von Dorma+Kaba","enclosure":null,"_yoast_wpseo_twitter-title":null,"_yoast_wpseo_twitter-description":null,"_yoast_wpseo_twitter-image":null,"_wp_old_slug":null,"_yoast_wpseo_title":null,"_yoast_wpseo_canonical":null,"yoast_head":"<!-- This site is optimized with the Yoast SEO plugin v27.4 - https:\/\/yoast.com\/product\/yoast-seo-wordpress\/ -->\n<title>Drittens: Transaktionsstruktur und Bewertung von Dorma+Kaba - Save<\/title>\n<meta name=\"description\" content=\"Wie sieht die neue Holding Dorma und Kabe aus? Wer bringt was ein und wie sehen die neuen Beteiligungsverh\u00e4ltnisse aus?\" \/>\n<meta name=\"robots\" content=\"index, follow, max-snippet:-1, max-image-preview:large, max-video-preview:-1\" \/>\n<link rel=\"canonical\" href=\"https:\/\/news.save.ch\/fr\/drittens-transaktionsstruktur-und-bewertung-von-dormakaba\/\" \/>\n<meta property=\"og:locale\" content=\"fr_FR\" \/>\n<meta property=\"og:type\" content=\"article\" \/>\n<meta property=\"og:title\" content=\"Drittens: Transaktionsstruktur und Bewertung von Dorma+Kaba\" \/>\n<meta property=\"og:description\" content=\"Wie sieht die neue Holding Dorma und Kabe aus? Wer bringt was ein und wie sehen die neuen Beteiligungsverh\u00e4ltnisse aus?\" \/>\n<meta property=\"og:url\" content=\"https:\/\/news.save.ch\/fr\/drittens-transaktionsstruktur-und-bewertung-von-dormakaba\/\" \/>\n<meta property=\"og:site_name\" content=\"Save\" \/>\n<meta property=\"article:published_time\" content=\"2015-04-30T13:42:20+00:00\" \/>\n<meta property=\"og:image\" content=\"https:\/\/sicherheitsforum.ch\/wp-content\/uploads\/2016\/12\/Drittens-Transaktionsstruktur-und-Bewertung-von-DormaKaba_sicherheitsforum.jpg\" \/>\n<meta name=\"author\" content=\"admin\" \/>\n<meta name=\"twitter:card\" content=\"summary_large_image\" \/>\n<meta name=\"twitter:label1\" content=\"\u00c9crit par\" \/>\n\t<meta name=\"twitter:data1\" content=\"admin\" \/>\n\t<meta name=\"twitter:label2\" content=\"Dur\u00e9e de lecture estim\u00e9e\" \/>\n\t<meta name=\"twitter:data2\" content=\"3 minutes\" \/>\n<script type=\"application\/ld+json\" class=\"yoast-schema-graph\">{\"@context\":\"https:\\\/\\\/schema.org\",\"@graph\":[{\"@type\":\"Article\",\"@id\":\"https:\\\/\\\/news.save.ch\\\/drittens-transaktionsstruktur-und-bewertung-von-dormakaba\\\/#article\",\"isPartOf\":{\"@id\":\"https:\\\/\\\/news.save.ch\\\/drittens-transaktionsstruktur-und-bewertung-von-dormakaba\\\/\"},\"author\":{\"name\":\"admin\",\"@id\":\"https:\\\/\\\/news.save.ch\\\/de\\\/#\\\/schema\\\/person\\\/d49e199490bad7c70d64b9ab51142f2b\"},\"headline\":\"Drittens: Transaktionsstruktur und Bewertung von Dorma+Kaba\",\"datePublished\":\"2015-04-30T13:42:20+00:00\",\"mainEntityOfPage\":{\"@id\":\"https:\\\/\\\/news.save.ch\\\/drittens-transaktionsstruktur-und-bewertung-von-dormakaba\\\/\"},\"wordCount\":623,\"commentCount\":0,\"publisher\":{\"@id\":\"https:\\\/\\\/news.save.ch\\\/de\\\/#organization\"},\"image\":{\"@id\":\"https:\\\/\\\/news.save.ch\\\/drittens-transaktionsstruktur-und-bewertung-von-dormakaba\\\/#primaryimage\"},\"thumbnailUrl\":\"https:\\\/\\\/news.save.ch\\\/wp-content\\\/uploads\\\/2016\\\/12\\\/Drittens-Transaktionsstruktur-und-Bewertung-von-DormaKaba_sicherheitsforum-scaled-1-scaled.jpg\",\"keywords\":[\"Dorma\",\"Finanzierung\",\"Fusion\",\"Kaba\",\"Kooperation\"],\"articleSection\":[\"ALLGEMEIN\"],\"inLanguage\":\"fr-FR\"},{\"@type\":\"WebPage\",\"@id\":\"https:\\\/\\\/news.save.ch\\\/drittens-transaktionsstruktur-und-bewertung-von-dormakaba\\\/\",\"url\":\"https:\\\/\\\/news.save.ch\\\/drittens-transaktionsstruktur-und-bewertung-von-dormakaba\\\/\",\"name\":\"Drittens: Transaktionsstruktur und Bewertung von Dorma+Kaba - Save\",\"isPartOf\":{\"@id\":\"https:\\\/\\\/news.save.ch\\\/de\\\/#website\"},\"primaryImageOfPage\":{\"@id\":\"https:\\\/\\\/news.save.ch\\\/drittens-transaktionsstruktur-und-bewertung-von-dormakaba\\\/#primaryimage\"},\"image\":{\"@id\":\"https:\\\/\\\/news.save.ch\\\/drittens-transaktionsstruktur-und-bewertung-von-dormakaba\\\/#primaryimage\"},\"thumbnailUrl\":\"https:\\\/\\\/news.save.ch\\\/wp-content\\\/uploads\\\/2016\\\/12\\\/Drittens-Transaktionsstruktur-und-Bewertung-von-DormaKaba_sicherheitsforum-scaled-1-scaled.jpg\",\"datePublished\":\"2015-04-30T13:42:20+00:00\",\"description\":\"Wie sieht die neue Holding Dorma und Kabe aus? Wer bringt was ein und wie sehen die neuen Beteiligungsverh\u00e4ltnisse aus?\",\"breadcrumb\":{\"@id\":\"https:\\\/\\\/news.save.ch\\\/drittens-transaktionsstruktur-und-bewertung-von-dormakaba\\\/#breadcrumb\"},\"inLanguage\":\"fr-FR\",\"potentialAction\":[{\"@type\":\"ReadAction\",\"target\":[\"https:\\\/\\\/news.save.ch\\\/drittens-transaktionsstruktur-und-bewertung-von-dormakaba\\\/\"]}]},{\"@type\":\"ImageObject\",\"inLanguage\":\"fr-FR\",\"@id\":\"https:\\\/\\\/news.save.ch\\\/drittens-transaktionsstruktur-und-bewertung-von-dormakaba\\\/#primaryimage\",\"url\":\"https:\\\/\\\/news.save.ch\\\/wp-content\\\/uploads\\\/2016\\\/12\\\/Drittens-Transaktionsstruktur-und-Bewertung-von-DormaKaba_sicherheitsforum-scaled-1-scaled.jpg\",\"contentUrl\":\"https:\\\/\\\/news.save.ch\\\/wp-content\\\/uploads\\\/2016\\\/12\\\/Drittens-Transaktionsstruktur-und-Bewertung-von-DormaKaba_sicherheitsforum-scaled-1-scaled.jpg\",\"width\":934,\"height\":1400,\"caption\":\"Christine Mankel, Dorma-Familienaktion\u00e4rin\"},{\"@type\":\"BreadcrumbList\",\"@id\":\"https:\\\/\\\/news.save.ch\\\/drittens-transaktionsstruktur-und-bewertung-von-dormakaba\\\/#breadcrumb\",\"itemListElement\":[{\"@type\":\"ListItem\",\"position\":1,\"name\":\"Home\",\"item\":\"https:\\\/\\\/news.save.ch\\\/de\\\/\"},{\"@type\":\"ListItem\",\"position\":2,\"name\":\"Drittens: Transaktionsstruktur und Bewertung von Dorma+Kaba\"}]},{\"@type\":\"WebSite\",\"@id\":\"https:\\\/\\\/news.save.ch\\\/de\\\/#website\",\"url\":\"https:\\\/\\\/news.save.ch\\\/de\\\/\",\"name\":\"Save\",\"description\":\"Schweizer Fachzeitschrift f\u00fcr Sicherheit\",\"publisher\":{\"@id\":\"https:\\\/\\\/news.save.ch\\\/de\\\/#organization\"},\"potentialAction\":[{\"@type\":\"SearchAction\",\"target\":{\"@type\":\"EntryPoint\",\"urlTemplate\":\"https:\\\/\\\/news.save.ch\\\/de\\\/?s={search_term_string}\"},\"query-input\":{\"@type\":\"PropertyValueSpecification\",\"valueRequired\":true,\"valueName\":\"search_term_string\"}}],\"inLanguage\":\"fr-FR\"},{\"@type\":\"Organization\",\"@id\":\"https:\\\/\\\/news.save.ch\\\/de\\\/#organization\",\"name\":\"Sicherheitsforum\",\"url\":\"https:\\\/\\\/news.save.ch\\\/de\\\/\",\"logo\":{\"@type\":\"ImageObject\",\"inLanguage\":\"fr-FR\",\"@id\":\"https:\\\/\\\/news.save.ch\\\/de\\\/#\\\/schema\\\/logo\\\/image\\\/\",\"url\":\"https:\\\/\\\/news.save.ch\\\/wp-content\\\/uploads\\\/2022\\\/06\\\/Logo_SF_2012.png\",\"contentUrl\":\"https:\\\/\\\/news.save.ch\\\/wp-content\\\/uploads\\\/2022\\\/06\\\/Logo_SF_2012.png\",\"width\":1100,\"height\":91,\"caption\":\"Sicherheitsforum\"},\"image\":{\"@id\":\"https:\\\/\\\/news.save.ch\\\/de\\\/#\\\/schema\\\/logo\\\/image\\\/\"}},{\"@type\":\"Person\",\"@id\":\"https:\\\/\\\/news.save.ch\\\/de\\\/#\\\/schema\\\/person\\\/d49e199490bad7c70d64b9ab51142f2b\",\"name\":\"admin\",\"image\":{\"@type\":\"ImageObject\",\"inLanguage\":\"fr-FR\",\"@id\":\"https:\\\/\\\/secure.gravatar.com\\\/avatar\\\/ae2f4d718e6c49043e314ce431e7e645d646302a24a5ef5a8bc8e3f5a032e319?s=96&d=mm&r=g\",\"url\":\"https:\\\/\\\/secure.gravatar.com\\\/avatar\\\/ae2f4d718e6c49043e314ce431e7e645d646302a24a5ef5a8bc8e3f5a032e319?s=96&d=mm&r=g\",\"contentUrl\":\"https:\\\/\\\/secure.gravatar.com\\\/avatar\\\/ae2f4d718e6c49043e314ce431e7e645d646302a24a5ef5a8bc8e3f5a032e319?s=96&d=mm&r=g\",\"caption\":\"admin\"},\"sameAs\":[\"https:\\\/\\\/develop.organisator.galledia.ch\"],\"url\":\"https:\\\/\\\/news.save.ch\\\/fr\\\/author\\\/admin\\\/\"}]}<\/script>\n<!-- \/ Yoast SEO plugin. -->","yoast_head_json":{"title":"Troisi\u00e8mement : structure de la transaction et \u00e9valuation de Dorma+Kaba - Save","description":"\u00c0 quoi ressemble la nouvelle holding Dorma et Kabe ? Qui apporte quoi et comment se pr\u00e9sentent les nouveaux rapports de participation ?","robots":{"index":"index","follow":"follow","max-snippet":"max-snippet:-1","max-image-preview":"max-image-preview:large","max-video-preview":"max-video-preview:-1"},"canonical":"https:\/\/news.save.ch\/fr\/drittens-transaktionsstruktur-und-bewertung-von-dormakaba\/","og_locale":"fr_FR","og_type":"article","og_title":"Drittens: Transaktionsstruktur und Bewertung von Dorma+Kaba","og_description":"Wie sieht die neue Holding Dorma und Kabe aus? Wer bringt was ein und wie sehen die neuen Beteiligungsverh\u00e4ltnisse aus?","og_url":"https:\/\/news.save.ch\/fr\/drittens-transaktionsstruktur-und-bewertung-von-dormakaba\/","og_site_name":"Save","article_published_time":"2015-04-30T13:42:20+00:00","og_image":[{"url":"https:\/\/sicherheitsforum.ch\/wp-content\/uploads\/2016\/12\/Drittens-Transaktionsstruktur-und-Bewertung-von-DormaKaba_sicherheitsforum.jpg","type":"","width":"","height":""}],"author":"admin","twitter_card":"summary_large_image","twitter_misc":{"\u00c9crit par":"admin","Dur\u00e9e de lecture estim\u00e9e":"3 minutes"},"schema":{"@context":"https:\/\/schema.org","@graph":[{"@type":"Article","@id":"https:\/\/news.save.ch\/drittens-transaktionsstruktur-und-bewertung-von-dormakaba\/#article","isPartOf":{"@id":"https:\/\/news.save.ch\/drittens-transaktionsstruktur-und-bewertung-von-dormakaba\/"},"author":{"name":"admin","@id":"https:\/\/news.save.ch\/de\/#\/schema\/person\/d49e199490bad7c70d64b9ab51142f2b"},"headline":"Drittens: Transaktionsstruktur und Bewertung von Dorma+Kaba","datePublished":"2015-04-30T13:42:20+00:00","mainEntityOfPage":{"@id":"https:\/\/news.save.ch\/drittens-transaktionsstruktur-und-bewertung-von-dormakaba\/"},"wordCount":623,"commentCount":0,"publisher":{"@id":"https:\/\/news.save.ch\/de\/#organization"},"image":{"@id":"https:\/\/news.save.ch\/drittens-transaktionsstruktur-und-bewertung-von-dormakaba\/#primaryimage"},"thumbnailUrl":"https:\/\/news.save.ch\/wp-content\/uploads\/2016\/12\/Drittens-Transaktionsstruktur-und-Bewertung-von-DormaKaba_sicherheitsforum-scaled-1-scaled.jpg","keywords":["Dorma","Finanzierung","Fusion","Kaba","Kooperation"],"articleSection":["ALLGEMEIN"],"inLanguage":"fr-FR"},{"@type":"WebPage","@id":"https:\/\/news.save.ch\/drittens-transaktionsstruktur-und-bewertung-von-dormakaba\/","url":"https:\/\/news.save.ch\/drittens-transaktionsstruktur-und-bewertung-von-dormakaba\/","name":"Troisi\u00e8mement : structure de la transaction et \u00e9valuation de Dorma+Kaba - Save","isPartOf":{"@id":"https:\/\/news.save.ch\/de\/#website"},"primaryImageOfPage":{"@id":"https:\/\/news.save.ch\/drittens-transaktionsstruktur-und-bewertung-von-dormakaba\/#primaryimage"},"image":{"@id":"https:\/\/news.save.ch\/drittens-transaktionsstruktur-und-bewertung-von-dormakaba\/#primaryimage"},"thumbnailUrl":"https:\/\/news.save.ch\/wp-content\/uploads\/2016\/12\/Drittens-Transaktionsstruktur-und-Bewertung-von-DormaKaba_sicherheitsforum-scaled-1-scaled.jpg","datePublished":"2015-04-30T13:42:20+00:00","description":"\u00c0 quoi ressemble la nouvelle holding Dorma et Kabe ? Qui apporte quoi et comment se pr\u00e9sentent les nouveaux rapports de participation ?","breadcrumb":{"@id":"https:\/\/news.save.ch\/drittens-transaktionsstruktur-und-bewertung-von-dormakaba\/#breadcrumb"},"inLanguage":"fr-FR","potentialAction":[{"@type":"ReadAction","target":["https:\/\/news.save.ch\/drittens-transaktionsstruktur-und-bewertung-von-dormakaba\/"]}]},{"@type":"ImageObject","inLanguage":"fr-FR","@id":"https:\/\/news.save.ch\/drittens-transaktionsstruktur-und-bewertung-von-dormakaba\/#primaryimage","url":"https:\/\/news.save.ch\/wp-content\/uploads\/2016\/12\/Drittens-Transaktionsstruktur-und-Bewertung-von-DormaKaba_sicherheitsforum-scaled-1-scaled.jpg","contentUrl":"https:\/\/news.save.ch\/wp-content\/uploads\/2016\/12\/Drittens-Transaktionsstruktur-und-Bewertung-von-DormaKaba_sicherheitsforum-scaled-1-scaled.jpg","width":934,"height":1400,"caption":"Christine Mankel, Dorma-Familienaktion\u00e4rin"},{"@type":"BreadcrumbList","@id":"https:\/\/news.save.ch\/drittens-transaktionsstruktur-und-bewertung-von-dormakaba\/#breadcrumb","itemListElement":[{"@type":"ListItem","position":1,"name":"Home","item":"https:\/\/news.save.ch\/de\/"},{"@type":"ListItem","position":2,"name":"Drittens: Transaktionsstruktur und Bewertung von Dorma+Kaba"}]},{"@type":"WebSite","@id":"https:\/\/news.save.ch\/de\/#website","url":"https:\/\/news.save.ch\/de\/","name":"Save","description":"Revue suisse sp\u00e9cialis\u00e9e dans la s\u00e9curit\u00e9","publisher":{"@id":"https:\/\/news.save.ch\/de\/#organization"},"potentialAction":[{"@type":"SearchAction","target":{"@type":"EntryPoint","urlTemplate":"https:\/\/news.save.ch\/de\/?s={search_term_string}"},"query-input":{"@type":"PropertyValueSpecification","valueRequired":true,"valueName":"search_term_string"}}],"inLanguage":"fr-FR"},{"@type":"Organization","@id":"https:\/\/news.save.ch\/de\/#organization","name":"Forum sur la s\u00e9curit\u00e9","url":"https:\/\/news.save.ch\/de\/","logo":{"@type":"ImageObject","inLanguage":"fr-FR","@id":"https:\/\/news.save.ch\/de\/#\/schema\/logo\/image\/","url":"https:\/\/news.save.ch\/wp-content\/uploads\/2022\/06\/Logo_SF_2012.png","contentUrl":"https:\/\/news.save.ch\/wp-content\/uploads\/2022\/06\/Logo_SF_2012.png","width":1100,"height":91,"caption":"Sicherheitsforum"},"image":{"@id":"https:\/\/news.save.ch\/de\/#\/schema\/logo\/image\/"}},{"@type":"Person","@id":"https:\/\/news.save.ch\/de\/#\/schema\/person\/d49e199490bad7c70d64b9ab51142f2b","name":"admin","image":{"@type":"ImageObject","inLanguage":"fr-FR","@id":"https:\/\/secure.gravatar.com\/avatar\/ae2f4d718e6c49043e314ce431e7e645d646302a24a5ef5a8bc8e3f5a032e319?s=96&d=mm&r=g","url":"https:\/\/secure.gravatar.com\/avatar\/ae2f4d718e6c49043e314ce431e7e645d646302a24a5ef5a8bc8e3f5a032e319?s=96&d=mm&r=g","contentUrl":"https:\/\/secure.gravatar.com\/avatar\/ae2f4d718e6c49043e314ce431e7e645d646302a24a5ef5a8bc8e3f5a032e319?s=96&d=mm&r=g","caption":"admin"},"sameAs":["https:\/\/develop.organisator.galledia.ch"],"url":"https:\/\/news.save.ch\/fr\/author\/admin\/"}]}},"_links":{"self":[{"href":"https:\/\/news.save.ch\/fr\/wp-json\/wp\/v2\/posts\/177","targetHints":{"allow":["GET"]}}],"collection":[{"href":"https:\/\/news.save.ch\/fr\/wp-json\/wp\/v2\/posts"}],"about":[{"href":"https:\/\/news.save.ch\/fr\/wp-json\/wp\/v2\/types\/post"}],"author":[{"embeddable":true,"href":"https:\/\/news.save.ch\/fr\/wp-json\/wp\/v2\/users\/1"}],"replies":[{"embeddable":true,"href":"https:\/\/news.save.ch\/fr\/wp-json\/wp\/v2\/comments?post=177"}],"version-history":[{"count":0,"href":"https:\/\/news.save.ch\/fr\/wp-json\/wp\/v2\/posts\/177\/revisions"}],"wp:featuredmedia":[{"embeddable":true,"href":"https:\/\/news.save.ch\/fr\/wp-json\/wp\/v2\/media\/179"}],"wp:attachment":[{"href":"https:\/\/news.save.ch\/fr\/wp-json\/wp\/v2\/media?parent=177"}],"wp:term":[{"taxonomy":"category","embeddable":true,"href":"https:\/\/news.save.ch\/fr\/wp-json\/wp\/v2\/categories?post=177"},{"taxonomy":"post_tag","embeddable":true,"href":"https:\/\/news.save.ch\/fr\/wp-json\/wp\/v2\/tags?post=177"}],"curies":[{"name":"wp","href":"https:\/\/api.w.org\/{rel}","templated":true}]}}