{"id":1803,"date":"2015-05-13T16:56:25","date_gmt":"2015-05-13T14:56:25","guid":{"rendered":"https:\/\/dev.sicherheitsforum.ch\/?p=1803"},"modified":"2015-05-13T16:56:25","modified_gmt":"2015-05-13T14:56:25","slug":"tyco-schlankheitskur-fuer-niederlassung-in-romandie","status":null,"type":"post","link":"https:\/\/news.save.ch\/fr\/tyco-schlankheitskur-fuer-niederlassung-in-romandie\/","title":{"rendered":"Tyco : cure d'amaigrissement pour la succursale de Suisse romande"},"content":{"rendered":"<figure id=\"attachment_1814\" aria-describedby=\"caption-attachment-1814\" style=\"width: 680px\" class=\"wp-caption alignnone\"><img loading=\"lazy\" decoding=\"async\" class=\"size-medium wp-image-1814\" src=\"https:\/\/sicherheitsforum.ch\/wp-content\/uploads\/2016\/12\/5553670915223_Depositphotos_6463690_m_Sicherheitsforum.jpg\" alt=\"\" width=\"680\" height=\"493\" \/><figcaption id=\"caption-attachment-1814\" class=\"wp-caption-text\">La gamme de prestations en Suisse romande comprendra encore des installations de d\u00e9tection d'incendie, de contr\u00f4le d'acc\u00e8s, d'\u00e9clairage de s\u00e9curit\u00e9 et d'alarme anti-intrusion.<\/figcaption><\/figure>\n<p><a href=\"https:\/\/www.tyco.ch\" target=\"_blank\" data-cke-saved-href=\"https:\/\/www.tyco.ch\" rel=\"noopener\">Tyco<\/a> Suisse pr\u00e9voit de se red\u00e9ployer en Suisse romande. Le fournisseur de syst\u00e8mes de s\u00e9curit\u00e9 et de protection contre l'incendie va progressivement transformer sa succursale de Pr\u00e9verenges en un centre de services \u00e0 partir de l'\u00e9t\u00e9 2015, comme l'a indiqu\u00e9 l'entreprise. L'entreprise concentre ainsi son portefeuille de prestations et de services en Suisse romande sur les installations de d\u00e9tection d'incendie (BMA), le contr\u00f4le d'acc\u00e8s (ZuKo), l'\u00e9clairage de s\u00e9curit\u00e9 (ELS) et les installations de d\u00e9tection d'intrusion (EMA). Les demandes d'offres pour de nouvelles installations de d\u00e9tection d'incendie et de contr\u00f4le d'acc\u00e8s seront \u00e9galement trait\u00e9es par le nouveau centre de service de Pr\u00e9verenges, pr\u00e9cise le communiqu\u00e9. Les t\u00e2ches administratives seront trait\u00e9es de mani\u00e8re centralis\u00e9e depuis le si\u00e8ge de Tyco.<\/p>\n<p>La r\u00e9organisation en Suisse romande et l'all\u00e8gement de l'organisation qui en d\u00e9coule permettent d'agir de mani\u00e8re plus efficace et plus adapt\u00e9e aux besoins gr\u00e2ce \u00e0 des processus centralis\u00e9s, explique-t-on.<\/p>","protected":false},"excerpt":{"rendered":"<p>Tyco Schweiz plant eine Neuaufstellung in der Romandie. Der Anbieter von Sicherheits- und Brandschutzsysteme wird ab Sommer 2015 die Niederlassung in Pr\u00e9verenges schrittweise in ein Service Center umwandeln, wie das Unternehmen mitgeteilt hat.\u00a0Damit konzentriert das Unternehmen das Leistungs- und Serviceportfolio in der Romandie auf Brandmeldeanlagen (BMA), Zutrittskontrolle (ZuKo), Sicherheitsbeleuchtung (ELS) und Einbruchmeldeanlagen (EMA). Offert-Anfragen zu [&hellip;]<\/p>\n","protected":false},"author":1,"featured_media":1814,"comment_status":"open","ping_status":"open","sticky":false,"template":"","format":"standard","meta":{"_acf_changed":false,"pgc_sgb_lightbox_settings":"","footnotes":""},"categories":[1],"tags":[199,200],"class_list":["post-1803","post","type-post","status-publish","format-standard","has-post-thumbnail","hentry","category-allgemein","tag-preverenges","tag-tyco-integrated-fire-security-schweiz-ag"],"acf":[],"hkrextid":null,"publication":null,"issue":null,"workflow":null,"startPage":null,"spitzmarke":null,"_posts_by_tag_page_fields":{"widget_title":"","widget_tags":""},"_at_widget":"1","_yoast_wpseo_primary_category":"","_yoast_wpseo_focuskw_text_input":"Schlankheitskur","_yoast_wpseo_opengraph-image":"https:\/\/news.save.ch\/wp-content\/uploads\/2016\/12\/5553670915223_Depositphotos_6463690_m_Sicherheitsforum.jpg","_yoast_wpseo_opengraph-description":"Tyco Integrated Fire & Security (Schweiz) AG wandelt die Niederlassung in Pr\u00e9verenges in ein Servicecenter um.","_yoast_wpseo_opengraph-title":"Schlankheitskur","enclosure":null,"_yoast_wpseo_twitter-title":null,"_yoast_wpseo_twitter-description":null,"_yoast_wpseo_twitter-image":null,"_wp_old_slug":null,"_yoast_wpseo_title":null,"_yoast_wpseo_canonical":null,"yoast_head":"<!-- This site is optimized with the Yoast SEO plugin v27.4 - https:\/\/yoast.com\/product\/yoast-seo-wordpress\/ -->\n<title>Tyco: Schlankheitskur f\u00fcr Niederlassung in Romandie - Save<\/title>\n<meta name=\"description\" content=\"Schlankheitskur: Tyco Integrated Fire &amp; Security (Schweiz) AG wandelt die Niederlassung in Pr\u00e9verenges in ein Servicecenter um.\" \/>\n<meta name=\"robots\" content=\"index, follow, max-snippet:-1, max-image-preview:large, max-video-preview:-1\" \/>\n<link rel=\"canonical\" href=\"https:\/\/news.save.ch\/fr\/tyco-schlankheitskur-fuer-niederlassung-in-romandie\/\" \/>\n<meta property=\"og:locale\" content=\"fr_FR\" \/>\n<meta property=\"og:type\" content=\"article\" \/>\n<meta property=\"og:title\" content=\"Schlankheitskur\" \/>\n<meta property=\"og:description\" content=\"Tyco Integrated Fire &amp; Security (Schweiz) AG wandelt die Niederlassung in Pr\u00e9verenges in ein Servicecenter um.\" \/>\n<meta property=\"og:url\" content=\"https:\/\/news.save.ch\/fr\/tyco-schlankheitskur-fuer-niederlassung-in-romandie\/\" \/>\n<meta property=\"og:site_name\" content=\"Save\" \/>\n<meta property=\"article:published_time\" content=\"2015-05-13T14:56:25+00:00\" \/>\n<meta property=\"og:image\" content=\"https:\/\/news.save.ch\/wp-content\/uploads\/2016\/12\/5553670915223_Depositphotos_6463690_m_Sicherheitsforum.jpg\" \/>\n<meta name=\"author\" content=\"admin\" \/>\n<meta name=\"twitter:card\" content=\"summary_large_image\" \/>\n<meta name=\"twitter:label1\" content=\"\u00c9crit par\" \/>\n\t<meta name=\"twitter:data1\" content=\"admin\" \/>\n\t<meta name=\"twitter:label2\" content=\"Dur\u00e9e de lecture estim\u00e9e\" \/>\n\t<meta name=\"twitter:data2\" content=\"1 minute\" \/>\n<script type=\"application\/ld+json\" class=\"yoast-schema-graph\">{\"@context\":\"https:\\\/\\\/schema.org\",\"@graph\":[{\"@type\":\"Article\",\"@id\":\"https:\\\/\\\/news.save.ch\\\/tyco-schlankheitskur-fuer-niederlassung-in-romandie\\\/#article\",\"isPartOf\":{\"@id\":\"https:\\\/\\\/news.save.ch\\\/tyco-schlankheitskur-fuer-niederlassung-in-romandie\\\/\"},\"author\":{\"name\":\"admin\",\"@id\":\"https:\\\/\\\/news.save.ch\\\/de\\\/#\\\/schema\\\/person\\\/d49e199490bad7c70d64b9ab51142f2b\"},\"headline\":\"Tyco: Schlankheitskur f\u00fcr Niederlassung in Romandie\",\"datePublished\":\"2015-05-13T14:56:25+00:00\",\"mainEntityOfPage\":{\"@id\":\"https:\\\/\\\/news.save.ch\\\/tyco-schlankheitskur-fuer-niederlassung-in-romandie\\\/\"},\"wordCount\":133,\"commentCount\":0,\"publisher\":{\"@id\":\"https:\\\/\\\/news.save.ch\\\/de\\\/#organization\"},\"image\":{\"@id\":\"https:\\\/\\\/news.save.ch\\\/tyco-schlankheitskur-fuer-niederlassung-in-romandie\\\/#primaryimage\"},\"thumbnailUrl\":\"https:\\\/\\\/news.save.ch\\\/wp-content\\\/uploads\\\/2016\\\/12\\\/5553670915223_Depositphotos_6463690_m_Sicherheitsforum-scaled.jpg\",\"keywords\":[\"Pr\u00e9verenges\",\"Tyco Integrated Fire &amp; Security (Schweiz) AG\"],\"articleSection\":[\"ALLGEMEIN\"],\"inLanguage\":\"fr-FR\"},{\"@type\":\"WebPage\",\"@id\":\"https:\\\/\\\/news.save.ch\\\/tyco-schlankheitskur-fuer-niederlassung-in-romandie\\\/\",\"url\":\"https:\\\/\\\/news.save.ch\\\/tyco-schlankheitskur-fuer-niederlassung-in-romandie\\\/\",\"name\":\"Tyco: Schlankheitskur f\u00fcr Niederlassung in Romandie - Save\",\"isPartOf\":{\"@id\":\"https:\\\/\\\/news.save.ch\\\/de\\\/#website\"},\"primaryImageOfPage\":{\"@id\":\"https:\\\/\\\/news.save.ch\\\/tyco-schlankheitskur-fuer-niederlassung-in-romandie\\\/#primaryimage\"},\"image\":{\"@id\":\"https:\\\/\\\/news.save.ch\\\/tyco-schlankheitskur-fuer-niederlassung-in-romandie\\\/#primaryimage\"},\"thumbnailUrl\":\"https:\\\/\\\/news.save.ch\\\/wp-content\\\/uploads\\\/2016\\\/12\\\/5553670915223_Depositphotos_6463690_m_Sicherheitsforum-scaled.jpg\",\"datePublished\":\"2015-05-13T14:56:25+00:00\",\"description\":\"Schlankheitskur: Tyco Integrated Fire & Security (Schweiz) AG wandelt die Niederlassung in Pr\u00e9verenges in ein Servicecenter um.\",\"breadcrumb\":{\"@id\":\"https:\\\/\\\/news.save.ch\\\/tyco-schlankheitskur-fuer-niederlassung-in-romandie\\\/#breadcrumb\"},\"inLanguage\":\"fr-FR\",\"potentialAction\":[{\"@type\":\"ReadAction\",\"target\":[\"https:\\\/\\\/news.save.ch\\\/tyco-schlankheitskur-fuer-niederlassung-in-romandie\\\/\"]}]},{\"@type\":\"ImageObject\",\"inLanguage\":\"fr-FR\",\"@id\":\"https:\\\/\\\/news.save.ch\\\/tyco-schlankheitskur-fuer-niederlassung-in-romandie\\\/#primaryimage\",\"url\":\"https:\\\/\\\/news.save.ch\\\/wp-content\\\/uploads\\\/2016\\\/12\\\/5553670915223_Depositphotos_6463690_m_Sicherheitsforum-scaled.jpg\",\"contentUrl\":\"https:\\\/\\\/news.save.ch\\\/wp-content\\\/uploads\\\/2016\\\/12\\\/5553670915223_Depositphotos_6463690_m_Sicherheitsforum-scaled.jpg\",\"width\":1400,\"height\":1014,\"caption\":\"Das Leistungsspektrum in der Romandie wird noch Brandmeldeanlagen, Zutrittskontrolle, Sicherheitsbeleuchtung und Einbruchmeldeanlagen umfassen.\"},{\"@type\":\"BreadcrumbList\",\"@id\":\"https:\\\/\\\/news.save.ch\\\/tyco-schlankheitskur-fuer-niederlassung-in-romandie\\\/#breadcrumb\",\"itemListElement\":[{\"@type\":\"ListItem\",\"position\":1,\"name\":\"Home\",\"item\":\"https:\\\/\\\/news.save.ch\\\/de\\\/\"},{\"@type\":\"ListItem\",\"position\":2,\"name\":\"Tyco: Schlankheitskur f\u00fcr Niederlassung in Romandie\"}]},{\"@type\":\"WebSite\",\"@id\":\"https:\\\/\\\/news.save.ch\\\/de\\\/#website\",\"url\":\"https:\\\/\\\/news.save.ch\\\/de\\\/\",\"name\":\"Save\",\"description\":\"Schweizer Fachzeitschrift f\u00fcr Sicherheit\",\"publisher\":{\"@id\":\"https:\\\/\\\/news.save.ch\\\/de\\\/#organization\"},\"potentialAction\":[{\"@type\":\"SearchAction\",\"target\":{\"@type\":\"EntryPoint\",\"urlTemplate\":\"https:\\\/\\\/news.save.ch\\\/de\\\/?s={search_term_string}\"},\"query-input\":{\"@type\":\"PropertyValueSpecification\",\"valueRequired\":true,\"valueName\":\"search_term_string\"}}],\"inLanguage\":\"fr-FR\"},{\"@type\":\"Organization\",\"@id\":\"https:\\\/\\\/news.save.ch\\\/de\\\/#organization\",\"name\":\"Sicherheitsforum\",\"url\":\"https:\\\/\\\/news.save.ch\\\/de\\\/\",\"logo\":{\"@type\":\"ImageObject\",\"inLanguage\":\"fr-FR\",\"@id\":\"https:\\\/\\\/news.save.ch\\\/de\\\/#\\\/schema\\\/logo\\\/image\\\/\",\"url\":\"https:\\\/\\\/news.save.ch\\\/wp-content\\\/uploads\\\/2022\\\/06\\\/Logo_SF_2012.png\",\"contentUrl\":\"https:\\\/\\\/news.save.ch\\\/wp-content\\\/uploads\\\/2022\\\/06\\\/Logo_SF_2012.png\",\"width\":1100,\"height\":91,\"caption\":\"Sicherheitsforum\"},\"image\":{\"@id\":\"https:\\\/\\\/news.save.ch\\\/de\\\/#\\\/schema\\\/logo\\\/image\\\/\"}},{\"@type\":\"Person\",\"@id\":\"https:\\\/\\\/news.save.ch\\\/de\\\/#\\\/schema\\\/person\\\/d49e199490bad7c70d64b9ab51142f2b\",\"name\":\"admin\",\"image\":{\"@type\":\"ImageObject\",\"inLanguage\":\"fr-FR\",\"@id\":\"https:\\\/\\\/secure.gravatar.com\\\/avatar\\\/ae2f4d718e6c49043e314ce431e7e645d646302a24a5ef5a8bc8e3f5a032e319?s=96&d=mm&r=g\",\"url\":\"https:\\\/\\\/secure.gravatar.com\\\/avatar\\\/ae2f4d718e6c49043e314ce431e7e645d646302a24a5ef5a8bc8e3f5a032e319?s=96&d=mm&r=g\",\"contentUrl\":\"https:\\\/\\\/secure.gravatar.com\\\/avatar\\\/ae2f4d718e6c49043e314ce431e7e645d646302a24a5ef5a8bc8e3f5a032e319?s=96&d=mm&r=g\",\"caption\":\"admin\"},\"sameAs\":[\"https:\\\/\\\/develop.organisator.galledia.ch\"],\"url\":\"https:\\\/\\\/news.save.ch\\\/fr\\\/author\\\/admin\\\/\"}]}<\/script>\n<!-- \/ Yoast SEO plugin. -->","yoast_head_json":{"title":"Tyco : cure d'amaigrissement pour la succursale romande - Save","description":"Cure d'amaigrissement : Tyco Integrated Fire &amp; Security (Suisse) SA transforme sa succursale de Pr\u00e9verenges en un centre de service.","robots":{"index":"index","follow":"follow","max-snippet":"max-snippet:-1","max-image-preview":"max-image-preview:large","max-video-preview":"max-video-preview:-1"},"canonical":"https:\/\/news.save.ch\/fr\/tyco-schlankheitskur-fuer-niederlassung-in-romandie\/","og_locale":"fr_FR","og_type":"article","og_title":"Schlankheitskur","og_description":"Tyco Integrated Fire & Security (Schweiz) AG wandelt die Niederlassung in Pr\u00e9verenges in ein Servicecenter um.","og_url":"https:\/\/news.save.ch\/fr\/tyco-schlankheitskur-fuer-niederlassung-in-romandie\/","og_site_name":"Save","article_published_time":"2015-05-13T14:56:25+00:00","og_image":[{"url":"https:\/\/news.save.ch\/wp-content\/uploads\/2016\/12\/5553670915223_Depositphotos_6463690_m_Sicherheitsforum.jpg","type":"","width":"","height":""}],"author":"admin","twitter_card":"summary_large_image","twitter_misc":{"\u00c9crit par":"admin","Dur\u00e9e de lecture estim\u00e9e":"1 minute"},"schema":{"@context":"https:\/\/schema.org","@graph":[{"@type":"Article","@id":"https:\/\/news.save.ch\/tyco-schlankheitskur-fuer-niederlassung-in-romandie\/#article","isPartOf":{"@id":"https:\/\/news.save.ch\/tyco-schlankheitskur-fuer-niederlassung-in-romandie\/"},"author":{"name":"admin","@id":"https:\/\/news.save.ch\/de\/#\/schema\/person\/d49e199490bad7c70d64b9ab51142f2b"},"headline":"Tyco: Schlankheitskur f\u00fcr Niederlassung in Romandie","datePublished":"2015-05-13T14:56:25+00:00","mainEntityOfPage":{"@id":"https:\/\/news.save.ch\/tyco-schlankheitskur-fuer-niederlassung-in-romandie\/"},"wordCount":133,"commentCount":0,"publisher":{"@id":"https:\/\/news.save.ch\/de\/#organization"},"image":{"@id":"https:\/\/news.save.ch\/tyco-schlankheitskur-fuer-niederlassung-in-romandie\/#primaryimage"},"thumbnailUrl":"https:\/\/news.save.ch\/wp-content\/uploads\/2016\/12\/5553670915223_Depositphotos_6463690_m_Sicherheitsforum-scaled.jpg","keywords":["Pr\u00e9verenges","Tyco Integrated Fire &amp; Security (Schweiz) AG"],"articleSection":["ALLGEMEIN"],"inLanguage":"fr-FR"},{"@type":"WebPage","@id":"https:\/\/news.save.ch\/tyco-schlankheitskur-fuer-niederlassung-in-romandie\/","url":"https:\/\/news.save.ch\/tyco-schlankheitskur-fuer-niederlassung-in-romandie\/","name":"Tyco : cure d'amaigrissement pour la succursale romande - Save","isPartOf":{"@id":"https:\/\/news.save.ch\/de\/#website"},"primaryImageOfPage":{"@id":"https:\/\/news.save.ch\/tyco-schlankheitskur-fuer-niederlassung-in-romandie\/#primaryimage"},"image":{"@id":"https:\/\/news.save.ch\/tyco-schlankheitskur-fuer-niederlassung-in-romandie\/#primaryimage"},"thumbnailUrl":"https:\/\/news.save.ch\/wp-content\/uploads\/2016\/12\/5553670915223_Depositphotos_6463690_m_Sicherheitsforum-scaled.jpg","datePublished":"2015-05-13T14:56:25+00:00","description":"Cure d'amaigrissement : Tyco Integrated Fire &amp; Security (Suisse) SA transforme sa succursale de Pr\u00e9verenges en un centre de service.","breadcrumb":{"@id":"https:\/\/news.save.ch\/tyco-schlankheitskur-fuer-niederlassung-in-romandie\/#breadcrumb"},"inLanguage":"fr-FR","potentialAction":[{"@type":"ReadAction","target":["https:\/\/news.save.ch\/tyco-schlankheitskur-fuer-niederlassung-in-romandie\/"]}]},{"@type":"ImageObject","inLanguage":"fr-FR","@id":"https:\/\/news.save.ch\/tyco-schlankheitskur-fuer-niederlassung-in-romandie\/#primaryimage","url":"https:\/\/news.save.ch\/wp-content\/uploads\/2016\/12\/5553670915223_Depositphotos_6463690_m_Sicherheitsforum-scaled.jpg","contentUrl":"https:\/\/news.save.ch\/wp-content\/uploads\/2016\/12\/5553670915223_Depositphotos_6463690_m_Sicherheitsforum-scaled.jpg","width":1400,"height":1014,"caption":"Das Leistungsspektrum in der Romandie wird noch Brandmeldeanlagen, Zutrittskontrolle, Sicherheitsbeleuchtung und Einbruchmeldeanlagen umfassen."},{"@type":"BreadcrumbList","@id":"https:\/\/news.save.ch\/tyco-schlankheitskur-fuer-niederlassung-in-romandie\/#breadcrumb","itemListElement":[{"@type":"ListItem","position":1,"name":"Home","item":"https:\/\/news.save.ch\/de\/"},{"@type":"ListItem","position":2,"name":"Tyco: Schlankheitskur f\u00fcr Niederlassung in Romandie"}]},{"@type":"WebSite","@id":"https:\/\/news.save.ch\/de\/#website","url":"https:\/\/news.save.ch\/de\/","name":"Save","description":"Revue suisse sp\u00e9cialis\u00e9e dans la s\u00e9curit\u00e9","publisher":{"@id":"https:\/\/news.save.ch\/de\/#organization"},"potentialAction":[{"@type":"SearchAction","target":{"@type":"EntryPoint","urlTemplate":"https:\/\/news.save.ch\/de\/?s={search_term_string}"},"query-input":{"@type":"PropertyValueSpecification","valueRequired":true,"valueName":"search_term_string"}}],"inLanguage":"fr-FR"},{"@type":"Organization","@id":"https:\/\/news.save.ch\/de\/#organization","name":"Forum sur la s\u00e9curit\u00e9","url":"https:\/\/news.save.ch\/de\/","logo":{"@type":"ImageObject","inLanguage":"fr-FR","@id":"https:\/\/news.save.ch\/de\/#\/schema\/logo\/image\/","url":"https:\/\/news.save.ch\/wp-content\/uploads\/2022\/06\/Logo_SF_2012.png","contentUrl":"https:\/\/news.save.ch\/wp-content\/uploads\/2022\/06\/Logo_SF_2012.png","width":1100,"height":91,"caption":"Sicherheitsforum"},"image":{"@id":"https:\/\/news.save.ch\/de\/#\/schema\/logo\/image\/"}},{"@type":"Person","@id":"https:\/\/news.save.ch\/de\/#\/schema\/person\/d49e199490bad7c70d64b9ab51142f2b","name":"admin","image":{"@type":"ImageObject","inLanguage":"fr-FR","@id":"https:\/\/secure.gravatar.com\/avatar\/ae2f4d718e6c49043e314ce431e7e645d646302a24a5ef5a8bc8e3f5a032e319?s=96&d=mm&r=g","url":"https:\/\/secure.gravatar.com\/avatar\/ae2f4d718e6c49043e314ce431e7e645d646302a24a5ef5a8bc8e3f5a032e319?s=96&d=mm&r=g","contentUrl":"https:\/\/secure.gravatar.com\/avatar\/ae2f4d718e6c49043e314ce431e7e645d646302a24a5ef5a8bc8e3f5a032e319?s=96&d=mm&r=g","caption":"admin"},"sameAs":["https:\/\/develop.organisator.galledia.ch"],"url":"https:\/\/news.save.ch\/fr\/author\/admin\/"}]}},"_links":{"self":[{"href":"https:\/\/news.save.ch\/fr\/wp-json\/wp\/v2\/posts\/1803","targetHints":{"allow":["GET"]}}],"collection":[{"href":"https:\/\/news.save.ch\/fr\/wp-json\/wp\/v2\/posts"}],"about":[{"href":"https:\/\/news.save.ch\/fr\/wp-json\/wp\/v2\/types\/post"}],"author":[{"embeddable":true,"href":"https:\/\/news.save.ch\/fr\/wp-json\/wp\/v2\/users\/1"}],"replies":[{"embeddable":true,"href":"https:\/\/news.save.ch\/fr\/wp-json\/wp\/v2\/comments?post=1803"}],"version-history":[{"count":0,"href":"https:\/\/news.save.ch\/fr\/wp-json\/wp\/v2\/posts\/1803\/revisions"}],"wp:featuredmedia":[{"embeddable":true,"href":"https:\/\/news.save.ch\/fr\/wp-json\/wp\/v2\/media\/1814"}],"wp:attachment":[{"href":"https:\/\/news.save.ch\/fr\/wp-json\/wp\/v2\/media?parent=1803"}],"wp:term":[{"taxonomy":"category","embeddable":true,"href":"https:\/\/news.save.ch\/fr\/wp-json\/wp\/v2\/categories?post=1803"},{"taxonomy":"post_tag","embeddable":true,"href":"https:\/\/news.save.ch\/fr\/wp-json\/wp\/v2\/tags?post=1803"}],"curies":[{"name":"wp","href":"https:\/\/api.w.org\/{rel}","templated":true}]}}