{"id":1818,"date":"2015-05-15T12:52:46","date_gmt":"2015-05-15T10:52:46","guid":{"rendered":"https:\/\/dev.sicherheitsforum.ch\/?p=1818"},"modified":"2015-05-15T12:52:46","modified_gmt":"2015-05-15T10:52:46","slug":"taetigkeitsbericht-veroeffentlicht","status":null,"type":"post","link":"https:\/\/news.save.ch\/fr\/taetigkeitsbericht-veroeffentlicht\/","title":{"rendered":"Rapport d'activit\u00e9 publi\u00e9"},"content":{"rendered":"<p><img loading=\"lazy\" decoding=\"async\" class=\"alignnone size-full wp-image-3893\" src=\"https:\/\/news.save.ch\/wp-content\/uploads\/2015\/05\/Taetigkeitsbericht-veroeffentlicht_Sicherheitsforum.jpg\" alt=\"\" width=\"624\" height=\"416\" srcset=\"https:\/\/news.save.ch\/wp-content\/uploads\/2015\/05\/Taetigkeitsbericht-veroeffentlicht_Sicherheitsforum.jpg 624w, https:\/\/news.save.ch\/wp-content\/uploads\/2015\/05\/Taetigkeitsbericht-veroeffentlicht_Sicherheitsforum-375x250.jpg 375w\" sizes=\"auto, (max-width: 624px) 100vw, 624px\" \/><\/p>\n<p>La Commission f\u00e9d\u00e9rale de s\u00e9curit\u00e9 nucl\u00e9aire (<a href=\"https:\/\/www.kns.admin.ch\" target=\"_blank\" data-cke-saved-href=\"https:\/\/www.kns.admin.ch\" rel=\"noopener\">KNS<\/a>) a fait son <a href=\"https:\/\/www.news.admin.ch\/NSBSubscriber\/message\/attachments\/39335.pdf\" target=\"_blank\" data-cke-saved-href=\"https:\/\/www.news.admin.ch\/NSBSubscriber\/message\/attachments\/39335.pdf\" rel=\"noopener\">Rapport d'activit\u00e9 2014<\/a> ont \u00e9t\u00e9 publi\u00e9s. Outre les t\u00e2ches li\u00e9es \u00e0 la gestion des d\u00e9chets radioactifs, l'ASN s'est occup\u00e9e de v\u00e9rifications dans le domaine de la protection en cas d'urgence, d\u00e9cid\u00e9es par le Conseil f\u00e9d\u00e9ral en 2012.<\/p>\n<p>En 2012, le Conseil f\u00e9d\u00e9ral avait d\u00e9cid\u00e9, sur recommandation du \"Groupe de travail interd\u00e9partemental charg\u00e9 de r\u00e9examiner les mesures de protection d'urgence en cas d'\u00e9v\u00e9nements extr\u00eames en Suisse\" (IDA NOMEX), de prendre diff\u00e9rentes mesures dans le domaine de la protection d'urgence. Dans ce contexte, la CSN commente au cours de l'ann\u00e9e sous revue les r\u00e9sultats de l'examen des sc\u00e9narios de r\u00e9f\u00e9rence ainsi que du concept de zones.<\/p>\n<p>Dans le cadre de la proc\u00e9dure du plan sectoriel \"D\u00e9p\u00f4ts en couches g\u00e9ologiques profondes\", la CSN a particip\u00e9 aux r\u00e9unions techniques dites d'arr\u00eat interm\u00e9diaire pour \u00e9valuer le niveau de connaissances g\u00e9ologiques atteint dans les domaines d'implantation possibles et a consign\u00e9 ses conclusions \u00e0 l'intention de l'Inspection f\u00e9d\u00e9rale de la s\u00e9curit\u00e9 nucl\u00e9aire (IFSN).<\/p>\n<p>Les autres activit\u00e9s comprenaient entre autres la prise de position sur le rapport d'activit\u00e9 et de gestion 2013 du conseil de l'IFSN ainsi que le commentaire de trois projets de directives de l'IFSN.<\/p>\n<p><em>(Communiqu\u00e9 de presse de l'IFSN)<\/em><\/p>","protected":false},"excerpt":{"rendered":"<p>Die Eidgen\u00f6ssische Kommission f\u00fcr nukleare Sicherheit (KNS) hat ihren T\u00e4tigkeitsbericht 2014 ver\u00f6ffentlicht. Neben Aufgaben im Zusammenhang mit der Entsorgung radioaktiver Abf\u00e4lle befasste sich die KNS mit \u00dcberpr\u00fcfungen im Bereich des Notfallschutzes, welche 2012 vom Bundesrat beschlossen worden waren. Im Jahr 2012 hatte der Bundesrat auf Empfehlung der \u201eInterdepartementalen Arbeits\u00adgruppe zur \u00dcberpr\u00fcfung der Notfallschutzmassnahmen bei Extremereignissen [&hellip;]<\/p>\n","protected":false},"author":1,"featured_media":3893,"comment_status":"open","ping_status":"open","sticky":false,"template":"","format":"standard","meta":{"_acf_changed":false,"pgc_sgb_lightbox_settings":"","footnotes":""},"categories":[1],"tags":[206,127,128,208,207],"class_list":["post-1818","post","type-post","status-publish","format-standard","has-post-thumbnail","hentry","category-allgemein","tag-ensi","tag-gefaehrliche-stoffe","tag-gifte","tag-nukleare-sicherheit","tag-taetigkeitsbericht"],"acf":[],"hkrextid":null,"publication":null,"issue":null,"workflow":null,"startPage":null,"spitzmarke":null,"_posts_by_tag_page_fields":{"widget_title":"","widget_tags":""},"_at_widget":"1","_yoast_wpseo_primary_category":"","_yoast_wpseo_focuskw_text_input":"T\u00e4tigkeitsbericht","_yoast_wpseo_opengraph-image":"https:\/\/news.save.ch\/wp-content\/uploads\/2015\/05\/Taetigkeitsbericht-veroeffentlicht_Sicherheitsforum.jpg","_yoast_wpseo_opengraph-description":"Der aktuelle T\u00e4tigkeitsbericht der Eidgen\u00f6ssische Kommission f\u00fcr nukleare Sicherheit liegt vor.","_yoast_wpseo_opengraph-title":"T\u00e4tigkeitsbericht","enclosure":null,"_yoast_wpseo_twitter-title":null,"_yoast_wpseo_twitter-description":null,"_yoast_wpseo_twitter-image":null,"_wp_old_slug":null,"_yoast_wpseo_title":null,"_yoast_wpseo_canonical":null,"yoast_head":"<!-- This site is optimized with the Yoast SEO plugin v27.5 - https:\/\/yoast.com\/product\/yoast-seo-wordpress\/ -->\n<title>T\u00e4tigkeitsbericht ver\u00f6ffentlicht - Save<\/title>\n<meta name=\"description\" content=\"Der aktuelle T\u00e4tigkeitsbericht der Eidgen\u00f6ssische Kommission f\u00fcr nukleare Sicherheit liegt vor.\" \/>\n<meta name=\"robots\" content=\"index, follow, max-snippet:-1, max-image-preview:large, max-video-preview:-1\" \/>\n<link rel=\"canonical\" href=\"https:\/\/news.save.ch\/fr\/taetigkeitsbericht-veroeffentlicht\/\" \/>\n<meta property=\"og:locale\" content=\"fr_FR\" \/>\n<meta property=\"og:type\" content=\"article\" \/>\n<meta property=\"og:title\" content=\"T\u00e4tigkeitsbericht\" \/>\n<meta property=\"og:description\" content=\"Der aktuelle T\u00e4tigkeitsbericht der Eidgen\u00f6ssische Kommission f\u00fcr nukleare Sicherheit liegt vor.\" \/>\n<meta property=\"og:url\" content=\"https:\/\/news.save.ch\/fr\/taetigkeitsbericht-veroeffentlicht\/\" \/>\n<meta property=\"og:site_name\" content=\"Save\" \/>\n<meta property=\"article:published_time\" content=\"2015-05-15T10:52:46+00:00\" \/>\n<meta property=\"og:image\" content=\"https:\/\/news.save.ch\/wp-content\/uploads\/2015\/05\/Taetigkeitsbericht-veroeffentlicht_Sicherheitsforum.jpg\" \/>\n<meta name=\"author\" content=\"admin\" \/>\n<meta name=\"twitter:card\" content=\"summary_large_image\" \/>\n<meta name=\"twitter:label1\" content=\"\u00c9crit par\" \/>\n\t<meta name=\"twitter:data1\" content=\"admin\" \/>\n\t<meta name=\"twitter:label2\" content=\"Dur\u00e9e de lecture estim\u00e9e\" \/>\n\t<meta name=\"twitter:data2\" content=\"1 minute\" \/>\n<script type=\"application\/ld+json\" class=\"yoast-schema-graph\">{\"@context\":\"https:\\\/\\\/schema.org\",\"@graph\":[{\"@type\":\"Article\",\"@id\":\"https:\\\/\\\/news.save.ch\\\/taetigkeitsbericht-veroeffentlicht\\\/#article\",\"isPartOf\":{\"@id\":\"https:\\\/\\\/news.save.ch\\\/taetigkeitsbericht-veroeffentlicht\\\/\"},\"author\":{\"name\":\"admin\",\"@id\":\"https:\\\/\\\/news.save.ch\\\/de\\\/#\\\/schema\\\/person\\\/d49e199490bad7c70d64b9ab51142f2b\"},\"headline\":\"T\u00e4tigkeitsbericht ver\u00f6ffentlicht\",\"datePublished\":\"2015-05-15T10:52:46+00:00\",\"mainEntityOfPage\":{\"@id\":\"https:\\\/\\\/news.save.ch\\\/taetigkeitsbericht-veroeffentlicht\\\/\"},\"wordCount\":159,\"commentCount\":0,\"publisher\":{\"@id\":\"https:\\\/\\\/news.save.ch\\\/de\\\/#organization\"},\"image\":{\"@id\":\"https:\\\/\\\/news.save.ch\\\/taetigkeitsbericht-veroeffentlicht\\\/#primaryimage\"},\"thumbnailUrl\":\"https:\\\/\\\/news.save.ch\\\/wp-content\\\/uploads\\\/2015\\\/05\\\/Taetigkeitsbericht-veroeffentlicht_Sicherheitsforum.jpg\",\"keywords\":[\"ENSI\",\"Gef\u00e4hrliche Stoffe\",\"Gifte\",\"nukleare Sicherheit\",\"T\u00e4tigkeitsbericht\"],\"articleSection\":[\"ALLGEMEIN\"],\"inLanguage\":\"fr-FR\"},{\"@type\":\"WebPage\",\"@id\":\"https:\\\/\\\/news.save.ch\\\/taetigkeitsbericht-veroeffentlicht\\\/\",\"url\":\"https:\\\/\\\/news.save.ch\\\/taetigkeitsbericht-veroeffentlicht\\\/\",\"name\":\"T\u00e4tigkeitsbericht ver\u00f6ffentlicht - Save\",\"isPartOf\":{\"@id\":\"https:\\\/\\\/news.save.ch\\\/de\\\/#website\"},\"primaryImageOfPage\":{\"@id\":\"https:\\\/\\\/news.save.ch\\\/taetigkeitsbericht-veroeffentlicht\\\/#primaryimage\"},\"image\":{\"@id\":\"https:\\\/\\\/news.save.ch\\\/taetigkeitsbericht-veroeffentlicht\\\/#primaryimage\"},\"thumbnailUrl\":\"https:\\\/\\\/news.save.ch\\\/wp-content\\\/uploads\\\/2015\\\/05\\\/Taetigkeitsbericht-veroeffentlicht_Sicherheitsforum.jpg\",\"datePublished\":\"2015-05-15T10:52:46+00:00\",\"description\":\"Der aktuelle T\u00e4tigkeitsbericht der Eidgen\u00f6ssische Kommission f\u00fcr nukleare Sicherheit liegt vor.\",\"breadcrumb\":{\"@id\":\"https:\\\/\\\/news.save.ch\\\/taetigkeitsbericht-veroeffentlicht\\\/#breadcrumb\"},\"inLanguage\":\"fr-FR\",\"potentialAction\":[{\"@type\":\"ReadAction\",\"target\":[\"https:\\\/\\\/news.save.ch\\\/taetigkeitsbericht-veroeffentlicht\\\/\"]}]},{\"@type\":\"ImageObject\",\"inLanguage\":\"fr-FR\",\"@id\":\"https:\\\/\\\/news.save.ch\\\/taetigkeitsbericht-veroeffentlicht\\\/#primaryimage\",\"url\":\"https:\\\/\\\/news.save.ch\\\/wp-content\\\/uploads\\\/2015\\\/05\\\/Taetigkeitsbericht-veroeffentlicht_Sicherheitsforum.jpg\",\"contentUrl\":\"https:\\\/\\\/news.save.ch\\\/wp-content\\\/uploads\\\/2015\\\/05\\\/Taetigkeitsbericht-veroeffentlicht_Sicherheitsforum.jpg\",\"width\":624,\"height\":416},{\"@type\":\"BreadcrumbList\",\"@id\":\"https:\\\/\\\/news.save.ch\\\/taetigkeitsbericht-veroeffentlicht\\\/#breadcrumb\",\"itemListElement\":[{\"@type\":\"ListItem\",\"position\":1,\"name\":\"Home\",\"item\":\"https:\\\/\\\/news.save.ch\\\/de\\\/\"},{\"@type\":\"ListItem\",\"position\":2,\"name\":\"T\u00e4tigkeitsbericht ver\u00f6ffentlicht\"}]},{\"@type\":\"WebSite\",\"@id\":\"https:\\\/\\\/news.save.ch\\\/de\\\/#website\",\"url\":\"https:\\\/\\\/news.save.ch\\\/de\\\/\",\"name\":\"Save\",\"description\":\"Schweizer Fachzeitschrift f\u00fcr Sicherheit\",\"publisher\":{\"@id\":\"https:\\\/\\\/news.save.ch\\\/de\\\/#organization\"},\"potentialAction\":[{\"@type\":\"SearchAction\",\"target\":{\"@type\":\"EntryPoint\",\"urlTemplate\":\"https:\\\/\\\/news.save.ch\\\/de\\\/?s={search_term_string}\"},\"query-input\":{\"@type\":\"PropertyValueSpecification\",\"valueRequired\":true,\"valueName\":\"search_term_string\"}}],\"inLanguage\":\"fr-FR\"},{\"@type\":\"Organization\",\"@id\":\"https:\\\/\\\/news.save.ch\\\/de\\\/#organization\",\"name\":\"Sicherheitsforum\",\"url\":\"https:\\\/\\\/news.save.ch\\\/de\\\/\",\"logo\":{\"@type\":\"ImageObject\",\"inLanguage\":\"fr-FR\",\"@id\":\"https:\\\/\\\/news.save.ch\\\/de\\\/#\\\/schema\\\/logo\\\/image\\\/\",\"url\":\"https:\\\/\\\/news.save.ch\\\/wp-content\\\/uploads\\\/2022\\\/06\\\/Logo_SF_2012.png\",\"contentUrl\":\"https:\\\/\\\/news.save.ch\\\/wp-content\\\/uploads\\\/2022\\\/06\\\/Logo_SF_2012.png\",\"width\":1100,\"height\":91,\"caption\":\"Sicherheitsforum\"},\"image\":{\"@id\":\"https:\\\/\\\/news.save.ch\\\/de\\\/#\\\/schema\\\/logo\\\/image\\\/\"}},{\"@type\":\"Person\",\"@id\":\"https:\\\/\\\/news.save.ch\\\/de\\\/#\\\/schema\\\/person\\\/d49e199490bad7c70d64b9ab51142f2b\",\"name\":\"admin\",\"image\":{\"@type\":\"ImageObject\",\"inLanguage\":\"fr-FR\",\"@id\":\"https:\\\/\\\/secure.gravatar.com\\\/avatar\\\/ae2f4d718e6c49043e314ce431e7e645d646302a24a5ef5a8bc8e3f5a032e319?s=96&d=mm&r=g\",\"url\":\"https:\\\/\\\/secure.gravatar.com\\\/avatar\\\/ae2f4d718e6c49043e314ce431e7e645d646302a24a5ef5a8bc8e3f5a032e319?s=96&d=mm&r=g\",\"contentUrl\":\"https:\\\/\\\/secure.gravatar.com\\\/avatar\\\/ae2f4d718e6c49043e314ce431e7e645d646302a24a5ef5a8bc8e3f5a032e319?s=96&d=mm&r=g\",\"caption\":\"admin\"},\"sameAs\":[\"https:\\\/\\\/develop.organisator.galledia.ch\"],\"url\":\"https:\\\/\\\/news.save.ch\\\/fr\\\/author\\\/admin\\\/\"}]}<\/script>\n<!-- \/ Yoast SEO plugin. -->","yoast_head_json":{"title":"Rapport d'activit\u00e9 publi\u00e9 - Save","description":"Le dernier rapport d'activit\u00e9 de la Commission f\u00e9d\u00e9rale de s\u00e9curit\u00e9 nucl\u00e9aire est disponible.","robots":{"index":"index","follow":"follow","max-snippet":"max-snippet:-1","max-image-preview":"max-image-preview:large","max-video-preview":"max-video-preview:-1"},"canonical":"https:\/\/news.save.ch\/fr\/taetigkeitsbericht-veroeffentlicht\/","og_locale":"fr_FR","og_type":"article","og_title":"T\u00e4tigkeitsbericht","og_description":"Der aktuelle T\u00e4tigkeitsbericht der Eidgen\u00f6ssische Kommission f\u00fcr nukleare Sicherheit liegt vor.","og_url":"https:\/\/news.save.ch\/fr\/taetigkeitsbericht-veroeffentlicht\/","og_site_name":"Save","article_published_time":"2015-05-15T10:52:46+00:00","og_image":[{"url":"https:\/\/news.save.ch\/wp-content\/uploads\/2015\/05\/Taetigkeitsbericht-veroeffentlicht_Sicherheitsforum.jpg","type":"","width":"","height":""}],"author":"admin","twitter_card":"summary_large_image","twitter_misc":{"\u00c9crit par":"admin","Dur\u00e9e de lecture estim\u00e9e":"1 minute"},"schema":{"@context":"https:\/\/schema.org","@graph":[{"@type":"Article","@id":"https:\/\/news.save.ch\/taetigkeitsbericht-veroeffentlicht\/#article","isPartOf":{"@id":"https:\/\/news.save.ch\/taetigkeitsbericht-veroeffentlicht\/"},"author":{"name":"admin","@id":"https:\/\/news.save.ch\/de\/#\/schema\/person\/d49e199490bad7c70d64b9ab51142f2b"},"headline":"T\u00e4tigkeitsbericht ver\u00f6ffentlicht","datePublished":"2015-05-15T10:52:46+00:00","mainEntityOfPage":{"@id":"https:\/\/news.save.ch\/taetigkeitsbericht-veroeffentlicht\/"},"wordCount":159,"commentCount":0,"publisher":{"@id":"https:\/\/news.save.ch\/de\/#organization"},"image":{"@id":"https:\/\/news.save.ch\/taetigkeitsbericht-veroeffentlicht\/#primaryimage"},"thumbnailUrl":"https:\/\/news.save.ch\/wp-content\/uploads\/2015\/05\/Taetigkeitsbericht-veroeffentlicht_Sicherheitsforum.jpg","keywords":["ENSI","Gef\u00e4hrliche Stoffe","Gifte","nukleare Sicherheit","T\u00e4tigkeitsbericht"],"articleSection":["ALLGEMEIN"],"inLanguage":"fr-FR"},{"@type":"WebPage","@id":"https:\/\/news.save.ch\/taetigkeitsbericht-veroeffentlicht\/","url":"https:\/\/news.save.ch\/taetigkeitsbericht-veroeffentlicht\/","name":"Rapport d'activit\u00e9 publi\u00e9 - Save","isPartOf":{"@id":"https:\/\/news.save.ch\/de\/#website"},"primaryImageOfPage":{"@id":"https:\/\/news.save.ch\/taetigkeitsbericht-veroeffentlicht\/#primaryimage"},"image":{"@id":"https:\/\/news.save.ch\/taetigkeitsbericht-veroeffentlicht\/#primaryimage"},"thumbnailUrl":"https:\/\/news.save.ch\/wp-content\/uploads\/2015\/05\/Taetigkeitsbericht-veroeffentlicht_Sicherheitsforum.jpg","datePublished":"2015-05-15T10:52:46+00:00","description":"Le dernier rapport d'activit\u00e9 de la Commission f\u00e9d\u00e9rale de s\u00e9curit\u00e9 nucl\u00e9aire est disponible.","breadcrumb":{"@id":"https:\/\/news.save.ch\/taetigkeitsbericht-veroeffentlicht\/#breadcrumb"},"inLanguage":"fr-FR","potentialAction":[{"@type":"ReadAction","target":["https:\/\/news.save.ch\/taetigkeitsbericht-veroeffentlicht\/"]}]},{"@type":"ImageObject","inLanguage":"fr-FR","@id":"https:\/\/news.save.ch\/taetigkeitsbericht-veroeffentlicht\/#primaryimage","url":"https:\/\/news.save.ch\/wp-content\/uploads\/2015\/05\/Taetigkeitsbericht-veroeffentlicht_Sicherheitsforum.jpg","contentUrl":"https:\/\/news.save.ch\/wp-content\/uploads\/2015\/05\/Taetigkeitsbericht-veroeffentlicht_Sicherheitsforum.jpg","width":624,"height":416},{"@type":"BreadcrumbList","@id":"https:\/\/news.save.ch\/taetigkeitsbericht-veroeffentlicht\/#breadcrumb","itemListElement":[{"@type":"ListItem","position":1,"name":"Home","item":"https:\/\/news.save.ch\/de\/"},{"@type":"ListItem","position":2,"name":"T\u00e4tigkeitsbericht ver\u00f6ffentlicht"}]},{"@type":"WebSite","@id":"https:\/\/news.save.ch\/de\/#website","url":"https:\/\/news.save.ch\/de\/","name":"Save","description":"Revue suisse sp\u00e9cialis\u00e9e dans la s\u00e9curit\u00e9","publisher":{"@id":"https:\/\/news.save.ch\/de\/#organization"},"potentialAction":[{"@type":"SearchAction","target":{"@type":"EntryPoint","urlTemplate":"https:\/\/news.save.ch\/de\/?s={search_term_string}"},"query-input":{"@type":"PropertyValueSpecification","valueRequired":true,"valueName":"search_term_string"}}],"inLanguage":"fr-FR"},{"@type":"Organization","@id":"https:\/\/news.save.ch\/de\/#organization","name":"Forum sur la s\u00e9curit\u00e9","url":"https:\/\/news.save.ch\/de\/","logo":{"@type":"ImageObject","inLanguage":"fr-FR","@id":"https:\/\/news.save.ch\/de\/#\/schema\/logo\/image\/","url":"https:\/\/news.save.ch\/wp-content\/uploads\/2022\/06\/Logo_SF_2012.png","contentUrl":"https:\/\/news.save.ch\/wp-content\/uploads\/2022\/06\/Logo_SF_2012.png","width":1100,"height":91,"caption":"Sicherheitsforum"},"image":{"@id":"https:\/\/news.save.ch\/de\/#\/schema\/logo\/image\/"}},{"@type":"Person","@id":"https:\/\/news.save.ch\/de\/#\/schema\/person\/d49e199490bad7c70d64b9ab51142f2b","name":"admin","image":{"@type":"ImageObject","inLanguage":"fr-FR","@id":"https:\/\/secure.gravatar.com\/avatar\/ae2f4d718e6c49043e314ce431e7e645d646302a24a5ef5a8bc8e3f5a032e319?s=96&d=mm&r=g","url":"https:\/\/secure.gravatar.com\/avatar\/ae2f4d718e6c49043e314ce431e7e645d646302a24a5ef5a8bc8e3f5a032e319?s=96&d=mm&r=g","contentUrl":"https:\/\/secure.gravatar.com\/avatar\/ae2f4d718e6c49043e314ce431e7e645d646302a24a5ef5a8bc8e3f5a032e319?s=96&d=mm&r=g","caption":"admin"},"sameAs":["https:\/\/develop.organisator.galledia.ch"],"url":"https:\/\/news.save.ch\/fr\/author\/admin\/"}]}},"_links":{"self":[{"href":"https:\/\/news.save.ch\/fr\/wp-json\/wp\/v2\/posts\/1818","targetHints":{"allow":["GET"]}}],"collection":[{"href":"https:\/\/news.save.ch\/fr\/wp-json\/wp\/v2\/posts"}],"about":[{"href":"https:\/\/news.save.ch\/fr\/wp-json\/wp\/v2\/types\/post"}],"author":[{"embeddable":true,"href":"https:\/\/news.save.ch\/fr\/wp-json\/wp\/v2\/users\/1"}],"replies":[{"embeddable":true,"href":"https:\/\/news.save.ch\/fr\/wp-json\/wp\/v2\/comments?post=1818"}],"version-history":[{"count":0,"href":"https:\/\/news.save.ch\/fr\/wp-json\/wp\/v2\/posts\/1818\/revisions"}],"wp:featuredmedia":[{"embeddable":true,"href":"https:\/\/news.save.ch\/fr\/wp-json\/wp\/v2\/media\/3893"}],"wp:attachment":[{"href":"https:\/\/news.save.ch\/fr\/wp-json\/wp\/v2\/media?parent=1818"}],"wp:term":[{"taxonomy":"category","embeddable":true,"href":"https:\/\/news.save.ch\/fr\/wp-json\/wp\/v2\/categories?post=1818"},{"taxonomy":"post_tag","embeddable":true,"href":"https:\/\/news.save.ch\/fr\/wp-json\/wp\/v2\/tags?post=1818"}],"curies":[{"name":"wp","href":"https:\/\/api.w.org\/{rel}","templated":true}]}}