{"id":1835,"date":"2015-05-19T09:00:20","date_gmt":"2015-05-19T07:00:20","guid":{"rendered":"https:\/\/dev.sicherheitsforum.ch\/?p=1835"},"modified":"2023-03-14T08:59:25","modified_gmt":"2023-03-14T07:59:25","slug":"sicherheitstechnik-optimale-geschaeftslage","status":null,"type":"post","link":"https:\/\/news.save.ch\/fr\/sicherheitstechnik-optimale-geschaeftslage\/","title":{"rendered":"Technique de s\u00e9curit\u00e9 : situation commerciale optimale"},"content":{"rendered":"<figure id=\"attachment_1848\" aria-describedby=\"caption-attachment-1848\" style=\"width: 680px\" class=\"wp-caption alignnone\"><img loading=\"lazy\" decoding=\"async\" class=\"size-medium wp-image-1848\" src=\"https:\/\/sicherheitsforum.ch\/wp-content\/uploads\/2016\/12\/5559e9d82b2a9_Einbruch_Depositphotos_24539617_l_Sicherheitsforum.jpg\" alt=\"\" width=\"680\" height=\"453\" \/><figcaption id=\"caption-attachment-1848\" class=\"wp-caption-text\">L'augmentation du nombre de cambriolages stimule les affaires.<\/figcaption><\/figure>\n<p>L'int\u00e9r\u00eat croissant des particuliers pour les techniques de s\u00e9curisation se fait \u00e9galement ressentir chez les installateurs sp\u00e9cialis\u00e9s : Dans la derni\u00e8re enqu\u00eate conjoncturelle du <a title=\"Lien vers l&#039;association BHE\" href=\"https:\/\/www.bhe.de\" target=\"_blank\" data-cke-saved-href=\"https:\/\/www.bhe.de\" rel=\"noopener\">BHE Association allemande des techniques de s\u00e9curit\u00e9<\/a> en Allemagne, les installateurs sp\u00e9cialis\u00e9s ont \u00e9valu\u00e9 la situation commerciale dans le secteur priv\u00e9 avec une moyenne de 2,55 sur l'\u00e9chelle des notes d'\u00e9cole, la meilleure valeur depuis le d\u00e9but des mesures, comme l'\u00e9crit BHE.<\/p>\n<p>\"L'enqu\u00eate confirme la demande croissante des utilisateurs priv\u00e9s\", d\u00e9clare Urban Brauer, directeur de BHE. Selon lui, cette \u00e9volution est notamment due \u00e0 l'augmentation du nombre de cambriolages en Allemagne depuis plusieurs ann\u00e9es.<\/p>\n<p>L'\u00e9volution positive de la demande devrait \u00e9galement \u00eatre une des raisons de la grande satisfaction g\u00e9n\u00e9rale concernant la situation commerciale globale. Celle-ci a \u00e9t\u00e9 r\u00e9compens\u00e9e par les juges sp\u00e9cialis\u00e9s avec un indice de 1,97, \u00e9galement un nouveau record de l'enqu\u00eate BHE.<\/p>\n<p>La situation future des affaires est \u00e9galement jug\u00e9e plus positivement que jamais (2,11). Il n'est donc pas surprenant que pr\u00e8s de 51% des entreprises interrog\u00e9es pr\u00e9voient d'embaucher de nouveaux collaborateurs et que 48% souhaitent maintenir leurs effectifs.<\/p>","protected":false},"excerpt":{"rendered":"<p>Das steigende Interesse von Privatpersonen an Sicherungstechniken macht sich auch bei den Facherrichtern bemerkbar: In der aktuellen Konjunkturumfrage des BHE Bundesverband Sicherheitstechnik in Deutschland bewerteten die Facherrichter die Gesch\u00e4ftslage im Privatbereich mit einem Schnitt von 2,55 auf der Schulnotenskala, dem besten Wert seit Beginn der Messungen, wie BHE schreibt. \u201eDie Erhebung best\u00e4tigt die wachsende Nachfrage [&hellip;]<\/p>\n","protected":false},"author":1,"featured_media":1848,"comment_status":"open","ping_status":"open","sticky":false,"template":"","format":"standard","meta":{"_acf_changed":false,"pgc_sgb_lightbox_settings":"","footnotes":""},"categories":[3312],"tags":[211,212],"class_list":["post-1835","post","type-post","status-publish","format-standard","has-post-thumbnail","hentry","category-sicherheit","tag-konjunktur-umfrage","tag-ueberfallmeldeanlagen"],"acf":[],"hkrextid":null,"publication":null,"issue":null,"workflow":null,"startPage":null,"spitzmarke":null,"_posts_by_tag_page_fields":{"widget_title":"","widget_tags":""},"_at_widget":"1","_yoast_wpseo_primary_category":"529","_yoast_wpseo_focuskw_text_input":"Sicherheitstechnik","_yoast_wpseo_opengraph-image":"https:\/\/sicherheitsforum.ch\/wp-content\/uploads\/2016\/12\/5559e9d82b2a9_Einbruch_Depositphotos_24539617_l_Sicherheitsforum.jpg","_yoast_wpseo_opengraph-description":"Gem\u00e4ss dem BHE Bundesverband Sicherheitstechnik sind die Facherrichter mit der Gesch\u00e4ftslage sehr zufrieden.","_yoast_wpseo_opengraph-title":"Sicherheitstechnik: optimale Gesch\u00e4ftslage","enclosure":null,"_yoast_wpseo_twitter-title":null,"_yoast_wpseo_twitter-description":null,"_yoast_wpseo_twitter-image":null,"_wp_old_slug":null,"_yoast_wpseo_title":null,"_yoast_wpseo_canonical":null,"yoast_head":"<!-- This site is optimized with the Yoast SEO plugin v27.4 - https:\/\/yoast.com\/product\/yoast-seo-wordpress\/ -->\n<title>Sicherheitstechnik: optimale Gesch\u00e4ftslage - Save<\/title>\n<meta name=\"description\" content=\"Gem\u00e4ss dem BHE Bundesverband Sicherheitstechnik sind die Facherrichter mit der Gesch\u00e4ftslage sehr zufrieden.\" \/>\n<meta name=\"robots\" content=\"index, follow, max-snippet:-1, max-image-preview:large, max-video-preview:-1\" \/>\n<link rel=\"canonical\" href=\"https:\/\/news.save.ch\/fr\/sicherheitstechnik-optimale-geschaeftslage\/\" \/>\n<meta property=\"og:locale\" content=\"fr_FR\" \/>\n<meta property=\"og:type\" content=\"article\" \/>\n<meta property=\"og:title\" content=\"Sicherheitstechnik: optimale Gesch\u00e4ftslage\" \/>\n<meta property=\"og:description\" content=\"Gem\u00e4ss dem BHE Bundesverband Sicherheitstechnik sind die Facherrichter mit der Gesch\u00e4ftslage sehr zufrieden.\" \/>\n<meta property=\"og:url\" content=\"https:\/\/news.save.ch\/fr\/sicherheitstechnik-optimale-geschaeftslage\/\" \/>\n<meta property=\"og:site_name\" content=\"Save\" \/>\n<meta property=\"article:published_time\" content=\"2015-05-19T07:00:20+00:00\" \/>\n<meta property=\"article:modified_time\" content=\"2023-03-14T07:59:25+00:00\" \/>\n<meta property=\"og:image\" content=\"https:\/\/sicherheitsforum.ch\/wp-content\/uploads\/2016\/12\/5559e9d82b2a9_Einbruch_Depositphotos_24539617_l_Sicherheitsforum.jpg\" \/>\n<meta name=\"author\" content=\"admin\" \/>\n<meta name=\"twitter:card\" content=\"summary_large_image\" \/>\n<meta name=\"twitter:label1\" content=\"\u00c9crit par\" \/>\n\t<meta name=\"twitter:data1\" content=\"admin\" \/>\n\t<meta name=\"twitter:label2\" content=\"Dur\u00e9e de lecture estim\u00e9e\" \/>\n\t<meta name=\"twitter:data2\" content=\"1 minute\" \/>\n<script type=\"application\/ld+json\" class=\"yoast-schema-graph\">{\"@context\":\"https:\\\/\\\/schema.org\",\"@graph\":[{\"@type\":\"Article\",\"@id\":\"https:\\\/\\\/news.save.ch\\\/sicherheitstechnik-optimale-geschaeftslage\\\/#article\",\"isPartOf\":{\"@id\":\"https:\\\/\\\/news.save.ch\\\/sicherheitstechnik-optimale-geschaeftslage\\\/\"},\"author\":{\"name\":\"admin\",\"@id\":\"https:\\\/\\\/news.save.ch\\\/de\\\/#\\\/schema\\\/person\\\/d49e199490bad7c70d64b9ab51142f2b\"},\"headline\":\"Sicherheitstechnik: optimale Gesch\u00e4ftslage\",\"datePublished\":\"2015-05-19T07:00:20+00:00\",\"dateModified\":\"2023-03-14T07:59:25+00:00\",\"mainEntityOfPage\":{\"@id\":\"https:\\\/\\\/news.save.ch\\\/sicherheitstechnik-optimale-geschaeftslage\\\/\"},\"wordCount\":172,\"commentCount\":0,\"publisher\":{\"@id\":\"https:\\\/\\\/news.save.ch\\\/de\\\/#organization\"},\"image\":{\"@id\":\"https:\\\/\\\/news.save.ch\\\/sicherheitstechnik-optimale-geschaeftslage\\\/#primaryimage\"},\"thumbnailUrl\":\"https:\\\/\\\/news.save.ch\\\/wp-content\\\/uploads\\\/2016\\\/12\\\/5559e9d82b2a9_Einbruch_Depositphotos_24539617_l_Sicherheitsforum-scaled-1-scaled.jpg\",\"keywords\":[\"Konjunktur-Umfrage\",\"\u00dcberfallmeldeanlagen\"],\"articleSection\":[\"SICHERHEIT\"],\"inLanguage\":\"fr-FR\"},{\"@type\":\"WebPage\",\"@id\":\"https:\\\/\\\/news.save.ch\\\/sicherheitstechnik-optimale-geschaeftslage\\\/\",\"url\":\"https:\\\/\\\/news.save.ch\\\/sicherheitstechnik-optimale-geschaeftslage\\\/\",\"name\":\"Sicherheitstechnik: optimale Gesch\u00e4ftslage - Save\",\"isPartOf\":{\"@id\":\"https:\\\/\\\/news.save.ch\\\/de\\\/#website\"},\"primaryImageOfPage\":{\"@id\":\"https:\\\/\\\/news.save.ch\\\/sicherheitstechnik-optimale-geschaeftslage\\\/#primaryimage\"},\"image\":{\"@id\":\"https:\\\/\\\/news.save.ch\\\/sicherheitstechnik-optimale-geschaeftslage\\\/#primaryimage\"},\"thumbnailUrl\":\"https:\\\/\\\/news.save.ch\\\/wp-content\\\/uploads\\\/2016\\\/12\\\/5559e9d82b2a9_Einbruch_Depositphotos_24539617_l_Sicherheitsforum-scaled-1-scaled.jpg\",\"datePublished\":\"2015-05-19T07:00:20+00:00\",\"dateModified\":\"2023-03-14T07:59:25+00:00\",\"description\":\"Gem\u00e4ss dem BHE Bundesverband Sicherheitstechnik sind die Facherrichter mit der Gesch\u00e4ftslage sehr zufrieden.\",\"breadcrumb\":{\"@id\":\"https:\\\/\\\/news.save.ch\\\/sicherheitstechnik-optimale-geschaeftslage\\\/#breadcrumb\"},\"inLanguage\":\"fr-FR\",\"potentialAction\":[{\"@type\":\"ReadAction\",\"target\":[\"https:\\\/\\\/news.save.ch\\\/sicherheitstechnik-optimale-geschaeftslage\\\/\"]}]},{\"@type\":\"ImageObject\",\"inLanguage\":\"fr-FR\",\"@id\":\"https:\\\/\\\/news.save.ch\\\/sicherheitstechnik-optimale-geschaeftslage\\\/#primaryimage\",\"url\":\"https:\\\/\\\/news.save.ch\\\/wp-content\\\/uploads\\\/2016\\\/12\\\/5559e9d82b2a9_Einbruch_Depositphotos_24539617_l_Sicherheitsforum-scaled-1-scaled.jpg\",\"contentUrl\":\"https:\\\/\\\/news.save.ch\\\/wp-content\\\/uploads\\\/2016\\\/12\\\/5559e9d82b2a9_Einbruch_Depositphotos_24539617_l_Sicherheitsforum-scaled-1-scaled.jpg\",\"width\":1400,\"height\":933,\"caption\":\"Die steigende Zahl an Wohnungseinbr\u00fcchen belebt das Gesch\u00e4ft.\"},{\"@type\":\"BreadcrumbList\",\"@id\":\"https:\\\/\\\/news.save.ch\\\/sicherheitstechnik-optimale-geschaeftslage\\\/#breadcrumb\",\"itemListElement\":[{\"@type\":\"ListItem\",\"position\":1,\"name\":\"Home\",\"item\":\"https:\\\/\\\/news.save.ch\\\/de\\\/\"},{\"@type\":\"ListItem\",\"position\":2,\"name\":\"Sicherheitstechnik: optimale Gesch\u00e4ftslage\"}]},{\"@type\":\"WebSite\",\"@id\":\"https:\\\/\\\/news.save.ch\\\/de\\\/#website\",\"url\":\"https:\\\/\\\/news.save.ch\\\/de\\\/\",\"name\":\"Save\",\"description\":\"Schweizer Fachzeitschrift f\u00fcr Sicherheit\",\"publisher\":{\"@id\":\"https:\\\/\\\/news.save.ch\\\/de\\\/#organization\"},\"potentialAction\":[{\"@type\":\"SearchAction\",\"target\":{\"@type\":\"EntryPoint\",\"urlTemplate\":\"https:\\\/\\\/news.save.ch\\\/de\\\/?s={search_term_string}\"},\"query-input\":{\"@type\":\"PropertyValueSpecification\",\"valueRequired\":true,\"valueName\":\"search_term_string\"}}],\"inLanguage\":\"fr-FR\"},{\"@type\":\"Organization\",\"@id\":\"https:\\\/\\\/news.save.ch\\\/de\\\/#organization\",\"name\":\"Sicherheitsforum\",\"url\":\"https:\\\/\\\/news.save.ch\\\/de\\\/\",\"logo\":{\"@type\":\"ImageObject\",\"inLanguage\":\"fr-FR\",\"@id\":\"https:\\\/\\\/news.save.ch\\\/de\\\/#\\\/schema\\\/logo\\\/image\\\/\",\"url\":\"https:\\\/\\\/news.save.ch\\\/wp-content\\\/uploads\\\/2022\\\/06\\\/Logo_SF_2012.png\",\"contentUrl\":\"https:\\\/\\\/news.save.ch\\\/wp-content\\\/uploads\\\/2022\\\/06\\\/Logo_SF_2012.png\",\"width\":1100,\"height\":91,\"caption\":\"Sicherheitsforum\"},\"image\":{\"@id\":\"https:\\\/\\\/news.save.ch\\\/de\\\/#\\\/schema\\\/logo\\\/image\\\/\"}},{\"@type\":\"Person\",\"@id\":\"https:\\\/\\\/news.save.ch\\\/de\\\/#\\\/schema\\\/person\\\/d49e199490bad7c70d64b9ab51142f2b\",\"name\":\"admin\",\"image\":{\"@type\":\"ImageObject\",\"inLanguage\":\"fr-FR\",\"@id\":\"https:\\\/\\\/secure.gravatar.com\\\/avatar\\\/ae2f4d718e6c49043e314ce431e7e645d646302a24a5ef5a8bc8e3f5a032e319?s=96&d=mm&r=g\",\"url\":\"https:\\\/\\\/secure.gravatar.com\\\/avatar\\\/ae2f4d718e6c49043e314ce431e7e645d646302a24a5ef5a8bc8e3f5a032e319?s=96&d=mm&r=g\",\"contentUrl\":\"https:\\\/\\\/secure.gravatar.com\\\/avatar\\\/ae2f4d718e6c49043e314ce431e7e645d646302a24a5ef5a8bc8e3f5a032e319?s=96&d=mm&r=g\",\"caption\":\"admin\"},\"sameAs\":[\"https:\\\/\\\/develop.organisator.galledia.ch\"],\"url\":\"https:\\\/\\\/news.save.ch\\\/fr\\\/author\\\/admin\\\/\"}]}<\/script>\n<!-- \/ Yoast SEO plugin. -->","yoast_head_json":{"title":"Technique de s\u00e9curit\u00e9 : situation commerciale optimale - Save","description":"Selon la BHE Bundesverband Sicherheitstechnik, les installateurs sp\u00e9cialis\u00e9s sont tr\u00e8s satisfaits de la situation commerciale.","robots":{"index":"index","follow":"follow","max-snippet":"max-snippet:-1","max-image-preview":"max-image-preview:large","max-video-preview":"max-video-preview:-1"},"canonical":"https:\/\/news.save.ch\/fr\/sicherheitstechnik-optimale-geschaeftslage\/","og_locale":"fr_FR","og_type":"article","og_title":"Sicherheitstechnik: optimale Gesch\u00e4ftslage","og_description":"Gem\u00e4ss dem BHE Bundesverband Sicherheitstechnik sind die Facherrichter mit der Gesch\u00e4ftslage sehr zufrieden.","og_url":"https:\/\/news.save.ch\/fr\/sicherheitstechnik-optimale-geschaeftslage\/","og_site_name":"Save","article_published_time":"2015-05-19T07:00:20+00:00","article_modified_time":"2023-03-14T07:59:25+00:00","og_image":[{"url":"https:\/\/sicherheitsforum.ch\/wp-content\/uploads\/2016\/12\/5559e9d82b2a9_Einbruch_Depositphotos_24539617_l_Sicherheitsforum.jpg","type":"","width":"","height":""}],"author":"admin","twitter_card":"summary_large_image","twitter_misc":{"\u00c9crit par":"admin","Dur\u00e9e de lecture estim\u00e9e":"1 minute"},"schema":{"@context":"https:\/\/schema.org","@graph":[{"@type":"Article","@id":"https:\/\/news.save.ch\/sicherheitstechnik-optimale-geschaeftslage\/#article","isPartOf":{"@id":"https:\/\/news.save.ch\/sicherheitstechnik-optimale-geschaeftslage\/"},"author":{"name":"admin","@id":"https:\/\/news.save.ch\/de\/#\/schema\/person\/d49e199490bad7c70d64b9ab51142f2b"},"headline":"Sicherheitstechnik: optimale Gesch\u00e4ftslage","datePublished":"2015-05-19T07:00:20+00:00","dateModified":"2023-03-14T07:59:25+00:00","mainEntityOfPage":{"@id":"https:\/\/news.save.ch\/sicherheitstechnik-optimale-geschaeftslage\/"},"wordCount":172,"commentCount":0,"publisher":{"@id":"https:\/\/news.save.ch\/de\/#organization"},"image":{"@id":"https:\/\/news.save.ch\/sicherheitstechnik-optimale-geschaeftslage\/#primaryimage"},"thumbnailUrl":"https:\/\/news.save.ch\/wp-content\/uploads\/2016\/12\/5559e9d82b2a9_Einbruch_Depositphotos_24539617_l_Sicherheitsforum-scaled-1-scaled.jpg","keywords":["Konjunktur-Umfrage","\u00dcberfallmeldeanlagen"],"articleSection":["SICHERHEIT"],"inLanguage":"fr-FR"},{"@type":"WebPage","@id":"https:\/\/news.save.ch\/sicherheitstechnik-optimale-geschaeftslage\/","url":"https:\/\/news.save.ch\/sicherheitstechnik-optimale-geschaeftslage\/","name":"Technique de s\u00e9curit\u00e9 : situation commerciale optimale - Save","isPartOf":{"@id":"https:\/\/news.save.ch\/de\/#website"},"primaryImageOfPage":{"@id":"https:\/\/news.save.ch\/sicherheitstechnik-optimale-geschaeftslage\/#primaryimage"},"image":{"@id":"https:\/\/news.save.ch\/sicherheitstechnik-optimale-geschaeftslage\/#primaryimage"},"thumbnailUrl":"https:\/\/news.save.ch\/wp-content\/uploads\/2016\/12\/5559e9d82b2a9_Einbruch_Depositphotos_24539617_l_Sicherheitsforum-scaled-1-scaled.jpg","datePublished":"2015-05-19T07:00:20+00:00","dateModified":"2023-03-14T07:59:25+00:00","description":"Selon la BHE Bundesverband Sicherheitstechnik, les installateurs sp\u00e9cialis\u00e9s sont tr\u00e8s satisfaits de la situation commerciale.","breadcrumb":{"@id":"https:\/\/news.save.ch\/sicherheitstechnik-optimale-geschaeftslage\/#breadcrumb"},"inLanguage":"fr-FR","potentialAction":[{"@type":"ReadAction","target":["https:\/\/news.save.ch\/sicherheitstechnik-optimale-geschaeftslage\/"]}]},{"@type":"ImageObject","inLanguage":"fr-FR","@id":"https:\/\/news.save.ch\/sicherheitstechnik-optimale-geschaeftslage\/#primaryimage","url":"https:\/\/news.save.ch\/wp-content\/uploads\/2016\/12\/5559e9d82b2a9_Einbruch_Depositphotos_24539617_l_Sicherheitsforum-scaled-1-scaled.jpg","contentUrl":"https:\/\/news.save.ch\/wp-content\/uploads\/2016\/12\/5559e9d82b2a9_Einbruch_Depositphotos_24539617_l_Sicherheitsforum-scaled-1-scaled.jpg","width":1400,"height":933,"caption":"Die steigende Zahl an Wohnungseinbr\u00fcchen belebt das Gesch\u00e4ft."},{"@type":"BreadcrumbList","@id":"https:\/\/news.save.ch\/sicherheitstechnik-optimale-geschaeftslage\/#breadcrumb","itemListElement":[{"@type":"ListItem","position":1,"name":"Home","item":"https:\/\/news.save.ch\/de\/"},{"@type":"ListItem","position":2,"name":"Sicherheitstechnik: optimale Gesch\u00e4ftslage"}]},{"@type":"WebSite","@id":"https:\/\/news.save.ch\/de\/#website","url":"https:\/\/news.save.ch\/de\/","name":"Save","description":"Revue suisse sp\u00e9cialis\u00e9e dans la s\u00e9curit\u00e9","publisher":{"@id":"https:\/\/news.save.ch\/de\/#organization"},"potentialAction":[{"@type":"SearchAction","target":{"@type":"EntryPoint","urlTemplate":"https:\/\/news.save.ch\/de\/?s={search_term_string}"},"query-input":{"@type":"PropertyValueSpecification","valueRequired":true,"valueName":"search_term_string"}}],"inLanguage":"fr-FR"},{"@type":"Organization","@id":"https:\/\/news.save.ch\/de\/#organization","name":"Forum sur la s\u00e9curit\u00e9","url":"https:\/\/news.save.ch\/de\/","logo":{"@type":"ImageObject","inLanguage":"fr-FR","@id":"https:\/\/news.save.ch\/de\/#\/schema\/logo\/image\/","url":"https:\/\/news.save.ch\/wp-content\/uploads\/2022\/06\/Logo_SF_2012.png","contentUrl":"https:\/\/news.save.ch\/wp-content\/uploads\/2022\/06\/Logo_SF_2012.png","width":1100,"height":91,"caption":"Sicherheitsforum"},"image":{"@id":"https:\/\/news.save.ch\/de\/#\/schema\/logo\/image\/"}},{"@type":"Person","@id":"https:\/\/news.save.ch\/de\/#\/schema\/person\/d49e199490bad7c70d64b9ab51142f2b","name":"admin","image":{"@type":"ImageObject","inLanguage":"fr-FR","@id":"https:\/\/secure.gravatar.com\/avatar\/ae2f4d718e6c49043e314ce431e7e645d646302a24a5ef5a8bc8e3f5a032e319?s=96&d=mm&r=g","url":"https:\/\/secure.gravatar.com\/avatar\/ae2f4d718e6c49043e314ce431e7e645d646302a24a5ef5a8bc8e3f5a032e319?s=96&d=mm&r=g","contentUrl":"https:\/\/secure.gravatar.com\/avatar\/ae2f4d718e6c49043e314ce431e7e645d646302a24a5ef5a8bc8e3f5a032e319?s=96&d=mm&r=g","caption":"admin"},"sameAs":["https:\/\/develop.organisator.galledia.ch"],"url":"https:\/\/news.save.ch\/fr\/author\/admin\/"}]}},"_links":{"self":[{"href":"https:\/\/news.save.ch\/fr\/wp-json\/wp\/v2\/posts\/1835","targetHints":{"allow":["GET"]}}],"collection":[{"href":"https:\/\/news.save.ch\/fr\/wp-json\/wp\/v2\/posts"}],"about":[{"href":"https:\/\/news.save.ch\/fr\/wp-json\/wp\/v2\/types\/post"}],"author":[{"embeddable":true,"href":"https:\/\/news.save.ch\/fr\/wp-json\/wp\/v2\/users\/1"}],"replies":[{"embeddable":true,"href":"https:\/\/news.save.ch\/fr\/wp-json\/wp\/v2\/comments?post=1835"}],"version-history":[{"count":1,"href":"https:\/\/news.save.ch\/fr\/wp-json\/wp\/v2\/posts\/1835\/revisions"}],"predecessor-version":[{"id":17956,"href":"https:\/\/news.save.ch\/fr\/wp-json\/wp\/v2\/posts\/1835\/revisions\/17956"}],"wp:featuredmedia":[{"embeddable":true,"href":"https:\/\/news.save.ch\/fr\/wp-json\/wp\/v2\/media\/1848"}],"wp:attachment":[{"href":"https:\/\/news.save.ch\/fr\/wp-json\/wp\/v2\/media?parent=1835"}],"wp:term":[{"taxonomy":"category","embeddable":true,"href":"https:\/\/news.save.ch\/fr\/wp-json\/wp\/v2\/categories?post=1835"},{"taxonomy":"post_tag","embeddable":true,"href":"https:\/\/news.save.ch\/fr\/wp-json\/wp\/v2\/tags?post=1835"}],"curies":[{"name":"wp","href":"https:\/\/api.w.org\/{rel}","templated":true}]}}