{"id":1882,"date":"2015-05-20T08:00:11","date_gmt":"2015-05-20T06:00:11","guid":{"rendered":"https:\/\/dev.sicherheitsforum.ch\/?p=1882"},"modified":"2023-03-14T09:00:05","modified_gmt":"2023-03-14T08:00:05","slug":"update-zutrittskontrolle","status":null,"type":"post","link":"https:\/\/news.save.ch\/fr\/update-zutrittskontrolle\/","title":{"rendered":"Mise \u00e0 jour du contr\u00f4le d'acc\u00e8s"},"content":{"rendered":"<p><img loading=\"lazy\" decoding=\"async\" class=\"alignnone size-medium wp-image-1887\" src=\"https:\/\/sicherheitsforum.ch\/wp-content\/uploads\/2016\/12\/555b886ff3a64_Depositphotos_64108567_l_Sicherheitsforum.jpg\" alt=\"\" width=\"680\" height=\"460\" \/><\/p>\n<p>Le contr\u00f4le d'acc\u00e8s (ZuKo) ne doit pas g\u00eaner les personnes autoris\u00e9es \u00e0 entrer dans l'\u00e9tablissement, mais il doit clairement interdire l'acc\u00e8s aux personnes non autoris\u00e9es. Des mesures architecturales, organisationnelles et techniques permettent de ma\u00eetriser cet \u00e9quilibre. Le contr\u00f4le d'acc\u00e8s est une mesure pr\u00e9ventive importante. Il permet de dissuader les d\u00e9linquants potentiels, en particulier les d\u00e9linquants occasionnels.<\/p>\n<p>Les syst\u00e8mes de contr\u00f4le d'acc\u00e8s ont beaucoup \u00e9volu\u00e9 ces derni\u00e8res ann\u00e9es gr\u00e2ce \u00e0 des technologies de plus en plus sophistiqu\u00e9es. Cela soul\u00e8ve des questions : Carte m\u00e9dia ou smartphone ? Quelles sont les exigences d'un exploitant ? Le syst\u00e8me ZuKo doit-il \u00eatre mis en r\u00e9seau dans le sens d'un concept de s\u00e9curit\u00e9 int\u00e9gral ? Qu'en est-il de la fusion avec la technique du b\u00e2timent ? Quelles sont les limites de l'int\u00e9gration du syst\u00e8me ?<\/p>\n<p>Pour r\u00e9pondre \u00e0 ces questions et \u00e0 d'autres th\u00e8mes relatifs \u00e0 la CoCo, la <a title=\"Lien vers le programme\" href=\"https:\/\/www.save.ch\/events\/zutrittskontrolle-ohne-hindernisse-18-juni-2015\/\" target=\"_blank\" data-cke-saved-href=\"https:\/\/www.save.ch\/events\/zutrittskontrolle-ohne-hindernisse-18-juni-2015\/\" rel=\"noopener\">Congr\u00e8s \"Contr\u00f4le d'acc\u00e8s sans obstacles - S\u00e9curit\u00e9 de la planification et de l'investissement\". <\/a>R\u00e9ponses (<a title=\"Lien SES\" href=\"https:\/\/www.sicher-ses.ch\/\" target=\"_blank\" data-cke-saved-href=\"https:\/\/www.sicher-ses.ch\/\" rel=\"noopener\">SES<\/a>-congr\u00e8s professionnel). L'\u00e9v\u00e9nement aura lieu le 18 juin 2015 \u00e0 Zurich.<\/p>\n<p>L'\u00e9v\u00e9nement est organis\u00e9 par Save AG, une entreprise du groupe galledia.<\/p>\n<p><strong>Parution d'une \u00e9dition sp\u00e9ciale<\/strong><\/p>\n<p>D\u00e9but juin, une \u00e9dition sp\u00e9ciale du magazine sp\u00e9cialis\u00e9 SicherheitsForum para\u00eetra \u00e0 nouveau, sur le th\u00e8me du contr\u00f4le d'acc\u00e8s. Outre des articles techniques approfondis sur le sujet (aspects de planification, protection des donn\u00e9es, exemples pratiques, etc.), un aper\u00e7u du march\u00e9 de pr\u00e8s de 40 pages pr\u00e9sente le profil de prestations ZuKo des fabricants et des revendeurs sp\u00e9cialis\u00e9s.<\/p>\n<p>Un exemplaire de l'\u00e9dition sp\u00e9ciale \"Contr\u00f4le d'acc\u00e8s\" peut \u00eatre obtenu aupr\u00e8s de l'association. <a title=\"Lien vers l&#039;exemplaire \u00e0 consulter\" href=\"https:\/\/hamster.ch\/subscribe\" target=\"_blank\" data-cke-saved-href=\"https:\/\/hamster.ch\/subscribe\" rel=\"noopener\">ici<\/a> peuvent \u00eatre demand\u00e9s.<\/p>","protected":false},"excerpt":{"rendered":"<p>Die Zutrittskontrolle (ZuKo) soll Berechtigten beim Zutritt nicht hinderlich sein, Unberechtigten aber klar den Zutritt verweigern. Basierend auf baulichen, organisatorischen und technischen Massnahmen wird versucht, diesen Spagat erfolgreich zu meistern. Die Zutrittskontrolle ist eine wichtige pr\u00e4ventive Massnahme. Potenzielle T\u00e4ter, insbesondere Gelegenheitst\u00e4ter, werden durch sie abgeschreckt. Zutrittskontrollsysteme haben sich in den letzten Jahren dank immer ausgekl\u00fcgelteren [&hellip;]<\/p>\n","protected":false},"author":1,"featured_media":1887,"comment_status":"open","ping_status":"open","sticky":false,"template":"","format":"standard","meta":{"_acf_changed":false,"pgc_sgb_lightbox_settings":"","footnotes":""},"categories":[3312],"tags":[215],"class_list":["post-1882","post","type-post","status-publish","format-standard","has-post-thumbnail","hentry","category-sicherheit","tag-tagung-zutrittskontrolle"],"acf":[],"hkrextid":null,"publication":null,"issue":null,"workflow":null,"startPage":null,"spitzmarke":null,"_posts_by_tag_page_fields":{"widget_title":"","widget_tags":""},"_at_widget":"1","_yoast_wpseo_primary_category":"3303","_yoast_wpseo_focuskw_text_input":"Zutrittskontrolle","_yoast_wpseo_opengraph-image":"https:\/\/sicherheitsforum.ch\/wp-content\/uploads\/2016\/12\/555b886ff3a64_Depositphotos_64108567_l_Sicherheitsforum.jpg","_yoast_wpseo_opengraph-description":"Wer seine Einrichtungen sch\u00fctzen oder den Diebstahl von geistigem Eigentum verhindern will, beginnt wohl am ehesten mit der Planung eines geeigneten Zutrittskontrollsystems.","_yoast_wpseo_opengraph-title":"Update Zutrittskontrolle","enclosure":null,"_yoast_wpseo_twitter-title":null,"_yoast_wpseo_twitter-description":null,"_yoast_wpseo_twitter-image":null,"_wp_old_slug":null,"_yoast_wpseo_title":null,"_yoast_wpseo_canonical":null,"yoast_head":"<!-- This site is optimized with the Yoast SEO plugin v27.4 - https:\/\/yoast.com\/product\/yoast-seo-wordpress\/ -->\n<title>Update Zutrittskontrolle - Save<\/title>\n<meta name=\"description\" content=\"Wer seine Einrichtungen sch\u00fctzen oder den Diebstahl von geistigem Eigentum verhindern will, beginnt mit der Planung eines Zutrittskontrollsystems.\" \/>\n<meta name=\"robots\" content=\"index, follow, max-snippet:-1, max-image-preview:large, max-video-preview:-1\" \/>\n<link rel=\"canonical\" href=\"https:\/\/news.save.ch\/fr\/update-zutrittskontrolle\/\" \/>\n<meta property=\"og:locale\" content=\"fr_FR\" \/>\n<meta property=\"og:type\" content=\"article\" \/>\n<meta property=\"og:title\" content=\"Update Zutrittskontrolle\" \/>\n<meta property=\"og:description\" content=\"Wer seine Einrichtungen sch\u00fctzen oder den Diebstahl von geistigem Eigentum verhindern will, beginnt wohl am ehesten mit der Planung eines geeigneten Zutrittskontrollsystems.\" \/>\n<meta property=\"og:url\" content=\"https:\/\/news.save.ch\/fr\/update-zutrittskontrolle\/\" \/>\n<meta property=\"og:site_name\" content=\"Save\" \/>\n<meta property=\"article:published_time\" content=\"2015-05-20T06:00:11+00:00\" \/>\n<meta property=\"article:modified_time\" content=\"2023-03-14T08:00:05+00:00\" \/>\n<meta property=\"og:image\" content=\"https:\/\/sicherheitsforum.ch\/wp-content\/uploads\/2016\/12\/555b886ff3a64_Depositphotos_64108567_l_Sicherheitsforum.jpg\" \/>\n<meta name=\"author\" content=\"admin\" \/>\n<meta name=\"twitter:card\" content=\"summary_large_image\" \/>\n<meta name=\"twitter:label1\" content=\"\u00c9crit par\" \/>\n\t<meta name=\"twitter:data1\" content=\"admin\" \/>\n\t<meta name=\"twitter:label2\" content=\"Dur\u00e9e de lecture estim\u00e9e\" \/>\n\t<meta name=\"twitter:data2\" content=\"1 minute\" \/>\n<script type=\"application\/ld+json\" class=\"yoast-schema-graph\">{\"@context\":\"https:\\\/\\\/schema.org\",\"@graph\":[{\"@type\":\"Article\",\"@id\":\"https:\\\/\\\/news.save.ch\\\/update-zutrittskontrolle\\\/#article\",\"isPartOf\":{\"@id\":\"https:\\\/\\\/news.save.ch\\\/update-zutrittskontrolle\\\/\"},\"author\":{\"name\":\"admin\",\"@id\":\"https:\\\/\\\/news.save.ch\\\/de\\\/#\\\/schema\\\/person\\\/d49e199490bad7c70d64b9ab51142f2b\"},\"headline\":\"Update Zutrittskontrolle\",\"datePublished\":\"2015-05-20T06:00:11+00:00\",\"dateModified\":\"2023-03-14T08:00:05+00:00\",\"mainEntityOfPage\":{\"@id\":\"https:\\\/\\\/news.save.ch\\\/update-zutrittskontrolle\\\/\"},\"wordCount\":199,\"commentCount\":0,\"publisher\":{\"@id\":\"https:\\\/\\\/news.save.ch\\\/de\\\/#organization\"},\"image\":{\"@id\":\"https:\\\/\\\/news.save.ch\\\/update-zutrittskontrolle\\\/#primaryimage\"},\"thumbnailUrl\":\"https:\\\/\\\/news.save.ch\\\/wp-content\\\/uploads\\\/2016\\\/12\\\/555b886ff3a64_Depositphotos_64108567_l_Sicherheitsforum-scaled-1-scaled.jpg\",\"keywords\":[\"Tagung Zutrittskontrolle\"],\"articleSection\":[\"SICHERHEIT\"],\"inLanguage\":\"fr-FR\"},{\"@type\":\"WebPage\",\"@id\":\"https:\\\/\\\/news.save.ch\\\/update-zutrittskontrolle\\\/\",\"url\":\"https:\\\/\\\/news.save.ch\\\/update-zutrittskontrolle\\\/\",\"name\":\"Update Zutrittskontrolle - Save\",\"isPartOf\":{\"@id\":\"https:\\\/\\\/news.save.ch\\\/de\\\/#website\"},\"primaryImageOfPage\":{\"@id\":\"https:\\\/\\\/news.save.ch\\\/update-zutrittskontrolle\\\/#primaryimage\"},\"image\":{\"@id\":\"https:\\\/\\\/news.save.ch\\\/update-zutrittskontrolle\\\/#primaryimage\"},\"thumbnailUrl\":\"https:\\\/\\\/news.save.ch\\\/wp-content\\\/uploads\\\/2016\\\/12\\\/555b886ff3a64_Depositphotos_64108567_l_Sicherheitsforum-scaled-1-scaled.jpg\",\"datePublished\":\"2015-05-20T06:00:11+00:00\",\"dateModified\":\"2023-03-14T08:00:05+00:00\",\"description\":\"Wer seine Einrichtungen sch\u00fctzen oder den Diebstahl von geistigem Eigentum verhindern will, beginnt mit der Planung eines Zutrittskontrollsystems.\",\"breadcrumb\":{\"@id\":\"https:\\\/\\\/news.save.ch\\\/update-zutrittskontrolle\\\/#breadcrumb\"},\"inLanguage\":\"fr-FR\",\"potentialAction\":[{\"@type\":\"ReadAction\",\"target\":[\"https:\\\/\\\/news.save.ch\\\/update-zutrittskontrolle\\\/\"]}]},{\"@type\":\"ImageObject\",\"inLanguage\":\"fr-FR\",\"@id\":\"https:\\\/\\\/news.save.ch\\\/update-zutrittskontrolle\\\/#primaryimage\",\"url\":\"https:\\\/\\\/news.save.ch\\\/wp-content\\\/uploads\\\/2016\\\/12\\\/555b886ff3a64_Depositphotos_64108567_l_Sicherheitsforum-scaled-1-scaled.jpg\",\"contentUrl\":\"https:\\\/\\\/news.save.ch\\\/wp-content\\\/uploads\\\/2016\\\/12\\\/555b886ff3a64_Depositphotos_64108567_l_Sicherheitsforum-scaled-1-scaled.jpg\",\"width\":1400,\"height\":948,\"caption\":\"Update Zutrittskontrolle\"},{\"@type\":\"BreadcrumbList\",\"@id\":\"https:\\\/\\\/news.save.ch\\\/update-zutrittskontrolle\\\/#breadcrumb\",\"itemListElement\":[{\"@type\":\"ListItem\",\"position\":1,\"name\":\"Home\",\"item\":\"https:\\\/\\\/news.save.ch\\\/de\\\/\"},{\"@type\":\"ListItem\",\"position\":2,\"name\":\"Update Zutrittskontrolle\"}]},{\"@type\":\"WebSite\",\"@id\":\"https:\\\/\\\/news.save.ch\\\/de\\\/#website\",\"url\":\"https:\\\/\\\/news.save.ch\\\/de\\\/\",\"name\":\"Save\",\"description\":\"Schweizer Fachzeitschrift f\u00fcr Sicherheit\",\"publisher\":{\"@id\":\"https:\\\/\\\/news.save.ch\\\/de\\\/#organization\"},\"potentialAction\":[{\"@type\":\"SearchAction\",\"target\":{\"@type\":\"EntryPoint\",\"urlTemplate\":\"https:\\\/\\\/news.save.ch\\\/de\\\/?s={search_term_string}\"},\"query-input\":{\"@type\":\"PropertyValueSpecification\",\"valueRequired\":true,\"valueName\":\"search_term_string\"}}],\"inLanguage\":\"fr-FR\"},{\"@type\":\"Organization\",\"@id\":\"https:\\\/\\\/news.save.ch\\\/de\\\/#organization\",\"name\":\"Sicherheitsforum\",\"url\":\"https:\\\/\\\/news.save.ch\\\/de\\\/\",\"logo\":{\"@type\":\"ImageObject\",\"inLanguage\":\"fr-FR\",\"@id\":\"https:\\\/\\\/news.save.ch\\\/de\\\/#\\\/schema\\\/logo\\\/image\\\/\",\"url\":\"https:\\\/\\\/news.save.ch\\\/wp-content\\\/uploads\\\/2022\\\/06\\\/Logo_SF_2012.png\",\"contentUrl\":\"https:\\\/\\\/news.save.ch\\\/wp-content\\\/uploads\\\/2022\\\/06\\\/Logo_SF_2012.png\",\"width\":1100,\"height\":91,\"caption\":\"Sicherheitsforum\"},\"image\":{\"@id\":\"https:\\\/\\\/news.save.ch\\\/de\\\/#\\\/schema\\\/logo\\\/image\\\/\"}},{\"@type\":\"Person\",\"@id\":\"https:\\\/\\\/news.save.ch\\\/de\\\/#\\\/schema\\\/person\\\/d49e199490bad7c70d64b9ab51142f2b\",\"name\":\"admin\",\"image\":{\"@type\":\"ImageObject\",\"inLanguage\":\"fr-FR\",\"@id\":\"https:\\\/\\\/secure.gravatar.com\\\/avatar\\\/ae2f4d718e6c49043e314ce431e7e645d646302a24a5ef5a8bc8e3f5a032e319?s=96&d=mm&r=g\",\"url\":\"https:\\\/\\\/secure.gravatar.com\\\/avatar\\\/ae2f4d718e6c49043e314ce431e7e645d646302a24a5ef5a8bc8e3f5a032e319?s=96&d=mm&r=g\",\"contentUrl\":\"https:\\\/\\\/secure.gravatar.com\\\/avatar\\\/ae2f4d718e6c49043e314ce431e7e645d646302a24a5ef5a8bc8e3f5a032e319?s=96&d=mm&r=g\",\"caption\":\"admin\"},\"sameAs\":[\"https:\\\/\\\/develop.organisator.galledia.ch\"],\"url\":\"https:\\\/\\\/news.save.ch\\\/fr\\\/author\\\/admin\\\/\"}]}<\/script>\n<!-- \/ Yoast SEO plugin. -->","yoast_head_json":{"title":"Mise \u00e0 jour du contr\u00f4le d'acc\u00e8s - Save","description":"Pour prot\u00e9ger ses installations ou emp\u00eacher le vol de propri\u00e9t\u00e9 intellectuelle, il faut commencer par planifier un syst\u00e8me de contr\u00f4le d'acc\u00e8s.","robots":{"index":"index","follow":"follow","max-snippet":"max-snippet:-1","max-image-preview":"max-image-preview:large","max-video-preview":"max-video-preview:-1"},"canonical":"https:\/\/news.save.ch\/fr\/update-zutrittskontrolle\/","og_locale":"fr_FR","og_type":"article","og_title":"Update Zutrittskontrolle","og_description":"Wer seine Einrichtungen sch\u00fctzen oder den Diebstahl von geistigem Eigentum verhindern will, beginnt wohl am ehesten mit der Planung eines geeigneten Zutrittskontrollsystems.","og_url":"https:\/\/news.save.ch\/fr\/update-zutrittskontrolle\/","og_site_name":"Save","article_published_time":"2015-05-20T06:00:11+00:00","article_modified_time":"2023-03-14T08:00:05+00:00","og_image":[{"url":"https:\/\/sicherheitsforum.ch\/wp-content\/uploads\/2016\/12\/555b886ff3a64_Depositphotos_64108567_l_Sicherheitsforum.jpg","type":"","width":"","height":""}],"author":"admin","twitter_card":"summary_large_image","twitter_misc":{"\u00c9crit par":"admin","Dur\u00e9e de lecture estim\u00e9e":"1 minute"},"schema":{"@context":"https:\/\/schema.org","@graph":[{"@type":"Article","@id":"https:\/\/news.save.ch\/update-zutrittskontrolle\/#article","isPartOf":{"@id":"https:\/\/news.save.ch\/update-zutrittskontrolle\/"},"author":{"name":"admin","@id":"https:\/\/news.save.ch\/de\/#\/schema\/person\/d49e199490bad7c70d64b9ab51142f2b"},"headline":"Update Zutrittskontrolle","datePublished":"2015-05-20T06:00:11+00:00","dateModified":"2023-03-14T08:00:05+00:00","mainEntityOfPage":{"@id":"https:\/\/news.save.ch\/update-zutrittskontrolle\/"},"wordCount":199,"commentCount":0,"publisher":{"@id":"https:\/\/news.save.ch\/de\/#organization"},"image":{"@id":"https:\/\/news.save.ch\/update-zutrittskontrolle\/#primaryimage"},"thumbnailUrl":"https:\/\/news.save.ch\/wp-content\/uploads\/2016\/12\/555b886ff3a64_Depositphotos_64108567_l_Sicherheitsforum-scaled-1-scaled.jpg","keywords":["Tagung Zutrittskontrolle"],"articleSection":["SICHERHEIT"],"inLanguage":"fr-FR"},{"@type":"WebPage","@id":"https:\/\/news.save.ch\/update-zutrittskontrolle\/","url":"https:\/\/news.save.ch\/update-zutrittskontrolle\/","name":"Mise \u00e0 jour du contr\u00f4le d'acc\u00e8s - Save","isPartOf":{"@id":"https:\/\/news.save.ch\/de\/#website"},"primaryImageOfPage":{"@id":"https:\/\/news.save.ch\/update-zutrittskontrolle\/#primaryimage"},"image":{"@id":"https:\/\/news.save.ch\/update-zutrittskontrolle\/#primaryimage"},"thumbnailUrl":"https:\/\/news.save.ch\/wp-content\/uploads\/2016\/12\/555b886ff3a64_Depositphotos_64108567_l_Sicherheitsforum-scaled-1-scaled.jpg","datePublished":"2015-05-20T06:00:11+00:00","dateModified":"2023-03-14T08:00:05+00:00","description":"Pour prot\u00e9ger ses installations ou emp\u00eacher le vol de propri\u00e9t\u00e9 intellectuelle, il faut commencer par planifier un syst\u00e8me de contr\u00f4le d'acc\u00e8s.","breadcrumb":{"@id":"https:\/\/news.save.ch\/update-zutrittskontrolle\/#breadcrumb"},"inLanguage":"fr-FR","potentialAction":[{"@type":"ReadAction","target":["https:\/\/news.save.ch\/update-zutrittskontrolle\/"]}]},{"@type":"ImageObject","inLanguage":"fr-FR","@id":"https:\/\/news.save.ch\/update-zutrittskontrolle\/#primaryimage","url":"https:\/\/news.save.ch\/wp-content\/uploads\/2016\/12\/555b886ff3a64_Depositphotos_64108567_l_Sicherheitsforum-scaled-1-scaled.jpg","contentUrl":"https:\/\/news.save.ch\/wp-content\/uploads\/2016\/12\/555b886ff3a64_Depositphotos_64108567_l_Sicherheitsforum-scaled-1-scaled.jpg","width":1400,"height":948,"caption":"Update Zutrittskontrolle"},{"@type":"BreadcrumbList","@id":"https:\/\/news.save.ch\/update-zutrittskontrolle\/#breadcrumb","itemListElement":[{"@type":"ListItem","position":1,"name":"Home","item":"https:\/\/news.save.ch\/de\/"},{"@type":"ListItem","position":2,"name":"Update Zutrittskontrolle"}]},{"@type":"WebSite","@id":"https:\/\/news.save.ch\/de\/#website","url":"https:\/\/news.save.ch\/de\/","name":"Save","description":"Revue suisse sp\u00e9cialis\u00e9e dans la s\u00e9curit\u00e9","publisher":{"@id":"https:\/\/news.save.ch\/de\/#organization"},"potentialAction":[{"@type":"SearchAction","target":{"@type":"EntryPoint","urlTemplate":"https:\/\/news.save.ch\/de\/?s={search_term_string}"},"query-input":{"@type":"PropertyValueSpecification","valueRequired":true,"valueName":"search_term_string"}}],"inLanguage":"fr-FR"},{"@type":"Organization","@id":"https:\/\/news.save.ch\/de\/#organization","name":"Forum sur la s\u00e9curit\u00e9","url":"https:\/\/news.save.ch\/de\/","logo":{"@type":"ImageObject","inLanguage":"fr-FR","@id":"https:\/\/news.save.ch\/de\/#\/schema\/logo\/image\/","url":"https:\/\/news.save.ch\/wp-content\/uploads\/2022\/06\/Logo_SF_2012.png","contentUrl":"https:\/\/news.save.ch\/wp-content\/uploads\/2022\/06\/Logo_SF_2012.png","width":1100,"height":91,"caption":"Sicherheitsforum"},"image":{"@id":"https:\/\/news.save.ch\/de\/#\/schema\/logo\/image\/"}},{"@type":"Person","@id":"https:\/\/news.save.ch\/de\/#\/schema\/person\/d49e199490bad7c70d64b9ab51142f2b","name":"admin","image":{"@type":"ImageObject","inLanguage":"fr-FR","@id":"https:\/\/secure.gravatar.com\/avatar\/ae2f4d718e6c49043e314ce431e7e645d646302a24a5ef5a8bc8e3f5a032e319?s=96&d=mm&r=g","url":"https:\/\/secure.gravatar.com\/avatar\/ae2f4d718e6c49043e314ce431e7e645d646302a24a5ef5a8bc8e3f5a032e319?s=96&d=mm&r=g","contentUrl":"https:\/\/secure.gravatar.com\/avatar\/ae2f4d718e6c49043e314ce431e7e645d646302a24a5ef5a8bc8e3f5a032e319?s=96&d=mm&r=g","caption":"admin"},"sameAs":["https:\/\/develop.organisator.galledia.ch"],"url":"https:\/\/news.save.ch\/fr\/author\/admin\/"}]}},"_links":{"self":[{"href":"https:\/\/news.save.ch\/fr\/wp-json\/wp\/v2\/posts\/1882","targetHints":{"allow":["GET"]}}],"collection":[{"href":"https:\/\/news.save.ch\/fr\/wp-json\/wp\/v2\/posts"}],"about":[{"href":"https:\/\/news.save.ch\/fr\/wp-json\/wp\/v2\/types\/post"}],"author":[{"embeddable":true,"href":"https:\/\/news.save.ch\/fr\/wp-json\/wp\/v2\/users\/1"}],"replies":[{"embeddable":true,"href":"https:\/\/news.save.ch\/fr\/wp-json\/wp\/v2\/comments?post=1882"}],"version-history":[{"count":1,"href":"https:\/\/news.save.ch\/fr\/wp-json\/wp\/v2\/posts\/1882\/revisions"}],"predecessor-version":[{"id":18023,"href":"https:\/\/news.save.ch\/fr\/wp-json\/wp\/v2\/posts\/1882\/revisions\/18023"}],"wp:featuredmedia":[{"embeddable":true,"href":"https:\/\/news.save.ch\/fr\/wp-json\/wp\/v2\/media\/1887"}],"wp:attachment":[{"href":"https:\/\/news.save.ch\/fr\/wp-json\/wp\/v2\/media?parent=1882"}],"wp:term":[{"taxonomy":"category","embeddable":true,"href":"https:\/\/news.save.ch\/fr\/wp-json\/wp\/v2\/categories?post=1882"},{"taxonomy":"post_tag","embeddable":true,"href":"https:\/\/news.save.ch\/fr\/wp-json\/wp\/v2\/tags?post=1882"}],"curies":[{"name":"wp","href":"https:\/\/api.w.org\/{rel}","templated":true}]}}