{"id":1890,"date":"2015-05-20T08:46:32","date_gmt":"2015-05-20T06:46:32","guid":{"rendered":"https:\/\/dev.sicherheitsforum.ch\/?p=1890"},"modified":"2023-03-14T09:00:05","modified_gmt":"2023-03-14T08:00:05","slug":"glutz-und-halter-kooperieren","status":null,"type":"post","link":"https:\/\/news.save.ch\/fr\/glutz-und-halter-kooperieren\/","title":{"rendered":"Glutz et Halter coop\u00e8rent"},"content":{"rendered":"<figure id=\"attachment_1900\" aria-describedby=\"caption-attachment-1900\" style=\"width: 392px\" class=\"wp-caption alignnone\"><img loading=\"lazy\" decoding=\"async\" class=\"size-full wp-image-1900\" src=\"https:\/\/sicherheitsforum.ch\/wp-content\/uploads\/2016\/12\/555c2eb2ba5e9_Glutz_Halter_Sicherheitsforum.jpg\" alt=\"\" width=\"392\" height=\"510\" srcset=\"https:\/\/news.save.ch\/wp-content\/uploads\/2016\/12\/555c2eb2ba5e9_Glutz_Halter_Sicherheitsforum.jpg 392w, https:\/\/news.save.ch\/wp-content\/uploads\/2016\/12\/555c2eb2ba5e9_Glutz_Halter_Sicherheitsforum-231x300.jpg 231w\" sizes=\"auto, (max-width: 392px) 100vw, 392px\" \/><figcaption id=\"caption-attachment-1900\" class=\"wp-caption-text\">Travaillent d\u00e9sormais ensemble : Glutz AG et Halter AG.<\/figcaption><\/figure>\n<p>Les deux entreprises traditionnelles suisses <a title=\"Lien vers l&#039;entreprise\" href=\"https:\/\/www.glutz.com\" target=\"_blank\" data-cke-saved-href=\"https:\/\/www.glutz.com\" rel=\"noopener\">Glutz<\/a> et <a title=\"Lien vers l&#039;entreprise\" href=\"https:\/\/www.halter.ag\" target=\"_blank\" data-cke-saved-href=\"https:\/\/www.halter.ag\" rel=\"noopener\">Support<\/a> unissent leurs comp\u00e9tences : Halter fabriquera deux produits m\u00e9caniques pour Glutz. Les deux nouveaux syst\u00e8mes \"Glutz mAccess Basic\" et \"Glutz mAccess Pro\" \u00e9largissent le portefeuille de produits du fournisseur - en particulier pour les solutions d'acc\u00e8s continues, comme le souligne l'entreprise. Halter fabrique ces syst\u00e8mes sp\u00e9cialement pour Glutz.<\/p>\n<p><strong>Strat\u00e9gie de croissance commune<\/strong><\/p>\n<p>Gr\u00e2ce \u00e0 cette collaboration, les deux entreprises visent une strat\u00e9gie de croissance commune. Hanspeter Halter, CEO de Halter, explique : \"La recherche commune de la qualit\u00e9 et de la croissance ainsi qu'un fort \u00e9lan d'innovation unissent nos entreprises et constituent une bonne base pour la coop\u00e9ration\". Peter Riedweg, CEO de Glutz, et Bruno R\u00e4z, responsable du d\u00e9veloppement commercial des syst\u00e8mes d'acc\u00e8s, soulignent eux aussi les grands avantages de cette coop\u00e9ration : \"Gr\u00e2ce \u00e0 cette collaboration, nous pourrons \u00e0 l'avenir fournir de nouveaux projets de mani\u00e8re encore plus compl\u00e8te aupr\u00e8s d'un seul et m\u00eame fournisseur et, d'autre part, \u00e9quiper les clients actuels de Halter de syst\u00e8mes d'acc\u00e8s \u00e9lectroniques.<\/p>\n<p>Selon le communiqu\u00e9, les nouveaux produits m\u00e9caniques seront lanc\u00e9s \u00e0 partir d'ao\u00fbt 2015 via les canaux de distribution Glutz. Halter AG continuera de distribuer ses syst\u00e8mes de fermeture m\u00e9caniques \"First Alpha\" et \"Norma\" de mani\u00e8re autonome, conclut le communiqu\u00e9.<\/p>\n<p>&nbsp;<\/p>","protected":false},"excerpt":{"rendered":"<p>Die zwei Schweizer Traditionsunternehmen Glutz und Halter b\u00fcndeln ihre Kompetenzen: Halter wird zwei mechanische Produkte f\u00fcr Glutz herstellen. Die beiden neuen Systeme \u201eGlutz mAccess Basic\u201c und \u201eGlutz mAccess Pro\u201c erweitern das Produkteportfolio des Anbieters &#8211; insbesondere f\u00fcr durchg\u00e4ngige Zutrittsl\u00f6sungen, wie die Firma betont. Halter stelle diese Systeme eigens f\u00fcr Glutz her. Gemeinsame Wachstumsstrategie Durch die [&hellip;]<\/p>\n","protected":false},"author":1,"featured_media":1900,"comment_status":"open","ping_status":"open","sticky":false,"template":"","format":"standard","meta":{"_acf_changed":false,"pgc_sgb_lightbox_settings":"","footnotes":""},"categories":[3312],"tags":[216,217,44],"class_list":["post-1890","post","type-post","status-publish","format-standard","has-post-thumbnail","hentry","category-sicherheit","tag-glutz-ag-solothurn","tag-halter-ag-frutigen","tag-kooperation"],"acf":[],"hkrextid":null,"publication":null,"issue":null,"workflow":null,"startPage":null,"spitzmarke":null,"_posts_by_tag_page_fields":{"widget_title":"","widget_tags":""},"_at_widget":"1","_yoast_wpseo_primary_category":"3303","_yoast_wpseo_focuskw_text_input":"Glutz","_yoast_wpseo_opengraph-image":"https:\/\/sicherheitsforum.ch\/wp-content\/uploads\/2016\/12\/555c2eb2ba5e9_Glutz_Halter_Sicherheitsforum.jpg","_yoast_wpseo_opengraph-description":"Die Solothurner Glutz AG, Gesamtanbieterin f\u00fcr Zutrittssysteme, sowie die Halter AG in Frutigen arbeiten zuk\u00fcnftig zusammen. Glutz erweitert ihr Produktportfolio mit mechanischen Schliess-Systemen der Halter und bietet neu durchg\u00e4ngige mechanische und elektronische Zutrittsl\u00f6sungen an, wie das Unternehmen schreibt.","_yoast_wpseo_opengraph-title":"Glutz und Halter kooperieren","enclosure":null,"_yoast_wpseo_twitter-title":null,"_yoast_wpseo_twitter-description":null,"_yoast_wpseo_twitter-image":null,"_wp_old_slug":null,"_yoast_wpseo_title":null,"_yoast_wpseo_canonical":null,"yoast_head":"<!-- This site is optimized with the Yoast SEO plugin v27.4 - https:\/\/yoast.com\/product\/yoast-seo-wordpress\/ -->\n<title>Glutz und Halter kooperieren - Save<\/title>\n<meta name=\"description\" content=\"Die Solothurner Glutz AG sowie die Halter AG in Frutigen arbeiten zuk\u00fcnftig zusammen.\" \/>\n<meta name=\"robots\" content=\"index, follow, max-snippet:-1, max-image-preview:large, max-video-preview:-1\" \/>\n<link rel=\"canonical\" href=\"https:\/\/news.save.ch\/fr\/glutz-und-halter-kooperieren\/\" \/>\n<meta property=\"og:locale\" content=\"fr_FR\" \/>\n<meta property=\"og:type\" content=\"article\" \/>\n<meta property=\"og:title\" content=\"Glutz und Halter kooperieren\" \/>\n<meta property=\"og:description\" content=\"Die Solothurner Glutz AG, Gesamtanbieterin f\u00fcr Zutrittssysteme, sowie die Halter AG in Frutigen arbeiten zuk\u00fcnftig zusammen. Glutz erweitert ihr Produktportfolio mit mechanischen Schliess-Systemen der Halter und bietet neu durchg\u00e4ngige mechanische und elektronische Zutrittsl\u00f6sungen an, wie das Unternehmen schreibt.\" \/>\n<meta property=\"og:url\" content=\"https:\/\/news.save.ch\/fr\/glutz-und-halter-kooperieren\/\" \/>\n<meta property=\"og:site_name\" content=\"Save\" \/>\n<meta property=\"article:published_time\" content=\"2015-05-20T06:46:32+00:00\" \/>\n<meta property=\"article:modified_time\" content=\"2023-03-14T08:00:05+00:00\" \/>\n<meta property=\"og:image\" content=\"https:\/\/sicherheitsforum.ch\/wp-content\/uploads\/2016\/12\/555c2eb2ba5e9_Glutz_Halter_Sicherheitsforum.jpg\" \/>\n<meta name=\"author\" content=\"admin\" \/>\n<meta name=\"twitter:card\" content=\"summary_large_image\" \/>\n<meta name=\"twitter:label1\" content=\"\u00c9crit par\" \/>\n\t<meta name=\"twitter:data1\" content=\"admin\" \/>\n\t<meta name=\"twitter:label2\" content=\"Dur\u00e9e de lecture estim\u00e9e\" \/>\n\t<meta name=\"twitter:data2\" content=\"1 minute\" \/>\n<script type=\"application\/ld+json\" class=\"yoast-schema-graph\">{\"@context\":\"https:\\\/\\\/schema.org\",\"@graph\":[{\"@type\":\"Article\",\"@id\":\"https:\\\/\\\/news.save.ch\\\/glutz-und-halter-kooperieren\\\/#article\",\"isPartOf\":{\"@id\":\"https:\\\/\\\/news.save.ch\\\/glutz-und-halter-kooperieren\\\/\"},\"author\":{\"name\":\"admin\",\"@id\":\"https:\\\/\\\/news.save.ch\\\/de\\\/#\\\/schema\\\/person\\\/d49e199490bad7c70d64b9ab51142f2b\"},\"headline\":\"Glutz und Halter kooperieren\",\"datePublished\":\"2015-05-20T06:46:32+00:00\",\"dateModified\":\"2023-03-14T08:00:05+00:00\",\"mainEntityOfPage\":{\"@id\":\"https:\\\/\\\/news.save.ch\\\/glutz-und-halter-kooperieren\\\/\"},\"wordCount\":198,\"commentCount\":0,\"publisher\":{\"@id\":\"https:\\\/\\\/news.save.ch\\\/de\\\/#organization\"},\"image\":{\"@id\":\"https:\\\/\\\/news.save.ch\\\/glutz-und-halter-kooperieren\\\/#primaryimage\"},\"thumbnailUrl\":\"https:\\\/\\\/news.save.ch\\\/wp-content\\\/uploads\\\/2016\\\/12\\\/555c2eb2ba5e9_Glutz_Halter_Sicherheitsforum.jpg\",\"keywords\":[\"Glutz AG Solothurn\",\"Halter AG Frutigen\",\"Kooperation\"],\"articleSection\":[\"SICHERHEIT\"],\"inLanguage\":\"fr-FR\"},{\"@type\":\"WebPage\",\"@id\":\"https:\\\/\\\/news.save.ch\\\/glutz-und-halter-kooperieren\\\/\",\"url\":\"https:\\\/\\\/news.save.ch\\\/glutz-und-halter-kooperieren\\\/\",\"name\":\"Glutz und Halter kooperieren - Save\",\"isPartOf\":{\"@id\":\"https:\\\/\\\/news.save.ch\\\/de\\\/#website\"},\"primaryImageOfPage\":{\"@id\":\"https:\\\/\\\/news.save.ch\\\/glutz-und-halter-kooperieren\\\/#primaryimage\"},\"image\":{\"@id\":\"https:\\\/\\\/news.save.ch\\\/glutz-und-halter-kooperieren\\\/#primaryimage\"},\"thumbnailUrl\":\"https:\\\/\\\/news.save.ch\\\/wp-content\\\/uploads\\\/2016\\\/12\\\/555c2eb2ba5e9_Glutz_Halter_Sicherheitsforum.jpg\",\"datePublished\":\"2015-05-20T06:46:32+00:00\",\"dateModified\":\"2023-03-14T08:00:05+00:00\",\"description\":\"Die Solothurner Glutz AG sowie die Halter AG in Frutigen arbeiten zuk\u00fcnftig zusammen.\",\"breadcrumb\":{\"@id\":\"https:\\\/\\\/news.save.ch\\\/glutz-und-halter-kooperieren\\\/#breadcrumb\"},\"inLanguage\":\"fr-FR\",\"potentialAction\":[{\"@type\":\"ReadAction\",\"target\":[\"https:\\\/\\\/news.save.ch\\\/glutz-und-halter-kooperieren\\\/\"]}]},{\"@type\":\"ImageObject\",\"inLanguage\":\"fr-FR\",\"@id\":\"https:\\\/\\\/news.save.ch\\\/glutz-und-halter-kooperieren\\\/#primaryimage\",\"url\":\"https:\\\/\\\/news.save.ch\\\/wp-content\\\/uploads\\\/2016\\\/12\\\/555c2eb2ba5e9_Glutz_Halter_Sicherheitsforum.jpg\",\"contentUrl\":\"https:\\\/\\\/news.save.ch\\\/wp-content\\\/uploads\\\/2016\\\/12\\\/555c2eb2ba5e9_Glutz_Halter_Sicherheitsforum.jpg\",\"width\":392,\"height\":510,\"caption\":\"Arbeiten neu zusammen: Glutz AG und Halter AG.\"},{\"@type\":\"BreadcrumbList\",\"@id\":\"https:\\\/\\\/news.save.ch\\\/glutz-und-halter-kooperieren\\\/#breadcrumb\",\"itemListElement\":[{\"@type\":\"ListItem\",\"position\":1,\"name\":\"Home\",\"item\":\"https:\\\/\\\/news.save.ch\\\/de\\\/\"},{\"@type\":\"ListItem\",\"position\":2,\"name\":\"Glutz und Halter kooperieren\"}]},{\"@type\":\"WebSite\",\"@id\":\"https:\\\/\\\/news.save.ch\\\/de\\\/#website\",\"url\":\"https:\\\/\\\/news.save.ch\\\/de\\\/\",\"name\":\"Save\",\"description\":\"Schweizer Fachzeitschrift f\u00fcr Sicherheit\",\"publisher\":{\"@id\":\"https:\\\/\\\/news.save.ch\\\/de\\\/#organization\"},\"potentialAction\":[{\"@type\":\"SearchAction\",\"target\":{\"@type\":\"EntryPoint\",\"urlTemplate\":\"https:\\\/\\\/news.save.ch\\\/de\\\/?s={search_term_string}\"},\"query-input\":{\"@type\":\"PropertyValueSpecification\",\"valueRequired\":true,\"valueName\":\"search_term_string\"}}],\"inLanguage\":\"fr-FR\"},{\"@type\":\"Organization\",\"@id\":\"https:\\\/\\\/news.save.ch\\\/de\\\/#organization\",\"name\":\"Sicherheitsforum\",\"url\":\"https:\\\/\\\/news.save.ch\\\/de\\\/\",\"logo\":{\"@type\":\"ImageObject\",\"inLanguage\":\"fr-FR\",\"@id\":\"https:\\\/\\\/news.save.ch\\\/de\\\/#\\\/schema\\\/logo\\\/image\\\/\",\"url\":\"https:\\\/\\\/news.save.ch\\\/wp-content\\\/uploads\\\/2022\\\/06\\\/Logo_SF_2012.png\",\"contentUrl\":\"https:\\\/\\\/news.save.ch\\\/wp-content\\\/uploads\\\/2022\\\/06\\\/Logo_SF_2012.png\",\"width\":1100,\"height\":91,\"caption\":\"Sicherheitsforum\"},\"image\":{\"@id\":\"https:\\\/\\\/news.save.ch\\\/de\\\/#\\\/schema\\\/logo\\\/image\\\/\"}},{\"@type\":\"Person\",\"@id\":\"https:\\\/\\\/news.save.ch\\\/de\\\/#\\\/schema\\\/person\\\/d49e199490bad7c70d64b9ab51142f2b\",\"name\":\"admin\",\"image\":{\"@type\":\"ImageObject\",\"inLanguage\":\"fr-FR\",\"@id\":\"https:\\\/\\\/secure.gravatar.com\\\/avatar\\\/ae2f4d718e6c49043e314ce431e7e645d646302a24a5ef5a8bc8e3f5a032e319?s=96&d=mm&r=g\",\"url\":\"https:\\\/\\\/secure.gravatar.com\\\/avatar\\\/ae2f4d718e6c49043e314ce431e7e645d646302a24a5ef5a8bc8e3f5a032e319?s=96&d=mm&r=g\",\"contentUrl\":\"https:\\\/\\\/secure.gravatar.com\\\/avatar\\\/ae2f4d718e6c49043e314ce431e7e645d646302a24a5ef5a8bc8e3f5a032e319?s=96&d=mm&r=g\",\"caption\":\"admin\"},\"sameAs\":[\"https:\\\/\\\/develop.organisator.galledia.ch\"],\"url\":\"https:\\\/\\\/news.save.ch\\\/fr\\\/author\\\/admin\\\/\"}]}<\/script>\n<!-- \/ Yoast SEO plugin. -->","yoast_head_json":{"title":"Glutz et Halter coop\u00e8rent - Save","description":"La soci\u00e9t\u00e9 soleuroise Glutz AG ainsi que la soci\u00e9t\u00e9 Halter AG \u00e0 Frutigen collaboreront \u00e0 l'avenir.","robots":{"index":"index","follow":"follow","max-snippet":"max-snippet:-1","max-image-preview":"max-image-preview:large","max-video-preview":"max-video-preview:-1"},"canonical":"https:\/\/news.save.ch\/fr\/glutz-und-halter-kooperieren\/","og_locale":"fr_FR","og_type":"article","og_title":"Glutz und Halter kooperieren","og_description":"Die Solothurner Glutz AG, Gesamtanbieterin f\u00fcr Zutrittssysteme, sowie die Halter AG in Frutigen arbeiten zuk\u00fcnftig zusammen. Glutz erweitert ihr Produktportfolio mit mechanischen Schliess-Systemen der Halter und bietet neu durchg\u00e4ngige mechanische und elektronische Zutrittsl\u00f6sungen an, wie das Unternehmen schreibt.","og_url":"https:\/\/news.save.ch\/fr\/glutz-und-halter-kooperieren\/","og_site_name":"Save","article_published_time":"2015-05-20T06:46:32+00:00","article_modified_time":"2023-03-14T08:00:05+00:00","og_image":[{"url":"https:\/\/sicherheitsforum.ch\/wp-content\/uploads\/2016\/12\/555c2eb2ba5e9_Glutz_Halter_Sicherheitsforum.jpg","type":"","width":"","height":""}],"author":"admin","twitter_card":"summary_large_image","twitter_misc":{"\u00c9crit par":"admin","Dur\u00e9e de lecture estim\u00e9e":"1 minute"},"schema":{"@context":"https:\/\/schema.org","@graph":[{"@type":"Article","@id":"https:\/\/news.save.ch\/glutz-und-halter-kooperieren\/#article","isPartOf":{"@id":"https:\/\/news.save.ch\/glutz-und-halter-kooperieren\/"},"author":{"name":"admin","@id":"https:\/\/news.save.ch\/de\/#\/schema\/person\/d49e199490bad7c70d64b9ab51142f2b"},"headline":"Glutz und Halter kooperieren","datePublished":"2015-05-20T06:46:32+00:00","dateModified":"2023-03-14T08:00:05+00:00","mainEntityOfPage":{"@id":"https:\/\/news.save.ch\/glutz-und-halter-kooperieren\/"},"wordCount":198,"commentCount":0,"publisher":{"@id":"https:\/\/news.save.ch\/de\/#organization"},"image":{"@id":"https:\/\/news.save.ch\/glutz-und-halter-kooperieren\/#primaryimage"},"thumbnailUrl":"https:\/\/news.save.ch\/wp-content\/uploads\/2016\/12\/555c2eb2ba5e9_Glutz_Halter_Sicherheitsforum.jpg","keywords":["Glutz AG Solothurn","Halter AG Frutigen","Kooperation"],"articleSection":["SICHERHEIT"],"inLanguage":"fr-FR"},{"@type":"WebPage","@id":"https:\/\/news.save.ch\/glutz-und-halter-kooperieren\/","url":"https:\/\/news.save.ch\/glutz-und-halter-kooperieren\/","name":"Glutz et Halter coop\u00e8rent - Save","isPartOf":{"@id":"https:\/\/news.save.ch\/de\/#website"},"primaryImageOfPage":{"@id":"https:\/\/news.save.ch\/glutz-und-halter-kooperieren\/#primaryimage"},"image":{"@id":"https:\/\/news.save.ch\/glutz-und-halter-kooperieren\/#primaryimage"},"thumbnailUrl":"https:\/\/news.save.ch\/wp-content\/uploads\/2016\/12\/555c2eb2ba5e9_Glutz_Halter_Sicherheitsforum.jpg","datePublished":"2015-05-20T06:46:32+00:00","dateModified":"2023-03-14T08:00:05+00:00","description":"La soci\u00e9t\u00e9 soleuroise Glutz AG ainsi que la soci\u00e9t\u00e9 Halter AG \u00e0 Frutigen collaboreront \u00e0 l'avenir.","breadcrumb":{"@id":"https:\/\/news.save.ch\/glutz-und-halter-kooperieren\/#breadcrumb"},"inLanguage":"fr-FR","potentialAction":[{"@type":"ReadAction","target":["https:\/\/news.save.ch\/glutz-und-halter-kooperieren\/"]}]},{"@type":"ImageObject","inLanguage":"fr-FR","@id":"https:\/\/news.save.ch\/glutz-und-halter-kooperieren\/#primaryimage","url":"https:\/\/news.save.ch\/wp-content\/uploads\/2016\/12\/555c2eb2ba5e9_Glutz_Halter_Sicherheitsforum.jpg","contentUrl":"https:\/\/news.save.ch\/wp-content\/uploads\/2016\/12\/555c2eb2ba5e9_Glutz_Halter_Sicherheitsforum.jpg","width":392,"height":510,"caption":"Arbeiten neu zusammen: Glutz AG und Halter AG."},{"@type":"BreadcrumbList","@id":"https:\/\/news.save.ch\/glutz-und-halter-kooperieren\/#breadcrumb","itemListElement":[{"@type":"ListItem","position":1,"name":"Home","item":"https:\/\/news.save.ch\/de\/"},{"@type":"ListItem","position":2,"name":"Glutz und Halter kooperieren"}]},{"@type":"WebSite","@id":"https:\/\/news.save.ch\/de\/#website","url":"https:\/\/news.save.ch\/de\/","name":"Save","description":"Revue suisse sp\u00e9cialis\u00e9e dans la s\u00e9curit\u00e9","publisher":{"@id":"https:\/\/news.save.ch\/de\/#organization"},"potentialAction":[{"@type":"SearchAction","target":{"@type":"EntryPoint","urlTemplate":"https:\/\/news.save.ch\/de\/?s={search_term_string}"},"query-input":{"@type":"PropertyValueSpecification","valueRequired":true,"valueName":"search_term_string"}}],"inLanguage":"fr-FR"},{"@type":"Organization","@id":"https:\/\/news.save.ch\/de\/#organization","name":"Forum sur la s\u00e9curit\u00e9","url":"https:\/\/news.save.ch\/de\/","logo":{"@type":"ImageObject","inLanguage":"fr-FR","@id":"https:\/\/news.save.ch\/de\/#\/schema\/logo\/image\/","url":"https:\/\/news.save.ch\/wp-content\/uploads\/2022\/06\/Logo_SF_2012.png","contentUrl":"https:\/\/news.save.ch\/wp-content\/uploads\/2022\/06\/Logo_SF_2012.png","width":1100,"height":91,"caption":"Sicherheitsforum"},"image":{"@id":"https:\/\/news.save.ch\/de\/#\/schema\/logo\/image\/"}},{"@type":"Person","@id":"https:\/\/news.save.ch\/de\/#\/schema\/person\/d49e199490bad7c70d64b9ab51142f2b","name":"admin","image":{"@type":"ImageObject","inLanguage":"fr-FR","@id":"https:\/\/secure.gravatar.com\/avatar\/ae2f4d718e6c49043e314ce431e7e645d646302a24a5ef5a8bc8e3f5a032e319?s=96&d=mm&r=g","url":"https:\/\/secure.gravatar.com\/avatar\/ae2f4d718e6c49043e314ce431e7e645d646302a24a5ef5a8bc8e3f5a032e319?s=96&d=mm&r=g","contentUrl":"https:\/\/secure.gravatar.com\/avatar\/ae2f4d718e6c49043e314ce431e7e645d646302a24a5ef5a8bc8e3f5a032e319?s=96&d=mm&r=g","caption":"admin"},"sameAs":["https:\/\/develop.organisator.galledia.ch"],"url":"https:\/\/news.save.ch\/fr\/author\/admin\/"}]}},"_links":{"self":[{"href":"https:\/\/news.save.ch\/fr\/wp-json\/wp\/v2\/posts\/1890","targetHints":{"allow":["GET"]}}],"collection":[{"href":"https:\/\/news.save.ch\/fr\/wp-json\/wp\/v2\/posts"}],"about":[{"href":"https:\/\/news.save.ch\/fr\/wp-json\/wp\/v2\/types\/post"}],"author":[{"embeddable":true,"href":"https:\/\/news.save.ch\/fr\/wp-json\/wp\/v2\/users\/1"}],"replies":[{"embeddable":true,"href":"https:\/\/news.save.ch\/fr\/wp-json\/wp\/v2\/comments?post=1890"}],"version-history":[{"count":1,"href":"https:\/\/news.save.ch\/fr\/wp-json\/wp\/v2\/posts\/1890\/revisions"}],"predecessor-version":[{"id":18022,"href":"https:\/\/news.save.ch\/fr\/wp-json\/wp\/v2\/posts\/1890\/revisions\/18022"}],"wp:featuredmedia":[{"embeddable":true,"href":"https:\/\/news.save.ch\/fr\/wp-json\/wp\/v2\/media\/1900"}],"wp:attachment":[{"href":"https:\/\/news.save.ch\/fr\/wp-json\/wp\/v2\/media?parent=1890"}],"wp:term":[{"taxonomy":"category","embeddable":true,"href":"https:\/\/news.save.ch\/fr\/wp-json\/wp\/v2\/categories?post=1890"},{"taxonomy":"post_tag","embeddable":true,"href":"https:\/\/news.save.ch\/fr\/wp-json\/wp\/v2\/tags?post=1890"}],"curies":[{"name":"wp","href":"https:\/\/api.w.org\/{rel}","templated":true}]}}