{"id":1904,"date":"2015-10-19T14:34:41","date_gmt":"2015-10-19T12:34:41","guid":{"rendered":"https:\/\/dev.sicherheitsforum.ch\/?p=1904"},"modified":"2015-10-19T14:34:41","modified_gmt":"2015-10-19T12:34:41","slug":"investor-am-tec-steigt-bei-morphean-ein","status":null,"type":"post","link":"https:\/\/news.save.ch\/fr\/investor-am-tec-steigt-bei-morphean-ein\/","title":{"rendered":"L'investisseur AM-Tec entre au capital de Morphean"},"content":{"rendered":"<figure id=\"attachment_1908\" aria-describedby=\"caption-attachment-1908\" style=\"width: 680px\" class=\"wp-caption alignnone\"><img loading=\"lazy\" decoding=\"async\" class=\"wp-image-1908 size-medium\" src=\"https:\/\/news.save.ch\/wp-content\/uploads\/2016\/12\/Investor-AM-Tec-steigt-bei-Morphean-ein-sicherheitsforum.jpg\" width=\"680\" height=\"674\" srcset=\"https:\/\/news.save.ch\/wp-content\/uploads\/2016\/12\/Investor-AM-Tec-steigt-bei-Morphean-ein-sicherheitsforum.jpg 765w, https:\/\/news.save.ch\/wp-content\/uploads\/2016\/12\/Investor-AM-Tec-steigt-bei-Morphean-ein-sicherheitsforum-303x300.jpg 303w\" sizes=\"auto, (max-width: 680px) 100vw, 680px\" \/><figcaption id=\"caption-attachment-1908\" class=\"wp-caption-text\">Source : Site web Morphean<\/figcaption><\/figure>\n<p><a href=\"https:\/\/www.morphean.ch\" target=\"_blank\" data-cke-saved-href=\"https:\/\/www.morphean.ch\" rel=\"noopener\">Morphean <\/a>propose une plateforme de services pour l'analyse de donn\u00e9es vid\u00e9o et audio ainsi que de m\u00e9tadonn\u00e9es de tiers. En raison de sa forte croissance, AM-Tec investit dans Morphean afin de soutenir le fournisseur sur les march\u00e9s existants, mais aussi sur de nouveaux march\u00e9s, comme l'\u00e9crit Morphean. Ce partenariat doit d\u00e9sormais ouvrir la voie \u00e0 une nouvelle expansion de l'entreprise suisse en Europe et sur les march\u00e9s verticaux. Avec le soutien d'AM-Tec et l'\u00e9lection de Peter Balsiger au conseil d'administration de Morphean, l'entreprise dispose \u00e0 la fois des ressources et de l'expertise n\u00e9cessaires pour assurer sa croissance future sur ces march\u00e9s.<\/p>\n<p>\"Nous sommes impressionn\u00e9s par la technologie d\u00e9velopp\u00e9e par Morphean, par son mod\u00e8le d'entreprise et par les personnes cl\u00e9s qui la soutiennent. La valeur ajout\u00e9e de la plateforme et son potentiel de croissance nous ont totalement convaincus\", d\u00e9clare Balsiger, partenaire chez <a href=\"https:\/\/www.aventicpartners.ch\" target=\"_blank\" data-cke-saved-href=\"https:\/\/www.aventicpartners.ch\" rel=\"noopener\">Aventic Partners AG<\/a> et investisseur dans les entreprises de haute technologie chez AM-Tec Kredit AG. \"C'est pourquoi nous ne participons pas seulement au capital de Morphean, mais aussi \u00e0 l'exp\u00e9rience que mon \u00e9quipe et moi-m\u00eame pouvons apporter\".<\/p>\n<p>Rodrigue Zbinden, CEO et co-fondateur de Morphean SA, ajoute : \"Nous nous f\u00e9licitons de ce nouveau partenariat et sommes impatients de continuer \u00e0 d\u00e9velopper Morphean avec AM-Tec et de devenir un acteur dominant sur ce march\u00e9 mondial\".<\/p>\n<p>Morphean est actuellement active dans neuf pays europ\u00e9ens et a gagn\u00e9 des cha\u00eenes de vente au d\u00e9tail d'envergure mondiale comme clients cl\u00e9s. L'entreprise propose sa plate-forme d'h\u00e9bergement \u00e0 un large \u00e9ventail de partenaires, dont des centres d'appels d'urgence, des entreprises de s\u00e9curit\u00e9, des fournisseurs de t\u00e9l\u00e9communications et des soci\u00e9t\u00e9s de services. Les produits sont h\u00e9berg\u00e9s dans des clouds propres dans diff\u00e9rents pays europ\u00e9ens, \u00e9crit l'entreprise.<\/p>\n<p>&nbsp;<\/p>","protected":false},"excerpt":{"rendered":"<p>Morphean bietet eine Service-Plattform f\u00fcr die Analyse von Video- und Audiodaten sowie von Metadaten Dritter. Aufgrund des starken Wachstums investiert AM-Tec bei Morphean, um bei den bestehenden, aber auch neuen M\u00e4rkten den Anbieter zu unterst\u00fctzen, wie Morphean schreibt. Die Partnerschaft soll nun den Weg des Schweizer Unternehmens f\u00fcr eine weitere Expansion in Europa und in [&hellip;]<\/p>\n","protected":false},"author":1,"featured_media":1908,"comment_status":"open","ping_status":"open","sticky":false,"template":"","format":"standard","meta":{"_acf_changed":false,"pgc_sgb_lightbox_settings":"","footnotes":""},"categories":[1],"tags":[65,78],"class_list":["post-1904","post","type-post","status-publish","format-standard","has-post-thumbnail","hentry","category-allgemein","tag-unternehmen","tag-videoueberwachung"],"acf":[],"hkrextid":null,"publication":null,"issue":null,"workflow":null,"startPage":null,"spitzmarke":null,"_posts_by_tag_page_fields":{"widget_title":"","widget_tags":""},"_at_widget":"1","_yoast_wpseo_primary_category":"1","_yoast_wpseo_focuskw_text_input":"Investor AM-Tec","_yoast_wpseo_opengraph-image":"https:\/\/news.save.ch\/wp-content\/uploads\/2016\/12\/Investor-AM-Tec-steigt-bei-Morphean-ein-sicherheitsforum.jpg","_yoast_wpseo_opengraph-description":"Die auf Videohosting und Videosicherheit-as-a-Service spezialisierte Morphean hat mit AM-Tec einen neuen Investor an Bord.","_yoast_wpseo_opengraph-title":"Investor AM-Tec steigt bei Morphean ein","enclosure":null,"_yoast_wpseo_twitter-title":null,"_yoast_wpseo_twitter-description":null,"_yoast_wpseo_twitter-image":null,"_wp_old_slug":null,"_yoast_wpseo_title":null,"_yoast_wpseo_canonical":null,"yoast_head":"<!-- This site is optimized with the Yoast SEO plugin v27.5 - https:\/\/yoast.com\/product\/yoast-seo-wordpress\/ -->\n<title>Investor AM-Tec steigt bei Morphean ein - Save<\/title>\n<meta name=\"description\" content=\"Die auf Videohosting und Videosicherheit-as-a-Service spezialisierte Morphean hat mit AM-Tec einen neuen Investor an Bord.\" \/>\n<meta name=\"robots\" content=\"index, follow, max-snippet:-1, max-image-preview:large, max-video-preview:-1\" \/>\n<link rel=\"canonical\" href=\"https:\/\/news.save.ch\/fr\/investor-am-tec-steigt-bei-morphean-ein\/\" \/>\n<meta property=\"og:locale\" content=\"fr_FR\" \/>\n<meta property=\"og:type\" content=\"article\" \/>\n<meta property=\"og:title\" content=\"Investor AM-Tec steigt bei Morphean ein\" \/>\n<meta property=\"og:description\" content=\"Die auf Videohosting und Videosicherheit-as-a-Service spezialisierte Morphean hat mit AM-Tec einen neuen Investor an Bord.\" \/>\n<meta property=\"og:url\" content=\"https:\/\/news.save.ch\/fr\/investor-am-tec-steigt-bei-morphean-ein\/\" \/>\n<meta property=\"og:site_name\" content=\"Save\" \/>\n<meta property=\"article:published_time\" content=\"2015-10-19T12:34:41+00:00\" \/>\n<meta property=\"og:image\" content=\"https:\/\/news.save.ch\/wp-content\/uploads\/2016\/12\/Investor-AM-Tec-steigt-bei-Morphean-ein-sicherheitsforum.jpg\" \/>\n<meta name=\"author\" content=\"admin\" \/>\n<meta name=\"twitter:card\" content=\"summary_large_image\" \/>\n<meta name=\"twitter:label1\" content=\"\u00c9crit par\" \/>\n\t<meta name=\"twitter:data1\" content=\"admin\" \/>\n\t<meta name=\"twitter:label2\" content=\"Dur\u00e9e de lecture estim\u00e9e\" \/>\n\t<meta name=\"twitter:data2\" content=\"1 minute\" \/>\n<script type=\"application\/ld+json\" class=\"yoast-schema-graph\">{\"@context\":\"https:\\\/\\\/schema.org\",\"@graph\":[{\"@type\":\"Article\",\"@id\":\"https:\\\/\\\/news.save.ch\\\/investor-am-tec-steigt-bei-morphean-ein\\\/#article\",\"isPartOf\":{\"@id\":\"https:\\\/\\\/news.save.ch\\\/investor-am-tec-steigt-bei-morphean-ein\\\/\"},\"author\":{\"name\":\"admin\",\"@id\":\"https:\\\/\\\/news.save.ch\\\/de\\\/#\\\/schema\\\/person\\\/d49e199490bad7c70d64b9ab51142f2b\"},\"headline\":\"Investor AM-Tec steigt bei Morphean ein\",\"datePublished\":\"2015-10-19T12:34:41+00:00\",\"mainEntityOfPage\":{\"@id\":\"https:\\\/\\\/news.save.ch\\\/investor-am-tec-steigt-bei-morphean-ein\\\/\"},\"wordCount\":288,\"commentCount\":0,\"publisher\":{\"@id\":\"https:\\\/\\\/news.save.ch\\\/de\\\/#organization\"},\"image\":{\"@id\":\"https:\\\/\\\/news.save.ch\\\/investor-am-tec-steigt-bei-morphean-ein\\\/#primaryimage\"},\"thumbnailUrl\":\"https:\\\/\\\/news.save.ch\\\/wp-content\\\/uploads\\\/2016\\\/12\\\/Investor-AM-Tec-steigt-bei-Morphean-ein-sicherheitsforum.jpg\",\"keywords\":[\"Unternehmen\",\"Video\u00fcberwachung\"],\"articleSection\":[\"ALLGEMEIN\"],\"inLanguage\":\"fr-FR\"},{\"@type\":\"WebPage\",\"@id\":\"https:\\\/\\\/news.save.ch\\\/investor-am-tec-steigt-bei-morphean-ein\\\/\",\"url\":\"https:\\\/\\\/news.save.ch\\\/investor-am-tec-steigt-bei-morphean-ein\\\/\",\"name\":\"Investor AM-Tec steigt bei Morphean ein - Save\",\"isPartOf\":{\"@id\":\"https:\\\/\\\/news.save.ch\\\/de\\\/#website\"},\"primaryImageOfPage\":{\"@id\":\"https:\\\/\\\/news.save.ch\\\/investor-am-tec-steigt-bei-morphean-ein\\\/#primaryimage\"},\"image\":{\"@id\":\"https:\\\/\\\/news.save.ch\\\/investor-am-tec-steigt-bei-morphean-ein\\\/#primaryimage\"},\"thumbnailUrl\":\"https:\\\/\\\/news.save.ch\\\/wp-content\\\/uploads\\\/2016\\\/12\\\/Investor-AM-Tec-steigt-bei-Morphean-ein-sicherheitsforum.jpg\",\"datePublished\":\"2015-10-19T12:34:41+00:00\",\"description\":\"Die auf Videohosting und Videosicherheit-as-a-Service spezialisierte Morphean hat mit AM-Tec einen neuen Investor an Bord.\",\"breadcrumb\":{\"@id\":\"https:\\\/\\\/news.save.ch\\\/investor-am-tec-steigt-bei-morphean-ein\\\/#breadcrumb\"},\"inLanguage\":\"fr-FR\",\"potentialAction\":[{\"@type\":\"ReadAction\",\"target\":[\"https:\\\/\\\/news.save.ch\\\/investor-am-tec-steigt-bei-morphean-ein\\\/\"]}]},{\"@type\":\"ImageObject\",\"inLanguage\":\"fr-FR\",\"@id\":\"https:\\\/\\\/news.save.ch\\\/investor-am-tec-steigt-bei-morphean-ein\\\/#primaryimage\",\"url\":\"https:\\\/\\\/news.save.ch\\\/wp-content\\\/uploads\\\/2016\\\/12\\\/Investor-AM-Tec-steigt-bei-Morphean-ein-sicherheitsforum.jpg\",\"contentUrl\":\"https:\\\/\\\/news.save.ch\\\/wp-content\\\/uploads\\\/2016\\\/12\\\/Investor-AM-Tec-steigt-bei-Morphean-ein-sicherheitsforum.jpg\",\"width\":765,\"height\":758,\"caption\":\"Quelle: Website Morphean\"},{\"@type\":\"BreadcrumbList\",\"@id\":\"https:\\\/\\\/news.save.ch\\\/investor-am-tec-steigt-bei-morphean-ein\\\/#breadcrumb\",\"itemListElement\":[{\"@type\":\"ListItem\",\"position\":1,\"name\":\"Home\",\"item\":\"https:\\\/\\\/news.save.ch\\\/de\\\/\"},{\"@type\":\"ListItem\",\"position\":2,\"name\":\"Investor AM-Tec steigt bei Morphean ein\"}]},{\"@type\":\"WebSite\",\"@id\":\"https:\\\/\\\/news.save.ch\\\/de\\\/#website\",\"url\":\"https:\\\/\\\/news.save.ch\\\/de\\\/\",\"name\":\"Save\",\"description\":\"Schweizer Fachzeitschrift f\u00fcr Sicherheit\",\"publisher\":{\"@id\":\"https:\\\/\\\/news.save.ch\\\/de\\\/#organization\"},\"potentialAction\":[{\"@type\":\"SearchAction\",\"target\":{\"@type\":\"EntryPoint\",\"urlTemplate\":\"https:\\\/\\\/news.save.ch\\\/de\\\/?s={search_term_string}\"},\"query-input\":{\"@type\":\"PropertyValueSpecification\",\"valueRequired\":true,\"valueName\":\"search_term_string\"}}],\"inLanguage\":\"fr-FR\"},{\"@type\":\"Organization\",\"@id\":\"https:\\\/\\\/news.save.ch\\\/de\\\/#organization\",\"name\":\"Sicherheitsforum\",\"url\":\"https:\\\/\\\/news.save.ch\\\/de\\\/\",\"logo\":{\"@type\":\"ImageObject\",\"inLanguage\":\"fr-FR\",\"@id\":\"https:\\\/\\\/news.save.ch\\\/de\\\/#\\\/schema\\\/logo\\\/image\\\/\",\"url\":\"https:\\\/\\\/news.save.ch\\\/wp-content\\\/uploads\\\/2022\\\/06\\\/Logo_SF_2012.png\",\"contentUrl\":\"https:\\\/\\\/news.save.ch\\\/wp-content\\\/uploads\\\/2022\\\/06\\\/Logo_SF_2012.png\",\"width\":1100,\"height\":91,\"caption\":\"Sicherheitsforum\"},\"image\":{\"@id\":\"https:\\\/\\\/news.save.ch\\\/de\\\/#\\\/schema\\\/logo\\\/image\\\/\"}},{\"@type\":\"Person\",\"@id\":\"https:\\\/\\\/news.save.ch\\\/de\\\/#\\\/schema\\\/person\\\/d49e199490bad7c70d64b9ab51142f2b\",\"name\":\"admin\",\"image\":{\"@type\":\"ImageObject\",\"inLanguage\":\"fr-FR\",\"@id\":\"https:\\\/\\\/secure.gravatar.com\\\/avatar\\\/ae2f4d718e6c49043e314ce431e7e645d646302a24a5ef5a8bc8e3f5a032e319?s=96&d=mm&r=g\",\"url\":\"https:\\\/\\\/secure.gravatar.com\\\/avatar\\\/ae2f4d718e6c49043e314ce431e7e645d646302a24a5ef5a8bc8e3f5a032e319?s=96&d=mm&r=g\",\"contentUrl\":\"https:\\\/\\\/secure.gravatar.com\\\/avatar\\\/ae2f4d718e6c49043e314ce431e7e645d646302a24a5ef5a8bc8e3f5a032e319?s=96&d=mm&r=g\",\"caption\":\"admin\"},\"sameAs\":[\"https:\\\/\\\/develop.organisator.galledia.ch\"],\"url\":\"https:\\\/\\\/news.save.ch\\\/fr\\\/author\\\/admin\\\/\"}]}<\/script>\n<!-- \/ Yoast SEO plugin. -->","yoast_head_json":{"title":"L'investisseur AM-Tec entre au capital de Morphean - Save","description":"La soci\u00e9t\u00e9 Morphean, sp\u00e9cialis\u00e9e dans l'h\u00e9bergement vid\u00e9o et la s\u00e9curit\u00e9 vid\u00e9o en tant que service, a accueilli un nouvel investisseur, AM-Tec.","robots":{"index":"index","follow":"follow","max-snippet":"max-snippet:-1","max-image-preview":"max-image-preview:large","max-video-preview":"max-video-preview:-1"},"canonical":"https:\/\/news.save.ch\/fr\/investor-am-tec-steigt-bei-morphean-ein\/","og_locale":"fr_FR","og_type":"article","og_title":"Investor AM-Tec steigt bei Morphean ein","og_description":"Die auf Videohosting und Videosicherheit-as-a-Service spezialisierte Morphean hat mit AM-Tec einen neuen Investor an Bord.","og_url":"https:\/\/news.save.ch\/fr\/investor-am-tec-steigt-bei-morphean-ein\/","og_site_name":"Save","article_published_time":"2015-10-19T12:34:41+00:00","og_image":[{"url":"https:\/\/news.save.ch\/wp-content\/uploads\/2016\/12\/Investor-AM-Tec-steigt-bei-Morphean-ein-sicherheitsforum.jpg","type":"","width":"","height":""}],"author":"admin","twitter_card":"summary_large_image","twitter_misc":{"\u00c9crit par":"admin","Dur\u00e9e de lecture estim\u00e9e":"1 minute"},"schema":{"@context":"https:\/\/schema.org","@graph":[{"@type":"Article","@id":"https:\/\/news.save.ch\/investor-am-tec-steigt-bei-morphean-ein\/#article","isPartOf":{"@id":"https:\/\/news.save.ch\/investor-am-tec-steigt-bei-morphean-ein\/"},"author":{"name":"admin","@id":"https:\/\/news.save.ch\/de\/#\/schema\/person\/d49e199490bad7c70d64b9ab51142f2b"},"headline":"Investor AM-Tec steigt bei Morphean ein","datePublished":"2015-10-19T12:34:41+00:00","mainEntityOfPage":{"@id":"https:\/\/news.save.ch\/investor-am-tec-steigt-bei-morphean-ein\/"},"wordCount":288,"commentCount":0,"publisher":{"@id":"https:\/\/news.save.ch\/de\/#organization"},"image":{"@id":"https:\/\/news.save.ch\/investor-am-tec-steigt-bei-morphean-ein\/#primaryimage"},"thumbnailUrl":"https:\/\/news.save.ch\/wp-content\/uploads\/2016\/12\/Investor-AM-Tec-steigt-bei-Morphean-ein-sicherheitsforum.jpg","keywords":["Unternehmen","Video\u00fcberwachung"],"articleSection":["ALLGEMEIN"],"inLanguage":"fr-FR"},{"@type":"WebPage","@id":"https:\/\/news.save.ch\/investor-am-tec-steigt-bei-morphean-ein\/","url":"https:\/\/news.save.ch\/investor-am-tec-steigt-bei-morphean-ein\/","name":"L'investisseur AM-Tec entre au capital de Morphean - Save","isPartOf":{"@id":"https:\/\/news.save.ch\/de\/#website"},"primaryImageOfPage":{"@id":"https:\/\/news.save.ch\/investor-am-tec-steigt-bei-morphean-ein\/#primaryimage"},"image":{"@id":"https:\/\/news.save.ch\/investor-am-tec-steigt-bei-morphean-ein\/#primaryimage"},"thumbnailUrl":"https:\/\/news.save.ch\/wp-content\/uploads\/2016\/12\/Investor-AM-Tec-steigt-bei-Morphean-ein-sicherheitsforum.jpg","datePublished":"2015-10-19T12:34:41+00:00","description":"La soci\u00e9t\u00e9 Morphean, sp\u00e9cialis\u00e9e dans l'h\u00e9bergement vid\u00e9o et la s\u00e9curit\u00e9 vid\u00e9o en tant que service, a accueilli un nouvel investisseur, AM-Tec.","breadcrumb":{"@id":"https:\/\/news.save.ch\/investor-am-tec-steigt-bei-morphean-ein\/#breadcrumb"},"inLanguage":"fr-FR","potentialAction":[{"@type":"ReadAction","target":["https:\/\/news.save.ch\/investor-am-tec-steigt-bei-morphean-ein\/"]}]},{"@type":"ImageObject","inLanguage":"fr-FR","@id":"https:\/\/news.save.ch\/investor-am-tec-steigt-bei-morphean-ein\/#primaryimage","url":"https:\/\/news.save.ch\/wp-content\/uploads\/2016\/12\/Investor-AM-Tec-steigt-bei-Morphean-ein-sicherheitsforum.jpg","contentUrl":"https:\/\/news.save.ch\/wp-content\/uploads\/2016\/12\/Investor-AM-Tec-steigt-bei-Morphean-ein-sicherheitsforum.jpg","width":765,"height":758,"caption":"Quelle: Website Morphean"},{"@type":"BreadcrumbList","@id":"https:\/\/news.save.ch\/investor-am-tec-steigt-bei-morphean-ein\/#breadcrumb","itemListElement":[{"@type":"ListItem","position":1,"name":"Home","item":"https:\/\/news.save.ch\/de\/"},{"@type":"ListItem","position":2,"name":"Investor AM-Tec steigt bei Morphean ein"}]},{"@type":"WebSite","@id":"https:\/\/news.save.ch\/de\/#website","url":"https:\/\/news.save.ch\/de\/","name":"Save","description":"Revue suisse sp\u00e9cialis\u00e9e dans la s\u00e9curit\u00e9","publisher":{"@id":"https:\/\/news.save.ch\/de\/#organization"},"potentialAction":[{"@type":"SearchAction","target":{"@type":"EntryPoint","urlTemplate":"https:\/\/news.save.ch\/de\/?s={search_term_string}"},"query-input":{"@type":"PropertyValueSpecification","valueRequired":true,"valueName":"search_term_string"}}],"inLanguage":"fr-FR"},{"@type":"Organization","@id":"https:\/\/news.save.ch\/de\/#organization","name":"Forum sur la s\u00e9curit\u00e9","url":"https:\/\/news.save.ch\/de\/","logo":{"@type":"ImageObject","inLanguage":"fr-FR","@id":"https:\/\/news.save.ch\/de\/#\/schema\/logo\/image\/","url":"https:\/\/news.save.ch\/wp-content\/uploads\/2022\/06\/Logo_SF_2012.png","contentUrl":"https:\/\/news.save.ch\/wp-content\/uploads\/2022\/06\/Logo_SF_2012.png","width":1100,"height":91,"caption":"Sicherheitsforum"},"image":{"@id":"https:\/\/news.save.ch\/de\/#\/schema\/logo\/image\/"}},{"@type":"Person","@id":"https:\/\/news.save.ch\/de\/#\/schema\/person\/d49e199490bad7c70d64b9ab51142f2b","name":"admin","image":{"@type":"ImageObject","inLanguage":"fr-FR","@id":"https:\/\/secure.gravatar.com\/avatar\/ae2f4d718e6c49043e314ce431e7e645d646302a24a5ef5a8bc8e3f5a032e319?s=96&d=mm&r=g","url":"https:\/\/secure.gravatar.com\/avatar\/ae2f4d718e6c49043e314ce431e7e645d646302a24a5ef5a8bc8e3f5a032e319?s=96&d=mm&r=g","contentUrl":"https:\/\/secure.gravatar.com\/avatar\/ae2f4d718e6c49043e314ce431e7e645d646302a24a5ef5a8bc8e3f5a032e319?s=96&d=mm&r=g","caption":"admin"},"sameAs":["https:\/\/develop.organisator.galledia.ch"],"url":"https:\/\/news.save.ch\/fr\/author\/admin\/"}]}},"_links":{"self":[{"href":"https:\/\/news.save.ch\/fr\/wp-json\/wp\/v2\/posts\/1904","targetHints":{"allow":["GET"]}}],"collection":[{"href":"https:\/\/news.save.ch\/fr\/wp-json\/wp\/v2\/posts"}],"about":[{"href":"https:\/\/news.save.ch\/fr\/wp-json\/wp\/v2\/types\/post"}],"author":[{"embeddable":true,"href":"https:\/\/news.save.ch\/fr\/wp-json\/wp\/v2\/users\/1"}],"replies":[{"embeddable":true,"href":"https:\/\/news.save.ch\/fr\/wp-json\/wp\/v2\/comments?post=1904"}],"version-history":[{"count":0,"href":"https:\/\/news.save.ch\/fr\/wp-json\/wp\/v2\/posts\/1904\/revisions"}],"wp:featuredmedia":[{"embeddable":true,"href":"https:\/\/news.save.ch\/fr\/wp-json\/wp\/v2\/media\/1908"}],"wp:attachment":[{"href":"https:\/\/news.save.ch\/fr\/wp-json\/wp\/v2\/media?parent=1904"}],"wp:term":[{"taxonomy":"category","embeddable":true,"href":"https:\/\/news.save.ch\/fr\/wp-json\/wp\/v2\/categories?post=1904"},{"taxonomy":"post_tag","embeddable":true,"href":"https:\/\/news.save.ch\/fr\/wp-json\/wp\/v2\/tags?post=1904"}],"curies":[{"name":"wp","href":"https:\/\/api.w.org\/{rel}","templated":true}]}}