{"id":1905,"date":"2017-03-21T10:29:31","date_gmt":"2017-03-21T09:29:31","guid":{"rendered":"https:\/\/news.save.ch\/?p=1905"},"modified":"2023-03-14T09:04:23","modified_gmt":"2023-03-14T08:04:23","slug":"so-geht-richtige-zahnhygiene","status":null,"type":"post","link":"https:\/\/news.save.ch\/fr\/so-geht-richtige-zahnhygiene\/","title":{"rendered":"Une bonne hygi\u00e8ne buccale"},"content":{"rendered":"<figure id=\"attachment_1906\" aria-describedby=\"caption-attachment-1906\" style=\"width: 680px\" class=\"wp-caption alignnone\"><img loading=\"lazy\" decoding=\"async\" class=\"size-medium wp-image-1906\" src=\"http:\/\/develop.safety-plus.ch\/wp-content\/uploads\/2017\/03\/Depositphotos_43886009_l-2015.jpg\" alt=\"\" width=\"680\" height=\"453\" \/><figcaption id=\"caption-attachment-1906\" class=\"wp-caption-text\">Se brosser les dents deux fois par jour pendant deux minutes est id\u00e9al pour une bonne sant\u00e9 bucco-dentaire.<\/figcaption><\/figure>\n<p>La F\u00e9d\u00e9ration Dentaire Internationale (FDI) a d\u00e9cid\u00e9 de c\u00e9l\u00e9brer la Journ\u00e9e mondiale de la sant\u00e9 dentaire aujourd'hui.<a href=\"http:\/\/www.worldoralhealthday.org\/\">Journ\u00e9e de la sant\u00e9 bucco-dentaire<\/a> de dissiper quelques mythes sur l'hygi\u00e8ne buccale. En effet, de bonnes habitudes d'hygi\u00e8ne bucco-dentaire peuvent largement contribuer \u00e0 une bonne sant\u00e9 bucco-dentaire jusqu'\u00e0 un \u00e2ge avanc\u00e9 - et permettre d'\u00e9conomiser beaucoup de frais de m\u00e9decin payeur, en particulier en Suisse.<\/p>\n<p><strong>Les boissons sucr\u00e9es, un facteur de risque<\/strong><\/p>\n<p>L'hygi\u00e8ne buccale n'est qu'un des facteurs de risque qui peuvent contribuer \u00e0 une mauvaise sant\u00e9 bucco-dentaire. Une mauvaise alimentation, en particulier celle qui est riche en sucre, est l'un des facteurs de risque les plus fr\u00e9quents pour les maladies bucco-dentaires. La FDI critique en particulier les boissons sucr\u00e9es telles que les jus de fruits, les sodas ou les boissons \u00e9nerg\u00e9tiques, qui contiennent souvent de grandes quantit\u00e9s de sucres cach\u00e9s. L'organisation recommande de ne consommer que des boissons dont la teneur en sucre est inf\u00e9rieure \u00e0 2,5 grammes pour 100 ml. A titre de comparaison, le cola en contient plus de 10 grammes ; le jus d'orange environ 9 grammes et la boisson \u00e9nergisante Red Bull affiche m\u00eame 11 grammes pour 100 millilitres. Le risque de maladies dentaires augmente \u00e0 partir de 50 grammes de sucre par jour, ce qui correspond \u00e0 environ 12 cuill\u00e8res \u00e0 caf\u00e9.<\/p>\n<p><strong>Tabac et alcool<\/strong><\/p>\n<p>Le tabac augmente le risque de maladies des gencives et de cancers de la bouche. Il provoque en outre une d\u00e9coloration des dents, une mauvaise haleine, la perte des dents et la perte du sens du go\u00fbt. La consommation excessive d'alcool augmente le risque de l\u00e9sions dentaires et accro\u00eet le risque de caries. De plus, comme le tabac, il contribue \u00e0 l'augmentation du risque de cancer.<\/p>\n<p><strong>Une bonne hygi\u00e8ne dentaire<\/strong><\/p>\n<p>Retour au rituel quotidien de l'hygi\u00e8ne dentaire : qu'est-ce qui en fait partie, qu'est-ce qui est de trop ?<\/p>\n<p>Les recommandations de la FDI :<\/p>\n<ul>\n<li>Se brosser les dents deux fois par jour pendant deux minutes avec un dentifrice fluor\u00e9 est id\u00e9al.<\/li>\n<li>Ne vous rincez pas la bouche avec de l'eau directement apr\u00e8s vous \u00eatre bross\u00e9 les dents, afin que le fluorure puisse d\u00e9ployer son effet. Recracher suffit.<\/li>\n<li>Attendez au moins 30 minutes apr\u00e8s un repas principal avant de vous brosser les dents.<\/li>\n<li>Si vous n'avez pas la possibilit\u00e9 de vous brosser les dents apr\u00e8s un repas, m\u00e2chez du chewing-gum sans sucre ou utilisez un bain de bouche au fluor.<\/li>\n<li>Consultez un dentiste au moins une fois par an - ou d\u00e8s que vous voyez des signes de mauvaise sant\u00e9 bucco-dentaire.<\/li>\n<li>Renoncez au tabac.<\/li>\n<li>Adoptez une alimentation saine, avec le moins possible d'aliments et de boissons \u00e0 forte teneur en sucre.<\/li>\n<li>Limiter la consommation d'alcool.<\/li>\n<li>Utilisez un prot\u00e8ge-dents pour les sports de contact.<\/li>\n<\/ul>\n<p>&nbsp;<\/p>","protected":false},"excerpt":{"rendered":"<p>Die Zahngesundheitsorganisation FDI World Dental Federation will zum heutigen Welt-Mundgesundheitstag mit einigen Mundpflegemythen aufr\u00e4umen. Denn gute Mundhygiene-Gewohnheiten k\u00f6nnen viel zu einer guten Mundgesundheit bis ins hohe Alter beitragen &#8211; und gerade in der Schweiz viel Zahlarztkosten sparen. Risikofaktor S\u00fcssgetr\u00e4nke Mundhygiene ist dabei nur einer der Risikofaktoren, die zur \u00a0einer ungen\u00fcgenden Mundgesundheit beitragen k\u00f6nnen. Eine ungesunde [&hellip;]<\/p>\n","protected":false},"author":1,"featured_media":1906,"comment_status":"open","ping_status":"open","sticky":false,"template":"","format":"standard","meta":{"_acf_changed":false,"pgc_sgb_lightbox_settings":"","footnotes":""},"categories":[3314],"tags":[141,68,3273],"class_list":["post-1905","post","type-post","status-publish","format-standard","has-post-thumbnail","hentry","category-health-safety","tag-praevention","tag-tipps-und-tricks","tag-zahngesundheit"],"acf":[],"hkrextid":null,"publication":null,"issue":null,"workflow":null,"startPage":null,"spitzmarke":null,"_posts_by_tag_page_fields":{"widget_title":"","widget_tags":""},"_at_widget":"1","_yoast_wpseo_primary_category":"2","_yoast_wpseo_focuskw_text_input":"Mundhygiene","_yoast_wpseo_opengraph-image":null,"_yoast_wpseo_opengraph-description":null,"_yoast_wpseo_opengraph-title":null,"enclosure":null,"_yoast_wpseo_twitter-title":null,"_yoast_wpseo_twitter-description":null,"_yoast_wpseo_twitter-image":null,"_wp_old_slug":null,"_yoast_wpseo_title":"Mundgesundheitstag: So geht richtige Zahnhygiene - Safety-Plus","_yoast_wpseo_canonical":null,"yoast_head":"<!-- This site is optimized with the Yoast SEO plugin v27.4 - https:\/\/yoast.com\/product\/yoast-seo-wordpress\/ -->\n<title>Mundgesundheitstag: So geht richtige Zahnhygiene - Safety-Plus<\/title>\n<meta name=\"description\" content=\"Heute ist Welt-Mundgesundheitstag. Ein guter Anlass, die t\u00e4gliche Mundhygiene zu hinterfragen - und mit einigen Zahnpflegemythen aufzur\u00e4umen.\" \/>\n<meta name=\"robots\" content=\"index, follow, max-snippet:-1, max-image-preview:large, max-video-preview:-1\" \/>\n<link rel=\"canonical\" href=\"https:\/\/news.save.ch\/fr\/so-geht-richtige-zahnhygiene\/\" \/>\n<meta property=\"og:locale\" content=\"fr_FR\" \/>\n<meta property=\"og:type\" content=\"article\" \/>\n<meta property=\"og:title\" content=\"Mundgesundheitstag: So geht richtige Zahnhygiene - Safety-Plus\" \/>\n<meta property=\"og:description\" content=\"Heute ist Welt-Mundgesundheitstag. Ein guter Anlass, die t\u00e4gliche Mundhygiene zu hinterfragen - und mit einigen Zahnpflegemythen aufzur\u00e4umen.\" \/>\n<meta property=\"og:url\" content=\"https:\/\/news.save.ch\/fr\/so-geht-richtige-zahnhygiene\/\" \/>\n<meta property=\"og:site_name\" content=\"Save\" \/>\n<meta property=\"article:published_time\" content=\"2017-03-21T09:29:31+00:00\" \/>\n<meta property=\"article:modified_time\" content=\"2023-03-14T08:04:23+00:00\" \/>\n<meta property=\"og:image\" content=\"https:\/\/news.save.ch\/wp-content\/uploads\/2017\/03\/Depositphotos_43886009_l-2015-scaled-1.jpg\" \/>\n\t<meta property=\"og:image:width\" content=\"1200\" \/>\n\t<meta property=\"og:image:height\" content=\"800\" \/>\n\t<meta property=\"og:image:type\" content=\"image\/jpeg\" \/>\n<meta name=\"author\" content=\"admin\" \/>\n<meta name=\"twitter:card\" content=\"summary_large_image\" \/>\n<meta name=\"twitter:label1\" content=\"\u00c9crit par\" \/>\n\t<meta name=\"twitter:data1\" content=\"admin\" \/>\n\t<meta name=\"twitter:label2\" content=\"Dur\u00e9e de lecture estim\u00e9e\" \/>\n\t<meta name=\"twitter:data2\" content=\"2 minutes\" \/>\n<script type=\"application\/ld+json\" class=\"yoast-schema-graph\">{\"@context\":\"https:\\\/\\\/schema.org\",\"@graph\":[{\"@type\":\"Article\",\"@id\":\"https:\\\/\\\/news.save.ch\\\/so-geht-richtige-zahnhygiene\\\/#article\",\"isPartOf\":{\"@id\":\"https:\\\/\\\/news.save.ch\\\/so-geht-richtige-zahnhygiene\\\/\"},\"author\":{\"name\":\"admin\",\"@id\":\"https:\\\/\\\/news.save.ch\\\/de\\\/#\\\/schema\\\/person\\\/d49e199490bad7c70d64b9ab51142f2b\"},\"headline\":\"So geht richtige Mundhygiene\",\"datePublished\":\"2017-03-21T09:29:31+00:00\",\"dateModified\":\"2023-03-14T08:04:23+00:00\",\"mainEntityOfPage\":{\"@id\":\"https:\\\/\\\/news.save.ch\\\/so-geht-richtige-zahnhygiene\\\/\"},\"wordCount\":384,\"commentCount\":1,\"publisher\":{\"@id\":\"https:\\\/\\\/news.save.ch\\\/de\\\/#organization\"},\"image\":{\"@id\":\"https:\\\/\\\/news.save.ch\\\/so-geht-richtige-zahnhygiene\\\/#primaryimage\"},\"thumbnailUrl\":\"https:\\\/\\\/news.save.ch\\\/wp-content\\\/uploads\\\/2017\\\/03\\\/Depositphotos_43886009_l-2015-scaled-1.jpg\",\"keywords\":[\"Pr\u00e4vention\",\"Tipps und Tricks\",\"Zahngesundheit\"],\"articleSection\":[\"HEALTH &amp; SAFETY\"],\"inLanguage\":\"fr-FR\"},{\"@type\":\"WebPage\",\"@id\":\"https:\\\/\\\/news.save.ch\\\/so-geht-richtige-zahnhygiene\\\/\",\"url\":\"https:\\\/\\\/news.save.ch\\\/so-geht-richtige-zahnhygiene\\\/\",\"name\":\"Mundgesundheitstag: So geht richtige Zahnhygiene - Safety-Plus\",\"isPartOf\":{\"@id\":\"https:\\\/\\\/news.save.ch\\\/de\\\/#website\"},\"primaryImageOfPage\":{\"@id\":\"https:\\\/\\\/news.save.ch\\\/so-geht-richtige-zahnhygiene\\\/#primaryimage\"},\"image\":{\"@id\":\"https:\\\/\\\/news.save.ch\\\/so-geht-richtige-zahnhygiene\\\/#primaryimage\"},\"thumbnailUrl\":\"https:\\\/\\\/news.save.ch\\\/wp-content\\\/uploads\\\/2017\\\/03\\\/Depositphotos_43886009_l-2015-scaled-1.jpg\",\"datePublished\":\"2017-03-21T09:29:31+00:00\",\"dateModified\":\"2023-03-14T08:04:23+00:00\",\"description\":\"Heute ist Welt-Mundgesundheitstag. Ein guter Anlass, die t\u00e4gliche Mundhygiene zu hinterfragen - und mit einigen Zahnpflegemythen aufzur\u00e4umen.\",\"breadcrumb\":{\"@id\":\"https:\\\/\\\/news.save.ch\\\/so-geht-richtige-zahnhygiene\\\/#breadcrumb\"},\"inLanguage\":\"fr-FR\",\"potentialAction\":[{\"@type\":\"ReadAction\",\"target\":[\"https:\\\/\\\/news.save.ch\\\/so-geht-richtige-zahnhygiene\\\/\"]}]},{\"@type\":\"ImageObject\",\"inLanguage\":\"fr-FR\",\"@id\":\"https:\\\/\\\/news.save.ch\\\/so-geht-richtige-zahnhygiene\\\/#primaryimage\",\"url\":\"https:\\\/\\\/news.save.ch\\\/wp-content\\\/uploads\\\/2017\\\/03\\\/Depositphotos_43886009_l-2015-scaled-1.jpg\",\"contentUrl\":\"https:\\\/\\\/news.save.ch\\\/wp-content\\\/uploads\\\/2017\\\/03\\\/Depositphotos_43886009_l-2015-scaled-1.jpg\",\"width\":1200,\"height\":800,\"caption\":\"Zwei Mal t\u00e4glich zwei Minuten Z\u00e4hneputzen ist ideal f\u00fcr eine gute Mundgesundheit.\"},{\"@type\":\"BreadcrumbList\",\"@id\":\"https:\\\/\\\/news.save.ch\\\/so-geht-richtige-zahnhygiene\\\/#breadcrumb\",\"itemListElement\":[{\"@type\":\"ListItem\",\"position\":1,\"name\":\"Home\",\"item\":\"https:\\\/\\\/news.save.ch\\\/de\\\/\"},{\"@type\":\"ListItem\",\"position\":2,\"name\":\"So geht richtige Mundhygiene\"}]},{\"@type\":\"WebSite\",\"@id\":\"https:\\\/\\\/news.save.ch\\\/de\\\/#website\",\"url\":\"https:\\\/\\\/news.save.ch\\\/de\\\/\",\"name\":\"Save\",\"description\":\"Schweizer Fachzeitschrift f\u00fcr Sicherheit\",\"publisher\":{\"@id\":\"https:\\\/\\\/news.save.ch\\\/de\\\/#organization\"},\"potentialAction\":[{\"@type\":\"SearchAction\",\"target\":{\"@type\":\"EntryPoint\",\"urlTemplate\":\"https:\\\/\\\/news.save.ch\\\/de\\\/?s={search_term_string}\"},\"query-input\":{\"@type\":\"PropertyValueSpecification\",\"valueRequired\":true,\"valueName\":\"search_term_string\"}}],\"inLanguage\":\"fr-FR\"},{\"@type\":\"Organization\",\"@id\":\"https:\\\/\\\/news.save.ch\\\/de\\\/#organization\",\"name\":\"Sicherheitsforum\",\"url\":\"https:\\\/\\\/news.save.ch\\\/de\\\/\",\"logo\":{\"@type\":\"ImageObject\",\"inLanguage\":\"fr-FR\",\"@id\":\"https:\\\/\\\/news.save.ch\\\/de\\\/#\\\/schema\\\/logo\\\/image\\\/\",\"url\":\"https:\\\/\\\/news.save.ch\\\/wp-content\\\/uploads\\\/2022\\\/06\\\/Logo_SF_2012.png\",\"contentUrl\":\"https:\\\/\\\/news.save.ch\\\/wp-content\\\/uploads\\\/2022\\\/06\\\/Logo_SF_2012.png\",\"width\":1100,\"height\":91,\"caption\":\"Sicherheitsforum\"},\"image\":{\"@id\":\"https:\\\/\\\/news.save.ch\\\/de\\\/#\\\/schema\\\/logo\\\/image\\\/\"}},{\"@type\":\"Person\",\"@id\":\"https:\\\/\\\/news.save.ch\\\/de\\\/#\\\/schema\\\/person\\\/d49e199490bad7c70d64b9ab51142f2b\",\"name\":\"admin\",\"image\":{\"@type\":\"ImageObject\",\"inLanguage\":\"fr-FR\",\"@id\":\"https:\\\/\\\/secure.gravatar.com\\\/avatar\\\/ae2f4d718e6c49043e314ce431e7e645d646302a24a5ef5a8bc8e3f5a032e319?s=96&d=mm&r=g\",\"url\":\"https:\\\/\\\/secure.gravatar.com\\\/avatar\\\/ae2f4d718e6c49043e314ce431e7e645d646302a24a5ef5a8bc8e3f5a032e319?s=96&d=mm&r=g\",\"contentUrl\":\"https:\\\/\\\/secure.gravatar.com\\\/avatar\\\/ae2f4d718e6c49043e314ce431e7e645d646302a24a5ef5a8bc8e3f5a032e319?s=96&d=mm&r=g\",\"caption\":\"admin\"},\"sameAs\":[\"https:\\\/\\\/develop.organisator.galledia.ch\"],\"url\":\"https:\\\/\\\/news.save.ch\\\/fr\\\/author\\\/admin\\\/\"}]}<\/script>\n<!-- \/ Yoast SEO plugin. -->","yoast_head_json":{"title":"Journ\u00e9e de la sant\u00e9 bucco-dentaire : une bonne hygi\u00e8ne dentaire - Safety-Plus","description":"Aujourd'hui, c'est la Journ\u00e9e mondiale de la sant\u00e9 bucco-dentaire. Une bonne occasion de remettre en question l'hygi\u00e8ne bucco-dentaire quotidienne - et de dissiper quelques mythes sur l'hygi\u00e8ne dentaire.","robots":{"index":"index","follow":"follow","max-snippet":"max-snippet:-1","max-image-preview":"max-image-preview:large","max-video-preview":"max-video-preview:-1"},"canonical":"https:\/\/news.save.ch\/fr\/so-geht-richtige-zahnhygiene\/","og_locale":"fr_FR","og_type":"article","og_title":"Mundgesundheitstag: So geht richtige Zahnhygiene - Safety-Plus","og_description":"Heute ist Welt-Mundgesundheitstag. Ein guter Anlass, die t\u00e4gliche Mundhygiene zu hinterfragen - und mit einigen Zahnpflegemythen aufzur\u00e4umen.","og_url":"https:\/\/news.save.ch\/fr\/so-geht-richtige-zahnhygiene\/","og_site_name":"Save","article_published_time":"2017-03-21T09:29:31+00:00","article_modified_time":"2023-03-14T08:04:23+00:00","og_image":[{"width":1200,"height":800,"url":"https:\/\/news.save.ch\/wp-content\/uploads\/2017\/03\/Depositphotos_43886009_l-2015-scaled-1.jpg","type":"image\/jpeg"}],"author":"admin","twitter_card":"summary_large_image","twitter_misc":{"\u00c9crit par":"admin","Dur\u00e9e de lecture estim\u00e9e":"2 minutes"},"schema":{"@context":"https:\/\/schema.org","@graph":[{"@type":"Article","@id":"https:\/\/news.save.ch\/so-geht-richtige-zahnhygiene\/#article","isPartOf":{"@id":"https:\/\/news.save.ch\/so-geht-richtige-zahnhygiene\/"},"author":{"name":"admin","@id":"https:\/\/news.save.ch\/de\/#\/schema\/person\/d49e199490bad7c70d64b9ab51142f2b"},"headline":"So geht richtige Mundhygiene","datePublished":"2017-03-21T09:29:31+00:00","dateModified":"2023-03-14T08:04:23+00:00","mainEntityOfPage":{"@id":"https:\/\/news.save.ch\/so-geht-richtige-zahnhygiene\/"},"wordCount":384,"commentCount":1,"publisher":{"@id":"https:\/\/news.save.ch\/de\/#organization"},"image":{"@id":"https:\/\/news.save.ch\/so-geht-richtige-zahnhygiene\/#primaryimage"},"thumbnailUrl":"https:\/\/news.save.ch\/wp-content\/uploads\/2017\/03\/Depositphotos_43886009_l-2015-scaled-1.jpg","keywords":["Pr\u00e4vention","Tipps und Tricks","Zahngesundheit"],"articleSection":["HEALTH &amp; SAFETY"],"inLanguage":"fr-FR"},{"@type":"WebPage","@id":"https:\/\/news.save.ch\/so-geht-richtige-zahnhygiene\/","url":"https:\/\/news.save.ch\/so-geht-richtige-zahnhygiene\/","name":"Journ\u00e9e de la sant\u00e9 bucco-dentaire : une bonne hygi\u00e8ne dentaire - Safety-Plus","isPartOf":{"@id":"https:\/\/news.save.ch\/de\/#website"},"primaryImageOfPage":{"@id":"https:\/\/news.save.ch\/so-geht-richtige-zahnhygiene\/#primaryimage"},"image":{"@id":"https:\/\/news.save.ch\/so-geht-richtige-zahnhygiene\/#primaryimage"},"thumbnailUrl":"https:\/\/news.save.ch\/wp-content\/uploads\/2017\/03\/Depositphotos_43886009_l-2015-scaled-1.jpg","datePublished":"2017-03-21T09:29:31+00:00","dateModified":"2023-03-14T08:04:23+00:00","description":"Aujourd'hui, c'est la Journ\u00e9e mondiale de la sant\u00e9 bucco-dentaire. Une bonne occasion de remettre en question l'hygi\u00e8ne bucco-dentaire quotidienne - et de dissiper quelques mythes sur l'hygi\u00e8ne dentaire.","breadcrumb":{"@id":"https:\/\/news.save.ch\/so-geht-richtige-zahnhygiene\/#breadcrumb"},"inLanguage":"fr-FR","potentialAction":[{"@type":"ReadAction","target":["https:\/\/news.save.ch\/so-geht-richtige-zahnhygiene\/"]}]},{"@type":"ImageObject","inLanguage":"fr-FR","@id":"https:\/\/news.save.ch\/so-geht-richtige-zahnhygiene\/#primaryimage","url":"https:\/\/news.save.ch\/wp-content\/uploads\/2017\/03\/Depositphotos_43886009_l-2015-scaled-1.jpg","contentUrl":"https:\/\/news.save.ch\/wp-content\/uploads\/2017\/03\/Depositphotos_43886009_l-2015-scaled-1.jpg","width":1200,"height":800,"caption":"Zwei Mal t\u00e4glich zwei Minuten Z\u00e4hneputzen ist ideal f\u00fcr eine gute Mundgesundheit."},{"@type":"BreadcrumbList","@id":"https:\/\/news.save.ch\/so-geht-richtige-zahnhygiene\/#breadcrumb","itemListElement":[{"@type":"ListItem","position":1,"name":"Home","item":"https:\/\/news.save.ch\/de\/"},{"@type":"ListItem","position":2,"name":"So geht richtige Mundhygiene"}]},{"@type":"WebSite","@id":"https:\/\/news.save.ch\/de\/#website","url":"https:\/\/news.save.ch\/de\/","name":"Save","description":"Revue suisse sp\u00e9cialis\u00e9e dans la s\u00e9curit\u00e9","publisher":{"@id":"https:\/\/news.save.ch\/de\/#organization"},"potentialAction":[{"@type":"SearchAction","target":{"@type":"EntryPoint","urlTemplate":"https:\/\/news.save.ch\/de\/?s={search_term_string}"},"query-input":{"@type":"PropertyValueSpecification","valueRequired":true,"valueName":"search_term_string"}}],"inLanguage":"fr-FR"},{"@type":"Organization","@id":"https:\/\/news.save.ch\/de\/#organization","name":"Forum sur la s\u00e9curit\u00e9","url":"https:\/\/news.save.ch\/de\/","logo":{"@type":"ImageObject","inLanguage":"fr-FR","@id":"https:\/\/news.save.ch\/de\/#\/schema\/logo\/image\/","url":"https:\/\/news.save.ch\/wp-content\/uploads\/2022\/06\/Logo_SF_2012.png","contentUrl":"https:\/\/news.save.ch\/wp-content\/uploads\/2022\/06\/Logo_SF_2012.png","width":1100,"height":91,"caption":"Sicherheitsforum"},"image":{"@id":"https:\/\/news.save.ch\/de\/#\/schema\/logo\/image\/"}},{"@type":"Person","@id":"https:\/\/news.save.ch\/de\/#\/schema\/person\/d49e199490bad7c70d64b9ab51142f2b","name":"admin","image":{"@type":"ImageObject","inLanguage":"fr-FR","@id":"https:\/\/secure.gravatar.com\/avatar\/ae2f4d718e6c49043e314ce431e7e645d646302a24a5ef5a8bc8e3f5a032e319?s=96&d=mm&r=g","url":"https:\/\/secure.gravatar.com\/avatar\/ae2f4d718e6c49043e314ce431e7e645d646302a24a5ef5a8bc8e3f5a032e319?s=96&d=mm&r=g","contentUrl":"https:\/\/secure.gravatar.com\/avatar\/ae2f4d718e6c49043e314ce431e7e645d646302a24a5ef5a8bc8e3f5a032e319?s=96&d=mm&r=g","caption":"admin"},"sameAs":["https:\/\/develop.organisator.galledia.ch"],"url":"https:\/\/news.save.ch\/fr\/author\/admin\/"}]}},"_links":{"self":[{"href":"https:\/\/news.save.ch\/fr\/wp-json\/wp\/v2\/posts\/1905","targetHints":{"allow":["GET"]}}],"collection":[{"href":"https:\/\/news.save.ch\/fr\/wp-json\/wp\/v2\/posts"}],"about":[{"href":"https:\/\/news.save.ch\/fr\/wp-json\/wp\/v2\/types\/post"}],"author":[{"embeddable":true,"href":"https:\/\/news.save.ch\/fr\/wp-json\/wp\/v2\/users\/1"}],"replies":[{"embeddable":true,"href":"https:\/\/news.save.ch\/fr\/wp-json\/wp\/v2\/comments?post=1905"}],"version-history":[{"count":1,"href":"https:\/\/news.save.ch\/fr\/wp-json\/wp\/v2\/posts\/1905\/revisions"}],"predecessor-version":[{"id":18948,"href":"https:\/\/news.save.ch\/fr\/wp-json\/wp\/v2\/posts\/1905\/revisions\/18948"}],"wp:featuredmedia":[{"embeddable":true,"href":"https:\/\/news.save.ch\/fr\/wp-json\/wp\/v2\/media\/1906"}],"wp:attachment":[{"href":"https:\/\/news.save.ch\/fr\/wp-json\/wp\/v2\/media?parent=1905"}],"wp:term":[{"taxonomy":"category","embeddable":true,"href":"https:\/\/news.save.ch\/fr\/wp-json\/wp\/v2\/categories?post=1905"},{"taxonomy":"post_tag","embeddable":true,"href":"https:\/\/news.save.ch\/fr\/wp-json\/wp\/v2\/tags?post=1905"}],"curies":[{"name":"wp","href":"https:\/\/api.w.org\/{rel}","templated":true}]}}