{"id":1907,"date":"2015-05-20T13:55:04","date_gmt":"2015-05-20T11:55:04","guid":{"rendered":"https:\/\/dev.sicherheitsforum.ch\/?p=1907"},"modified":"2023-03-14T09:00:05","modified_gmt":"2023-03-14T08:00:05","slug":"mit-gehirnwellen-menschen-identifizieren","status":null,"type":"post","link":"https:\/\/news.save.ch\/fr\/mit-gehirnwellen-menschen-identifizieren\/","title":{"rendered":"Identifier les personnes gr\u00e2ce aux ondes c\u00e9r\u00e9brales"},"content":{"rendered":"<figure id=\"attachment_1912\" aria-describedby=\"caption-attachment-1912\" style=\"width: 680px\" class=\"wp-caption alignnone\"><img loading=\"lazy\" decoding=\"async\" class=\"size-medium wp-image-1912\" src=\"https:\/\/sicherheitsforum.ch\/wp-content\/uploads\/2016\/12\/555c777dc2df3_Gehirnwellen-Depositphotos_10171240_m_Sicherheitsforum.jpg\" alt=\"\" width=\"680\" height=\"510\" \/><figcaption id=\"caption-attachment-1912\" class=\"wp-caption-text\">Les ondes c\u00e9r\u00e9brales seront-elles bient\u00f4t utilis\u00e9es pour identifier l'identit\u00e9 ?<\/figcaption><\/figure>\n<p>Les chercheurs ont enregistr\u00e9 les signaux de 45 volontaires lorsqu'ils lisaient une liste de 75 abr\u00e9viations. Les changements \u00e9valu\u00e9s \u00e9taient si uniques que les personnes ont pu \u00eatre identifi\u00e9es \u00e0 94%.<\/p>\n<p><strong>D\u00e9veloppement n\u00e9cessaire<\/strong><\/p>\n<p>Les mesures prises dans \"<a href=\"https:\/\/bit.ly\/1IP7b4S\" target=\"_blank\" data-cke-saved-href=\"https:\/\/bit.ly\/1IP7b4S\" rel=\"noopener\">Neurocomputing<\/a>\"Les r\u00e9sultats publi\u00e9s dans le rapport de l'Universit\u00e9 de Californie indiquent que les ondes c\u00e9r\u00e9brales pourraient \u00eatre utilis\u00e9es dans les syst\u00e8mes de s\u00e9curit\u00e9 pour identifier les personnes. Bien que la pr\u00e9cision obtenue jusqu'\u00e0 pr\u00e9sent ne serait pas suffisante pour prot\u00e9ger, par exemple, une pi\u00e8ce ou un ordinateur rempli de secrets, ces r\u00e9sultats constituent toutefois un d\u00e9but prometteur.<\/p>\n<p>Des m\u00e9thodes d'identification des personnes bas\u00e9es sur des signaux \u00e9lectriques c\u00e9r\u00e9braux ont d\u00e9j\u00e0 \u00e9t\u00e9 d\u00e9velopp\u00e9es par le pass\u00e9. L'un des avantages serait que, contrairement aux mots de passe ou aux empreintes digitales, l'identit\u00e9 pourrait \u00eatre v\u00e9rifi\u00e9e en permanence. Une v\u00e9rification continue par la reconnaissance du visage, de l'oreille ou par la surveillance des ondes c\u00e9r\u00e9brales, pourrait permettre \u00e0 une personne d'interagir avec de nombreux syst\u00e8mes informatiques ou m\u00eame avec une s\u00e9rie d'objets \"intelligents\", et ce sans mot de passe.<\/p>\n<p>Jusqu'\u00e0 pr\u00e9sent, les approches correspondantes ont toutefois souvent \u00e9chou\u00e9 en raison des \"bruits parasites\" lors de la mesure des signaux c\u00e9r\u00e9braux et donc de la possibilit\u00e9 d'analyser ces donn\u00e9es. L'approche d'Armstrong r\u00e9sout ce probl\u00e8me en se concentrant sur les ondes c\u00e9r\u00e9brales d'une r\u00e9gion sp\u00e9cifique du cerveau li\u00e9e \u00e0 la lecture et \u00e0 la reconnaissance des mots. Il en r\u00e9sulte des signaux plus clairs, qui peuvent \u00eatre analys\u00e9s plus rapidement.<\/p>\n<p><strong>La biom\u00e9trie enti\u00e8rement repens\u00e9e<\/strong><\/p>\n<p>Les signaux sont g\u00e9n\u00e9r\u00e9s lorsqu'une personne acc\u00e8de \u00e0 sa m\u00e9moire s\u00e9mantique. Les souvenirs \u00e9pisodiques enregistrent nos exp\u00e9riences, mais les souvenirs s\u00e9mantiques capturent la signification de certains mots. La collection de significations que les gens associent aux mots peut varier l\u00e9g\u00e8rement d'une personne \u00e0 l'autre. Cela permet de mettre en \u00e9vidence un mod\u00e8le individuel.<\/p>\n<p>Contrairement aux souvenirs \u00e9pisodiques, les souvenirs s\u00e9mantiques ne changent que tr\u00e8s peu. Par exemple, si l'on se fait piquer par une abeille, il y aura probablement des diff\u00e9rences dans les neurones de la m\u00e9moire \u00e9pisodique \u00e0 la lecture du mot \"abeille\". Cependant, les neurones de la m\u00e9moire s\u00e9mantique devraient se comporter de la m\u00eame mani\u00e8re qu'avant cet \u00e9v\u00e9nement.<\/p>\n<p>Selon Armstrong, la nouvelle m\u00e9thode peut \u00eatre d\u00e9velopp\u00e9e de mani\u00e8re \u00e0 offrir une alternative plus personnelle et plus difficile \u00e0 pirater que la reconnaissance des empreintes digitales ou le scan de l'iris. Le chercheur fait r\u00e9f\u00e9rence \u00e0 un cas en Malaisie. En 2005, des voleurs de voitures ont enlev\u00e9 le bout des doigts du propri\u00e9taire pour pouvoir d\u00e9marrer la voiture. Mais un cerveau ne s'enl\u00e8ve pas facilement.<\/p>\n<p>Kevin Bowyer de la <a href=\"https:\/\/nd.edu\" target=\"_blank\" data-cke-saved-href=\"https:\/\/nd.edu\" rel=\"noopener\">Universit\u00e9 de Notre Dame<\/a> Selon lui, cette approche modifie certes les id\u00e9es sur la biom\u00e9trie. Mais l'expert fait remarquer que le proc\u00e9d\u00e9 est actuellement beaucoup moins pr\u00e9cis que le scannage d'une empreinte digitale ou de l'iris. Comme trois \u00e9lectrodes doivent \u00eatre plac\u00e9es sur la t\u00eate, le proc\u00e9d\u00e9 est \u00e9galement plus difficile \u00e0 mettre en \u0153uvre.<\/p>\n<p><em>Source : <a href=\"https:\/\/www.pressetext.com\" target=\"_blank\" data-cke-saved-href=\"https:\/\/www.pressetext.com\" rel=\"noopener\">Communiqu\u00e9 de presse<\/a><\/em><\/p>","protected":false},"excerpt":{"rendered":"<p>Die Forscher haben die Signale von 45 Freiwilligen aufgezeichnet, als sie eine Liste mit 75 Abk\u00fcrzungen lasen. Die ausgewerteten Ver\u00e4nderungen waren so einzigartig, dass Menschen zu 94% identifiziert werden konnten. Weiterentwicklung n\u00f6tig Die in &#8222;Neurocomputing&#8220;\u00a0ver\u00f6ffentlichten Ergebnisse weisen darauf hin, dass Gehirnwellen bei Sicherheitssystemen zur Identifizierung der Identit\u00e4t eingesetzt werden k\u00f6nnten. Obwohl die bisher erzielte Genauigkeit [&hellip;]<\/p>\n","protected":false},"author":1,"featured_media":1912,"comment_status":"open","ping_status":"open","sticky":false,"template":"","format":"standard","meta":{"_acf_changed":false,"pgc_sgb_lightbox_settings":"","footnotes":""},"categories":[3312],"tags":[218,219,220,221],"class_list":["post-1907","post","type-post","status-publish","format-standard","has-post-thumbnail","hentry","category-sicherheit","tag-biometrik","tag-gehirnwellen","tag-identifikation","tag-neurocomputing"],"acf":[],"hkrextid":null,"publication":null,"issue":null,"workflow":null,"startPage":null,"spitzmarke":null,"_posts_by_tag_page_fields":{"widget_title":"","widget_tags":""},"_at_widget":"1","_yoast_wpseo_primary_category":"3303","_yoast_wpseo_focuskw_text_input":"Gehirnwellen","_yoast_wpseo_opengraph-image":"https:\/\/sicherheitsforum.ch\/wp-content\/uploads\/2016\/12\/555c777dc2df3_Gehirnwellen-Depositphotos_10171240_m_Sicherheitsforum.jpg","_yoast_wpseo_opengraph-description":"W\u00f6rter, die Gehirnwellen ausl\u00f6sen, k\u00f6nnen laut Forschern des Basque Center on Cognition, Brain, and Language eingesetzt werden, um Menschen zu identifizieren.","_yoast_wpseo_opengraph-title":"Mit Gehirnwellen Menschen identifizieren","enclosure":null,"_yoast_wpseo_twitter-title":null,"_yoast_wpseo_twitter-description":null,"_yoast_wpseo_twitter-image":null,"_wp_old_slug":null,"_yoast_wpseo_title":null,"_yoast_wpseo_canonical":null,"yoast_head":"<!-- This site is optimized with the Yoast SEO plugin v27.4 - https:\/\/yoast.com\/product\/yoast-seo-wordpress\/ -->\n<title>Mit Gehirnwellen Menschen identifizieren - Save<\/title>\n<meta name=\"description\" content=\"W\u00f6rter, die Gehirnwellen ausl\u00f6sen, k\u00f6nnen laut des Basque Center on Cognition, Brain, and Language eingesetzt werden, um Menschen zu identifizieren.\" \/>\n<meta name=\"robots\" content=\"index, follow, max-snippet:-1, max-image-preview:large, max-video-preview:-1\" \/>\n<link rel=\"canonical\" href=\"https:\/\/news.save.ch\/fr\/mit-gehirnwellen-menschen-identifizieren\/\" \/>\n<meta property=\"og:locale\" content=\"fr_FR\" \/>\n<meta property=\"og:type\" content=\"article\" \/>\n<meta property=\"og:title\" content=\"Mit Gehirnwellen Menschen identifizieren\" \/>\n<meta property=\"og:description\" content=\"W\u00f6rter, die Gehirnwellen ausl\u00f6sen, k\u00f6nnen laut Forschern des Basque Center on Cognition, Brain, and Language eingesetzt werden, um Menschen zu identifizieren.\" \/>\n<meta property=\"og:url\" content=\"https:\/\/news.save.ch\/fr\/mit-gehirnwellen-menschen-identifizieren\/\" \/>\n<meta property=\"og:site_name\" content=\"Save\" \/>\n<meta property=\"article:published_time\" content=\"2015-05-20T11:55:04+00:00\" \/>\n<meta property=\"article:modified_time\" content=\"2023-03-14T08:00:05+00:00\" \/>\n<meta property=\"og:image\" content=\"https:\/\/sicherheitsforum.ch\/wp-content\/uploads\/2016\/12\/555c777dc2df3_Gehirnwellen-Depositphotos_10171240_m_Sicherheitsforum.jpg\" \/>\n<meta name=\"author\" content=\"admin\" \/>\n<meta name=\"twitter:card\" content=\"summary_large_image\" \/>\n<meta name=\"twitter:label1\" content=\"\u00c9crit par\" \/>\n\t<meta name=\"twitter:data1\" content=\"admin\" \/>\n\t<meta name=\"twitter:label2\" content=\"Dur\u00e9e de lecture estim\u00e9e\" \/>\n\t<meta name=\"twitter:data2\" content=\"2 minutes\" \/>\n<script type=\"application\/ld+json\" class=\"yoast-schema-graph\">{\"@context\":\"https:\\\/\\\/schema.org\",\"@graph\":[{\"@type\":\"Article\",\"@id\":\"https:\\\/\\\/news.save.ch\\\/mit-gehirnwellen-menschen-identifizieren\\\/#article\",\"isPartOf\":{\"@id\":\"https:\\\/\\\/news.save.ch\\\/mit-gehirnwellen-menschen-identifizieren\\\/\"},\"author\":{\"name\":\"admin\",\"@id\":\"https:\\\/\\\/news.save.ch\\\/de\\\/#\\\/schema\\\/person\\\/d49e199490bad7c70d64b9ab51142f2b\"},\"headline\":\"Mit Gehirnwellen Menschen identifizieren\",\"datePublished\":\"2015-05-20T11:55:04+00:00\",\"dateModified\":\"2023-03-14T08:00:05+00:00\",\"mainEntityOfPage\":{\"@id\":\"https:\\\/\\\/news.save.ch\\\/mit-gehirnwellen-menschen-identifizieren\\\/\"},\"wordCount\":467,\"commentCount\":0,\"publisher\":{\"@id\":\"https:\\\/\\\/news.save.ch\\\/de\\\/#organization\"},\"image\":{\"@id\":\"https:\\\/\\\/news.save.ch\\\/mit-gehirnwellen-menschen-identifizieren\\\/#primaryimage\"},\"thumbnailUrl\":\"https:\\\/\\\/news.save.ch\\\/wp-content\\\/uploads\\\/2016\\\/12\\\/555c777dc2df3_Gehirnwellen-Depositphotos_10171240_m_Sicherheitsforum-scaled.jpg\",\"keywords\":[\"Biometrik\",\"Gehirnwellen\",\"Identifikation\",\"Neurocomputing\"],\"articleSection\":[\"SICHERHEIT\"],\"inLanguage\":\"fr-FR\"},{\"@type\":\"WebPage\",\"@id\":\"https:\\\/\\\/news.save.ch\\\/mit-gehirnwellen-menschen-identifizieren\\\/\",\"url\":\"https:\\\/\\\/news.save.ch\\\/mit-gehirnwellen-menschen-identifizieren\\\/\",\"name\":\"Mit Gehirnwellen Menschen identifizieren - Save\",\"isPartOf\":{\"@id\":\"https:\\\/\\\/news.save.ch\\\/de\\\/#website\"},\"primaryImageOfPage\":{\"@id\":\"https:\\\/\\\/news.save.ch\\\/mit-gehirnwellen-menschen-identifizieren\\\/#primaryimage\"},\"image\":{\"@id\":\"https:\\\/\\\/news.save.ch\\\/mit-gehirnwellen-menschen-identifizieren\\\/#primaryimage\"},\"thumbnailUrl\":\"https:\\\/\\\/news.save.ch\\\/wp-content\\\/uploads\\\/2016\\\/12\\\/555c777dc2df3_Gehirnwellen-Depositphotos_10171240_m_Sicherheitsforum-scaled.jpg\",\"datePublished\":\"2015-05-20T11:55:04+00:00\",\"dateModified\":\"2023-03-14T08:00:05+00:00\",\"description\":\"W\u00f6rter, die Gehirnwellen ausl\u00f6sen, k\u00f6nnen laut des Basque Center on Cognition, Brain, and Language eingesetzt werden, um Menschen zu identifizieren.\",\"breadcrumb\":{\"@id\":\"https:\\\/\\\/news.save.ch\\\/mit-gehirnwellen-menschen-identifizieren\\\/#breadcrumb\"},\"inLanguage\":\"fr-FR\",\"potentialAction\":[{\"@type\":\"ReadAction\",\"target\":[\"https:\\\/\\\/news.save.ch\\\/mit-gehirnwellen-menschen-identifizieren\\\/\"]}]},{\"@type\":\"ImageObject\",\"inLanguage\":\"fr-FR\",\"@id\":\"https:\\\/\\\/news.save.ch\\\/mit-gehirnwellen-menschen-identifizieren\\\/#primaryimage\",\"url\":\"https:\\\/\\\/news.save.ch\\\/wp-content\\\/uploads\\\/2016\\\/12\\\/555c777dc2df3_Gehirnwellen-Depositphotos_10171240_m_Sicherheitsforum-scaled.jpg\",\"contentUrl\":\"https:\\\/\\\/news.save.ch\\\/wp-content\\\/uploads\\\/2016\\\/12\\\/555c777dc2df3_Gehirnwellen-Depositphotos_10171240_m_Sicherheitsforum-scaled.jpg\",\"width\":1400,\"height\":1050,\"caption\":\"Werden bald Gehirnwellen zur Identifizierung der Identit\u00e4t eingesetzt?\"},{\"@type\":\"BreadcrumbList\",\"@id\":\"https:\\\/\\\/news.save.ch\\\/mit-gehirnwellen-menschen-identifizieren\\\/#breadcrumb\",\"itemListElement\":[{\"@type\":\"ListItem\",\"position\":1,\"name\":\"Home\",\"item\":\"https:\\\/\\\/news.save.ch\\\/de\\\/\"},{\"@type\":\"ListItem\",\"position\":2,\"name\":\"Mit Gehirnwellen Menschen identifizieren\"}]},{\"@type\":\"WebSite\",\"@id\":\"https:\\\/\\\/news.save.ch\\\/de\\\/#website\",\"url\":\"https:\\\/\\\/news.save.ch\\\/de\\\/\",\"name\":\"Save\",\"description\":\"Schweizer Fachzeitschrift f\u00fcr Sicherheit\",\"publisher\":{\"@id\":\"https:\\\/\\\/news.save.ch\\\/de\\\/#organization\"},\"potentialAction\":[{\"@type\":\"SearchAction\",\"target\":{\"@type\":\"EntryPoint\",\"urlTemplate\":\"https:\\\/\\\/news.save.ch\\\/de\\\/?s={search_term_string}\"},\"query-input\":{\"@type\":\"PropertyValueSpecification\",\"valueRequired\":true,\"valueName\":\"search_term_string\"}}],\"inLanguage\":\"fr-FR\"},{\"@type\":\"Organization\",\"@id\":\"https:\\\/\\\/news.save.ch\\\/de\\\/#organization\",\"name\":\"Sicherheitsforum\",\"url\":\"https:\\\/\\\/news.save.ch\\\/de\\\/\",\"logo\":{\"@type\":\"ImageObject\",\"inLanguage\":\"fr-FR\",\"@id\":\"https:\\\/\\\/news.save.ch\\\/de\\\/#\\\/schema\\\/logo\\\/image\\\/\",\"url\":\"https:\\\/\\\/news.save.ch\\\/wp-content\\\/uploads\\\/2022\\\/06\\\/Logo_SF_2012.png\",\"contentUrl\":\"https:\\\/\\\/news.save.ch\\\/wp-content\\\/uploads\\\/2022\\\/06\\\/Logo_SF_2012.png\",\"width\":1100,\"height\":91,\"caption\":\"Sicherheitsforum\"},\"image\":{\"@id\":\"https:\\\/\\\/news.save.ch\\\/de\\\/#\\\/schema\\\/logo\\\/image\\\/\"}},{\"@type\":\"Person\",\"@id\":\"https:\\\/\\\/news.save.ch\\\/de\\\/#\\\/schema\\\/person\\\/d49e199490bad7c70d64b9ab51142f2b\",\"name\":\"admin\",\"image\":{\"@type\":\"ImageObject\",\"inLanguage\":\"fr-FR\",\"@id\":\"https:\\\/\\\/secure.gravatar.com\\\/avatar\\\/ae2f4d718e6c49043e314ce431e7e645d646302a24a5ef5a8bc8e3f5a032e319?s=96&d=mm&r=g\",\"url\":\"https:\\\/\\\/secure.gravatar.com\\\/avatar\\\/ae2f4d718e6c49043e314ce431e7e645d646302a24a5ef5a8bc8e3f5a032e319?s=96&d=mm&r=g\",\"contentUrl\":\"https:\\\/\\\/secure.gravatar.com\\\/avatar\\\/ae2f4d718e6c49043e314ce431e7e645d646302a24a5ef5a8bc8e3f5a032e319?s=96&d=mm&r=g\",\"caption\":\"admin\"},\"sameAs\":[\"https:\\\/\\\/develop.organisator.galledia.ch\"],\"url\":\"https:\\\/\\\/news.save.ch\\\/fr\\\/author\\\/admin\\\/\"}]}<\/script>\n<!-- \/ Yoast SEO plugin. -->","yoast_head_json":{"title":"Identifier les personnes gr\u00e2ce aux ondes c\u00e9r\u00e9brales - Save","description":"Les mots qui d\u00e9clenchent des ondes c\u00e9r\u00e9brales peuvent \u00eatre utilis\u00e9s pour identifier des personnes, selon le Basque Center on Cognition, Brain, and Language.","robots":{"index":"index","follow":"follow","max-snippet":"max-snippet:-1","max-image-preview":"max-image-preview:large","max-video-preview":"max-video-preview:-1"},"canonical":"https:\/\/news.save.ch\/fr\/mit-gehirnwellen-menschen-identifizieren\/","og_locale":"fr_FR","og_type":"article","og_title":"Mit Gehirnwellen Menschen identifizieren","og_description":"W\u00f6rter, die Gehirnwellen ausl\u00f6sen, k\u00f6nnen laut Forschern des Basque Center on Cognition, Brain, and Language eingesetzt werden, um Menschen zu identifizieren.","og_url":"https:\/\/news.save.ch\/fr\/mit-gehirnwellen-menschen-identifizieren\/","og_site_name":"Save","article_published_time":"2015-05-20T11:55:04+00:00","article_modified_time":"2023-03-14T08:00:05+00:00","og_image":[{"url":"https:\/\/sicherheitsforum.ch\/wp-content\/uploads\/2016\/12\/555c777dc2df3_Gehirnwellen-Depositphotos_10171240_m_Sicherheitsforum.jpg","type":"","width":"","height":""}],"author":"admin","twitter_card":"summary_large_image","twitter_misc":{"\u00c9crit par":"admin","Dur\u00e9e de lecture estim\u00e9e":"2 minutes"},"schema":{"@context":"https:\/\/schema.org","@graph":[{"@type":"Article","@id":"https:\/\/news.save.ch\/mit-gehirnwellen-menschen-identifizieren\/#article","isPartOf":{"@id":"https:\/\/news.save.ch\/mit-gehirnwellen-menschen-identifizieren\/"},"author":{"name":"admin","@id":"https:\/\/news.save.ch\/de\/#\/schema\/person\/d49e199490bad7c70d64b9ab51142f2b"},"headline":"Mit Gehirnwellen Menschen identifizieren","datePublished":"2015-05-20T11:55:04+00:00","dateModified":"2023-03-14T08:00:05+00:00","mainEntityOfPage":{"@id":"https:\/\/news.save.ch\/mit-gehirnwellen-menschen-identifizieren\/"},"wordCount":467,"commentCount":0,"publisher":{"@id":"https:\/\/news.save.ch\/de\/#organization"},"image":{"@id":"https:\/\/news.save.ch\/mit-gehirnwellen-menschen-identifizieren\/#primaryimage"},"thumbnailUrl":"https:\/\/news.save.ch\/wp-content\/uploads\/2016\/12\/555c777dc2df3_Gehirnwellen-Depositphotos_10171240_m_Sicherheitsforum-scaled.jpg","keywords":["Biometrik","Gehirnwellen","Identifikation","Neurocomputing"],"articleSection":["SICHERHEIT"],"inLanguage":"fr-FR"},{"@type":"WebPage","@id":"https:\/\/news.save.ch\/mit-gehirnwellen-menschen-identifizieren\/","url":"https:\/\/news.save.ch\/mit-gehirnwellen-menschen-identifizieren\/","name":"Identifier les personnes gr\u00e2ce aux ondes c\u00e9r\u00e9brales - Save","isPartOf":{"@id":"https:\/\/news.save.ch\/de\/#website"},"primaryImageOfPage":{"@id":"https:\/\/news.save.ch\/mit-gehirnwellen-menschen-identifizieren\/#primaryimage"},"image":{"@id":"https:\/\/news.save.ch\/mit-gehirnwellen-menschen-identifizieren\/#primaryimage"},"thumbnailUrl":"https:\/\/news.save.ch\/wp-content\/uploads\/2016\/12\/555c777dc2df3_Gehirnwellen-Depositphotos_10171240_m_Sicherheitsforum-scaled.jpg","datePublished":"2015-05-20T11:55:04+00:00","dateModified":"2023-03-14T08:00:05+00:00","description":"Les mots qui d\u00e9clenchent des ondes c\u00e9r\u00e9brales peuvent \u00eatre utilis\u00e9s pour identifier des personnes, selon le Basque Center on Cognition, Brain, and Language.","breadcrumb":{"@id":"https:\/\/news.save.ch\/mit-gehirnwellen-menschen-identifizieren\/#breadcrumb"},"inLanguage":"fr-FR","potentialAction":[{"@type":"ReadAction","target":["https:\/\/news.save.ch\/mit-gehirnwellen-menschen-identifizieren\/"]}]},{"@type":"ImageObject","inLanguage":"fr-FR","@id":"https:\/\/news.save.ch\/mit-gehirnwellen-menschen-identifizieren\/#primaryimage","url":"https:\/\/news.save.ch\/wp-content\/uploads\/2016\/12\/555c777dc2df3_Gehirnwellen-Depositphotos_10171240_m_Sicherheitsforum-scaled.jpg","contentUrl":"https:\/\/news.save.ch\/wp-content\/uploads\/2016\/12\/555c777dc2df3_Gehirnwellen-Depositphotos_10171240_m_Sicherheitsforum-scaled.jpg","width":1400,"height":1050,"caption":"Werden bald Gehirnwellen zur Identifizierung der Identit\u00e4t eingesetzt?"},{"@type":"BreadcrumbList","@id":"https:\/\/news.save.ch\/mit-gehirnwellen-menschen-identifizieren\/#breadcrumb","itemListElement":[{"@type":"ListItem","position":1,"name":"Home","item":"https:\/\/news.save.ch\/de\/"},{"@type":"ListItem","position":2,"name":"Mit Gehirnwellen Menschen identifizieren"}]},{"@type":"WebSite","@id":"https:\/\/news.save.ch\/de\/#website","url":"https:\/\/news.save.ch\/de\/","name":"Save","description":"Revue suisse sp\u00e9cialis\u00e9e dans la s\u00e9curit\u00e9","publisher":{"@id":"https:\/\/news.save.ch\/de\/#organization"},"potentialAction":[{"@type":"SearchAction","target":{"@type":"EntryPoint","urlTemplate":"https:\/\/news.save.ch\/de\/?s={search_term_string}"},"query-input":{"@type":"PropertyValueSpecification","valueRequired":true,"valueName":"search_term_string"}}],"inLanguage":"fr-FR"},{"@type":"Organization","@id":"https:\/\/news.save.ch\/de\/#organization","name":"Forum sur la s\u00e9curit\u00e9","url":"https:\/\/news.save.ch\/de\/","logo":{"@type":"ImageObject","inLanguage":"fr-FR","@id":"https:\/\/news.save.ch\/de\/#\/schema\/logo\/image\/","url":"https:\/\/news.save.ch\/wp-content\/uploads\/2022\/06\/Logo_SF_2012.png","contentUrl":"https:\/\/news.save.ch\/wp-content\/uploads\/2022\/06\/Logo_SF_2012.png","width":1100,"height":91,"caption":"Sicherheitsforum"},"image":{"@id":"https:\/\/news.save.ch\/de\/#\/schema\/logo\/image\/"}},{"@type":"Person","@id":"https:\/\/news.save.ch\/de\/#\/schema\/person\/d49e199490bad7c70d64b9ab51142f2b","name":"admin","image":{"@type":"ImageObject","inLanguage":"fr-FR","@id":"https:\/\/secure.gravatar.com\/avatar\/ae2f4d718e6c49043e314ce431e7e645d646302a24a5ef5a8bc8e3f5a032e319?s=96&d=mm&r=g","url":"https:\/\/secure.gravatar.com\/avatar\/ae2f4d718e6c49043e314ce431e7e645d646302a24a5ef5a8bc8e3f5a032e319?s=96&d=mm&r=g","contentUrl":"https:\/\/secure.gravatar.com\/avatar\/ae2f4d718e6c49043e314ce431e7e645d646302a24a5ef5a8bc8e3f5a032e319?s=96&d=mm&r=g","caption":"admin"},"sameAs":["https:\/\/develop.organisator.galledia.ch"],"url":"https:\/\/news.save.ch\/fr\/author\/admin\/"}]}},"_links":{"self":[{"href":"https:\/\/news.save.ch\/fr\/wp-json\/wp\/v2\/posts\/1907","targetHints":{"allow":["GET"]}}],"collection":[{"href":"https:\/\/news.save.ch\/fr\/wp-json\/wp\/v2\/posts"}],"about":[{"href":"https:\/\/news.save.ch\/fr\/wp-json\/wp\/v2\/types\/post"}],"author":[{"embeddable":true,"href":"https:\/\/news.save.ch\/fr\/wp-json\/wp\/v2\/users\/1"}],"replies":[{"embeddable":true,"href":"https:\/\/news.save.ch\/fr\/wp-json\/wp\/v2\/comments?post=1907"}],"version-history":[{"count":1,"href":"https:\/\/news.save.ch\/fr\/wp-json\/wp\/v2\/posts\/1907\/revisions"}],"predecessor-version":[{"id":18021,"href":"https:\/\/news.save.ch\/fr\/wp-json\/wp\/v2\/posts\/1907\/revisions\/18021"}],"wp:featuredmedia":[{"embeddable":true,"href":"https:\/\/news.save.ch\/fr\/wp-json\/wp\/v2\/media\/1912"}],"wp:attachment":[{"href":"https:\/\/news.save.ch\/fr\/wp-json\/wp\/v2\/media?parent=1907"}],"wp:term":[{"taxonomy":"category","embeddable":true,"href":"https:\/\/news.save.ch\/fr\/wp-json\/wp\/v2\/categories?post=1907"},{"taxonomy":"post_tag","embeddable":true,"href":"https:\/\/news.save.ch\/fr\/wp-json\/wp\/v2\/tags?post=1907"}],"curies":[{"name":"wp","href":"https:\/\/api.w.org\/{rel}","templated":true}]}}