{"id":19368,"date":"2023-05-08T12:01:24","date_gmt":"2023-05-08T10:01:24","guid":{"rendered":"https:\/\/news.save.ch\/?p=19368"},"modified":"2023-05-08T12:03:30","modified_gmt":"2023-05-08T10:03:30","slug":"cloud-security-ist-die-hauptsorge-von-sicherheitsexperten","status":null,"type":"post","link":"https:\/\/news.save.ch\/fr\/cloud-security-ist-die-hauptsorge-von-sicherheitsexperten\/","title":{"rendered":"La s\u00e9curit\u00e9 du cloud est la principale pr\u00e9occupation des experts en s\u00e9curit\u00e9"},"content":{"rendered":"<p>Pour l'enqu\u00eate de <a href=\"https:\/\/delinea.com\/de\">Delinea<\/a> plus de 100 professionnels de la cybers\u00e9curit\u00e9 ont \u00e9t\u00e9 interrog\u00e9s dans le cadre de la conf\u00e9rence RSA de cette ann\u00e9e \u00e0 San Francisco sur les probl\u00e8mes les plus urgents qu'ils rencontrent actuellement dans la mise en \u0153uvre d'une cyberhygi\u00e8ne et de strat\u00e9gies de cyberassurance. Outre les r\u00e9sultats susmentionn\u00e9s, l'enqu\u00eate a r\u00e9v\u00e9l\u00e9 que la demande de cyberassurance a diminu\u00e9 : Seuls 32 pour cent des personnes interrog\u00e9es ont demand\u00e9 une couverture d'assurance ou prolong\u00e9 une police existante au cours de l'ann\u00e9e derni\u00e8re. Il s'agit d'une baisse de 9 % par rapport \u00e0 2022, o\u00f9 41 % des professionnels de la s\u00e9curit\u00e9 indiquaient que leur entreprise avait d\u00e9j\u00e0 souscrit une cyberassurance ou envisageait fortement de le faire.<\/p>\n<h3>Les restrictions budg\u00e9taires sont le principal obstacle<\/h3>\n<p>Les raisons de ce recul pourraient d'une part indiquer une dangereuse surestimation de sa propre cybers\u00e9curit\u00e9, mais d'autre part \u00e9galement \u00eatre li\u00e9es \u00e0 l'augmentation des co\u00fbts de la couverture d'assurance, comme l'\u00e9crit Delinea. Selon l'enqu\u00eate, pr\u00e8s de 42 % des personnes interrog\u00e9es ont tout de m\u00eame cit\u00e9 les restrictions budg\u00e9taires comme le principal obstacle \u00e0 la souscription d'une cyberassurance, suivies par le respect des exigences techniques (22 %) et l'accord de la direction (21 %).<\/p>\n<p>La principale raison invoqu\u00e9e pour justifier le recours \u00e0 la cyber-assurance est le respect des exigences de conformit\u00e9 pour 40 % des personnes interrog\u00e9es, la menace persistante des ransomwares pour 29 % et les exigences de la direction et des clients pour respectivement 13 % et 12 % d'entre elles.<\/p>\n<p>\"Avec l'adoption croissante de normes de conformit\u00e9, il est plus important que jamais pour les entreprises d'accorder la priorit\u00e9 \u00e0 la cybers\u00e9curit\u00e9, non seulement pour r\u00e9pondre \u00e0 ces exigences, mais aussi pour s'assurer que les donn\u00e9es sensibles de l'entreprise, des employ\u00e9s et des clients sont prot\u00e9g\u00e9es \u00e0 tout prix\", a d\u00e9clar\u00e9 Joseph Carson, Chief Security Scientist et Advisory CISO chez Delinea. \"Avec l'\u00e9volution des exigences et l'augmentation des co\u00fbts de la cyberassurance, il est de plus en plus important pour les entreprises de respecter des contr\u00f4les de s\u00e9curit\u00e9 qui maintiennent les co\u00fbts des cyberpolices \u00e0 un niveau raisonnable\".<\/p>\n<h3>Le PAM joue un r\u00f4le important dans la souscription d'une cyberassurance<\/h3>\n<p>Bien que, selon l'enqu\u00eate, pr\u00e8s de la moiti\u00e9 (45 %) des participants \u00e0 l'enqu\u00eate aient d\u00e9clar\u00e9 ne pas avoir de contr\u00f4les de gestion des acc\u00e8s privil\u00e9gi\u00e9s (PAM) en place, ou seulement des contr\u00f4les tr\u00e8s simples, la PAM est n\u00e9anmoins reconnue comme l'une des priorit\u00e9s les plus importantes pour une cyber-hygi\u00e8ne efficace. 34 % des participants ont ainsi indiqu\u00e9 que la GPA est l'une des trois technologies les plus importantes dans lesquelles leurs entreprises investissent pour se qualifier pour la cyberassurance.<\/p>\n<p>\"Les solutions PAM offrent un avantage consid\u00e9rable aux entreprises qui souhaitent d\u00e9montrer aux cyber-assureurs potentiels qu'elles ont r\u00e9duit leurs risques et sont devenues plus r\u00e9sistantes aux cyber-attaques\", poursuit M. Carson.<\/p>\n<p><em>Source : Delinea<\/em><\/p>\n<p>&nbsp;<\/p>","protected":false},"excerpt":{"rendered":"<p>F\u00fcr die Umfrage von Delinea wurden im Rahmen der diesj\u00e4hrigen RSA Conference in San Francisco mehr als 100 Cybersecurity-Professionals zu ihren derzeit dringlichsten Problemen bei der Umsetzung einer Cyberhygiene sowie den Cyberversicherungs-Strategien befragt. Nebst den obgenannten Resultaten ergab die Umfrage, dass die Nachfrage nach Cyberversicherungen zur\u00fcckgegangen ist: Nur 32 Prozent der Befragten haben demnach im [&hellip;]<\/p>\n","protected":false},"author":8,"featured_media":19369,"comment_status":"closed","ping_status":"closed","sticky":false,"template":"","format":"standard","meta":{"_acf_changed":false,"pgc_sgb_lightbox_settings":"","footnotes":""},"categories":[3313],"tags":[940,3353],"class_list":["post-19368","post","type-post","status-publish","format-standard","has-post-thumbnail","hentry","category-digitalisierung","tag-cloud-security","tag-cyberversicherung"],"acf":[],"hkrextid":null,"publication":null,"issue":null,"workflow":null,"startPage":null,"spitzmarke":null,"_posts_by_tag_page_fields":null,"_at_widget":null,"_yoast_wpseo_primary_category":"3313","_yoast_wpseo_focuskw_text_input":null,"_yoast_wpseo_opengraph-image":null,"_yoast_wpseo_opengraph-description":null,"_yoast_wpseo_opengraph-title":null,"enclosure":null,"_yoast_wpseo_twitter-title":null,"_yoast_wpseo_twitter-description":null,"_yoast_wpseo_twitter-image":null,"_wp_old_slug":null,"_yoast_wpseo_title":null,"_yoast_wpseo_canonical":null,"yoast_head":"<!-- This site is optimized with the Yoast SEO plugin v27.4 - https:\/\/yoast.com\/product\/yoast-seo-wordpress\/ -->\n<title>Cloud-Security ist die Hauptsorge von Sicherheitsexperten - Save<\/title>\n<meta name=\"robots\" content=\"index, follow, max-snippet:-1, max-image-preview:large, max-video-preview:-1\" \/>\n<link rel=\"canonical\" href=\"https:\/\/news.save.ch\/fr\/cloud-security-ist-die-hauptsorge-von-sicherheitsexperten\/\" \/>\n<meta property=\"og:locale\" content=\"fr_FR\" \/>\n<meta property=\"og:type\" content=\"article\" \/>\n<meta property=\"og:title\" content=\"Cloud-Security ist die Hauptsorge von Sicherheitsexperten - Save\" \/>\n<meta property=\"og:description\" content=\"F\u00fcr die Umfrage von Delinea wurden im Rahmen der diesj\u00e4hrigen RSA Conference in San Francisco mehr als 100 Cybersecurity-Professionals zu ihren derzeit dringlichsten Problemen bei der Umsetzung einer Cyberhygiene sowie den Cyberversicherungs-Strategien befragt. Nebst den obgenannten Resultaten ergab die Umfrage, dass die Nachfrage nach Cyberversicherungen zur\u00fcckgegangen ist: Nur 32 Prozent der Befragten haben demnach im [&hellip;]\" \/>\n<meta property=\"og:url\" content=\"https:\/\/news.save.ch\/fr\/cloud-security-ist-die-hauptsorge-von-sicherheitsexperten\/\" \/>\n<meta property=\"og:site_name\" content=\"Save\" \/>\n<meta property=\"article:published_time\" content=\"2023-05-08T10:01:24+00:00\" \/>\n<meta property=\"article:modified_time\" content=\"2023-05-08T10:03:30+00:00\" \/>\n<meta property=\"og:image\" content=\"https:\/\/news.save.ch\/wp-content\/uploads\/2023\/05\/Depositphotos_22339171_S.jpg\" \/>\n\t<meta property=\"og:image:width\" content=\"1000\" \/>\n\t<meta property=\"og:image:height\" content=\"1000\" \/>\n\t<meta property=\"og:image:type\" content=\"image\/jpeg\" \/>\n<meta name=\"author\" content=\"Roger Str\u00e4ssle\" \/>\n<meta name=\"twitter:card\" content=\"summary_large_image\" \/>\n<meta name=\"twitter:label1\" content=\"\u00c9crit par\" \/>\n\t<meta name=\"twitter:data1\" content=\"Roger Str\u00e4ssle\" \/>\n\t<meta name=\"twitter:label2\" content=\"Dur\u00e9e de lecture estim\u00e9e\" \/>\n\t<meta name=\"twitter:data2\" content=\"3 minutes\" \/>\n<script type=\"application\/ld+json\" class=\"yoast-schema-graph\">{\"@context\":\"https:\\\/\\\/schema.org\",\"@graph\":[{\"@type\":\"Article\",\"@id\":\"https:\\\/\\\/news.save.ch\\\/cloud-security-ist-die-hauptsorge-von-sicherheitsexperten\\\/#article\",\"isPartOf\":{\"@id\":\"https:\\\/\\\/news.save.ch\\\/cloud-security-ist-die-hauptsorge-von-sicherheitsexperten\\\/\"},\"author\":{\"name\":\"Roger Str\u00e4ssle\",\"@id\":\"https:\\\/\\\/news.save.ch\\\/de\\\/#\\\/schema\\\/person\\\/d5022db048e0e2b9785c50e5b24da5aa\"},\"headline\":\"Cloud-Security ist die Hauptsorge von Sicherheitsexperten\",\"datePublished\":\"2023-05-08T10:01:24+00:00\",\"dateModified\":\"2023-05-08T10:03:30+00:00\",\"mainEntityOfPage\":{\"@id\":\"https:\\\/\\\/news.save.ch\\\/cloud-security-ist-die-hauptsorge-von-sicherheitsexperten\\\/\"},\"wordCount\":420,\"publisher\":{\"@id\":\"https:\\\/\\\/news.save.ch\\\/de\\\/#organization\"},\"image\":{\"@id\":\"https:\\\/\\\/news.save.ch\\\/cloud-security-ist-die-hauptsorge-von-sicherheitsexperten\\\/#primaryimage\"},\"thumbnailUrl\":\"https:\\\/\\\/news.save.ch\\\/wp-content\\\/uploads\\\/2023\\\/05\\\/Depositphotos_22339171_S.jpg\",\"keywords\":[\"Cloud-Security\",\"Cyberversicherung\"],\"articleSection\":[\"DIGITALISIERUNG\"],\"inLanguage\":\"fr-FR\"},{\"@type\":\"WebPage\",\"@id\":\"https:\\\/\\\/news.save.ch\\\/cloud-security-ist-die-hauptsorge-von-sicherheitsexperten\\\/\",\"url\":\"https:\\\/\\\/news.save.ch\\\/cloud-security-ist-die-hauptsorge-von-sicherheitsexperten\\\/\",\"name\":\"Cloud-Security ist die Hauptsorge von Sicherheitsexperten - Save\",\"isPartOf\":{\"@id\":\"https:\\\/\\\/news.save.ch\\\/de\\\/#website\"},\"primaryImageOfPage\":{\"@id\":\"https:\\\/\\\/news.save.ch\\\/cloud-security-ist-die-hauptsorge-von-sicherheitsexperten\\\/#primaryimage\"},\"image\":{\"@id\":\"https:\\\/\\\/news.save.ch\\\/cloud-security-ist-die-hauptsorge-von-sicherheitsexperten\\\/#primaryimage\"},\"thumbnailUrl\":\"https:\\\/\\\/news.save.ch\\\/wp-content\\\/uploads\\\/2023\\\/05\\\/Depositphotos_22339171_S.jpg\",\"datePublished\":\"2023-05-08T10:01:24+00:00\",\"dateModified\":\"2023-05-08T10:03:30+00:00\",\"breadcrumb\":{\"@id\":\"https:\\\/\\\/news.save.ch\\\/cloud-security-ist-die-hauptsorge-von-sicherheitsexperten\\\/#breadcrumb\"},\"inLanguage\":\"fr-FR\",\"potentialAction\":[{\"@type\":\"ReadAction\",\"target\":[\"https:\\\/\\\/news.save.ch\\\/cloud-security-ist-die-hauptsorge-von-sicherheitsexperten\\\/\"]}]},{\"@type\":\"ImageObject\",\"inLanguage\":\"fr-FR\",\"@id\":\"https:\\\/\\\/news.save.ch\\\/cloud-security-ist-die-hauptsorge-von-sicherheitsexperten\\\/#primaryimage\",\"url\":\"https:\\\/\\\/news.save.ch\\\/wp-content\\\/uploads\\\/2023\\\/05\\\/Depositphotos_22339171_S.jpg\",\"contentUrl\":\"https:\\\/\\\/news.save.ch\\\/wp-content\\\/uploads\\\/2023\\\/05\\\/Depositphotos_22339171_S.jpg\",\"width\":1000,\"height\":1000,\"caption\":\"Depositphotos, maxkabakov\"},{\"@type\":\"BreadcrumbList\",\"@id\":\"https:\\\/\\\/news.save.ch\\\/cloud-security-ist-die-hauptsorge-von-sicherheitsexperten\\\/#breadcrumb\",\"itemListElement\":[{\"@type\":\"ListItem\",\"position\":1,\"name\":\"Home\",\"item\":\"https:\\\/\\\/news.save.ch\\\/de\\\/\"},{\"@type\":\"ListItem\",\"position\":2,\"name\":\"Cloud-Security ist die Hauptsorge von Sicherheitsexperten\"}]},{\"@type\":\"WebSite\",\"@id\":\"https:\\\/\\\/news.save.ch\\\/de\\\/#website\",\"url\":\"https:\\\/\\\/news.save.ch\\\/de\\\/\",\"name\":\"Save\",\"description\":\"Schweizer Fachzeitschrift f\u00fcr Sicherheit\",\"publisher\":{\"@id\":\"https:\\\/\\\/news.save.ch\\\/de\\\/#organization\"},\"potentialAction\":[{\"@type\":\"SearchAction\",\"target\":{\"@type\":\"EntryPoint\",\"urlTemplate\":\"https:\\\/\\\/news.save.ch\\\/de\\\/?s={search_term_string}\"},\"query-input\":{\"@type\":\"PropertyValueSpecification\",\"valueRequired\":true,\"valueName\":\"search_term_string\"}}],\"inLanguage\":\"fr-FR\"},{\"@type\":\"Organization\",\"@id\":\"https:\\\/\\\/news.save.ch\\\/de\\\/#organization\",\"name\":\"Sicherheitsforum\",\"url\":\"https:\\\/\\\/news.save.ch\\\/de\\\/\",\"logo\":{\"@type\":\"ImageObject\",\"inLanguage\":\"fr-FR\",\"@id\":\"https:\\\/\\\/news.save.ch\\\/de\\\/#\\\/schema\\\/logo\\\/image\\\/\",\"url\":\"https:\\\/\\\/news.save.ch\\\/wp-content\\\/uploads\\\/2022\\\/06\\\/Logo_SF_2012.png\",\"contentUrl\":\"https:\\\/\\\/news.save.ch\\\/wp-content\\\/uploads\\\/2022\\\/06\\\/Logo_SF_2012.png\",\"width\":1100,\"height\":91,\"caption\":\"Sicherheitsforum\"},\"image\":{\"@id\":\"https:\\\/\\\/news.save.ch\\\/de\\\/#\\\/schema\\\/logo\\\/image\\\/\"}},{\"@type\":\"Person\",\"@id\":\"https:\\\/\\\/news.save.ch\\\/de\\\/#\\\/schema\\\/person\\\/d5022db048e0e2b9785c50e5b24da5aa\",\"name\":\"Roger Str\u00e4ssle\",\"image\":{\"@type\":\"ImageObject\",\"inLanguage\":\"fr-FR\",\"@id\":\"https:\\\/\\\/secure.gravatar.com\\\/avatar\\\/862a5569d087de48e5856e32f45d719a03804c891d6deb8d4f71a660e79e4a47?s=96&d=mm&r=g\",\"url\":\"https:\\\/\\\/secure.gravatar.com\\\/avatar\\\/862a5569d087de48e5856e32f45d719a03804c891d6deb8d4f71a660e79e4a47?s=96&d=mm&r=g\",\"contentUrl\":\"https:\\\/\\\/secure.gravatar.com\\\/avatar\\\/862a5569d087de48e5856e32f45d719a03804c891d6deb8d4f71a660e79e4a47?s=96&d=mm&r=g\",\"caption\":\"Roger Str\u00e4ssle\"},\"url\":\"https:\\\/\\\/news.save.ch\\\/fr\\\/author\\\/roger-straessle\\\/\"}]}<\/script>\n<!-- \/ Yoast SEO plugin. -->","yoast_head_json":{"title":"La s\u00e9curit\u00e9 du cloud est la principale pr\u00e9occupation des experts en s\u00e9curit\u00e9 - Save","robots":{"index":"index","follow":"follow","max-snippet":"max-snippet:-1","max-image-preview":"max-image-preview:large","max-video-preview":"max-video-preview:-1"},"canonical":"https:\/\/news.save.ch\/fr\/cloud-security-ist-die-hauptsorge-von-sicherheitsexperten\/","og_locale":"fr_FR","og_type":"article","og_title":"Cloud-Security ist die Hauptsorge von Sicherheitsexperten - Save","og_description":"F\u00fcr die Umfrage von Delinea wurden im Rahmen der diesj\u00e4hrigen RSA Conference in San Francisco mehr als 100 Cybersecurity-Professionals zu ihren derzeit dringlichsten Problemen bei der Umsetzung einer Cyberhygiene sowie den Cyberversicherungs-Strategien befragt. Nebst den obgenannten Resultaten ergab die Umfrage, dass die Nachfrage nach Cyberversicherungen zur\u00fcckgegangen ist: Nur 32 Prozent der Befragten haben demnach im [&hellip;]","og_url":"https:\/\/news.save.ch\/fr\/cloud-security-ist-die-hauptsorge-von-sicherheitsexperten\/","og_site_name":"Save","article_published_time":"2023-05-08T10:01:24+00:00","article_modified_time":"2023-05-08T10:03:30+00:00","og_image":[{"width":1000,"height":1000,"url":"https:\/\/news.save.ch\/wp-content\/uploads\/2023\/05\/Depositphotos_22339171_S.jpg","type":"image\/jpeg"}],"author":"Roger Str\u00e4ssle","twitter_card":"summary_large_image","twitter_misc":{"\u00c9crit par":"Roger Str\u00e4ssle","Dur\u00e9e de lecture estim\u00e9e":"3 minutes"},"schema":{"@context":"https:\/\/schema.org","@graph":[{"@type":"Article","@id":"https:\/\/news.save.ch\/cloud-security-ist-die-hauptsorge-von-sicherheitsexperten\/#article","isPartOf":{"@id":"https:\/\/news.save.ch\/cloud-security-ist-die-hauptsorge-von-sicherheitsexperten\/"},"author":{"name":"Roger Str\u00e4ssle","@id":"https:\/\/news.save.ch\/de\/#\/schema\/person\/d5022db048e0e2b9785c50e5b24da5aa"},"headline":"Cloud-Security ist die Hauptsorge von Sicherheitsexperten","datePublished":"2023-05-08T10:01:24+00:00","dateModified":"2023-05-08T10:03:30+00:00","mainEntityOfPage":{"@id":"https:\/\/news.save.ch\/cloud-security-ist-die-hauptsorge-von-sicherheitsexperten\/"},"wordCount":420,"publisher":{"@id":"https:\/\/news.save.ch\/de\/#organization"},"image":{"@id":"https:\/\/news.save.ch\/cloud-security-ist-die-hauptsorge-von-sicherheitsexperten\/#primaryimage"},"thumbnailUrl":"https:\/\/news.save.ch\/wp-content\/uploads\/2023\/05\/Depositphotos_22339171_S.jpg","keywords":["Cloud-Security","Cyberversicherung"],"articleSection":["DIGITALISIERUNG"],"inLanguage":"fr-FR"},{"@type":"WebPage","@id":"https:\/\/news.save.ch\/cloud-security-ist-die-hauptsorge-von-sicherheitsexperten\/","url":"https:\/\/news.save.ch\/cloud-security-ist-die-hauptsorge-von-sicherheitsexperten\/","name":"La s\u00e9curit\u00e9 du cloud est la principale pr\u00e9occupation des experts en s\u00e9curit\u00e9 - Save","isPartOf":{"@id":"https:\/\/news.save.ch\/de\/#website"},"primaryImageOfPage":{"@id":"https:\/\/news.save.ch\/cloud-security-ist-die-hauptsorge-von-sicherheitsexperten\/#primaryimage"},"image":{"@id":"https:\/\/news.save.ch\/cloud-security-ist-die-hauptsorge-von-sicherheitsexperten\/#primaryimage"},"thumbnailUrl":"https:\/\/news.save.ch\/wp-content\/uploads\/2023\/05\/Depositphotos_22339171_S.jpg","datePublished":"2023-05-08T10:01:24+00:00","dateModified":"2023-05-08T10:03:30+00:00","breadcrumb":{"@id":"https:\/\/news.save.ch\/cloud-security-ist-die-hauptsorge-von-sicherheitsexperten\/#breadcrumb"},"inLanguage":"fr-FR","potentialAction":[{"@type":"ReadAction","target":["https:\/\/news.save.ch\/cloud-security-ist-die-hauptsorge-von-sicherheitsexperten\/"]}]},{"@type":"ImageObject","inLanguage":"fr-FR","@id":"https:\/\/news.save.ch\/cloud-security-ist-die-hauptsorge-von-sicherheitsexperten\/#primaryimage","url":"https:\/\/news.save.ch\/wp-content\/uploads\/2023\/05\/Depositphotos_22339171_S.jpg","contentUrl":"https:\/\/news.save.ch\/wp-content\/uploads\/2023\/05\/Depositphotos_22339171_S.jpg","width":1000,"height":1000,"caption":"Depositphotos, maxkabakov"},{"@type":"BreadcrumbList","@id":"https:\/\/news.save.ch\/cloud-security-ist-die-hauptsorge-von-sicherheitsexperten\/#breadcrumb","itemListElement":[{"@type":"ListItem","position":1,"name":"Home","item":"https:\/\/news.save.ch\/de\/"},{"@type":"ListItem","position":2,"name":"Cloud-Security ist die Hauptsorge von Sicherheitsexperten"}]},{"@type":"WebSite","@id":"https:\/\/news.save.ch\/de\/#website","url":"https:\/\/news.save.ch\/de\/","name":"Save","description":"Revue suisse sp\u00e9cialis\u00e9e dans la s\u00e9curit\u00e9","publisher":{"@id":"https:\/\/news.save.ch\/de\/#organization"},"potentialAction":[{"@type":"SearchAction","target":{"@type":"EntryPoint","urlTemplate":"https:\/\/news.save.ch\/de\/?s={search_term_string}"},"query-input":{"@type":"PropertyValueSpecification","valueRequired":true,"valueName":"search_term_string"}}],"inLanguage":"fr-FR"},{"@type":"Organization","@id":"https:\/\/news.save.ch\/de\/#organization","name":"Forum sur la s\u00e9curit\u00e9","url":"https:\/\/news.save.ch\/de\/","logo":{"@type":"ImageObject","inLanguage":"fr-FR","@id":"https:\/\/news.save.ch\/de\/#\/schema\/logo\/image\/","url":"https:\/\/news.save.ch\/wp-content\/uploads\/2022\/06\/Logo_SF_2012.png","contentUrl":"https:\/\/news.save.ch\/wp-content\/uploads\/2022\/06\/Logo_SF_2012.png","width":1100,"height":91,"caption":"Sicherheitsforum"},"image":{"@id":"https:\/\/news.save.ch\/de\/#\/schema\/logo\/image\/"}},{"@type":"Person","@id":"https:\/\/news.save.ch\/de\/#\/schema\/person\/d5022db048e0e2b9785c50e5b24da5aa","name":"Roger Str\u00e4ssle","image":{"@type":"ImageObject","inLanguage":"fr-FR","@id":"https:\/\/secure.gravatar.com\/avatar\/862a5569d087de48e5856e32f45d719a03804c891d6deb8d4f71a660e79e4a47?s=96&d=mm&r=g","url":"https:\/\/secure.gravatar.com\/avatar\/862a5569d087de48e5856e32f45d719a03804c891d6deb8d4f71a660e79e4a47?s=96&d=mm&r=g","contentUrl":"https:\/\/secure.gravatar.com\/avatar\/862a5569d087de48e5856e32f45d719a03804c891d6deb8d4f71a660e79e4a47?s=96&d=mm&r=g","caption":"Roger Str\u00e4ssle"},"url":"https:\/\/news.save.ch\/fr\/author\/roger-straessle\/"}]}},"_links":{"self":[{"href":"https:\/\/news.save.ch\/fr\/wp-json\/wp\/v2\/posts\/19368","targetHints":{"allow":["GET"]}}],"collection":[{"href":"https:\/\/news.save.ch\/fr\/wp-json\/wp\/v2\/posts"}],"about":[{"href":"https:\/\/news.save.ch\/fr\/wp-json\/wp\/v2\/types\/post"}],"author":[{"embeddable":true,"href":"https:\/\/news.save.ch\/fr\/wp-json\/wp\/v2\/users\/8"}],"replies":[{"embeddable":true,"href":"https:\/\/news.save.ch\/fr\/wp-json\/wp\/v2\/comments?post=19368"}],"version-history":[{"count":3,"href":"https:\/\/news.save.ch\/fr\/wp-json\/wp\/v2\/posts\/19368\/revisions"}],"predecessor-version":[{"id":19372,"href":"https:\/\/news.save.ch\/fr\/wp-json\/wp\/v2\/posts\/19368\/revisions\/19372"}],"wp:featuredmedia":[{"embeddable":true,"href":"https:\/\/news.save.ch\/fr\/wp-json\/wp\/v2\/media\/19369"}],"wp:attachment":[{"href":"https:\/\/news.save.ch\/fr\/wp-json\/wp\/v2\/media?parent=19368"}],"wp:term":[{"taxonomy":"category","embeddable":true,"href":"https:\/\/news.save.ch\/fr\/wp-json\/wp\/v2\/categories?post=19368"},{"taxonomy":"post_tag","embeddable":true,"href":"https:\/\/news.save.ch\/fr\/wp-json\/wp\/v2\/tags?post=19368"}],"curies":[{"name":"wp","href":"https:\/\/api.w.org\/{rel}","templated":true}]}}