{"id":19427,"date":"2023-05-17T11:19:42","date_gmt":"2023-05-17T09:19:42","guid":{"rendered":"https:\/\/news.save.ch\/?p=19427"},"modified":"2023-05-17T11:24:09","modified_gmt":"2023-05-17T09:24:09","slug":"siemens-steigert-umsatz-in-der-schweiz-deutlich","status":null,"type":"post","link":"https:\/\/news.save.ch\/fr\/siemens-steigert-umsatz-in-der-schweiz-deutlich\/","title":{"rendered":"Siemens augmente nettement son chiffre d'affaires en Suisse"},"content":{"rendered":"<p>Selon l'entreprise, cette forte croissance est principalement due \u00e0 la fusion de l'entreprise de technologie m\u00e9dicale Varian avec Siemens Healthineers. Sur une base comparable, le chiffre d'affaires a augment\u00e9 de 2,1 %. En tant qu'un des plus grands employeurs technologiques du pays, l'entreprise emploie environ 5900 collaborateurs en Suisse \u00e0 la fin mars 2023, selon Siemens.<\/p>\n<h3>Le principal moteur est le num\u00e9rique<\/h3>\n<p>Selon lui, le vaste portefeuille de produits et de solutions num\u00e9riques est le principal moteur de l'\u00e9volution positive des affaires de Siemens en Suisse. \"Avec notre technologie, nous relions le monde num\u00e9rique au monde r\u00e9el\", explique Matthias Rebellius, responsable de la Suisse au sein du comit\u00e9 directeur mondial de Siemens. \"La nouvelle plateforme commerciale num\u00e9rique Xcelerator permet \u00e0 nos clients d'acc\u00e9l\u00e9rer massivement leur transformation num\u00e9rique. Les solutions num\u00e9riques sont \u00e9galement la cl\u00e9 d'un approvisionnement \u00e9nerg\u00e9tique efficace ou pour rendre l'infrastructure des b\u00e2timents et de l'industrie plus durable\", explique Rebellius.<\/p>\n<p>Gerd Scheller, PDG pays de <a href=\"https:\/\/www.siemens.com\/ch\/de.html\">Siemens Suisse<\/a>, est satisfait de la marche des affaires et se tourne vers l'avenir : \"Avec le d\u00e9veloppement de solutions num\u00e9riques modernes, de nombreux profils professionnels changent. Nous misons ici sur la formation et la formation continue de nos collaborateurs et investissons en outre dans la prochaine g\u00e9n\u00e9ration\". Au cours de l'exercice actuel, les \"Kids Coding Days\" ont \u00e9t\u00e9 fortement d\u00e9velopp\u00e9s. D'ici la fin de l'ann\u00e9e, environ 400 enfants en Suisse auront suivi une telle initiation au monde de la programmation. \"Le feed-back des \u00e9l\u00e8ves et des parents sur les \u00e9v\u00e9nements d\u00e9j\u00e0 organis\u00e9s est tr\u00e8s positif\", d\u00e9clare Gerd Scheller.<\/p>\n<p>Un autre exemple est le Siemens Excellence Award (<a href=\"https:\/\/news.save.ch\/fr\/fruehdiagnose-hornhauterkrankung-gewinnt\/\">voir aussi ici<\/a>), dans le cadre duquel les meilleurs travaux de dipl\u00f4me des hautes \u00e9coles sp\u00e9cialis\u00e9es suisses sont r\u00e9compens\u00e9s par une prime attrayante\". Selon l'entreprise, plus de 3500 personnes ont particip\u00e9 au vote public organis\u00e9 pour la premi\u00e8re fois. Dans le cadre de son programme de formation Generation21, Siemens s'engage en outre dans de nombreux autres projets de promotion en Suisse, notamment pour encourager les femmes dans les m\u00e9tiers techniques, comme le souligne l'entreprise.<\/p>\n<h3>Sur plus de 20 sites<\/h3>\n<p>Siemens est pr\u00e9sent dans toutes les r\u00e9gions du pays, sur plus de 20 sites, et dispose d'une position forte sur le march\u00e9 de la technique du b\u00e2timent et de la distribution d'\u00e9nergie (Smart Infrastructure) dans l'industrie (Digital Industries) ainsi que dans le secteur des logiciels pour les clients industriels (Siemens Digital Industries Software). Elle occupe \u00e9galement une position de leader sur le march\u00e9 suisse dans le domaine de la technique ferroviaire (Siemens Mobility). Les entreprises ind\u00e9pendantes Siemens Energy et Siemens Healthineers sont pr\u00e9sentes en Suisse en tant que fournisseurs leaders de la production d'\u00e9nergie et de la technique m\u00e9dicale respectivement.<\/p>\n<p>Siemens Smart Infrastructure (SI) g\u00e8re ses activit\u00e9s mondiales depuis son si\u00e8ge social \u00e0 Zoug. En tant que CEO, Matthias Rebellius dirige cette activit\u00e9 mondiale qui emploie plus de 72 000 personnes. Le si\u00e8ge de SI, qui compte environ 1700 collaborateurs, sera achev\u00e9 \u00e0 l'automne prochain. L'entreprise a investi ces derni\u00e8res ann\u00e9es un total de 250 millions de francs dans le nouveau campus Siemens, qui sera exploit\u00e9 de mani\u00e8re climatiquement neutre.<\/p>\n<p><em>Communiqu\u00e9 de presse Siemens<\/em><\/p>","protected":false},"excerpt":{"rendered":"<p>Das grosse Wachstum ist laut Unternehmen in erster Linie auf den Zusammenschluss des Medizintechnikunternehmens Varian mit Siemens Healthineers zur\u00fcckzuf\u00fchren. Auf vergleichbarer Basis gerechnet sei der Umsatz um 2,1 % gestiegen. Als einer der gr\u00f6ssten Technologiearbeitgeber im Land besch\u00e4ftige das Unternehmen per Ende M\u00e4rz 2023 rund 5900 Mitarbeitende in der Schweiz, so Siemens. Haupttreiber ist digital [&hellip;]<\/p>\n","protected":false},"author":8,"featured_media":19428,"comment_status":"closed","ping_status":"closed","sticky":false,"template":"","format":"standard","meta":{"_acf_changed":false,"pgc_sgb_lightbox_settings":"","footnotes":""},"categories":[1],"tags":[3368,963],"class_list":["post-19427","post","type-post","status-publish","format-standard","has-post-thumbnail","hentry","category-allgemein","tag-siemens-schweiz","tag-umsatz"],"acf":[],"hkrextid":null,"publication":null,"issue":null,"workflow":null,"startPage":null,"spitzmarke":null,"_posts_by_tag_page_fields":null,"_at_widget":null,"_yoast_wpseo_primary_category":"1","_yoast_wpseo_focuskw_text_input":null,"_yoast_wpseo_opengraph-image":null,"_yoast_wpseo_opengraph-description":null,"_yoast_wpseo_opengraph-title":null,"enclosure":null,"_yoast_wpseo_twitter-title":null,"_yoast_wpseo_twitter-description":null,"_yoast_wpseo_twitter-image":null,"_wp_old_slug":null,"_yoast_wpseo_title":null,"_yoast_wpseo_canonical":null,"yoast_head":"<!-- This site is optimized with the Yoast SEO plugin v27.5 - https:\/\/yoast.com\/product\/yoast-seo-wordpress\/ -->\n<title>Siemens steigert Umsatz in der Schweiz deutlich - Save<\/title>\n<meta name=\"description\" content=\"Siemens kann in der Schweiz im ersten Halbjahr des Gesch\u00e4ftsjahres 2023 ein sehr gutes Ergebnis vorweisen.\" \/>\n<meta name=\"robots\" content=\"index, follow, max-snippet:-1, max-image-preview:large, max-video-preview:-1\" \/>\n<link rel=\"canonical\" href=\"https:\/\/news.save.ch\/fr\/siemens-steigert-umsatz-in-der-schweiz-deutlich\/\" \/>\n<meta property=\"og:locale\" content=\"fr_FR\" \/>\n<meta property=\"og:type\" content=\"article\" \/>\n<meta property=\"og:title\" content=\"Siemens steigert Umsatz in der Schweiz deutlich - Save\" \/>\n<meta property=\"og:description\" content=\"Siemens kann in der Schweiz im ersten Halbjahr des Gesch\u00e4ftsjahres 2023 ein sehr gutes Ergebnis vorweisen.\" \/>\n<meta property=\"og:url\" content=\"https:\/\/news.save.ch\/fr\/siemens-steigert-umsatz-in-der-schweiz-deutlich\/\" \/>\n<meta property=\"og:site_name\" content=\"Save\" \/>\n<meta property=\"article:published_time\" content=\"2023-05-17T09:19:42+00:00\" \/>\n<meta property=\"article:modified_time\" content=\"2023-05-17T09:24:09+00:00\" \/>\n<meta property=\"og:image\" content=\"https:\/\/news.save.ch\/wp-content\/uploads\/2023\/05\/Matthias-Rebellius-scaled.jpeg\" \/>\n\t<meta property=\"og:image:width\" content=\"1200\" \/>\n\t<meta property=\"og:image:height\" content=\"800\" \/>\n\t<meta property=\"og:image:type\" content=\"image\/jpeg\" \/>\n<meta name=\"author\" content=\"Roger Str\u00e4ssle\" \/>\n<meta name=\"twitter:card\" content=\"summary_large_image\" \/>\n<meta name=\"twitter:label1\" content=\"\u00c9crit par\" \/>\n\t<meta name=\"twitter:data1\" content=\"Roger Str\u00e4ssle\" \/>\n\t<meta name=\"twitter:label2\" content=\"Dur\u00e9e de lecture estim\u00e9e\" \/>\n\t<meta name=\"twitter:data2\" content=\"3 minutes\" \/>\n<script type=\"application\/ld+json\" class=\"yoast-schema-graph\">{\"@context\":\"https:\\\/\\\/schema.org\",\"@graph\":[{\"@type\":\"Article\",\"@id\":\"https:\\\/\\\/news.save.ch\\\/siemens-steigert-umsatz-in-der-schweiz-deutlich\\\/#article\",\"isPartOf\":{\"@id\":\"https:\\\/\\\/news.save.ch\\\/siemens-steigert-umsatz-in-der-schweiz-deutlich\\\/\"},\"author\":{\"name\":\"Roger Str\u00e4ssle\",\"@id\":\"https:\\\/\\\/news.save.ch\\\/de\\\/#\\\/schema\\\/person\\\/d5022db048e0e2b9785c50e5b24da5aa\"},\"headline\":\"Siemens steigert Umsatz in der Schweiz deutlich\",\"datePublished\":\"2023-05-17T09:19:42+00:00\",\"dateModified\":\"2023-05-17T09:24:09+00:00\",\"mainEntityOfPage\":{\"@id\":\"https:\\\/\\\/news.save.ch\\\/siemens-steigert-umsatz-in-der-schweiz-deutlich\\\/\"},\"wordCount\":467,\"publisher\":{\"@id\":\"https:\\\/\\\/news.save.ch\\\/de\\\/#organization\"},\"image\":{\"@id\":\"https:\\\/\\\/news.save.ch\\\/siemens-steigert-umsatz-in-der-schweiz-deutlich\\\/#primaryimage\"},\"thumbnailUrl\":\"https:\\\/\\\/news.save.ch\\\/wp-content\\\/uploads\\\/2023\\\/05\\\/Matthias-Rebellius-scaled.jpeg\",\"keywords\":[\"Siemens Schweiz\",\"Umsatz\"],\"articleSection\":[\"ALLGEMEIN\"],\"inLanguage\":\"fr-FR\"},{\"@type\":\"WebPage\",\"@id\":\"https:\\\/\\\/news.save.ch\\\/siemens-steigert-umsatz-in-der-schweiz-deutlich\\\/\",\"url\":\"https:\\\/\\\/news.save.ch\\\/siemens-steigert-umsatz-in-der-schweiz-deutlich\\\/\",\"name\":\"Siemens steigert Umsatz in der Schweiz deutlich - Save\",\"isPartOf\":{\"@id\":\"https:\\\/\\\/news.save.ch\\\/de\\\/#website\"},\"primaryImageOfPage\":{\"@id\":\"https:\\\/\\\/news.save.ch\\\/siemens-steigert-umsatz-in-der-schweiz-deutlich\\\/#primaryimage\"},\"image\":{\"@id\":\"https:\\\/\\\/news.save.ch\\\/siemens-steigert-umsatz-in-der-schweiz-deutlich\\\/#primaryimage\"},\"thumbnailUrl\":\"https:\\\/\\\/news.save.ch\\\/wp-content\\\/uploads\\\/2023\\\/05\\\/Matthias-Rebellius-scaled.jpeg\",\"datePublished\":\"2023-05-17T09:19:42+00:00\",\"dateModified\":\"2023-05-17T09:24:09+00:00\",\"description\":\"Siemens kann in der Schweiz im ersten Halbjahr des Gesch\u00e4ftsjahres 2023 ein sehr gutes Ergebnis vorweisen.\",\"breadcrumb\":{\"@id\":\"https:\\\/\\\/news.save.ch\\\/siemens-steigert-umsatz-in-der-schweiz-deutlich\\\/#breadcrumb\"},\"inLanguage\":\"fr-FR\",\"potentialAction\":[{\"@type\":\"ReadAction\",\"target\":[\"https:\\\/\\\/news.save.ch\\\/siemens-steigert-umsatz-in-der-schweiz-deutlich\\\/\"]}]},{\"@type\":\"ImageObject\",\"inLanguage\":\"fr-FR\",\"@id\":\"https:\\\/\\\/news.save.ch\\\/siemens-steigert-umsatz-in-der-schweiz-deutlich\\\/#primaryimage\",\"url\":\"https:\\\/\\\/news.save.ch\\\/wp-content\\\/uploads\\\/2023\\\/05\\\/Matthias-Rebellius-scaled.jpeg\",\"contentUrl\":\"https:\\\/\\\/news.save.ch\\\/wp-content\\\/uploads\\\/2023\\\/05\\\/Matthias-Rebellius-scaled.jpeg\",\"width\":1200,\"height\":800},{\"@type\":\"BreadcrumbList\",\"@id\":\"https:\\\/\\\/news.save.ch\\\/siemens-steigert-umsatz-in-der-schweiz-deutlich\\\/#breadcrumb\",\"itemListElement\":[{\"@type\":\"ListItem\",\"position\":1,\"name\":\"Home\",\"item\":\"https:\\\/\\\/news.save.ch\\\/de\\\/\"},{\"@type\":\"ListItem\",\"position\":2,\"name\":\"Siemens steigert Umsatz in der Schweiz deutlich\"}]},{\"@type\":\"WebSite\",\"@id\":\"https:\\\/\\\/news.save.ch\\\/de\\\/#website\",\"url\":\"https:\\\/\\\/news.save.ch\\\/de\\\/\",\"name\":\"Save\",\"description\":\"Schweizer Fachzeitschrift f\u00fcr Sicherheit\",\"publisher\":{\"@id\":\"https:\\\/\\\/news.save.ch\\\/de\\\/#organization\"},\"potentialAction\":[{\"@type\":\"SearchAction\",\"target\":{\"@type\":\"EntryPoint\",\"urlTemplate\":\"https:\\\/\\\/news.save.ch\\\/de\\\/?s={search_term_string}\"},\"query-input\":{\"@type\":\"PropertyValueSpecification\",\"valueRequired\":true,\"valueName\":\"search_term_string\"}}],\"inLanguage\":\"fr-FR\"},{\"@type\":\"Organization\",\"@id\":\"https:\\\/\\\/news.save.ch\\\/de\\\/#organization\",\"name\":\"Sicherheitsforum\",\"url\":\"https:\\\/\\\/news.save.ch\\\/de\\\/\",\"logo\":{\"@type\":\"ImageObject\",\"inLanguage\":\"fr-FR\",\"@id\":\"https:\\\/\\\/news.save.ch\\\/de\\\/#\\\/schema\\\/logo\\\/image\\\/\",\"url\":\"https:\\\/\\\/news.save.ch\\\/wp-content\\\/uploads\\\/2022\\\/06\\\/Logo_SF_2012.png\",\"contentUrl\":\"https:\\\/\\\/news.save.ch\\\/wp-content\\\/uploads\\\/2022\\\/06\\\/Logo_SF_2012.png\",\"width\":1100,\"height\":91,\"caption\":\"Sicherheitsforum\"},\"image\":{\"@id\":\"https:\\\/\\\/news.save.ch\\\/de\\\/#\\\/schema\\\/logo\\\/image\\\/\"}},{\"@type\":\"Person\",\"@id\":\"https:\\\/\\\/news.save.ch\\\/de\\\/#\\\/schema\\\/person\\\/d5022db048e0e2b9785c50e5b24da5aa\",\"name\":\"Roger Str\u00e4ssle\",\"image\":{\"@type\":\"ImageObject\",\"inLanguage\":\"fr-FR\",\"@id\":\"https:\\\/\\\/secure.gravatar.com\\\/avatar\\\/862a5569d087de48e5856e32f45d719a03804c891d6deb8d4f71a660e79e4a47?s=96&d=mm&r=g\",\"url\":\"https:\\\/\\\/secure.gravatar.com\\\/avatar\\\/862a5569d087de48e5856e32f45d719a03804c891d6deb8d4f71a660e79e4a47?s=96&d=mm&r=g\",\"contentUrl\":\"https:\\\/\\\/secure.gravatar.com\\\/avatar\\\/862a5569d087de48e5856e32f45d719a03804c891d6deb8d4f71a660e79e4a47?s=96&d=mm&r=g\",\"caption\":\"Roger Str\u00e4ssle\"},\"url\":\"https:\\\/\\\/news.save.ch\\\/fr\\\/author\\\/roger-straessle\\\/\"}]}<\/script>\n<!-- \/ Yoast SEO plugin. -->","yoast_head_json":{"title":"Siemens augmente nettement son chiffre d'affaires en Suisse - Save","description":"Siemens peut afficher un tr\u00e8s bon r\u00e9sultat en Suisse au premier semestre de l'exercice 2023.","robots":{"index":"index","follow":"follow","max-snippet":"max-snippet:-1","max-image-preview":"max-image-preview:large","max-video-preview":"max-video-preview:-1"},"canonical":"https:\/\/news.save.ch\/fr\/siemens-steigert-umsatz-in-der-schweiz-deutlich\/","og_locale":"fr_FR","og_type":"article","og_title":"Siemens steigert Umsatz in der Schweiz deutlich - Save","og_description":"Siemens kann in der Schweiz im ersten Halbjahr des Gesch\u00e4ftsjahres 2023 ein sehr gutes Ergebnis vorweisen.","og_url":"https:\/\/news.save.ch\/fr\/siemens-steigert-umsatz-in-der-schweiz-deutlich\/","og_site_name":"Save","article_published_time":"2023-05-17T09:19:42+00:00","article_modified_time":"2023-05-17T09:24:09+00:00","og_image":[{"width":1200,"height":800,"url":"https:\/\/news.save.ch\/wp-content\/uploads\/2023\/05\/Matthias-Rebellius-scaled.jpeg","type":"image\/jpeg"}],"author":"Roger Str\u00e4ssle","twitter_card":"summary_large_image","twitter_misc":{"\u00c9crit par":"Roger Str\u00e4ssle","Dur\u00e9e de lecture estim\u00e9e":"3 minutes"},"schema":{"@context":"https:\/\/schema.org","@graph":[{"@type":"Article","@id":"https:\/\/news.save.ch\/siemens-steigert-umsatz-in-der-schweiz-deutlich\/#article","isPartOf":{"@id":"https:\/\/news.save.ch\/siemens-steigert-umsatz-in-der-schweiz-deutlich\/"},"author":{"name":"Roger Str\u00e4ssle","@id":"https:\/\/news.save.ch\/de\/#\/schema\/person\/d5022db048e0e2b9785c50e5b24da5aa"},"headline":"Siemens steigert Umsatz in der Schweiz deutlich","datePublished":"2023-05-17T09:19:42+00:00","dateModified":"2023-05-17T09:24:09+00:00","mainEntityOfPage":{"@id":"https:\/\/news.save.ch\/siemens-steigert-umsatz-in-der-schweiz-deutlich\/"},"wordCount":467,"publisher":{"@id":"https:\/\/news.save.ch\/de\/#organization"},"image":{"@id":"https:\/\/news.save.ch\/siemens-steigert-umsatz-in-der-schweiz-deutlich\/#primaryimage"},"thumbnailUrl":"https:\/\/news.save.ch\/wp-content\/uploads\/2023\/05\/Matthias-Rebellius-scaled.jpeg","keywords":["Siemens Schweiz","Umsatz"],"articleSection":["ALLGEMEIN"],"inLanguage":"fr-FR"},{"@type":"WebPage","@id":"https:\/\/news.save.ch\/siemens-steigert-umsatz-in-der-schweiz-deutlich\/","url":"https:\/\/news.save.ch\/siemens-steigert-umsatz-in-der-schweiz-deutlich\/","name":"Siemens augmente nettement son chiffre d'affaires en Suisse - Save","isPartOf":{"@id":"https:\/\/news.save.ch\/de\/#website"},"primaryImageOfPage":{"@id":"https:\/\/news.save.ch\/siemens-steigert-umsatz-in-der-schweiz-deutlich\/#primaryimage"},"image":{"@id":"https:\/\/news.save.ch\/siemens-steigert-umsatz-in-der-schweiz-deutlich\/#primaryimage"},"thumbnailUrl":"https:\/\/news.save.ch\/wp-content\/uploads\/2023\/05\/Matthias-Rebellius-scaled.jpeg","datePublished":"2023-05-17T09:19:42+00:00","dateModified":"2023-05-17T09:24:09+00:00","description":"Siemens peut afficher un tr\u00e8s bon r\u00e9sultat en Suisse au premier semestre de l'exercice 2023.","breadcrumb":{"@id":"https:\/\/news.save.ch\/siemens-steigert-umsatz-in-der-schweiz-deutlich\/#breadcrumb"},"inLanguage":"fr-FR","potentialAction":[{"@type":"ReadAction","target":["https:\/\/news.save.ch\/siemens-steigert-umsatz-in-der-schweiz-deutlich\/"]}]},{"@type":"ImageObject","inLanguage":"fr-FR","@id":"https:\/\/news.save.ch\/siemens-steigert-umsatz-in-der-schweiz-deutlich\/#primaryimage","url":"https:\/\/news.save.ch\/wp-content\/uploads\/2023\/05\/Matthias-Rebellius-scaled.jpeg","contentUrl":"https:\/\/news.save.ch\/wp-content\/uploads\/2023\/05\/Matthias-Rebellius-scaled.jpeg","width":1200,"height":800},{"@type":"BreadcrumbList","@id":"https:\/\/news.save.ch\/siemens-steigert-umsatz-in-der-schweiz-deutlich\/#breadcrumb","itemListElement":[{"@type":"ListItem","position":1,"name":"Home","item":"https:\/\/news.save.ch\/de\/"},{"@type":"ListItem","position":2,"name":"Siemens steigert Umsatz in der Schweiz deutlich"}]},{"@type":"WebSite","@id":"https:\/\/news.save.ch\/de\/#website","url":"https:\/\/news.save.ch\/de\/","name":"Save","description":"Revue suisse sp\u00e9cialis\u00e9e dans la s\u00e9curit\u00e9","publisher":{"@id":"https:\/\/news.save.ch\/de\/#organization"},"potentialAction":[{"@type":"SearchAction","target":{"@type":"EntryPoint","urlTemplate":"https:\/\/news.save.ch\/de\/?s={search_term_string}"},"query-input":{"@type":"PropertyValueSpecification","valueRequired":true,"valueName":"search_term_string"}}],"inLanguage":"fr-FR"},{"@type":"Organization","@id":"https:\/\/news.save.ch\/de\/#organization","name":"Forum sur la s\u00e9curit\u00e9","url":"https:\/\/news.save.ch\/de\/","logo":{"@type":"ImageObject","inLanguage":"fr-FR","@id":"https:\/\/news.save.ch\/de\/#\/schema\/logo\/image\/","url":"https:\/\/news.save.ch\/wp-content\/uploads\/2022\/06\/Logo_SF_2012.png","contentUrl":"https:\/\/news.save.ch\/wp-content\/uploads\/2022\/06\/Logo_SF_2012.png","width":1100,"height":91,"caption":"Sicherheitsforum"},"image":{"@id":"https:\/\/news.save.ch\/de\/#\/schema\/logo\/image\/"}},{"@type":"Person","@id":"https:\/\/news.save.ch\/de\/#\/schema\/person\/d5022db048e0e2b9785c50e5b24da5aa","name":"Roger Str\u00e4ssle","image":{"@type":"ImageObject","inLanguage":"fr-FR","@id":"https:\/\/secure.gravatar.com\/avatar\/862a5569d087de48e5856e32f45d719a03804c891d6deb8d4f71a660e79e4a47?s=96&d=mm&r=g","url":"https:\/\/secure.gravatar.com\/avatar\/862a5569d087de48e5856e32f45d719a03804c891d6deb8d4f71a660e79e4a47?s=96&d=mm&r=g","contentUrl":"https:\/\/secure.gravatar.com\/avatar\/862a5569d087de48e5856e32f45d719a03804c891d6deb8d4f71a660e79e4a47?s=96&d=mm&r=g","caption":"Roger Str\u00e4ssle"},"url":"https:\/\/news.save.ch\/fr\/author\/roger-straessle\/"}]}},"_links":{"self":[{"href":"https:\/\/news.save.ch\/fr\/wp-json\/wp\/v2\/posts\/19427","targetHints":{"allow":["GET"]}}],"collection":[{"href":"https:\/\/news.save.ch\/fr\/wp-json\/wp\/v2\/posts"}],"about":[{"href":"https:\/\/news.save.ch\/fr\/wp-json\/wp\/v2\/types\/post"}],"author":[{"embeddable":true,"href":"https:\/\/news.save.ch\/fr\/wp-json\/wp\/v2\/users\/8"}],"replies":[{"embeddable":true,"href":"https:\/\/news.save.ch\/fr\/wp-json\/wp\/v2\/comments?post=19427"}],"version-history":[{"count":3,"href":"https:\/\/news.save.ch\/fr\/wp-json\/wp\/v2\/posts\/19427\/revisions"}],"predecessor-version":[{"id":19431,"href":"https:\/\/news.save.ch\/fr\/wp-json\/wp\/v2\/posts\/19427\/revisions\/19431"}],"wp:featuredmedia":[{"embeddable":true,"href":"https:\/\/news.save.ch\/fr\/wp-json\/wp\/v2\/media\/19428"}],"wp:attachment":[{"href":"https:\/\/news.save.ch\/fr\/wp-json\/wp\/v2\/media?parent=19427"}],"wp:term":[{"taxonomy":"category","embeddable":true,"href":"https:\/\/news.save.ch\/fr\/wp-json\/wp\/v2\/categories?post=19427"},{"taxonomy":"post_tag","embeddable":true,"href":"https:\/\/news.save.ch\/fr\/wp-json\/wp\/v2\/tags?post=19427"}],"curies":[{"name":"wp","href":"https:\/\/api.w.org\/{rel}","templated":true}]}}