{"id":19457,"date":"2023-05-24T06:04:33","date_gmt":"2023-05-24T04:04:33","guid":{"rendered":"https:\/\/news.save.ch\/?p=19457"},"modified":"2023-05-23T15:50:35","modified_gmt":"2023-05-23T13:50:35","slug":"elektrogeraete-ueber-100-sicherheitstechnische-maengel","status":null,"type":"post","link":"https:\/\/news.save.ch\/fr\/elektrogeraete-ueber-100-sicherheitstechnische-maengel\/","title":{"rendered":"Appareils \u00e9lectriques : plus de 100 d\u00e9fauts de s\u00e9curit\u00e9"},"content":{"rendered":"<p>La surveillance du march\u00e9 par l'ESTI est effectu\u00e9e dans toute la Suisse et se d\u00e9roule conform\u00e9ment \u00e0 l'ordonnance sur les mat\u00e9riels \u00e9lectriques \u00e0 basse tension. La conformit\u00e9 et la s\u00e9curit\u00e9 des produits \u00e9lectriques destin\u00e9s aux m\u00e9nages, aux bureaux, \u00e0 l'artisanat et \u00e0 l'industrie sont contr\u00f4l\u00e9es par \u00e9chantillonnage.<\/p>\n<h3>210 D\u00e9fauts formels ou techniques<\/h3>\n<p>Selon l'Inspection f\u00e9d\u00e9rale des installations \u00e0 courant fort, 1375 produits ont \u00e9t\u00e9 recens\u00e9s sur Internet et contr\u00f4l\u00e9s sur place dans des points de vente en vue de leur v\u00e9rification. D'autres contr\u00f4les ont \u00e9t\u00e9 effectu\u00e9s directement chez les fabricants, par des contr\u00f4les ult\u00e9rieurs et sur la base d'informations fournies par des particuliers et des sp\u00e9cialistes du domaine \u00e9lectrique.<br \/>\nAu total, 210 produits pr\u00e9sentaient des d\u00e9fauts formels ou techniques, ce qui correspond \u00e0 15 pour cent de tous les produits \u00e9lectriques contr\u00f4l\u00e9s, comme le pr\u00e9cise le communiqu\u00e9 de presse. Sur ce total, 123 produits pr\u00e9sentaient des d\u00e9fauts techniques de s\u00e9curit\u00e9 pouvant entra\u00eener des risques potentiels tels que l'\u00e9lectrocution, l'\u00e9bouillantage, le d\u00e9gagement de fum\u00e9e ou l'incendie.<br \/>\nEn cas de risque potentiel pour les personnes ou de preuves de conformit\u00e9 manquantes ou incompl\u00e8tes, l'ESTI peut interdire la mise \u00e0 disposition d'un produit sur le march\u00e9. Au cours de l'ann\u00e9e sous revue, 94 interdictions de vente ont \u00e9t\u00e9 prononc\u00e9es pour ces raisons : Sur la base de contr\u00f4les cibl\u00e9s, diff\u00e9rents types d'appareils m\u00e9nagers et de bureau, des lampes LED, des chargeurs ainsi que des powerbanks et des batteries domestiques ont \u00e9t\u00e9 concern\u00e9s. Divers produits destin\u00e9s \u00e0 une utilisation industrielle dans des zones \u00e0 risque d'explosion (zones ATEX) dans l'industrie et le commerce ont \u00e9t\u00e9 interdits. En outre, de nombreux appareils \u00e9lectriques munis d'une fiche \u00e9trang\u00e8re non autoris\u00e9e ont \u00e0 nouveau \u00e9t\u00e9 concern\u00e9s par une interdiction de vente, est-il \u00e9galement pr\u00e9cis\u00e9.<\/p>\n<h3>Fiches Schuko interdites en Suisse<\/h3>\n<p>La remise d'appareils \u00e9lectriques \u00e9quip\u00e9s d'une fiche \u00e9trang\u00e8re (en particulier d'une fiche Schuko) est en principe interdite en Suisse, car des pi\u00e8ces sous tension peuvent \u00eatre touch\u00e9es lors de la tentative d'insertion dans la prise ou suite \u00e0 une mauvaise manipulation de la connexion, comme l'explique l'ESTI pour justifier les faits. En outre, de telles prises pourraient \u00eatre surcharg\u00e9es en cours d'utilisation et d\u00e9clencher ainsi un incendie. Les consommateurs devraient refuser ces appareils \u00e9lectriques directement au point de vente et peuvent contacter l'ESTI au moyen du formulaire de contact sous <a href=\"http:\/\/www.esti.admin.ch\">www.esti.admin.ch<\/a> faire un rapport, comme celui-ci l'\u00e9crit.<br \/>\nSelon l'Inspection f\u00e9d\u00e9rale des installations \u00e0 courant fort, dans 41 cas, des acteurs \u00e9conomiques en Suisse ont retir\u00e9 du march\u00e9 des produits d\u00e9fectueux en collaboration avec l'ESTI. Dans 13 cas, ces rappels ou avertissements de s\u00e9curit\u00e9 ont en outre \u00e9t\u00e9 publi\u00e9s sur les canaux de communication du Bureau de la consommation BFC sous <a href=\"http:\/\/www.konsum.admin.ch\">www.konsum.admin.ch<\/a> respectivement <a href=\"http:\/\/www.recallswiss.admin.ch\">www.recallswiss.admin.ch<\/a> ont \u00e9t\u00e9 publi\u00e9s. Il s'agissait d'adaptateurs de voyage, de destructeurs d'insectes, de modules solaires, de d\u00e9shydrateurs, de diverses lampes LED, de divers accumulateurs au lithium et de chargeurs de voyage.<\/p>\n<h3>Composants pour l'e-mobilit\u00e9 \u00e9galement concern\u00e9s<\/h3>\n<p>En raison de l'\u00e9volution technologique fulgurante, l'ESTI a en outre re\u00e7u de nombreuses demandes de fabricants, de commer\u00e7ants et de particuliers concernant les stations de recharge (wallbox) et les c\u00e2bles de recharge pour l'\u00e9lectromobilit\u00e9, les composants pour les installations photovolta\u00efques (onduleurs, modules solaires, unit\u00e9s de couplage au r\u00e9seau, etc.), les installations photovolta\u00efques plug&amp;play pr\u00eates \u00e0 brancher d'une puissance allant jusqu'\u00e0 600 W, les powerbanks et les batteries domestiques pour les particuliers et les habitations, ainsi que le nouveau syst\u00e8me suisse de prise domestique IP55 pour les zones humides.<br \/>\nEn outre, l'ESTI recommande la prudence en cas d'achat sur des plates-formes et des sites web non europ\u00e9ens sans adresse de contact suisse accessible de l'exploitant. Vous \u00eates responsable des dangers et des risques li\u00e9s \u00e0 l'appareil. La prudence est \u00e9galement de mise pour les bonnes affaires. Souvent, ces appareils propos\u00e9s sont des marchandises de moindre qualit\u00e9 avec des contr\u00f4les de produits lacunaires, qui sont ou pourraient devenir peu s\u00fbrs sur une longue dur\u00e9e d'utilisation en raison de composants \u00e9lectriques de moindre qualit\u00e9 et d'une construction rudimentaire. Selon l'ESTI, les consommateurs ne peuvent gu\u00e8re s'en rendre compte \u00e0 l'\u0153il nu.<br \/>\nL'Inspection f\u00e9d\u00e9rale des installations \u00e0 courant fort conseille de veiller, lors de l'achat d'appareils \u00e9lectriques, \u00e0 ce que la prise suisse soit correcte, \u00e0 ce que le service apr\u00e8s-vente soit accessible et comp\u00e9tent, \u00e0 ce que les modes d'emploi soient compr\u00e9hensibles et \u00e0 ce que les appareils soient munis d'une marque de contr\u00f4le. Le label de s\u00e9curit\u00e9 volontaire de l'ESTI est un label suisse reconnu. Les appareils certifi\u00e9s avec le label de s\u00e9curit\u00e9 sont disponibles sous <a href=\"http:\/\/www.esti.admin.ch\">www.esti.admin.ch<\/a> a \u00e9t\u00e9 publi\u00e9. Les appareils munis d'une marque de certification reconnue r\u00e9pondent \u00e0 des exigences plus \u00e9lev\u00e9es en mati\u00e8re de s\u00e9curit\u00e9 des produits et offrent ainsi une plus-value aux consommateurs, conclut le communiqu\u00e9 de presse.<br \/>\n<em>Source : <a href=\"http:\/\/www.esti.admin.ch\">ESTI<\/a><\/em><\/p>","protected":false},"excerpt":{"rendered":"<p>Die Markt\u00fcberwachung durch das ESTI wird schweizweit durchgef\u00fchrt und erfolgt gem\u00e4ss der Verordnung \u00fcber elektrische Niederspannungserzeugnisse. Elektrische Erzeugnisse f\u00fcr Haushalt, B\u00fcro, Gewerbe und Industrie werden stichprobenweise auf ihre Konformit\u00e4t und Sicherheit hin \u00fcberpr\u00fcft. 210 formale oder technische M\u00e4ngel Laut Starkstrominspektorat wurden 1375 Erzeugnisse im Internet und mit Kontrollen vor Ort in Verkaufsstellen zwecks \u00dcberpr\u00fcfung erfasst. [&hellip;]<\/p>\n","protected":false},"author":8,"featured_media":19460,"comment_status":"closed","ping_status":"closed","sticky":false,"template":"","format":"standard","meta":{"_acf_changed":false,"pgc_sgb_lightbox_settings":"","footnotes":""},"categories":[3312],"tags":[3378,3379,839,3380,3381],"class_list":["post-19457","post","type-post","status-publish","format-standard","has-post-thumbnail","hentry","category-sicherheit","tag-elektrische-niederspannungserzeugnisse","tag-elektrogeraete","tag-schuko-stecker","tag-sicherheitstechnische-maengel","tag-stromschlag"],"acf":[],"hkrextid":null,"publication":null,"issue":null,"workflow":null,"startPage":null,"spitzmarke":null,"_posts_by_tag_page_fields":null,"_at_widget":null,"_yoast_wpseo_primary_category":"3312","_yoast_wpseo_focuskw_text_input":null,"_yoast_wpseo_opengraph-image":null,"_yoast_wpseo_opengraph-description":null,"_yoast_wpseo_opengraph-title":null,"enclosure":null,"_yoast_wpseo_twitter-title":null,"_yoast_wpseo_twitter-description":null,"_yoast_wpseo_twitter-image":null,"_wp_old_slug":null,"_yoast_wpseo_title":null,"_yoast_wpseo_canonical":null,"yoast_head":"<!-- This site is optimized with the Yoast SEO plugin v27.5 - https:\/\/yoast.com\/product\/yoast-seo-wordpress\/ -->\n<title>Elektroger\u00e4te: \u00fcber 100 sicherheitstechnische M\u00e4ngel - Save<\/title>\n<meta name=\"description\" content=\"15 Prozent der 2022 durch das Eidgen\u00f6ssische Starkstrominspektorat ESTI \u00fcberpr\u00fcften elektrischen Erzeugnisse wiesen M\u00e4ngel auf.\" \/>\n<meta name=\"robots\" content=\"index, follow, max-snippet:-1, max-image-preview:large, max-video-preview:-1\" \/>\n<link rel=\"canonical\" href=\"https:\/\/news.save.ch\/fr\/elektrogeraete-ueber-100-sicherheitstechnische-maengel\/\" \/>\n<meta property=\"og:locale\" content=\"fr_FR\" \/>\n<meta property=\"og:type\" content=\"article\" \/>\n<meta property=\"og:title\" content=\"Elektroger\u00e4te: \u00fcber 100 sicherheitstechnische M\u00e4ngel - Save\" \/>\n<meta property=\"og:description\" content=\"15 Prozent der 2022 durch das Eidgen\u00f6ssische Starkstrominspektorat ESTI \u00fcberpr\u00fcften elektrischen Erzeugnisse wiesen M\u00e4ngel auf.\" \/>\n<meta property=\"og:url\" content=\"https:\/\/news.save.ch\/fr\/elektrogeraete-ueber-100-sicherheitstechnische-maengel\/\" \/>\n<meta property=\"og:site_name\" content=\"Save\" \/>\n<meta property=\"article:published_time\" content=\"2023-05-24T04:04:33+00:00\" \/>\n<meta property=\"og:image\" content=\"https:\/\/news.save.ch\/wp-content\/uploads\/2023\/05\/Depositphotos_227036434_S.jpg\" \/>\n\t<meta property=\"og:image:width\" content=\"1000\" \/>\n\t<meta property=\"og:image:height\" content=\"1000\" \/>\n\t<meta property=\"og:image:type\" content=\"image\/jpeg\" \/>\n<meta name=\"author\" content=\"Roger Str\u00e4ssle\" \/>\n<meta name=\"twitter:card\" content=\"summary_large_image\" \/>\n<meta name=\"twitter:label1\" content=\"\u00c9crit par\" \/>\n\t<meta name=\"twitter:data1\" content=\"Roger Str\u00e4ssle\" \/>\n\t<meta name=\"twitter:label2\" content=\"Dur\u00e9e de lecture estim\u00e9e\" \/>\n\t<meta name=\"twitter:data2\" content=\"4 minutes\" \/>\n<script type=\"application\/ld+json\" class=\"yoast-schema-graph\">{\"@context\":\"https:\\\/\\\/schema.org\",\"@graph\":[{\"@type\":\"Article\",\"@id\":\"https:\\\/\\\/news.save.ch\\\/elektrogeraete-ueber-100-sicherheitstechnische-maengel\\\/#article\",\"isPartOf\":{\"@id\":\"https:\\\/\\\/news.save.ch\\\/elektrogeraete-ueber-100-sicherheitstechnische-maengel\\\/\"},\"author\":{\"name\":\"Roger Str\u00e4ssle\",\"@id\":\"https:\\\/\\\/news.save.ch\\\/de\\\/#\\\/schema\\\/person\\\/d5022db048e0e2b9785c50e5b24da5aa\"},\"headline\":\"Elektroger\u00e4te: \u00fcber 100 sicherheitstechnische M\u00e4ngel\",\"datePublished\":\"2023-05-24T04:04:33+00:00\",\"mainEntityOfPage\":{\"@id\":\"https:\\\/\\\/news.save.ch\\\/elektrogeraete-ueber-100-sicherheitstechnische-maengel\\\/\"},\"wordCount\":659,\"publisher\":{\"@id\":\"https:\\\/\\\/news.save.ch\\\/de\\\/#organization\"},\"image\":{\"@id\":\"https:\\\/\\\/news.save.ch\\\/elektrogeraete-ueber-100-sicherheitstechnische-maengel\\\/#primaryimage\"},\"thumbnailUrl\":\"https:\\\/\\\/news.save.ch\\\/wp-content\\\/uploads\\\/2023\\\/05\\\/Depositphotos_227036434_S.jpg\",\"keywords\":[\"Elektrische Niederspannungserzeugnisse\",\"Elektroger\u00e4te\",\"Schuko-Stecker\",\"sicherheitstechnische M\u00e4ngel\",\"Stromschlag\"],\"articleSection\":[\"SICHERHEIT\"],\"inLanguage\":\"fr-FR\"},{\"@type\":\"WebPage\",\"@id\":\"https:\\\/\\\/news.save.ch\\\/elektrogeraete-ueber-100-sicherheitstechnische-maengel\\\/\",\"url\":\"https:\\\/\\\/news.save.ch\\\/elektrogeraete-ueber-100-sicherheitstechnische-maengel\\\/\",\"name\":\"Elektroger\u00e4te: \u00fcber 100 sicherheitstechnische M\u00e4ngel - Save\",\"isPartOf\":{\"@id\":\"https:\\\/\\\/news.save.ch\\\/de\\\/#website\"},\"primaryImageOfPage\":{\"@id\":\"https:\\\/\\\/news.save.ch\\\/elektrogeraete-ueber-100-sicherheitstechnische-maengel\\\/#primaryimage\"},\"image\":{\"@id\":\"https:\\\/\\\/news.save.ch\\\/elektrogeraete-ueber-100-sicherheitstechnische-maengel\\\/#primaryimage\"},\"thumbnailUrl\":\"https:\\\/\\\/news.save.ch\\\/wp-content\\\/uploads\\\/2023\\\/05\\\/Depositphotos_227036434_S.jpg\",\"datePublished\":\"2023-05-24T04:04:33+00:00\",\"description\":\"15 Prozent der 2022 durch das Eidgen\u00f6ssische Starkstrominspektorat ESTI \u00fcberpr\u00fcften elektrischen Erzeugnisse wiesen M\u00e4ngel auf.\",\"breadcrumb\":{\"@id\":\"https:\\\/\\\/news.save.ch\\\/elektrogeraete-ueber-100-sicherheitstechnische-maengel\\\/#breadcrumb\"},\"inLanguage\":\"fr-FR\",\"potentialAction\":[{\"@type\":\"ReadAction\",\"target\":[\"https:\\\/\\\/news.save.ch\\\/elektrogeraete-ueber-100-sicherheitstechnische-maengel\\\/\"]}]},{\"@type\":\"ImageObject\",\"inLanguage\":\"fr-FR\",\"@id\":\"https:\\\/\\\/news.save.ch\\\/elektrogeraete-ueber-100-sicherheitstechnische-maengel\\\/#primaryimage\",\"url\":\"https:\\\/\\\/news.save.ch\\\/wp-content\\\/uploads\\\/2023\\\/05\\\/Depositphotos_227036434_S.jpg\",\"contentUrl\":\"https:\\\/\\\/news.save.ch\\\/wp-content\\\/uploads\\\/2023\\\/05\\\/Depositphotos_227036434_S.jpg\",\"width\":1000,\"height\":1000,\"caption\":\"Depositphotos, P-KDmitry\"},{\"@type\":\"BreadcrumbList\",\"@id\":\"https:\\\/\\\/news.save.ch\\\/elektrogeraete-ueber-100-sicherheitstechnische-maengel\\\/#breadcrumb\",\"itemListElement\":[{\"@type\":\"ListItem\",\"position\":1,\"name\":\"Home\",\"item\":\"https:\\\/\\\/news.save.ch\\\/de\\\/\"},{\"@type\":\"ListItem\",\"position\":2,\"name\":\"Elektroger\u00e4te: \u00fcber 100 sicherheitstechnische M\u00e4ngel\"}]},{\"@type\":\"WebSite\",\"@id\":\"https:\\\/\\\/news.save.ch\\\/de\\\/#website\",\"url\":\"https:\\\/\\\/news.save.ch\\\/de\\\/\",\"name\":\"Save\",\"description\":\"Schweizer Fachzeitschrift f\u00fcr Sicherheit\",\"publisher\":{\"@id\":\"https:\\\/\\\/news.save.ch\\\/de\\\/#organization\"},\"potentialAction\":[{\"@type\":\"SearchAction\",\"target\":{\"@type\":\"EntryPoint\",\"urlTemplate\":\"https:\\\/\\\/news.save.ch\\\/de\\\/?s={search_term_string}\"},\"query-input\":{\"@type\":\"PropertyValueSpecification\",\"valueRequired\":true,\"valueName\":\"search_term_string\"}}],\"inLanguage\":\"fr-FR\"},{\"@type\":\"Organization\",\"@id\":\"https:\\\/\\\/news.save.ch\\\/de\\\/#organization\",\"name\":\"Sicherheitsforum\",\"url\":\"https:\\\/\\\/news.save.ch\\\/de\\\/\",\"logo\":{\"@type\":\"ImageObject\",\"inLanguage\":\"fr-FR\",\"@id\":\"https:\\\/\\\/news.save.ch\\\/de\\\/#\\\/schema\\\/logo\\\/image\\\/\",\"url\":\"https:\\\/\\\/news.save.ch\\\/wp-content\\\/uploads\\\/2022\\\/06\\\/Logo_SF_2012.png\",\"contentUrl\":\"https:\\\/\\\/news.save.ch\\\/wp-content\\\/uploads\\\/2022\\\/06\\\/Logo_SF_2012.png\",\"width\":1100,\"height\":91,\"caption\":\"Sicherheitsforum\"},\"image\":{\"@id\":\"https:\\\/\\\/news.save.ch\\\/de\\\/#\\\/schema\\\/logo\\\/image\\\/\"}},{\"@type\":\"Person\",\"@id\":\"https:\\\/\\\/news.save.ch\\\/de\\\/#\\\/schema\\\/person\\\/d5022db048e0e2b9785c50e5b24da5aa\",\"name\":\"Roger Str\u00e4ssle\",\"image\":{\"@type\":\"ImageObject\",\"inLanguage\":\"fr-FR\",\"@id\":\"https:\\\/\\\/secure.gravatar.com\\\/avatar\\\/862a5569d087de48e5856e32f45d719a03804c891d6deb8d4f71a660e79e4a47?s=96&d=mm&r=g\",\"url\":\"https:\\\/\\\/secure.gravatar.com\\\/avatar\\\/862a5569d087de48e5856e32f45d719a03804c891d6deb8d4f71a660e79e4a47?s=96&d=mm&r=g\",\"contentUrl\":\"https:\\\/\\\/secure.gravatar.com\\\/avatar\\\/862a5569d087de48e5856e32f45d719a03804c891d6deb8d4f71a660e79e4a47?s=96&d=mm&r=g\",\"caption\":\"Roger Str\u00e4ssle\"},\"url\":\"https:\\\/\\\/news.save.ch\\\/fr\\\/author\\\/roger-straessle\\\/\"}]}<\/script>\n<!-- \/ Yoast SEO plugin. -->","yoast_head_json":{"title":"Appareils \u00e9lectriques : plus de 100 d\u00e9fauts de s\u00e9curit\u00e9 - Save","description":"15% des produits \u00e9lectriques contr\u00f4l\u00e9s par l'Inspection f\u00e9d\u00e9rale des installations \u00e0 courant fort (ESTI) en 2022 pr\u00e9sentaient des d\u00e9fauts.","robots":{"index":"index","follow":"follow","max-snippet":"max-snippet:-1","max-image-preview":"max-image-preview:large","max-video-preview":"max-video-preview:-1"},"canonical":"https:\/\/news.save.ch\/fr\/elektrogeraete-ueber-100-sicherheitstechnische-maengel\/","og_locale":"fr_FR","og_type":"article","og_title":"Elektroger\u00e4te: \u00fcber 100 sicherheitstechnische M\u00e4ngel - Save","og_description":"15 Prozent der 2022 durch das Eidgen\u00f6ssische Starkstrominspektorat ESTI \u00fcberpr\u00fcften elektrischen Erzeugnisse wiesen M\u00e4ngel auf.","og_url":"https:\/\/news.save.ch\/fr\/elektrogeraete-ueber-100-sicherheitstechnische-maengel\/","og_site_name":"Save","article_published_time":"2023-05-24T04:04:33+00:00","og_image":[{"width":1000,"height":1000,"url":"https:\/\/news.save.ch\/wp-content\/uploads\/2023\/05\/Depositphotos_227036434_S.jpg","type":"image\/jpeg"}],"author":"Roger Str\u00e4ssle","twitter_card":"summary_large_image","twitter_misc":{"\u00c9crit par":"Roger Str\u00e4ssle","Dur\u00e9e de lecture estim\u00e9e":"4 minutes"},"schema":{"@context":"https:\/\/schema.org","@graph":[{"@type":"Article","@id":"https:\/\/news.save.ch\/elektrogeraete-ueber-100-sicherheitstechnische-maengel\/#article","isPartOf":{"@id":"https:\/\/news.save.ch\/elektrogeraete-ueber-100-sicherheitstechnische-maengel\/"},"author":{"name":"Roger Str\u00e4ssle","@id":"https:\/\/news.save.ch\/de\/#\/schema\/person\/d5022db048e0e2b9785c50e5b24da5aa"},"headline":"Elektroger\u00e4te: \u00fcber 100 sicherheitstechnische M\u00e4ngel","datePublished":"2023-05-24T04:04:33+00:00","mainEntityOfPage":{"@id":"https:\/\/news.save.ch\/elektrogeraete-ueber-100-sicherheitstechnische-maengel\/"},"wordCount":659,"publisher":{"@id":"https:\/\/news.save.ch\/de\/#organization"},"image":{"@id":"https:\/\/news.save.ch\/elektrogeraete-ueber-100-sicherheitstechnische-maengel\/#primaryimage"},"thumbnailUrl":"https:\/\/news.save.ch\/wp-content\/uploads\/2023\/05\/Depositphotos_227036434_S.jpg","keywords":["Elektrische Niederspannungserzeugnisse","Elektroger\u00e4te","Schuko-Stecker","sicherheitstechnische M\u00e4ngel","Stromschlag"],"articleSection":["SICHERHEIT"],"inLanguage":"fr-FR"},{"@type":"WebPage","@id":"https:\/\/news.save.ch\/elektrogeraete-ueber-100-sicherheitstechnische-maengel\/","url":"https:\/\/news.save.ch\/elektrogeraete-ueber-100-sicherheitstechnische-maengel\/","name":"Appareils \u00e9lectriques : plus de 100 d\u00e9fauts de s\u00e9curit\u00e9 - Save","isPartOf":{"@id":"https:\/\/news.save.ch\/de\/#website"},"primaryImageOfPage":{"@id":"https:\/\/news.save.ch\/elektrogeraete-ueber-100-sicherheitstechnische-maengel\/#primaryimage"},"image":{"@id":"https:\/\/news.save.ch\/elektrogeraete-ueber-100-sicherheitstechnische-maengel\/#primaryimage"},"thumbnailUrl":"https:\/\/news.save.ch\/wp-content\/uploads\/2023\/05\/Depositphotos_227036434_S.jpg","datePublished":"2023-05-24T04:04:33+00:00","description":"15% des produits \u00e9lectriques contr\u00f4l\u00e9s par l'Inspection f\u00e9d\u00e9rale des installations \u00e0 courant fort (ESTI) en 2022 pr\u00e9sentaient des d\u00e9fauts.","breadcrumb":{"@id":"https:\/\/news.save.ch\/elektrogeraete-ueber-100-sicherheitstechnische-maengel\/#breadcrumb"},"inLanguage":"fr-FR","potentialAction":[{"@type":"ReadAction","target":["https:\/\/news.save.ch\/elektrogeraete-ueber-100-sicherheitstechnische-maengel\/"]}]},{"@type":"ImageObject","inLanguage":"fr-FR","@id":"https:\/\/news.save.ch\/elektrogeraete-ueber-100-sicherheitstechnische-maengel\/#primaryimage","url":"https:\/\/news.save.ch\/wp-content\/uploads\/2023\/05\/Depositphotos_227036434_S.jpg","contentUrl":"https:\/\/news.save.ch\/wp-content\/uploads\/2023\/05\/Depositphotos_227036434_S.jpg","width":1000,"height":1000,"caption":"Depositphotos, P-KDmitry"},{"@type":"BreadcrumbList","@id":"https:\/\/news.save.ch\/elektrogeraete-ueber-100-sicherheitstechnische-maengel\/#breadcrumb","itemListElement":[{"@type":"ListItem","position":1,"name":"Home","item":"https:\/\/news.save.ch\/de\/"},{"@type":"ListItem","position":2,"name":"Elektroger\u00e4te: \u00fcber 100 sicherheitstechnische M\u00e4ngel"}]},{"@type":"WebSite","@id":"https:\/\/news.save.ch\/de\/#website","url":"https:\/\/news.save.ch\/de\/","name":"Save","description":"Revue suisse sp\u00e9cialis\u00e9e dans la s\u00e9curit\u00e9","publisher":{"@id":"https:\/\/news.save.ch\/de\/#organization"},"potentialAction":[{"@type":"SearchAction","target":{"@type":"EntryPoint","urlTemplate":"https:\/\/news.save.ch\/de\/?s={search_term_string}"},"query-input":{"@type":"PropertyValueSpecification","valueRequired":true,"valueName":"search_term_string"}}],"inLanguage":"fr-FR"},{"@type":"Organization","@id":"https:\/\/news.save.ch\/de\/#organization","name":"Forum sur la s\u00e9curit\u00e9","url":"https:\/\/news.save.ch\/de\/","logo":{"@type":"ImageObject","inLanguage":"fr-FR","@id":"https:\/\/news.save.ch\/de\/#\/schema\/logo\/image\/","url":"https:\/\/news.save.ch\/wp-content\/uploads\/2022\/06\/Logo_SF_2012.png","contentUrl":"https:\/\/news.save.ch\/wp-content\/uploads\/2022\/06\/Logo_SF_2012.png","width":1100,"height":91,"caption":"Sicherheitsforum"},"image":{"@id":"https:\/\/news.save.ch\/de\/#\/schema\/logo\/image\/"}},{"@type":"Person","@id":"https:\/\/news.save.ch\/de\/#\/schema\/person\/d5022db048e0e2b9785c50e5b24da5aa","name":"Roger Str\u00e4ssle","image":{"@type":"ImageObject","inLanguage":"fr-FR","@id":"https:\/\/secure.gravatar.com\/avatar\/862a5569d087de48e5856e32f45d719a03804c891d6deb8d4f71a660e79e4a47?s=96&d=mm&r=g","url":"https:\/\/secure.gravatar.com\/avatar\/862a5569d087de48e5856e32f45d719a03804c891d6deb8d4f71a660e79e4a47?s=96&d=mm&r=g","contentUrl":"https:\/\/secure.gravatar.com\/avatar\/862a5569d087de48e5856e32f45d719a03804c891d6deb8d4f71a660e79e4a47?s=96&d=mm&r=g","caption":"Roger Str\u00e4ssle"},"url":"https:\/\/news.save.ch\/fr\/author\/roger-straessle\/"}]}},"_links":{"self":[{"href":"https:\/\/news.save.ch\/fr\/wp-json\/wp\/v2\/posts\/19457","targetHints":{"allow":["GET"]}}],"collection":[{"href":"https:\/\/news.save.ch\/fr\/wp-json\/wp\/v2\/posts"}],"about":[{"href":"https:\/\/news.save.ch\/fr\/wp-json\/wp\/v2\/types\/post"}],"author":[{"embeddable":true,"href":"https:\/\/news.save.ch\/fr\/wp-json\/wp\/v2\/users\/8"}],"replies":[{"embeddable":true,"href":"https:\/\/news.save.ch\/fr\/wp-json\/wp\/v2\/comments?post=19457"}],"version-history":[{"count":2,"href":"https:\/\/news.save.ch\/fr\/wp-json\/wp\/v2\/posts\/19457\/revisions"}],"predecessor-version":[{"id":19464,"href":"https:\/\/news.save.ch\/fr\/wp-json\/wp\/v2\/posts\/19457\/revisions\/19464"}],"wp:featuredmedia":[{"embeddable":true,"href":"https:\/\/news.save.ch\/fr\/wp-json\/wp\/v2\/media\/19460"}],"wp:attachment":[{"href":"https:\/\/news.save.ch\/fr\/wp-json\/wp\/v2\/media?parent=19457"}],"wp:term":[{"taxonomy":"category","embeddable":true,"href":"https:\/\/news.save.ch\/fr\/wp-json\/wp\/v2\/categories?post=19457"},{"taxonomy":"post_tag","embeddable":true,"href":"https:\/\/news.save.ch\/fr\/wp-json\/wp\/v2\/tags?post=19457"}],"curies":[{"name":"wp","href":"https:\/\/api.w.org\/{rel}","templated":true}]}}