{"id":1946,"date":"2015-11-10T15:23:44","date_gmt":"2015-11-10T14:23:44","guid":{"rendered":"https:\/\/dev.sicherheitsforum.ch\/?p=1946"},"modified":"2015-11-10T15:23:44","modified_gmt":"2015-11-10T14:23:44","slug":"vbsf-vergibt-sicherheitspreis","status":null,"type":"post","link":"https:\/\/news.save.ch\/fr\/vbsf-vergibt-sicherheitspreis\/","title":{"rendered":"La VBSF d\u00e9cerne le prix de la s\u00e9curit\u00e9"},"content":{"rendered":"<figure id=\"attachment_1947\" aria-describedby=\"caption-attachment-1947\" style=\"width: 680px\" class=\"wp-caption alignnone\"><img loading=\"lazy\" decoding=\"async\" class=\"wp-image-1947 size-medium\" src=\"https:\/\/news.save.ch\/wp-content\/uploads\/2016\/12\/VBSF-vergibt-Sicherheitspreis-sicherheitsforum.jpg\" width=\"680\" height=\"453\" \/><figcaption id=\"caption-attachment-1947\" class=\"wp-caption-text\">De gauche \u00e0 droite : Roger Holzer, pr\u00e9sident du jury, Markus Spinnler, Paul Frey, Jean-Luc Marendaz (repr\u00e9sentant Thierry Meyer) et Marco Wunderle, pr\u00e9sident de la VBSF. Photo : R. Str\u00e4ssle<\/figcaption><\/figure>\n<p>Celui qui peut pr\u00e9senter un travail important dans le domaine de la s\u00e9curit\u00e9 se verra remettre un beau prix, d\u00e9cern\u00e9 par l'Association suisse des sp\u00e9cialistes de la protection incendie et de la s\u00e9curit\u00e9. <a href=\"https:\/\/www.vbsf.ch\" target=\"_blank\" data-cke-saved-href=\"https:\/\/www.vbsf.ch\" rel=\"noopener\">(VBSF)<\/a> r\u00e9guli\u00e8rement. Mardi soir, c'\u00e9tait \u00e0 nouveau le cas. Dans le cadre de la <a href=\"https:\/\/www.sicherheit-messe.ch\" target=\"_blank\" data-cke-saved-href=\"https:\/\/www.sicherheit-messe.ch\" rel=\"noopener\">Salon professionnel de la s\u00e9curit\u00e9<\/a>Lors de la c\u00e9r\u00e9monie de remise des prix, qui se d\u00e9roule pendant quatre jours \u00e0 Zurich Oerlikon, le pr\u00e9sident du jury Roger Holzer et le pr\u00e9sident de la VBSF Marco Wunderle ont remis le premier prix de 5000 francs (cat\u00e9gorie A, scientifique). Mais deux prix de reconnaissance de 2000 francs chacun ont \u00e9galement \u00e9t\u00e9 d\u00e9cern\u00e9s dans les cat\u00e9gories A et B (inventions, prototypes, etc.).<\/p>\n<p>Le gagnant du prix principal, Paul Frey, s'est pench\u00e9 sur le th\u00e8me de la planification de la protection contre les incendies avec des m\u00e9thodes d'ing\u00e9nierie. Selon Frey, il existe une offre litt\u00e9raire \u00e0 peine visible, surtout en anglais. Il manque cependant un ouvrage de r\u00e9f\u00e9rence en langue allemande, neutre par rapport aux produits. Frey a maintenant combl\u00e9 cette lacune : Selon le jury de la VBSF, il en r\u00e9sulte un compendium tr\u00e8s complet qui est non seulement facile \u00e0 lire, mais aussi orient\u00e9 vers la pratique.<\/p>\n<p>Le prix de reconnaissance dans la cat\u00e9gorie A a \u00e9t\u00e9 d\u00e9cern\u00e9 \u00e0 Markus Spinnler. Son sujet : la protection contre les incendies dans les d\u00e9p\u00f4ts des mus\u00e9es d'art suisses. Selon Jugy, il a r\u00e9alis\u00e9 un travail innovant dans le domaine de la protection des biens culturels, qui tient compte des connaissances les plus r\u00e9centes.<\/p>\n<p>Un autre prix de reconnaissance (cat\u00e9gorie B) va \u00e0 la Suisse romande, le laur\u00e9at s'appelle Thierry Meyer. Son sujet : Un outil d'\u00e9valuation et de cartographie des dangers.<\/p>\n<p>Au total, six travaux ont \u00e9t\u00e9 soumis pour le prix de la s\u00e9curit\u00e9 VBSF 2015. Le prochain concours aura lieu en 2017.<\/p>","protected":false},"excerpt":{"rendered":"<p>Wer eine bedeutende Arbeit auf dem Gebiet der Sicherheit vorlegen kann, dem winkt eine sch\u00f6ne Preissumme, die der Schweizerische Verein von Brandschutz- und Sicherheitsfachleuten (VBSF) regelm\u00e4ssig vergibt. Am Dienstagabend war es wieder soweit. Im Rahmen der Sicherheitsfachmesse, die w\u00e4hrend vier Tagen in Z\u00fcrich Oerlikon stattfindet, konnte Jurypr\u00e4sident Roger Holzer und VBSF-Pr\u00e4sident Marco Wunderle den Hauptpreis [&hellip;]<\/p>\n","protected":false},"author":1,"featured_media":1947,"comment_status":"open","ping_status":"open","sticky":false,"template":"","format":"standard","meta":{"_acf_changed":false,"pgc_sgb_lightbox_settings":"","footnotes":""},"categories":[1],"tags":[84,142,66,143],"class_list":["post-1946","post","type-post","status-publish","format-standard","has-post-thumbnail","hentry","category-allgemein","tag-fachkongressfachmesse","tag-institutionen","tag-verbaende","tag-vereine"],"acf":[],"hkrextid":null,"publication":null,"issue":null,"workflow":null,"startPage":null,"spitzmarke":null,"_posts_by_tag_page_fields":{"widget_title":"","widget_tags":""},"_at_widget":"1","_yoast_wpseo_primary_category":"1","_yoast_wpseo_focuskw_text_input":"Sicherheitspreis","_yoast_wpseo_opengraph-image":"https:\/\/news.save.ch\/wp-content\/uploads\/2016\/12\/VBSF-vergibt-Sicherheitspreis-sicherheitsforum.jpg","_yoast_wpseo_opengraph-description":"Das Geheimnis ist gel\u00fcftet, der Sicherheitspreis 2015 des Vereins VBSF geht an Paul Frey, stellvertretender Leiter des Brandschutz-Inspektorates der Basellandschaftlichen Geb\u00e4ude-Versicherung.","_yoast_wpseo_opengraph-title":"VBSF vergibt Sicherheitspreis","enclosure":null,"_yoast_wpseo_twitter-title":null,"_yoast_wpseo_twitter-description":null,"_yoast_wpseo_twitter-image":null,"_wp_old_slug":null,"_yoast_wpseo_title":null,"_yoast_wpseo_canonical":null,"yoast_head":"<!-- This site is optimized with the Yoast SEO plugin v27.5 - https:\/\/yoast.com\/product\/yoast-seo-wordpress\/ -->\n<title>VBSF vergibt Sicherheitspreis - Save<\/title>\n<meta name=\"description\" content=\"Das Geheimnis ist gel\u00fcftet, der Sicherheitspreis 2015 des Vereins VBSF geht an Paul Frey, stellvertretender Leiter des BGV.\" \/>\n<meta name=\"robots\" content=\"index, follow, max-snippet:-1, max-image-preview:large, max-video-preview:-1\" \/>\n<link rel=\"canonical\" href=\"https:\/\/news.save.ch\/fr\/vbsf-vergibt-sicherheitspreis\/\" \/>\n<meta property=\"og:locale\" content=\"fr_FR\" \/>\n<meta property=\"og:type\" content=\"article\" \/>\n<meta property=\"og:title\" content=\"VBSF vergibt Sicherheitspreis\" \/>\n<meta property=\"og:description\" content=\"Das Geheimnis ist gel\u00fcftet, der Sicherheitspreis 2015 des Vereins VBSF geht an Paul Frey, stellvertretender Leiter des Brandschutz-Inspektorates der Basellandschaftlichen Geb\u00e4ude-Versicherung.\" \/>\n<meta property=\"og:url\" content=\"https:\/\/news.save.ch\/fr\/vbsf-vergibt-sicherheitspreis\/\" \/>\n<meta property=\"og:site_name\" content=\"Save\" \/>\n<meta property=\"article:published_time\" content=\"2015-11-10T14:23:44+00:00\" \/>\n<meta property=\"og:image\" content=\"https:\/\/news.save.ch\/wp-content\/uploads\/2016\/12\/VBSF-vergibt-Sicherheitspreis-sicherheitsforum.jpg\" \/>\n<meta name=\"author\" content=\"admin\" \/>\n<meta name=\"twitter:card\" content=\"summary_large_image\" \/>\n<meta name=\"twitter:label1\" content=\"\u00c9crit par\" \/>\n\t<meta name=\"twitter:data1\" content=\"admin\" \/>\n\t<meta name=\"twitter:label2\" content=\"Dur\u00e9e de lecture estim\u00e9e\" \/>\n\t<meta name=\"twitter:data2\" content=\"1 minute\" \/>\n<script type=\"application\/ld+json\" class=\"yoast-schema-graph\">{\"@context\":\"https:\\\/\\\/schema.org\",\"@graph\":[{\"@type\":\"Article\",\"@id\":\"https:\\\/\\\/news.save.ch\\\/vbsf-vergibt-sicherheitspreis\\\/#article\",\"isPartOf\":{\"@id\":\"https:\\\/\\\/news.save.ch\\\/vbsf-vergibt-sicherheitspreis\\\/\"},\"author\":{\"name\":\"admin\",\"@id\":\"https:\\\/\\\/news.save.ch\\\/de\\\/#\\\/schema\\\/person\\\/d49e199490bad7c70d64b9ab51142f2b\"},\"headline\":\"VBSF vergibt Sicherheitspreis\",\"datePublished\":\"2015-11-10T14:23:44+00:00\",\"mainEntityOfPage\":{\"@id\":\"https:\\\/\\\/news.save.ch\\\/vbsf-vergibt-sicherheitspreis\\\/\"},\"wordCount\":261,\"commentCount\":0,\"publisher\":{\"@id\":\"https:\\\/\\\/news.save.ch\\\/de\\\/#organization\"},\"image\":{\"@id\":\"https:\\\/\\\/news.save.ch\\\/vbsf-vergibt-sicherheitspreis\\\/#primaryimage\"},\"thumbnailUrl\":\"https:\\\/\\\/news.save.ch\\\/wp-content\\\/uploads\\\/2016\\\/12\\\/VBSF-vergibt-Sicherheitspreis-sicherheitsforum-scaled-1-scaled.jpg\",\"keywords\":[\"Fachkongress\\\/Fachmesse\",\"Institutionen\",\"Verb\u00e4nde\",\"Vereine\"],\"articleSection\":[\"ALLGEMEIN\"],\"inLanguage\":\"fr-FR\"},{\"@type\":\"WebPage\",\"@id\":\"https:\\\/\\\/news.save.ch\\\/vbsf-vergibt-sicherheitspreis\\\/\",\"url\":\"https:\\\/\\\/news.save.ch\\\/vbsf-vergibt-sicherheitspreis\\\/\",\"name\":\"VBSF vergibt Sicherheitspreis - Save\",\"isPartOf\":{\"@id\":\"https:\\\/\\\/news.save.ch\\\/de\\\/#website\"},\"primaryImageOfPage\":{\"@id\":\"https:\\\/\\\/news.save.ch\\\/vbsf-vergibt-sicherheitspreis\\\/#primaryimage\"},\"image\":{\"@id\":\"https:\\\/\\\/news.save.ch\\\/vbsf-vergibt-sicherheitspreis\\\/#primaryimage\"},\"thumbnailUrl\":\"https:\\\/\\\/news.save.ch\\\/wp-content\\\/uploads\\\/2016\\\/12\\\/VBSF-vergibt-Sicherheitspreis-sicherheitsforum-scaled-1-scaled.jpg\",\"datePublished\":\"2015-11-10T14:23:44+00:00\",\"description\":\"Das Geheimnis ist gel\u00fcftet, der Sicherheitspreis 2015 des Vereins VBSF geht an Paul Frey, stellvertretender Leiter des BGV.\",\"breadcrumb\":{\"@id\":\"https:\\\/\\\/news.save.ch\\\/vbsf-vergibt-sicherheitspreis\\\/#breadcrumb\"},\"inLanguage\":\"fr-FR\",\"potentialAction\":[{\"@type\":\"ReadAction\",\"target\":[\"https:\\\/\\\/news.save.ch\\\/vbsf-vergibt-sicherheitspreis\\\/\"]}]},{\"@type\":\"ImageObject\",\"inLanguage\":\"fr-FR\",\"@id\":\"https:\\\/\\\/news.save.ch\\\/vbsf-vergibt-sicherheitspreis\\\/#primaryimage\",\"url\":\"https:\\\/\\\/news.save.ch\\\/wp-content\\\/uploads\\\/2016\\\/12\\\/VBSF-vergibt-Sicherheitspreis-sicherheitsforum-scaled-1-scaled.jpg\",\"contentUrl\":\"https:\\\/\\\/news.save.ch\\\/wp-content\\\/uploads\\\/2016\\\/12\\\/VBSF-vergibt-Sicherheitspreis-sicherheitsforum-scaled-1-scaled.jpg\",\"width\":1400,\"height\":934,\"caption\":\"V.l. Jurypr\u00e4sident Roger Holzer, Markus Spinnler, Paul Frey, Jean-Luc Marendaz (stellvertretend f\u00fcr Thierry Meyer) und VBSF-Pr\u00e4sident Marco Wunderle. Foto: R. Str\u00e4ssle\"},{\"@type\":\"BreadcrumbList\",\"@id\":\"https:\\\/\\\/news.save.ch\\\/vbsf-vergibt-sicherheitspreis\\\/#breadcrumb\",\"itemListElement\":[{\"@type\":\"ListItem\",\"position\":1,\"name\":\"Home\",\"item\":\"https:\\\/\\\/news.save.ch\\\/de\\\/\"},{\"@type\":\"ListItem\",\"position\":2,\"name\":\"VBSF vergibt Sicherheitspreis\"}]},{\"@type\":\"WebSite\",\"@id\":\"https:\\\/\\\/news.save.ch\\\/de\\\/#website\",\"url\":\"https:\\\/\\\/news.save.ch\\\/de\\\/\",\"name\":\"Save\",\"description\":\"Schweizer Fachzeitschrift f\u00fcr Sicherheit\",\"publisher\":{\"@id\":\"https:\\\/\\\/news.save.ch\\\/de\\\/#organization\"},\"potentialAction\":[{\"@type\":\"SearchAction\",\"target\":{\"@type\":\"EntryPoint\",\"urlTemplate\":\"https:\\\/\\\/news.save.ch\\\/de\\\/?s={search_term_string}\"},\"query-input\":{\"@type\":\"PropertyValueSpecification\",\"valueRequired\":true,\"valueName\":\"search_term_string\"}}],\"inLanguage\":\"fr-FR\"},{\"@type\":\"Organization\",\"@id\":\"https:\\\/\\\/news.save.ch\\\/de\\\/#organization\",\"name\":\"Sicherheitsforum\",\"url\":\"https:\\\/\\\/news.save.ch\\\/de\\\/\",\"logo\":{\"@type\":\"ImageObject\",\"inLanguage\":\"fr-FR\",\"@id\":\"https:\\\/\\\/news.save.ch\\\/de\\\/#\\\/schema\\\/logo\\\/image\\\/\",\"url\":\"https:\\\/\\\/news.save.ch\\\/wp-content\\\/uploads\\\/2022\\\/06\\\/Logo_SF_2012.png\",\"contentUrl\":\"https:\\\/\\\/news.save.ch\\\/wp-content\\\/uploads\\\/2022\\\/06\\\/Logo_SF_2012.png\",\"width\":1100,\"height\":91,\"caption\":\"Sicherheitsforum\"},\"image\":{\"@id\":\"https:\\\/\\\/news.save.ch\\\/de\\\/#\\\/schema\\\/logo\\\/image\\\/\"}},{\"@type\":\"Person\",\"@id\":\"https:\\\/\\\/news.save.ch\\\/de\\\/#\\\/schema\\\/person\\\/d49e199490bad7c70d64b9ab51142f2b\",\"name\":\"admin\",\"image\":{\"@type\":\"ImageObject\",\"inLanguage\":\"fr-FR\",\"@id\":\"https:\\\/\\\/secure.gravatar.com\\\/avatar\\\/ae2f4d718e6c49043e314ce431e7e645d646302a24a5ef5a8bc8e3f5a032e319?s=96&d=mm&r=g\",\"url\":\"https:\\\/\\\/secure.gravatar.com\\\/avatar\\\/ae2f4d718e6c49043e314ce431e7e645d646302a24a5ef5a8bc8e3f5a032e319?s=96&d=mm&r=g\",\"contentUrl\":\"https:\\\/\\\/secure.gravatar.com\\\/avatar\\\/ae2f4d718e6c49043e314ce431e7e645d646302a24a5ef5a8bc8e3f5a032e319?s=96&d=mm&r=g\",\"caption\":\"admin\"},\"sameAs\":[\"https:\\\/\\\/develop.organisator.galledia.ch\"],\"url\":\"https:\\\/\\\/news.save.ch\\\/fr\\\/author\\\/admin\\\/\"}]}<\/script>\n<!-- \/ Yoast SEO plugin. -->","yoast_head_json":{"title":"La VBSF d\u00e9cerne le prix de la s\u00e9curit\u00e9 - Save","description":"Le secret est d\u00e9voil\u00e9, le prix de la s\u00e9curit\u00e9 2015 de l'association VBSF est attribu\u00e9 \u00e0 Paul Frey, directeur adjoint de la BGV.","robots":{"index":"index","follow":"follow","max-snippet":"max-snippet:-1","max-image-preview":"max-image-preview:large","max-video-preview":"max-video-preview:-1"},"canonical":"https:\/\/news.save.ch\/fr\/vbsf-vergibt-sicherheitspreis\/","og_locale":"fr_FR","og_type":"article","og_title":"VBSF vergibt Sicherheitspreis","og_description":"Das Geheimnis ist gel\u00fcftet, der Sicherheitspreis 2015 des Vereins VBSF geht an Paul Frey, stellvertretender Leiter des Brandschutz-Inspektorates der Basellandschaftlichen Geb\u00e4ude-Versicherung.","og_url":"https:\/\/news.save.ch\/fr\/vbsf-vergibt-sicherheitspreis\/","og_site_name":"Save","article_published_time":"2015-11-10T14:23:44+00:00","og_image":[{"url":"https:\/\/news.save.ch\/wp-content\/uploads\/2016\/12\/VBSF-vergibt-Sicherheitspreis-sicherheitsforum.jpg","type":"","width":"","height":""}],"author":"admin","twitter_card":"summary_large_image","twitter_misc":{"\u00c9crit par":"admin","Dur\u00e9e de lecture estim\u00e9e":"1 minute"},"schema":{"@context":"https:\/\/schema.org","@graph":[{"@type":"Article","@id":"https:\/\/news.save.ch\/vbsf-vergibt-sicherheitspreis\/#article","isPartOf":{"@id":"https:\/\/news.save.ch\/vbsf-vergibt-sicherheitspreis\/"},"author":{"name":"admin","@id":"https:\/\/news.save.ch\/de\/#\/schema\/person\/d49e199490bad7c70d64b9ab51142f2b"},"headline":"VBSF vergibt Sicherheitspreis","datePublished":"2015-11-10T14:23:44+00:00","mainEntityOfPage":{"@id":"https:\/\/news.save.ch\/vbsf-vergibt-sicherheitspreis\/"},"wordCount":261,"commentCount":0,"publisher":{"@id":"https:\/\/news.save.ch\/de\/#organization"},"image":{"@id":"https:\/\/news.save.ch\/vbsf-vergibt-sicherheitspreis\/#primaryimage"},"thumbnailUrl":"https:\/\/news.save.ch\/wp-content\/uploads\/2016\/12\/VBSF-vergibt-Sicherheitspreis-sicherheitsforum-scaled-1-scaled.jpg","keywords":["Fachkongress\/Fachmesse","Institutionen","Verb\u00e4nde","Vereine"],"articleSection":["ALLGEMEIN"],"inLanguage":"fr-FR"},{"@type":"WebPage","@id":"https:\/\/news.save.ch\/vbsf-vergibt-sicherheitspreis\/","url":"https:\/\/news.save.ch\/vbsf-vergibt-sicherheitspreis\/","name":"La VBSF d\u00e9cerne le prix de la s\u00e9curit\u00e9 - Save","isPartOf":{"@id":"https:\/\/news.save.ch\/de\/#website"},"primaryImageOfPage":{"@id":"https:\/\/news.save.ch\/vbsf-vergibt-sicherheitspreis\/#primaryimage"},"image":{"@id":"https:\/\/news.save.ch\/vbsf-vergibt-sicherheitspreis\/#primaryimage"},"thumbnailUrl":"https:\/\/news.save.ch\/wp-content\/uploads\/2016\/12\/VBSF-vergibt-Sicherheitspreis-sicherheitsforum-scaled-1-scaled.jpg","datePublished":"2015-11-10T14:23:44+00:00","description":"Le secret est d\u00e9voil\u00e9, le prix de la s\u00e9curit\u00e9 2015 de l'association VBSF est attribu\u00e9 \u00e0 Paul Frey, directeur adjoint de la BGV.","breadcrumb":{"@id":"https:\/\/news.save.ch\/vbsf-vergibt-sicherheitspreis\/#breadcrumb"},"inLanguage":"fr-FR","potentialAction":[{"@type":"ReadAction","target":["https:\/\/news.save.ch\/vbsf-vergibt-sicherheitspreis\/"]}]},{"@type":"ImageObject","inLanguage":"fr-FR","@id":"https:\/\/news.save.ch\/vbsf-vergibt-sicherheitspreis\/#primaryimage","url":"https:\/\/news.save.ch\/wp-content\/uploads\/2016\/12\/VBSF-vergibt-Sicherheitspreis-sicherheitsforum-scaled-1-scaled.jpg","contentUrl":"https:\/\/news.save.ch\/wp-content\/uploads\/2016\/12\/VBSF-vergibt-Sicherheitspreis-sicherheitsforum-scaled-1-scaled.jpg","width":1400,"height":934,"caption":"V.l. Jurypr\u00e4sident Roger Holzer, Markus Spinnler, Paul Frey, Jean-Luc Marendaz (stellvertretend f\u00fcr Thierry Meyer) und VBSF-Pr\u00e4sident Marco Wunderle. Foto: R. Str\u00e4ssle"},{"@type":"BreadcrumbList","@id":"https:\/\/news.save.ch\/vbsf-vergibt-sicherheitspreis\/#breadcrumb","itemListElement":[{"@type":"ListItem","position":1,"name":"Home","item":"https:\/\/news.save.ch\/de\/"},{"@type":"ListItem","position":2,"name":"VBSF vergibt Sicherheitspreis"}]},{"@type":"WebSite","@id":"https:\/\/news.save.ch\/de\/#website","url":"https:\/\/news.save.ch\/de\/","name":"Save","description":"Revue suisse sp\u00e9cialis\u00e9e dans la s\u00e9curit\u00e9","publisher":{"@id":"https:\/\/news.save.ch\/de\/#organization"},"potentialAction":[{"@type":"SearchAction","target":{"@type":"EntryPoint","urlTemplate":"https:\/\/news.save.ch\/de\/?s={search_term_string}"},"query-input":{"@type":"PropertyValueSpecification","valueRequired":true,"valueName":"search_term_string"}}],"inLanguage":"fr-FR"},{"@type":"Organization","@id":"https:\/\/news.save.ch\/de\/#organization","name":"Forum sur la s\u00e9curit\u00e9","url":"https:\/\/news.save.ch\/de\/","logo":{"@type":"ImageObject","inLanguage":"fr-FR","@id":"https:\/\/news.save.ch\/de\/#\/schema\/logo\/image\/","url":"https:\/\/news.save.ch\/wp-content\/uploads\/2022\/06\/Logo_SF_2012.png","contentUrl":"https:\/\/news.save.ch\/wp-content\/uploads\/2022\/06\/Logo_SF_2012.png","width":1100,"height":91,"caption":"Sicherheitsforum"},"image":{"@id":"https:\/\/news.save.ch\/de\/#\/schema\/logo\/image\/"}},{"@type":"Person","@id":"https:\/\/news.save.ch\/de\/#\/schema\/person\/d49e199490bad7c70d64b9ab51142f2b","name":"admin","image":{"@type":"ImageObject","inLanguage":"fr-FR","@id":"https:\/\/secure.gravatar.com\/avatar\/ae2f4d718e6c49043e314ce431e7e645d646302a24a5ef5a8bc8e3f5a032e319?s=96&d=mm&r=g","url":"https:\/\/secure.gravatar.com\/avatar\/ae2f4d718e6c49043e314ce431e7e645d646302a24a5ef5a8bc8e3f5a032e319?s=96&d=mm&r=g","contentUrl":"https:\/\/secure.gravatar.com\/avatar\/ae2f4d718e6c49043e314ce431e7e645d646302a24a5ef5a8bc8e3f5a032e319?s=96&d=mm&r=g","caption":"admin"},"sameAs":["https:\/\/develop.organisator.galledia.ch"],"url":"https:\/\/news.save.ch\/fr\/author\/admin\/"}]}},"_links":{"self":[{"href":"https:\/\/news.save.ch\/fr\/wp-json\/wp\/v2\/posts\/1946","targetHints":{"allow":["GET"]}}],"collection":[{"href":"https:\/\/news.save.ch\/fr\/wp-json\/wp\/v2\/posts"}],"about":[{"href":"https:\/\/news.save.ch\/fr\/wp-json\/wp\/v2\/types\/post"}],"author":[{"embeddable":true,"href":"https:\/\/news.save.ch\/fr\/wp-json\/wp\/v2\/users\/1"}],"replies":[{"embeddable":true,"href":"https:\/\/news.save.ch\/fr\/wp-json\/wp\/v2\/comments?post=1946"}],"version-history":[{"count":0,"href":"https:\/\/news.save.ch\/fr\/wp-json\/wp\/v2\/posts\/1946\/revisions"}],"wp:featuredmedia":[{"embeddable":true,"href":"https:\/\/news.save.ch\/fr\/wp-json\/wp\/v2\/media\/1947"}],"wp:attachment":[{"href":"https:\/\/news.save.ch\/fr\/wp-json\/wp\/v2\/media?parent=1946"}],"wp:term":[{"taxonomy":"category","embeddable":true,"href":"https:\/\/news.save.ch\/fr\/wp-json\/wp\/v2\/categories?post=1946"},{"taxonomy":"post_tag","embeddable":true,"href":"https:\/\/news.save.ch\/fr\/wp-json\/wp\/v2\/tags?post=1946"}],"curies":[{"name":"wp","href":"https:\/\/api.w.org\/{rel}","templated":true}]}}