{"id":19521,"date":"2023-06-05T10:21:15","date_gmt":"2023-06-05T08:21:15","guid":{"rendered":"https:\/\/news.save.ch\/?p=19521"},"modified":"2023-06-09T19:19:17","modified_gmt":"2023-06-09T17:19:17","slug":"klimaschutz-gesetz-237-aerzte-engagieren-sich-fuer-ein-ja","status":null,"type":"post","link":"https:\/\/news.save.ch\/fr\/klimaschutz-gesetz-237-aerzte-engagieren-sich-fuer-ein-ja\/","title":{"rendered":"La crise climatique met la sant\u00e9 en danger"},"content":{"rendered":"<figure id=\"attachment_19522\" aria-describedby=\"caption-attachment-19522\" style=\"width: 680px\" class=\"wp-caption aligncenter\"><img loading=\"lazy\" decoding=\"async\" class=\"size-medium wp-image-19522\" src=\"https:\/\/news.save.ch\/wp-content\/uploads\/2023\/06\/Depositphotos_96501400_S-680x454.jpg\" alt=\"Protection de la sant\u00e9, protection du climat\" width=\"680\" height=\"454\" srcset=\"https:\/\/news.save.ch\/wp-content\/uploads\/2023\/06\/Depositphotos_96501400_S-680x454.jpg 680w, https:\/\/news.save.ch\/wp-content\/uploads\/2023\/06\/Depositphotos_96501400_S-768x513.jpg 768w, https:\/\/news.save.ch\/wp-content\/uploads\/2023\/06\/Depositphotos_96501400_S-18x12.jpg 18w, https:\/\/news.save.ch\/wp-content\/uploads\/2023\/06\/Depositphotos_96501400_S-375x251.jpg 375w, https:\/\/news.save.ch\/wp-content\/uploads\/2023\/06\/Depositphotos_96501400_S-524x350.jpg 524w, https:\/\/news.save.ch\/wp-content\/uploads\/2023\/06\/Depositphotos_96501400_S.jpg 1000w\" sizes=\"auto, (max-width: 680px) 100vw, 680px\" \/><figcaption id=\"caption-attachment-19522\" class=\"wp-caption-text\">Les sources d'\u00e9nergie fossiles polluent \u00e9galement l'air. C'est pourquoi 2300 personnes meurent pr\u00e9matur\u00e9ment chaque ann\u00e9e en Suisse, principalement de maladies cardio-vasculaires et respiratoires chroniques. Depositphotos, stevanovicigor<\/figcaption><\/figure>\n<p>\"La pr\u00e9vention est la meilleure et la moins ch\u00e8re des m\u00e9decines et dans ce sens, la protection du climat est aussi une protection de la sant\u00e9\", d\u00e9clare le Dr Bernhard Aufdereggen, pr\u00e9sident des M\u00e9decins en faveur de l'environnement (AefU). Lui et 236 m\u00e9decins, dentistes et v\u00e9t\u00e9rinaires de toute la Suisse se sont donc regroup\u00e9s au sein du \"Comit\u00e9 m\u00e9decins : OUI \u00e0 la loi sur la protection du climat le 18 juin\". Car : \"En votant OUI \u00e0 la loi sur la protection du climat, nous pouvons att\u00e9nuer une menace pour la sant\u00e9 lors du prochain week-end de votation. Nous devrions saisir cette chance\", a d\u00e9clar\u00e9 Aufdereggen.<\/p>\n<h3><strong>Un OUI prot\u00e8ge la sant\u00e9\u00a0<\/strong><\/h3>\n<p>\"Le changement climatique est la plus grande menace pour la sant\u00e9 mondiale au 21e si\u00e8cle\", avertit l'Organisation mondiale de la sant\u00e9 (OMS). Le r\u00e9chauffement global entra\u00eenerait une hausse du niveau des mers et menacerait ainsi directement des millions de personnes dont les habitations seraient inond\u00e9es. Selon diff\u00e9rents scientifiques, la fr\u00e9quence et la gravit\u00e9 des ph\u00e9nom\u00e8nes m\u00e9t\u00e9orologiques extr\u00eames - vagues de chaleur, s\u00e9cheresses, inondations, ouragans et incendies de for\u00eat - augmentent, en partie aussi en Suisse. Comme le perg\u00e9lisol maintient de moins en moins les montagnes, les grands glissements de terrain se multiplient. Ces \u00e9v\u00e9nements repr\u00e9sentent un danger direct pour la sant\u00e9 physique et psychique.<\/p>\n<p>Malgr\u00e9 les appels et les avertissements, les \u00e9missions de CO<sub>2<\/sub>-ont de nouveau augment\u00e9 en Suisse au lieu de diminuer, selon l'AefU. Cela alimente la crise climatique, dont les graves cons\u00e9quences mettent en danger la sant\u00e9 et les bases de vie. La Suisse a besoin de toute urgence d'une loi qui lui permette de tenir ses promesses en mati\u00e8re de protection du climat.<\/p>\n<h3><strong>Moins de pollution de l'air<\/strong><\/h3>\n<p>Mais le gaz, le p\u00e9trole et le charbon ne sont pas seulement responsables d'une grande partie des \u00e9missions de gaz \u00e0 effet de serre. La combustion de ces \u00e9nergies fossiles pollue \u00e9galement l'air - par exemple avec des poussi\u00e8res fines et des oxydes d'azote. Cela entra\u00eenerait chaque ann\u00e9e en Suisse 2300 d\u00e9c\u00e8s pr\u00e9matur\u00e9s, principalement dus \u00e0 des maladies cardio-vasculaires et respiratoires chroniques.<\/p>\n<p>\"Nous pouvons att\u00e9nuer ces dangers pour notre sant\u00e9 en votant OUI \u00e0 la loi sur la protection du climat\", \u00e9crit l'AefU en guise de conclusion.<\/p>\n<p>Le 8 juin, la Chambre m\u00e9dicale de la FMH \u00e0 Bienne a \u00e9galement d\u00e9cid\u00e9 de dire oui \u00e0 la \"Loi f\u00e9d\u00e9rale sur les objectifs de la protection du climat, l'innovation et le renforcement de la s\u00e9curit\u00e9 \u00e9nerg\u00e9tique\", qui sera soumise au vote le 18 juin. Un oui<br \/>\nest un engagement en faveur de la protection de la sant\u00e9, de l'\u00e9galit\u00e9 des chances en mati\u00e8re de sant\u00e9 et d'une soci\u00e9t\u00e9 saine.<br \/>\net un environnement intact (<a href=\"https:\/\/www.fmh.ch\/themen\/public-health\/klimawandel-und-gesundheit.cfm\">Les arguments se trouvent ici<\/a>).<\/p>\n<p>&nbsp;<\/p>\n<p>&nbsp;<\/p>","protected":false},"excerpt":{"rendered":"<p>\u00abVorsorge ist die beste und g\u00fcnstigste Medizin und in diesem Sinne ist Klimaschutz auch Gesundheitsschutz\u00bb, sagt Dr. med. Bernhard Aufdereggen, Pr\u00e4sident der \u00c4rztinnen und \u00c4rzte f\u00fcr Umweltschutz (AefU). Er und 236 Medizinerinnen und Mediziner sowie Zahn\u00e4rztinnen und Zahn\u00e4rzte und Veterin\u00e4rinnen und Veterin\u00e4re aus der ganzen Schweiz haben sich deshalb im\u00a0\u00ab\u00c4rzt:innen-Komitee JA zum Klimaschutz-Gesetz am 18. [&hellip;]<\/p>\n","protected":false},"author":8,"featured_media":19522,"comment_status":"closed","ping_status":"closed","sticky":false,"template":"","format":"standard","meta":{"_acf_changed":false,"pgc_sgb_lightbox_settings":"","footnotes":""},"categories":[3314],"tags":[1598,3391,149,3392],"class_list":["post-19521","post","type-post","status-publish","format-standard","has-post-thumbnail","hentry","category-health-safety","tag-aefu","tag-aerztinnen-und-aerzte-fuer-umweltschutz","tag-gesundheitsschutz","tag-klimaschutz"],"acf":[],"hkrextid":null,"publication":null,"issue":null,"workflow":null,"startPage":null,"spitzmarke":null,"_posts_by_tag_page_fields":null,"_at_widget":null,"_yoast_wpseo_primary_category":"3314","_yoast_wpseo_focuskw_text_input":null,"_yoast_wpseo_opengraph-image":null,"_yoast_wpseo_opengraph-description":null,"_yoast_wpseo_opengraph-title":null,"enclosure":null,"_yoast_wpseo_twitter-title":null,"_yoast_wpseo_twitter-description":null,"_yoast_wpseo_twitter-image":null,"_wp_old_slug":null,"_yoast_wpseo_title":null,"_yoast_wpseo_canonical":null,"yoast_head":"<!-- This site is optimized with the Yoast SEO plugin v27.5 - https:\/\/yoast.com\/product\/yoast-seo-wordpress\/ -->\n<title>Klimakrise gef\u00e4hrdet die Gesundheit - Save<\/title>\n<meta name=\"description\" content=\"Die Klimakrise gef\u00e4hrdet die Gesundheit und die Umwelt. Ein \u00c4rzte-Gremium pl\u00e4diert deshalb f\u00fcr ein JA zum Klimaschutz-Gesetz.\" \/>\n<meta name=\"robots\" content=\"index, follow, max-snippet:-1, max-image-preview:large, max-video-preview:-1\" \/>\n<link rel=\"canonical\" href=\"https:\/\/news.save.ch\/fr\/klimaschutz-gesetz-237-aerzte-engagieren-sich-fuer-ein-ja\/\" \/>\n<meta property=\"og:locale\" content=\"fr_FR\" \/>\n<meta property=\"og:type\" content=\"article\" \/>\n<meta property=\"og:title\" content=\"Klimakrise gef\u00e4hrdet die Gesundheit - Save\" \/>\n<meta property=\"og:description\" content=\"Die Klimakrise gef\u00e4hrdet die Gesundheit und die Umwelt. Ein \u00c4rzte-Gremium pl\u00e4diert deshalb f\u00fcr ein JA zum Klimaschutz-Gesetz.\" \/>\n<meta property=\"og:url\" content=\"https:\/\/news.save.ch\/fr\/klimaschutz-gesetz-237-aerzte-engagieren-sich-fuer-ein-ja\/\" \/>\n<meta property=\"og:site_name\" content=\"Save\" \/>\n<meta property=\"article:published_time\" content=\"2023-06-05T08:21:15+00:00\" \/>\n<meta property=\"article:modified_time\" content=\"2023-06-09T17:19:17+00:00\" \/>\n<meta property=\"og:image\" content=\"https:\/\/news.save.ch\/wp-content\/uploads\/2023\/06\/Depositphotos_96501400_S.jpg\" \/>\n\t<meta property=\"og:image:width\" content=\"1000\" \/>\n\t<meta property=\"og:image:height\" content=\"668\" \/>\n\t<meta property=\"og:image:type\" content=\"image\/jpeg\" \/>\n<meta name=\"author\" content=\"Roger Str\u00e4ssle\" \/>\n<meta name=\"twitter:card\" content=\"summary_large_image\" \/>\n<meta name=\"twitter:label1\" content=\"\u00c9crit par\" \/>\n\t<meta name=\"twitter:data1\" content=\"Roger Str\u00e4ssle\" \/>\n\t<meta name=\"twitter:label2\" content=\"Dur\u00e9e de lecture estim\u00e9e\" \/>\n\t<meta name=\"twitter:data2\" content=\"3 minutes\" \/>\n<script type=\"application\/ld+json\" class=\"yoast-schema-graph\">{\"@context\":\"https:\\\/\\\/schema.org\",\"@graph\":[{\"@type\":\"Article\",\"@id\":\"https:\\\/\\\/news.save.ch\\\/klimaschutz-gesetz-237-aerzte-engagieren-sich-fuer-ein-ja\\\/#article\",\"isPartOf\":{\"@id\":\"https:\\\/\\\/news.save.ch\\\/klimaschutz-gesetz-237-aerzte-engagieren-sich-fuer-ein-ja\\\/\"},\"author\":{\"name\":\"Roger Str\u00e4ssle\",\"@id\":\"https:\\\/\\\/news.save.ch\\\/de\\\/#\\\/schema\\\/person\\\/d5022db048e0e2b9785c50e5b24da5aa\"},\"headline\":\"Klimakrise gef\u00e4hrdet die Gesundheit\",\"datePublished\":\"2023-06-05T08:21:15+00:00\",\"dateModified\":\"2023-06-09T17:19:17+00:00\",\"mainEntityOfPage\":{\"@id\":\"https:\\\/\\\/news.save.ch\\\/klimaschutz-gesetz-237-aerzte-engagieren-sich-fuer-ein-ja\\\/\"},\"wordCount\":412,\"publisher\":{\"@id\":\"https:\\\/\\\/news.save.ch\\\/de\\\/#organization\"},\"image\":{\"@id\":\"https:\\\/\\\/news.save.ch\\\/klimaschutz-gesetz-237-aerzte-engagieren-sich-fuer-ein-ja\\\/#primaryimage\"},\"thumbnailUrl\":\"https:\\\/\\\/news.save.ch\\\/wp-content\\\/uploads\\\/2023\\\/06\\\/Depositphotos_96501400_S.jpg\",\"keywords\":[\"AefU\",\"\u00c4rztinnen und \u00c4rzte f\u00fcr Umweltschutz\",\"Gesundheitsschutz\",\"Klimaschutz\"],\"articleSection\":[\"HEALTH &amp; SAFETY\"],\"inLanguage\":\"fr-FR\"},{\"@type\":\"WebPage\",\"@id\":\"https:\\\/\\\/news.save.ch\\\/klimaschutz-gesetz-237-aerzte-engagieren-sich-fuer-ein-ja\\\/\",\"url\":\"https:\\\/\\\/news.save.ch\\\/klimaschutz-gesetz-237-aerzte-engagieren-sich-fuer-ein-ja\\\/\",\"name\":\"Klimakrise gef\u00e4hrdet die Gesundheit - Save\",\"isPartOf\":{\"@id\":\"https:\\\/\\\/news.save.ch\\\/de\\\/#website\"},\"primaryImageOfPage\":{\"@id\":\"https:\\\/\\\/news.save.ch\\\/klimaschutz-gesetz-237-aerzte-engagieren-sich-fuer-ein-ja\\\/#primaryimage\"},\"image\":{\"@id\":\"https:\\\/\\\/news.save.ch\\\/klimaschutz-gesetz-237-aerzte-engagieren-sich-fuer-ein-ja\\\/#primaryimage\"},\"thumbnailUrl\":\"https:\\\/\\\/news.save.ch\\\/wp-content\\\/uploads\\\/2023\\\/06\\\/Depositphotos_96501400_S.jpg\",\"datePublished\":\"2023-06-05T08:21:15+00:00\",\"dateModified\":\"2023-06-09T17:19:17+00:00\",\"description\":\"Die Klimakrise gef\u00e4hrdet die Gesundheit und die Umwelt. Ein \u00c4rzte-Gremium pl\u00e4diert deshalb f\u00fcr ein JA zum Klimaschutz-Gesetz.\",\"breadcrumb\":{\"@id\":\"https:\\\/\\\/news.save.ch\\\/klimaschutz-gesetz-237-aerzte-engagieren-sich-fuer-ein-ja\\\/#breadcrumb\"},\"inLanguage\":\"fr-FR\",\"potentialAction\":[{\"@type\":\"ReadAction\",\"target\":[\"https:\\\/\\\/news.save.ch\\\/klimaschutz-gesetz-237-aerzte-engagieren-sich-fuer-ein-ja\\\/\"]}]},{\"@type\":\"ImageObject\",\"inLanguage\":\"fr-FR\",\"@id\":\"https:\\\/\\\/news.save.ch\\\/klimaschutz-gesetz-237-aerzte-engagieren-sich-fuer-ein-ja\\\/#primaryimage\",\"url\":\"https:\\\/\\\/news.save.ch\\\/wp-content\\\/uploads\\\/2023\\\/06\\\/Depositphotos_96501400_S.jpg\",\"contentUrl\":\"https:\\\/\\\/news.save.ch\\\/wp-content\\\/uploads\\\/2023\\\/06\\\/Depositphotos_96501400_S.jpg\",\"width\":1000,\"height\":668,\"caption\":\"Fossile Energietr\u00e4ger verschmutzen auch die Luft, weshalb in der Schweiz j\u00e4hrlich 2300 Menschen vorzeitig sterben, haupts\u00e4chlich an chronischen Herz-Kreislauf- und Atemwegserkrankungen. Depositphotos, stevanovicigor\"},{\"@type\":\"BreadcrumbList\",\"@id\":\"https:\\\/\\\/news.save.ch\\\/klimaschutz-gesetz-237-aerzte-engagieren-sich-fuer-ein-ja\\\/#breadcrumb\",\"itemListElement\":[{\"@type\":\"ListItem\",\"position\":1,\"name\":\"Home\",\"item\":\"https:\\\/\\\/news.save.ch\\\/de\\\/\"},{\"@type\":\"ListItem\",\"position\":2,\"name\":\"Klimakrise gef\u00e4hrdet die Gesundheit\"}]},{\"@type\":\"WebSite\",\"@id\":\"https:\\\/\\\/news.save.ch\\\/de\\\/#website\",\"url\":\"https:\\\/\\\/news.save.ch\\\/de\\\/\",\"name\":\"Save\",\"description\":\"Schweizer Fachzeitschrift f\u00fcr Sicherheit\",\"publisher\":{\"@id\":\"https:\\\/\\\/news.save.ch\\\/de\\\/#organization\"},\"potentialAction\":[{\"@type\":\"SearchAction\",\"target\":{\"@type\":\"EntryPoint\",\"urlTemplate\":\"https:\\\/\\\/news.save.ch\\\/de\\\/?s={search_term_string}\"},\"query-input\":{\"@type\":\"PropertyValueSpecification\",\"valueRequired\":true,\"valueName\":\"search_term_string\"}}],\"inLanguage\":\"fr-FR\"},{\"@type\":\"Organization\",\"@id\":\"https:\\\/\\\/news.save.ch\\\/de\\\/#organization\",\"name\":\"Sicherheitsforum\",\"url\":\"https:\\\/\\\/news.save.ch\\\/de\\\/\",\"logo\":{\"@type\":\"ImageObject\",\"inLanguage\":\"fr-FR\",\"@id\":\"https:\\\/\\\/news.save.ch\\\/de\\\/#\\\/schema\\\/logo\\\/image\\\/\",\"url\":\"https:\\\/\\\/news.save.ch\\\/wp-content\\\/uploads\\\/2022\\\/06\\\/Logo_SF_2012.png\",\"contentUrl\":\"https:\\\/\\\/news.save.ch\\\/wp-content\\\/uploads\\\/2022\\\/06\\\/Logo_SF_2012.png\",\"width\":1100,\"height\":91,\"caption\":\"Sicherheitsforum\"},\"image\":{\"@id\":\"https:\\\/\\\/news.save.ch\\\/de\\\/#\\\/schema\\\/logo\\\/image\\\/\"}},{\"@type\":\"Person\",\"@id\":\"https:\\\/\\\/news.save.ch\\\/de\\\/#\\\/schema\\\/person\\\/d5022db048e0e2b9785c50e5b24da5aa\",\"name\":\"Roger Str\u00e4ssle\",\"image\":{\"@type\":\"ImageObject\",\"inLanguage\":\"fr-FR\",\"@id\":\"https:\\\/\\\/secure.gravatar.com\\\/avatar\\\/862a5569d087de48e5856e32f45d719a03804c891d6deb8d4f71a660e79e4a47?s=96&d=mm&r=g\",\"url\":\"https:\\\/\\\/secure.gravatar.com\\\/avatar\\\/862a5569d087de48e5856e32f45d719a03804c891d6deb8d4f71a660e79e4a47?s=96&d=mm&r=g\",\"contentUrl\":\"https:\\\/\\\/secure.gravatar.com\\\/avatar\\\/862a5569d087de48e5856e32f45d719a03804c891d6deb8d4f71a660e79e4a47?s=96&d=mm&r=g\",\"caption\":\"Roger Str\u00e4ssle\"},\"url\":\"https:\\\/\\\/news.save.ch\\\/fr\\\/author\\\/roger-straessle\\\/\"}]}<\/script>\n<!-- \/ Yoast SEO plugin. -->","yoast_head_json":{"title":"La crise climatique met la sant\u00e9 en danger - Save","description":"La crise climatique met en danger la sant\u00e9 et l'environnement. Un comit\u00e9 de m\u00e9decins plaide donc pour un OUI \u00e0 la loi sur la protection du climat.","robots":{"index":"index","follow":"follow","max-snippet":"max-snippet:-1","max-image-preview":"max-image-preview:large","max-video-preview":"max-video-preview:-1"},"canonical":"https:\/\/news.save.ch\/fr\/klimaschutz-gesetz-237-aerzte-engagieren-sich-fuer-ein-ja\/","og_locale":"fr_FR","og_type":"article","og_title":"Klimakrise gef\u00e4hrdet die Gesundheit - Save","og_description":"Die Klimakrise gef\u00e4hrdet die Gesundheit und die Umwelt. Ein \u00c4rzte-Gremium pl\u00e4diert deshalb f\u00fcr ein JA zum Klimaschutz-Gesetz.","og_url":"https:\/\/news.save.ch\/fr\/klimaschutz-gesetz-237-aerzte-engagieren-sich-fuer-ein-ja\/","og_site_name":"Save","article_published_time":"2023-06-05T08:21:15+00:00","article_modified_time":"2023-06-09T17:19:17+00:00","og_image":[{"width":1000,"height":668,"url":"https:\/\/news.save.ch\/wp-content\/uploads\/2023\/06\/Depositphotos_96501400_S.jpg","type":"image\/jpeg"}],"author":"Roger Str\u00e4ssle","twitter_card":"summary_large_image","twitter_misc":{"\u00c9crit par":"Roger Str\u00e4ssle","Dur\u00e9e de lecture estim\u00e9e":"3 minutes"},"schema":{"@context":"https:\/\/schema.org","@graph":[{"@type":"Article","@id":"https:\/\/news.save.ch\/klimaschutz-gesetz-237-aerzte-engagieren-sich-fuer-ein-ja\/#article","isPartOf":{"@id":"https:\/\/news.save.ch\/klimaschutz-gesetz-237-aerzte-engagieren-sich-fuer-ein-ja\/"},"author":{"name":"Roger Str\u00e4ssle","@id":"https:\/\/news.save.ch\/de\/#\/schema\/person\/d5022db048e0e2b9785c50e5b24da5aa"},"headline":"Klimakrise gef\u00e4hrdet die Gesundheit","datePublished":"2023-06-05T08:21:15+00:00","dateModified":"2023-06-09T17:19:17+00:00","mainEntityOfPage":{"@id":"https:\/\/news.save.ch\/klimaschutz-gesetz-237-aerzte-engagieren-sich-fuer-ein-ja\/"},"wordCount":412,"publisher":{"@id":"https:\/\/news.save.ch\/de\/#organization"},"image":{"@id":"https:\/\/news.save.ch\/klimaschutz-gesetz-237-aerzte-engagieren-sich-fuer-ein-ja\/#primaryimage"},"thumbnailUrl":"https:\/\/news.save.ch\/wp-content\/uploads\/2023\/06\/Depositphotos_96501400_S.jpg","keywords":["AefU","\u00c4rztinnen und \u00c4rzte f\u00fcr Umweltschutz","Gesundheitsschutz","Klimaschutz"],"articleSection":["HEALTH &amp; SAFETY"],"inLanguage":"fr-FR"},{"@type":"WebPage","@id":"https:\/\/news.save.ch\/klimaschutz-gesetz-237-aerzte-engagieren-sich-fuer-ein-ja\/","url":"https:\/\/news.save.ch\/klimaschutz-gesetz-237-aerzte-engagieren-sich-fuer-ein-ja\/","name":"La crise climatique met la sant\u00e9 en danger - Save","isPartOf":{"@id":"https:\/\/news.save.ch\/de\/#website"},"primaryImageOfPage":{"@id":"https:\/\/news.save.ch\/klimaschutz-gesetz-237-aerzte-engagieren-sich-fuer-ein-ja\/#primaryimage"},"image":{"@id":"https:\/\/news.save.ch\/klimaschutz-gesetz-237-aerzte-engagieren-sich-fuer-ein-ja\/#primaryimage"},"thumbnailUrl":"https:\/\/news.save.ch\/wp-content\/uploads\/2023\/06\/Depositphotos_96501400_S.jpg","datePublished":"2023-06-05T08:21:15+00:00","dateModified":"2023-06-09T17:19:17+00:00","description":"La crise climatique met en danger la sant\u00e9 et l'environnement. Un comit\u00e9 de m\u00e9decins plaide donc pour un OUI \u00e0 la loi sur la protection du climat.","breadcrumb":{"@id":"https:\/\/news.save.ch\/klimaschutz-gesetz-237-aerzte-engagieren-sich-fuer-ein-ja\/#breadcrumb"},"inLanguage":"fr-FR","potentialAction":[{"@type":"ReadAction","target":["https:\/\/news.save.ch\/klimaschutz-gesetz-237-aerzte-engagieren-sich-fuer-ein-ja\/"]}]},{"@type":"ImageObject","inLanguage":"fr-FR","@id":"https:\/\/news.save.ch\/klimaschutz-gesetz-237-aerzte-engagieren-sich-fuer-ein-ja\/#primaryimage","url":"https:\/\/news.save.ch\/wp-content\/uploads\/2023\/06\/Depositphotos_96501400_S.jpg","contentUrl":"https:\/\/news.save.ch\/wp-content\/uploads\/2023\/06\/Depositphotos_96501400_S.jpg","width":1000,"height":668,"caption":"Fossile Energietr\u00e4ger verschmutzen auch die Luft, weshalb in der Schweiz j\u00e4hrlich 2300 Menschen vorzeitig sterben, haupts\u00e4chlich an chronischen Herz-Kreislauf- und Atemwegserkrankungen. Depositphotos, stevanovicigor"},{"@type":"BreadcrumbList","@id":"https:\/\/news.save.ch\/klimaschutz-gesetz-237-aerzte-engagieren-sich-fuer-ein-ja\/#breadcrumb","itemListElement":[{"@type":"ListItem","position":1,"name":"Home","item":"https:\/\/news.save.ch\/de\/"},{"@type":"ListItem","position":2,"name":"Klimakrise gef\u00e4hrdet die Gesundheit"}]},{"@type":"WebSite","@id":"https:\/\/news.save.ch\/de\/#website","url":"https:\/\/news.save.ch\/de\/","name":"Save","description":"Revue suisse sp\u00e9cialis\u00e9e dans la s\u00e9curit\u00e9","publisher":{"@id":"https:\/\/news.save.ch\/de\/#organization"},"potentialAction":[{"@type":"SearchAction","target":{"@type":"EntryPoint","urlTemplate":"https:\/\/news.save.ch\/de\/?s={search_term_string}"},"query-input":{"@type":"PropertyValueSpecification","valueRequired":true,"valueName":"search_term_string"}}],"inLanguage":"fr-FR"},{"@type":"Organization","@id":"https:\/\/news.save.ch\/de\/#organization","name":"Forum sur la s\u00e9curit\u00e9","url":"https:\/\/news.save.ch\/de\/","logo":{"@type":"ImageObject","inLanguage":"fr-FR","@id":"https:\/\/news.save.ch\/de\/#\/schema\/logo\/image\/","url":"https:\/\/news.save.ch\/wp-content\/uploads\/2022\/06\/Logo_SF_2012.png","contentUrl":"https:\/\/news.save.ch\/wp-content\/uploads\/2022\/06\/Logo_SF_2012.png","width":1100,"height":91,"caption":"Sicherheitsforum"},"image":{"@id":"https:\/\/news.save.ch\/de\/#\/schema\/logo\/image\/"}},{"@type":"Person","@id":"https:\/\/news.save.ch\/de\/#\/schema\/person\/d5022db048e0e2b9785c50e5b24da5aa","name":"Roger Str\u00e4ssle","image":{"@type":"ImageObject","inLanguage":"fr-FR","@id":"https:\/\/secure.gravatar.com\/avatar\/862a5569d087de48e5856e32f45d719a03804c891d6deb8d4f71a660e79e4a47?s=96&d=mm&r=g","url":"https:\/\/secure.gravatar.com\/avatar\/862a5569d087de48e5856e32f45d719a03804c891d6deb8d4f71a660e79e4a47?s=96&d=mm&r=g","contentUrl":"https:\/\/secure.gravatar.com\/avatar\/862a5569d087de48e5856e32f45d719a03804c891d6deb8d4f71a660e79e4a47?s=96&d=mm&r=g","caption":"Roger Str\u00e4ssle"},"url":"https:\/\/news.save.ch\/fr\/author\/roger-straessle\/"}]}},"_links":{"self":[{"href":"https:\/\/news.save.ch\/fr\/wp-json\/wp\/v2\/posts\/19521","targetHints":{"allow":["GET"]}}],"collection":[{"href":"https:\/\/news.save.ch\/fr\/wp-json\/wp\/v2\/posts"}],"about":[{"href":"https:\/\/news.save.ch\/fr\/wp-json\/wp\/v2\/types\/post"}],"author":[{"embeddable":true,"href":"https:\/\/news.save.ch\/fr\/wp-json\/wp\/v2\/users\/8"}],"replies":[{"embeddable":true,"href":"https:\/\/news.save.ch\/fr\/wp-json\/wp\/v2\/comments?post=19521"}],"version-history":[{"count":4,"href":"https:\/\/news.save.ch\/fr\/wp-json\/wp\/v2\/posts\/19521\/revisions"}],"predecessor-version":[{"id":19753,"href":"https:\/\/news.save.ch\/fr\/wp-json\/wp\/v2\/posts\/19521\/revisions\/19753"}],"wp:featuredmedia":[{"embeddable":true,"href":"https:\/\/news.save.ch\/fr\/wp-json\/wp\/v2\/media\/19522"}],"wp:attachment":[{"href":"https:\/\/news.save.ch\/fr\/wp-json\/wp\/v2\/media?parent=19521"}],"wp:term":[{"taxonomy":"category","embeddable":true,"href":"https:\/\/news.save.ch\/fr\/wp-json\/wp\/v2\/categories?post=19521"},{"taxonomy":"post_tag","embeddable":true,"href":"https:\/\/news.save.ch\/fr\/wp-json\/wp\/v2\/tags?post=19521"}],"curies":[{"name":"wp","href":"https:\/\/api.w.org\/{rel}","templated":true}]}}