{"id":1955,"date":"2017-04-21T08:02:34","date_gmt":"2017-04-21T06:02:34","guid":{"rendered":"https:\/\/news.save.ch\/?p=1955"},"modified":"2023-03-14T09:05:35","modified_gmt":"2023-03-14T08:05:35","slug":"schweizer-arbeitnehmer-sind-ueberaus-anpassungsfaehig","status":null,"type":"post","link":"https:\/\/news.save.ch\/fr\/schweizer-arbeitnehmer-sind-ueberaus-anpassungsfaehig\/","title":{"rendered":"Les demandeurs d'emploi suisses sont extr\u00eamement adaptables"},"content":{"rendered":"<p>Pr\u00e8s des trois quarts (72%) des demandeurs d'emploi suisses s'attendent \u00e0 d\u00e9velopper leurs comp\u00e9tences au cours des douze prochains mois. Il s'agit du niveau le plus \u00e9lev\u00e9 depuis le d\u00e9but de l'indice fin 2014. La confiance est particuli\u00e8rement \u00e9lev\u00e9e en Suisse al\u00e9manique : elle s'\u00e9levait \u00e0 77%, contre 71% en Suisse romande. C'est ce que montre le PageGroup Confidence Index, une \u00e9tude trimestrielle qui mesure et compare la confiance des demandeurs d'emploi dans diff\u00e9rents pays europ\u00e9ens.<\/p>\n<p>&nbsp;<\/p>\n<figure id=\"attachment_1956\" aria-describedby=\"caption-attachment-1956\" style=\"width: 680px\" class=\"wp-caption alignnone\"><img loading=\"lazy\" decoding=\"async\" class=\"size-medium wp-image-1956\" src=\"http:\/\/develop.safety-plus.ch\/wp-content\/uploads\/2017\/04\/Confidence-Index.jpg\" alt=\"\" width=\"680\" height=\"412\" \/><figcaption id=\"caption-attachment-1956\" class=\"wp-caption-text\">Des Suisses confiants : ils partent du principe que leurs comp\u00e9tences vont continuer \u00e0 se d\u00e9velopper.<\/figcaption><\/figure>\n<p>Les demandeurs d'emploi suisses \u00e2g\u00e9s de 30 \u00e0 50 ans constituent le groupe le plus important sur le march\u00e9 du travail. Chez eux, le pourcentage s'\u00e9l\u00e8ve \u00e0 75%. Il \u00e9tait donc plus \u00e9lev\u00e9 que dans les pays voisins, l'Allemagne (71%), la France (69%) et l'Italie (55%).<\/p>\n<p><strong>Les demandeurs d'emploi plus \u00e2g\u00e9s sont \u00e9galement confiants<\/strong><\/p>\n<p>Selon l'\u00e9tude, les demandeurs d'emploi suisses de plus de 50 ans sont \u00e9galement beaucoup plus confiants que dans les pays voisins. Plus de la moiti\u00e9 d'entre eux (58%) s'attendent \u00e0 d\u00e9velopper leurs comp\u00e9tences au cours des douze prochains mois. Les demandeurs d'emploi de plus de 50 ans de Suisse al\u00e9manique sont nettement plus confiants dans le d\u00e9veloppement futur de leurs comp\u00e9tences (63%) que leurs coll\u00e8gues de Suisse romande (56%).<\/p>\n<p><strong>D\u00e9veloppement continu tout au long de la vie<\/strong><\/p>\n<p>Selon Xavier Chauville, Executive Director chez Page Personnel, \"la transformation de l'\u00e9conomie suisse et la complexit\u00e9 croissante des diff\u00e9rents secteurs renforcent l'approche 'apprentissage tout au long de la vie', d\u00e9j\u00e0 encourag\u00e9e par le syst\u00e8me \u00e9ducatif en Suisse. C'est pourquoi nous recommandons vivement \u00e0 nos candidats de saisir toutes les opportunit\u00e9s de d\u00e9velopper leurs comp\u00e9tences et de profiter des offres de formation internes, m\u00eame dans leur travail quotidien\".<\/p>\n<p>L'indice de confiance PageGroup mesure la confiance des demandeurs d'emploi dans les pays d'Europe continentale suivants : Suisse, Allemagne, France, Italie, Autriche, Espagne, Portugal, Turquie, Pays-Bas, Su\u00e8de et Belgique. L'\u00e9tude mesure la confiance des demandeurs d'emploi \u00e0 trouver un nouvel emploi, l'hypoth\u00e8se sur la dur\u00e9e de la recherche d'emploi, les raisons d'un changement d'emploi ainsi que les attentes en mati\u00e8re de conditions de travail et d'environnement \u00e9conomique. L'\u00e9tude est men\u00e9e depuis juillet 2014 en Suisse et depuis janvier 2016 en Europe continentale. Sont recens\u00e9s en ligne les candidats qui ont postul\u00e9 \u00e0 un emploi publi\u00e9 sur le site Internet de Michael Page ou de Page Personnel. La base de donn\u00e9es pour l'Europe continentale est constitu\u00e9e des r\u00e9ponses trimestrielles d'au moins 13'000 candidats, dont 900 en Suisse. L'analyse de l'\u00e9tude est effectu\u00e9e chaque trimestre.<\/p>\n<p>Source : PageGroup<\/p>","protected":false},"excerpt":{"rendered":"<p>Fast drei\u00a0Viertel (72%) der Schweizer Stellensuchenden erwarten, ihre Kompetenzen im Laufe der kommenden zw\u00f6lf Monate weiterzuentwickeln. Dies ist der h\u00f6chste Stand seit Beginn des Index Ende 2014. In der Deutschschweiz ist die Zuversicht besonders hoch: Sie betrug 77% im Vergleich zu 71% in der Romandie. Dies zeigt der PageGroup Confidence Index, eine quartalsweise Studie, welche [&hellip;]<\/p>\n","protected":false},"author":1,"featured_media":16193,"comment_status":"open","ping_status":"open","sticky":false,"template":"","format":"standard","meta":{"_acf_changed":false,"pgc_sgb_lightbox_settings":"","footnotes":""},"categories":[3314],"tags":[1673,2729,64],"class_list":["post-1955","post","type-post","status-publish","format-standard","has-post-thumbnail","hentry","category-health-safety","tag-arbeitssuche","tag-psychische-gesundheit","tag-studie"],"acf":[],"hkrextid":null,"publication":null,"issue":null,"workflow":null,"startPage":null,"spitzmarke":null,"_posts_by_tag_page_fields":{"widget_title":"","widget_tags":""},"_at_widget":"1","_yoast_wpseo_primary_category":"3303","_yoast_wpseo_focuskw_text_input":"Arbeitssuchende","_yoast_wpseo_opengraph-image":null,"_yoast_wpseo_opengraph-description":null,"_yoast_wpseo_opengraph-title":null,"enclosure":null,"_yoast_wpseo_twitter-title":null,"_yoast_wpseo_twitter-description":null,"_yoast_wpseo_twitter-image":null,"_wp_old_slug":null,"_yoast_wpseo_title":null,"_yoast_wpseo_canonical":null,"yoast_head":"<!-- This site is optimized with the Yoast SEO plugin v27.5 - https:\/\/yoast.com\/product\/yoast-seo-wordpress\/ -->\n<title>Schweizer Arbeitssuchende sind \u00fcberaus anpassungsf\u00e4hig - Save<\/title>\n<meta name=\"description\" content=\"Lebenslanges Lernen als Maxime: Die meisten Stellensuchenden in der Schweiz wollen ihre Kompetenzen weiterentwickeln - mehr als in den Nachbarl\u00e4ndern.\" \/>\n<meta name=\"robots\" content=\"index, follow, max-snippet:-1, max-image-preview:large, max-video-preview:-1\" \/>\n<link rel=\"canonical\" href=\"https:\/\/news.save.ch\/fr\/schweizer-arbeitnehmer-sind-ueberaus-anpassungsfaehig\/\" \/>\n<meta property=\"og:locale\" content=\"fr_FR\" \/>\n<meta property=\"og:type\" content=\"article\" \/>\n<meta property=\"og:title\" content=\"Schweizer Arbeitssuchende sind \u00fcberaus anpassungsf\u00e4hig - Save\" \/>\n<meta property=\"og:description\" content=\"Lebenslanges Lernen als Maxime: Die meisten Stellensuchenden in der Schweiz wollen ihre Kompetenzen weiterentwickeln - mehr als in den Nachbarl\u00e4ndern.\" \/>\n<meta property=\"og:url\" content=\"https:\/\/news.save.ch\/fr\/schweizer-arbeitnehmer-sind-ueberaus-anpassungsfaehig\/\" \/>\n<meta property=\"og:site_name\" content=\"Save\" \/>\n<meta property=\"article:published_time\" content=\"2017-04-21T06:02:34+00:00\" \/>\n<meta property=\"article:modified_time\" content=\"2023-03-14T08:05:35+00:00\" \/>\n<meta property=\"og:image\" content=\"https:\/\/news.save.ch\/wp-content\/uploads\/2017\/04\/Depositphotos_26377175_l-2015-scaled-1.jpg\" \/>\n\t<meta property=\"og:image:width\" content=\"1200\" \/>\n\t<meta property=\"og:image:height\" content=\"800\" \/>\n\t<meta property=\"og:image:type\" content=\"image\/jpeg\" \/>\n<meta name=\"author\" content=\"admin\" \/>\n<meta name=\"twitter:card\" content=\"summary_large_image\" \/>\n<meta name=\"twitter:label1\" content=\"\u00c9crit par\" \/>\n\t<meta name=\"twitter:data1\" content=\"admin\" \/>\n\t<meta name=\"twitter:label2\" content=\"Dur\u00e9e de lecture estim\u00e9e\" \/>\n\t<meta name=\"twitter:data2\" content=\"2 minutes\" \/>\n<script type=\"application\/ld+json\" class=\"yoast-schema-graph\">{\"@context\":\"https:\\\/\\\/schema.org\",\"@graph\":[{\"@type\":\"Article\",\"@id\":\"https:\\\/\\\/news.save.ch\\\/schweizer-arbeitnehmer-sind-ueberaus-anpassungsfaehig\\\/#article\",\"isPartOf\":{\"@id\":\"https:\\\/\\\/news.save.ch\\\/schweizer-arbeitnehmer-sind-ueberaus-anpassungsfaehig\\\/\"},\"author\":{\"name\":\"admin\",\"@id\":\"https:\\\/\\\/news.save.ch\\\/de\\\/#\\\/schema\\\/person\\\/d49e199490bad7c70d64b9ab51142f2b\"},\"headline\":\"Schweizer Arbeitssuchende sind \u00fcberaus anpassungsf\u00e4hig\",\"datePublished\":\"2017-04-21T06:02:34+00:00\",\"dateModified\":\"2023-03-14T08:05:35+00:00\",\"mainEntityOfPage\":{\"@id\":\"https:\\\/\\\/news.save.ch\\\/schweizer-arbeitnehmer-sind-ueberaus-anpassungsfaehig\\\/\"},\"wordCount\":376,\"commentCount\":0,\"publisher\":{\"@id\":\"https:\\\/\\\/news.save.ch\\\/de\\\/#organization\"},\"image\":{\"@id\":\"https:\\\/\\\/news.save.ch\\\/schweizer-arbeitnehmer-sind-ueberaus-anpassungsfaehig\\\/#primaryimage\"},\"thumbnailUrl\":\"https:\\\/\\\/news.save.ch\\\/wp-content\\\/uploads\\\/2017\\\/04\\\/Depositphotos_26377175_l-2015-scaled-1.jpg\",\"keywords\":[\"Arbeitssuche\",\"Psychische Gesundheit\",\"Studie\"],\"articleSection\":[\"HEALTH &amp; SAFETY\"],\"inLanguage\":\"fr-FR\"},{\"@type\":\"WebPage\",\"@id\":\"https:\\\/\\\/news.save.ch\\\/schweizer-arbeitnehmer-sind-ueberaus-anpassungsfaehig\\\/\",\"url\":\"https:\\\/\\\/news.save.ch\\\/schweizer-arbeitnehmer-sind-ueberaus-anpassungsfaehig\\\/\",\"name\":\"Schweizer Arbeitssuchende sind \u00fcberaus anpassungsf\u00e4hig - Save\",\"isPartOf\":{\"@id\":\"https:\\\/\\\/news.save.ch\\\/de\\\/#website\"},\"primaryImageOfPage\":{\"@id\":\"https:\\\/\\\/news.save.ch\\\/schweizer-arbeitnehmer-sind-ueberaus-anpassungsfaehig\\\/#primaryimage\"},\"image\":{\"@id\":\"https:\\\/\\\/news.save.ch\\\/schweizer-arbeitnehmer-sind-ueberaus-anpassungsfaehig\\\/#primaryimage\"},\"thumbnailUrl\":\"https:\\\/\\\/news.save.ch\\\/wp-content\\\/uploads\\\/2017\\\/04\\\/Depositphotos_26377175_l-2015-scaled-1.jpg\",\"datePublished\":\"2017-04-21T06:02:34+00:00\",\"dateModified\":\"2023-03-14T08:05:35+00:00\",\"description\":\"Lebenslanges Lernen als Maxime: Die meisten Stellensuchenden in der Schweiz wollen ihre Kompetenzen weiterentwickeln - mehr als in den Nachbarl\u00e4ndern.\",\"breadcrumb\":{\"@id\":\"https:\\\/\\\/news.save.ch\\\/schweizer-arbeitnehmer-sind-ueberaus-anpassungsfaehig\\\/#breadcrumb\"},\"inLanguage\":\"fr-FR\",\"potentialAction\":[{\"@type\":\"ReadAction\",\"target\":[\"https:\\\/\\\/news.save.ch\\\/schweizer-arbeitnehmer-sind-ueberaus-anpassungsfaehig\\\/\"]}]},{\"@type\":\"ImageObject\",\"inLanguage\":\"fr-FR\",\"@id\":\"https:\\\/\\\/news.save.ch\\\/schweizer-arbeitnehmer-sind-ueberaus-anpassungsfaehig\\\/#primaryimage\",\"url\":\"https:\\\/\\\/news.save.ch\\\/wp-content\\\/uploads\\\/2017\\\/04\\\/Depositphotos_26377175_l-2015-scaled-1.jpg\",\"contentUrl\":\"https:\\\/\\\/news.save.ch\\\/wp-content\\\/uploads\\\/2017\\\/04\\\/Depositphotos_26377175_l-2015-scaled-1.jpg\",\"width\":1200,\"height\":800,\"caption\":\"Schweizer Stellensuchende sind optimistischer als ihre Nachbarn\"},{\"@type\":\"BreadcrumbList\",\"@id\":\"https:\\\/\\\/news.save.ch\\\/schweizer-arbeitnehmer-sind-ueberaus-anpassungsfaehig\\\/#breadcrumb\",\"itemListElement\":[{\"@type\":\"ListItem\",\"position\":1,\"name\":\"Home\",\"item\":\"https:\\\/\\\/news.save.ch\\\/de\\\/\"},{\"@type\":\"ListItem\",\"position\":2,\"name\":\"Schweizer Arbeitssuchende sind \u00fcberaus anpassungsf\u00e4hig\"}]},{\"@type\":\"WebSite\",\"@id\":\"https:\\\/\\\/news.save.ch\\\/de\\\/#website\",\"url\":\"https:\\\/\\\/news.save.ch\\\/de\\\/\",\"name\":\"Save\",\"description\":\"Schweizer Fachzeitschrift f\u00fcr Sicherheit\",\"publisher\":{\"@id\":\"https:\\\/\\\/news.save.ch\\\/de\\\/#organization\"},\"potentialAction\":[{\"@type\":\"SearchAction\",\"target\":{\"@type\":\"EntryPoint\",\"urlTemplate\":\"https:\\\/\\\/news.save.ch\\\/de\\\/?s={search_term_string}\"},\"query-input\":{\"@type\":\"PropertyValueSpecification\",\"valueRequired\":true,\"valueName\":\"search_term_string\"}}],\"inLanguage\":\"fr-FR\"},{\"@type\":\"Organization\",\"@id\":\"https:\\\/\\\/news.save.ch\\\/de\\\/#organization\",\"name\":\"Sicherheitsforum\",\"url\":\"https:\\\/\\\/news.save.ch\\\/de\\\/\",\"logo\":{\"@type\":\"ImageObject\",\"inLanguage\":\"fr-FR\",\"@id\":\"https:\\\/\\\/news.save.ch\\\/de\\\/#\\\/schema\\\/logo\\\/image\\\/\",\"url\":\"https:\\\/\\\/news.save.ch\\\/wp-content\\\/uploads\\\/2022\\\/06\\\/Logo_SF_2012.png\",\"contentUrl\":\"https:\\\/\\\/news.save.ch\\\/wp-content\\\/uploads\\\/2022\\\/06\\\/Logo_SF_2012.png\",\"width\":1100,\"height\":91,\"caption\":\"Sicherheitsforum\"},\"image\":{\"@id\":\"https:\\\/\\\/news.save.ch\\\/de\\\/#\\\/schema\\\/logo\\\/image\\\/\"}},{\"@type\":\"Person\",\"@id\":\"https:\\\/\\\/news.save.ch\\\/de\\\/#\\\/schema\\\/person\\\/d49e199490bad7c70d64b9ab51142f2b\",\"name\":\"admin\",\"image\":{\"@type\":\"ImageObject\",\"inLanguage\":\"fr-FR\",\"@id\":\"https:\\\/\\\/secure.gravatar.com\\\/avatar\\\/ae2f4d718e6c49043e314ce431e7e645d646302a24a5ef5a8bc8e3f5a032e319?s=96&d=mm&r=g\",\"url\":\"https:\\\/\\\/secure.gravatar.com\\\/avatar\\\/ae2f4d718e6c49043e314ce431e7e645d646302a24a5ef5a8bc8e3f5a032e319?s=96&d=mm&r=g\",\"contentUrl\":\"https:\\\/\\\/secure.gravatar.com\\\/avatar\\\/ae2f4d718e6c49043e314ce431e7e645d646302a24a5ef5a8bc8e3f5a032e319?s=96&d=mm&r=g\",\"caption\":\"admin\"},\"sameAs\":[\"https:\\\/\\\/develop.organisator.galledia.ch\"],\"url\":\"https:\\\/\\\/news.save.ch\\\/fr\\\/author\\\/admin\\\/\"}]}<\/script>\n<!-- \/ Yoast SEO plugin. -->","yoast_head_json":{"title":"Les demandeurs d'emploi suisses sont tr\u00e8s adaptables - Save","description":"L'apprentissage tout au long de la vie comme maxime : la plupart des demandeurs d'emploi en Suisse veulent d\u00e9velopper leurs comp\u00e9tences - plus que dans les pays voisins.","robots":{"index":"index","follow":"follow","max-snippet":"max-snippet:-1","max-image-preview":"max-image-preview:large","max-video-preview":"max-video-preview:-1"},"canonical":"https:\/\/news.save.ch\/fr\/schweizer-arbeitnehmer-sind-ueberaus-anpassungsfaehig\/","og_locale":"fr_FR","og_type":"article","og_title":"Schweizer Arbeitssuchende sind \u00fcberaus anpassungsf\u00e4hig - Save","og_description":"Lebenslanges Lernen als Maxime: Die meisten Stellensuchenden in der Schweiz wollen ihre Kompetenzen weiterentwickeln - mehr als in den Nachbarl\u00e4ndern.","og_url":"https:\/\/news.save.ch\/fr\/schweizer-arbeitnehmer-sind-ueberaus-anpassungsfaehig\/","og_site_name":"Save","article_published_time":"2017-04-21T06:02:34+00:00","article_modified_time":"2023-03-14T08:05:35+00:00","og_image":[{"width":1200,"height":800,"url":"https:\/\/news.save.ch\/wp-content\/uploads\/2017\/04\/Depositphotos_26377175_l-2015-scaled-1.jpg","type":"image\/jpeg"}],"author":"admin","twitter_card":"summary_large_image","twitter_misc":{"\u00c9crit par":"admin","Dur\u00e9e de lecture estim\u00e9e":"2 minutes"},"schema":{"@context":"https:\/\/schema.org","@graph":[{"@type":"Article","@id":"https:\/\/news.save.ch\/schweizer-arbeitnehmer-sind-ueberaus-anpassungsfaehig\/#article","isPartOf":{"@id":"https:\/\/news.save.ch\/schweizer-arbeitnehmer-sind-ueberaus-anpassungsfaehig\/"},"author":{"name":"admin","@id":"https:\/\/news.save.ch\/de\/#\/schema\/person\/d49e199490bad7c70d64b9ab51142f2b"},"headline":"Schweizer Arbeitssuchende sind \u00fcberaus anpassungsf\u00e4hig","datePublished":"2017-04-21T06:02:34+00:00","dateModified":"2023-03-14T08:05:35+00:00","mainEntityOfPage":{"@id":"https:\/\/news.save.ch\/schweizer-arbeitnehmer-sind-ueberaus-anpassungsfaehig\/"},"wordCount":376,"commentCount":0,"publisher":{"@id":"https:\/\/news.save.ch\/de\/#organization"},"image":{"@id":"https:\/\/news.save.ch\/schweizer-arbeitnehmer-sind-ueberaus-anpassungsfaehig\/#primaryimage"},"thumbnailUrl":"https:\/\/news.save.ch\/wp-content\/uploads\/2017\/04\/Depositphotos_26377175_l-2015-scaled-1.jpg","keywords":["Arbeitssuche","Psychische Gesundheit","Studie"],"articleSection":["HEALTH &amp; SAFETY"],"inLanguage":"fr-FR"},{"@type":"WebPage","@id":"https:\/\/news.save.ch\/schweizer-arbeitnehmer-sind-ueberaus-anpassungsfaehig\/","url":"https:\/\/news.save.ch\/schweizer-arbeitnehmer-sind-ueberaus-anpassungsfaehig\/","name":"Les demandeurs d'emploi suisses sont tr\u00e8s adaptables - Save","isPartOf":{"@id":"https:\/\/news.save.ch\/de\/#website"},"primaryImageOfPage":{"@id":"https:\/\/news.save.ch\/schweizer-arbeitnehmer-sind-ueberaus-anpassungsfaehig\/#primaryimage"},"image":{"@id":"https:\/\/news.save.ch\/schweizer-arbeitnehmer-sind-ueberaus-anpassungsfaehig\/#primaryimage"},"thumbnailUrl":"https:\/\/news.save.ch\/wp-content\/uploads\/2017\/04\/Depositphotos_26377175_l-2015-scaled-1.jpg","datePublished":"2017-04-21T06:02:34+00:00","dateModified":"2023-03-14T08:05:35+00:00","description":"L'apprentissage tout au long de la vie comme maxime : la plupart des demandeurs d'emploi en Suisse veulent d\u00e9velopper leurs comp\u00e9tences - plus que dans les pays voisins.","breadcrumb":{"@id":"https:\/\/news.save.ch\/schweizer-arbeitnehmer-sind-ueberaus-anpassungsfaehig\/#breadcrumb"},"inLanguage":"fr-FR","potentialAction":[{"@type":"ReadAction","target":["https:\/\/news.save.ch\/schweizer-arbeitnehmer-sind-ueberaus-anpassungsfaehig\/"]}]},{"@type":"ImageObject","inLanguage":"fr-FR","@id":"https:\/\/news.save.ch\/schweizer-arbeitnehmer-sind-ueberaus-anpassungsfaehig\/#primaryimage","url":"https:\/\/news.save.ch\/wp-content\/uploads\/2017\/04\/Depositphotos_26377175_l-2015-scaled-1.jpg","contentUrl":"https:\/\/news.save.ch\/wp-content\/uploads\/2017\/04\/Depositphotos_26377175_l-2015-scaled-1.jpg","width":1200,"height":800,"caption":"Schweizer Stellensuchende sind optimistischer als ihre Nachbarn"},{"@type":"BreadcrumbList","@id":"https:\/\/news.save.ch\/schweizer-arbeitnehmer-sind-ueberaus-anpassungsfaehig\/#breadcrumb","itemListElement":[{"@type":"ListItem","position":1,"name":"Home","item":"https:\/\/news.save.ch\/de\/"},{"@type":"ListItem","position":2,"name":"Schweizer Arbeitssuchende sind \u00fcberaus anpassungsf\u00e4hig"}]},{"@type":"WebSite","@id":"https:\/\/news.save.ch\/de\/#website","url":"https:\/\/news.save.ch\/de\/","name":"Save","description":"Revue suisse sp\u00e9cialis\u00e9e dans la s\u00e9curit\u00e9","publisher":{"@id":"https:\/\/news.save.ch\/de\/#organization"},"potentialAction":[{"@type":"SearchAction","target":{"@type":"EntryPoint","urlTemplate":"https:\/\/news.save.ch\/de\/?s={search_term_string}"},"query-input":{"@type":"PropertyValueSpecification","valueRequired":true,"valueName":"search_term_string"}}],"inLanguage":"fr-FR"},{"@type":"Organization","@id":"https:\/\/news.save.ch\/de\/#organization","name":"Forum sur la s\u00e9curit\u00e9","url":"https:\/\/news.save.ch\/de\/","logo":{"@type":"ImageObject","inLanguage":"fr-FR","@id":"https:\/\/news.save.ch\/de\/#\/schema\/logo\/image\/","url":"https:\/\/news.save.ch\/wp-content\/uploads\/2022\/06\/Logo_SF_2012.png","contentUrl":"https:\/\/news.save.ch\/wp-content\/uploads\/2022\/06\/Logo_SF_2012.png","width":1100,"height":91,"caption":"Sicherheitsforum"},"image":{"@id":"https:\/\/news.save.ch\/de\/#\/schema\/logo\/image\/"}},{"@type":"Person","@id":"https:\/\/news.save.ch\/de\/#\/schema\/person\/d49e199490bad7c70d64b9ab51142f2b","name":"admin","image":{"@type":"ImageObject","inLanguage":"fr-FR","@id":"https:\/\/secure.gravatar.com\/avatar\/ae2f4d718e6c49043e314ce431e7e645d646302a24a5ef5a8bc8e3f5a032e319?s=96&d=mm&r=g","url":"https:\/\/secure.gravatar.com\/avatar\/ae2f4d718e6c49043e314ce431e7e645d646302a24a5ef5a8bc8e3f5a032e319?s=96&d=mm&r=g","contentUrl":"https:\/\/secure.gravatar.com\/avatar\/ae2f4d718e6c49043e314ce431e7e645d646302a24a5ef5a8bc8e3f5a032e319?s=96&d=mm&r=g","caption":"admin"},"sameAs":["https:\/\/develop.organisator.galledia.ch"],"url":"https:\/\/news.save.ch\/fr\/author\/admin\/"}]}},"_links":{"self":[{"href":"https:\/\/news.save.ch\/fr\/wp-json\/wp\/v2\/posts\/1955","targetHints":{"allow":["GET"]}}],"collection":[{"href":"https:\/\/news.save.ch\/fr\/wp-json\/wp\/v2\/posts"}],"about":[{"href":"https:\/\/news.save.ch\/fr\/wp-json\/wp\/v2\/types\/post"}],"author":[{"embeddable":true,"href":"https:\/\/news.save.ch\/fr\/wp-json\/wp\/v2\/users\/1"}],"replies":[{"embeddable":true,"href":"https:\/\/news.save.ch\/fr\/wp-json\/wp\/v2\/comments?post=1955"}],"version-history":[{"count":1,"href":"https:\/\/news.save.ch\/fr\/wp-json\/wp\/v2\/posts\/1955\/revisions"}],"predecessor-version":[{"id":19015,"href":"https:\/\/news.save.ch\/fr\/wp-json\/wp\/v2\/posts\/1955\/revisions\/19015"}],"wp:featuredmedia":[{"embeddable":true,"href":"https:\/\/news.save.ch\/fr\/wp-json\/wp\/v2\/media\/16193"}],"wp:attachment":[{"href":"https:\/\/news.save.ch\/fr\/wp-json\/wp\/v2\/media?parent=1955"}],"wp:term":[{"taxonomy":"category","embeddable":true,"href":"https:\/\/news.save.ch\/fr\/wp-json\/wp\/v2\/categories?post=1955"},{"taxonomy":"post_tag","embeddable":true,"href":"https:\/\/news.save.ch\/fr\/wp-json\/wp\/v2\/tags?post=1955"}],"curies":[{"name":"wp","href":"https:\/\/api.w.org\/{rel}","templated":true}]}}