{"id":1988,"date":"2015-10-23T15:39:57","date_gmt":"2015-10-23T13:39:57","guid":{"rendered":"https:\/\/dev.sicherheitsforum.ch\/?p=1988"},"modified":"2015-10-23T15:39:57","modified_gmt":"2015-10-23T13:39:57","slug":"sicherheitsmesse-in-wenigen-tagen-geht-es-los","status":null,"type":"post","link":"https:\/\/news.save.ch\/fr\/sicherheitsmesse-in-wenigen-tagen-geht-es-los\/","title":{"rendered":"Le salon de la s\u00e9curit\u00e9 : Le coup d'envoi sera donn\u00e9 dans quelques jours"},"content":{"rendered":"<figure id=\"attachment_1989\" aria-describedby=\"caption-attachment-1989\" style=\"width: 680px\" class=\"wp-caption alignnone\"><img loading=\"lazy\" decoding=\"async\" class=\"wp-image-1989 size-medium\" src=\"https:\/\/news.save.ch\/wp-content\/uploads\/2016\/12\/Sicherheitsmesse-In-wenigen-Tagen-geht-es-los-sicherheitsforum.jpg\" width=\"680\" height=\"452\" \/><figcaption id=\"caption-attachment-1989\" class=\"wp-caption-text\">Photo : T. Entzeroth<\/figcaption><\/figure>\n<p>Le salon professionnel pour \"<a title=\"vers le salon professionnel de la s\u00e9curit\u00e9\" href=\"https:\/\/www.sicherheit-messe.ch\" target=\"_blank\" data-cke-saved-href=\"https:\/\/www.sicherheit-messe.ch\" rel=\"noopener\">Feu, s\u00e9curit\u00e9 et s\u00fbret\u00e9<\/a>\", qui a lieu tous les deux ans, f\u00eate cette ann\u00e9e son 20e anniversaire.<\/p>\n<p>\"Le secteur de la s\u00e9curit\u00e9 doit \u00eatre capable de r\u00e9agir de plus en plus rapidement aux progr\u00e8s technologiques et \u00e0 l'\u00e9volution des conditions sociales\", explique Heinz Salzgeber, directeur du salon. \"Les d\u00e9fis deviennent de plus en plus complexes, le besoin d'information augmente et le secteur devient plus dynamique. C'est pourquoi nous avons toujours veill\u00e9 \u00e0 entretenir ce qui existe d\u00e9j\u00e0 tout en y int\u00e9grant de nouveaux \u00e9l\u00e9ments et des th\u00e8mes orient\u00e9s vers l'avenir\".<\/p>\n<p>Diff\u00e9rentes associations et organisations soutiennent et reconnaissent le concours organis\u00e9 parall\u00e8lement \u00e0 l'exposition. <a title=\"vers le programme du congr\u00e8s professionnel\" href=\"https:\/\/www.save.ch\/events\/sicherheits-fachkongress-2015\/\" target=\"_blank\" data-cke-saved-href=\"https:\/\/www.save.ch\/events\/sicherheits-fachkongress-2015\/\" rel=\"noopener\">Congr\u00e8s professionnel<\/a> comme unit\u00e9 de formation continue. Outre le salon professionnel, l'exposition sp\u00e9ciale b\u00e9n\u00e9ficie \u00e9galement du soutien d'importantes associations professionnelles et de leaders de la branche.<\/p>\n<p><strong>Exposition sp\u00e9ciale : plateforme id\u00e9ale pour l'\u00e9change de risques<\/strong><\/p>\n<p>La gestion des risques naturels devient de plus en plus importante. C'est pourquoi, comme lors de la derni\u00e8re foire, le th\u00e8me de la \"gestion des risques des <a href=\"https:\/\/www.naturgefahr.ch\" target=\"_blank\" data-cke-saved-href=\"https:\/\/www.naturgefahr.ch\" rel=\"noopener\">Dangers naturels<\/a>\"L'\u00e9v\u00e9nement est organis\u00e9 par la soci\u00e9t\u00e9 Egli Engineering AG.<\/p>\n<p>L'exposition sp\u00e9ciale offre une plate-forme id\u00e9ale pour l'\u00e9change entre les experts en dangers et les responsables de la s\u00e9curit\u00e9. Des intervenants de haut niveau mettront en lumi\u00e8re aussi bien les dangers et les risques que la pr\u00e9vention et l'intervention. Des th\u00e8mes d'actualit\u00e9 tels que la gestion des inondations en fonction des risques, l'adaptation au changement climatique ou encore la protection contre les dangers naturels seront pr\u00e9sent\u00e9s avec des exemples de cas pratiques. En outre, des fonctionnaires de tous les niveaux feront part, dans le cadre d'une table ronde, des connaissances et des enseignements tir\u00e9s des intemp\u00e9ries de l'Emmental en 2014. La pr\u00e9sence d'experts en dangers naturels promet un transfert de connaissances issues de la pratique et permet un \u00e9change de haut niveau. Les responsables de la s\u00e9curit\u00e9 des entreprises, en particulier, trouveront dans ce forum une entr\u00e9e en mati\u00e8re id\u00e9ale pour s'entretenir avec des partenaires issus des autorit\u00e9s, de la recherche et de la pratique, aussi bien pour le contr\u00f4le du site que concernant les mesures possibles pour limiter les risques. Les deux associations AEAI (Association des \u00e9tablissements cantonaux d'assurance incendie) et SIA (Soci\u00e9t\u00e9 suisse des ing\u00e9nieurs et des architectes) soutiennent le forum et les th\u00e8mes principaux \"Protection des b\u00e2timents contre les dangers naturels\".<\/p>\n<p>Autour du forum sur les dangers naturels dans le hall 6, les prestataires de services et les fabricants de produits sont repr\u00e9sent\u00e9s dans la zone d'exposition. Il est donc possible de trouver des solutions \u00e0 tous les th\u00e8mes trait\u00e9s. La participation aux conf\u00e9rences du forum est gratuite pour les visiteurs du salon.<\/p>\n<p><a href=\"https:\/\/www.sicherheit-messe.ch\/htm\/besucher.hallenplaene.htm\" target=\"_blank\" data-cke-saved-href=\"https:\/\/www.sicherheit-messe.ch\/htm\/besucher.hallenplaene.htm\" rel=\"noopener\">Ici<\/a> les plans d\u00e9taill\u00e9s des halls avec les exposants sont disponibles.<\/p>\n<p><a title=\"Arriv\u00e9e\" href=\"https:\/\/www.sicherheit-messe.ch\/htm\/besucher_anreise.htm\" target=\"_blank\" data-cke-saved-href=\"https:\/\/www.sicherheit-messe.ch\/htm\/besucher_anreise.htm\" rel=\"noopener\">Ici<\/a> je trouve le chemin de la messe.<\/p>","protected":false},"excerpt":{"rendered":"<p>Die Fachmesse f\u00fcr \u00abFire, Safety &amp; Security\u00bb, die alle zwei Jahre durchgef\u00fchrt wird,\u00a0feiert\u00a0in diesem Jahr ihr 20-Jahr-Jubil\u00e4um. \u201eDie Sicherheitsbranche muss immer schneller auf technologische Fortschritte und ver\u00e4nderte gesellschaftliche Rahmenbedingungen reagieren k\u00f6nnen\u201c, sagt Messeleiter Heinz Salzgeber. \u201eDie Herausforderungen werden komplexer, das Informationsbed\u00fcrfnis w\u00e4chst und die Branche wird dynamischer. Deshalb haben wir stets darauf geachtet, sowohl Bestehendes [&hellip;]<\/p>\n","protected":false},"author":1,"featured_media":1989,"comment_status":"open","ping_status":"open","sticky":false,"template":"","format":"standard","meta":{"_acf_changed":false,"pgc_sgb_lightbox_settings":"","footnotes":""},"categories":[1],"tags":[109,198,65],"class_list":["post-1988","post","type-post","status-publish","format-standard","has-post-thumbnail","hentry","category-allgemein","tag-aus-und-weiterbildung","tag-maerkte","tag-unternehmen"],"acf":[],"hkrextid":null,"publication":null,"issue":null,"workflow":null,"startPage":null,"spitzmarke":null,"_posts_by_tag_page_fields":{"widget_title":"","widget_tags":""},"_at_widget":"1","_yoast_wpseo_primary_category":"1","_yoast_wpseo_focuskw_text_input":"Sicherheitsmesse","_yoast_wpseo_opengraph-image":"https:\/\/news.save.ch\/wp-content\/uploads\/2016\/12\/Sicherheitsmesse-In-wenigen-Tagen-geht-es-los-sicherheitsforum.jpg","_yoast_wpseo_opengraph-description":"Sie ist der gr\u00f6sste nationale Treffpunkt der Branche: die SICHERHEIT 2015 in der Messe Z\u00fcrich. Der Anlass findet vom 10. bis 13. November in Z\u00fcrich-Oerlikon statt und bietet zusammen mit dem Kongress ein umfassendes Bild der Sicherheitsbranche.","_yoast_wpseo_opengraph-title":"Sicherheitsmesse: In wenigen Tagen geht es los","enclosure":null,"_yoast_wpseo_twitter-title":null,"_yoast_wpseo_twitter-description":null,"_yoast_wpseo_twitter-image":null,"_wp_old_slug":null,"_yoast_wpseo_title":null,"_yoast_wpseo_canonical":null,"yoast_head":"<!-- This site is optimized with the Yoast SEO plugin v27.4 - https:\/\/yoast.com\/product\/yoast-seo-wordpress\/ -->\n<title>Sicherheitsmesse: In wenigen Tagen geht es los - Save<\/title>\n<meta name=\"description\" content=\"Sie ist der gr\u00f6sste nationale Treffpunkt der Branche: die SICHERHEIT 2015 in der Messe Z\u00fcrich. Sie findet vom 10. bis 13. November in Z\u00fcrich-Oerlikon statt.\" \/>\n<meta name=\"robots\" content=\"index, follow, max-snippet:-1, max-image-preview:large, max-video-preview:-1\" \/>\n<link rel=\"canonical\" href=\"https:\/\/news.save.ch\/fr\/sicherheitsmesse-in-wenigen-tagen-geht-es-los\/\" \/>\n<meta property=\"og:locale\" content=\"fr_FR\" \/>\n<meta property=\"og:type\" content=\"article\" \/>\n<meta property=\"og:title\" content=\"Sicherheitsmesse: In wenigen Tagen geht es los\" \/>\n<meta property=\"og:description\" content=\"Sie ist der gr\u00f6sste nationale Treffpunkt der Branche: die SICHERHEIT 2015 in der Messe Z\u00fcrich. Der Anlass findet vom 10. bis 13. November in Z\u00fcrich-Oerlikon statt und bietet zusammen mit dem Kongress ein umfassendes Bild der Sicherheitsbranche.\" \/>\n<meta property=\"og:url\" content=\"https:\/\/news.save.ch\/fr\/sicherheitsmesse-in-wenigen-tagen-geht-es-los\/\" \/>\n<meta property=\"og:site_name\" content=\"Save\" \/>\n<meta property=\"article:published_time\" content=\"2015-10-23T13:39:57+00:00\" \/>\n<meta property=\"og:image\" content=\"https:\/\/news.save.ch\/wp-content\/uploads\/2016\/12\/Sicherheitsmesse-In-wenigen-Tagen-geht-es-los-sicherheitsforum.jpg\" \/>\n<meta name=\"author\" content=\"admin\" \/>\n<meta name=\"twitter:card\" content=\"summary_large_image\" \/>\n<meta name=\"twitter:label1\" content=\"\u00c9crit par\" \/>\n\t<meta name=\"twitter:data1\" content=\"admin\" \/>\n\t<meta name=\"twitter:label2\" content=\"Dur\u00e9e de lecture estim\u00e9e\" \/>\n\t<meta name=\"twitter:data2\" content=\"2 minutes\" \/>\n<script type=\"application\/ld+json\" class=\"yoast-schema-graph\">{\"@context\":\"https:\\\/\\\/schema.org\",\"@graph\":[{\"@type\":\"Article\",\"@id\":\"https:\\\/\\\/news.save.ch\\\/sicherheitsmesse-in-wenigen-tagen-geht-es-los\\\/#article\",\"isPartOf\":{\"@id\":\"https:\\\/\\\/news.save.ch\\\/sicherheitsmesse-in-wenigen-tagen-geht-es-los\\\/\"},\"author\":{\"name\":\"admin\",\"@id\":\"https:\\\/\\\/news.save.ch\\\/de\\\/#\\\/schema\\\/person\\\/d49e199490bad7c70d64b9ab51142f2b\"},\"headline\":\"Sicherheitsmesse: In wenigen Tagen geht es los\",\"datePublished\":\"2015-10-23T13:39:57+00:00\",\"mainEntityOfPage\":{\"@id\":\"https:\\\/\\\/news.save.ch\\\/sicherheitsmesse-in-wenigen-tagen-geht-es-los\\\/\"},\"wordCount\":379,\"commentCount\":0,\"publisher\":{\"@id\":\"https:\\\/\\\/news.save.ch\\\/de\\\/#organization\"},\"image\":{\"@id\":\"https:\\\/\\\/news.save.ch\\\/sicherheitsmesse-in-wenigen-tagen-geht-es-los\\\/#primaryimage\"},\"thumbnailUrl\":\"https:\\\/\\\/news.save.ch\\\/wp-content\\\/uploads\\\/2016\\\/12\\\/Sicherheitsmesse-In-wenigen-Tagen-geht-es-los-sicherheitsforum-scaled.jpg\",\"keywords\":[\"Aus- und Weiterbildung\",\"M\u00e4rkte\",\"Unternehmen\"],\"articleSection\":[\"ALLGEMEIN\"],\"inLanguage\":\"fr-FR\"},{\"@type\":\"WebPage\",\"@id\":\"https:\\\/\\\/news.save.ch\\\/sicherheitsmesse-in-wenigen-tagen-geht-es-los\\\/\",\"url\":\"https:\\\/\\\/news.save.ch\\\/sicherheitsmesse-in-wenigen-tagen-geht-es-los\\\/\",\"name\":\"Sicherheitsmesse: In wenigen Tagen geht es los - Save\",\"isPartOf\":{\"@id\":\"https:\\\/\\\/news.save.ch\\\/de\\\/#website\"},\"primaryImageOfPage\":{\"@id\":\"https:\\\/\\\/news.save.ch\\\/sicherheitsmesse-in-wenigen-tagen-geht-es-los\\\/#primaryimage\"},\"image\":{\"@id\":\"https:\\\/\\\/news.save.ch\\\/sicherheitsmesse-in-wenigen-tagen-geht-es-los\\\/#primaryimage\"},\"thumbnailUrl\":\"https:\\\/\\\/news.save.ch\\\/wp-content\\\/uploads\\\/2016\\\/12\\\/Sicherheitsmesse-In-wenigen-Tagen-geht-es-los-sicherheitsforum-scaled.jpg\",\"datePublished\":\"2015-10-23T13:39:57+00:00\",\"description\":\"Sie ist der gr\u00f6sste nationale Treffpunkt der Branche: die SICHERHEIT 2015 in der Messe Z\u00fcrich. Sie findet vom 10. bis 13. November in Z\u00fcrich-Oerlikon statt.\",\"breadcrumb\":{\"@id\":\"https:\\\/\\\/news.save.ch\\\/sicherheitsmesse-in-wenigen-tagen-geht-es-los\\\/#breadcrumb\"},\"inLanguage\":\"fr-FR\",\"potentialAction\":[{\"@type\":\"ReadAction\",\"target\":[\"https:\\\/\\\/news.save.ch\\\/sicherheitsmesse-in-wenigen-tagen-geht-es-los\\\/\"]}]},{\"@type\":\"ImageObject\",\"inLanguage\":\"fr-FR\",\"@id\":\"https:\\\/\\\/news.save.ch\\\/sicherheitsmesse-in-wenigen-tagen-geht-es-los\\\/#primaryimage\",\"url\":\"https:\\\/\\\/news.save.ch\\\/wp-content\\\/uploads\\\/2016\\\/12\\\/Sicherheitsmesse-In-wenigen-Tagen-geht-es-los-sicherheitsforum-scaled.jpg\",\"contentUrl\":\"https:\\\/\\\/news.save.ch\\\/wp-content\\\/uploads\\\/2016\\\/12\\\/Sicherheitsmesse-In-wenigen-Tagen-geht-es-los-sicherheitsforum-scaled.jpg\",\"width\":1400,\"height\":931,\"caption\":\"Foto: T. Entzeroth\"},{\"@type\":\"BreadcrumbList\",\"@id\":\"https:\\\/\\\/news.save.ch\\\/sicherheitsmesse-in-wenigen-tagen-geht-es-los\\\/#breadcrumb\",\"itemListElement\":[{\"@type\":\"ListItem\",\"position\":1,\"name\":\"Home\",\"item\":\"https:\\\/\\\/news.save.ch\\\/de\\\/\"},{\"@type\":\"ListItem\",\"position\":2,\"name\":\"Sicherheitsmesse: In wenigen Tagen geht es los\"}]},{\"@type\":\"WebSite\",\"@id\":\"https:\\\/\\\/news.save.ch\\\/de\\\/#website\",\"url\":\"https:\\\/\\\/news.save.ch\\\/de\\\/\",\"name\":\"Save\",\"description\":\"Schweizer Fachzeitschrift f\u00fcr Sicherheit\",\"publisher\":{\"@id\":\"https:\\\/\\\/news.save.ch\\\/de\\\/#organization\"},\"potentialAction\":[{\"@type\":\"SearchAction\",\"target\":{\"@type\":\"EntryPoint\",\"urlTemplate\":\"https:\\\/\\\/news.save.ch\\\/de\\\/?s={search_term_string}\"},\"query-input\":{\"@type\":\"PropertyValueSpecification\",\"valueRequired\":true,\"valueName\":\"search_term_string\"}}],\"inLanguage\":\"fr-FR\"},{\"@type\":\"Organization\",\"@id\":\"https:\\\/\\\/news.save.ch\\\/de\\\/#organization\",\"name\":\"Sicherheitsforum\",\"url\":\"https:\\\/\\\/news.save.ch\\\/de\\\/\",\"logo\":{\"@type\":\"ImageObject\",\"inLanguage\":\"fr-FR\",\"@id\":\"https:\\\/\\\/news.save.ch\\\/de\\\/#\\\/schema\\\/logo\\\/image\\\/\",\"url\":\"https:\\\/\\\/news.save.ch\\\/wp-content\\\/uploads\\\/2022\\\/06\\\/Logo_SF_2012.png\",\"contentUrl\":\"https:\\\/\\\/news.save.ch\\\/wp-content\\\/uploads\\\/2022\\\/06\\\/Logo_SF_2012.png\",\"width\":1100,\"height\":91,\"caption\":\"Sicherheitsforum\"},\"image\":{\"@id\":\"https:\\\/\\\/news.save.ch\\\/de\\\/#\\\/schema\\\/logo\\\/image\\\/\"}},{\"@type\":\"Person\",\"@id\":\"https:\\\/\\\/news.save.ch\\\/de\\\/#\\\/schema\\\/person\\\/d49e199490bad7c70d64b9ab51142f2b\",\"name\":\"admin\",\"image\":{\"@type\":\"ImageObject\",\"inLanguage\":\"fr-FR\",\"@id\":\"https:\\\/\\\/secure.gravatar.com\\\/avatar\\\/ae2f4d718e6c49043e314ce431e7e645d646302a24a5ef5a8bc8e3f5a032e319?s=96&d=mm&r=g\",\"url\":\"https:\\\/\\\/secure.gravatar.com\\\/avatar\\\/ae2f4d718e6c49043e314ce431e7e645d646302a24a5ef5a8bc8e3f5a032e319?s=96&d=mm&r=g\",\"contentUrl\":\"https:\\\/\\\/secure.gravatar.com\\\/avatar\\\/ae2f4d718e6c49043e314ce431e7e645d646302a24a5ef5a8bc8e3f5a032e319?s=96&d=mm&r=g\",\"caption\":\"admin\"},\"sameAs\":[\"https:\\\/\\\/develop.organisator.galledia.ch\"],\"url\":\"https:\\\/\\\/news.save.ch\\\/fr\\\/author\\\/admin\\\/\"}]}<\/script>\n<!-- \/ Yoast SEO plugin. -->","yoast_head_json":{"title":"Le salon de la s\u00e9curit\u00e9 : Le coup d'envoi sera donn\u00e9 dans quelques jours - Save","description":"C'est le plus grand rendez-vous national de la branche : le salon SICHERHEIT 2015 \u00e0 la Foire de Zurich. Il aura lieu du 10 au 13 novembre \u00e0 Zurich-Oerlikon.","robots":{"index":"index","follow":"follow","max-snippet":"max-snippet:-1","max-image-preview":"max-image-preview:large","max-video-preview":"max-video-preview:-1"},"canonical":"https:\/\/news.save.ch\/fr\/sicherheitsmesse-in-wenigen-tagen-geht-es-los\/","og_locale":"fr_FR","og_type":"article","og_title":"Sicherheitsmesse: In wenigen Tagen geht es los","og_description":"Sie ist der gr\u00f6sste nationale Treffpunkt der Branche: die SICHERHEIT 2015 in der Messe Z\u00fcrich. Der Anlass findet vom 10. bis 13. November in Z\u00fcrich-Oerlikon statt und bietet zusammen mit dem Kongress ein umfassendes Bild der Sicherheitsbranche.","og_url":"https:\/\/news.save.ch\/fr\/sicherheitsmesse-in-wenigen-tagen-geht-es-los\/","og_site_name":"Save","article_published_time":"2015-10-23T13:39:57+00:00","og_image":[{"url":"https:\/\/news.save.ch\/wp-content\/uploads\/2016\/12\/Sicherheitsmesse-In-wenigen-Tagen-geht-es-los-sicherheitsforum.jpg","type":"","width":"","height":""}],"author":"admin","twitter_card":"summary_large_image","twitter_misc":{"\u00c9crit par":"admin","Dur\u00e9e de lecture estim\u00e9e":"2 minutes"},"schema":{"@context":"https:\/\/schema.org","@graph":[{"@type":"Article","@id":"https:\/\/news.save.ch\/sicherheitsmesse-in-wenigen-tagen-geht-es-los\/#article","isPartOf":{"@id":"https:\/\/news.save.ch\/sicherheitsmesse-in-wenigen-tagen-geht-es-los\/"},"author":{"name":"admin","@id":"https:\/\/news.save.ch\/de\/#\/schema\/person\/d49e199490bad7c70d64b9ab51142f2b"},"headline":"Sicherheitsmesse: In wenigen Tagen geht es los","datePublished":"2015-10-23T13:39:57+00:00","mainEntityOfPage":{"@id":"https:\/\/news.save.ch\/sicherheitsmesse-in-wenigen-tagen-geht-es-los\/"},"wordCount":379,"commentCount":0,"publisher":{"@id":"https:\/\/news.save.ch\/de\/#organization"},"image":{"@id":"https:\/\/news.save.ch\/sicherheitsmesse-in-wenigen-tagen-geht-es-los\/#primaryimage"},"thumbnailUrl":"https:\/\/news.save.ch\/wp-content\/uploads\/2016\/12\/Sicherheitsmesse-In-wenigen-Tagen-geht-es-los-sicherheitsforum-scaled.jpg","keywords":["Aus- und Weiterbildung","M\u00e4rkte","Unternehmen"],"articleSection":["ALLGEMEIN"],"inLanguage":"fr-FR"},{"@type":"WebPage","@id":"https:\/\/news.save.ch\/sicherheitsmesse-in-wenigen-tagen-geht-es-los\/","url":"https:\/\/news.save.ch\/sicherheitsmesse-in-wenigen-tagen-geht-es-los\/","name":"Le salon de la s\u00e9curit\u00e9 : Le coup d'envoi sera donn\u00e9 dans quelques jours - Save","isPartOf":{"@id":"https:\/\/news.save.ch\/de\/#website"},"primaryImageOfPage":{"@id":"https:\/\/news.save.ch\/sicherheitsmesse-in-wenigen-tagen-geht-es-los\/#primaryimage"},"image":{"@id":"https:\/\/news.save.ch\/sicherheitsmesse-in-wenigen-tagen-geht-es-los\/#primaryimage"},"thumbnailUrl":"https:\/\/news.save.ch\/wp-content\/uploads\/2016\/12\/Sicherheitsmesse-In-wenigen-Tagen-geht-es-los-sicherheitsforum-scaled.jpg","datePublished":"2015-10-23T13:39:57+00:00","description":"C'est le plus grand rendez-vous national de la branche : le salon SICHERHEIT 2015 \u00e0 la Foire de Zurich. Il aura lieu du 10 au 13 novembre \u00e0 Zurich-Oerlikon.","breadcrumb":{"@id":"https:\/\/news.save.ch\/sicherheitsmesse-in-wenigen-tagen-geht-es-los\/#breadcrumb"},"inLanguage":"fr-FR","potentialAction":[{"@type":"ReadAction","target":["https:\/\/news.save.ch\/sicherheitsmesse-in-wenigen-tagen-geht-es-los\/"]}]},{"@type":"ImageObject","inLanguage":"fr-FR","@id":"https:\/\/news.save.ch\/sicherheitsmesse-in-wenigen-tagen-geht-es-los\/#primaryimage","url":"https:\/\/news.save.ch\/wp-content\/uploads\/2016\/12\/Sicherheitsmesse-In-wenigen-Tagen-geht-es-los-sicherheitsforum-scaled.jpg","contentUrl":"https:\/\/news.save.ch\/wp-content\/uploads\/2016\/12\/Sicherheitsmesse-In-wenigen-Tagen-geht-es-los-sicherheitsforum-scaled.jpg","width":1400,"height":931,"caption":"Foto: T. Entzeroth"},{"@type":"BreadcrumbList","@id":"https:\/\/news.save.ch\/sicherheitsmesse-in-wenigen-tagen-geht-es-los\/#breadcrumb","itemListElement":[{"@type":"ListItem","position":1,"name":"Home","item":"https:\/\/news.save.ch\/de\/"},{"@type":"ListItem","position":2,"name":"Sicherheitsmesse: In wenigen Tagen geht es los"}]},{"@type":"WebSite","@id":"https:\/\/news.save.ch\/de\/#website","url":"https:\/\/news.save.ch\/de\/","name":"Save","description":"Revue suisse sp\u00e9cialis\u00e9e dans la s\u00e9curit\u00e9","publisher":{"@id":"https:\/\/news.save.ch\/de\/#organization"},"potentialAction":[{"@type":"SearchAction","target":{"@type":"EntryPoint","urlTemplate":"https:\/\/news.save.ch\/de\/?s={search_term_string}"},"query-input":{"@type":"PropertyValueSpecification","valueRequired":true,"valueName":"search_term_string"}}],"inLanguage":"fr-FR"},{"@type":"Organization","@id":"https:\/\/news.save.ch\/de\/#organization","name":"Forum sur la s\u00e9curit\u00e9","url":"https:\/\/news.save.ch\/de\/","logo":{"@type":"ImageObject","inLanguage":"fr-FR","@id":"https:\/\/news.save.ch\/de\/#\/schema\/logo\/image\/","url":"https:\/\/news.save.ch\/wp-content\/uploads\/2022\/06\/Logo_SF_2012.png","contentUrl":"https:\/\/news.save.ch\/wp-content\/uploads\/2022\/06\/Logo_SF_2012.png","width":1100,"height":91,"caption":"Sicherheitsforum"},"image":{"@id":"https:\/\/news.save.ch\/de\/#\/schema\/logo\/image\/"}},{"@type":"Person","@id":"https:\/\/news.save.ch\/de\/#\/schema\/person\/d49e199490bad7c70d64b9ab51142f2b","name":"admin","image":{"@type":"ImageObject","inLanguage":"fr-FR","@id":"https:\/\/secure.gravatar.com\/avatar\/ae2f4d718e6c49043e314ce431e7e645d646302a24a5ef5a8bc8e3f5a032e319?s=96&d=mm&r=g","url":"https:\/\/secure.gravatar.com\/avatar\/ae2f4d718e6c49043e314ce431e7e645d646302a24a5ef5a8bc8e3f5a032e319?s=96&d=mm&r=g","contentUrl":"https:\/\/secure.gravatar.com\/avatar\/ae2f4d718e6c49043e314ce431e7e645d646302a24a5ef5a8bc8e3f5a032e319?s=96&d=mm&r=g","caption":"admin"},"sameAs":["https:\/\/develop.organisator.galledia.ch"],"url":"https:\/\/news.save.ch\/fr\/author\/admin\/"}]}},"_links":{"self":[{"href":"https:\/\/news.save.ch\/fr\/wp-json\/wp\/v2\/posts\/1988","targetHints":{"allow":["GET"]}}],"collection":[{"href":"https:\/\/news.save.ch\/fr\/wp-json\/wp\/v2\/posts"}],"about":[{"href":"https:\/\/news.save.ch\/fr\/wp-json\/wp\/v2\/types\/post"}],"author":[{"embeddable":true,"href":"https:\/\/news.save.ch\/fr\/wp-json\/wp\/v2\/users\/1"}],"replies":[{"embeddable":true,"href":"https:\/\/news.save.ch\/fr\/wp-json\/wp\/v2\/comments?post=1988"}],"version-history":[{"count":0,"href":"https:\/\/news.save.ch\/fr\/wp-json\/wp\/v2\/posts\/1988\/revisions"}],"wp:featuredmedia":[{"embeddable":true,"href":"https:\/\/news.save.ch\/fr\/wp-json\/wp\/v2\/media\/1989"}],"wp:attachment":[{"href":"https:\/\/news.save.ch\/fr\/wp-json\/wp\/v2\/media?parent=1988"}],"wp:term":[{"taxonomy":"category","embeddable":true,"href":"https:\/\/news.save.ch\/fr\/wp-json\/wp\/v2\/categories?post=1988"},{"taxonomy":"post_tag","embeddable":true,"href":"https:\/\/news.save.ch\/fr\/wp-json\/wp\/v2\/tags?post=1988"}],"curies":[{"name":"wp","href":"https:\/\/api.w.org\/{rel}","templated":true}]}}