{"id":19891,"date":"2023-06-12T09:57:14","date_gmt":"2023-06-12T07:57:14","guid":{"rendered":"https:\/\/news.save.ch\/?p=19891"},"modified":"2023-06-12T09:57:32","modified_gmt":"2023-06-12T07:57:32","slug":"im-ausland-erbrachte-private-sicherheitsdienstleistungen-2","status":null,"type":"post","link":"https:\/\/news.save.ch\/fr\/im-ausland-erbrachte-private-sicherheitsdienstleistungen-2\/","title":{"rendered":"Prestations de s\u00e9curit\u00e9 priv\u00e9es fournies \u00e0 l'\u00e9tranger"},"content":{"rendered":"<figure id=\"attachment_19892\" aria-describedby=\"caption-attachment-19892\" style=\"width: 680px\" class=\"wp-caption aligncenter\"><img loading=\"lazy\" decoding=\"async\" class=\"size-medium wp-image-19892\" src=\"https:\/\/news.save.ch\/wp-content\/uploads\/2023\/06\/Depositphotos_406614584_S-680x313.jpg\" alt=\"services de s\u00e9curit\u00e9 priv\u00e9e\" width=\"680\" height=\"313\" srcset=\"https:\/\/news.save.ch\/wp-content\/uploads\/2023\/06\/Depositphotos_406614584_S-680x313.jpg 680w, https:\/\/news.save.ch\/wp-content\/uploads\/2023\/06\/Depositphotos_406614584_S-768x354.jpg 768w, https:\/\/news.save.ch\/wp-content\/uploads\/2023\/06\/Depositphotos_406614584_S-18x8.jpg 18w, https:\/\/news.save.ch\/wp-content\/uploads\/2023\/06\/Depositphotos_406614584_S-375x173.jpg 375w, https:\/\/news.save.ch\/wp-content\/uploads\/2023\/06\/Depositphotos_406614584_S-760x350.jpg 760w, https:\/\/news.save.ch\/wp-content\/uploads\/2023\/06\/Depositphotos_406614584_S.jpg 1000w\" sizes=\"auto, (max-width: 680px) 100vw, 680px\" \/><figcaption id=\"caption-attachment-19892\" class=\"wp-caption-text\">Depositphotos, Sharomka<\/figcaption><\/figure>\n<p>L'organe comp\u00e9tent pour la mise en \u0153uvre de la loi f\u00e9d\u00e9rale sur les prestations de s\u00e9curit\u00e9 priv\u00e9es fournies \u00e0 l'\u00e9tranger (LPPS) est la Section Contr\u00f4le des exportations et services de s\u00e9curit\u00e9 priv\u00e9s (SEPS) du D\u00e9partement f\u00e9d\u00e9ral des affaires \u00e9trang\u00e8res (DFAE). Selon le communiqu\u00e9 du Conseil f\u00e9d\u00e9ral, la SEPS a re\u00e7u 95 communications en 2022. Elles concernaient principalement quatre groupes d'activit\u00e9s : La protection des personnes et la surveillance de biens et d'immeubles dans un environnement complexe, le soutien op\u00e9rationnel ou logistique aux forces arm\u00e9es ou de s\u00e9curit\u00e9, les activit\u00e9s priv\u00e9es de renseignement et les services d'ordre.<\/p>\n<h3><strong>Aucune interdiction n'a \u00e9t\u00e9 prononc\u00e9e<\/strong><\/h3>\n<p>La SEPS a lanc\u00e9 deux proc\u00e9dures d'examen en 2022. Aucune interdiction n'a \u00e9t\u00e9 prononc\u00e9e, comme l'indique le communiqu\u00e9 de presse. Aucune prestation de s\u00e9curit\u00e9 priv\u00e9e susceptible de conduire \u00e0 une participation directe aux hostilit\u00e9s ou \u00e0 de graves violations des droits de l'homme n'a \u00e9t\u00e9 constat\u00e9e en 2022. De telles activit\u00e9s seraient interdites par les articles 8 et 9 de la LSP.<\/p>\n<p>Selon le Conseil f\u00e9d\u00e9ral, l'ann\u00e9e 2022 a en outre \u00e9t\u00e9 fortement marqu\u00e9e par les effets de la r\u00e9vision de l'ordonnance sur la BPS. En raison de cette r\u00e9vision, le nombre d'activit\u00e9s soumises \u00e0 d\u00e9claration aurait fortement diminu\u00e9.<\/p>\n<h3><strong>V\u00e9rification\u00a0<\/strong><\/h3>\n<p>Selon le communiqu\u00e9, le Contr\u00f4le f\u00e9d\u00e9ral des finances (CDF) a examin\u00e9 d\u00e9but 2022 l'efficacit\u00e9 du BPS et la mise en \u0153uvre correcte de la loi par la SEPS. Dans le cadre de son audit, le CDF serait parvenu \u00e0 la conclusion que la SEPS avait \u00e9tabli des proc\u00e9dures d'annonce et de contr\u00f4le appropri\u00e9es et que celles-ci \u00e9taient mises en \u0153uvre de mani\u00e8re efficace.<\/p>\n<h3><strong>SEPS poursuit son travail d'information et de sensibilisation<\/strong><\/h3>\n<p>Au niveau national, de nombreuses entreprises ont encore des difficult\u00e9s \u00e0 \u00e9valuer si une activit\u00e9 pr\u00e9vue r\u00e9pond \u00e0 la nouvelle d\u00e9finition plus pr\u00e9cise des prestations de s\u00e9curit\u00e9 priv\u00e9es ou si elle rel\u00e8ve des exceptions \u00e0 l'obligation de d\u00e9claration, comme l'\u00e9crit le Conseil f\u00e9d\u00e9ral. En 2022, la SEPS a \u00e9tabli des contacts avec des entreprises actives dans diff\u00e9rents domaines pertinents afin de d\u00e9terminer dans quelle mesure elles pourraient \u00eatre concern\u00e9es par la LSP.<\/p>\n<p>Dans le contexte de la guerre en Ukraine, l'autorit\u00e9 comp\u00e9tente a \u00e9t\u00e9, selon le Conseil f\u00e9d\u00e9ral, confront\u00e9e \u00e0 plusieurs reprises \u00e0 diverses questions, notamment concernant le champ d'application de la LSIP et l'ordonnance du 4 mars 2022 instituant des mesures en rapport avec la situation en Ukraine.<\/p>\n<p>Au niveau international, la SEPS a particip\u00e9 \u00e0 plusieurs \u00e9v\u00e9nements consacr\u00e9s \u00e0 la r\u00e9glementation des services de s\u00e9curit\u00e9 priv\u00e9s et \u00e0 des questions de droit international, selon le communiqu\u00e9 de presse. Il convient de souligner en particulier la participation de la SEPS \u00e0 la troisi\u00e8me session du groupe de travail intergouvernemental du Conseil des droits de l'homme des Nations unies, charg\u00e9 d'\u00e9laborer un ensemble de r\u00e8gles internationales pour la r\u00e9glementation des entreprises militaires et de s\u00e9curit\u00e9 priv\u00e9es. En outre, des contacts informels ont \u00e9t\u00e9 \u00e9tablis avec un certain nombre d'autorit\u00e9s nationales de r\u00e9gulation afin de promouvoir les \u00e9changes inter\u00e9tatiques dans le domaine des services de s\u00e9curit\u00e9 priv\u00e9s.<\/p>\n<p>Enfin, le travail du SEPS au second semestre 2022 a \u00e9t\u00e9 marqu\u00e9 par la pr\u00e9paration de la participation de la Suisse au Conseil de s\u00e9curit\u00e9 de l'ONU. En tant que service sp\u00e9cialis\u00e9 dans les services de s\u00e9curit\u00e9 priv\u00e9s \u00e0 l'\u00e9tranger, l'autorit\u00e9 comp\u00e9tente a pu apporter ses connaissances dans le cadre de travaux li\u00e9s aux entreprises militaires et de s\u00e9curit\u00e9 priv\u00e9es classiques et mettre \u00e0 disposition son expertise sur des acteurs tels que le groupe Wagner, conclut le communiqu\u00e9.<\/p>\n<p><a href=\"https:\/\/www.newsd.admin.ch\/newsd\/message\/attachments\/79379.pdf\" target=\"_blank\" rel=\"noopener\"><em>Cliquez ici pour acc\u00e9der au rapport d'activit\u00e9<\/em><\/a><\/p>\n<p>&nbsp;<\/p>","protected":false},"excerpt":{"rendered":"<p>Die zust\u00e4ndige Stelle f\u00fcr die Umsetzung des Bundesgesetzes \u00fcber die im Ausland erbrachten privaten Sicherheitsdienstleistungen (BPS)\u00a0ist die Sektion Exportkontrolle und private Sicherheitsdienste (SEPS) des Eidgen\u00f6ssischen Departements f\u00fcr ausw\u00e4rtige Angelegenheiten (EDA). Laut bundesr\u00e4tlicher Mitteilung gingen im Jahr 2022 bei der SEPS 95 Meldungen ein. Sie betrafen haupts\u00e4chlich vier Gruppen von T\u00e4tigkeiten: Personenschutz und Bewachung von G\u00fctern [&hellip;]<\/p>\n","protected":false},"author":8,"featured_media":19892,"comment_status":"closed","ping_status":"closed","sticky":false,"template":"","format":"standard","meta":{"_acf_changed":false,"pgc_sgb_lightbox_settings":"","footnotes":""},"categories":[3312],"tags":[103],"class_list":["post-19891","post","type-post","status-publish","format-standard","has-post-thumbnail","hentry","category-sicherheit","tag-private-sicherheitsfirma"],"acf":[],"hkrextid":null,"publication":null,"issue":null,"workflow":null,"startPage":null,"spitzmarke":null,"_posts_by_tag_page_fields":null,"_at_widget":null,"_yoast_wpseo_primary_category":"3312","_yoast_wpseo_focuskw_text_input":null,"_yoast_wpseo_opengraph-image":null,"_yoast_wpseo_opengraph-description":null,"_yoast_wpseo_opengraph-title":null,"enclosure":null,"_yoast_wpseo_twitter-title":null,"_yoast_wpseo_twitter-description":null,"_yoast_wpseo_twitter-image":null,"_wp_old_slug":null,"_yoast_wpseo_title":null,"_yoast_wpseo_canonical":null,"yoast_head":"<!-- This site is optimized with the Yoast SEO plugin v27.4 - https:\/\/yoast.com\/product\/yoast-seo-wordpress\/ -->\n<title>Im Ausland erbrachte private Sicherheitsdienstleistungen - Save<\/title>\n<meta name=\"description\" content=\"Private Sicherheitsdienstleistungen im Ausland: Im Jahr 2022 gingen beim EDA 95 Meldungen von Unternehmen ein.\" \/>\n<meta name=\"robots\" content=\"index, follow, max-snippet:-1, max-image-preview:large, max-video-preview:-1\" \/>\n<link rel=\"canonical\" href=\"https:\/\/news.save.ch\/fr\/im-ausland-erbrachte-private-sicherheitsdienstleistungen-2\/\" \/>\n<meta property=\"og:locale\" content=\"fr_FR\" \/>\n<meta property=\"og:type\" content=\"article\" \/>\n<meta property=\"og:title\" content=\"Im Ausland erbrachte private Sicherheitsdienstleistungen - Save\" \/>\n<meta property=\"og:description\" content=\"Private Sicherheitsdienstleistungen im Ausland: Im Jahr 2022 gingen beim EDA 95 Meldungen von Unternehmen ein.\" \/>\n<meta property=\"og:url\" content=\"https:\/\/news.save.ch\/fr\/im-ausland-erbrachte-private-sicherheitsdienstleistungen-2\/\" \/>\n<meta property=\"og:site_name\" content=\"Save\" \/>\n<meta property=\"article:published_time\" content=\"2023-06-12T07:57:14+00:00\" \/>\n<meta property=\"article:modified_time\" content=\"2023-06-12T07:57:32+00:00\" \/>\n<meta property=\"og:image\" content=\"https:\/\/news.save.ch\/wp-content\/uploads\/2023\/06\/Depositphotos_406614584_S.jpg\" \/>\n\t<meta property=\"og:image:width\" content=\"1000\" \/>\n\t<meta property=\"og:image:height\" content=\"461\" \/>\n\t<meta property=\"og:image:type\" content=\"image\/jpeg\" \/>\n<meta name=\"author\" content=\"Roger Str\u00e4ssle\" \/>\n<meta name=\"twitter:card\" content=\"summary_large_image\" \/>\n<meta name=\"twitter:label1\" content=\"\u00c9crit par\" \/>\n\t<meta name=\"twitter:data1\" content=\"Roger Str\u00e4ssle\" \/>\n\t<meta name=\"twitter:label2\" content=\"Dur\u00e9e de lecture estim\u00e9e\" \/>\n\t<meta name=\"twitter:data2\" content=\"3 minutes\" \/>\n<script type=\"application\/ld+json\" class=\"yoast-schema-graph\">{\"@context\":\"https:\\\/\\\/schema.org\",\"@graph\":[{\"@type\":\"Article\",\"@id\":\"https:\\\/\\\/news.save.ch\\\/im-ausland-erbrachte-private-sicherheitsdienstleistungen-2\\\/#article\",\"isPartOf\":{\"@id\":\"https:\\\/\\\/news.save.ch\\\/im-ausland-erbrachte-private-sicherheitsdienstleistungen-2\\\/\"},\"author\":{\"name\":\"Roger Str\u00e4ssle\",\"@id\":\"https:\\\/\\\/news.save.ch\\\/de\\\/#\\\/schema\\\/person\\\/d5022db048e0e2b9785c50e5b24da5aa\"},\"headline\":\"Im Ausland erbrachte private Sicherheitsdienstleistungen\",\"datePublished\":\"2023-06-12T07:57:14+00:00\",\"dateModified\":\"2023-06-12T07:57:32+00:00\",\"mainEntityOfPage\":{\"@id\":\"https:\\\/\\\/news.save.ch\\\/im-ausland-erbrachte-private-sicherheitsdienstleistungen-2\\\/\"},\"wordCount\":510,\"publisher\":{\"@id\":\"https:\\\/\\\/news.save.ch\\\/de\\\/#organization\"},\"image\":{\"@id\":\"https:\\\/\\\/news.save.ch\\\/im-ausland-erbrachte-private-sicherheitsdienstleistungen-2\\\/#primaryimage\"},\"thumbnailUrl\":\"https:\\\/\\\/news.save.ch\\\/wp-content\\\/uploads\\\/2023\\\/06\\\/Depositphotos_406614584_S.jpg\",\"keywords\":[\"Private Sicherheitsfirma\"],\"articleSection\":[\"SICHERHEIT\"],\"inLanguage\":\"fr-FR\"},{\"@type\":\"WebPage\",\"@id\":\"https:\\\/\\\/news.save.ch\\\/im-ausland-erbrachte-private-sicherheitsdienstleistungen-2\\\/\",\"url\":\"https:\\\/\\\/news.save.ch\\\/im-ausland-erbrachte-private-sicherheitsdienstleistungen-2\\\/\",\"name\":\"Im Ausland erbrachte private Sicherheitsdienstleistungen - Save\",\"isPartOf\":{\"@id\":\"https:\\\/\\\/news.save.ch\\\/de\\\/#website\"},\"primaryImageOfPage\":{\"@id\":\"https:\\\/\\\/news.save.ch\\\/im-ausland-erbrachte-private-sicherheitsdienstleistungen-2\\\/#primaryimage\"},\"image\":{\"@id\":\"https:\\\/\\\/news.save.ch\\\/im-ausland-erbrachte-private-sicherheitsdienstleistungen-2\\\/#primaryimage\"},\"thumbnailUrl\":\"https:\\\/\\\/news.save.ch\\\/wp-content\\\/uploads\\\/2023\\\/06\\\/Depositphotos_406614584_S.jpg\",\"datePublished\":\"2023-06-12T07:57:14+00:00\",\"dateModified\":\"2023-06-12T07:57:32+00:00\",\"description\":\"Private Sicherheitsdienstleistungen im Ausland: Im Jahr 2022 gingen beim EDA 95 Meldungen von Unternehmen ein.\",\"breadcrumb\":{\"@id\":\"https:\\\/\\\/news.save.ch\\\/im-ausland-erbrachte-private-sicherheitsdienstleistungen-2\\\/#breadcrumb\"},\"inLanguage\":\"fr-FR\",\"potentialAction\":[{\"@type\":\"ReadAction\",\"target\":[\"https:\\\/\\\/news.save.ch\\\/im-ausland-erbrachte-private-sicherheitsdienstleistungen-2\\\/\"]}]},{\"@type\":\"ImageObject\",\"inLanguage\":\"fr-FR\",\"@id\":\"https:\\\/\\\/news.save.ch\\\/im-ausland-erbrachte-private-sicherheitsdienstleistungen-2\\\/#primaryimage\",\"url\":\"https:\\\/\\\/news.save.ch\\\/wp-content\\\/uploads\\\/2023\\\/06\\\/Depositphotos_406614584_S.jpg\",\"contentUrl\":\"https:\\\/\\\/news.save.ch\\\/wp-content\\\/uploads\\\/2023\\\/06\\\/Depositphotos_406614584_S.jpg\",\"width\":1000,\"height\":461,\"caption\":\"Depositphotos, Sharomka\"},{\"@type\":\"BreadcrumbList\",\"@id\":\"https:\\\/\\\/news.save.ch\\\/im-ausland-erbrachte-private-sicherheitsdienstleistungen-2\\\/#breadcrumb\",\"itemListElement\":[{\"@type\":\"ListItem\",\"position\":1,\"name\":\"Home\",\"item\":\"https:\\\/\\\/news.save.ch\\\/de\\\/\"},{\"@type\":\"ListItem\",\"position\":2,\"name\":\"Im Ausland erbrachte private Sicherheitsdienstleistungen\"}]},{\"@type\":\"WebSite\",\"@id\":\"https:\\\/\\\/news.save.ch\\\/de\\\/#website\",\"url\":\"https:\\\/\\\/news.save.ch\\\/de\\\/\",\"name\":\"Save\",\"description\":\"Schweizer Fachzeitschrift f\u00fcr Sicherheit\",\"publisher\":{\"@id\":\"https:\\\/\\\/news.save.ch\\\/de\\\/#organization\"},\"potentialAction\":[{\"@type\":\"SearchAction\",\"target\":{\"@type\":\"EntryPoint\",\"urlTemplate\":\"https:\\\/\\\/news.save.ch\\\/de\\\/?s={search_term_string}\"},\"query-input\":{\"@type\":\"PropertyValueSpecification\",\"valueRequired\":true,\"valueName\":\"search_term_string\"}}],\"inLanguage\":\"fr-FR\"},{\"@type\":\"Organization\",\"@id\":\"https:\\\/\\\/news.save.ch\\\/de\\\/#organization\",\"name\":\"Sicherheitsforum\",\"url\":\"https:\\\/\\\/news.save.ch\\\/de\\\/\",\"logo\":{\"@type\":\"ImageObject\",\"inLanguage\":\"fr-FR\",\"@id\":\"https:\\\/\\\/news.save.ch\\\/de\\\/#\\\/schema\\\/logo\\\/image\\\/\",\"url\":\"https:\\\/\\\/news.save.ch\\\/wp-content\\\/uploads\\\/2022\\\/06\\\/Logo_SF_2012.png\",\"contentUrl\":\"https:\\\/\\\/news.save.ch\\\/wp-content\\\/uploads\\\/2022\\\/06\\\/Logo_SF_2012.png\",\"width\":1100,\"height\":91,\"caption\":\"Sicherheitsforum\"},\"image\":{\"@id\":\"https:\\\/\\\/news.save.ch\\\/de\\\/#\\\/schema\\\/logo\\\/image\\\/\"}},{\"@type\":\"Person\",\"@id\":\"https:\\\/\\\/news.save.ch\\\/de\\\/#\\\/schema\\\/person\\\/d5022db048e0e2b9785c50e5b24da5aa\",\"name\":\"Roger Str\u00e4ssle\",\"image\":{\"@type\":\"ImageObject\",\"inLanguage\":\"fr-FR\",\"@id\":\"https:\\\/\\\/secure.gravatar.com\\\/avatar\\\/862a5569d087de48e5856e32f45d719a03804c891d6deb8d4f71a660e79e4a47?s=96&d=mm&r=g\",\"url\":\"https:\\\/\\\/secure.gravatar.com\\\/avatar\\\/862a5569d087de48e5856e32f45d719a03804c891d6deb8d4f71a660e79e4a47?s=96&d=mm&r=g\",\"contentUrl\":\"https:\\\/\\\/secure.gravatar.com\\\/avatar\\\/862a5569d087de48e5856e32f45d719a03804c891d6deb8d4f71a660e79e4a47?s=96&d=mm&r=g\",\"caption\":\"Roger Str\u00e4ssle\"},\"url\":\"https:\\\/\\\/news.save.ch\\\/fr\\\/author\\\/roger-straessle\\\/\"}]}<\/script>\n<!-- \/ Yoast SEO plugin. -->","yoast_head_json":{"title":"Prestations de s\u00e9curit\u00e9 priv\u00e9es fournies \u00e0 l'\u00e9tranger - Save","description":"Prestations de s\u00e9curit\u00e9 priv\u00e9es \u00e0 l'\u00e9tranger : en 2022, le DFAE a re\u00e7u 95 communications d'entreprises.","robots":{"index":"index","follow":"follow","max-snippet":"max-snippet:-1","max-image-preview":"max-image-preview:large","max-video-preview":"max-video-preview:-1"},"canonical":"https:\/\/news.save.ch\/fr\/im-ausland-erbrachte-private-sicherheitsdienstleistungen-2\/","og_locale":"fr_FR","og_type":"article","og_title":"Im Ausland erbrachte private Sicherheitsdienstleistungen - Save","og_description":"Private Sicherheitsdienstleistungen im Ausland: Im Jahr 2022 gingen beim EDA 95 Meldungen von Unternehmen ein.","og_url":"https:\/\/news.save.ch\/fr\/im-ausland-erbrachte-private-sicherheitsdienstleistungen-2\/","og_site_name":"Save","article_published_time":"2023-06-12T07:57:14+00:00","article_modified_time":"2023-06-12T07:57:32+00:00","og_image":[{"width":1000,"height":461,"url":"https:\/\/news.save.ch\/wp-content\/uploads\/2023\/06\/Depositphotos_406614584_S.jpg","type":"image\/jpeg"}],"author":"Roger Str\u00e4ssle","twitter_card":"summary_large_image","twitter_misc":{"\u00c9crit par":"Roger Str\u00e4ssle","Dur\u00e9e de lecture estim\u00e9e":"3 minutes"},"schema":{"@context":"https:\/\/schema.org","@graph":[{"@type":"Article","@id":"https:\/\/news.save.ch\/im-ausland-erbrachte-private-sicherheitsdienstleistungen-2\/#article","isPartOf":{"@id":"https:\/\/news.save.ch\/im-ausland-erbrachte-private-sicherheitsdienstleistungen-2\/"},"author":{"name":"Roger Str\u00e4ssle","@id":"https:\/\/news.save.ch\/de\/#\/schema\/person\/d5022db048e0e2b9785c50e5b24da5aa"},"headline":"Im Ausland erbrachte private Sicherheitsdienstleistungen","datePublished":"2023-06-12T07:57:14+00:00","dateModified":"2023-06-12T07:57:32+00:00","mainEntityOfPage":{"@id":"https:\/\/news.save.ch\/im-ausland-erbrachte-private-sicherheitsdienstleistungen-2\/"},"wordCount":510,"publisher":{"@id":"https:\/\/news.save.ch\/de\/#organization"},"image":{"@id":"https:\/\/news.save.ch\/im-ausland-erbrachte-private-sicherheitsdienstleistungen-2\/#primaryimage"},"thumbnailUrl":"https:\/\/news.save.ch\/wp-content\/uploads\/2023\/06\/Depositphotos_406614584_S.jpg","keywords":["Private Sicherheitsfirma"],"articleSection":["SICHERHEIT"],"inLanguage":"fr-FR"},{"@type":"WebPage","@id":"https:\/\/news.save.ch\/im-ausland-erbrachte-private-sicherheitsdienstleistungen-2\/","url":"https:\/\/news.save.ch\/im-ausland-erbrachte-private-sicherheitsdienstleistungen-2\/","name":"Prestations de s\u00e9curit\u00e9 priv\u00e9es fournies \u00e0 l'\u00e9tranger - Save","isPartOf":{"@id":"https:\/\/news.save.ch\/de\/#website"},"primaryImageOfPage":{"@id":"https:\/\/news.save.ch\/im-ausland-erbrachte-private-sicherheitsdienstleistungen-2\/#primaryimage"},"image":{"@id":"https:\/\/news.save.ch\/im-ausland-erbrachte-private-sicherheitsdienstleistungen-2\/#primaryimage"},"thumbnailUrl":"https:\/\/news.save.ch\/wp-content\/uploads\/2023\/06\/Depositphotos_406614584_S.jpg","datePublished":"2023-06-12T07:57:14+00:00","dateModified":"2023-06-12T07:57:32+00:00","description":"Prestations de s\u00e9curit\u00e9 priv\u00e9es \u00e0 l'\u00e9tranger : en 2022, le DFAE a re\u00e7u 95 communications d'entreprises.","breadcrumb":{"@id":"https:\/\/news.save.ch\/im-ausland-erbrachte-private-sicherheitsdienstleistungen-2\/#breadcrumb"},"inLanguage":"fr-FR","potentialAction":[{"@type":"ReadAction","target":["https:\/\/news.save.ch\/im-ausland-erbrachte-private-sicherheitsdienstleistungen-2\/"]}]},{"@type":"ImageObject","inLanguage":"fr-FR","@id":"https:\/\/news.save.ch\/im-ausland-erbrachte-private-sicherheitsdienstleistungen-2\/#primaryimage","url":"https:\/\/news.save.ch\/wp-content\/uploads\/2023\/06\/Depositphotos_406614584_S.jpg","contentUrl":"https:\/\/news.save.ch\/wp-content\/uploads\/2023\/06\/Depositphotos_406614584_S.jpg","width":1000,"height":461,"caption":"Depositphotos, Sharomka"},{"@type":"BreadcrumbList","@id":"https:\/\/news.save.ch\/im-ausland-erbrachte-private-sicherheitsdienstleistungen-2\/#breadcrumb","itemListElement":[{"@type":"ListItem","position":1,"name":"Home","item":"https:\/\/news.save.ch\/de\/"},{"@type":"ListItem","position":2,"name":"Im Ausland erbrachte private Sicherheitsdienstleistungen"}]},{"@type":"WebSite","@id":"https:\/\/news.save.ch\/de\/#website","url":"https:\/\/news.save.ch\/de\/","name":"Save","description":"Revue suisse sp\u00e9cialis\u00e9e dans la s\u00e9curit\u00e9","publisher":{"@id":"https:\/\/news.save.ch\/de\/#organization"},"potentialAction":[{"@type":"SearchAction","target":{"@type":"EntryPoint","urlTemplate":"https:\/\/news.save.ch\/de\/?s={search_term_string}"},"query-input":{"@type":"PropertyValueSpecification","valueRequired":true,"valueName":"search_term_string"}}],"inLanguage":"fr-FR"},{"@type":"Organization","@id":"https:\/\/news.save.ch\/de\/#organization","name":"Forum sur la s\u00e9curit\u00e9","url":"https:\/\/news.save.ch\/de\/","logo":{"@type":"ImageObject","inLanguage":"fr-FR","@id":"https:\/\/news.save.ch\/de\/#\/schema\/logo\/image\/","url":"https:\/\/news.save.ch\/wp-content\/uploads\/2022\/06\/Logo_SF_2012.png","contentUrl":"https:\/\/news.save.ch\/wp-content\/uploads\/2022\/06\/Logo_SF_2012.png","width":1100,"height":91,"caption":"Sicherheitsforum"},"image":{"@id":"https:\/\/news.save.ch\/de\/#\/schema\/logo\/image\/"}},{"@type":"Person","@id":"https:\/\/news.save.ch\/de\/#\/schema\/person\/d5022db048e0e2b9785c50e5b24da5aa","name":"Roger Str\u00e4ssle","image":{"@type":"ImageObject","inLanguage":"fr-FR","@id":"https:\/\/secure.gravatar.com\/avatar\/862a5569d087de48e5856e32f45d719a03804c891d6deb8d4f71a660e79e4a47?s=96&d=mm&r=g","url":"https:\/\/secure.gravatar.com\/avatar\/862a5569d087de48e5856e32f45d719a03804c891d6deb8d4f71a660e79e4a47?s=96&d=mm&r=g","contentUrl":"https:\/\/secure.gravatar.com\/avatar\/862a5569d087de48e5856e32f45d719a03804c891d6deb8d4f71a660e79e4a47?s=96&d=mm&r=g","caption":"Roger Str\u00e4ssle"},"url":"https:\/\/news.save.ch\/fr\/author\/roger-straessle\/"}]}},"_links":{"self":[{"href":"https:\/\/news.save.ch\/fr\/wp-json\/wp\/v2\/posts\/19891","targetHints":{"allow":["GET"]}}],"collection":[{"href":"https:\/\/news.save.ch\/fr\/wp-json\/wp\/v2\/posts"}],"about":[{"href":"https:\/\/news.save.ch\/fr\/wp-json\/wp\/v2\/types\/post"}],"author":[{"embeddable":true,"href":"https:\/\/news.save.ch\/fr\/wp-json\/wp\/v2\/users\/8"}],"replies":[{"embeddable":true,"href":"https:\/\/news.save.ch\/fr\/wp-json\/wp\/v2\/comments?post=19891"}],"version-history":[{"count":2,"href":"https:\/\/news.save.ch\/fr\/wp-json\/wp\/v2\/posts\/19891\/revisions"}],"predecessor-version":[{"id":19894,"href":"https:\/\/news.save.ch\/fr\/wp-json\/wp\/v2\/posts\/19891\/revisions\/19894"}],"wp:featuredmedia":[{"embeddable":true,"href":"https:\/\/news.save.ch\/fr\/wp-json\/wp\/v2\/media\/19892"}],"wp:attachment":[{"href":"https:\/\/news.save.ch\/fr\/wp-json\/wp\/v2\/media?parent=19891"}],"wp:term":[{"taxonomy":"category","embeddable":true,"href":"https:\/\/news.save.ch\/fr\/wp-json\/wp\/v2\/categories?post=19891"},{"taxonomy":"post_tag","embeddable":true,"href":"https:\/\/news.save.ch\/fr\/wp-json\/wp\/v2\/tags?post=19891"}],"curies":[{"name":"wp","href":"https:\/\/api.w.org\/{rel}","templated":true}]}}