{"id":1995,"date":"2015-10-26T15:41:51","date_gmt":"2015-10-26T14:41:51","guid":{"rendered":"https:\/\/dev.sicherheitsforum.ch\/?p=1995"},"modified":"2015-10-26T15:41:51","modified_gmt":"2015-10-26T14:41:51","slug":"sicherheit-2015-welches-sind-die-themen-am-fachkongress","status":null,"type":"post","link":"https:\/\/news.save.ch\/fr\/sicherheit-2015-welches-sind-die-themen-am-fachkongress\/","title":{"rendered":"SICHERHEIT 2015 : Quels sont les th\u00e8mes abord\u00e9s lors du congr\u00e8s sp\u00e9cialis\u00e9 ?"},"content":{"rendered":"<figure id=\"attachment_1998\" aria-describedby=\"caption-attachment-1998\" style=\"width: 680px\" class=\"wp-caption alignnone\"><img loading=\"lazy\" decoding=\"async\" class=\"wp-image-1998 size-medium\" src=\"https:\/\/news.save.ch\/wp-content\/uploads\/2016\/12\/SICHERHEIT-2015-Welches-sind-die-Themen-am-Fachkongress-sicherheitsforum.jpg\" width=\"680\" height=\"315\" srcset=\"https:\/\/news.save.ch\/wp-content\/uploads\/2016\/12\/SICHERHEIT-2015-Welches-sind-die-Themen-am-Fachkongress-sicherheitsforum.jpg 1080w, https:\/\/news.save.ch\/wp-content\/uploads\/2016\/12\/SICHERHEIT-2015-Welches-sind-die-Themen-am-Fachkongress-sicherheitsforum-375x174.jpg 375w\" sizes=\"auto, (max-width: 680px) 100vw, 680px\" \/><figcaption id=\"caption-attachment-1998\" class=\"wp-caption-text\">Photo : T. Entzeroth<\/figcaption><\/figure>\n<p>Un \u00e9l\u00e9ment central de la <a href=\"\/fr\/sicherheitsmesse-in-wenigen-tagen-geht-es-los\/?preview_id=1988&amp;preview_nonce=a6a617d42b&amp;post_format=standard&amp;_thumbnail_id=1989&amp;preview=true\" target=\"_blank\" data-cke-saved-href=\"https:\/\/sicherheitsforum.hamster.ch\/sicherheitsmesse-in-wenigen-tagen-geht-es-los\" rel=\"noopener\">Salon de la s\u00e9curit\u00e9<\/a> \u00e0 Zurich-Oerlikon, sera une fois de plus <a title=\"vers le programme\" href=\"https:\/\/www.save.ch\/events\/sicherheits-fachkongress-2015\" target=\"_blank\" data-cke-saved-href=\"https:\/\/www.save.ch\/events\/sicherheits-fachkongress-2015\" rel=\"noopener\">Congr\u00e8s professionnel<\/a> qui est suivi par plus de 1000 participants. Les 19 modules d'une demi-journ\u00e9e au total \u00e9clairent le th\u00e8me de la s\u00e9curit\u00e9 sous tous les angles. L'\u00e9ventail des th\u00e8mes va au-del\u00e0 de la th\u00e9matique g\u00e9n\u00e9rale du salon et consid\u00e8re la s\u00e9curit\u00e9 sous tous ses aspects : il s'agit de l'homme, de la technique, de l'organisation et des processus.<\/p>\n<p>Le congr\u00e8s s'ouvrira le 10 novembre par un module sur les menaces actuelles et les dangers potentiels pour les organisations publiques et priv\u00e9es. L'accent sera mis sur les d\u00e9fis en mati\u00e8re de politique de s\u00e9curit\u00e9, la corruption, les formes actuelles et futures de menaces ainsi que les strat\u00e9gies de r\u00e9duction des risques et les mesures \u00e0 prendre.<\/p>\n<p>Diff\u00e9rents modules abordent le th\u00e8me de l'assurance qualit\u00e9. On peut citer les modules Assurance qualit\u00e9 dans la protection contre l'incendie et Gestion du cycle de vie des installations de s\u00e9curit\u00e9.<\/p>\n<p>Les aspects techniques ne sont pas en reste : des composants et des \u00e9l\u00e9ments s\u00e9lectionn\u00e9s sont mis en lumi\u00e8re lors des demi-journ\u00e9es consacr\u00e9es \u00e0 la technique de protection contre l'incendie, \u00e0 la technique de s\u00e9curit\u00e9, \u00e0 la vid\u00e9osurveillance et au contr\u00f4le d'acc\u00e8s. Les th\u00e8mes de la s\u00e9curit\u00e9 des entreprises, de la planification de la s\u00e9curit\u00e9 et des services de s\u00e9curit\u00e9 sont \u00e9galement tr\u00e8s importants. Trois modules d'une demi-journ\u00e9e sont consacr\u00e9s au facteur humain, \u00e0 la s\u00e9curit\u00e9 et \u00e0 la sant\u00e9 des collaborateurs.<\/p>\n<p>Protection contre l'incendie et voies d'\u00e9vacuation : trois demi-journ\u00e9es sont consacr\u00e9es au partage d'exp\u00e9riences en mati\u00e8re de protection contre l'incendie, ce qui permet d'\u00e9tablir des parall\u00e8les et de tirer des conclusions sur les efforts \u00e0 fournir en la mati\u00e8re dans sa propre entreprise. Un autre module aborde avec des sp\u00e9cialistes toutes les questions juridiques, organisationnelles et de disposition en rapport avec la s\u00e9curit\u00e9 des voies d'\u00e9vacuation et de sauvetage.<\/p>\n<p>Une nouveaut\u00e9 de la 20e \u00e9dition du congr\u00e8s sp\u00e9cialis\u00e9 est le bloc th\u00e9matique sur la gestion des menaces, qui se d\u00e9roule pour la premi\u00e8re fois sous forme d'atelier.<\/p>","protected":false},"excerpt":{"rendered":"<p>Ein zentraler Bestandteil der Sicherheitsmesse in Z\u00fcrich-Oerlikon\u00a0wird einmal mehr der Fachkongress sein, den mehr als 1000 Teilnehmende besuchen. Die insgesamt 19 Halbtagesmodule beleuchten das Thema Sicherheit aus allen Blickwinkeln. Das Themenspektrum geht \u00fcber die allgemeine Messethematik hinaus und betrachtet Sicherheit rundum: Es geht um Mensch, Technik, Organisation und Prozesse. Er\u00f6ffnet wird der Kongress am 10. [&hellip;]<\/p>\n","protected":false},"author":1,"featured_media":1998,"comment_status":"open","ping_status":"open","sticky":false,"template":"","format":"standard","meta":{"_acf_changed":false,"pgc_sgb_lightbox_settings":"","footnotes":""},"categories":[1],"tags":[109,84,191],"class_list":["post-1995","post","type-post","status-publish","format-standard","has-post-thumbnail","hentry","category-allgemein","tag-aus-und-weiterbildung","tag-fachkongressfachmesse","tag-sicherheitsmesse"],"acf":[],"hkrextid":null,"publication":null,"issue":null,"workflow":null,"startPage":null,"spitzmarke":null,"_posts_by_tag_page_fields":{"widget_title":"","widget_tags":""},"_at_widget":"1","_yoast_wpseo_primary_category":"1","_yoast_wpseo_focuskw_text_input":"SICHERHEIT 2015","_yoast_wpseo_opengraph-image":"https:\/\/news.save.ch\/wp-content\/uploads\/2016\/12\/SICHERHEIT-2015-Welches-sind-die-Themen-am-Fachkongress-sicherheitsforum.jpg","_yoast_wpseo_opengraph-description":"Verschiedene Verb\u00e4nde und Organisationen unterst\u00fctzen und anerkennen den parallel zur Fachmesse SICHERHEIT durchgef\u00fchrten Fachkongress als Fortbildungseinheit. Ein Blick auf die Themenauswahl.","_yoast_wpseo_opengraph-title":"SICHERHEIT 2015: Welches sind die Themen am Fachkongress?","enclosure":null,"_yoast_wpseo_twitter-title":null,"_yoast_wpseo_twitter-description":null,"_yoast_wpseo_twitter-image":null,"_wp_old_slug":null,"_yoast_wpseo_title":null,"_yoast_wpseo_canonical":null,"yoast_head":"<!-- This site is optimized with the Yoast SEO plugin v27.4 - https:\/\/yoast.com\/product\/yoast-seo-wordpress\/ -->\n<title>SICHERHEIT 2015: Welches sind die Themen am Fachkongress? - Save<\/title>\n<meta name=\"description\" content=\"Diverse Verb\u00e4nde und Organisationen unterst\u00fctzen und anerkennen den parallel zur Fachmesse SICHERHEIT durchgef\u00fchrten Fachkongress als Fortbildungseinheit.\" \/>\n<meta name=\"robots\" content=\"index, follow, max-snippet:-1, max-image-preview:large, max-video-preview:-1\" \/>\n<link rel=\"canonical\" href=\"https:\/\/news.save.ch\/fr\/sicherheit-2015-welches-sind-die-themen-am-fachkongress\/\" \/>\n<meta property=\"og:locale\" content=\"fr_FR\" \/>\n<meta property=\"og:type\" content=\"article\" \/>\n<meta property=\"og:title\" content=\"SICHERHEIT 2015: Welches sind die Themen am Fachkongress?\" \/>\n<meta property=\"og:description\" content=\"Verschiedene Verb\u00e4nde und Organisationen unterst\u00fctzen und anerkennen den parallel zur Fachmesse SICHERHEIT durchgef\u00fchrten Fachkongress als Fortbildungseinheit. Ein Blick auf die Themenauswahl.\" \/>\n<meta property=\"og:url\" content=\"https:\/\/news.save.ch\/fr\/sicherheit-2015-welches-sind-die-themen-am-fachkongress\/\" \/>\n<meta property=\"og:site_name\" content=\"Save\" \/>\n<meta property=\"article:published_time\" content=\"2015-10-26T14:41:51+00:00\" \/>\n<meta property=\"og:image\" content=\"https:\/\/news.save.ch\/wp-content\/uploads\/2016\/12\/SICHERHEIT-2015-Welches-sind-die-Themen-am-Fachkongress-sicherheitsforum.jpg\" \/>\n<meta name=\"author\" content=\"admin\" \/>\n<meta name=\"twitter:card\" content=\"summary_large_image\" \/>\n<meta name=\"twitter:label1\" content=\"\u00c9crit par\" \/>\n\t<meta name=\"twitter:data1\" content=\"admin\" \/>\n\t<meta name=\"twitter:label2\" content=\"Dur\u00e9e de lecture estim\u00e9e\" \/>\n\t<meta name=\"twitter:data2\" content=\"1 minute\" \/>\n<script type=\"application\/ld+json\" class=\"yoast-schema-graph\">{\"@context\":\"https:\\\/\\\/schema.org\",\"@graph\":[{\"@type\":\"Article\",\"@id\":\"https:\\\/\\\/news.save.ch\\\/sicherheit-2015-welches-sind-die-themen-am-fachkongress\\\/#article\",\"isPartOf\":{\"@id\":\"https:\\\/\\\/news.save.ch\\\/sicherheit-2015-welches-sind-die-themen-am-fachkongress\\\/\"},\"author\":{\"name\":\"admin\",\"@id\":\"https:\\\/\\\/news.save.ch\\\/de\\\/#\\\/schema\\\/person\\\/d49e199490bad7c70d64b9ab51142f2b\"},\"headline\":\"SICHERHEIT 2015: Welches sind die Themen am Fachkongress?\",\"datePublished\":\"2015-10-26T14:41:51+00:00\",\"mainEntityOfPage\":{\"@id\":\"https:\\\/\\\/news.save.ch\\\/sicherheit-2015-welches-sind-die-themen-am-fachkongress\\\/\"},\"wordCount\":242,\"commentCount\":0,\"publisher\":{\"@id\":\"https:\\\/\\\/news.save.ch\\\/de\\\/#organization\"},\"image\":{\"@id\":\"https:\\\/\\\/news.save.ch\\\/sicherheit-2015-welches-sind-die-themen-am-fachkongress\\\/#primaryimage\"},\"thumbnailUrl\":\"https:\\\/\\\/news.save.ch\\\/wp-content\\\/uploads\\\/2016\\\/12\\\/SICHERHEIT-2015-Welches-sind-die-Themen-am-Fachkongress-sicherheitsforum.jpg\",\"keywords\":[\"Aus- und Weiterbildung\",\"Fachkongress\\\/Fachmesse\",\"Sicherheitsmesse\"],\"articleSection\":[\"ALLGEMEIN\"],\"inLanguage\":\"fr-FR\"},{\"@type\":\"WebPage\",\"@id\":\"https:\\\/\\\/news.save.ch\\\/sicherheit-2015-welches-sind-die-themen-am-fachkongress\\\/\",\"url\":\"https:\\\/\\\/news.save.ch\\\/sicherheit-2015-welches-sind-die-themen-am-fachkongress\\\/\",\"name\":\"SICHERHEIT 2015: Welches sind die Themen am Fachkongress? - Save\",\"isPartOf\":{\"@id\":\"https:\\\/\\\/news.save.ch\\\/de\\\/#website\"},\"primaryImageOfPage\":{\"@id\":\"https:\\\/\\\/news.save.ch\\\/sicherheit-2015-welches-sind-die-themen-am-fachkongress\\\/#primaryimage\"},\"image\":{\"@id\":\"https:\\\/\\\/news.save.ch\\\/sicherheit-2015-welches-sind-die-themen-am-fachkongress\\\/#primaryimage\"},\"thumbnailUrl\":\"https:\\\/\\\/news.save.ch\\\/wp-content\\\/uploads\\\/2016\\\/12\\\/SICHERHEIT-2015-Welches-sind-die-Themen-am-Fachkongress-sicherheitsforum.jpg\",\"datePublished\":\"2015-10-26T14:41:51+00:00\",\"description\":\"Diverse Verb\u00e4nde und Organisationen unterst\u00fctzen und anerkennen den parallel zur Fachmesse SICHERHEIT durchgef\u00fchrten Fachkongress als Fortbildungseinheit.\",\"breadcrumb\":{\"@id\":\"https:\\\/\\\/news.save.ch\\\/sicherheit-2015-welches-sind-die-themen-am-fachkongress\\\/#breadcrumb\"},\"inLanguage\":\"fr-FR\",\"potentialAction\":[{\"@type\":\"ReadAction\",\"target\":[\"https:\\\/\\\/news.save.ch\\\/sicherheit-2015-welches-sind-die-themen-am-fachkongress\\\/\"]}]},{\"@type\":\"ImageObject\",\"inLanguage\":\"fr-FR\",\"@id\":\"https:\\\/\\\/news.save.ch\\\/sicherheit-2015-welches-sind-die-themen-am-fachkongress\\\/#primaryimage\",\"url\":\"https:\\\/\\\/news.save.ch\\\/wp-content\\\/uploads\\\/2016\\\/12\\\/SICHERHEIT-2015-Welches-sind-die-Themen-am-Fachkongress-sicherheitsforum.jpg\",\"contentUrl\":\"https:\\\/\\\/news.save.ch\\\/wp-content\\\/uploads\\\/2016\\\/12\\\/SICHERHEIT-2015-Welches-sind-die-Themen-am-Fachkongress-sicherheitsforum.jpg\",\"width\":1080,\"height\":500,\"caption\":\"Foto: T. Entzeroth\"},{\"@type\":\"BreadcrumbList\",\"@id\":\"https:\\\/\\\/news.save.ch\\\/sicherheit-2015-welches-sind-die-themen-am-fachkongress\\\/#breadcrumb\",\"itemListElement\":[{\"@type\":\"ListItem\",\"position\":1,\"name\":\"Home\",\"item\":\"https:\\\/\\\/news.save.ch\\\/de\\\/\"},{\"@type\":\"ListItem\",\"position\":2,\"name\":\"SICHERHEIT 2015: Welches sind die Themen am Fachkongress?\"}]},{\"@type\":\"WebSite\",\"@id\":\"https:\\\/\\\/news.save.ch\\\/de\\\/#website\",\"url\":\"https:\\\/\\\/news.save.ch\\\/de\\\/\",\"name\":\"Save\",\"description\":\"Schweizer Fachzeitschrift f\u00fcr Sicherheit\",\"publisher\":{\"@id\":\"https:\\\/\\\/news.save.ch\\\/de\\\/#organization\"},\"potentialAction\":[{\"@type\":\"SearchAction\",\"target\":{\"@type\":\"EntryPoint\",\"urlTemplate\":\"https:\\\/\\\/news.save.ch\\\/de\\\/?s={search_term_string}\"},\"query-input\":{\"@type\":\"PropertyValueSpecification\",\"valueRequired\":true,\"valueName\":\"search_term_string\"}}],\"inLanguage\":\"fr-FR\"},{\"@type\":\"Organization\",\"@id\":\"https:\\\/\\\/news.save.ch\\\/de\\\/#organization\",\"name\":\"Sicherheitsforum\",\"url\":\"https:\\\/\\\/news.save.ch\\\/de\\\/\",\"logo\":{\"@type\":\"ImageObject\",\"inLanguage\":\"fr-FR\",\"@id\":\"https:\\\/\\\/news.save.ch\\\/de\\\/#\\\/schema\\\/logo\\\/image\\\/\",\"url\":\"https:\\\/\\\/news.save.ch\\\/wp-content\\\/uploads\\\/2022\\\/06\\\/Logo_SF_2012.png\",\"contentUrl\":\"https:\\\/\\\/news.save.ch\\\/wp-content\\\/uploads\\\/2022\\\/06\\\/Logo_SF_2012.png\",\"width\":1100,\"height\":91,\"caption\":\"Sicherheitsforum\"},\"image\":{\"@id\":\"https:\\\/\\\/news.save.ch\\\/de\\\/#\\\/schema\\\/logo\\\/image\\\/\"}},{\"@type\":\"Person\",\"@id\":\"https:\\\/\\\/news.save.ch\\\/de\\\/#\\\/schema\\\/person\\\/d49e199490bad7c70d64b9ab51142f2b\",\"name\":\"admin\",\"image\":{\"@type\":\"ImageObject\",\"inLanguage\":\"fr-FR\",\"@id\":\"https:\\\/\\\/secure.gravatar.com\\\/avatar\\\/ae2f4d718e6c49043e314ce431e7e645d646302a24a5ef5a8bc8e3f5a032e319?s=96&d=mm&r=g\",\"url\":\"https:\\\/\\\/secure.gravatar.com\\\/avatar\\\/ae2f4d718e6c49043e314ce431e7e645d646302a24a5ef5a8bc8e3f5a032e319?s=96&d=mm&r=g\",\"contentUrl\":\"https:\\\/\\\/secure.gravatar.com\\\/avatar\\\/ae2f4d718e6c49043e314ce431e7e645d646302a24a5ef5a8bc8e3f5a032e319?s=96&d=mm&r=g\",\"caption\":\"admin\"},\"sameAs\":[\"https:\\\/\\\/develop.organisator.galledia.ch\"],\"url\":\"https:\\\/\\\/news.save.ch\\\/fr\\\/author\\\/admin\\\/\"}]}<\/script>\n<!-- \/ Yoast SEO plugin. -->","yoast_head_json":{"title":"SICHERHEIT 2015 : Quels sont les th\u00e8mes du congr\u00e8s sp\u00e9cialis\u00e9 ? - Save","description":"Diverses associations et organisations soutiennent et reconnaissent le congr\u00e8s professionnel organis\u00e9 parall\u00e8lement au salon professionnel SICHERHEIT comme une unit\u00e9 de formation continue.","robots":{"index":"index","follow":"follow","max-snippet":"max-snippet:-1","max-image-preview":"max-image-preview:large","max-video-preview":"max-video-preview:-1"},"canonical":"https:\/\/news.save.ch\/fr\/sicherheit-2015-welches-sind-die-themen-am-fachkongress\/","og_locale":"fr_FR","og_type":"article","og_title":"SICHERHEIT 2015: Welches sind die Themen am Fachkongress?","og_description":"Verschiedene Verb\u00e4nde und Organisationen unterst\u00fctzen und anerkennen den parallel zur Fachmesse SICHERHEIT durchgef\u00fchrten Fachkongress als Fortbildungseinheit. Ein Blick auf die Themenauswahl.","og_url":"https:\/\/news.save.ch\/fr\/sicherheit-2015-welches-sind-die-themen-am-fachkongress\/","og_site_name":"Save","article_published_time":"2015-10-26T14:41:51+00:00","og_image":[{"url":"https:\/\/news.save.ch\/wp-content\/uploads\/2016\/12\/SICHERHEIT-2015-Welches-sind-die-Themen-am-Fachkongress-sicherheitsforum.jpg","type":"","width":"","height":""}],"author":"admin","twitter_card":"summary_large_image","twitter_misc":{"\u00c9crit par":"admin","Dur\u00e9e de lecture estim\u00e9e":"1 minute"},"schema":{"@context":"https:\/\/schema.org","@graph":[{"@type":"Article","@id":"https:\/\/news.save.ch\/sicherheit-2015-welches-sind-die-themen-am-fachkongress\/#article","isPartOf":{"@id":"https:\/\/news.save.ch\/sicherheit-2015-welches-sind-die-themen-am-fachkongress\/"},"author":{"name":"admin","@id":"https:\/\/news.save.ch\/de\/#\/schema\/person\/d49e199490bad7c70d64b9ab51142f2b"},"headline":"SICHERHEIT 2015: Welches sind die Themen am Fachkongress?","datePublished":"2015-10-26T14:41:51+00:00","mainEntityOfPage":{"@id":"https:\/\/news.save.ch\/sicherheit-2015-welches-sind-die-themen-am-fachkongress\/"},"wordCount":242,"commentCount":0,"publisher":{"@id":"https:\/\/news.save.ch\/de\/#organization"},"image":{"@id":"https:\/\/news.save.ch\/sicherheit-2015-welches-sind-die-themen-am-fachkongress\/#primaryimage"},"thumbnailUrl":"https:\/\/news.save.ch\/wp-content\/uploads\/2016\/12\/SICHERHEIT-2015-Welches-sind-die-Themen-am-Fachkongress-sicherheitsforum.jpg","keywords":["Aus- und Weiterbildung","Fachkongress\/Fachmesse","Sicherheitsmesse"],"articleSection":["ALLGEMEIN"],"inLanguage":"fr-FR"},{"@type":"WebPage","@id":"https:\/\/news.save.ch\/sicherheit-2015-welches-sind-die-themen-am-fachkongress\/","url":"https:\/\/news.save.ch\/sicherheit-2015-welches-sind-die-themen-am-fachkongress\/","name":"SICHERHEIT 2015 : Quels sont les th\u00e8mes du congr\u00e8s sp\u00e9cialis\u00e9 ? - Save","isPartOf":{"@id":"https:\/\/news.save.ch\/de\/#website"},"primaryImageOfPage":{"@id":"https:\/\/news.save.ch\/sicherheit-2015-welches-sind-die-themen-am-fachkongress\/#primaryimage"},"image":{"@id":"https:\/\/news.save.ch\/sicherheit-2015-welches-sind-die-themen-am-fachkongress\/#primaryimage"},"thumbnailUrl":"https:\/\/news.save.ch\/wp-content\/uploads\/2016\/12\/SICHERHEIT-2015-Welches-sind-die-Themen-am-Fachkongress-sicherheitsforum.jpg","datePublished":"2015-10-26T14:41:51+00:00","description":"Diverses associations et organisations soutiennent et reconnaissent le congr\u00e8s professionnel organis\u00e9 parall\u00e8lement au salon professionnel SICHERHEIT comme une unit\u00e9 de formation continue.","breadcrumb":{"@id":"https:\/\/news.save.ch\/sicherheit-2015-welches-sind-die-themen-am-fachkongress\/#breadcrumb"},"inLanguage":"fr-FR","potentialAction":[{"@type":"ReadAction","target":["https:\/\/news.save.ch\/sicherheit-2015-welches-sind-die-themen-am-fachkongress\/"]}]},{"@type":"ImageObject","inLanguage":"fr-FR","@id":"https:\/\/news.save.ch\/sicherheit-2015-welches-sind-die-themen-am-fachkongress\/#primaryimage","url":"https:\/\/news.save.ch\/wp-content\/uploads\/2016\/12\/SICHERHEIT-2015-Welches-sind-die-Themen-am-Fachkongress-sicherheitsforum.jpg","contentUrl":"https:\/\/news.save.ch\/wp-content\/uploads\/2016\/12\/SICHERHEIT-2015-Welches-sind-die-Themen-am-Fachkongress-sicherheitsforum.jpg","width":1080,"height":500,"caption":"Foto: T. Entzeroth"},{"@type":"BreadcrumbList","@id":"https:\/\/news.save.ch\/sicherheit-2015-welches-sind-die-themen-am-fachkongress\/#breadcrumb","itemListElement":[{"@type":"ListItem","position":1,"name":"Home","item":"https:\/\/news.save.ch\/de\/"},{"@type":"ListItem","position":2,"name":"SICHERHEIT 2015: Welches sind die Themen am Fachkongress?"}]},{"@type":"WebSite","@id":"https:\/\/news.save.ch\/de\/#website","url":"https:\/\/news.save.ch\/de\/","name":"Save","description":"Revue suisse sp\u00e9cialis\u00e9e dans la s\u00e9curit\u00e9","publisher":{"@id":"https:\/\/news.save.ch\/de\/#organization"},"potentialAction":[{"@type":"SearchAction","target":{"@type":"EntryPoint","urlTemplate":"https:\/\/news.save.ch\/de\/?s={search_term_string}"},"query-input":{"@type":"PropertyValueSpecification","valueRequired":true,"valueName":"search_term_string"}}],"inLanguage":"fr-FR"},{"@type":"Organization","@id":"https:\/\/news.save.ch\/de\/#organization","name":"Forum sur la s\u00e9curit\u00e9","url":"https:\/\/news.save.ch\/de\/","logo":{"@type":"ImageObject","inLanguage":"fr-FR","@id":"https:\/\/news.save.ch\/de\/#\/schema\/logo\/image\/","url":"https:\/\/news.save.ch\/wp-content\/uploads\/2022\/06\/Logo_SF_2012.png","contentUrl":"https:\/\/news.save.ch\/wp-content\/uploads\/2022\/06\/Logo_SF_2012.png","width":1100,"height":91,"caption":"Sicherheitsforum"},"image":{"@id":"https:\/\/news.save.ch\/de\/#\/schema\/logo\/image\/"}},{"@type":"Person","@id":"https:\/\/news.save.ch\/de\/#\/schema\/person\/d49e199490bad7c70d64b9ab51142f2b","name":"admin","image":{"@type":"ImageObject","inLanguage":"fr-FR","@id":"https:\/\/secure.gravatar.com\/avatar\/ae2f4d718e6c49043e314ce431e7e645d646302a24a5ef5a8bc8e3f5a032e319?s=96&d=mm&r=g","url":"https:\/\/secure.gravatar.com\/avatar\/ae2f4d718e6c49043e314ce431e7e645d646302a24a5ef5a8bc8e3f5a032e319?s=96&d=mm&r=g","contentUrl":"https:\/\/secure.gravatar.com\/avatar\/ae2f4d718e6c49043e314ce431e7e645d646302a24a5ef5a8bc8e3f5a032e319?s=96&d=mm&r=g","caption":"admin"},"sameAs":["https:\/\/develop.organisator.galledia.ch"],"url":"https:\/\/news.save.ch\/fr\/author\/admin\/"}]}},"_links":{"self":[{"href":"https:\/\/news.save.ch\/fr\/wp-json\/wp\/v2\/posts\/1995","targetHints":{"allow":["GET"]}}],"collection":[{"href":"https:\/\/news.save.ch\/fr\/wp-json\/wp\/v2\/posts"}],"about":[{"href":"https:\/\/news.save.ch\/fr\/wp-json\/wp\/v2\/types\/post"}],"author":[{"embeddable":true,"href":"https:\/\/news.save.ch\/fr\/wp-json\/wp\/v2\/users\/1"}],"replies":[{"embeddable":true,"href":"https:\/\/news.save.ch\/fr\/wp-json\/wp\/v2\/comments?post=1995"}],"version-history":[{"count":0,"href":"https:\/\/news.save.ch\/fr\/wp-json\/wp\/v2\/posts\/1995\/revisions"}],"wp:featuredmedia":[{"embeddable":true,"href":"https:\/\/news.save.ch\/fr\/wp-json\/wp\/v2\/media\/1998"}],"wp:attachment":[{"href":"https:\/\/news.save.ch\/fr\/wp-json\/wp\/v2\/media?parent=1995"}],"wp:term":[{"taxonomy":"category","embeddable":true,"href":"https:\/\/news.save.ch\/fr\/wp-json\/wp\/v2\/categories?post=1995"},{"taxonomy":"post_tag","embeddable":true,"href":"https:\/\/news.save.ch\/fr\/wp-json\/wp\/v2\/tags?post=1995"}],"curies":[{"name":"wp","href":"https:\/\/api.w.org\/{rel}","templated":true}]}}