{"id":20263,"date":"2023-06-27T06:02:31","date_gmt":"2023-06-27T04:02:31","guid":{"rendered":"https:\/\/news.save.ch\/?p=20263"},"modified":"2023-07-03T08:53:10","modified_gmt":"2023-07-03T06:53:10","slug":"entfuehrungsalarm-neu-auf-alertswiss","status":null,"type":"post","link":"https:\/\/news.save.ch\/fr\/entfuehrungsalarm-neu-auf-alertswiss\/","title":{"rendered":"Alerte enl\u00e8vement : une nouveaut\u00e9 sur Alertswiss"},"content":{"rendered":"<figure id=\"attachment_20267\" aria-describedby=\"caption-attachment-20267\" style=\"width: 680px\" class=\"wp-caption alignleft\"><img loading=\"lazy\" decoding=\"async\" class=\"size-medium wp-image-20267\" src=\"https:\/\/news.save.ch\/wp-content\/uploads\/2023\/06\/Bald-eine-Warn-App-fuer-die-Schweiz_sicherheitsforum-680x454.jpg\" alt=\"Alertswiss\" width=\"680\" height=\"454\" srcset=\"https:\/\/news.save.ch\/wp-content\/uploads\/2023\/06\/Bald-eine-Warn-App-fuer-die-Schweiz_sicherheitsforum-680x454.jpg 680w, https:\/\/news.save.ch\/wp-content\/uploads\/2023\/06\/Bald-eine-Warn-App-fuer-die-Schweiz_sicherheitsforum-768x512.jpg 768w, https:\/\/news.save.ch\/wp-content\/uploads\/2023\/06\/Bald-eine-Warn-App-fuer-die-Schweiz_sicherheitsforum-18x12.jpg 18w, https:\/\/news.save.ch\/wp-content\/uploads\/2023\/06\/Bald-eine-Warn-App-fuer-die-Schweiz_sicherheitsforum-375x250.jpg 375w, https:\/\/news.save.ch\/wp-content\/uploads\/2023\/06\/Bald-eine-Warn-App-fuer-die-Schweiz_sicherheitsforum-525x350.jpg 525w, https:\/\/news.save.ch\/wp-content\/uploads\/2023\/06\/Bald-eine-Warn-App-fuer-die-Schweiz_sicherheitsforum.jpg 1000w\" sizes=\"auto, (max-width: 680px) 100vw, 680px\" \/><figcaption id=\"caption-attachment-20267\" class=\"wp-caption-text\">Image PD<\/figcaption><\/figure>\n<p>En cas d'enl\u00e8vement, les premi\u00e8res heures et chaque information fournie par la population peuvent \u00eatre d\u00e9cisives, comme le souligne fedpol. En 2010, l'Alerte-Enl\u00e8vement a \u00e9t\u00e9 cr\u00e9\u00e9e pour permettre \u00e0 la police de donner l'alerte rapidement et en d\u00e9tail. Jusqu'\u00e0 pr\u00e9sent, la population suisse pouvait s'informer sous <a href=\"http:\/\/www.entfuehrungsalarm.ch\" target=\"_blank\" rel=\"noopener\">www.entfuehrungsalarm.ch<\/a> s'inscrire \u00e0 l'alerte SMS. En cas d'enl\u00e8vement, les personnes inscrites recevront un SMS. \u00c0 partir du 30 juin 2023, l'alerte enl\u00e8vement sera int\u00e9gr\u00e9e dans le syst\u00e8me national d'alerte enl\u00e8vement. <a href=\"https:\/\/www.alert.swiss\/de\/app.html\" target=\"_blank\" rel=\"noopener\">Application d'alarme Alertswiss<\/a> de l'Office f\u00e9d\u00e9ral de la protection de la population, comme l'\u00e9crit fedpol dans son communiqu\u00e9 de presse. L'application Alertswiss permet aux utilisateurs d'\u00eatre inform\u00e9s, avertis et alert\u00e9s par des messages push en cas d'\u00e9v\u00e9nements importants pour la protection de la population dans les cantons favoris qu'ils ont eux-m\u00eames choisis et \u00e0 leur propre emplacement. L'alerte enl\u00e8vement entra\u00eenerait, via Alertswiss, un message de niveau \"alerte\" pour toute la Suisse. Selon les indications, l'application Alertswiss est actuellement install\u00e9e sur plus de 1,7 million de smartphones. Avec l'int\u00e9gration de l'Alerte enl\u00e8vement dans Alertswiss, l'Alerte SMS sera probablement supprim\u00e9e fin 2024.<\/p>\n<h3>L'alerte enl\u00e8vement est une mission conjointe de la police<\/h3>\n<p>L'Alerte enl\u00e8vement est une collaboration entre le D\u00e9partement f\u00e9d\u00e9ral de justice et police (DFJP) et la Conf\u00e9rence des directeurs cantonaux de justice et police (CCDJP). En Suisse, ce sont les polices cantonales qui sont responsables de la gestion primaire d'un enl\u00e8vement. Elles d\u00e9cideraient de d\u00e9clencher ou non l'alerte enl\u00e8vement. Si l'alerte est d\u00e9clench\u00e9e, fedpol diffuse le message d'alerte dans toute la Suisse pendant au moins trois heures, en collaboration avec les partenaires de la convention. Parmi les canaux utilis\u00e9s figurent les m\u00e9dias, les sites Internet ainsi que les \u00e9crans d'information dans les lieux publics tr\u00e8s fr\u00e9quent\u00e9s tels que les autoroutes, les a\u00e9roports, les gares ou les centres commerciaux. Parall\u00e8lement, fedpol g\u00e8re et entretient les canaux de police nationaux et internationaux et met en place un centre d'appel auquel la population peut s'adresser pour donner des informations sur l'enl\u00e8vement, conclut le communiqu\u00e9.<\/p>","protected":false},"excerpt":{"rendered":"<p>Im Fall einer Entf\u00fchrung k\u00f6nnen die ersten Stunden und jeder Hinweis aus der Bev\u00f6lkerung entscheidend sein, wie das fedpol betont. 2010 habe man den Entf\u00fchrungsalarm ins Leben gerufen, \u00fcber den die Polizei rasch und umfassend alarmieren k\u00f6nne. Bislang konnte sich die Schweizer Bev\u00f6lkerung unter www.entfuehrungsalarm.ch f\u00fcr den SMS-Alarm anmelden. Bei einer Entf\u00fchrung erhalten Registrierte eine [&hellip;]<\/p>\n","protected":false},"author":8,"featured_media":20267,"comment_status":"closed","ping_status":"closed","sticky":false,"template":"","format":"standard","meta":{"_acf_changed":false,"pgc_sgb_lightbox_settings":"","footnotes":""},"categories":[1],"tags":[663,3744],"class_list":["post-20263","post","type-post","status-publish","format-standard","has-post-thumbnail","hentry","category-allgemein","tag-alertswiss","tag-alertswiss-kanaele"],"acf":[],"hkrextid":null,"publication":null,"issue":null,"workflow":null,"startPage":null,"spitzmarke":null,"_posts_by_tag_page_fields":null,"_at_widget":null,"_yoast_wpseo_primary_category":"","_yoast_wpseo_focuskw_text_input":null,"_yoast_wpseo_opengraph-image":null,"_yoast_wpseo_opengraph-description":null,"_yoast_wpseo_opengraph-title":null,"enclosure":null,"_yoast_wpseo_twitter-title":null,"_yoast_wpseo_twitter-description":null,"_yoast_wpseo_twitter-image":null,"_wp_old_slug":null,"_yoast_wpseo_title":null,"_yoast_wpseo_canonical":null,"yoast_head":"<!-- This site is optimized with the Yoast SEO plugin v27.4 - https:\/\/yoast.com\/product\/yoast-seo-wordpress\/ -->\n<title>Entf\u00fchrungsalarm neu auf Alertswiss - Save<\/title>\n<meta name=\"description\" content=\"Ab dem 30. Juni 2023 ist der Entf\u00fchrungsalarm in die Alarmierungs-App Alertswiss und die Alertswiss-Website integriert.\" \/>\n<meta name=\"robots\" content=\"index, follow, max-snippet:-1, max-image-preview:large, max-video-preview:-1\" \/>\n<link rel=\"canonical\" href=\"https:\/\/news.save.ch\/fr\/entfuehrungsalarm-neu-auf-alertswiss\/\" \/>\n<meta property=\"og:locale\" content=\"fr_FR\" \/>\n<meta property=\"og:type\" content=\"article\" \/>\n<meta property=\"og:title\" content=\"Entf\u00fchrungsalarm neu auf Alertswiss - Save\" \/>\n<meta property=\"og:description\" content=\"Ab dem 30. Juni 2023 ist der Entf\u00fchrungsalarm in die Alarmierungs-App Alertswiss und die Alertswiss-Website integriert.\" \/>\n<meta property=\"og:url\" content=\"https:\/\/news.save.ch\/fr\/entfuehrungsalarm-neu-auf-alertswiss\/\" \/>\n<meta property=\"og:site_name\" content=\"Save\" \/>\n<meta property=\"article:published_time\" content=\"2023-06-27T04:02:31+00:00\" \/>\n<meta property=\"article:modified_time\" content=\"2023-07-03T06:53:10+00:00\" \/>\n<meta property=\"og:image\" content=\"https:\/\/news.save.ch\/wp-content\/uploads\/2023\/06\/Bald-eine-Warn-App-fuer-die-Schweiz_sicherheitsforum.jpg\" \/>\n\t<meta property=\"og:image:width\" content=\"1000\" \/>\n\t<meta property=\"og:image:height\" content=\"667\" \/>\n\t<meta property=\"og:image:type\" content=\"image\/jpeg\" \/>\n<meta name=\"author\" content=\"Roger Str\u00e4ssle\" \/>\n<meta name=\"twitter:card\" content=\"summary_large_image\" \/>\n<meta name=\"twitter:label1\" content=\"\u00c9crit par\" \/>\n\t<meta name=\"twitter:data1\" content=\"Roger Str\u00e4ssle\" \/>\n\t<meta name=\"twitter:label2\" content=\"Dur\u00e9e de lecture estim\u00e9e\" \/>\n\t<meta name=\"twitter:data2\" content=\"2 minutes\" \/>\n<script type=\"application\/ld+json\" class=\"yoast-schema-graph\">{\"@context\":\"https:\\\/\\\/schema.org\",\"@graph\":[{\"@type\":\"Article\",\"@id\":\"https:\\\/\\\/news.save.ch\\\/entfuehrungsalarm-neu-auf-alertswiss\\\/#article\",\"isPartOf\":{\"@id\":\"https:\\\/\\\/news.save.ch\\\/entfuehrungsalarm-neu-auf-alertswiss\\\/\"},\"author\":{\"name\":\"Roger Str\u00e4ssle\",\"@id\":\"https:\\\/\\\/news.save.ch\\\/de\\\/#\\\/schema\\\/person\\\/d5022db048e0e2b9785c50e5b24da5aa\"},\"headline\":\"Entf\u00fchrungsalarm neu auf Alertswiss\",\"datePublished\":\"2023-06-27T04:02:31+00:00\",\"dateModified\":\"2023-07-03T06:53:10+00:00\",\"mainEntityOfPage\":{\"@id\":\"https:\\\/\\\/news.save.ch\\\/entfuehrungsalarm-neu-auf-alertswiss\\\/\"},\"wordCount\":315,\"publisher\":{\"@id\":\"https:\\\/\\\/news.save.ch\\\/de\\\/#organization\"},\"image\":{\"@id\":\"https:\\\/\\\/news.save.ch\\\/entfuehrungsalarm-neu-auf-alertswiss\\\/#primaryimage\"},\"thumbnailUrl\":\"https:\\\/\\\/news.save.ch\\\/wp-content\\\/uploads\\\/2023\\\/06\\\/Bald-eine-Warn-App-fuer-die-Schweiz_sicherheitsforum.jpg\",\"keywords\":[\"Alertswiss\",\"Alertswiss-Kan\u00e4le\"],\"articleSection\":[\"ALLGEMEIN\"],\"inLanguage\":\"fr-FR\"},{\"@type\":\"WebPage\",\"@id\":\"https:\\\/\\\/news.save.ch\\\/entfuehrungsalarm-neu-auf-alertswiss\\\/\",\"url\":\"https:\\\/\\\/news.save.ch\\\/entfuehrungsalarm-neu-auf-alertswiss\\\/\",\"name\":\"Entf\u00fchrungsalarm neu auf Alertswiss - Save\",\"isPartOf\":{\"@id\":\"https:\\\/\\\/news.save.ch\\\/de\\\/#website\"},\"primaryImageOfPage\":{\"@id\":\"https:\\\/\\\/news.save.ch\\\/entfuehrungsalarm-neu-auf-alertswiss\\\/#primaryimage\"},\"image\":{\"@id\":\"https:\\\/\\\/news.save.ch\\\/entfuehrungsalarm-neu-auf-alertswiss\\\/#primaryimage\"},\"thumbnailUrl\":\"https:\\\/\\\/news.save.ch\\\/wp-content\\\/uploads\\\/2023\\\/06\\\/Bald-eine-Warn-App-fuer-die-Schweiz_sicherheitsforum.jpg\",\"datePublished\":\"2023-06-27T04:02:31+00:00\",\"dateModified\":\"2023-07-03T06:53:10+00:00\",\"description\":\"Ab dem 30. Juni 2023 ist der Entf\u00fchrungsalarm in die Alarmierungs-App Alertswiss und die Alertswiss-Website integriert.\",\"breadcrumb\":{\"@id\":\"https:\\\/\\\/news.save.ch\\\/entfuehrungsalarm-neu-auf-alertswiss\\\/#breadcrumb\"},\"inLanguage\":\"fr-FR\",\"potentialAction\":[{\"@type\":\"ReadAction\",\"target\":[\"https:\\\/\\\/news.save.ch\\\/entfuehrungsalarm-neu-auf-alertswiss\\\/\"]}]},{\"@type\":\"ImageObject\",\"inLanguage\":\"fr-FR\",\"@id\":\"https:\\\/\\\/news.save.ch\\\/entfuehrungsalarm-neu-auf-alertswiss\\\/#primaryimage\",\"url\":\"https:\\\/\\\/news.save.ch\\\/wp-content\\\/uploads\\\/2023\\\/06\\\/Bald-eine-Warn-App-fuer-die-Schweiz_sicherheitsforum.jpg\",\"contentUrl\":\"https:\\\/\\\/news.save.ch\\\/wp-content\\\/uploads\\\/2023\\\/06\\\/Bald-eine-Warn-App-fuer-die-Schweiz_sicherheitsforum.jpg\",\"width\":1000,\"height\":667,\"caption\":\"Bild PD\"},{\"@type\":\"BreadcrumbList\",\"@id\":\"https:\\\/\\\/news.save.ch\\\/entfuehrungsalarm-neu-auf-alertswiss\\\/#breadcrumb\",\"itemListElement\":[{\"@type\":\"ListItem\",\"position\":1,\"name\":\"Home\",\"item\":\"https:\\\/\\\/news.save.ch\\\/de\\\/\"},{\"@type\":\"ListItem\",\"position\":2,\"name\":\"Entf\u00fchrungsalarm neu auf Alertswiss\"}]},{\"@type\":\"WebSite\",\"@id\":\"https:\\\/\\\/news.save.ch\\\/de\\\/#website\",\"url\":\"https:\\\/\\\/news.save.ch\\\/de\\\/\",\"name\":\"Save\",\"description\":\"Schweizer Fachzeitschrift f\u00fcr Sicherheit\",\"publisher\":{\"@id\":\"https:\\\/\\\/news.save.ch\\\/de\\\/#organization\"},\"potentialAction\":[{\"@type\":\"SearchAction\",\"target\":{\"@type\":\"EntryPoint\",\"urlTemplate\":\"https:\\\/\\\/news.save.ch\\\/de\\\/?s={search_term_string}\"},\"query-input\":{\"@type\":\"PropertyValueSpecification\",\"valueRequired\":true,\"valueName\":\"search_term_string\"}}],\"inLanguage\":\"fr-FR\"},{\"@type\":\"Organization\",\"@id\":\"https:\\\/\\\/news.save.ch\\\/de\\\/#organization\",\"name\":\"Sicherheitsforum\",\"url\":\"https:\\\/\\\/news.save.ch\\\/de\\\/\",\"logo\":{\"@type\":\"ImageObject\",\"inLanguage\":\"fr-FR\",\"@id\":\"https:\\\/\\\/news.save.ch\\\/de\\\/#\\\/schema\\\/logo\\\/image\\\/\",\"url\":\"https:\\\/\\\/news.save.ch\\\/wp-content\\\/uploads\\\/2022\\\/06\\\/Logo_SF_2012.png\",\"contentUrl\":\"https:\\\/\\\/news.save.ch\\\/wp-content\\\/uploads\\\/2022\\\/06\\\/Logo_SF_2012.png\",\"width\":1100,\"height\":91,\"caption\":\"Sicherheitsforum\"},\"image\":{\"@id\":\"https:\\\/\\\/news.save.ch\\\/de\\\/#\\\/schema\\\/logo\\\/image\\\/\"}},{\"@type\":\"Person\",\"@id\":\"https:\\\/\\\/news.save.ch\\\/de\\\/#\\\/schema\\\/person\\\/d5022db048e0e2b9785c50e5b24da5aa\",\"name\":\"Roger Str\u00e4ssle\",\"image\":{\"@type\":\"ImageObject\",\"inLanguage\":\"fr-FR\",\"@id\":\"https:\\\/\\\/secure.gravatar.com\\\/avatar\\\/862a5569d087de48e5856e32f45d719a03804c891d6deb8d4f71a660e79e4a47?s=96&d=mm&r=g\",\"url\":\"https:\\\/\\\/secure.gravatar.com\\\/avatar\\\/862a5569d087de48e5856e32f45d719a03804c891d6deb8d4f71a660e79e4a47?s=96&d=mm&r=g\",\"contentUrl\":\"https:\\\/\\\/secure.gravatar.com\\\/avatar\\\/862a5569d087de48e5856e32f45d719a03804c891d6deb8d4f71a660e79e4a47?s=96&d=mm&r=g\",\"caption\":\"Roger Str\u00e4ssle\"},\"url\":\"https:\\\/\\\/news.save.ch\\\/fr\\\/author\\\/roger-straessle\\\/\"}]}<\/script>\n<!-- \/ Yoast SEO plugin. -->","yoast_head_json":{"title":"Alerte enl\u00e8vement d\u00e9sormais sur Alertswiss - Save","description":"\u00c0 partir du 30 juin 2023, l'Alerte enl\u00e8vement sera int\u00e9gr\u00e9e dans l'application d'alerte Alertswiss et sur le site web d'Alertswiss.","robots":{"index":"index","follow":"follow","max-snippet":"max-snippet:-1","max-image-preview":"max-image-preview:large","max-video-preview":"max-video-preview:-1"},"canonical":"https:\/\/news.save.ch\/fr\/entfuehrungsalarm-neu-auf-alertswiss\/","og_locale":"fr_FR","og_type":"article","og_title":"Entf\u00fchrungsalarm neu auf Alertswiss - Save","og_description":"Ab dem 30. Juni 2023 ist der Entf\u00fchrungsalarm in die Alarmierungs-App Alertswiss und die Alertswiss-Website integriert.","og_url":"https:\/\/news.save.ch\/fr\/entfuehrungsalarm-neu-auf-alertswiss\/","og_site_name":"Save","article_published_time":"2023-06-27T04:02:31+00:00","article_modified_time":"2023-07-03T06:53:10+00:00","og_image":[{"width":1000,"height":667,"url":"https:\/\/news.save.ch\/wp-content\/uploads\/2023\/06\/Bald-eine-Warn-App-fuer-die-Schweiz_sicherheitsforum.jpg","type":"image\/jpeg"}],"author":"Roger Str\u00e4ssle","twitter_card":"summary_large_image","twitter_misc":{"\u00c9crit par":"Roger Str\u00e4ssle","Dur\u00e9e de lecture estim\u00e9e":"2 minutes"},"schema":{"@context":"https:\/\/schema.org","@graph":[{"@type":"Article","@id":"https:\/\/news.save.ch\/entfuehrungsalarm-neu-auf-alertswiss\/#article","isPartOf":{"@id":"https:\/\/news.save.ch\/entfuehrungsalarm-neu-auf-alertswiss\/"},"author":{"name":"Roger Str\u00e4ssle","@id":"https:\/\/news.save.ch\/de\/#\/schema\/person\/d5022db048e0e2b9785c50e5b24da5aa"},"headline":"Entf\u00fchrungsalarm neu auf Alertswiss","datePublished":"2023-06-27T04:02:31+00:00","dateModified":"2023-07-03T06:53:10+00:00","mainEntityOfPage":{"@id":"https:\/\/news.save.ch\/entfuehrungsalarm-neu-auf-alertswiss\/"},"wordCount":315,"publisher":{"@id":"https:\/\/news.save.ch\/de\/#organization"},"image":{"@id":"https:\/\/news.save.ch\/entfuehrungsalarm-neu-auf-alertswiss\/#primaryimage"},"thumbnailUrl":"https:\/\/news.save.ch\/wp-content\/uploads\/2023\/06\/Bald-eine-Warn-App-fuer-die-Schweiz_sicherheitsforum.jpg","keywords":["Alertswiss","Alertswiss-Kan\u00e4le"],"articleSection":["ALLGEMEIN"],"inLanguage":"fr-FR"},{"@type":"WebPage","@id":"https:\/\/news.save.ch\/entfuehrungsalarm-neu-auf-alertswiss\/","url":"https:\/\/news.save.ch\/entfuehrungsalarm-neu-auf-alertswiss\/","name":"Alerte enl\u00e8vement d\u00e9sormais sur Alertswiss - Save","isPartOf":{"@id":"https:\/\/news.save.ch\/de\/#website"},"primaryImageOfPage":{"@id":"https:\/\/news.save.ch\/entfuehrungsalarm-neu-auf-alertswiss\/#primaryimage"},"image":{"@id":"https:\/\/news.save.ch\/entfuehrungsalarm-neu-auf-alertswiss\/#primaryimage"},"thumbnailUrl":"https:\/\/news.save.ch\/wp-content\/uploads\/2023\/06\/Bald-eine-Warn-App-fuer-die-Schweiz_sicherheitsforum.jpg","datePublished":"2023-06-27T04:02:31+00:00","dateModified":"2023-07-03T06:53:10+00:00","description":"\u00c0 partir du 30 juin 2023, l'Alerte enl\u00e8vement sera int\u00e9gr\u00e9e dans l'application d'alerte Alertswiss et sur le site web d'Alertswiss.","breadcrumb":{"@id":"https:\/\/news.save.ch\/entfuehrungsalarm-neu-auf-alertswiss\/#breadcrumb"},"inLanguage":"fr-FR","potentialAction":[{"@type":"ReadAction","target":["https:\/\/news.save.ch\/entfuehrungsalarm-neu-auf-alertswiss\/"]}]},{"@type":"ImageObject","inLanguage":"fr-FR","@id":"https:\/\/news.save.ch\/entfuehrungsalarm-neu-auf-alertswiss\/#primaryimage","url":"https:\/\/news.save.ch\/wp-content\/uploads\/2023\/06\/Bald-eine-Warn-App-fuer-die-Schweiz_sicherheitsforum.jpg","contentUrl":"https:\/\/news.save.ch\/wp-content\/uploads\/2023\/06\/Bald-eine-Warn-App-fuer-die-Schweiz_sicherheitsforum.jpg","width":1000,"height":667,"caption":"Bild PD"},{"@type":"BreadcrumbList","@id":"https:\/\/news.save.ch\/entfuehrungsalarm-neu-auf-alertswiss\/#breadcrumb","itemListElement":[{"@type":"ListItem","position":1,"name":"Home","item":"https:\/\/news.save.ch\/de\/"},{"@type":"ListItem","position":2,"name":"Entf\u00fchrungsalarm neu auf Alertswiss"}]},{"@type":"WebSite","@id":"https:\/\/news.save.ch\/de\/#website","url":"https:\/\/news.save.ch\/de\/","name":"Save","description":"Revue suisse sp\u00e9cialis\u00e9e dans la s\u00e9curit\u00e9","publisher":{"@id":"https:\/\/news.save.ch\/de\/#organization"},"potentialAction":[{"@type":"SearchAction","target":{"@type":"EntryPoint","urlTemplate":"https:\/\/news.save.ch\/de\/?s={search_term_string}"},"query-input":{"@type":"PropertyValueSpecification","valueRequired":true,"valueName":"search_term_string"}}],"inLanguage":"fr-FR"},{"@type":"Organization","@id":"https:\/\/news.save.ch\/de\/#organization","name":"Forum sur la s\u00e9curit\u00e9","url":"https:\/\/news.save.ch\/de\/","logo":{"@type":"ImageObject","inLanguage":"fr-FR","@id":"https:\/\/news.save.ch\/de\/#\/schema\/logo\/image\/","url":"https:\/\/news.save.ch\/wp-content\/uploads\/2022\/06\/Logo_SF_2012.png","contentUrl":"https:\/\/news.save.ch\/wp-content\/uploads\/2022\/06\/Logo_SF_2012.png","width":1100,"height":91,"caption":"Sicherheitsforum"},"image":{"@id":"https:\/\/news.save.ch\/de\/#\/schema\/logo\/image\/"}},{"@type":"Person","@id":"https:\/\/news.save.ch\/de\/#\/schema\/person\/d5022db048e0e2b9785c50e5b24da5aa","name":"Roger Str\u00e4ssle","image":{"@type":"ImageObject","inLanguage":"fr-FR","@id":"https:\/\/secure.gravatar.com\/avatar\/862a5569d087de48e5856e32f45d719a03804c891d6deb8d4f71a660e79e4a47?s=96&d=mm&r=g","url":"https:\/\/secure.gravatar.com\/avatar\/862a5569d087de48e5856e32f45d719a03804c891d6deb8d4f71a660e79e4a47?s=96&d=mm&r=g","contentUrl":"https:\/\/secure.gravatar.com\/avatar\/862a5569d087de48e5856e32f45d719a03804c891d6deb8d4f71a660e79e4a47?s=96&d=mm&r=g","caption":"Roger Str\u00e4ssle"},"url":"https:\/\/news.save.ch\/fr\/author\/roger-straessle\/"}]}},"_links":{"self":[{"href":"https:\/\/news.save.ch\/fr\/wp-json\/wp\/v2\/posts\/20263","targetHints":{"allow":["GET"]}}],"collection":[{"href":"https:\/\/news.save.ch\/fr\/wp-json\/wp\/v2\/posts"}],"about":[{"href":"https:\/\/news.save.ch\/fr\/wp-json\/wp\/v2\/types\/post"}],"author":[{"embeddable":true,"href":"https:\/\/news.save.ch\/fr\/wp-json\/wp\/v2\/users\/8"}],"replies":[{"embeddable":true,"href":"https:\/\/news.save.ch\/fr\/wp-json\/wp\/v2\/comments?post=20263"}],"version-history":[{"count":6,"href":"https:\/\/news.save.ch\/fr\/wp-json\/wp\/v2\/posts\/20263\/revisions"}],"predecessor-version":[{"id":20456,"href":"https:\/\/news.save.ch\/fr\/wp-json\/wp\/v2\/posts\/20263\/revisions\/20456"}],"wp:featuredmedia":[{"embeddable":true,"href":"https:\/\/news.save.ch\/fr\/wp-json\/wp\/v2\/media\/20267"}],"wp:attachment":[{"href":"https:\/\/news.save.ch\/fr\/wp-json\/wp\/v2\/media?parent=20263"}],"wp:term":[{"taxonomy":"category","embeddable":true,"href":"https:\/\/news.save.ch\/fr\/wp-json\/wp\/v2\/categories?post=20263"},{"taxonomy":"post_tag","embeddable":true,"href":"https:\/\/news.save.ch\/fr\/wp-json\/wp\/v2\/tags?post=20263"}],"curies":[{"name":"wp","href":"https:\/\/api.w.org\/{rel}","templated":true}]}}