{"id":2032,"date":"2017-06-14T09:52:40","date_gmt":"2017-06-14T07:52:40","guid":{"rendered":"https:\/\/news.save.ch\/?p=2032"},"modified":"2017-06-14T09:52:40","modified_gmt":"2017-06-14T07:52:40","slug":"warum-die-blutreserven-im-sommer-schwinden","status":null,"type":"post","link":"https:\/\/news.save.ch\/fr\/warum-die-blutreserven-im-sommer-schwinden\/","title":{"rendered":"Pourquoi les r\u00e9serves de sang diminuent en \u00e9t\u00e9"},"content":{"rendered":"<figure id=\"attachment_2033\" aria-describedby=\"caption-attachment-2033\" style=\"width: 680px\" class=\"wp-caption alignnone\"><img loading=\"lazy\" decoding=\"async\" class=\"size-medium wp-image-2033\" src=\"http:\/\/develop.safety-plus.ch\/wp-content\/uploads\/2017\/06\/Depositphotos_47174421_l-2015.jpg\" alt=\"\" width=\"680\" height=\"453\" \/><figcaption id=\"caption-attachment-2033\" class=\"wp-caption-text\">Les dons de sang sont particuli\u00e8rement importants en \u00e9t\u00e9.<\/figcaption><\/figure>\n<p>Les r\u00e9serves de sang atteignent leur niveau le plus bas en \u00e9t\u00e9, car le nombre de donneurs potentiels diminue, car beaucoup partent en vacances. L'approvisionnement est \u00e9galement rendu difficile par le fait que les personnes qui partent en vacances ne peuvent souvent donner \u00e0 nouveau leur sang \u00e0 leur retour qu'apr\u00e8s l'expiration d'un d\u00e9lai d'attente.<\/p>\n<p>Cette mesure vise \u00e0 s'assurer que les candidats au don ne sont pas porteurs d'infections qui seraient transmises lors d'une transfusion sanguine. Les destinations de vacances tr\u00e8s pris\u00e9es par les Suisses sont concern\u00e9es par cette mesure : Les personnes qui rentrent d'Italie, d'Espagne, de Gr\u00e8ce ou de Tha\u00eflande, par exemple, ne peuvent pas donner leur sang imm\u00e9diatement.<\/p>\n<p><strong>O\u00f9 et quand peut-on donner son sang ?<\/strong><\/p>\n<p>Pour que les r\u00e9serves de sang soient suffisantes en \u00e9t\u00e9, il est donc souhaitable que davantage de personnes participent \u00e0 une collecte de sang. Pour savoir o\u00f9 et quand il est possible de donner son sang dans sa r\u00e9gion, on peut consulter le site Internet <a href=\"http:\/\/www.blutspende.ch\/termine\">www.blutspende.ch\/termine<\/a> ou t\u00e9l\u00e9charger l'application mobile \u00e0 l'adresse www.blutspende.ch\/apphttp:\/\/www.blutspende.ch\/app.<\/p>\n<p class=\"nsbtextkasten\"><strong>Ressource vitale<br \/>\n<\/strong>Le sang est une ressource pr\u00e9cieuse, tant pour les traitements planifi\u00e9s que pour les interventions d'urgence. Il peut contribuer \u00e0 prolonger la vie des patients atteints de maladies mortelles et \u00e0 am\u00e9liorer leur qualit\u00e9 de vie. Il est en outre utilis\u00e9 lors d'interventions m\u00e9dicales et chirurgicales complexes. Le sang joue \u00e9galement un r\u00f4le essentiel dans les soins aux femmes qui viennent d'accoucher et aux nouveau-n\u00e9s.<\/p>\n<p class=\"nsbtextkasten\">Source : OFSP<\/p>","protected":false},"excerpt":{"rendered":"<p>Die Blutvorr\u00e4te erreichen im Sommer ihren Tiefststand, denn die Zahl der potenziellen Spenderinnen und Spender sinkt, weil viele in die Ferien gehen. Die Versorgung wird auch durch den Umstand erschwert, dass Ferienreisende nach ihrer R\u00fcckkehr oft erst nach Ablauf einer Wartefrist wieder Blut spenden k\u00f6nnen. Mit dieser Massnahme soll sichergestellt werden, dass die Spendewilligen keine [&hellip;]<\/p>\n","protected":false},"author":1,"featured_media":16205,"comment_status":"open","ping_status":"open","sticky":false,"template":"","format":"standard","meta":{"_acf_changed":false,"pgc_sgb_lightbox_settings":"","footnotes":""},"categories":[1],"tags":[700,1803,1804],"class_list":["post-2032","post","type-post","status-publish","format-standard","has-post-thumbnail","hentry","category-allgemein","tag-bag","tag-blut","tag-blut-spenden"],"acf":[],"hkrextid":null,"publication":null,"issue":null,"workflow":null,"startPage":null,"spitzmarke":null,"_posts_by_tag_page_fields":{"widget_title":"","widget_tags":""},"_at_widget":"1","_yoast_wpseo_primary_category":"1","_yoast_wpseo_focuskw_text_input":"Blutreserven","_yoast_wpseo_opengraph-image":null,"_yoast_wpseo_opengraph-description":null,"_yoast_wpseo_opengraph-title":null,"enclosure":null,"_yoast_wpseo_twitter-title":null,"_yoast_wpseo_twitter-description":null,"_yoast_wpseo_twitter-image":null,"_wp_old_slug":null,"_yoast_wpseo_title":null,"_yoast_wpseo_canonical":null,"yoast_head":"<!-- This site is optimized with the Yoast SEO plugin v27.5 - https:\/\/yoast.com\/product\/yoast-seo-wordpress\/ -->\n<title>Warum die Blutreserven im Sommer schwinden - Save<\/title>\n<meta name=\"description\" content=\"Blutspenden sind im Sommer besonders wichtig: Da in der Ferienzeit viele Menschen verreisen, werden die Blutvorr\u00e4te in der Schweiz manchmal knapp\" \/>\n<meta name=\"robots\" content=\"index, follow, max-snippet:-1, max-image-preview:large, max-video-preview:-1\" \/>\n<link rel=\"canonical\" href=\"https:\/\/news.save.ch\/fr\/warum-die-blutreserven-im-sommer-schwinden\/\" \/>\n<meta property=\"og:locale\" content=\"fr_FR\" \/>\n<meta property=\"og:type\" content=\"article\" \/>\n<meta property=\"og:title\" content=\"Warum die Blutreserven im Sommer schwinden - Save\" \/>\n<meta property=\"og:description\" content=\"Blutspenden sind im Sommer besonders wichtig: Da in der Ferienzeit viele Menschen verreisen, werden die Blutvorr\u00e4te in der Schweiz manchmal knapp\" \/>\n<meta property=\"og:url\" content=\"https:\/\/news.save.ch\/fr\/warum-die-blutreserven-im-sommer-schwinden\/\" \/>\n<meta property=\"og:site_name\" content=\"Save\" \/>\n<meta property=\"article:published_time\" content=\"2017-06-14T07:52:40+00:00\" \/>\n<meta property=\"og:image\" content=\"https:\/\/news.save.ch\/wp-content\/uploads\/2017\/06\/Depositphotos_47174421_l-2015-scaled-1.jpg\" \/>\n\t<meta property=\"og:image:width\" content=\"1200\" \/>\n\t<meta property=\"og:image:height\" content=\"800\" \/>\n\t<meta property=\"og:image:type\" content=\"image\/jpeg\" \/>\n<meta name=\"author\" content=\"admin\" \/>\n<meta name=\"twitter:card\" content=\"summary_large_image\" \/>\n<meta name=\"twitter:label1\" content=\"\u00c9crit par\" \/>\n\t<meta name=\"twitter:data1\" content=\"admin\" \/>\n\t<meta name=\"twitter:label2\" content=\"Dur\u00e9e de lecture estim\u00e9e\" \/>\n\t<meta name=\"twitter:data2\" content=\"1 minute\" \/>\n<script type=\"application\/ld+json\" class=\"yoast-schema-graph\">{\"@context\":\"https:\\\/\\\/schema.org\",\"@graph\":[{\"@type\":\"Article\",\"@id\":\"https:\\\/\\\/news.save.ch\\\/warum-die-blutreserven-im-sommer-schwinden\\\/#article\",\"isPartOf\":{\"@id\":\"https:\\\/\\\/news.save.ch\\\/warum-die-blutreserven-im-sommer-schwinden\\\/\"},\"author\":{\"name\":\"admin\",\"@id\":\"https:\\\/\\\/news.save.ch\\\/de\\\/#\\\/schema\\\/person\\\/d49e199490bad7c70d64b9ab51142f2b\"},\"headline\":\"Warum die Blutreserven im Sommer schwinden\",\"datePublished\":\"2017-06-14T07:52:40+00:00\",\"mainEntityOfPage\":{\"@id\":\"https:\\\/\\\/news.save.ch\\\/warum-die-blutreserven-im-sommer-schwinden\\\/\"},\"wordCount\":254,\"commentCount\":0,\"publisher\":{\"@id\":\"https:\\\/\\\/news.save.ch\\\/de\\\/#organization\"},\"image\":{\"@id\":\"https:\\\/\\\/news.save.ch\\\/warum-die-blutreserven-im-sommer-schwinden\\\/#primaryimage\"},\"thumbnailUrl\":\"https:\\\/\\\/news.save.ch\\\/wp-content\\\/uploads\\\/2017\\\/06\\\/Depositphotos_47174421_l-2015-scaled-1.jpg\",\"keywords\":[\"BAG\",\"Blut\",\"Blut spenden\"],\"articleSection\":[\"ALLGEMEIN\"],\"inLanguage\":\"fr-FR\"},{\"@type\":\"WebPage\",\"@id\":\"https:\\\/\\\/news.save.ch\\\/warum-die-blutreserven-im-sommer-schwinden\\\/\",\"url\":\"https:\\\/\\\/news.save.ch\\\/warum-die-blutreserven-im-sommer-schwinden\\\/\",\"name\":\"Warum die Blutreserven im Sommer schwinden - Save\",\"isPartOf\":{\"@id\":\"https:\\\/\\\/news.save.ch\\\/de\\\/#website\"},\"primaryImageOfPage\":{\"@id\":\"https:\\\/\\\/news.save.ch\\\/warum-die-blutreserven-im-sommer-schwinden\\\/#primaryimage\"},\"image\":{\"@id\":\"https:\\\/\\\/news.save.ch\\\/warum-die-blutreserven-im-sommer-schwinden\\\/#primaryimage\"},\"thumbnailUrl\":\"https:\\\/\\\/news.save.ch\\\/wp-content\\\/uploads\\\/2017\\\/06\\\/Depositphotos_47174421_l-2015-scaled-1.jpg\",\"datePublished\":\"2017-06-14T07:52:40+00:00\",\"description\":\"Blutspenden sind im Sommer besonders wichtig: Da in der Ferienzeit viele Menschen verreisen, werden die Blutvorr\u00e4te in der Schweiz manchmal knapp\",\"breadcrumb\":{\"@id\":\"https:\\\/\\\/news.save.ch\\\/warum-die-blutreserven-im-sommer-schwinden\\\/#breadcrumb\"},\"inLanguage\":\"fr-FR\",\"potentialAction\":[{\"@type\":\"ReadAction\",\"target\":[\"https:\\\/\\\/news.save.ch\\\/warum-die-blutreserven-im-sommer-schwinden\\\/\"]}]},{\"@type\":\"ImageObject\",\"inLanguage\":\"fr-FR\",\"@id\":\"https:\\\/\\\/news.save.ch\\\/warum-die-blutreserven-im-sommer-schwinden\\\/#primaryimage\",\"url\":\"https:\\\/\\\/news.save.ch\\\/wp-content\\\/uploads\\\/2017\\\/06\\\/Depositphotos_47174421_l-2015-scaled-1.jpg\",\"contentUrl\":\"https:\\\/\\\/news.save.ch\\\/wp-content\\\/uploads\\\/2017\\\/06\\\/Depositphotos_47174421_l-2015-scaled-1.jpg\",\"width\":1200,\"height\":800,\"caption\":\"Blutspenden sind im Sommer besonders wichtig.\"},{\"@type\":\"BreadcrumbList\",\"@id\":\"https:\\\/\\\/news.save.ch\\\/warum-die-blutreserven-im-sommer-schwinden\\\/#breadcrumb\",\"itemListElement\":[{\"@type\":\"ListItem\",\"position\":1,\"name\":\"Home\",\"item\":\"https:\\\/\\\/news.save.ch\\\/de\\\/\"},{\"@type\":\"ListItem\",\"position\":2,\"name\":\"Warum die Blutreserven im Sommer schwinden\"}]},{\"@type\":\"WebSite\",\"@id\":\"https:\\\/\\\/news.save.ch\\\/de\\\/#website\",\"url\":\"https:\\\/\\\/news.save.ch\\\/de\\\/\",\"name\":\"Save\",\"description\":\"Schweizer Fachzeitschrift f\u00fcr Sicherheit\",\"publisher\":{\"@id\":\"https:\\\/\\\/news.save.ch\\\/de\\\/#organization\"},\"potentialAction\":[{\"@type\":\"SearchAction\",\"target\":{\"@type\":\"EntryPoint\",\"urlTemplate\":\"https:\\\/\\\/news.save.ch\\\/de\\\/?s={search_term_string}\"},\"query-input\":{\"@type\":\"PropertyValueSpecification\",\"valueRequired\":true,\"valueName\":\"search_term_string\"}}],\"inLanguage\":\"fr-FR\"},{\"@type\":\"Organization\",\"@id\":\"https:\\\/\\\/news.save.ch\\\/de\\\/#organization\",\"name\":\"Sicherheitsforum\",\"url\":\"https:\\\/\\\/news.save.ch\\\/de\\\/\",\"logo\":{\"@type\":\"ImageObject\",\"inLanguage\":\"fr-FR\",\"@id\":\"https:\\\/\\\/news.save.ch\\\/de\\\/#\\\/schema\\\/logo\\\/image\\\/\",\"url\":\"https:\\\/\\\/news.save.ch\\\/wp-content\\\/uploads\\\/2022\\\/06\\\/Logo_SF_2012.png\",\"contentUrl\":\"https:\\\/\\\/news.save.ch\\\/wp-content\\\/uploads\\\/2022\\\/06\\\/Logo_SF_2012.png\",\"width\":1100,\"height\":91,\"caption\":\"Sicherheitsforum\"},\"image\":{\"@id\":\"https:\\\/\\\/news.save.ch\\\/de\\\/#\\\/schema\\\/logo\\\/image\\\/\"}},{\"@type\":\"Person\",\"@id\":\"https:\\\/\\\/news.save.ch\\\/de\\\/#\\\/schema\\\/person\\\/d49e199490bad7c70d64b9ab51142f2b\",\"name\":\"admin\",\"image\":{\"@type\":\"ImageObject\",\"inLanguage\":\"fr-FR\",\"@id\":\"https:\\\/\\\/secure.gravatar.com\\\/avatar\\\/ae2f4d718e6c49043e314ce431e7e645d646302a24a5ef5a8bc8e3f5a032e319?s=96&d=mm&r=g\",\"url\":\"https:\\\/\\\/secure.gravatar.com\\\/avatar\\\/ae2f4d718e6c49043e314ce431e7e645d646302a24a5ef5a8bc8e3f5a032e319?s=96&d=mm&r=g\",\"contentUrl\":\"https:\\\/\\\/secure.gravatar.com\\\/avatar\\\/ae2f4d718e6c49043e314ce431e7e645d646302a24a5ef5a8bc8e3f5a032e319?s=96&d=mm&r=g\",\"caption\":\"admin\"},\"sameAs\":[\"https:\\\/\\\/develop.organisator.galledia.ch\"],\"url\":\"https:\\\/\\\/news.save.ch\\\/fr\\\/author\\\/admin\\\/\"}]}<\/script>\n<!-- \/ Yoast SEO plugin. -->","yoast_head_json":{"title":"Pourquoi les r\u00e9serves de sang diminuent en \u00e9t\u00e9 - Save","description":"Les dons de sang sont particuli\u00e8rement importants en \u00e9t\u00e9 : comme de nombreuses personnes partent en vacances, les r\u00e9serves de sang en Suisse sont parfois insuffisantes.","robots":{"index":"index","follow":"follow","max-snippet":"max-snippet:-1","max-image-preview":"max-image-preview:large","max-video-preview":"max-video-preview:-1"},"canonical":"https:\/\/news.save.ch\/fr\/warum-die-blutreserven-im-sommer-schwinden\/","og_locale":"fr_FR","og_type":"article","og_title":"Warum die Blutreserven im Sommer schwinden - Save","og_description":"Blutspenden sind im Sommer besonders wichtig: Da in der Ferienzeit viele Menschen verreisen, werden die Blutvorr\u00e4te in der Schweiz manchmal knapp","og_url":"https:\/\/news.save.ch\/fr\/warum-die-blutreserven-im-sommer-schwinden\/","og_site_name":"Save","article_published_time":"2017-06-14T07:52:40+00:00","og_image":[{"width":1200,"height":800,"url":"https:\/\/news.save.ch\/wp-content\/uploads\/2017\/06\/Depositphotos_47174421_l-2015-scaled-1.jpg","type":"image\/jpeg"}],"author":"admin","twitter_card":"summary_large_image","twitter_misc":{"\u00c9crit par":"admin","Dur\u00e9e de lecture estim\u00e9e":"1 minute"},"schema":{"@context":"https:\/\/schema.org","@graph":[{"@type":"Article","@id":"https:\/\/news.save.ch\/warum-die-blutreserven-im-sommer-schwinden\/#article","isPartOf":{"@id":"https:\/\/news.save.ch\/warum-die-blutreserven-im-sommer-schwinden\/"},"author":{"name":"admin","@id":"https:\/\/news.save.ch\/de\/#\/schema\/person\/d49e199490bad7c70d64b9ab51142f2b"},"headline":"Warum die Blutreserven im Sommer schwinden","datePublished":"2017-06-14T07:52:40+00:00","mainEntityOfPage":{"@id":"https:\/\/news.save.ch\/warum-die-blutreserven-im-sommer-schwinden\/"},"wordCount":254,"commentCount":0,"publisher":{"@id":"https:\/\/news.save.ch\/de\/#organization"},"image":{"@id":"https:\/\/news.save.ch\/warum-die-blutreserven-im-sommer-schwinden\/#primaryimage"},"thumbnailUrl":"https:\/\/news.save.ch\/wp-content\/uploads\/2017\/06\/Depositphotos_47174421_l-2015-scaled-1.jpg","keywords":["BAG","Blut","Blut spenden"],"articleSection":["ALLGEMEIN"],"inLanguage":"fr-FR"},{"@type":"WebPage","@id":"https:\/\/news.save.ch\/warum-die-blutreserven-im-sommer-schwinden\/","url":"https:\/\/news.save.ch\/warum-die-blutreserven-im-sommer-schwinden\/","name":"Pourquoi les r\u00e9serves de sang diminuent en \u00e9t\u00e9 - Save","isPartOf":{"@id":"https:\/\/news.save.ch\/de\/#website"},"primaryImageOfPage":{"@id":"https:\/\/news.save.ch\/warum-die-blutreserven-im-sommer-schwinden\/#primaryimage"},"image":{"@id":"https:\/\/news.save.ch\/warum-die-blutreserven-im-sommer-schwinden\/#primaryimage"},"thumbnailUrl":"https:\/\/news.save.ch\/wp-content\/uploads\/2017\/06\/Depositphotos_47174421_l-2015-scaled-1.jpg","datePublished":"2017-06-14T07:52:40+00:00","description":"Les dons de sang sont particuli\u00e8rement importants en \u00e9t\u00e9 : comme de nombreuses personnes partent en vacances, les r\u00e9serves de sang en Suisse sont parfois insuffisantes.","breadcrumb":{"@id":"https:\/\/news.save.ch\/warum-die-blutreserven-im-sommer-schwinden\/#breadcrumb"},"inLanguage":"fr-FR","potentialAction":[{"@type":"ReadAction","target":["https:\/\/news.save.ch\/warum-die-blutreserven-im-sommer-schwinden\/"]}]},{"@type":"ImageObject","inLanguage":"fr-FR","@id":"https:\/\/news.save.ch\/warum-die-blutreserven-im-sommer-schwinden\/#primaryimage","url":"https:\/\/news.save.ch\/wp-content\/uploads\/2017\/06\/Depositphotos_47174421_l-2015-scaled-1.jpg","contentUrl":"https:\/\/news.save.ch\/wp-content\/uploads\/2017\/06\/Depositphotos_47174421_l-2015-scaled-1.jpg","width":1200,"height":800,"caption":"Blutspenden sind im Sommer besonders wichtig."},{"@type":"BreadcrumbList","@id":"https:\/\/news.save.ch\/warum-die-blutreserven-im-sommer-schwinden\/#breadcrumb","itemListElement":[{"@type":"ListItem","position":1,"name":"Home","item":"https:\/\/news.save.ch\/de\/"},{"@type":"ListItem","position":2,"name":"Warum die Blutreserven im Sommer schwinden"}]},{"@type":"WebSite","@id":"https:\/\/news.save.ch\/de\/#website","url":"https:\/\/news.save.ch\/de\/","name":"Save","description":"Revue suisse sp\u00e9cialis\u00e9e dans la s\u00e9curit\u00e9","publisher":{"@id":"https:\/\/news.save.ch\/de\/#organization"},"potentialAction":[{"@type":"SearchAction","target":{"@type":"EntryPoint","urlTemplate":"https:\/\/news.save.ch\/de\/?s={search_term_string}"},"query-input":{"@type":"PropertyValueSpecification","valueRequired":true,"valueName":"search_term_string"}}],"inLanguage":"fr-FR"},{"@type":"Organization","@id":"https:\/\/news.save.ch\/de\/#organization","name":"Forum sur la s\u00e9curit\u00e9","url":"https:\/\/news.save.ch\/de\/","logo":{"@type":"ImageObject","inLanguage":"fr-FR","@id":"https:\/\/news.save.ch\/de\/#\/schema\/logo\/image\/","url":"https:\/\/news.save.ch\/wp-content\/uploads\/2022\/06\/Logo_SF_2012.png","contentUrl":"https:\/\/news.save.ch\/wp-content\/uploads\/2022\/06\/Logo_SF_2012.png","width":1100,"height":91,"caption":"Sicherheitsforum"},"image":{"@id":"https:\/\/news.save.ch\/de\/#\/schema\/logo\/image\/"}},{"@type":"Person","@id":"https:\/\/news.save.ch\/de\/#\/schema\/person\/d49e199490bad7c70d64b9ab51142f2b","name":"admin","image":{"@type":"ImageObject","inLanguage":"fr-FR","@id":"https:\/\/secure.gravatar.com\/avatar\/ae2f4d718e6c49043e314ce431e7e645d646302a24a5ef5a8bc8e3f5a032e319?s=96&d=mm&r=g","url":"https:\/\/secure.gravatar.com\/avatar\/ae2f4d718e6c49043e314ce431e7e645d646302a24a5ef5a8bc8e3f5a032e319?s=96&d=mm&r=g","contentUrl":"https:\/\/secure.gravatar.com\/avatar\/ae2f4d718e6c49043e314ce431e7e645d646302a24a5ef5a8bc8e3f5a032e319?s=96&d=mm&r=g","caption":"admin"},"sameAs":["https:\/\/develop.organisator.galledia.ch"],"url":"https:\/\/news.save.ch\/fr\/author\/admin\/"}]}},"_links":{"self":[{"href":"https:\/\/news.save.ch\/fr\/wp-json\/wp\/v2\/posts\/2032","targetHints":{"allow":["GET"]}}],"collection":[{"href":"https:\/\/news.save.ch\/fr\/wp-json\/wp\/v2\/posts"}],"about":[{"href":"https:\/\/news.save.ch\/fr\/wp-json\/wp\/v2\/types\/post"}],"author":[{"embeddable":true,"href":"https:\/\/news.save.ch\/fr\/wp-json\/wp\/v2\/users\/1"}],"replies":[{"embeddable":true,"href":"https:\/\/news.save.ch\/fr\/wp-json\/wp\/v2\/comments?post=2032"}],"version-history":[{"count":0,"href":"https:\/\/news.save.ch\/fr\/wp-json\/wp\/v2\/posts\/2032\/revisions"}],"wp:featuredmedia":[{"embeddable":true,"href":"https:\/\/news.save.ch\/fr\/wp-json\/wp\/v2\/media\/16205"}],"wp:attachment":[{"href":"https:\/\/news.save.ch\/fr\/wp-json\/wp\/v2\/media?parent=2032"}],"wp:term":[{"taxonomy":"category","embeddable":true,"href":"https:\/\/news.save.ch\/fr\/wp-json\/wp\/v2\/categories?post=2032"},{"taxonomy":"post_tag","embeddable":true,"href":"https:\/\/news.save.ch\/fr\/wp-json\/wp\/v2\/tags?post=2032"}],"curies":[{"name":"wp","href":"https:\/\/api.w.org\/{rel}","templated":true}]}}