{"id":20416,"date":"2023-06-28T13:07:19","date_gmt":"2023-06-28T11:07:19","guid":{"rendered":"https:\/\/news.save.ch\/?p=20416"},"modified":"2023-07-03T08:43:25","modified_gmt":"2023-07-03T06:43:25","slug":"oeffentlichen-verkehr-mehr-arbeitsunfaelle","status":null,"type":"post","link":"https:\/\/news.save.ch\/fr\/oeffentlichen-verkehr-mehr-arbeitsunfaelle\/","title":{"rendered":"Transports publics : augmentation des accidents du travail"},"content":{"rendered":"<figure id=\"attachment_20417\" aria-describedby=\"caption-attachment-20417\" style=\"width: 680px\" class=\"wp-caption aligncenter\"><img loading=\"lazy\" decoding=\"async\" class=\"size-medium wp-image-20417\" src=\"https:\/\/news.save.ch\/wp-content\/uploads\/2023\/06\/Bahn-IMG_5440-680x453.jpg\" alt=\"\" width=\"680\" height=\"453\" srcset=\"https:\/\/news.save.ch\/wp-content\/uploads\/2023\/06\/Bahn-IMG_5440-680x453.jpg 680w, https:\/\/news.save.ch\/wp-content\/uploads\/2023\/06\/Bahn-IMG_5440-1024x683.jpg 1024w, https:\/\/news.save.ch\/wp-content\/uploads\/2023\/06\/Bahn-IMG_5440-768x512.jpg 768w, https:\/\/news.save.ch\/wp-content\/uploads\/2023\/06\/Bahn-IMG_5440-1536x1024.jpg 1536w, https:\/\/news.save.ch\/wp-content\/uploads\/2023\/06\/Bahn-IMG_5440-2048x1365.jpg 2048w, https:\/\/news.save.ch\/wp-content\/uploads\/2023\/06\/Bahn-IMG_5440-18x12.jpg 18w, https:\/\/news.save.ch\/wp-content\/uploads\/2023\/06\/Bahn-IMG_5440-375x250.jpg 375w, https:\/\/news.save.ch\/wp-content\/uploads\/2023\/06\/Bahn-IMG_5440-525x350.jpg 525w, https:\/\/news.save.ch\/wp-content\/uploads\/2023\/06\/Bahn-IMG_5440-1000x667.jpg 1000w, https:\/\/news.save.ch\/wp-content\/uploads\/2023\/06\/Bahn-IMG_5440-scaled.jpg 1200w\" sizes=\"auto, (max-width: 680px) 100vw, 680px\" \/><figcaption id=\"caption-attachment-20417\" class=\"wp-caption-text\">Photo : Roger Str\u00e4ssle<\/figcaption><\/figure>\n<p>Les personnes qui utilisent les transports publics en Suisse se d\u00e9placent en toute s\u00e9curit\u00e9, comme le montrent les r\u00e9sultats de l'enqu\u00eate. <a href=\"https:\/\/www.bav.admin.ch\/bav\/de\/home\/publikationen\/berichte\/sicherheit.html\">Rapport de s\u00e9curit\u00e9 2022<\/a> de l'Office f\u00e9d\u00e9ral des transports (OFT). La comparaison avec le trafic individuel montre que le risque d'\u00eatre victime d'un accident mortel en voiture est 93 fois plus \u00e9lev\u00e9 par personne-kilom\u00e8tre qu'en train, \u00e9crit l'OFT. A v\u00e9lo, le risque est 1096 fois plus \u00e9lev\u00e9, \u00e0 moto 2539 fois.<\/p>\n<p>Le niveau de s\u00e9curit\u00e9 dans les TP ainsi que dans le transport ferroviaire de marchandises serait stable \u00e0 un niveau \u00e9lev\u00e9 par rapport aux ann\u00e9es pr\u00e9c\u00e9dentes. Selon les donn\u00e9es, le nombre d'accidents en 2022 se situait dans la plage de fluctuation normale. Cela vaut pour le nombre d'accidents graves en g\u00e9n\u00e9ral et pour le nombre de bless\u00e9s graves.<\/p>\n<h3>Plus de morts<\/h3>\n<p>Le point n\u00e9gatif est que le nombre de victimes dans les transports publics a augment\u00e9 en 2022, alors qu'il \u00e9tait au plus bas l'ann\u00e9e pr\u00e9c\u00e9dente. Il s'agit en grande partie d'autres usagers de la route qui se sont retrouv\u00e9s dans des situations conflictuelles avec les transports publics, ainsi que de personnes qui se sont trouv\u00e9es sans autorisation dans des zones de circulation, par exemple sur des voies ferr\u00e9es, souligne l'OFT.<\/p>\n<h3><strong>Plus d'accidents du travail<\/strong><\/h3>\n<p>En ce qui concerne les accidents du travail, on constate une augmentation en 2022 par rapport aux ann\u00e9es pr\u00e9c\u00e9dentes. L'OFT a re\u00e7u 21 d\u00e9clarations d'accidents du travail ayant entra\u00een\u00e9 des blessures graves ou des d\u00e9c\u00e8s, dont 12 sur des chantiers. Deux autres collaborateurs auraient \u00e9t\u00e9 tu\u00e9s ou gri\u00e8vement bless\u00e9s lors de man\u0153uvres. Les entreprises ferroviaires restent donc fortement sollicit\u00e9es et ont l'obligation de r\u00e9duire le risque d'accident sur les chantiers des TP par des mesures suppl\u00e9mentaires, comme le pr\u00e9cise le communiqu\u00e9 de presse. L'OFT poursuivra les contr\u00f4les renforc\u00e9s dans le cadre de la surveillance de la s\u00e9curit\u00e9 et examine \u00e9galement d'autres mesures.<\/p>\n<p>En comparaison internationale, les transports publics suisses seraient tr\u00e8s s\u00fbrs. Durant l'ann\u00e9e sous revue, la Suisse s'est class\u00e9e troisi\u00e8me derri\u00e8re le Royaume-Uni et les Pays-Bas. En ce qui concerne la s\u00e9curit\u00e9 aux passages \u00e0 niveau, la Suisse se trouve en t\u00eate de peloton, conclut le communiqu\u00e9.<\/p>","protected":false},"excerpt":{"rendered":"<p>Wer in der Schweiz den \u00f6V benutzt, ist sehr sicher unterwegs, wie aus dem Sicherheitsbericht 2022 des Bundesamts f\u00fcr Verkehr (BAV) hervorgeht. Der Vergleich mit dem Individualverkehr zeige, dass das Risiko, im Auto t\u00f6dlich zu verunfallen, pro Personenkilometer 93-mal h\u00f6her ist als im Zug, schreibt das BAV. Beim Velofahren sei das Risiko 1096-mal h\u00f6her, auf [&hellip;]<\/p>\n","protected":false},"author":8,"featured_media":20417,"comment_status":"closed","ping_status":"closed","sticky":false,"template":"","format":"standard","meta":{"_acf_changed":false,"pgc_sgb_lightbox_settings":"","footnotes":""},"categories":[3314],"tags":[172,4654],"class_list":["post-20416","post","type-post","status-publish","format-standard","has-post-thumbnail","hentry","category-health-safety","tag-arbeitssicherheit","tag-sicherheitsbericht"],"acf":[],"hkrextid":null,"publication":null,"issue":null,"workflow":null,"startPage":null,"spitzmarke":null,"_posts_by_tag_page_fields":null,"_at_widget":null,"_yoast_wpseo_primary_category":"3314","_yoast_wpseo_focuskw_text_input":null,"_yoast_wpseo_opengraph-image":null,"_yoast_wpseo_opengraph-description":null,"_yoast_wpseo_opengraph-title":null,"enclosure":null,"_yoast_wpseo_twitter-title":null,"_yoast_wpseo_twitter-description":null,"_yoast_wpseo_twitter-image":null,"_wp_old_slug":null,"_yoast_wpseo_title":null,"_yoast_wpseo_canonical":null,"yoast_head":"<!-- This site is optimized with the Yoast SEO plugin v27.5 - https:\/\/yoast.com\/product\/yoast-seo-wordpress\/ -->\n<title>\u00d6ffentlichen Verkehr: Mehr Arbeitsunf\u00e4lle - Save<\/title>\n<meta name=\"description\" content=\"Gem\u00e4ss dem j\u00fcngsten Sicherheitsbericht ist beim \u00f6V bez\u00fcglich Arbeitsunf\u00e4lle ein Anstieg gegen\u00fcber dem Vorjahr zu verzeichnen.\" \/>\n<meta name=\"robots\" content=\"index, follow, max-snippet:-1, max-image-preview:large, max-video-preview:-1\" \/>\n<link rel=\"canonical\" href=\"https:\/\/news.save.ch\/fr\/oeffentlichen-verkehr-mehr-arbeitsunfaelle\/\" \/>\n<meta property=\"og:locale\" content=\"fr_FR\" \/>\n<meta property=\"og:type\" content=\"article\" \/>\n<meta property=\"og:title\" content=\"\u00d6ffentlichen Verkehr: Mehr Arbeitsunf\u00e4lle - Save\" \/>\n<meta property=\"og:description\" content=\"Gem\u00e4ss dem j\u00fcngsten Sicherheitsbericht ist beim \u00f6V bez\u00fcglich Arbeitsunf\u00e4lle ein Anstieg gegen\u00fcber dem Vorjahr zu verzeichnen.\" \/>\n<meta property=\"og:url\" content=\"https:\/\/news.save.ch\/fr\/oeffentlichen-verkehr-mehr-arbeitsunfaelle\/\" \/>\n<meta property=\"og:site_name\" content=\"Save\" \/>\n<meta property=\"article:published_time\" content=\"2023-06-28T11:07:19+00:00\" \/>\n<meta property=\"article:modified_time\" content=\"2023-07-03T06:43:25+00:00\" \/>\n<meta property=\"og:image\" content=\"https:\/\/news.save.ch\/wp-content\/uploads\/2023\/06\/Bahn-IMG_5440-scaled.jpg\" \/>\n\t<meta property=\"og:image:width\" content=\"1200\" \/>\n\t<meta property=\"og:image:height\" content=\"800\" \/>\n\t<meta property=\"og:image:type\" content=\"image\/jpeg\" \/>\n<meta name=\"author\" content=\"Roger Str\u00e4ssle\" \/>\n<meta name=\"twitter:card\" content=\"summary_large_image\" \/>\n<meta name=\"twitter:label1\" content=\"\u00c9crit par\" \/>\n\t<meta name=\"twitter:data1\" content=\"Roger Str\u00e4ssle\" \/>\n\t<meta name=\"twitter:label2\" content=\"Dur\u00e9e de lecture estim\u00e9e\" \/>\n\t<meta name=\"twitter:data2\" content=\"2 minutes\" \/>\n<script type=\"application\/ld+json\" class=\"yoast-schema-graph\">{\"@context\":\"https:\\\/\\\/schema.org\",\"@graph\":[{\"@type\":\"Article\",\"@id\":\"https:\\\/\\\/news.save.ch\\\/oeffentlichen-verkehr-mehr-arbeitsunfaelle\\\/#article\",\"isPartOf\":{\"@id\":\"https:\\\/\\\/news.save.ch\\\/oeffentlichen-verkehr-mehr-arbeitsunfaelle\\\/\"},\"author\":{\"name\":\"Roger Str\u00e4ssle\",\"@id\":\"https:\\\/\\\/news.save.ch\\\/de\\\/#\\\/schema\\\/person\\\/d5022db048e0e2b9785c50e5b24da5aa\"},\"headline\":\"\u00d6ffentlichen Verkehr: Mehr Arbeitsunf\u00e4lle\",\"datePublished\":\"2023-06-28T11:07:19+00:00\",\"dateModified\":\"2023-07-03T06:43:25+00:00\",\"mainEntityOfPage\":{\"@id\":\"https:\\\/\\\/news.save.ch\\\/oeffentlichen-verkehr-mehr-arbeitsunfaelle\\\/\"},\"wordCount\":305,\"publisher\":{\"@id\":\"https:\\\/\\\/news.save.ch\\\/de\\\/#organization\"},\"image\":{\"@id\":\"https:\\\/\\\/news.save.ch\\\/oeffentlichen-verkehr-mehr-arbeitsunfaelle\\\/#primaryimage\"},\"thumbnailUrl\":\"https:\\\/\\\/news.save.ch\\\/wp-content\\\/uploads\\\/2023\\\/06\\\/Bahn-IMG_5440-scaled.jpg\",\"keywords\":[\"Arbeitssicherheit\",\"Sicherheitsbericht\"],\"articleSection\":[\"HEALTH &amp; SAFETY\"],\"inLanguage\":\"fr-FR\"},{\"@type\":\"WebPage\",\"@id\":\"https:\\\/\\\/news.save.ch\\\/oeffentlichen-verkehr-mehr-arbeitsunfaelle\\\/\",\"url\":\"https:\\\/\\\/news.save.ch\\\/oeffentlichen-verkehr-mehr-arbeitsunfaelle\\\/\",\"name\":\"\u00d6ffentlichen Verkehr: Mehr Arbeitsunf\u00e4lle - Save\",\"isPartOf\":{\"@id\":\"https:\\\/\\\/news.save.ch\\\/de\\\/#website\"},\"primaryImageOfPage\":{\"@id\":\"https:\\\/\\\/news.save.ch\\\/oeffentlichen-verkehr-mehr-arbeitsunfaelle\\\/#primaryimage\"},\"image\":{\"@id\":\"https:\\\/\\\/news.save.ch\\\/oeffentlichen-verkehr-mehr-arbeitsunfaelle\\\/#primaryimage\"},\"thumbnailUrl\":\"https:\\\/\\\/news.save.ch\\\/wp-content\\\/uploads\\\/2023\\\/06\\\/Bahn-IMG_5440-scaled.jpg\",\"datePublished\":\"2023-06-28T11:07:19+00:00\",\"dateModified\":\"2023-07-03T06:43:25+00:00\",\"description\":\"Gem\u00e4ss dem j\u00fcngsten Sicherheitsbericht ist beim \u00f6V bez\u00fcglich Arbeitsunf\u00e4lle ein Anstieg gegen\u00fcber dem Vorjahr zu verzeichnen.\",\"breadcrumb\":{\"@id\":\"https:\\\/\\\/news.save.ch\\\/oeffentlichen-verkehr-mehr-arbeitsunfaelle\\\/#breadcrumb\"},\"inLanguage\":\"fr-FR\",\"potentialAction\":[{\"@type\":\"ReadAction\",\"target\":[\"https:\\\/\\\/news.save.ch\\\/oeffentlichen-verkehr-mehr-arbeitsunfaelle\\\/\"]}]},{\"@type\":\"ImageObject\",\"inLanguage\":\"fr-FR\",\"@id\":\"https:\\\/\\\/news.save.ch\\\/oeffentlichen-verkehr-mehr-arbeitsunfaelle\\\/#primaryimage\",\"url\":\"https:\\\/\\\/news.save.ch\\\/wp-content\\\/uploads\\\/2023\\\/06\\\/Bahn-IMG_5440-scaled.jpg\",\"contentUrl\":\"https:\\\/\\\/news.save.ch\\\/wp-content\\\/uploads\\\/2023\\\/06\\\/Bahn-IMG_5440-scaled.jpg\",\"width\":1200,\"height\":800,\"caption\":\"Foto: Roger Str\u00e4ssle\"},{\"@type\":\"BreadcrumbList\",\"@id\":\"https:\\\/\\\/news.save.ch\\\/oeffentlichen-verkehr-mehr-arbeitsunfaelle\\\/#breadcrumb\",\"itemListElement\":[{\"@type\":\"ListItem\",\"position\":1,\"name\":\"Home\",\"item\":\"https:\\\/\\\/news.save.ch\\\/de\\\/\"},{\"@type\":\"ListItem\",\"position\":2,\"name\":\"\u00d6ffentlichen Verkehr: Mehr Arbeitsunf\u00e4lle\"}]},{\"@type\":\"WebSite\",\"@id\":\"https:\\\/\\\/news.save.ch\\\/de\\\/#website\",\"url\":\"https:\\\/\\\/news.save.ch\\\/de\\\/\",\"name\":\"Save\",\"description\":\"Schweizer Fachzeitschrift f\u00fcr Sicherheit\",\"publisher\":{\"@id\":\"https:\\\/\\\/news.save.ch\\\/de\\\/#organization\"},\"potentialAction\":[{\"@type\":\"SearchAction\",\"target\":{\"@type\":\"EntryPoint\",\"urlTemplate\":\"https:\\\/\\\/news.save.ch\\\/de\\\/?s={search_term_string}\"},\"query-input\":{\"@type\":\"PropertyValueSpecification\",\"valueRequired\":true,\"valueName\":\"search_term_string\"}}],\"inLanguage\":\"fr-FR\"},{\"@type\":\"Organization\",\"@id\":\"https:\\\/\\\/news.save.ch\\\/de\\\/#organization\",\"name\":\"Sicherheitsforum\",\"url\":\"https:\\\/\\\/news.save.ch\\\/de\\\/\",\"logo\":{\"@type\":\"ImageObject\",\"inLanguage\":\"fr-FR\",\"@id\":\"https:\\\/\\\/news.save.ch\\\/de\\\/#\\\/schema\\\/logo\\\/image\\\/\",\"url\":\"https:\\\/\\\/news.save.ch\\\/wp-content\\\/uploads\\\/2022\\\/06\\\/Logo_SF_2012.png\",\"contentUrl\":\"https:\\\/\\\/news.save.ch\\\/wp-content\\\/uploads\\\/2022\\\/06\\\/Logo_SF_2012.png\",\"width\":1100,\"height\":91,\"caption\":\"Sicherheitsforum\"},\"image\":{\"@id\":\"https:\\\/\\\/news.save.ch\\\/de\\\/#\\\/schema\\\/logo\\\/image\\\/\"}},{\"@type\":\"Person\",\"@id\":\"https:\\\/\\\/news.save.ch\\\/de\\\/#\\\/schema\\\/person\\\/d5022db048e0e2b9785c50e5b24da5aa\",\"name\":\"Roger Str\u00e4ssle\",\"image\":{\"@type\":\"ImageObject\",\"inLanguage\":\"fr-FR\",\"@id\":\"https:\\\/\\\/secure.gravatar.com\\\/avatar\\\/862a5569d087de48e5856e32f45d719a03804c891d6deb8d4f71a660e79e4a47?s=96&d=mm&r=g\",\"url\":\"https:\\\/\\\/secure.gravatar.com\\\/avatar\\\/862a5569d087de48e5856e32f45d719a03804c891d6deb8d4f71a660e79e4a47?s=96&d=mm&r=g\",\"contentUrl\":\"https:\\\/\\\/secure.gravatar.com\\\/avatar\\\/862a5569d087de48e5856e32f45d719a03804c891d6deb8d4f71a660e79e4a47?s=96&d=mm&r=g\",\"caption\":\"Roger Str\u00e4ssle\"},\"url\":\"https:\\\/\\\/news.save.ch\\\/fr\\\/author\\\/roger-straessle\\\/\"}]}<\/script>\n<!-- \/ Yoast SEO plugin. -->","yoast_head_json":{"title":"Transports publics : augmentation des accidents du travail - Save","description":"Selon le dernier rapport sur la s\u00e9curit\u00e9, les accidents du travail dans les transports publics ont augment\u00e9 par rapport \u00e0 l'ann\u00e9e pr\u00e9c\u00e9dente.","robots":{"index":"index","follow":"follow","max-snippet":"max-snippet:-1","max-image-preview":"max-image-preview:large","max-video-preview":"max-video-preview:-1"},"canonical":"https:\/\/news.save.ch\/fr\/oeffentlichen-verkehr-mehr-arbeitsunfaelle\/","og_locale":"fr_FR","og_type":"article","og_title":"\u00d6ffentlichen Verkehr: Mehr Arbeitsunf\u00e4lle - Save","og_description":"Gem\u00e4ss dem j\u00fcngsten Sicherheitsbericht ist beim \u00f6V bez\u00fcglich Arbeitsunf\u00e4lle ein Anstieg gegen\u00fcber dem Vorjahr zu verzeichnen.","og_url":"https:\/\/news.save.ch\/fr\/oeffentlichen-verkehr-mehr-arbeitsunfaelle\/","og_site_name":"Save","article_published_time":"2023-06-28T11:07:19+00:00","article_modified_time":"2023-07-03T06:43:25+00:00","og_image":[{"width":1200,"height":800,"url":"https:\/\/news.save.ch\/wp-content\/uploads\/2023\/06\/Bahn-IMG_5440-scaled.jpg","type":"image\/jpeg"}],"author":"Roger Str\u00e4ssle","twitter_card":"summary_large_image","twitter_misc":{"\u00c9crit par":"Roger Str\u00e4ssle","Dur\u00e9e de lecture estim\u00e9e":"2 minutes"},"schema":{"@context":"https:\/\/schema.org","@graph":[{"@type":"Article","@id":"https:\/\/news.save.ch\/oeffentlichen-verkehr-mehr-arbeitsunfaelle\/#article","isPartOf":{"@id":"https:\/\/news.save.ch\/oeffentlichen-verkehr-mehr-arbeitsunfaelle\/"},"author":{"name":"Roger Str\u00e4ssle","@id":"https:\/\/news.save.ch\/de\/#\/schema\/person\/d5022db048e0e2b9785c50e5b24da5aa"},"headline":"\u00d6ffentlichen Verkehr: Mehr Arbeitsunf\u00e4lle","datePublished":"2023-06-28T11:07:19+00:00","dateModified":"2023-07-03T06:43:25+00:00","mainEntityOfPage":{"@id":"https:\/\/news.save.ch\/oeffentlichen-verkehr-mehr-arbeitsunfaelle\/"},"wordCount":305,"publisher":{"@id":"https:\/\/news.save.ch\/de\/#organization"},"image":{"@id":"https:\/\/news.save.ch\/oeffentlichen-verkehr-mehr-arbeitsunfaelle\/#primaryimage"},"thumbnailUrl":"https:\/\/news.save.ch\/wp-content\/uploads\/2023\/06\/Bahn-IMG_5440-scaled.jpg","keywords":["Arbeitssicherheit","Sicherheitsbericht"],"articleSection":["HEALTH &amp; SAFETY"],"inLanguage":"fr-FR"},{"@type":"WebPage","@id":"https:\/\/news.save.ch\/oeffentlichen-verkehr-mehr-arbeitsunfaelle\/","url":"https:\/\/news.save.ch\/oeffentlichen-verkehr-mehr-arbeitsunfaelle\/","name":"Transports publics : augmentation des accidents du travail - Save","isPartOf":{"@id":"https:\/\/news.save.ch\/de\/#website"},"primaryImageOfPage":{"@id":"https:\/\/news.save.ch\/oeffentlichen-verkehr-mehr-arbeitsunfaelle\/#primaryimage"},"image":{"@id":"https:\/\/news.save.ch\/oeffentlichen-verkehr-mehr-arbeitsunfaelle\/#primaryimage"},"thumbnailUrl":"https:\/\/news.save.ch\/wp-content\/uploads\/2023\/06\/Bahn-IMG_5440-scaled.jpg","datePublished":"2023-06-28T11:07:19+00:00","dateModified":"2023-07-03T06:43:25+00:00","description":"Selon le dernier rapport sur la s\u00e9curit\u00e9, les accidents du travail dans les transports publics ont augment\u00e9 par rapport \u00e0 l'ann\u00e9e pr\u00e9c\u00e9dente.","breadcrumb":{"@id":"https:\/\/news.save.ch\/oeffentlichen-verkehr-mehr-arbeitsunfaelle\/#breadcrumb"},"inLanguage":"fr-FR","potentialAction":[{"@type":"ReadAction","target":["https:\/\/news.save.ch\/oeffentlichen-verkehr-mehr-arbeitsunfaelle\/"]}]},{"@type":"ImageObject","inLanguage":"fr-FR","@id":"https:\/\/news.save.ch\/oeffentlichen-verkehr-mehr-arbeitsunfaelle\/#primaryimage","url":"https:\/\/news.save.ch\/wp-content\/uploads\/2023\/06\/Bahn-IMG_5440-scaled.jpg","contentUrl":"https:\/\/news.save.ch\/wp-content\/uploads\/2023\/06\/Bahn-IMG_5440-scaled.jpg","width":1200,"height":800,"caption":"Foto: Roger Str\u00e4ssle"},{"@type":"BreadcrumbList","@id":"https:\/\/news.save.ch\/oeffentlichen-verkehr-mehr-arbeitsunfaelle\/#breadcrumb","itemListElement":[{"@type":"ListItem","position":1,"name":"Home","item":"https:\/\/news.save.ch\/de\/"},{"@type":"ListItem","position":2,"name":"\u00d6ffentlichen Verkehr: Mehr Arbeitsunf\u00e4lle"}]},{"@type":"WebSite","@id":"https:\/\/news.save.ch\/de\/#website","url":"https:\/\/news.save.ch\/de\/","name":"Save","description":"Revue suisse sp\u00e9cialis\u00e9e dans la s\u00e9curit\u00e9","publisher":{"@id":"https:\/\/news.save.ch\/de\/#organization"},"potentialAction":[{"@type":"SearchAction","target":{"@type":"EntryPoint","urlTemplate":"https:\/\/news.save.ch\/de\/?s={search_term_string}"},"query-input":{"@type":"PropertyValueSpecification","valueRequired":true,"valueName":"search_term_string"}}],"inLanguage":"fr-FR"},{"@type":"Organization","@id":"https:\/\/news.save.ch\/de\/#organization","name":"Forum sur la s\u00e9curit\u00e9","url":"https:\/\/news.save.ch\/de\/","logo":{"@type":"ImageObject","inLanguage":"fr-FR","@id":"https:\/\/news.save.ch\/de\/#\/schema\/logo\/image\/","url":"https:\/\/news.save.ch\/wp-content\/uploads\/2022\/06\/Logo_SF_2012.png","contentUrl":"https:\/\/news.save.ch\/wp-content\/uploads\/2022\/06\/Logo_SF_2012.png","width":1100,"height":91,"caption":"Sicherheitsforum"},"image":{"@id":"https:\/\/news.save.ch\/de\/#\/schema\/logo\/image\/"}},{"@type":"Person","@id":"https:\/\/news.save.ch\/de\/#\/schema\/person\/d5022db048e0e2b9785c50e5b24da5aa","name":"Roger Str\u00e4ssle","image":{"@type":"ImageObject","inLanguage":"fr-FR","@id":"https:\/\/secure.gravatar.com\/avatar\/862a5569d087de48e5856e32f45d719a03804c891d6deb8d4f71a660e79e4a47?s=96&d=mm&r=g","url":"https:\/\/secure.gravatar.com\/avatar\/862a5569d087de48e5856e32f45d719a03804c891d6deb8d4f71a660e79e4a47?s=96&d=mm&r=g","contentUrl":"https:\/\/secure.gravatar.com\/avatar\/862a5569d087de48e5856e32f45d719a03804c891d6deb8d4f71a660e79e4a47?s=96&d=mm&r=g","caption":"Roger Str\u00e4ssle"},"url":"https:\/\/news.save.ch\/fr\/author\/roger-straessle\/"}]}},"_links":{"self":[{"href":"https:\/\/news.save.ch\/fr\/wp-json\/wp\/v2\/posts\/20416","targetHints":{"allow":["GET"]}}],"collection":[{"href":"https:\/\/news.save.ch\/fr\/wp-json\/wp\/v2\/posts"}],"about":[{"href":"https:\/\/news.save.ch\/fr\/wp-json\/wp\/v2\/types\/post"}],"author":[{"embeddable":true,"href":"https:\/\/news.save.ch\/fr\/wp-json\/wp\/v2\/users\/8"}],"replies":[{"embeddable":true,"href":"https:\/\/news.save.ch\/fr\/wp-json\/wp\/v2\/comments?post=20416"}],"version-history":[{"count":3,"href":"https:\/\/news.save.ch\/fr\/wp-json\/wp\/v2\/posts\/20416\/revisions"}],"predecessor-version":[{"id":20455,"href":"https:\/\/news.save.ch\/fr\/wp-json\/wp\/v2\/posts\/20416\/revisions\/20455"}],"wp:featuredmedia":[{"embeddable":true,"href":"https:\/\/news.save.ch\/fr\/wp-json\/wp\/v2\/media\/20417"}],"wp:attachment":[{"href":"https:\/\/news.save.ch\/fr\/wp-json\/wp\/v2\/media?parent=20416"}],"wp:term":[{"taxonomy":"category","embeddable":true,"href":"https:\/\/news.save.ch\/fr\/wp-json\/wp\/v2\/categories?post=20416"},{"taxonomy":"post_tag","embeddable":true,"href":"https:\/\/news.save.ch\/fr\/wp-json\/wp\/v2\/tags?post=20416"}],"curies":[{"name":"wp","href":"https:\/\/api.w.org\/{rel}","templated":true}]}}