{"id":2060,"date":"2015-12-18T16:02:16","date_gmt":"2015-12-18T15:02:16","guid":{"rendered":"https:\/\/dev.sicherheitsforum.ch\/?p=2060"},"modified":"2015-12-18T16:02:16","modified_gmt":"2015-12-18T15:02:16","slug":"flugzeit-von-drohnen-stark-verlaengert","status":null,"type":"post","link":"https:\/\/news.save.ch\/fr\/flugzeit-von-drohnen-stark-verlaengert\/","title":{"rendered":"Temps de vol des drones fortement prolong\u00e9"},"content":{"rendered":"<figure id=\"attachment_2061\" aria-describedby=\"caption-attachment-2061\" style=\"width: 680px\" class=\"wp-caption alignnone\"><img loading=\"lazy\" decoding=\"async\" class=\"wp-image-2061 size-medium\" src=\"https:\/\/news.save.ch\/wp-content\/uploads\/2016\/12\/Flugzeit-von-Drohnen-stark-verlaengert-sicherheitsforum.jpg\" width=\"680\" height=\"441\" srcset=\"https:\/\/news.save.ch\/wp-content\/uploads\/2016\/12\/Flugzeit-von-Drohnen-stark-verlaengert-sicherheitsforum.jpg 1000w, https:\/\/news.save.ch\/wp-content\/uploads\/2016\/12\/Flugzeit-von-Drohnen-stark-verlaengert-sicherheitsforum-375x243.jpg 375w\" sizes=\"auto, (max-width: 680px) 100vw, 680px\" \/><figcaption id=\"caption-attachment-2061\" class=\"wp-caption-text\">Photo : Intelligent Energy<\/figcaption><\/figure>\n<p>Les batteries standard de ces engins volants ne sont pas tr\u00e8s enthousiasmantes : elles s'essoufflent apr\u00e8s seulement 20 minutes environ. Pourtant, une dur\u00e9e de vol plus longue est imp\u00e9rative, surtout pour une utilisation commerciale.<\/p>\n<p><strong>Par exemple pour les op\u00e9rations de recherche et de sauvetage<\/strong><\/p>\n<p>Avec la nouvelle pile \u00e0 combustible \u00e0 hydrog\u00e8ne du fournisseur <a href=\"https:\/\/intelligent-energy.com\" target=\"_blank\" data-cke-saved-href=\"https:\/\/intelligent-energy.com\" rel=\"noopener\">\u00c9nergie intelligente<\/a> le probl\u00e8me de la batterie devrait appartenir au pass\u00e9, comme l'\u00e9crit l'agence de presse Pressetext.com sur son portail. Le \"Range Extender\", qui se fixe sur la batterie standard gr\u00e2ce \u00e0 sa construction l\u00e9g\u00e8re, permettrait de prolonger la courte dur\u00e9e de vol \u00e0 plusieurs heures, selon le communiqu\u00e9. Les drones se pr\u00eateraient ainsi \u00e0 diverses nouvelles utilisations. L'entreprise Intelligent Energy \u00e9voque \u00e0 cet \u00e9gard les drones d'inspection qui contr\u00f4lent les plates-formes de forage pour y d\u00e9celer des erreurs et des points faibles. Les drones se pr\u00eateraient ainsi \u00e9galement \u00e0 des missions de recherche et de sauvetage.<\/p>\n<p>Les drones ne sont pas seulement utilis\u00e9s \u00e0 des fins commerciales, il faut de plus en plus se soucier de la sph\u00e8re priv\u00e9e. Mais les engins volants peuvent aussi \u00eatre utilis\u00e9s \u00e0 diverses fins criminelles. Ce n'est pas pour rien que des syst\u00e8mes de d\u00e9fense contre les drones sont d\u00e9j\u00e0 disponibles sur le march\u00e9. Avec une dur\u00e9e de vol nettement plus longue, les abus vont probablement aussi augmenter.<\/p>\n<p><strong>Temps de charge de deux minutes seulement<\/strong><\/p>\n<p>Revenons \u00e0 la pile \u00e0 combustible \u00e0 hydrog\u00e8ne : selon l'entreprise de d\u00e9veloppement, un test pratique de grande envergure a \u00e9t\u00e9 r\u00e9alis\u00e9 avec le \"Range Extender\". Diff\u00e9rentes versions de drones ont \u00e9t\u00e9 test\u00e9es : certaines \u00e9taient \u00e9quip\u00e9es uniquement d'une pile \u00e0 combustible \u00e0 hydrog\u00e8ne, d'autres d'une combinaison de batterie et de pile \u00e0 combustible. R\u00e9sultat : la combinaison des deux sources d'\u00e9nergie a permis de prolonger le temps de vol de 20 minutes \u00e0 plus de deux heures. Le temps de charge, qui \u00e9tait d'une \u00e0 deux heures, a \u00e9galement pu \u00eatre r\u00e9duit \u00e0 deux minutes en moyenne, comme l'\u00e9crit Pressetext.com.<\/p>\n<p>La date de commercialisation de la nouvelle pile \u00e0 combustible n'a pas encore \u00e9t\u00e9 fix\u00e9e. Une premi\u00e8re d\u00e9monstration publique de la technologie est pr\u00e9vue dans le cadre du Consumer Electronics <a href=\"https:\/\/cesweb.org\" target=\"_blank\" data-cke-saved-href=\"https:\/\/cesweb.org\" rel=\"noopener\">Spectacle 2016 <\/a>qui se tiendra \u00e0 Las Vegas du 6 au 9 janvier 2016.<\/p>\n<p>&nbsp;<\/p>","protected":false},"excerpt":{"rendered":"<p>Die Standard-Akkus der Fluggef\u00e4hrte sind nicht gerade berauschend: Nach nur rund 20 Minuten geht ihnen die Luft aus. Doch gerade f\u00fcr eine kommerzielle Nutzung ist eine l\u00e4ngere Flugzeit zwingend. Zum Beispiel f\u00fcr Such- und Rettungseins\u00e4tze Mit der neuen Wasserstoff-Brennstoffzelle des Anbieters Intelligent Energy soll das Batterie-Problem der Vergangenheit angeh\u00f6ren, wie die Nachrichtenagentur Pressetext.com auf seinem [&hellip;]<\/p>\n","protected":false},"author":1,"featured_media":2061,"comment_status":"open","ping_status":"open","sticky":false,"template":"","format":"standard","meta":{"_acf_changed":false,"pgc_sgb_lightbox_settings":"","footnotes":""},"categories":[1],"tags":[65],"class_list":["post-2060","post","type-post","status-publish","format-standard","has-post-thumbnail","hentry","category-allgemein","tag-unternehmen"],"acf":[],"hkrextid":null,"publication":null,"issue":null,"workflow":null,"startPage":null,"spitzmarke":null,"_posts_by_tag_page_fields":{"widget_title":"","widget_tags":""},"_at_widget":"1","_yoast_wpseo_primary_category":"1","_yoast_wpseo_focuskw_text_input":"Flugzeit von Drohnen stark verl\u00e4ngert","_yoast_wpseo_opengraph-image":"https:\/\/news.save.ch\/wp-content\/uploads\/2016\/12\/Flugzeit-von-Drohnen-stark-verl\u00e4ngert-sicherheitsforum.jpg","_yoast_wpseo_opengraph-description":"Das Unternehmen Intelligent Energy hat eine neue Wasserstoff-Brennstoffzelle entwickelt, welche die Flugzeit von Drohnen stark verl\u00e4ngert.","_yoast_wpseo_opengraph-title":"Flugzeit von Drohnen stark verl\u00e4ngert","enclosure":null,"_yoast_wpseo_twitter-title":null,"_yoast_wpseo_twitter-description":null,"_yoast_wpseo_twitter-image":null,"_wp_old_slug":null,"_yoast_wpseo_title":null,"_yoast_wpseo_canonical":null,"yoast_head":"<!-- This site is optimized with the Yoast SEO plugin v27.5 - https:\/\/yoast.com\/product\/yoast-seo-wordpress\/ -->\n<title>Flugzeit von Drohnen stark verl\u00e4ngert - Save<\/title>\n<meta name=\"description\" content=\"Das Unternehmen Intelligent Energy hat eine neue Wasserstoff-Brennstoffzelle entwickelt, welche die Flugzeit von Drohnen stark verl\u00e4ngert.\" \/>\n<meta name=\"robots\" content=\"index, follow, max-snippet:-1, max-image-preview:large, max-video-preview:-1\" \/>\n<link rel=\"canonical\" href=\"https:\/\/news.save.ch\/fr\/flugzeit-von-drohnen-stark-verlaengert\/\" \/>\n<meta property=\"og:locale\" content=\"fr_FR\" \/>\n<meta property=\"og:type\" content=\"article\" \/>\n<meta property=\"og:title\" content=\"Flugzeit von Drohnen stark verl\u00e4ngert\" \/>\n<meta property=\"og:description\" content=\"Das Unternehmen Intelligent Energy hat eine neue Wasserstoff-Brennstoffzelle entwickelt, welche die Flugzeit von Drohnen stark verl\u00e4ngert.\" \/>\n<meta property=\"og:url\" content=\"https:\/\/news.save.ch\/fr\/flugzeit-von-drohnen-stark-verlaengert\/\" \/>\n<meta property=\"og:site_name\" content=\"Save\" \/>\n<meta property=\"article:published_time\" content=\"2015-12-18T15:02:16+00:00\" \/>\n<meta property=\"og:image\" content=\"https:\/\/news.save.ch\/wp-content\/uploads\/2016\/12\/Flugzeit-von-Drohnen-stark-verl\u00e4ngert-sicherheitsforum.jpg\" \/>\n<meta name=\"author\" content=\"admin\" \/>\n<meta name=\"twitter:card\" content=\"summary_large_image\" \/>\n<meta name=\"twitter:label1\" content=\"\u00c9crit par\" \/>\n\t<meta name=\"twitter:data1\" content=\"admin\" \/>\n\t<meta name=\"twitter:label2\" content=\"Dur\u00e9e de lecture estim\u00e9e\" \/>\n\t<meta name=\"twitter:data2\" content=\"2 minutes\" \/>\n<script type=\"application\/ld+json\" class=\"yoast-schema-graph\">{\"@context\":\"https:\\\/\\\/schema.org\",\"@graph\":[{\"@type\":\"Article\",\"@id\":\"https:\\\/\\\/news.save.ch\\\/flugzeit-von-drohnen-stark-verlaengert\\\/#article\",\"isPartOf\":{\"@id\":\"https:\\\/\\\/news.save.ch\\\/flugzeit-von-drohnen-stark-verlaengert\\\/\"},\"author\":{\"name\":\"admin\",\"@id\":\"https:\\\/\\\/news.save.ch\\\/de\\\/#\\\/schema\\\/person\\\/d49e199490bad7c70d64b9ab51142f2b\"},\"headline\":\"Flugzeit von Drohnen stark verl\u00e4ngert\",\"datePublished\":\"2015-12-18T15:02:16+00:00\",\"mainEntityOfPage\":{\"@id\":\"https:\\\/\\\/news.save.ch\\\/flugzeit-von-drohnen-stark-verlaengert\\\/\"},\"wordCount\":319,\"commentCount\":0,\"publisher\":{\"@id\":\"https:\\\/\\\/news.save.ch\\\/de\\\/#organization\"},\"image\":{\"@id\":\"https:\\\/\\\/news.save.ch\\\/flugzeit-von-drohnen-stark-verlaengert\\\/#primaryimage\"},\"thumbnailUrl\":\"https:\\\/\\\/news.save.ch\\\/wp-content\\\/uploads\\\/2016\\\/12\\\/Flugzeit-von-Drohnen-stark-verlaengert-sicherheitsforum.jpg\",\"keywords\":[\"Unternehmen\"],\"articleSection\":[\"ALLGEMEIN\"],\"inLanguage\":\"fr-FR\"},{\"@type\":\"WebPage\",\"@id\":\"https:\\\/\\\/news.save.ch\\\/flugzeit-von-drohnen-stark-verlaengert\\\/\",\"url\":\"https:\\\/\\\/news.save.ch\\\/flugzeit-von-drohnen-stark-verlaengert\\\/\",\"name\":\"Flugzeit von Drohnen stark verl\u00e4ngert - Save\",\"isPartOf\":{\"@id\":\"https:\\\/\\\/news.save.ch\\\/de\\\/#website\"},\"primaryImageOfPage\":{\"@id\":\"https:\\\/\\\/news.save.ch\\\/flugzeit-von-drohnen-stark-verlaengert\\\/#primaryimage\"},\"image\":{\"@id\":\"https:\\\/\\\/news.save.ch\\\/flugzeit-von-drohnen-stark-verlaengert\\\/#primaryimage\"},\"thumbnailUrl\":\"https:\\\/\\\/news.save.ch\\\/wp-content\\\/uploads\\\/2016\\\/12\\\/Flugzeit-von-Drohnen-stark-verlaengert-sicherheitsforum.jpg\",\"datePublished\":\"2015-12-18T15:02:16+00:00\",\"description\":\"Das Unternehmen Intelligent Energy hat eine neue Wasserstoff-Brennstoffzelle entwickelt, welche die Flugzeit von Drohnen stark verl\u00e4ngert.\",\"breadcrumb\":{\"@id\":\"https:\\\/\\\/news.save.ch\\\/flugzeit-von-drohnen-stark-verlaengert\\\/#breadcrumb\"},\"inLanguage\":\"fr-FR\",\"potentialAction\":[{\"@type\":\"ReadAction\",\"target\":[\"https:\\\/\\\/news.save.ch\\\/flugzeit-von-drohnen-stark-verlaengert\\\/\"]}]},{\"@type\":\"ImageObject\",\"inLanguage\":\"fr-FR\",\"@id\":\"https:\\\/\\\/news.save.ch\\\/flugzeit-von-drohnen-stark-verlaengert\\\/#primaryimage\",\"url\":\"https:\\\/\\\/news.save.ch\\\/wp-content\\\/uploads\\\/2016\\\/12\\\/Flugzeit-von-Drohnen-stark-verlaengert-sicherheitsforum.jpg\",\"contentUrl\":\"https:\\\/\\\/news.save.ch\\\/wp-content\\\/uploads\\\/2016\\\/12\\\/Flugzeit-von-Drohnen-stark-verlaengert-sicherheitsforum.jpg\",\"width\":1000,\"height\":648,\"caption\":\"Foto: Intelligent Energy\"},{\"@type\":\"BreadcrumbList\",\"@id\":\"https:\\\/\\\/news.save.ch\\\/flugzeit-von-drohnen-stark-verlaengert\\\/#breadcrumb\",\"itemListElement\":[{\"@type\":\"ListItem\",\"position\":1,\"name\":\"Home\",\"item\":\"https:\\\/\\\/news.save.ch\\\/de\\\/\"},{\"@type\":\"ListItem\",\"position\":2,\"name\":\"Flugzeit von Drohnen stark verl\u00e4ngert\"}]},{\"@type\":\"WebSite\",\"@id\":\"https:\\\/\\\/news.save.ch\\\/de\\\/#website\",\"url\":\"https:\\\/\\\/news.save.ch\\\/de\\\/\",\"name\":\"Save\",\"description\":\"Schweizer Fachzeitschrift f\u00fcr Sicherheit\",\"publisher\":{\"@id\":\"https:\\\/\\\/news.save.ch\\\/de\\\/#organization\"},\"potentialAction\":[{\"@type\":\"SearchAction\",\"target\":{\"@type\":\"EntryPoint\",\"urlTemplate\":\"https:\\\/\\\/news.save.ch\\\/de\\\/?s={search_term_string}\"},\"query-input\":{\"@type\":\"PropertyValueSpecification\",\"valueRequired\":true,\"valueName\":\"search_term_string\"}}],\"inLanguage\":\"fr-FR\"},{\"@type\":\"Organization\",\"@id\":\"https:\\\/\\\/news.save.ch\\\/de\\\/#organization\",\"name\":\"Sicherheitsforum\",\"url\":\"https:\\\/\\\/news.save.ch\\\/de\\\/\",\"logo\":{\"@type\":\"ImageObject\",\"inLanguage\":\"fr-FR\",\"@id\":\"https:\\\/\\\/news.save.ch\\\/de\\\/#\\\/schema\\\/logo\\\/image\\\/\",\"url\":\"https:\\\/\\\/news.save.ch\\\/wp-content\\\/uploads\\\/2022\\\/06\\\/Logo_SF_2012.png\",\"contentUrl\":\"https:\\\/\\\/news.save.ch\\\/wp-content\\\/uploads\\\/2022\\\/06\\\/Logo_SF_2012.png\",\"width\":1100,\"height\":91,\"caption\":\"Sicherheitsforum\"},\"image\":{\"@id\":\"https:\\\/\\\/news.save.ch\\\/de\\\/#\\\/schema\\\/logo\\\/image\\\/\"}},{\"@type\":\"Person\",\"@id\":\"https:\\\/\\\/news.save.ch\\\/de\\\/#\\\/schema\\\/person\\\/d49e199490bad7c70d64b9ab51142f2b\",\"name\":\"admin\",\"image\":{\"@type\":\"ImageObject\",\"inLanguage\":\"fr-FR\",\"@id\":\"https:\\\/\\\/secure.gravatar.com\\\/avatar\\\/ae2f4d718e6c49043e314ce431e7e645d646302a24a5ef5a8bc8e3f5a032e319?s=96&d=mm&r=g\",\"url\":\"https:\\\/\\\/secure.gravatar.com\\\/avatar\\\/ae2f4d718e6c49043e314ce431e7e645d646302a24a5ef5a8bc8e3f5a032e319?s=96&d=mm&r=g\",\"contentUrl\":\"https:\\\/\\\/secure.gravatar.com\\\/avatar\\\/ae2f4d718e6c49043e314ce431e7e645d646302a24a5ef5a8bc8e3f5a032e319?s=96&d=mm&r=g\",\"caption\":\"admin\"},\"sameAs\":[\"https:\\\/\\\/develop.organisator.galledia.ch\"],\"url\":\"https:\\\/\\\/news.save.ch\\\/fr\\\/author\\\/admin\\\/\"}]}<\/script>\n<!-- \/ Yoast SEO plugin. -->","yoast_head_json":{"title":"Temps de vol des drones fortement prolong\u00e9 - Save","description":"L'entreprise Intelligent Energy a d\u00e9velopp\u00e9 une nouvelle pile \u00e0 combustible \u00e0 hydrog\u00e8ne qui prolonge consid\u00e9rablement la dur\u00e9e de vol des drones.","robots":{"index":"index","follow":"follow","max-snippet":"max-snippet:-1","max-image-preview":"max-image-preview:large","max-video-preview":"max-video-preview:-1"},"canonical":"https:\/\/news.save.ch\/fr\/flugzeit-von-drohnen-stark-verlaengert\/","og_locale":"fr_FR","og_type":"article","og_title":"Flugzeit von Drohnen stark verl\u00e4ngert","og_description":"Das Unternehmen Intelligent Energy hat eine neue Wasserstoff-Brennstoffzelle entwickelt, welche die Flugzeit von Drohnen stark verl\u00e4ngert.","og_url":"https:\/\/news.save.ch\/fr\/flugzeit-von-drohnen-stark-verlaengert\/","og_site_name":"Save","article_published_time":"2015-12-18T15:02:16+00:00","og_image":[{"url":"https:\/\/news.save.ch\/wp-content\/uploads\/2016\/12\/Flugzeit-von-Drohnen-stark-verl\u00e4ngert-sicherheitsforum.jpg","type":"","width":"","height":""}],"author":"admin","twitter_card":"summary_large_image","twitter_misc":{"\u00c9crit par":"admin","Dur\u00e9e de lecture estim\u00e9e":"2 minutes"},"schema":{"@context":"https:\/\/schema.org","@graph":[{"@type":"Article","@id":"https:\/\/news.save.ch\/flugzeit-von-drohnen-stark-verlaengert\/#article","isPartOf":{"@id":"https:\/\/news.save.ch\/flugzeit-von-drohnen-stark-verlaengert\/"},"author":{"name":"admin","@id":"https:\/\/news.save.ch\/de\/#\/schema\/person\/d49e199490bad7c70d64b9ab51142f2b"},"headline":"Flugzeit von Drohnen stark verl\u00e4ngert","datePublished":"2015-12-18T15:02:16+00:00","mainEntityOfPage":{"@id":"https:\/\/news.save.ch\/flugzeit-von-drohnen-stark-verlaengert\/"},"wordCount":319,"commentCount":0,"publisher":{"@id":"https:\/\/news.save.ch\/de\/#organization"},"image":{"@id":"https:\/\/news.save.ch\/flugzeit-von-drohnen-stark-verlaengert\/#primaryimage"},"thumbnailUrl":"https:\/\/news.save.ch\/wp-content\/uploads\/2016\/12\/Flugzeit-von-Drohnen-stark-verlaengert-sicherheitsforum.jpg","keywords":["Unternehmen"],"articleSection":["ALLGEMEIN"],"inLanguage":"fr-FR"},{"@type":"WebPage","@id":"https:\/\/news.save.ch\/flugzeit-von-drohnen-stark-verlaengert\/","url":"https:\/\/news.save.ch\/flugzeit-von-drohnen-stark-verlaengert\/","name":"Temps de vol des drones fortement prolong\u00e9 - Save","isPartOf":{"@id":"https:\/\/news.save.ch\/de\/#website"},"primaryImageOfPage":{"@id":"https:\/\/news.save.ch\/flugzeit-von-drohnen-stark-verlaengert\/#primaryimage"},"image":{"@id":"https:\/\/news.save.ch\/flugzeit-von-drohnen-stark-verlaengert\/#primaryimage"},"thumbnailUrl":"https:\/\/news.save.ch\/wp-content\/uploads\/2016\/12\/Flugzeit-von-Drohnen-stark-verlaengert-sicherheitsforum.jpg","datePublished":"2015-12-18T15:02:16+00:00","description":"L'entreprise Intelligent Energy a d\u00e9velopp\u00e9 une nouvelle pile \u00e0 combustible \u00e0 hydrog\u00e8ne qui prolonge consid\u00e9rablement la dur\u00e9e de vol des drones.","breadcrumb":{"@id":"https:\/\/news.save.ch\/flugzeit-von-drohnen-stark-verlaengert\/#breadcrumb"},"inLanguage":"fr-FR","potentialAction":[{"@type":"ReadAction","target":["https:\/\/news.save.ch\/flugzeit-von-drohnen-stark-verlaengert\/"]}]},{"@type":"ImageObject","inLanguage":"fr-FR","@id":"https:\/\/news.save.ch\/flugzeit-von-drohnen-stark-verlaengert\/#primaryimage","url":"https:\/\/news.save.ch\/wp-content\/uploads\/2016\/12\/Flugzeit-von-Drohnen-stark-verlaengert-sicherheitsforum.jpg","contentUrl":"https:\/\/news.save.ch\/wp-content\/uploads\/2016\/12\/Flugzeit-von-Drohnen-stark-verlaengert-sicherheitsforum.jpg","width":1000,"height":648,"caption":"Foto: Intelligent Energy"},{"@type":"BreadcrumbList","@id":"https:\/\/news.save.ch\/flugzeit-von-drohnen-stark-verlaengert\/#breadcrumb","itemListElement":[{"@type":"ListItem","position":1,"name":"Home","item":"https:\/\/news.save.ch\/de\/"},{"@type":"ListItem","position":2,"name":"Flugzeit von Drohnen stark verl\u00e4ngert"}]},{"@type":"WebSite","@id":"https:\/\/news.save.ch\/de\/#website","url":"https:\/\/news.save.ch\/de\/","name":"Save","description":"Revue suisse sp\u00e9cialis\u00e9e dans la s\u00e9curit\u00e9","publisher":{"@id":"https:\/\/news.save.ch\/de\/#organization"},"potentialAction":[{"@type":"SearchAction","target":{"@type":"EntryPoint","urlTemplate":"https:\/\/news.save.ch\/de\/?s={search_term_string}"},"query-input":{"@type":"PropertyValueSpecification","valueRequired":true,"valueName":"search_term_string"}}],"inLanguage":"fr-FR"},{"@type":"Organization","@id":"https:\/\/news.save.ch\/de\/#organization","name":"Forum sur la s\u00e9curit\u00e9","url":"https:\/\/news.save.ch\/de\/","logo":{"@type":"ImageObject","inLanguage":"fr-FR","@id":"https:\/\/news.save.ch\/de\/#\/schema\/logo\/image\/","url":"https:\/\/news.save.ch\/wp-content\/uploads\/2022\/06\/Logo_SF_2012.png","contentUrl":"https:\/\/news.save.ch\/wp-content\/uploads\/2022\/06\/Logo_SF_2012.png","width":1100,"height":91,"caption":"Sicherheitsforum"},"image":{"@id":"https:\/\/news.save.ch\/de\/#\/schema\/logo\/image\/"}},{"@type":"Person","@id":"https:\/\/news.save.ch\/de\/#\/schema\/person\/d49e199490bad7c70d64b9ab51142f2b","name":"admin","image":{"@type":"ImageObject","inLanguage":"fr-FR","@id":"https:\/\/secure.gravatar.com\/avatar\/ae2f4d718e6c49043e314ce431e7e645d646302a24a5ef5a8bc8e3f5a032e319?s=96&d=mm&r=g","url":"https:\/\/secure.gravatar.com\/avatar\/ae2f4d718e6c49043e314ce431e7e645d646302a24a5ef5a8bc8e3f5a032e319?s=96&d=mm&r=g","contentUrl":"https:\/\/secure.gravatar.com\/avatar\/ae2f4d718e6c49043e314ce431e7e645d646302a24a5ef5a8bc8e3f5a032e319?s=96&d=mm&r=g","caption":"admin"},"sameAs":["https:\/\/develop.organisator.galledia.ch"],"url":"https:\/\/news.save.ch\/fr\/author\/admin\/"}]}},"_links":{"self":[{"href":"https:\/\/news.save.ch\/fr\/wp-json\/wp\/v2\/posts\/2060","targetHints":{"allow":["GET"]}}],"collection":[{"href":"https:\/\/news.save.ch\/fr\/wp-json\/wp\/v2\/posts"}],"about":[{"href":"https:\/\/news.save.ch\/fr\/wp-json\/wp\/v2\/types\/post"}],"author":[{"embeddable":true,"href":"https:\/\/news.save.ch\/fr\/wp-json\/wp\/v2\/users\/1"}],"replies":[{"embeddable":true,"href":"https:\/\/news.save.ch\/fr\/wp-json\/wp\/v2\/comments?post=2060"}],"version-history":[{"count":0,"href":"https:\/\/news.save.ch\/fr\/wp-json\/wp\/v2\/posts\/2060\/revisions"}],"wp:featuredmedia":[{"embeddable":true,"href":"https:\/\/news.save.ch\/fr\/wp-json\/wp\/v2\/media\/2061"}],"wp:attachment":[{"href":"https:\/\/news.save.ch\/fr\/wp-json\/wp\/v2\/media?parent=2060"}],"wp:term":[{"taxonomy":"category","embeddable":true,"href":"https:\/\/news.save.ch\/fr\/wp-json\/wp\/v2\/categories?post=2060"},{"taxonomy":"post_tag","embeddable":true,"href":"https:\/\/news.save.ch\/fr\/wp-json\/wp\/v2\/tags?post=2060"}],"curies":[{"name":"wp","href":"https:\/\/api.w.org\/{rel}","templated":true}]}}