{"id":2084,"date":"2017-07-19T11:12:35","date_gmt":"2017-07-19T09:12:35","guid":{"rendered":"https:\/\/news.save.ch\/?p=2084"},"modified":"2023-03-14T09:02:57","modified_gmt":"2023-03-14T08:02:57","slug":"zu-viele-ueberstunden-erhoeht-risiko-von-vorhofflimmern","status":null,"type":"post","link":"https:\/\/news.save.ch\/fr\/zu-viele-ueberstunden-erhoeht-risiko-von-vorhofflimmern\/","title":{"rendered":"Trop d'heures suppl\u00e9mentaires augmente le risque de fibrillation auriculaire"},"content":{"rendered":"<figure id=\"attachment_2085\" aria-describedby=\"caption-attachment-2085\" style=\"width: 680px\" class=\"wp-caption alignnone\"><img loading=\"lazy\" decoding=\"async\" class=\"size-medium wp-image-2085\" src=\"http:\/\/develop.safety-plus.ch\/wp-content\/uploads\/2017\/07\/Depositphotos_42281629_l-2015.jpg\" alt=\"\" width=\"680\" height=\"453\" \/><figcaption id=\"caption-attachment-2085\" class=\"wp-caption-text\">La fibrillation auriculaire joue un r\u00f4le dans de nombreuses maladies graves telles que les crises cardiaques, la d\u00e9mence et les accidents vasculaires c\u00e9r\u00e9braux.<\/figcaption><\/figure>\n<p class=\"FtxtP\">Les personnes qui travaillent de longues heures pr\u00e9sentent un risque accru de rythme cardiaque irr\u00e9gulier, c'est-\u00e0-dire de fibrillation auriculaire. C'est la conclusion \u00e0 laquelle sont parvenus des chercheurs du <a href=\"http:\/\/ucl.ac.uk\">University College London<\/a>. L'analyse des donn\u00e9es de pr\u00e8s de 85.500 hommes et femmes a montr\u00e9 que ceux qui travaillent 55 heures ou plus par semaine ont un risque accru de 40% de d\u00e9velopper une fibrillation auriculaire au cours des dix prochaines ann\u00e9es.<\/p>\n<p class=\"FtxtP\"><strong><span class=\"FtxtBold\">Plus d'attaques c\u00e9r\u00e9brales<\/span><\/strong><\/p>\n<p class=\"FtxtP\">Selon le directeur de recherche Mika Kivimaki, ces r\u00e9sultats pourraient expliquer le risque accru d'AVC d\u00e9j\u00e0 connu chez ce groupe de personnes. \"La fibrillation auriculaire ne contribue pas seulement aux AVC, mais joue \u00e9galement un r\u00f4le dans les crises cardiaques et la d\u00e9mence apr\u00e8s un AVC\". Les chercheurs ont analys\u00e9 les donn\u00e9es de 85.494 hommes et femmes de Grande-Bretagne, du Danemark, de Su\u00e8de et de Finlande qui ont particip\u00e9 \u00e0 l'une des huit \u00e9tudes men\u00e9es dans ces pays.<\/p>\n<p class=\"FtxtP\">Les heures de travail ont \u00e9t\u00e9 \u00e9valu\u00e9es au d\u00e9but de l'\u00e9tude, entre 1991 et 2004. Ils ont \u00e9t\u00e9 r\u00e9partis en diff\u00e9rents groupes. De moins de 35 heures par semaine, 35 \u00e0 40 heures comme norme normale, \u00e0 plus de 55 heures par semaine. Au d\u00e9but des \u00e9tudes, aucun des participants ne souffrait de fibrillation auriculaire. Au cours des dix ann\u00e9es suivantes, 1.061 nouveaux cas sont apparus. Cela correspond \u00e0 un taux d'incidence de 12,4 pour 1.000 personnes. Cependant, chez les 4.484 personnes qui travaillaient plus de 55 heures, ce taux \u00e9tait de 17,6.<\/p>\n<p class=\"FtxtP\">\"Le risque \u00e9tait multipli\u00e9 par 1,4, m\u00eame lorsque nous avons pris en compte des facteurs tels que l'\u00e2ge, le sexe, le statut socio-\u00e9conomique, l'ob\u00e9sit\u00e9, la pratique d'un sport pendant les loisirs, le tabagisme et la consommation d'alcool\", explique Kivimaki. \"Neuf maladies sur dix sont apparues chez des personnes qui ne souffraient pas de maladie cardiovasculaire auparavant ou en m\u00eame temps. Il est donc \u00e9vident que le risque accru est probablement la cons\u00e9quence des longues heures de travail\".<\/p>\n<p class=\"FtxtP\"><strong><span class=\"FtxtBold\">D'autres \u00e9tudes sont n\u00e9cessaires<\/span><\/strong><\/p>\n<p class=\"FtxtP\">D'autres \u00e9tudes sont n\u00e9cessaires, selon les experts, pour \u00e9tudier les m\u00e9canismes d\u00e9clencheurs. Selon le chercheur, un risque accru de 40 pour cent constitue une menace s\u00e9rieuse pour les personnes qui pr\u00e9sentent d\u00e9j\u00e0 un risque g\u00e9n\u00e9ralement \u00e9lev\u00e9 de maladie cardiovasculaire en raison d'autres facteurs de risque. Il s'agit notamment d'un \u00e2ge avanc\u00e9, du sexe masculin, du diab\u00e8te, de l'hypertension, d'un taux de cholest\u00e9rol \u00e9lev\u00e9, de l'ob\u00e9sit\u00e9, du tabagisme et du manque d'activit\u00e9 physique ou d'une maladie cardiaque pr\u00e9existante.<\/p>\n<p class=\"FtxtP\">\"Pour un jeune en bonne sant\u00e9 avec peu ou pas de ces facteurs de risque, le risque g\u00e9n\u00e9ral de fibrillation auriculaire est faible, m\u00eame en cas de longues heures de travail\", conclut Kivimaki. Les r\u00e9sultats de la recherche ont \u00e9t\u00e9 publi\u00e9s dans le \"European Heart Journal\".<\/p>\n<p class=\"FtxtP\">le texte : Communiqu\u00e9 de presse<\/p>","protected":false},"excerpt":{"rendered":"<p>Menschen mit langen Arbeitszeiten verf\u00fcgen bei einem unregelm\u00e4\u00dfigen Herzrhythmus, also bei Vorhofflimmern, \u00fcber ein erh\u00f6htes Risiko. Zu diesem Ergebnis kommen Forscher des University College London. Die Auswertung der Daten von fast 85.500 M\u00e4nnern und Frauen hat ergeben, dass jene, die 55 Stunden pro Woche oder mehr arbeiten, \u00fcber ein um 40 Prozent erh\u00f6htes Risiko verf\u00fcgen, [&hellip;]<\/p>\n","protected":false},"author":1,"featured_media":16213,"comment_status":"open","ping_status":"open","sticky":false,"template":"","format":"standard","meta":{"_acf_changed":false,"pgc_sgb_lightbox_settings":"","footnotes":""},"categories":[3314],"tags":[1678,149,3123],"class_list":["post-2084","post","type-post","status-publish","format-standard","has-post-thumbnail","hentry","category-health-safety","tag-arbeitszeit","tag-gesundheitsschutz","tag-ueberstunden"],"acf":[],"hkrextid":null,"publication":null,"issue":null,"workflow":null,"startPage":null,"spitzmarke":null,"_posts_by_tag_page_fields":{"widget_title":"","widget_tags":""},"_at_widget":"1","_yoast_wpseo_primary_category":"4","_yoast_wpseo_focuskw_text_input":"Vorhofflimmern","_yoast_wpseo_opengraph-image":null,"_yoast_wpseo_opengraph-description":null,"_yoast_wpseo_opengraph-title":null,"enclosure":null,"_yoast_wpseo_twitter-title":null,"_yoast_wpseo_twitter-description":null,"_yoast_wpseo_twitter-image":null,"_wp_old_slug":null,"_yoast_wpseo_title":null,"_yoast_wpseo_canonical":null,"yoast_head":"<!-- This site is optimized with the Yoast SEO plugin v27.4 - https:\/\/yoast.com\/product\/yoast-seo-wordpress\/ -->\n<title>Zu viele \u00dcberstunden erh\u00f6ht Risiko von Vorhofflimmern - Save<\/title>\n<meta name=\"description\" content=\"\u00dcberstunden schaden der Gesundheit: Wer mehr als 55 Stunden pro Woche arbeitet, weist ein 40% erh\u00f6htes Risiko auf, an Vorhofflimmern zu erkranken.\" \/>\n<meta name=\"robots\" content=\"index, follow, max-snippet:-1, max-image-preview:large, max-video-preview:-1\" \/>\n<link rel=\"canonical\" href=\"https:\/\/news.save.ch\/fr\/zu-viele-ueberstunden-erhoeht-risiko-von-vorhofflimmern\/\" \/>\n<meta property=\"og:locale\" content=\"fr_FR\" \/>\n<meta property=\"og:type\" content=\"article\" \/>\n<meta property=\"og:title\" content=\"Zu viele \u00dcberstunden erh\u00f6ht Risiko von Vorhofflimmern - Save\" \/>\n<meta property=\"og:description\" content=\"\u00dcberstunden schaden der Gesundheit: Wer mehr als 55 Stunden pro Woche arbeitet, weist ein 40% erh\u00f6htes Risiko auf, an Vorhofflimmern zu erkranken.\" \/>\n<meta property=\"og:url\" content=\"https:\/\/news.save.ch\/fr\/zu-viele-ueberstunden-erhoeht-risiko-von-vorhofflimmern\/\" \/>\n<meta property=\"og:site_name\" content=\"Save\" \/>\n<meta property=\"article:published_time\" content=\"2017-07-19T09:12:35+00:00\" \/>\n<meta property=\"article:modified_time\" content=\"2023-03-14T08:02:57+00:00\" \/>\n<meta property=\"og:image\" content=\"https:\/\/news.save.ch\/wp-content\/uploads\/2017\/07\/Depositphotos_42281629_l-2015-scaled-1.jpg\" \/>\n\t<meta property=\"og:image:width\" content=\"1200\" \/>\n\t<meta property=\"og:image:height\" content=\"800\" \/>\n\t<meta property=\"og:image:type\" content=\"image\/jpeg\" \/>\n<meta name=\"author\" content=\"admin\" \/>\n<meta name=\"twitter:card\" content=\"summary_large_image\" \/>\n<meta name=\"twitter:label1\" content=\"\u00c9crit par\" \/>\n\t<meta name=\"twitter:data1\" content=\"admin\" \/>\n\t<meta name=\"twitter:label2\" content=\"Dur\u00e9e de lecture estim\u00e9e\" \/>\n\t<meta name=\"twitter:data2\" content=\"2 minutes\" \/>\n<script type=\"application\/ld+json\" class=\"yoast-schema-graph\">{\"@context\":\"https:\\\/\\\/schema.org\",\"@graph\":[{\"@type\":\"Article\",\"@id\":\"https:\\\/\\\/news.save.ch\\\/zu-viele-ueberstunden-erhoeht-risiko-von-vorhofflimmern\\\/#article\",\"isPartOf\":{\"@id\":\"https:\\\/\\\/news.save.ch\\\/zu-viele-ueberstunden-erhoeht-risiko-von-vorhofflimmern\\\/\"},\"author\":{\"name\":\"admin\",\"@id\":\"https:\\\/\\\/news.save.ch\\\/de\\\/#\\\/schema\\\/person\\\/d49e199490bad7c70d64b9ab51142f2b\"},\"headline\":\"Zu viele \u00dcberstunden erh\u00f6ht Risiko von Vorhofflimmern\",\"datePublished\":\"2017-07-19T09:12:35+00:00\",\"dateModified\":\"2023-03-14T08:02:57+00:00\",\"mainEntityOfPage\":{\"@id\":\"https:\\\/\\\/news.save.ch\\\/zu-viele-ueberstunden-erhoeht-risiko-von-vorhofflimmern\\\/\"},\"wordCount\":428,\"commentCount\":0,\"publisher\":{\"@id\":\"https:\\\/\\\/news.save.ch\\\/de\\\/#organization\"},\"image\":{\"@id\":\"https:\\\/\\\/news.save.ch\\\/zu-viele-ueberstunden-erhoeht-risiko-von-vorhofflimmern\\\/#primaryimage\"},\"thumbnailUrl\":\"https:\\\/\\\/news.save.ch\\\/wp-content\\\/uploads\\\/2017\\\/07\\\/Depositphotos_42281629_l-2015-scaled-1.jpg\",\"keywords\":[\"Arbeitszeit\",\"Gesundheitsschutz\",\"\u00dcberstunden\"],\"articleSection\":[\"HEALTH &amp; SAFETY\"],\"inLanguage\":\"fr-FR\"},{\"@type\":\"WebPage\",\"@id\":\"https:\\\/\\\/news.save.ch\\\/zu-viele-ueberstunden-erhoeht-risiko-von-vorhofflimmern\\\/\",\"url\":\"https:\\\/\\\/news.save.ch\\\/zu-viele-ueberstunden-erhoeht-risiko-von-vorhofflimmern\\\/\",\"name\":\"Zu viele \u00dcberstunden erh\u00f6ht Risiko von Vorhofflimmern - Save\",\"isPartOf\":{\"@id\":\"https:\\\/\\\/news.save.ch\\\/de\\\/#website\"},\"primaryImageOfPage\":{\"@id\":\"https:\\\/\\\/news.save.ch\\\/zu-viele-ueberstunden-erhoeht-risiko-von-vorhofflimmern\\\/#primaryimage\"},\"image\":{\"@id\":\"https:\\\/\\\/news.save.ch\\\/zu-viele-ueberstunden-erhoeht-risiko-von-vorhofflimmern\\\/#primaryimage\"},\"thumbnailUrl\":\"https:\\\/\\\/news.save.ch\\\/wp-content\\\/uploads\\\/2017\\\/07\\\/Depositphotos_42281629_l-2015-scaled-1.jpg\",\"datePublished\":\"2017-07-19T09:12:35+00:00\",\"dateModified\":\"2023-03-14T08:02:57+00:00\",\"description\":\"\u00dcberstunden schaden der Gesundheit: Wer mehr als 55 Stunden pro Woche arbeitet, weist ein 40% erh\u00f6htes Risiko auf, an Vorhofflimmern zu erkranken.\",\"breadcrumb\":{\"@id\":\"https:\\\/\\\/news.save.ch\\\/zu-viele-ueberstunden-erhoeht-risiko-von-vorhofflimmern\\\/#breadcrumb\"},\"inLanguage\":\"fr-FR\",\"potentialAction\":[{\"@type\":\"ReadAction\",\"target\":[\"https:\\\/\\\/news.save.ch\\\/zu-viele-ueberstunden-erhoeht-risiko-von-vorhofflimmern\\\/\"]}]},{\"@type\":\"ImageObject\",\"inLanguage\":\"fr-FR\",\"@id\":\"https:\\\/\\\/news.save.ch\\\/zu-viele-ueberstunden-erhoeht-risiko-von-vorhofflimmern\\\/#primaryimage\",\"url\":\"https:\\\/\\\/news.save.ch\\\/wp-content\\\/uploads\\\/2017\\\/07\\\/Depositphotos_42281629_l-2015-scaled-1.jpg\",\"contentUrl\":\"https:\\\/\\\/news.save.ch\\\/wp-content\\\/uploads\\\/2017\\\/07\\\/Depositphotos_42281629_l-2015-scaled-1.jpg\",\"width\":1200,\"height\":800,\"caption\":\"Vorhofflimmern spielt bei zahlreichen schweren Erkrankungen wie Herzinfarkten, Demenz und Schlaganf\u00e4llen eine Rolle.\"},{\"@type\":\"BreadcrumbList\",\"@id\":\"https:\\\/\\\/news.save.ch\\\/zu-viele-ueberstunden-erhoeht-risiko-von-vorhofflimmern\\\/#breadcrumb\",\"itemListElement\":[{\"@type\":\"ListItem\",\"position\":1,\"name\":\"Home\",\"item\":\"https:\\\/\\\/news.save.ch\\\/de\\\/\"},{\"@type\":\"ListItem\",\"position\":2,\"name\":\"Zu viele \u00dcberstunden erh\u00f6ht Risiko von Vorhofflimmern\"}]},{\"@type\":\"WebSite\",\"@id\":\"https:\\\/\\\/news.save.ch\\\/de\\\/#website\",\"url\":\"https:\\\/\\\/news.save.ch\\\/de\\\/\",\"name\":\"Save\",\"description\":\"Schweizer Fachzeitschrift f\u00fcr Sicherheit\",\"publisher\":{\"@id\":\"https:\\\/\\\/news.save.ch\\\/de\\\/#organization\"},\"potentialAction\":[{\"@type\":\"SearchAction\",\"target\":{\"@type\":\"EntryPoint\",\"urlTemplate\":\"https:\\\/\\\/news.save.ch\\\/de\\\/?s={search_term_string}\"},\"query-input\":{\"@type\":\"PropertyValueSpecification\",\"valueRequired\":true,\"valueName\":\"search_term_string\"}}],\"inLanguage\":\"fr-FR\"},{\"@type\":\"Organization\",\"@id\":\"https:\\\/\\\/news.save.ch\\\/de\\\/#organization\",\"name\":\"Sicherheitsforum\",\"url\":\"https:\\\/\\\/news.save.ch\\\/de\\\/\",\"logo\":{\"@type\":\"ImageObject\",\"inLanguage\":\"fr-FR\",\"@id\":\"https:\\\/\\\/news.save.ch\\\/de\\\/#\\\/schema\\\/logo\\\/image\\\/\",\"url\":\"https:\\\/\\\/news.save.ch\\\/wp-content\\\/uploads\\\/2022\\\/06\\\/Logo_SF_2012.png\",\"contentUrl\":\"https:\\\/\\\/news.save.ch\\\/wp-content\\\/uploads\\\/2022\\\/06\\\/Logo_SF_2012.png\",\"width\":1100,\"height\":91,\"caption\":\"Sicherheitsforum\"},\"image\":{\"@id\":\"https:\\\/\\\/news.save.ch\\\/de\\\/#\\\/schema\\\/logo\\\/image\\\/\"}},{\"@type\":\"Person\",\"@id\":\"https:\\\/\\\/news.save.ch\\\/de\\\/#\\\/schema\\\/person\\\/d49e199490bad7c70d64b9ab51142f2b\",\"name\":\"admin\",\"image\":{\"@type\":\"ImageObject\",\"inLanguage\":\"fr-FR\",\"@id\":\"https:\\\/\\\/secure.gravatar.com\\\/avatar\\\/ae2f4d718e6c49043e314ce431e7e645d646302a24a5ef5a8bc8e3f5a032e319?s=96&d=mm&r=g\",\"url\":\"https:\\\/\\\/secure.gravatar.com\\\/avatar\\\/ae2f4d718e6c49043e314ce431e7e645d646302a24a5ef5a8bc8e3f5a032e319?s=96&d=mm&r=g\",\"contentUrl\":\"https:\\\/\\\/secure.gravatar.com\\\/avatar\\\/ae2f4d718e6c49043e314ce431e7e645d646302a24a5ef5a8bc8e3f5a032e319?s=96&d=mm&r=g\",\"caption\":\"admin\"},\"sameAs\":[\"https:\\\/\\\/develop.organisator.galledia.ch\"],\"url\":\"https:\\\/\\\/news.save.ch\\\/fr\\\/author\\\/admin\\\/\"}]}<\/script>\n<!-- \/ Yoast SEO plugin. -->","yoast_head_json":{"title":"Trop d'heures suppl\u00e9mentaires augmentent le risque de fibrillation auriculaire - Save","description":"Les heures suppl\u00e9mentaires nuisent \u00e0 la sant\u00e9 : les personnes travaillant plus de 55 heures par semaine pr\u00e9sentent un risque 40% accru de d\u00e9velopper une fibrillation auriculaire.","robots":{"index":"index","follow":"follow","max-snippet":"max-snippet:-1","max-image-preview":"max-image-preview:large","max-video-preview":"max-video-preview:-1"},"canonical":"https:\/\/news.save.ch\/fr\/zu-viele-ueberstunden-erhoeht-risiko-von-vorhofflimmern\/","og_locale":"fr_FR","og_type":"article","og_title":"Zu viele \u00dcberstunden erh\u00f6ht Risiko von Vorhofflimmern - Save","og_description":"\u00dcberstunden schaden der Gesundheit: Wer mehr als 55 Stunden pro Woche arbeitet, weist ein 40% erh\u00f6htes Risiko auf, an Vorhofflimmern zu erkranken.","og_url":"https:\/\/news.save.ch\/fr\/zu-viele-ueberstunden-erhoeht-risiko-von-vorhofflimmern\/","og_site_name":"Save","article_published_time":"2017-07-19T09:12:35+00:00","article_modified_time":"2023-03-14T08:02:57+00:00","og_image":[{"width":1200,"height":800,"url":"https:\/\/news.save.ch\/wp-content\/uploads\/2017\/07\/Depositphotos_42281629_l-2015-scaled-1.jpg","type":"image\/jpeg"}],"author":"admin","twitter_card":"summary_large_image","twitter_misc":{"\u00c9crit par":"admin","Dur\u00e9e de lecture estim\u00e9e":"2 minutes"},"schema":{"@context":"https:\/\/schema.org","@graph":[{"@type":"Article","@id":"https:\/\/news.save.ch\/zu-viele-ueberstunden-erhoeht-risiko-von-vorhofflimmern\/#article","isPartOf":{"@id":"https:\/\/news.save.ch\/zu-viele-ueberstunden-erhoeht-risiko-von-vorhofflimmern\/"},"author":{"name":"admin","@id":"https:\/\/news.save.ch\/de\/#\/schema\/person\/d49e199490bad7c70d64b9ab51142f2b"},"headline":"Zu viele \u00dcberstunden erh\u00f6ht Risiko von Vorhofflimmern","datePublished":"2017-07-19T09:12:35+00:00","dateModified":"2023-03-14T08:02:57+00:00","mainEntityOfPage":{"@id":"https:\/\/news.save.ch\/zu-viele-ueberstunden-erhoeht-risiko-von-vorhofflimmern\/"},"wordCount":428,"commentCount":0,"publisher":{"@id":"https:\/\/news.save.ch\/de\/#organization"},"image":{"@id":"https:\/\/news.save.ch\/zu-viele-ueberstunden-erhoeht-risiko-von-vorhofflimmern\/#primaryimage"},"thumbnailUrl":"https:\/\/news.save.ch\/wp-content\/uploads\/2017\/07\/Depositphotos_42281629_l-2015-scaled-1.jpg","keywords":["Arbeitszeit","Gesundheitsschutz","\u00dcberstunden"],"articleSection":["HEALTH &amp; SAFETY"],"inLanguage":"fr-FR"},{"@type":"WebPage","@id":"https:\/\/news.save.ch\/zu-viele-ueberstunden-erhoeht-risiko-von-vorhofflimmern\/","url":"https:\/\/news.save.ch\/zu-viele-ueberstunden-erhoeht-risiko-von-vorhofflimmern\/","name":"Trop d'heures suppl\u00e9mentaires augmentent le risque de fibrillation auriculaire - Save","isPartOf":{"@id":"https:\/\/news.save.ch\/de\/#website"},"primaryImageOfPage":{"@id":"https:\/\/news.save.ch\/zu-viele-ueberstunden-erhoeht-risiko-von-vorhofflimmern\/#primaryimage"},"image":{"@id":"https:\/\/news.save.ch\/zu-viele-ueberstunden-erhoeht-risiko-von-vorhofflimmern\/#primaryimage"},"thumbnailUrl":"https:\/\/news.save.ch\/wp-content\/uploads\/2017\/07\/Depositphotos_42281629_l-2015-scaled-1.jpg","datePublished":"2017-07-19T09:12:35+00:00","dateModified":"2023-03-14T08:02:57+00:00","description":"Les heures suppl\u00e9mentaires nuisent \u00e0 la sant\u00e9 : les personnes travaillant plus de 55 heures par semaine pr\u00e9sentent un risque 40% accru de d\u00e9velopper une fibrillation auriculaire.","breadcrumb":{"@id":"https:\/\/news.save.ch\/zu-viele-ueberstunden-erhoeht-risiko-von-vorhofflimmern\/#breadcrumb"},"inLanguage":"fr-FR","potentialAction":[{"@type":"ReadAction","target":["https:\/\/news.save.ch\/zu-viele-ueberstunden-erhoeht-risiko-von-vorhofflimmern\/"]}]},{"@type":"ImageObject","inLanguage":"fr-FR","@id":"https:\/\/news.save.ch\/zu-viele-ueberstunden-erhoeht-risiko-von-vorhofflimmern\/#primaryimage","url":"https:\/\/news.save.ch\/wp-content\/uploads\/2017\/07\/Depositphotos_42281629_l-2015-scaled-1.jpg","contentUrl":"https:\/\/news.save.ch\/wp-content\/uploads\/2017\/07\/Depositphotos_42281629_l-2015-scaled-1.jpg","width":1200,"height":800,"caption":"Vorhofflimmern spielt bei zahlreichen schweren Erkrankungen wie Herzinfarkten, Demenz und Schlaganf\u00e4llen eine Rolle."},{"@type":"BreadcrumbList","@id":"https:\/\/news.save.ch\/zu-viele-ueberstunden-erhoeht-risiko-von-vorhofflimmern\/#breadcrumb","itemListElement":[{"@type":"ListItem","position":1,"name":"Home","item":"https:\/\/news.save.ch\/de\/"},{"@type":"ListItem","position":2,"name":"Zu viele \u00dcberstunden erh\u00f6ht Risiko von Vorhofflimmern"}]},{"@type":"WebSite","@id":"https:\/\/news.save.ch\/de\/#website","url":"https:\/\/news.save.ch\/de\/","name":"Save","description":"Revue suisse sp\u00e9cialis\u00e9e dans la s\u00e9curit\u00e9","publisher":{"@id":"https:\/\/news.save.ch\/de\/#organization"},"potentialAction":[{"@type":"SearchAction","target":{"@type":"EntryPoint","urlTemplate":"https:\/\/news.save.ch\/de\/?s={search_term_string}"},"query-input":{"@type":"PropertyValueSpecification","valueRequired":true,"valueName":"search_term_string"}}],"inLanguage":"fr-FR"},{"@type":"Organization","@id":"https:\/\/news.save.ch\/de\/#organization","name":"Forum sur la s\u00e9curit\u00e9","url":"https:\/\/news.save.ch\/de\/","logo":{"@type":"ImageObject","inLanguage":"fr-FR","@id":"https:\/\/news.save.ch\/de\/#\/schema\/logo\/image\/","url":"https:\/\/news.save.ch\/wp-content\/uploads\/2022\/06\/Logo_SF_2012.png","contentUrl":"https:\/\/news.save.ch\/wp-content\/uploads\/2022\/06\/Logo_SF_2012.png","width":1100,"height":91,"caption":"Sicherheitsforum"},"image":{"@id":"https:\/\/news.save.ch\/de\/#\/schema\/logo\/image\/"}},{"@type":"Person","@id":"https:\/\/news.save.ch\/de\/#\/schema\/person\/d49e199490bad7c70d64b9ab51142f2b","name":"admin","image":{"@type":"ImageObject","inLanguage":"fr-FR","@id":"https:\/\/secure.gravatar.com\/avatar\/ae2f4d718e6c49043e314ce431e7e645d646302a24a5ef5a8bc8e3f5a032e319?s=96&d=mm&r=g","url":"https:\/\/secure.gravatar.com\/avatar\/ae2f4d718e6c49043e314ce431e7e645d646302a24a5ef5a8bc8e3f5a032e319?s=96&d=mm&r=g","contentUrl":"https:\/\/secure.gravatar.com\/avatar\/ae2f4d718e6c49043e314ce431e7e645d646302a24a5ef5a8bc8e3f5a032e319?s=96&d=mm&r=g","caption":"admin"},"sameAs":["https:\/\/develop.organisator.galledia.ch"],"url":"https:\/\/news.save.ch\/fr\/author\/admin\/"}]}},"_links":{"self":[{"href":"https:\/\/news.save.ch\/fr\/wp-json\/wp\/v2\/posts\/2084","targetHints":{"allow":["GET"]}}],"collection":[{"href":"https:\/\/news.save.ch\/fr\/wp-json\/wp\/v2\/posts"}],"about":[{"href":"https:\/\/news.save.ch\/fr\/wp-json\/wp\/v2\/types\/post"}],"author":[{"embeddable":true,"href":"https:\/\/news.save.ch\/fr\/wp-json\/wp\/v2\/users\/1"}],"replies":[{"embeddable":true,"href":"https:\/\/news.save.ch\/fr\/wp-json\/wp\/v2\/comments?post=2084"}],"version-history":[{"count":1,"href":"https:\/\/news.save.ch\/fr\/wp-json\/wp\/v2\/posts\/2084\/revisions"}],"predecessor-version":[{"id":18780,"href":"https:\/\/news.save.ch\/fr\/wp-json\/wp\/v2\/posts\/2084\/revisions\/18780"}],"wp:featuredmedia":[{"embeddable":true,"href":"https:\/\/news.save.ch\/fr\/wp-json\/wp\/v2\/media\/16213"}],"wp:attachment":[{"href":"https:\/\/news.save.ch\/fr\/wp-json\/wp\/v2\/media?parent=2084"}],"wp:term":[{"taxonomy":"category","embeddable":true,"href":"https:\/\/news.save.ch\/fr\/wp-json\/wp\/v2\/categories?post=2084"},{"taxonomy":"post_tag","embeddable":true,"href":"https:\/\/news.save.ch\/fr\/wp-json\/wp\/v2\/tags?post=2084"}],"curies":[{"name":"wp","href":"https:\/\/api.w.org\/{rel}","templated":true}]}}