{"id":2121,"date":"2016-01-13T16:20:16","date_gmt":"2016-01-13T15:20:16","guid":{"rendered":"https:\/\/dev.sicherheitsforum.ch\/?p=2121"},"modified":"2016-01-13T16:20:16","modified_gmt":"2016-01-13T15:20:16","slug":"seetec-mit-neuem-direktor-fuer-allianzen","status":null,"type":"post","link":"https:\/\/news.save.ch\/fr\/seetec-mit-neuem-direktor-fuer-allianzen\/","title":{"rendered":"SeeTec a un nouveau directeur des alliances"},"content":{"rendered":"<figure id=\"attachment_2122\" aria-describedby=\"caption-attachment-2122\" style=\"width: 680px\" class=\"wp-caption alignnone\"><img loading=\"lazy\" decoding=\"async\" class=\"wp-image-2122 size-medium\" src=\"https:\/\/news.save.ch\/wp-content\/uploads\/2016\/12\/SeeTec-mit-neuem-Direktor-fuer-Allianzen_albert_unterberger-sicherheitsforum.jpg\" width=\"680\" height=\"486\" srcset=\"https:\/\/news.save.ch\/wp-content\/uploads\/2016\/12\/SeeTec-mit-neuem-Direktor-fuer-Allianzen_albert_unterberger-sicherheitsforum.jpg 1385w, https:\/\/news.save.ch\/wp-content\/uploads\/2016\/12\/SeeTec-mit-neuem-Direktor-fuer-Allianzen_albert_unterberger-sicherheitsforum-375x268.jpg 375w\" sizes=\"auto, (max-width: 680px) 100vw, 680px\" \/><figcaption id=\"caption-attachment-2122\" class=\"wp-caption-text\">Albert Unterberger (53)<\/figcaption><\/figure>\n<p>&nbsp;<\/p>\n<p>Depuis le 1er janvier 2016, Albert Unterberger (53 ans) est directeur des alliances strat\u00e9giques chez <a href=\"https:\/\/www.seetec.de\" target=\"_blank\" data-cke-saved-href=\"https:\/\/www.seetec.de\" rel=\"noopener\">SeeTec<\/a> est responsable de la mise en place et de l'entretien de partenariats strat\u00e9giques dans le secteur des projets europ\u00e9ens ainsi que du d\u00e9veloppement de nouveaux march\u00e9s verticaux, comme l'entreprise l'a r\u00e9cemment annonc\u00e9. Unterberger apporte pr\u00e8s de 30 ans d'exp\u00e9rience de la branche dans les domaines de l'analyse et de la gestion vid\u00e9o ; il a contribu\u00e9 au d\u00e9veloppement de la vid\u00e9o IP dans les pays germanophones.<\/p>\n<p>Unterberger occupait derni\u00e8rement un poste de direction chez le fabricant munichois d'analyse et de VMS IPS, une Business Unit de Securiton GmbH.<\/p>\n<p>Le directeur g\u00e9n\u00e9ral de See-Tec, Andreas Beerbaum, souligne \u00e0 propos de cette nouvelle nomination : \"Pour pouvoir s'affirmer avec succ\u00e8s dans la course \u00e0 la concentration qui a lieu actuellement dans le secteur de la s\u00e9curit\u00e9, la mise en place et le maintien de partenariats solides et durables au niveau technologique et commercial sont d'une importance capitale\".<\/p>","protected":false},"excerpt":{"rendered":"<p>&nbsp; Seit dem 1. Januar 2016 ist Albert Unterberger (53) als Director Strategic Alliances bei SeeTec f\u00fcr den Aufbau und die Pflege strategischer Partnerschaften im europ\u00e4ischen Projektgesch\u00e4ft sowie f\u00fcr die Entwicklung neuer Vertikalm\u00e4rkte verantwortlich, wie das Unternehmen k\u00fcrzlich mitgeteilt hat. Unterberger bringe fast 30 Jahre Branchenerfahrung in den Bereichen Videoanalyse und -management mit;\u00a0er habe die [&hellip;]<\/p>\n","protected":false},"author":1,"featured_media":2122,"comment_status":"open","ping_status":"open","sticky":false,"template":"","format":"standard","meta":{"_acf_changed":false,"pgc_sgb_lightbox_settings":"","footnotes":""},"categories":[1],"tags":[144,65],"class_list":["post-2121","post","type-post","status-publish","format-standard","has-post-thumbnail","hentry","category-allgemein","tag-personalien","tag-unternehmen"],"acf":[],"hkrextid":null,"publication":null,"issue":null,"workflow":null,"startPage":null,"spitzmarke":null,"_posts_by_tag_page_fields":{"widget_title":"","widget_tags":""},"_at_widget":"1","_yoast_wpseo_primary_category":"1","_yoast_wpseo_focuskw_text_input":"Direktor f\u00fcr Allianzen","_yoast_wpseo_opengraph-image":"https:\/\/news.save.ch\/wp-content\/uploads\/2016\/12\/SeeTec-mit-neuem-Direktor-f\u00fcr-Allianzen_albert_unterberger-sicherheitsforum.jpg","_yoast_wpseo_opengraph-description":"Strategische Allianzen sind in der Sicherheitsbranche immer wichtiger. Beim Anbieter SeeTec ist deshalb ein neuer Direktor f\u00fcr diese T\u00e4tigkeit zust\u00e4ndig.","_yoast_wpseo_opengraph-title":"SeeTec mit neuem Direktor f\u00fcr Allianzen","enclosure":null,"_yoast_wpseo_twitter-title":null,"_yoast_wpseo_twitter-description":null,"_yoast_wpseo_twitter-image":null,"_wp_old_slug":null,"_yoast_wpseo_title":null,"_yoast_wpseo_canonical":null,"yoast_head":"<!-- This site is optimized with the Yoast SEO plugin v27.5 - https:\/\/yoast.com\/product\/yoast-seo-wordpress\/ -->\n<title>SeeTec mit neuem Direktor f\u00fcr Allianzen - Save<\/title>\n<meta name=\"description\" content=\"Strategische Allianzen sind in der Sicherheitsbranche immer wichtiger. Beim Anbieter SeeTec ist deshalb ein neuer Direktor f\u00fcr Allianzen zust\u00e4ndig.\" \/>\n<meta name=\"robots\" content=\"index, follow, max-snippet:-1, max-image-preview:large, max-video-preview:-1\" \/>\n<link rel=\"canonical\" href=\"https:\/\/news.save.ch\/fr\/seetec-mit-neuem-direktor-fuer-allianzen\/\" \/>\n<meta property=\"og:locale\" content=\"fr_FR\" \/>\n<meta property=\"og:type\" content=\"article\" \/>\n<meta property=\"og:title\" content=\"SeeTec mit neuem Direktor f\u00fcr Allianzen\" \/>\n<meta property=\"og:description\" content=\"Strategische Allianzen sind in der Sicherheitsbranche immer wichtiger. Beim Anbieter SeeTec ist deshalb ein neuer Direktor f\u00fcr diese T\u00e4tigkeit zust\u00e4ndig.\" \/>\n<meta property=\"og:url\" content=\"https:\/\/news.save.ch\/fr\/seetec-mit-neuem-direktor-fuer-allianzen\/\" \/>\n<meta property=\"og:site_name\" content=\"Save\" \/>\n<meta property=\"article:published_time\" content=\"2016-01-13T15:20:16+00:00\" \/>\n<meta property=\"og:image\" content=\"https:\/\/news.save.ch\/wp-content\/uploads\/2016\/12\/SeeTec-mit-neuem-Direktor-f\u00fcr-Allianzen_albert_unterberger-sicherheitsforum.jpg\" \/>\n<meta name=\"author\" content=\"admin\" \/>\n<meta name=\"twitter:card\" content=\"summary_large_image\" \/>\n<meta name=\"twitter:label1\" content=\"\u00c9crit par\" \/>\n\t<meta name=\"twitter:data1\" content=\"admin\" \/>\n\t<meta name=\"twitter:label2\" content=\"Dur\u00e9e de lecture estim\u00e9e\" \/>\n\t<meta name=\"twitter:data2\" content=\"1 minute\" \/>\n<script type=\"application\/ld+json\" class=\"yoast-schema-graph\">{\"@context\":\"https:\\\/\\\/schema.org\",\"@graph\":[{\"@type\":\"Article\",\"@id\":\"https:\\\/\\\/news.save.ch\\\/seetec-mit-neuem-direktor-fuer-allianzen\\\/#article\",\"isPartOf\":{\"@id\":\"https:\\\/\\\/news.save.ch\\\/seetec-mit-neuem-direktor-fuer-allianzen\\\/\"},\"author\":{\"name\":\"admin\",\"@id\":\"https:\\\/\\\/news.save.ch\\\/de\\\/#\\\/schema\\\/person\\\/d49e199490bad7c70d64b9ab51142f2b\"},\"headline\":\"SeeTec mit neuem Direktor f\u00fcr Allianzen\",\"datePublished\":\"2016-01-13T15:20:16+00:00\",\"mainEntityOfPage\":{\"@id\":\"https:\\\/\\\/news.save.ch\\\/seetec-mit-neuem-direktor-fuer-allianzen\\\/\"},\"wordCount\":146,\"commentCount\":0,\"publisher\":{\"@id\":\"https:\\\/\\\/news.save.ch\\\/de\\\/#organization\"},\"image\":{\"@id\":\"https:\\\/\\\/news.save.ch\\\/seetec-mit-neuem-direktor-fuer-allianzen\\\/#primaryimage\"},\"thumbnailUrl\":\"https:\\\/\\\/news.save.ch\\\/wp-content\\\/uploads\\\/2016\\\/12\\\/SeeTec-mit-neuem-Direktor-fuer-Allianzen_albert_unterberger-sicherheitsforum.jpg\",\"keywords\":[\"Personalien\",\"Unternehmen\"],\"articleSection\":[\"ALLGEMEIN\"],\"inLanguage\":\"fr-FR\"},{\"@type\":\"WebPage\",\"@id\":\"https:\\\/\\\/news.save.ch\\\/seetec-mit-neuem-direktor-fuer-allianzen\\\/\",\"url\":\"https:\\\/\\\/news.save.ch\\\/seetec-mit-neuem-direktor-fuer-allianzen\\\/\",\"name\":\"SeeTec mit neuem Direktor f\u00fcr Allianzen - Save\",\"isPartOf\":{\"@id\":\"https:\\\/\\\/news.save.ch\\\/de\\\/#website\"},\"primaryImageOfPage\":{\"@id\":\"https:\\\/\\\/news.save.ch\\\/seetec-mit-neuem-direktor-fuer-allianzen\\\/#primaryimage\"},\"image\":{\"@id\":\"https:\\\/\\\/news.save.ch\\\/seetec-mit-neuem-direktor-fuer-allianzen\\\/#primaryimage\"},\"thumbnailUrl\":\"https:\\\/\\\/news.save.ch\\\/wp-content\\\/uploads\\\/2016\\\/12\\\/SeeTec-mit-neuem-Direktor-fuer-Allianzen_albert_unterberger-sicherheitsforum.jpg\",\"datePublished\":\"2016-01-13T15:20:16+00:00\",\"description\":\"Strategische Allianzen sind in der Sicherheitsbranche immer wichtiger. Beim Anbieter SeeTec ist deshalb ein neuer Direktor f\u00fcr Allianzen zust\u00e4ndig.\",\"breadcrumb\":{\"@id\":\"https:\\\/\\\/news.save.ch\\\/seetec-mit-neuem-direktor-fuer-allianzen\\\/#breadcrumb\"},\"inLanguage\":\"fr-FR\",\"potentialAction\":[{\"@type\":\"ReadAction\",\"target\":[\"https:\\\/\\\/news.save.ch\\\/seetec-mit-neuem-direktor-fuer-allianzen\\\/\"]}]},{\"@type\":\"ImageObject\",\"inLanguage\":\"fr-FR\",\"@id\":\"https:\\\/\\\/news.save.ch\\\/seetec-mit-neuem-direktor-fuer-allianzen\\\/#primaryimage\",\"url\":\"https:\\\/\\\/news.save.ch\\\/wp-content\\\/uploads\\\/2016\\\/12\\\/SeeTec-mit-neuem-Direktor-fuer-Allianzen_albert_unterberger-sicherheitsforum.jpg\",\"contentUrl\":\"https:\\\/\\\/news.save.ch\\\/wp-content\\\/uploads\\\/2016\\\/12\\\/SeeTec-mit-neuem-Direktor-fuer-Allianzen_albert_unterberger-sicherheitsforum.jpg\",\"width\":1385,\"height\":989,\"caption\":\"Albert Unterberger (53)\"},{\"@type\":\"BreadcrumbList\",\"@id\":\"https:\\\/\\\/news.save.ch\\\/seetec-mit-neuem-direktor-fuer-allianzen\\\/#breadcrumb\",\"itemListElement\":[{\"@type\":\"ListItem\",\"position\":1,\"name\":\"Home\",\"item\":\"https:\\\/\\\/news.save.ch\\\/de\\\/\"},{\"@type\":\"ListItem\",\"position\":2,\"name\":\"SeeTec mit neuem Direktor f\u00fcr Allianzen\"}]},{\"@type\":\"WebSite\",\"@id\":\"https:\\\/\\\/news.save.ch\\\/de\\\/#website\",\"url\":\"https:\\\/\\\/news.save.ch\\\/de\\\/\",\"name\":\"Save\",\"description\":\"Schweizer Fachzeitschrift f\u00fcr Sicherheit\",\"publisher\":{\"@id\":\"https:\\\/\\\/news.save.ch\\\/de\\\/#organization\"},\"potentialAction\":[{\"@type\":\"SearchAction\",\"target\":{\"@type\":\"EntryPoint\",\"urlTemplate\":\"https:\\\/\\\/news.save.ch\\\/de\\\/?s={search_term_string}\"},\"query-input\":{\"@type\":\"PropertyValueSpecification\",\"valueRequired\":true,\"valueName\":\"search_term_string\"}}],\"inLanguage\":\"fr-FR\"},{\"@type\":\"Organization\",\"@id\":\"https:\\\/\\\/news.save.ch\\\/de\\\/#organization\",\"name\":\"Sicherheitsforum\",\"url\":\"https:\\\/\\\/news.save.ch\\\/de\\\/\",\"logo\":{\"@type\":\"ImageObject\",\"inLanguage\":\"fr-FR\",\"@id\":\"https:\\\/\\\/news.save.ch\\\/de\\\/#\\\/schema\\\/logo\\\/image\\\/\",\"url\":\"https:\\\/\\\/news.save.ch\\\/wp-content\\\/uploads\\\/2022\\\/06\\\/Logo_SF_2012.png\",\"contentUrl\":\"https:\\\/\\\/news.save.ch\\\/wp-content\\\/uploads\\\/2022\\\/06\\\/Logo_SF_2012.png\",\"width\":1100,\"height\":91,\"caption\":\"Sicherheitsforum\"},\"image\":{\"@id\":\"https:\\\/\\\/news.save.ch\\\/de\\\/#\\\/schema\\\/logo\\\/image\\\/\"}},{\"@type\":\"Person\",\"@id\":\"https:\\\/\\\/news.save.ch\\\/de\\\/#\\\/schema\\\/person\\\/d49e199490bad7c70d64b9ab51142f2b\",\"name\":\"admin\",\"image\":{\"@type\":\"ImageObject\",\"inLanguage\":\"fr-FR\",\"@id\":\"https:\\\/\\\/secure.gravatar.com\\\/avatar\\\/ae2f4d718e6c49043e314ce431e7e645d646302a24a5ef5a8bc8e3f5a032e319?s=96&d=mm&r=g\",\"url\":\"https:\\\/\\\/secure.gravatar.com\\\/avatar\\\/ae2f4d718e6c49043e314ce431e7e645d646302a24a5ef5a8bc8e3f5a032e319?s=96&d=mm&r=g\",\"contentUrl\":\"https:\\\/\\\/secure.gravatar.com\\\/avatar\\\/ae2f4d718e6c49043e314ce431e7e645d646302a24a5ef5a8bc8e3f5a032e319?s=96&d=mm&r=g\",\"caption\":\"admin\"},\"sameAs\":[\"https:\\\/\\\/develop.organisator.galledia.ch\"],\"url\":\"https:\\\/\\\/news.save.ch\\\/fr\\\/author\\\/admin\\\/\"}]}<\/script>\n<!-- \/ Yoast SEO plugin. -->","yoast_head_json":{"title":"SeeTec a un nouveau directeur des alliances - Save","description":"Les alliances strat\u00e9giques sont de plus en plus importantes dans le secteur de la s\u00e9curit\u00e9. Chez le fournisseur SeeTec, un nouveau directeur est donc charg\u00e9 des alliances.","robots":{"index":"index","follow":"follow","max-snippet":"max-snippet:-1","max-image-preview":"max-image-preview:large","max-video-preview":"max-video-preview:-1"},"canonical":"https:\/\/news.save.ch\/fr\/seetec-mit-neuem-direktor-fuer-allianzen\/","og_locale":"fr_FR","og_type":"article","og_title":"SeeTec mit neuem Direktor f\u00fcr Allianzen","og_description":"Strategische Allianzen sind in der Sicherheitsbranche immer wichtiger. Beim Anbieter SeeTec ist deshalb ein neuer Direktor f\u00fcr diese T\u00e4tigkeit zust\u00e4ndig.","og_url":"https:\/\/news.save.ch\/fr\/seetec-mit-neuem-direktor-fuer-allianzen\/","og_site_name":"Save","article_published_time":"2016-01-13T15:20:16+00:00","og_image":[{"url":"https:\/\/news.save.ch\/wp-content\/uploads\/2016\/12\/SeeTec-mit-neuem-Direktor-f\u00fcr-Allianzen_albert_unterberger-sicherheitsforum.jpg","type":"","width":"","height":""}],"author":"admin","twitter_card":"summary_large_image","twitter_misc":{"\u00c9crit par":"admin","Dur\u00e9e de lecture estim\u00e9e":"1 minute"},"schema":{"@context":"https:\/\/schema.org","@graph":[{"@type":"Article","@id":"https:\/\/news.save.ch\/seetec-mit-neuem-direktor-fuer-allianzen\/#article","isPartOf":{"@id":"https:\/\/news.save.ch\/seetec-mit-neuem-direktor-fuer-allianzen\/"},"author":{"name":"admin","@id":"https:\/\/news.save.ch\/de\/#\/schema\/person\/d49e199490bad7c70d64b9ab51142f2b"},"headline":"SeeTec mit neuem Direktor f\u00fcr Allianzen","datePublished":"2016-01-13T15:20:16+00:00","mainEntityOfPage":{"@id":"https:\/\/news.save.ch\/seetec-mit-neuem-direktor-fuer-allianzen\/"},"wordCount":146,"commentCount":0,"publisher":{"@id":"https:\/\/news.save.ch\/de\/#organization"},"image":{"@id":"https:\/\/news.save.ch\/seetec-mit-neuem-direktor-fuer-allianzen\/#primaryimage"},"thumbnailUrl":"https:\/\/news.save.ch\/wp-content\/uploads\/2016\/12\/SeeTec-mit-neuem-Direktor-fuer-Allianzen_albert_unterberger-sicherheitsforum.jpg","keywords":["Personalien","Unternehmen"],"articleSection":["ALLGEMEIN"],"inLanguage":"fr-FR"},{"@type":"WebPage","@id":"https:\/\/news.save.ch\/seetec-mit-neuem-direktor-fuer-allianzen\/","url":"https:\/\/news.save.ch\/seetec-mit-neuem-direktor-fuer-allianzen\/","name":"SeeTec a un nouveau directeur des alliances - Save","isPartOf":{"@id":"https:\/\/news.save.ch\/de\/#website"},"primaryImageOfPage":{"@id":"https:\/\/news.save.ch\/seetec-mit-neuem-direktor-fuer-allianzen\/#primaryimage"},"image":{"@id":"https:\/\/news.save.ch\/seetec-mit-neuem-direktor-fuer-allianzen\/#primaryimage"},"thumbnailUrl":"https:\/\/news.save.ch\/wp-content\/uploads\/2016\/12\/SeeTec-mit-neuem-Direktor-fuer-Allianzen_albert_unterberger-sicherheitsforum.jpg","datePublished":"2016-01-13T15:20:16+00:00","description":"Les alliances strat\u00e9giques sont de plus en plus importantes dans le secteur de la s\u00e9curit\u00e9. Chez le fournisseur SeeTec, un nouveau directeur est donc charg\u00e9 des alliances.","breadcrumb":{"@id":"https:\/\/news.save.ch\/seetec-mit-neuem-direktor-fuer-allianzen\/#breadcrumb"},"inLanguage":"fr-FR","potentialAction":[{"@type":"ReadAction","target":["https:\/\/news.save.ch\/seetec-mit-neuem-direktor-fuer-allianzen\/"]}]},{"@type":"ImageObject","inLanguage":"fr-FR","@id":"https:\/\/news.save.ch\/seetec-mit-neuem-direktor-fuer-allianzen\/#primaryimage","url":"https:\/\/news.save.ch\/wp-content\/uploads\/2016\/12\/SeeTec-mit-neuem-Direktor-fuer-Allianzen_albert_unterberger-sicherheitsforum.jpg","contentUrl":"https:\/\/news.save.ch\/wp-content\/uploads\/2016\/12\/SeeTec-mit-neuem-Direktor-fuer-Allianzen_albert_unterberger-sicherheitsforum.jpg","width":1385,"height":989,"caption":"Albert Unterberger (53)"},{"@type":"BreadcrumbList","@id":"https:\/\/news.save.ch\/seetec-mit-neuem-direktor-fuer-allianzen\/#breadcrumb","itemListElement":[{"@type":"ListItem","position":1,"name":"Home","item":"https:\/\/news.save.ch\/de\/"},{"@type":"ListItem","position":2,"name":"SeeTec mit neuem Direktor f\u00fcr Allianzen"}]},{"@type":"WebSite","@id":"https:\/\/news.save.ch\/de\/#website","url":"https:\/\/news.save.ch\/de\/","name":"Save","description":"Revue suisse sp\u00e9cialis\u00e9e dans la s\u00e9curit\u00e9","publisher":{"@id":"https:\/\/news.save.ch\/de\/#organization"},"potentialAction":[{"@type":"SearchAction","target":{"@type":"EntryPoint","urlTemplate":"https:\/\/news.save.ch\/de\/?s={search_term_string}"},"query-input":{"@type":"PropertyValueSpecification","valueRequired":true,"valueName":"search_term_string"}}],"inLanguage":"fr-FR"},{"@type":"Organization","@id":"https:\/\/news.save.ch\/de\/#organization","name":"Forum sur la s\u00e9curit\u00e9","url":"https:\/\/news.save.ch\/de\/","logo":{"@type":"ImageObject","inLanguage":"fr-FR","@id":"https:\/\/news.save.ch\/de\/#\/schema\/logo\/image\/","url":"https:\/\/news.save.ch\/wp-content\/uploads\/2022\/06\/Logo_SF_2012.png","contentUrl":"https:\/\/news.save.ch\/wp-content\/uploads\/2022\/06\/Logo_SF_2012.png","width":1100,"height":91,"caption":"Sicherheitsforum"},"image":{"@id":"https:\/\/news.save.ch\/de\/#\/schema\/logo\/image\/"}},{"@type":"Person","@id":"https:\/\/news.save.ch\/de\/#\/schema\/person\/d49e199490bad7c70d64b9ab51142f2b","name":"admin","image":{"@type":"ImageObject","inLanguage":"fr-FR","@id":"https:\/\/secure.gravatar.com\/avatar\/ae2f4d718e6c49043e314ce431e7e645d646302a24a5ef5a8bc8e3f5a032e319?s=96&d=mm&r=g","url":"https:\/\/secure.gravatar.com\/avatar\/ae2f4d718e6c49043e314ce431e7e645d646302a24a5ef5a8bc8e3f5a032e319?s=96&d=mm&r=g","contentUrl":"https:\/\/secure.gravatar.com\/avatar\/ae2f4d718e6c49043e314ce431e7e645d646302a24a5ef5a8bc8e3f5a032e319?s=96&d=mm&r=g","caption":"admin"},"sameAs":["https:\/\/develop.organisator.galledia.ch"],"url":"https:\/\/news.save.ch\/fr\/author\/admin\/"}]}},"_links":{"self":[{"href":"https:\/\/news.save.ch\/fr\/wp-json\/wp\/v2\/posts\/2121","targetHints":{"allow":["GET"]}}],"collection":[{"href":"https:\/\/news.save.ch\/fr\/wp-json\/wp\/v2\/posts"}],"about":[{"href":"https:\/\/news.save.ch\/fr\/wp-json\/wp\/v2\/types\/post"}],"author":[{"embeddable":true,"href":"https:\/\/news.save.ch\/fr\/wp-json\/wp\/v2\/users\/1"}],"replies":[{"embeddable":true,"href":"https:\/\/news.save.ch\/fr\/wp-json\/wp\/v2\/comments?post=2121"}],"version-history":[{"count":0,"href":"https:\/\/news.save.ch\/fr\/wp-json\/wp\/v2\/posts\/2121\/revisions"}],"wp:featuredmedia":[{"embeddable":true,"href":"https:\/\/news.save.ch\/fr\/wp-json\/wp\/v2\/media\/2122"}],"wp:attachment":[{"href":"https:\/\/news.save.ch\/fr\/wp-json\/wp\/v2\/media?parent=2121"}],"wp:term":[{"taxonomy":"category","embeddable":true,"href":"https:\/\/news.save.ch\/fr\/wp-json\/wp\/v2\/categories?post=2121"},{"taxonomy":"post_tag","embeddable":true,"href":"https:\/\/news.save.ch\/fr\/wp-json\/wp\/v2\/tags?post=2121"}],"curies":[{"name":"wp","href":"https:\/\/api.w.org\/{rel}","templated":true}]}}