{"id":21469,"date":"2023-08-03T06:04:25","date_gmt":"2023-08-03T04:04:25","guid":{"rendered":"https:\/\/news.save.ch\/?p=21469"},"modified":"2023-08-02T17:42:46","modified_gmt":"2023-08-02T15:42:46","slug":"strafverfolgungsbehoerde-kann-neu-mit-dna-phaenotypisierung-arbeiten","status":null,"type":"post","link":"https:\/\/news.save.ch\/fr\/strafverfolgungsbehoerde-kann-neu-mit-dna-phaenotypisierung-arbeiten\/","title":{"rendered":"\u00c9chantillon d'ADN : les poursuites p\u00e9nales peuvent d\u00e9sormais lire la couleur des yeux et des cheveux"},"content":{"rendered":"<figure id=\"attachment_21470\" aria-describedby=\"caption-attachment-21470\" style=\"width: 680px\" class=\"wp-caption aligncenter\"><img loading=\"lazy\" decoding=\"async\" class=\"size-medium wp-image-21470\" src=\"https:\/\/news.save.ch\/wp-content\/uploads\/2023\/08\/Depositphotos_432967640_S-680x454.jpg\" alt=\"\" width=\"680\" height=\"454\" srcset=\"https:\/\/news.save.ch\/wp-content\/uploads\/2023\/08\/Depositphotos_432967640_S-680x454.jpg 680w, https:\/\/news.save.ch\/wp-content\/uploads\/2023\/08\/Depositphotos_432967640_S-768x512.jpg 768w, https:\/\/news.save.ch\/wp-content\/uploads\/2023\/08\/Depositphotos_432967640_S-18x12.jpg 18w, https:\/\/news.save.ch\/wp-content\/uploads\/2023\/08\/Depositphotos_432967640_S-375x250.jpg 375w, https:\/\/news.save.ch\/wp-content\/uploads\/2023\/08\/Depositphotos_432967640_S-525x350.jpg 525w, https:\/\/news.save.ch\/wp-content\/uploads\/2023\/08\/Depositphotos_432967640_S.jpg 1000w\" sizes=\"auto, (max-width: 680px) 100vw, 680px\" \/><figcaption id=\"caption-attachment-21470\" class=\"wp-caption-text\">Depositphotos, macor<\/figcaption><\/figure>\n<p>L'analyse forensique de l'ADN joue un r\u00f4le central dans l'\u00e9lucidation des d\u00e9lits : comme le souligne l'Office f\u00e9d\u00e9ral de la police (Fedpol), elle peut fournir aux autorit\u00e9s de poursuite p\u00e9nale des indications importantes lors de l'identification d'un auteur pr\u00e9sum\u00e9. Mais la comparaison de la trace d'ADN du lieu du crime ou de l'arme du crime avec la banque de donn\u00e9es des profils d'ADN ne donne pas toujours un r\u00e9sultat - notamment lorsque le profil d'ADN de la personne recherch\u00e9e ne figure pas dans la banque de donn\u00e9es suisse. Depuis le 1er ao\u00fbt, les autorit\u00e9s de poursuite p\u00e9nale peuvent faire un pas d\u00e9cisif dans l'\u00e9lucidation de crimes graves, selon Fedpol.<\/p>\n<p>Avec l'entr\u00e9e en vigueur de la loi r\u00e9vis\u00e9e sur les profils d'ADN, la ph\u00e9notypisation par ADN peut d\u00e9sormais \u00eatre utilis\u00e9e dans certaines conditions. Jusqu'\u00e0 pr\u00e9sent, l'analyse ADN permettait uniquement d'\u00e9tablir un profil ADN et d'obtenir ainsi une information sur le sexe de la personne qui a laiss\u00e9 une trace, comme l'indique le communiqu\u00e9 de presse. A partir des segments d'ADN codants d'une trace, il est d\u00e9sormais possible de d\u00e9terminer avec une certaine probabilit\u00e9 les caract\u00e9ristiques ext\u00e9rieures visibles suivantes : La couleur des yeux, des cheveux et de la peau, l'origine biog\u00e9ographique et l'\u00e2ge de la personne qui a laiss\u00e9 une trace.<\/p>\n<h3>La piste prend \"forme<\/h3>\n<p>Si, dans la phase initiale d'une enqu\u00eate, les moyens traditionnels ne permettent pas ou peu d'obtenir des informations pertinentes sur les auteurs, le ph\u00e9notypage peut fournir de nouvelles informations importantes aux autorit\u00e9s de poursuite p\u00e9nale : il permet \u00e0 la police de d\u00e9limiter plus pr\u00e9cis\u00e9ment le cercle des suspects et de cibler les investigations. Les d\u00e9clarations des victimes ou des t\u00e9moins pourraient \u00e9galement \u00eatre mieux class\u00e9es. Gr\u00e2ce au ph\u00e9notypage, la police peut par exemple supposer avec une certaine probabilit\u00e9 que les traces laiss\u00e9es sur le lieu du crime proviennent d'un homme d'environ 45 ans, aux cheveux bruns et aux yeux verts, originaire d'Europe occidentale. Les connaissances acquises gr\u00e2ce au ph\u00e9notypage pourraient \u00e9galement aider \u00e0 \u00e9lucider des crimes tr\u00e8s anciens - les \"cold cases\" - et donner une nouvelle impulsion \u00e0 la recherche de l'auteur, comme l'\u00e9crit Fedpol.<\/p>\n<h3>Un \u00e9l\u00e9ment important - mais pas le seul<\/h3>\n<p>L'analyse ADN seule ne permettrait pas d'\u00e9lucider les crimes. R\u00e9sultats directs\" lors de la comparaison d'une trace d'ADN provenant de la sc\u00e8ne de crime avec la banque de donn\u00e9es ADN <a href=\"https:\/\/www.fedpol.admin.ch\/fedpol\/de\/home\/sicherheit\/personenidentifikation-neu\/dna-und-codis\/codis-zahlen.html\" target=\"_blank\" rel=\"noopener\">CODIS<\/a>Les r\u00e9sultats du ph\u00e9notypage ou de la recherche de liens de parent\u00e9 ne sont pas des preuves que la personne qui a laiss\u00e9 des traces est aussi l'auteur de l'infraction. Les auditions de victimes, de t\u00e9moins et de suspects ainsi que la v\u00e9rification de leurs d\u00e9clarations restent, avec de nombreuses autres mesures, des \u00e9l\u00e9ments centraux dans les proc\u00e9dures p\u00e9nales pour l'identification d'un auteur pr\u00e9sum\u00e9. Mais c'est l'analyse ADN \u00e9largie qui peut fournir l'indice d\u00e9cisif.<\/p>","protected":false},"excerpt":{"rendered":"<p>Die forensische DNA-Analyse spielt eine zentrale Rolle bei der Aufkl\u00e4rung von Straftaten: Sie kann den Strafverfolgungsbeh\u00f6rden wichtige Hinweise bei der Ermittlung eines mutmasslichen T\u00e4ters liefern, wie das Bundesamt f\u00fcr Polizei (Fedpol) betont. Doch nicht immer liefere der Vergleich der DNA-Spur vom Tatort oder der Tatwaffe mit der DNA-Profil-Datenbank einen Treffer &#8211; n\u00e4mlich dann, wenn das [&hellip;]<\/p>\n","protected":false},"author":8,"featured_media":21470,"comment_status":"closed","ping_status":"closed","sticky":false,"template":"","format":"standard","meta":{"_acf_changed":false,"pgc_sgb_lightbox_settings":"","footnotes":""},"categories":[1],"tags":[1927],"class_list":["post-21469","post","type-post","status-publish","format-standard","has-post-thumbnail","hentry","category-allgemein","tag-dna"],"acf":[],"hkrextid":null,"publication":null,"issue":null,"workflow":null,"startPage":null,"spitzmarke":null,"_posts_by_tag_page_fields":null,"_at_widget":null,"_yoast_wpseo_primary_category":"1","_yoast_wpseo_focuskw_text_input":null,"_yoast_wpseo_opengraph-image":null,"_yoast_wpseo_opengraph-description":null,"_yoast_wpseo_opengraph-title":null,"enclosure":null,"_yoast_wpseo_twitter-title":null,"_yoast_wpseo_twitter-description":null,"_yoast_wpseo_twitter-image":null,"_wp_old_slug":null,"_yoast_wpseo_title":null,"_yoast_wpseo_canonical":null,"yoast_head":"<!-- This site is optimized with the Yoast SEO plugin v27.4 - https:\/\/yoast.com\/product\/yoast-seo-wordpress\/ -->\n<title>DNA-Probe: Strafverfolger d\u00fcrfen neu Augen- und Haarfarbe herauslesen - Save<\/title>\n<meta name=\"description\" content=\"In der Schweiz gilt ein neues Instrument: Die DNA-Ph\u00e4notypisierung erweitert das Spektrum der forensischen Fahndungsm\u00f6glichkeiten.\" \/>\n<meta name=\"robots\" content=\"index, follow, max-snippet:-1, max-image-preview:large, max-video-preview:-1\" \/>\n<link rel=\"canonical\" href=\"https:\/\/news.save.ch\/fr\/strafverfolgungsbehoerde-kann-neu-mit-dna-phaenotypisierung-arbeiten\/\" \/>\n<meta property=\"og:locale\" content=\"fr_FR\" \/>\n<meta property=\"og:type\" content=\"article\" \/>\n<meta property=\"og:title\" content=\"DNA-Probe: Strafverfolger d\u00fcrfen neu Augen- und Haarfarbe herauslesen - Save\" \/>\n<meta property=\"og:description\" content=\"In der Schweiz gilt ein neues Instrument: Die DNA-Ph\u00e4notypisierung erweitert das Spektrum der forensischen Fahndungsm\u00f6glichkeiten.\" \/>\n<meta property=\"og:url\" content=\"https:\/\/news.save.ch\/fr\/strafverfolgungsbehoerde-kann-neu-mit-dna-phaenotypisierung-arbeiten\/\" \/>\n<meta property=\"og:site_name\" content=\"Save\" \/>\n<meta property=\"article:published_time\" content=\"2023-08-03T04:04:25+00:00\" \/>\n<meta property=\"og:image\" content=\"https:\/\/news.save.ch\/wp-content\/uploads\/2023\/08\/Depositphotos_432967640_S.jpg\" \/>\n\t<meta property=\"og:image:width\" content=\"1000\" \/>\n\t<meta property=\"og:image:height\" content=\"667\" \/>\n\t<meta property=\"og:image:type\" content=\"image\/jpeg\" \/>\n<meta name=\"author\" content=\"Roger Str\u00e4ssle\" \/>\n<meta name=\"twitter:card\" content=\"summary_large_image\" \/>\n<meta name=\"twitter:label1\" content=\"\u00c9crit par\" \/>\n\t<meta name=\"twitter:data1\" content=\"Roger Str\u00e4ssle\" \/>\n\t<meta name=\"twitter:label2\" content=\"Dur\u00e9e de lecture estim\u00e9e\" \/>\n\t<meta name=\"twitter:data2\" content=\"3 minutes\" \/>\n<script type=\"application\/ld+json\" class=\"yoast-schema-graph\">{\"@context\":\"https:\\\/\\\/schema.org\",\"@graph\":[{\"@type\":\"Article\",\"@id\":\"https:\\\/\\\/news.save.ch\\\/strafverfolgungsbehoerde-kann-neu-mit-dna-phaenotypisierung-arbeiten\\\/#article\",\"isPartOf\":{\"@id\":\"https:\\\/\\\/news.save.ch\\\/strafverfolgungsbehoerde-kann-neu-mit-dna-phaenotypisierung-arbeiten\\\/\"},\"author\":{\"name\":\"Roger Str\u00e4ssle\",\"@id\":\"https:\\\/\\\/news.save.ch\\\/de\\\/#\\\/schema\\\/person\\\/d5022db048e0e2b9785c50e5b24da5aa\"},\"headline\":\"DNA-Probe: Strafverfolger d\u00fcrfen neu Augen- und Haarfarbe herauslesen\",\"datePublished\":\"2023-08-03T04:04:25+00:00\",\"mainEntityOfPage\":{\"@id\":\"https:\\\/\\\/news.save.ch\\\/strafverfolgungsbehoerde-kann-neu-mit-dna-phaenotypisierung-arbeiten\\\/\"},\"wordCount\":443,\"publisher\":{\"@id\":\"https:\\\/\\\/news.save.ch\\\/de\\\/#organization\"},\"image\":{\"@id\":\"https:\\\/\\\/news.save.ch\\\/strafverfolgungsbehoerde-kann-neu-mit-dna-phaenotypisierung-arbeiten\\\/#primaryimage\"},\"thumbnailUrl\":\"https:\\\/\\\/news.save.ch\\\/wp-content\\\/uploads\\\/2023\\\/08\\\/Depositphotos_432967640_S.jpg\",\"keywords\":[\"DNA\"],\"articleSection\":[\"ALLGEMEIN\"],\"inLanguage\":\"fr-FR\"},{\"@type\":\"WebPage\",\"@id\":\"https:\\\/\\\/news.save.ch\\\/strafverfolgungsbehoerde-kann-neu-mit-dna-phaenotypisierung-arbeiten\\\/\",\"url\":\"https:\\\/\\\/news.save.ch\\\/strafverfolgungsbehoerde-kann-neu-mit-dna-phaenotypisierung-arbeiten\\\/\",\"name\":\"DNA-Probe: Strafverfolger d\u00fcrfen neu Augen- und Haarfarbe herauslesen - Save\",\"isPartOf\":{\"@id\":\"https:\\\/\\\/news.save.ch\\\/de\\\/#website\"},\"primaryImageOfPage\":{\"@id\":\"https:\\\/\\\/news.save.ch\\\/strafverfolgungsbehoerde-kann-neu-mit-dna-phaenotypisierung-arbeiten\\\/#primaryimage\"},\"image\":{\"@id\":\"https:\\\/\\\/news.save.ch\\\/strafverfolgungsbehoerde-kann-neu-mit-dna-phaenotypisierung-arbeiten\\\/#primaryimage\"},\"thumbnailUrl\":\"https:\\\/\\\/news.save.ch\\\/wp-content\\\/uploads\\\/2023\\\/08\\\/Depositphotos_432967640_S.jpg\",\"datePublished\":\"2023-08-03T04:04:25+00:00\",\"description\":\"In der Schweiz gilt ein neues Instrument: Die DNA-Ph\u00e4notypisierung erweitert das Spektrum der forensischen Fahndungsm\u00f6glichkeiten.\",\"breadcrumb\":{\"@id\":\"https:\\\/\\\/news.save.ch\\\/strafverfolgungsbehoerde-kann-neu-mit-dna-phaenotypisierung-arbeiten\\\/#breadcrumb\"},\"inLanguage\":\"fr-FR\",\"potentialAction\":[{\"@type\":\"ReadAction\",\"target\":[\"https:\\\/\\\/news.save.ch\\\/strafverfolgungsbehoerde-kann-neu-mit-dna-phaenotypisierung-arbeiten\\\/\"]}]},{\"@type\":\"ImageObject\",\"inLanguage\":\"fr-FR\",\"@id\":\"https:\\\/\\\/news.save.ch\\\/strafverfolgungsbehoerde-kann-neu-mit-dna-phaenotypisierung-arbeiten\\\/#primaryimage\",\"url\":\"https:\\\/\\\/news.save.ch\\\/wp-content\\\/uploads\\\/2023\\\/08\\\/Depositphotos_432967640_S.jpg\",\"contentUrl\":\"https:\\\/\\\/news.save.ch\\\/wp-content\\\/uploads\\\/2023\\\/08\\\/Depositphotos_432967640_S.jpg\",\"width\":1000,\"height\":667,\"caption\":\"Depositphotos, macor\"},{\"@type\":\"BreadcrumbList\",\"@id\":\"https:\\\/\\\/news.save.ch\\\/strafverfolgungsbehoerde-kann-neu-mit-dna-phaenotypisierung-arbeiten\\\/#breadcrumb\",\"itemListElement\":[{\"@type\":\"ListItem\",\"position\":1,\"name\":\"Home\",\"item\":\"https:\\\/\\\/news.save.ch\\\/de\\\/\"},{\"@type\":\"ListItem\",\"position\":2,\"name\":\"DNA-Probe: Strafverfolger d\u00fcrfen neu Augen- und Haarfarbe herauslesen\"}]},{\"@type\":\"WebSite\",\"@id\":\"https:\\\/\\\/news.save.ch\\\/de\\\/#website\",\"url\":\"https:\\\/\\\/news.save.ch\\\/de\\\/\",\"name\":\"Save\",\"description\":\"Schweizer Fachzeitschrift f\u00fcr Sicherheit\",\"publisher\":{\"@id\":\"https:\\\/\\\/news.save.ch\\\/de\\\/#organization\"},\"potentialAction\":[{\"@type\":\"SearchAction\",\"target\":{\"@type\":\"EntryPoint\",\"urlTemplate\":\"https:\\\/\\\/news.save.ch\\\/de\\\/?s={search_term_string}\"},\"query-input\":{\"@type\":\"PropertyValueSpecification\",\"valueRequired\":true,\"valueName\":\"search_term_string\"}}],\"inLanguage\":\"fr-FR\"},{\"@type\":\"Organization\",\"@id\":\"https:\\\/\\\/news.save.ch\\\/de\\\/#organization\",\"name\":\"Sicherheitsforum\",\"url\":\"https:\\\/\\\/news.save.ch\\\/de\\\/\",\"logo\":{\"@type\":\"ImageObject\",\"inLanguage\":\"fr-FR\",\"@id\":\"https:\\\/\\\/news.save.ch\\\/de\\\/#\\\/schema\\\/logo\\\/image\\\/\",\"url\":\"https:\\\/\\\/news.save.ch\\\/wp-content\\\/uploads\\\/2022\\\/06\\\/Logo_SF_2012.png\",\"contentUrl\":\"https:\\\/\\\/news.save.ch\\\/wp-content\\\/uploads\\\/2022\\\/06\\\/Logo_SF_2012.png\",\"width\":1100,\"height\":91,\"caption\":\"Sicherheitsforum\"},\"image\":{\"@id\":\"https:\\\/\\\/news.save.ch\\\/de\\\/#\\\/schema\\\/logo\\\/image\\\/\"}},{\"@type\":\"Person\",\"@id\":\"https:\\\/\\\/news.save.ch\\\/de\\\/#\\\/schema\\\/person\\\/d5022db048e0e2b9785c50e5b24da5aa\",\"name\":\"Roger Str\u00e4ssle\",\"image\":{\"@type\":\"ImageObject\",\"inLanguage\":\"fr-FR\",\"@id\":\"https:\\\/\\\/secure.gravatar.com\\\/avatar\\\/862a5569d087de48e5856e32f45d719a03804c891d6deb8d4f71a660e79e4a47?s=96&d=mm&r=g\",\"url\":\"https:\\\/\\\/secure.gravatar.com\\\/avatar\\\/862a5569d087de48e5856e32f45d719a03804c891d6deb8d4f71a660e79e4a47?s=96&d=mm&r=g\",\"contentUrl\":\"https:\\\/\\\/secure.gravatar.com\\\/avatar\\\/862a5569d087de48e5856e32f45d719a03804c891d6deb8d4f71a660e79e4a47?s=96&d=mm&r=g\",\"caption\":\"Roger Str\u00e4ssle\"},\"url\":\"https:\\\/\\\/news.save.ch\\\/fr\\\/author\\\/roger-straessle\\\/\"}]}<\/script>\n<!-- \/ Yoast SEO plugin. -->","yoast_head_json":{"title":"Pr\u00e9l\u00e8vement d'ADN : les enqu\u00eateurs pourront d\u00e9sormais lire la couleur des yeux et des cheveux - Save","description":"Un nouvel instrument est en vigueur en Suisse : le ph\u00e9notypage ADN \u00e9largit l'\u00e9ventail des possibilit\u00e9s de recherche m\u00e9dico-l\u00e9gale.","robots":{"index":"index","follow":"follow","max-snippet":"max-snippet:-1","max-image-preview":"max-image-preview:large","max-video-preview":"max-video-preview:-1"},"canonical":"https:\/\/news.save.ch\/fr\/strafverfolgungsbehoerde-kann-neu-mit-dna-phaenotypisierung-arbeiten\/","og_locale":"fr_FR","og_type":"article","og_title":"DNA-Probe: Strafverfolger d\u00fcrfen neu Augen- und Haarfarbe herauslesen - Save","og_description":"In der Schweiz gilt ein neues Instrument: Die DNA-Ph\u00e4notypisierung erweitert das Spektrum der forensischen Fahndungsm\u00f6glichkeiten.","og_url":"https:\/\/news.save.ch\/fr\/strafverfolgungsbehoerde-kann-neu-mit-dna-phaenotypisierung-arbeiten\/","og_site_name":"Save","article_published_time":"2023-08-03T04:04:25+00:00","og_image":[{"width":1000,"height":667,"url":"https:\/\/news.save.ch\/wp-content\/uploads\/2023\/08\/Depositphotos_432967640_S.jpg","type":"image\/jpeg"}],"author":"Roger Str\u00e4ssle","twitter_card":"summary_large_image","twitter_misc":{"\u00c9crit par":"Roger Str\u00e4ssle","Dur\u00e9e de lecture estim\u00e9e":"3 minutes"},"schema":{"@context":"https:\/\/schema.org","@graph":[{"@type":"Article","@id":"https:\/\/news.save.ch\/strafverfolgungsbehoerde-kann-neu-mit-dna-phaenotypisierung-arbeiten\/#article","isPartOf":{"@id":"https:\/\/news.save.ch\/strafverfolgungsbehoerde-kann-neu-mit-dna-phaenotypisierung-arbeiten\/"},"author":{"name":"Roger Str\u00e4ssle","@id":"https:\/\/news.save.ch\/de\/#\/schema\/person\/d5022db048e0e2b9785c50e5b24da5aa"},"headline":"DNA-Probe: Strafverfolger d\u00fcrfen neu Augen- und Haarfarbe herauslesen","datePublished":"2023-08-03T04:04:25+00:00","mainEntityOfPage":{"@id":"https:\/\/news.save.ch\/strafverfolgungsbehoerde-kann-neu-mit-dna-phaenotypisierung-arbeiten\/"},"wordCount":443,"publisher":{"@id":"https:\/\/news.save.ch\/de\/#organization"},"image":{"@id":"https:\/\/news.save.ch\/strafverfolgungsbehoerde-kann-neu-mit-dna-phaenotypisierung-arbeiten\/#primaryimage"},"thumbnailUrl":"https:\/\/news.save.ch\/wp-content\/uploads\/2023\/08\/Depositphotos_432967640_S.jpg","keywords":["DNA"],"articleSection":["ALLGEMEIN"],"inLanguage":"fr-FR"},{"@type":"WebPage","@id":"https:\/\/news.save.ch\/strafverfolgungsbehoerde-kann-neu-mit-dna-phaenotypisierung-arbeiten\/","url":"https:\/\/news.save.ch\/strafverfolgungsbehoerde-kann-neu-mit-dna-phaenotypisierung-arbeiten\/","name":"Pr\u00e9l\u00e8vement d'ADN : les enqu\u00eateurs pourront d\u00e9sormais lire la couleur des yeux et des cheveux - Save","isPartOf":{"@id":"https:\/\/news.save.ch\/de\/#website"},"primaryImageOfPage":{"@id":"https:\/\/news.save.ch\/strafverfolgungsbehoerde-kann-neu-mit-dna-phaenotypisierung-arbeiten\/#primaryimage"},"image":{"@id":"https:\/\/news.save.ch\/strafverfolgungsbehoerde-kann-neu-mit-dna-phaenotypisierung-arbeiten\/#primaryimage"},"thumbnailUrl":"https:\/\/news.save.ch\/wp-content\/uploads\/2023\/08\/Depositphotos_432967640_S.jpg","datePublished":"2023-08-03T04:04:25+00:00","description":"Un nouvel instrument est en vigueur en Suisse : le ph\u00e9notypage ADN \u00e9largit l'\u00e9ventail des possibilit\u00e9s de recherche m\u00e9dico-l\u00e9gale.","breadcrumb":{"@id":"https:\/\/news.save.ch\/strafverfolgungsbehoerde-kann-neu-mit-dna-phaenotypisierung-arbeiten\/#breadcrumb"},"inLanguage":"fr-FR","potentialAction":[{"@type":"ReadAction","target":["https:\/\/news.save.ch\/strafverfolgungsbehoerde-kann-neu-mit-dna-phaenotypisierung-arbeiten\/"]}]},{"@type":"ImageObject","inLanguage":"fr-FR","@id":"https:\/\/news.save.ch\/strafverfolgungsbehoerde-kann-neu-mit-dna-phaenotypisierung-arbeiten\/#primaryimage","url":"https:\/\/news.save.ch\/wp-content\/uploads\/2023\/08\/Depositphotos_432967640_S.jpg","contentUrl":"https:\/\/news.save.ch\/wp-content\/uploads\/2023\/08\/Depositphotos_432967640_S.jpg","width":1000,"height":667,"caption":"Depositphotos, macor"},{"@type":"BreadcrumbList","@id":"https:\/\/news.save.ch\/strafverfolgungsbehoerde-kann-neu-mit-dna-phaenotypisierung-arbeiten\/#breadcrumb","itemListElement":[{"@type":"ListItem","position":1,"name":"Home","item":"https:\/\/news.save.ch\/de\/"},{"@type":"ListItem","position":2,"name":"DNA-Probe: Strafverfolger d\u00fcrfen neu Augen- und Haarfarbe herauslesen"}]},{"@type":"WebSite","@id":"https:\/\/news.save.ch\/de\/#website","url":"https:\/\/news.save.ch\/de\/","name":"Save","description":"Revue suisse sp\u00e9cialis\u00e9e dans la s\u00e9curit\u00e9","publisher":{"@id":"https:\/\/news.save.ch\/de\/#organization"},"potentialAction":[{"@type":"SearchAction","target":{"@type":"EntryPoint","urlTemplate":"https:\/\/news.save.ch\/de\/?s={search_term_string}"},"query-input":{"@type":"PropertyValueSpecification","valueRequired":true,"valueName":"search_term_string"}}],"inLanguage":"fr-FR"},{"@type":"Organization","@id":"https:\/\/news.save.ch\/de\/#organization","name":"Forum sur la s\u00e9curit\u00e9","url":"https:\/\/news.save.ch\/de\/","logo":{"@type":"ImageObject","inLanguage":"fr-FR","@id":"https:\/\/news.save.ch\/de\/#\/schema\/logo\/image\/","url":"https:\/\/news.save.ch\/wp-content\/uploads\/2022\/06\/Logo_SF_2012.png","contentUrl":"https:\/\/news.save.ch\/wp-content\/uploads\/2022\/06\/Logo_SF_2012.png","width":1100,"height":91,"caption":"Sicherheitsforum"},"image":{"@id":"https:\/\/news.save.ch\/de\/#\/schema\/logo\/image\/"}},{"@type":"Person","@id":"https:\/\/news.save.ch\/de\/#\/schema\/person\/d5022db048e0e2b9785c50e5b24da5aa","name":"Roger Str\u00e4ssle","image":{"@type":"ImageObject","inLanguage":"fr-FR","@id":"https:\/\/secure.gravatar.com\/avatar\/862a5569d087de48e5856e32f45d719a03804c891d6deb8d4f71a660e79e4a47?s=96&d=mm&r=g","url":"https:\/\/secure.gravatar.com\/avatar\/862a5569d087de48e5856e32f45d719a03804c891d6deb8d4f71a660e79e4a47?s=96&d=mm&r=g","contentUrl":"https:\/\/secure.gravatar.com\/avatar\/862a5569d087de48e5856e32f45d719a03804c891d6deb8d4f71a660e79e4a47?s=96&d=mm&r=g","caption":"Roger Str\u00e4ssle"},"url":"https:\/\/news.save.ch\/fr\/author\/roger-straessle\/"}]}},"_links":{"self":[{"href":"https:\/\/news.save.ch\/fr\/wp-json\/wp\/v2\/posts\/21469","targetHints":{"allow":["GET"]}}],"collection":[{"href":"https:\/\/news.save.ch\/fr\/wp-json\/wp\/v2\/posts"}],"about":[{"href":"https:\/\/news.save.ch\/fr\/wp-json\/wp\/v2\/types\/post"}],"author":[{"embeddable":true,"href":"https:\/\/news.save.ch\/fr\/wp-json\/wp\/v2\/users\/8"}],"replies":[{"embeddable":true,"href":"https:\/\/news.save.ch\/fr\/wp-json\/wp\/v2\/comments?post=21469"}],"version-history":[{"count":5,"href":"https:\/\/news.save.ch\/fr\/wp-json\/wp\/v2\/posts\/21469\/revisions"}],"predecessor-version":[{"id":21475,"href":"https:\/\/news.save.ch\/fr\/wp-json\/wp\/v2\/posts\/21469\/revisions\/21475"}],"wp:featuredmedia":[{"embeddable":true,"href":"https:\/\/news.save.ch\/fr\/wp-json\/wp\/v2\/media\/21470"}],"wp:attachment":[{"href":"https:\/\/news.save.ch\/fr\/wp-json\/wp\/v2\/media?parent=21469"}],"wp:term":[{"taxonomy":"category","embeddable":true,"href":"https:\/\/news.save.ch\/fr\/wp-json\/wp\/v2\/categories?post=21469"},{"taxonomy":"post_tag","embeddable":true,"href":"https:\/\/news.save.ch\/fr\/wp-json\/wp\/v2\/tags?post=21469"}],"curies":[{"name":"wp","href":"https:\/\/api.w.org\/{rel}","templated":true}]}}