{"id":21478,"date":"2023-08-04T12:15:22","date_gmt":"2023-08-04T10:15:22","guid":{"rendered":"https:\/\/news.save.ch\/?p=21478"},"modified":"2023-08-04T12:15:22","modified_gmt":"2023-08-04T10:15:22","slug":"brandlast-ist-nicht-gleich-brandlast","status":null,"type":"post","link":"https:\/\/news.save.ch\/fr\/brandlast-ist-nicht-gleich-brandlast\/","title":{"rendered":"Toutes les charges d'incendie ne se valent pas"},"content":{"rendered":"<figure id=\"attachment_21479\" aria-describedby=\"caption-attachment-21479\" style=\"width: 680px\" class=\"wp-caption aligncenter\"><img loading=\"lazy\" decoding=\"async\" class=\"size-medium wp-image-21479\" src=\"https:\/\/news.save.ch\/wp-content\/uploads\/2023\/08\/Depositphotos_419018132_S-680x452.jpg\" alt=\"\" width=\"680\" height=\"452\" srcset=\"https:\/\/news.save.ch\/wp-content\/uploads\/2023\/08\/Depositphotos_419018132_S-680x452.jpg 680w, https:\/\/news.save.ch\/wp-content\/uploads\/2023\/08\/Depositphotos_419018132_S-768x510.jpg 768w, https:\/\/news.save.ch\/wp-content\/uploads\/2023\/08\/Depositphotos_419018132_S-18x12.jpg 18w, https:\/\/news.save.ch\/wp-content\/uploads\/2023\/08\/Depositphotos_419018132_S-375x249.jpg 375w, https:\/\/news.save.ch\/wp-content\/uploads\/2023\/08\/Depositphotos_419018132_S-527x350.jpg 527w, https:\/\/news.save.ch\/wp-content\/uploads\/2023\/08\/Depositphotos_419018132_S.jpg 1000w\" sizes=\"auto, (max-width: 680px) 100vw, 680px\" \/><figcaption id=\"caption-attachment-21479\" class=\"wp-caption-text\">Dans le secteur industriel, on a affaire \u00e0 des produits, des substances et des quantit\u00e9s tr\u00e8s vari\u00e9s.<br \/>de faire. C'est pourquoi il est extr\u00eamement important de d\u00e9terminer la charge calorifique. Depositphotos, safonmoskow<\/figcaption><\/figure>\n<p>La notion de charge calorifique ne d\u00e9finit en fait qu'une substance combustible d'une certaine quantit\u00e9 ou masse. On ne distingue pas si cette substance est facilement combustible ou inflammable, mais plut\u00f4t quelle est la quantit\u00e9 d'\u00e9nergie qui peut \u00eatre produite lors de la combustion de la substance. Et pour cause, l'intensit\u00e9 de la chaleur, coupl\u00e9e \u00e0 la dur\u00e9e du processus de combustion, donne la charge thermique pour les \u00e9l\u00e9ments de construction, les b\u00e2timents et les objets expos\u00e9s au feu. Bien entendu, il convient \u00e9galement de mentionner la charge thermique pour les forces d'extinction.<\/p>\n<h3><strong>Un exemple<\/strong><\/h3>\n<p>Un rouleau de papier dans l'entrep\u00f4t d'une imprimerie est normalement enroul\u00e9 de mani\u00e8re relativement serr\u00e9e. Vouloir l'enflammer avec une allumette ne r\u00e9ussira pas (dans la grande majorit\u00e9 des cas, les exceptions confirment la r\u00e8gle). En revanche, si l'on d\u00e9roule le papier \u00e0 l'avance, il prend feu imm\u00e9diatement. C'est la raison pour laquelle, lorsque nous voulons allumer un feu de camp avec un journal, nous froissons les diff\u00e9rentes pages du journal et les allumons. Cela signifie toutefois que la charge d'incendie, c'est-\u00e0-dire la quantit\u00e9 et la masse du rouleau de papier, est exactement la m\u00eame dans les deux cas - l'inflammabilit\u00e9 peut en revanche varier fortement. Ce ph\u00e9nom\u00e8ne est particuli\u00e8rement \u00e9vident dans le cas d'une explosion de poussi\u00e8re.<\/p>\n<p>Il est certain que la charge calorifique pr\u00e9sente sur une surface donn\u00e9e repr\u00e9sente un risque d'incendie plus ou moins important. C'est aussi la raison pour laquelle celle-ci est prise en compte dans la protection incendie. Un exemple permet d'illustrer ce point : Il y a plusieurs ann\u00e9es, une explication de la directive MLAR (Muster-Leitungsanlagen-Richtlinie) de d\u00e9cembre 1998 expliquait pourquoi la charge calorifique totale dans les voies d'\u00e9vacuation ( !), jusqu'alors tol\u00e9r\u00e9e de 7 kilowattheures par m\u00e8tre carr\u00e9 ou de 14 kilowattheures par m\u00e8tre carr\u00e9 de surface au sol (derni\u00e8re valeur exclusivement pour les c\u00e2bles sans halog\u00e8ne), avait \u00e9t\u00e9 modifi\u00e9e en une interdiction g\u00e9n\u00e9rale pour les c\u00e2bles \u00e9lectriques inflammables non prot\u00e9g\u00e9s contre l'incendie. Pour simplifier, on a consid\u00e9r\u00e9 \u00e0 juste titre que le danger que repr\u00e9sentaient ces lignes pour diverses raisons (p. ex. d\u00e9passement de la charge calorifique par des installations ult\u00e9rieures) n'\u00e9tait plus tol\u00e9rable.<\/p>\n<h3>Important dans le secteur industriel<\/h3>\n<p>Dans la construction industrielle, la charge calorifique quantitative joue un r\u00f4le important. Celle-ci est d\u00e9termin\u00e9e par la norme DIN 18230 (protection incendie dans les b\u00e2timents industriels). Dans le secteur industriel, o\u00f9 l'on a affaire \u00e0 des produits, des substances, des quantit\u00e9s, etc. tr\u00e8s vari\u00e9s, la d\u00e9termination de la charge d'incendie rev\u00eat une importance consid\u00e9rable. Ce n'est qu'ainsi que l'on peut d\u00e9terminer de mani\u00e8re cibl\u00e9e les mesures constructives, techniques et organisationnelles n\u00e9cessaires en mati\u00e8re de protection contre l'incendie.<\/p>\n<p>Une proc\u00e9dure coh\u00e9rente aide extraordinairement \u00e0 d\u00e9terminer de mani\u00e8re relativement pr\u00e9cise les charges d'incendie tr\u00e8s diff\u00e9rentes dans les b\u00e2timents industriels et donc \u00e0 d\u00e9finir l'\u00e9tendue de la protection n\u00e9cessaire. En cas de d\u00e9passement, cela devient dangereux Il est certain que la d\u00e9termination est \"hypoth\u00e9tique\", car les mesures de protection ne sont adapt\u00e9es qu'\u00e0 une charge d'incendie d\u00e9finie (th\u00e9orique). Si l'on d\u00e9passe nettement cette d\u00e9finition, on entre dans une zone dangereuse. La situation devient plus subtile lorsque, par exemple, la charge d'incendie augmente \u00e0 tel point en raison d'une modification de la composition du produit que les mesures de protection incendie mises en \u0153uvre ne suffisent plus et qu'en cas d'incendie, la perte totale d'un objet en est la cons\u00e9quence.<br \/>\npeut \u00eatre augment\u00e9e. Logiquement, une augmentation de la quantit\u00e9 stock\u00e9e y conduit \u00e9galement. Ou un entrep\u00f4t initialement destin\u00e9 \u00e0 d'autres produits et qui subit maintenant une charge d'incendie beaucoup plus importante avec un nouveau produit stock\u00e9 n'est certainement pas dans un \u00e9tat que l'on peut qualifier de parfait. Le pouvoir calorifique et le comportement au feu du mat\u00e9riau stock\u00e9 influencent \u00e9galement la dur\u00e9e et l'intensit\u00e9 de l'incendie et doivent \u00e9galement \u00eatre pris en compte. Si l'on n'en tient pas compte, les dommages qui en r\u00e9sultent en cas d'incendie peuvent \u00eatre \u00e9normes.<\/p>\n<p>La d\u00e9termination de la charge calorifique concr\u00e8te et son respect ainsi que les mesures de protection qui en d\u00e9coulent sont donc essentiels pour une protection incendie cibl\u00e9e. Il convient donc de les contr\u00f4ler en permanence et de ne pas autoriser de d\u00e9passement de la limite fix\u00e9e. Comme il a \u00e9t\u00e9 d\u00e9montr\u00e9, \u00e0 quantit\u00e9 \u00e9gale, la nature du mat\u00e9riau des substances inflammables a une influence consid\u00e9rable sur l'inflammabilit\u00e9. Celle-ci peut donc varier tr\u00e8s fortement, de sorte qu'il est conseill\u00e9 de tenir compte, lors de la planification, de tous les facteurs relatifs \u00e0 la charge d'incendie, et donc pas seulement de la charge d'incendie elle-m\u00eame, et, le cas \u00e9ch\u00e9ant, d'\u00e9valuer soigneusement la conception de l'objet, les mesures de protection contre l'incendie n\u00e9cessaires ou la charge d'incendie \u00e0 y loger : d'une part, pour \u00e9viter une ex\u00e9cution co\u00fbteuse, et d'autre part, pour parer \u00e0 une perte totale.<\/p>\n<p><em>* L'auteur Bruno B. Hecht est architecte et sp\u00e9cialiste en protection incendie, VZM GmbH.<\/em><\/p>","protected":false},"excerpt":{"rendered":"<p>Der Begriff Brandlast definiert eigentlich\u00a0nur einen brennbaren\u00a0Stoff mit einer bestimmten\u00a0Menge beziehungsweise\u00a0Masse. Dabei wird nicht\u00a0unterschieden, ob dieser Stoff leicht\u00a0brennbar oder entz\u00fcndbar ist, sondern\u00a0vielmehr, wie hoch die Energiemenge\u00a0ist, die bei der Verbrennung des Stoffes\u00a0entstehen kann. Und das aus gutem\u00a0Grund, denn die Intensit\u00e4t der W\u00e4rme,\u00a0gekoppelt mit der Dauer des Verbrennungsvorgangs,\u00a0ergibt die thermische\u00a0Belastung f\u00fcr die dem Brand ausgesetzten\u00a0Bauteile, Geb\u00e4ude [&hellip;]<\/p>\n","protected":false},"author":8,"featured_media":21479,"comment_status":"closed","ping_status":"closed","sticky":false,"template":"","format":"standard","meta":{"_acf_changed":false,"pgc_sgb_lightbox_settings":"","footnotes":""},"categories":[67],"tags":[972],"class_list":["post-21478","post","type-post","status-publish","format-standard","has-post-thumbnail","hentry","category-brandschutz","tag-brand"],"acf":[],"hkrextid":null,"publication":null,"issue":null,"workflow":null,"startPage":null,"spitzmarke":null,"_posts_by_tag_page_fields":null,"_at_widget":null,"_yoast_wpseo_primary_category":"67","_yoast_wpseo_focuskw_text_input":null,"_yoast_wpseo_opengraph-image":null,"_yoast_wpseo_opengraph-description":null,"_yoast_wpseo_opengraph-title":null,"enclosure":null,"_yoast_wpseo_twitter-title":null,"_yoast_wpseo_twitter-description":null,"_yoast_wpseo_twitter-image":null,"_wp_old_slug":null,"_yoast_wpseo_title":null,"_yoast_wpseo_canonical":null,"yoast_head":"<!-- This site is optimized with the Yoast SEO plugin v27.4 - https:\/\/yoast.com\/product\/yoast-seo-wordpress\/ -->\n<title>Brandlast ist nicht gleich Brandlast - Save<\/title>\n<meta name=\"description\" content=\"Kein Feuer ohne Brandlast. Das h\u00f6rt sich einfach an, ist es aber durchaus nicht. Denn Brandlast ist nicht gleich Brandlast.\" \/>\n<meta name=\"robots\" content=\"index, follow, max-snippet:-1, max-image-preview:large, max-video-preview:-1\" \/>\n<link rel=\"canonical\" href=\"https:\/\/news.save.ch\/fr\/brandlast-ist-nicht-gleich-brandlast\/\" \/>\n<meta property=\"og:locale\" content=\"fr_FR\" \/>\n<meta property=\"og:type\" content=\"article\" \/>\n<meta property=\"og:title\" content=\"Brandlast ist nicht gleich Brandlast - Save\" \/>\n<meta property=\"og:description\" content=\"Kein Feuer ohne Brandlast. Das h\u00f6rt sich einfach an, ist es aber durchaus nicht. Denn Brandlast ist nicht gleich Brandlast.\" \/>\n<meta property=\"og:url\" content=\"https:\/\/news.save.ch\/fr\/brandlast-ist-nicht-gleich-brandlast\/\" \/>\n<meta property=\"og:site_name\" content=\"Save\" \/>\n<meta property=\"article:published_time\" content=\"2023-08-04T10:15:22+00:00\" \/>\n<meta property=\"og:image\" content=\"https:\/\/news.save.ch\/wp-content\/uploads\/2023\/08\/Depositphotos_419018132_S.jpg\" \/>\n\t<meta property=\"og:image:width\" content=\"1000\" \/>\n\t<meta property=\"og:image:height\" content=\"664\" \/>\n\t<meta property=\"og:image:type\" content=\"image\/jpeg\" \/>\n<meta name=\"author\" content=\"Roger Str\u00e4ssle\" \/>\n<meta name=\"twitter:card\" content=\"summary_large_image\" \/>\n<meta name=\"twitter:label1\" content=\"\u00c9crit par\" \/>\n\t<meta name=\"twitter:data1\" content=\"Roger Str\u00e4ssle\" \/>\n\t<meta name=\"twitter:label2\" content=\"Dur\u00e9e de lecture estim\u00e9e\" \/>\n\t<meta name=\"twitter:data2\" content=\"4 minutes\" \/>\n<script type=\"application\/ld+json\" class=\"yoast-schema-graph\">{\"@context\":\"https:\\\/\\\/schema.org\",\"@graph\":[{\"@type\":\"Article\",\"@id\":\"https:\\\/\\\/news.save.ch\\\/brandlast-ist-nicht-gleich-brandlast\\\/#article\",\"isPartOf\":{\"@id\":\"https:\\\/\\\/news.save.ch\\\/brandlast-ist-nicht-gleich-brandlast\\\/\"},\"author\":{\"name\":\"Roger Str\u00e4ssle\",\"@id\":\"https:\\\/\\\/news.save.ch\\\/de\\\/#\\\/schema\\\/person\\\/d5022db048e0e2b9785c50e5b24da5aa\"},\"headline\":\"Brandlast ist nicht gleich Brandlast\",\"datePublished\":\"2023-08-04T10:15:22+00:00\",\"mainEntityOfPage\":{\"@id\":\"https:\\\/\\\/news.save.ch\\\/brandlast-ist-nicht-gleich-brandlast\\\/\"},\"wordCount\":723,\"publisher\":{\"@id\":\"https:\\\/\\\/news.save.ch\\\/de\\\/#organization\"},\"image\":{\"@id\":\"https:\\\/\\\/news.save.ch\\\/brandlast-ist-nicht-gleich-brandlast\\\/#primaryimage\"},\"thumbnailUrl\":\"https:\\\/\\\/news.save.ch\\\/wp-content\\\/uploads\\\/2023\\\/08\\\/Depositphotos_419018132_S.jpg\",\"keywords\":[\"Brand\"],\"articleSection\":[\"BRANDSCHUTZ\"],\"inLanguage\":\"fr-FR\"},{\"@type\":\"WebPage\",\"@id\":\"https:\\\/\\\/news.save.ch\\\/brandlast-ist-nicht-gleich-brandlast\\\/\",\"url\":\"https:\\\/\\\/news.save.ch\\\/brandlast-ist-nicht-gleich-brandlast\\\/\",\"name\":\"Brandlast ist nicht gleich Brandlast - Save\",\"isPartOf\":{\"@id\":\"https:\\\/\\\/news.save.ch\\\/de\\\/#website\"},\"primaryImageOfPage\":{\"@id\":\"https:\\\/\\\/news.save.ch\\\/brandlast-ist-nicht-gleich-brandlast\\\/#primaryimage\"},\"image\":{\"@id\":\"https:\\\/\\\/news.save.ch\\\/brandlast-ist-nicht-gleich-brandlast\\\/#primaryimage\"},\"thumbnailUrl\":\"https:\\\/\\\/news.save.ch\\\/wp-content\\\/uploads\\\/2023\\\/08\\\/Depositphotos_419018132_S.jpg\",\"datePublished\":\"2023-08-04T10:15:22+00:00\",\"description\":\"Kein Feuer ohne Brandlast. Das h\u00f6rt sich einfach an, ist es aber durchaus nicht. Denn Brandlast ist nicht gleich Brandlast.\",\"breadcrumb\":{\"@id\":\"https:\\\/\\\/news.save.ch\\\/brandlast-ist-nicht-gleich-brandlast\\\/#breadcrumb\"},\"inLanguage\":\"fr-FR\",\"potentialAction\":[{\"@type\":\"ReadAction\",\"target\":[\"https:\\\/\\\/news.save.ch\\\/brandlast-ist-nicht-gleich-brandlast\\\/\"]}]},{\"@type\":\"ImageObject\",\"inLanguage\":\"fr-FR\",\"@id\":\"https:\\\/\\\/news.save.ch\\\/brandlast-ist-nicht-gleich-brandlast\\\/#primaryimage\",\"url\":\"https:\\\/\\\/news.save.ch\\\/wp-content\\\/uploads\\\/2023\\\/08\\\/Depositphotos_419018132_S.jpg\",\"contentUrl\":\"https:\\\/\\\/news.save.ch\\\/wp-content\\\/uploads\\\/2023\\\/08\\\/Depositphotos_419018132_S.jpg\",\"width\":1000,\"height\":664,\"caption\":\"Depositphotos, safonmoskow\"},{\"@type\":\"BreadcrumbList\",\"@id\":\"https:\\\/\\\/news.save.ch\\\/brandlast-ist-nicht-gleich-brandlast\\\/#breadcrumb\",\"itemListElement\":[{\"@type\":\"ListItem\",\"position\":1,\"name\":\"Home\",\"item\":\"https:\\\/\\\/news.save.ch\\\/de\\\/\"},{\"@type\":\"ListItem\",\"position\":2,\"name\":\"Brandlast ist nicht gleich Brandlast\"}]},{\"@type\":\"WebSite\",\"@id\":\"https:\\\/\\\/news.save.ch\\\/de\\\/#website\",\"url\":\"https:\\\/\\\/news.save.ch\\\/de\\\/\",\"name\":\"Save\",\"description\":\"Schweizer Fachzeitschrift f\u00fcr Sicherheit\",\"publisher\":{\"@id\":\"https:\\\/\\\/news.save.ch\\\/de\\\/#organization\"},\"potentialAction\":[{\"@type\":\"SearchAction\",\"target\":{\"@type\":\"EntryPoint\",\"urlTemplate\":\"https:\\\/\\\/news.save.ch\\\/de\\\/?s={search_term_string}\"},\"query-input\":{\"@type\":\"PropertyValueSpecification\",\"valueRequired\":true,\"valueName\":\"search_term_string\"}}],\"inLanguage\":\"fr-FR\"},{\"@type\":\"Organization\",\"@id\":\"https:\\\/\\\/news.save.ch\\\/de\\\/#organization\",\"name\":\"Sicherheitsforum\",\"url\":\"https:\\\/\\\/news.save.ch\\\/de\\\/\",\"logo\":{\"@type\":\"ImageObject\",\"inLanguage\":\"fr-FR\",\"@id\":\"https:\\\/\\\/news.save.ch\\\/de\\\/#\\\/schema\\\/logo\\\/image\\\/\",\"url\":\"https:\\\/\\\/news.save.ch\\\/wp-content\\\/uploads\\\/2022\\\/06\\\/Logo_SF_2012.png\",\"contentUrl\":\"https:\\\/\\\/news.save.ch\\\/wp-content\\\/uploads\\\/2022\\\/06\\\/Logo_SF_2012.png\",\"width\":1100,\"height\":91,\"caption\":\"Sicherheitsforum\"},\"image\":{\"@id\":\"https:\\\/\\\/news.save.ch\\\/de\\\/#\\\/schema\\\/logo\\\/image\\\/\"}},{\"@type\":\"Person\",\"@id\":\"https:\\\/\\\/news.save.ch\\\/de\\\/#\\\/schema\\\/person\\\/d5022db048e0e2b9785c50e5b24da5aa\",\"name\":\"Roger Str\u00e4ssle\",\"image\":{\"@type\":\"ImageObject\",\"inLanguage\":\"fr-FR\",\"@id\":\"https:\\\/\\\/secure.gravatar.com\\\/avatar\\\/862a5569d087de48e5856e32f45d719a03804c891d6deb8d4f71a660e79e4a47?s=96&d=mm&r=g\",\"url\":\"https:\\\/\\\/secure.gravatar.com\\\/avatar\\\/862a5569d087de48e5856e32f45d719a03804c891d6deb8d4f71a660e79e4a47?s=96&d=mm&r=g\",\"contentUrl\":\"https:\\\/\\\/secure.gravatar.com\\\/avatar\\\/862a5569d087de48e5856e32f45d719a03804c891d6deb8d4f71a660e79e4a47?s=96&d=mm&r=g\",\"caption\":\"Roger Str\u00e4ssle\"},\"url\":\"https:\\\/\\\/news.save.ch\\\/fr\\\/author\\\/roger-straessle\\\/\"}]}<\/script>\n<!-- \/ Yoast SEO plugin. -->","yoast_head_json":{"title":"Toutes les charges d'incendie ne se valent pas - Save","description":"Pas de feu sans charge combustible. Cela peut para\u00eetre simple, mais ce n'est pas le cas. En effet, toutes les charges d'incendie ne se valent pas.","robots":{"index":"index","follow":"follow","max-snippet":"max-snippet:-1","max-image-preview":"max-image-preview:large","max-video-preview":"max-video-preview:-1"},"canonical":"https:\/\/news.save.ch\/fr\/brandlast-ist-nicht-gleich-brandlast\/","og_locale":"fr_FR","og_type":"article","og_title":"Brandlast ist nicht gleich Brandlast - Save","og_description":"Kein Feuer ohne Brandlast. Das h\u00f6rt sich einfach an, ist es aber durchaus nicht. Denn Brandlast ist nicht gleich Brandlast.","og_url":"https:\/\/news.save.ch\/fr\/brandlast-ist-nicht-gleich-brandlast\/","og_site_name":"Save","article_published_time":"2023-08-04T10:15:22+00:00","og_image":[{"width":1000,"height":664,"url":"https:\/\/news.save.ch\/wp-content\/uploads\/2023\/08\/Depositphotos_419018132_S.jpg","type":"image\/jpeg"}],"author":"Roger Str\u00e4ssle","twitter_card":"summary_large_image","twitter_misc":{"\u00c9crit par":"Roger Str\u00e4ssle","Dur\u00e9e de lecture estim\u00e9e":"4 minutes"},"schema":{"@context":"https:\/\/schema.org","@graph":[{"@type":"Article","@id":"https:\/\/news.save.ch\/brandlast-ist-nicht-gleich-brandlast\/#article","isPartOf":{"@id":"https:\/\/news.save.ch\/brandlast-ist-nicht-gleich-brandlast\/"},"author":{"name":"Roger Str\u00e4ssle","@id":"https:\/\/news.save.ch\/de\/#\/schema\/person\/d5022db048e0e2b9785c50e5b24da5aa"},"headline":"Brandlast ist nicht gleich Brandlast","datePublished":"2023-08-04T10:15:22+00:00","mainEntityOfPage":{"@id":"https:\/\/news.save.ch\/brandlast-ist-nicht-gleich-brandlast\/"},"wordCount":723,"publisher":{"@id":"https:\/\/news.save.ch\/de\/#organization"},"image":{"@id":"https:\/\/news.save.ch\/brandlast-ist-nicht-gleich-brandlast\/#primaryimage"},"thumbnailUrl":"https:\/\/news.save.ch\/wp-content\/uploads\/2023\/08\/Depositphotos_419018132_S.jpg","keywords":["Brand"],"articleSection":["BRANDSCHUTZ"],"inLanguage":"fr-FR"},{"@type":"WebPage","@id":"https:\/\/news.save.ch\/brandlast-ist-nicht-gleich-brandlast\/","url":"https:\/\/news.save.ch\/brandlast-ist-nicht-gleich-brandlast\/","name":"Toutes les charges d'incendie ne se valent pas - Save","isPartOf":{"@id":"https:\/\/news.save.ch\/de\/#website"},"primaryImageOfPage":{"@id":"https:\/\/news.save.ch\/brandlast-ist-nicht-gleich-brandlast\/#primaryimage"},"image":{"@id":"https:\/\/news.save.ch\/brandlast-ist-nicht-gleich-brandlast\/#primaryimage"},"thumbnailUrl":"https:\/\/news.save.ch\/wp-content\/uploads\/2023\/08\/Depositphotos_419018132_S.jpg","datePublished":"2023-08-04T10:15:22+00:00","description":"Pas de feu sans charge combustible. Cela peut para\u00eetre simple, mais ce n'est pas le cas. En effet, toutes les charges d'incendie ne se valent pas.","breadcrumb":{"@id":"https:\/\/news.save.ch\/brandlast-ist-nicht-gleich-brandlast\/#breadcrumb"},"inLanguage":"fr-FR","potentialAction":[{"@type":"ReadAction","target":["https:\/\/news.save.ch\/brandlast-ist-nicht-gleich-brandlast\/"]}]},{"@type":"ImageObject","inLanguage":"fr-FR","@id":"https:\/\/news.save.ch\/brandlast-ist-nicht-gleich-brandlast\/#primaryimage","url":"https:\/\/news.save.ch\/wp-content\/uploads\/2023\/08\/Depositphotos_419018132_S.jpg","contentUrl":"https:\/\/news.save.ch\/wp-content\/uploads\/2023\/08\/Depositphotos_419018132_S.jpg","width":1000,"height":664,"caption":"Depositphotos, safonmoskow"},{"@type":"BreadcrumbList","@id":"https:\/\/news.save.ch\/brandlast-ist-nicht-gleich-brandlast\/#breadcrumb","itemListElement":[{"@type":"ListItem","position":1,"name":"Home","item":"https:\/\/news.save.ch\/de\/"},{"@type":"ListItem","position":2,"name":"Brandlast ist nicht gleich Brandlast"}]},{"@type":"WebSite","@id":"https:\/\/news.save.ch\/de\/#website","url":"https:\/\/news.save.ch\/de\/","name":"Save","description":"Revue suisse sp\u00e9cialis\u00e9e dans la s\u00e9curit\u00e9","publisher":{"@id":"https:\/\/news.save.ch\/de\/#organization"},"potentialAction":[{"@type":"SearchAction","target":{"@type":"EntryPoint","urlTemplate":"https:\/\/news.save.ch\/de\/?s={search_term_string}"},"query-input":{"@type":"PropertyValueSpecification","valueRequired":true,"valueName":"search_term_string"}}],"inLanguage":"fr-FR"},{"@type":"Organization","@id":"https:\/\/news.save.ch\/de\/#organization","name":"Forum sur la s\u00e9curit\u00e9","url":"https:\/\/news.save.ch\/de\/","logo":{"@type":"ImageObject","inLanguage":"fr-FR","@id":"https:\/\/news.save.ch\/de\/#\/schema\/logo\/image\/","url":"https:\/\/news.save.ch\/wp-content\/uploads\/2022\/06\/Logo_SF_2012.png","contentUrl":"https:\/\/news.save.ch\/wp-content\/uploads\/2022\/06\/Logo_SF_2012.png","width":1100,"height":91,"caption":"Sicherheitsforum"},"image":{"@id":"https:\/\/news.save.ch\/de\/#\/schema\/logo\/image\/"}},{"@type":"Person","@id":"https:\/\/news.save.ch\/de\/#\/schema\/person\/d5022db048e0e2b9785c50e5b24da5aa","name":"Roger Str\u00e4ssle","image":{"@type":"ImageObject","inLanguage":"fr-FR","@id":"https:\/\/secure.gravatar.com\/avatar\/862a5569d087de48e5856e32f45d719a03804c891d6deb8d4f71a660e79e4a47?s=96&d=mm&r=g","url":"https:\/\/secure.gravatar.com\/avatar\/862a5569d087de48e5856e32f45d719a03804c891d6deb8d4f71a660e79e4a47?s=96&d=mm&r=g","contentUrl":"https:\/\/secure.gravatar.com\/avatar\/862a5569d087de48e5856e32f45d719a03804c891d6deb8d4f71a660e79e4a47?s=96&d=mm&r=g","caption":"Roger Str\u00e4ssle"},"url":"https:\/\/news.save.ch\/fr\/author\/roger-straessle\/"}]}},"_links":{"self":[{"href":"https:\/\/news.save.ch\/fr\/wp-json\/wp\/v2\/posts\/21478","targetHints":{"allow":["GET"]}}],"collection":[{"href":"https:\/\/news.save.ch\/fr\/wp-json\/wp\/v2\/posts"}],"about":[{"href":"https:\/\/news.save.ch\/fr\/wp-json\/wp\/v2\/types\/post"}],"author":[{"embeddable":true,"href":"https:\/\/news.save.ch\/fr\/wp-json\/wp\/v2\/users\/8"}],"replies":[{"embeddable":true,"href":"https:\/\/news.save.ch\/fr\/wp-json\/wp\/v2\/comments?post=21478"}],"version-history":[{"count":1,"href":"https:\/\/news.save.ch\/fr\/wp-json\/wp\/v2\/posts\/21478\/revisions"}],"predecessor-version":[{"id":21480,"href":"https:\/\/news.save.ch\/fr\/wp-json\/wp\/v2\/posts\/21478\/revisions\/21480"}],"wp:featuredmedia":[{"embeddable":true,"href":"https:\/\/news.save.ch\/fr\/wp-json\/wp\/v2\/media\/21479"}],"wp:attachment":[{"href":"https:\/\/news.save.ch\/fr\/wp-json\/wp\/v2\/media?parent=21478"}],"wp:term":[{"taxonomy":"category","embeddable":true,"href":"https:\/\/news.save.ch\/fr\/wp-json\/wp\/v2\/categories?post=21478"},{"taxonomy":"post_tag","embeddable":true,"href":"https:\/\/news.save.ch\/fr\/wp-json\/wp\/v2\/tags?post=21478"}],"curies":[{"name":"wp","href":"https:\/\/api.w.org\/{rel}","templated":true}]}}