{"id":2163,"date":"2016-01-21T16:33:49","date_gmt":"2016-01-21T15:33:49","guid":{"rendered":"https:\/\/dev.sicherheitsforum.ch\/?p=2163"},"modified":"2016-01-21T16:33:49","modified_gmt":"2016-01-21T15:33:49","slug":"staatsanwaelte-gegen-teure-durchsetzungsinitiative","status":null,"type":"post","link":"https:\/\/news.save.ch\/fr\/staatsanwaelte-gegen-teure-durchsetzungsinitiative\/","title":{"rendered":"Les procureurs s'opposent \u00e0 la co\u00fbteuse initiative de mise en \u0153uvre"},"content":{"rendered":"<p><img loading=\"lazy\" decoding=\"async\" class=\"alignnone wp-image-2165 size-full\" src=\"https:\/\/news.save.ch\/wp-content\/uploads\/2016\/12\/Staatsanwaelte-gegen-teure-Durchsetzungsinitiative-sicherheitsforum.jpg\" width=\"356\" height=\"390\" srcset=\"https:\/\/news.save.ch\/wp-content\/uploads\/2016\/12\/Staatsanwaelte-gegen-teure-Durchsetzungsinitiative-sicherheitsforum.jpg 356w, https:\/\/news.save.ch\/wp-content\/uploads\/2016\/12\/Staatsanwaelte-gegen-teure-Durchsetzungsinitiative-sicherheitsforum-274x300.jpg 274w\" sizes=\"auto, (max-width: 356px) 100vw, 356px\" \/><\/p>\n<p>La Conf\u00e9rence suisse des procureurs (<a title=\"Conf\u00e9rence des procureurs\" href=\"https:\/\/www.ssk-cps.ch\" target=\"_blank\" data-cke-saved-href=\"https:\/\/www.ssk-cps.ch\" rel=\"noopener\">SSK\/CPS<\/a>) est favorable \u00e0 une application cons\u00e9quente de la r\u00e9glementation actuelle en mati\u00e8re d'expulsion et aux durcissements d\u00e9coulant de l'initiative sur le renvoi. La SSK\/CPS refuse toutefois que les \u00e9trangers int\u00e9gr\u00e9s et enracin\u00e9s en Suisse soient trait\u00e9s de la m\u00eame mani\u00e8re que, par exemple, les touristes criminels venus uniquement avec des intentions criminelles, comme l'\u00e9crit la SSK\/CPS dans son communiqu\u00e9 de presse d'aujourd'hui.<\/p>\n<p>Les partisans de l'initiative dite de mise en \u0153uvre mettraient en avant comme avantage le fait qu'une expulsion pourrait \u00eatre ordonn\u00e9e non seulement par les tribunaux, mais aussi par le minist\u00e8re public dans le cadre d'une proc\u00e9dure d'ordonnance p\u00e9nale beaucoup moins lourde. Or, selon la SSK\/CPS, cela devrait se r\u00e9v\u00e9ler \u00eatre un boomerang.<\/p>\n<p><em>D'un c\u00f4t\u00e9 <\/em>il faut partir du principe qu'il n'y aura plus d'aveux dans ces cas, car l'expulsion constitue une atteinte grave aux droits individuels. Ainsi, le r\u00e8glement de la proc\u00e9dure par ordonnance p\u00e9nale n'a plus lieu d'\u00eatre et un tribunal ordinaire doit juger l'affaire. .<\/p>\n<p><em>De l'autre c\u00f4t\u00e9 <\/em>il peut certes y avoir des aveux, mais en raison de l'expulsion automatique, l'ordonnance p\u00e9nale est contest\u00e9e. Comme les condamn\u00e9s n'ont plus rien \u00e0 perdre, l'exp\u00e9rience montre qu'ils \u00e9puisent toutes les voies de recours. Selon la SSK\/CPS, il faut donc s'attendre \u00e0 des recours jusqu'au Tribunal f\u00e9d\u00e9ral ou \u00e0 la Cour europ\u00e9enne des droits de l'homme.<\/p>\n<p><strong>Des millions \u00e0 deux chiffres<\/strong><\/p>\n<p>La Conf\u00e9rence des procureurs part du principe que dans la grande majorit\u00e9 des cas o\u00f9 l'expulsion est imminente, il faut mettre en place une d\u00e9fense. En raison de la gravit\u00e9 de l'atteinte aux droits individuels, celle-ci est g\u00e9n\u00e9ralement pay\u00e9e par l'\u00c9tat. Si l'on part du principe qu'il y a chaque ann\u00e9e plusieurs milliers de proc\u00e9dures en Suisse dans lesquelles un d\u00e9fenseur doit \u00eatre d\u00e9sign\u00e9, les co\u00fbts suppl\u00e9mentaires pour l'Etat s'\u00e9l\u00e8vent \u00e0 plusieurs dizaines de millions de francs. En outre, il faut s'attendre \u00e0 des frais de justice et d'interpr\u00e9tation suppl\u00e9mentaires.<\/p>\n<p>En cas d'acceptation, les dispositions de l'initiative de mise en \u0153uvre entreraient en vigueur le 28 f\u00e9vrier 2016, fait savoir la SSK\/CPS. En cas d'acceptation de l'initiative de soutien aux procureurs, une recommandation a \u00e9t\u00e9 \u00e9labor\u00e9e afin de permettre une mise en \u0153uvre uniforme.<\/p>","protected":false},"excerpt":{"rendered":"<p>Die Schweizerische Staatsanw\u00e4lte-Konferenz (SSK\/CPS) bef\u00fcrwortet eine konsequente Anwendung der heutigen Regelung der Landesverweisung und die Versch\u00e4rfungen, die sich aufgrund der Ausschaffungsinitiative ergeben. Die SSK\/CPS lehnt\u00a0es jedoch ab, dass in der Schweiz integrierte und verwurzelte Ausl\u00e4nder gleich behandelt werden wie beispielsweise einzig mit kriminellen Absichten einreisende Kriminaltouristen, wie die SSK\/CPS in ihrer\u00a0heutigen Medienmitteilung schreibt. Die Bef\u00fcrworter [&hellip;]<\/p>\n","protected":false},"author":1,"featured_media":2165,"comment_status":"open","ping_status":"open","sticky":false,"template":"","format":"standard","meta":{"_acf_changed":false,"pgc_sgb_lightbox_settings":"","footnotes":""},"categories":[1],"tags":[69,113],"class_list":["post-2163","post","type-post","status-publish","format-standard","has-post-thumbnail","hentry","category-allgemein","tag-justiz-polizei","tag-kriminalitaet"],"acf":[],"hkrextid":null,"publication":null,"issue":null,"workflow":null,"startPage":null,"spitzmarke":null,"_posts_by_tag_page_fields":{"widget_title":"","widget_tags":""},"_at_widget":"1","_yoast_wpseo_primary_category":"1","_yoast_wpseo_focuskw_text_input":"Staatsanw\u00e4lte gegen teure Durchsetzungsinitiative","_yoast_wpseo_opengraph-image":"https:\/\/news.save.ch\/wp-content\/uploads\/2016\/12\/Staatsanw\u00e4lte-gegen-teure-Durchsetzungsinitiative-sicherheitsforum.jpg","_yoast_wpseo_opengraph-description":"Der Vorstand der Schweizerischen Staatsanw\u00e4lte-Konferenz lehnt die \"Durchsetzungsinitiative\" ab. Man begr\u00fcsse und unterst\u00fctze zwar die M\u00f6glichkeit, kriminelle Ausl\u00e4nder des Landes zu verweisen. Aber die Initiative stehe im Widerspruch zu grunds\u00e4tzlichen Prinzipien des Rechtsstaates, heisst es in einer Mitteilung der SSK\/CPS. Die Initiative f\u00fchre zu stossenden Ergebnissen und bedeute ein Mehraufwand in Millionenh\u00f6he.","_yoast_wpseo_opengraph-title":"Staatsanw\u00e4lte gegen teure Durchsetzungsinitiative","enclosure":null,"_yoast_wpseo_twitter-title":null,"_yoast_wpseo_twitter-description":null,"_yoast_wpseo_twitter-image":null,"_wp_old_slug":null,"_yoast_wpseo_title":null,"_yoast_wpseo_canonical":null,"yoast_head":"<!-- This site is optimized with the Yoast SEO plugin v27.5 - https:\/\/yoast.com\/product\/yoast-seo-wordpress\/ -->\n<title>Staatsanw\u00e4lte gegen teure Durchsetzungsinitiative - Save<\/title>\n<meta name=\"description\" content=\"Staatsanw\u00e4lte gegen teure Durchsetzungsinitiative: Die Initiative f\u00fchre zu stossenden Ergebnissen und bedeute ein Mehraufwand in Millionenh\u00f6he.\" \/>\n<meta name=\"robots\" content=\"index, follow, max-snippet:-1, max-image-preview:large, max-video-preview:-1\" \/>\n<link rel=\"canonical\" href=\"https:\/\/news.save.ch\/fr\/staatsanwaelte-gegen-teure-durchsetzungsinitiative\/\" \/>\n<meta property=\"og:locale\" content=\"fr_FR\" \/>\n<meta property=\"og:type\" content=\"article\" \/>\n<meta property=\"og:title\" content=\"Staatsanw\u00e4lte gegen teure Durchsetzungsinitiative\" \/>\n<meta property=\"og:description\" content=\"Der Vorstand der Schweizerischen Staatsanw\u00e4lte-Konferenz lehnt die &quot;Durchsetzungsinitiative&quot; ab. Man begr\u00fcsse und unterst\u00fctze zwar die M\u00f6glichkeit, kriminelle Ausl\u00e4nder des Landes zu verweisen. Aber die Initiative stehe im Widerspruch zu grunds\u00e4tzlichen Prinzipien des Rechtsstaates, heisst es in einer Mitteilung der SSK\/CPS. Die Initiative f\u00fchre zu stossenden Ergebnissen und bedeute ein Mehraufwand in Millionenh\u00f6he.\" \/>\n<meta property=\"og:url\" content=\"https:\/\/news.save.ch\/fr\/staatsanwaelte-gegen-teure-durchsetzungsinitiative\/\" \/>\n<meta property=\"og:site_name\" content=\"Save\" \/>\n<meta property=\"article:published_time\" content=\"2016-01-21T15:33:49+00:00\" \/>\n<meta property=\"og:image\" content=\"https:\/\/news.save.ch\/wp-content\/uploads\/2016\/12\/Staatsanw\u00e4lte-gegen-teure-Durchsetzungsinitiative-sicherheitsforum.jpg\" \/>\n<meta name=\"author\" content=\"admin\" \/>\n<meta name=\"twitter:card\" content=\"summary_large_image\" \/>\n<meta name=\"twitter:label1\" content=\"\u00c9crit par\" \/>\n\t<meta name=\"twitter:data1\" content=\"admin\" \/>\n\t<meta name=\"twitter:label2\" content=\"Dur\u00e9e de lecture estim\u00e9e\" \/>\n\t<meta name=\"twitter:data2\" content=\"2 minutes\" \/>\n<script type=\"application\/ld+json\" class=\"yoast-schema-graph\">{\"@context\":\"https:\\\/\\\/schema.org\",\"@graph\":[{\"@type\":\"Article\",\"@id\":\"https:\\\/\\\/news.save.ch\\\/staatsanwaelte-gegen-teure-durchsetzungsinitiative\\\/#article\",\"isPartOf\":{\"@id\":\"https:\\\/\\\/news.save.ch\\\/staatsanwaelte-gegen-teure-durchsetzungsinitiative\\\/\"},\"author\":{\"name\":\"admin\",\"@id\":\"https:\\\/\\\/news.save.ch\\\/de\\\/#\\\/schema\\\/person\\\/d49e199490bad7c70d64b9ab51142f2b\"},\"headline\":\"Staatsanw\u00e4lte gegen teure Durchsetzungsinitiative\",\"datePublished\":\"2016-01-21T15:33:49+00:00\",\"mainEntityOfPage\":{\"@id\":\"https:\\\/\\\/news.save.ch\\\/staatsanwaelte-gegen-teure-durchsetzungsinitiative\\\/\"},\"wordCount\":346,\"commentCount\":0,\"publisher\":{\"@id\":\"https:\\\/\\\/news.save.ch\\\/de\\\/#organization\"},\"image\":{\"@id\":\"https:\\\/\\\/news.save.ch\\\/staatsanwaelte-gegen-teure-durchsetzungsinitiative\\\/#primaryimage\"},\"thumbnailUrl\":\"https:\\\/\\\/news.save.ch\\\/wp-content\\\/uploads\\\/2016\\\/12\\\/Staatsanwaelte-gegen-teure-Durchsetzungsinitiative-sicherheitsforum.jpg\",\"keywords\":[\"Justiz &amp; Polizei\",\"Kriminalit\u00e4t\"],\"articleSection\":[\"ALLGEMEIN\"],\"inLanguage\":\"fr-FR\"},{\"@type\":\"WebPage\",\"@id\":\"https:\\\/\\\/news.save.ch\\\/staatsanwaelte-gegen-teure-durchsetzungsinitiative\\\/\",\"url\":\"https:\\\/\\\/news.save.ch\\\/staatsanwaelte-gegen-teure-durchsetzungsinitiative\\\/\",\"name\":\"Staatsanw\u00e4lte gegen teure Durchsetzungsinitiative - Save\",\"isPartOf\":{\"@id\":\"https:\\\/\\\/news.save.ch\\\/de\\\/#website\"},\"primaryImageOfPage\":{\"@id\":\"https:\\\/\\\/news.save.ch\\\/staatsanwaelte-gegen-teure-durchsetzungsinitiative\\\/#primaryimage\"},\"image\":{\"@id\":\"https:\\\/\\\/news.save.ch\\\/staatsanwaelte-gegen-teure-durchsetzungsinitiative\\\/#primaryimage\"},\"thumbnailUrl\":\"https:\\\/\\\/news.save.ch\\\/wp-content\\\/uploads\\\/2016\\\/12\\\/Staatsanwaelte-gegen-teure-Durchsetzungsinitiative-sicherheitsforum.jpg\",\"datePublished\":\"2016-01-21T15:33:49+00:00\",\"description\":\"Staatsanw\u00e4lte gegen teure Durchsetzungsinitiative: Die Initiative f\u00fchre zu stossenden Ergebnissen und bedeute ein Mehraufwand in Millionenh\u00f6he.\",\"breadcrumb\":{\"@id\":\"https:\\\/\\\/news.save.ch\\\/staatsanwaelte-gegen-teure-durchsetzungsinitiative\\\/#breadcrumb\"},\"inLanguage\":\"fr-FR\",\"potentialAction\":[{\"@type\":\"ReadAction\",\"target\":[\"https:\\\/\\\/news.save.ch\\\/staatsanwaelte-gegen-teure-durchsetzungsinitiative\\\/\"]}]},{\"@type\":\"ImageObject\",\"inLanguage\":\"fr-FR\",\"@id\":\"https:\\\/\\\/news.save.ch\\\/staatsanwaelte-gegen-teure-durchsetzungsinitiative\\\/#primaryimage\",\"url\":\"https:\\\/\\\/news.save.ch\\\/wp-content\\\/uploads\\\/2016\\\/12\\\/Staatsanwaelte-gegen-teure-Durchsetzungsinitiative-sicherheitsforum.jpg\",\"contentUrl\":\"https:\\\/\\\/news.save.ch\\\/wp-content\\\/uploads\\\/2016\\\/12\\\/Staatsanwaelte-gegen-teure-Durchsetzungsinitiative-sicherheitsforum.jpg\",\"width\":356,\"height\":390},{\"@type\":\"BreadcrumbList\",\"@id\":\"https:\\\/\\\/news.save.ch\\\/staatsanwaelte-gegen-teure-durchsetzungsinitiative\\\/#breadcrumb\",\"itemListElement\":[{\"@type\":\"ListItem\",\"position\":1,\"name\":\"Home\",\"item\":\"https:\\\/\\\/news.save.ch\\\/de\\\/\"},{\"@type\":\"ListItem\",\"position\":2,\"name\":\"Staatsanw\u00e4lte gegen teure Durchsetzungsinitiative\"}]},{\"@type\":\"WebSite\",\"@id\":\"https:\\\/\\\/news.save.ch\\\/de\\\/#website\",\"url\":\"https:\\\/\\\/news.save.ch\\\/de\\\/\",\"name\":\"Save\",\"description\":\"Schweizer Fachzeitschrift f\u00fcr Sicherheit\",\"publisher\":{\"@id\":\"https:\\\/\\\/news.save.ch\\\/de\\\/#organization\"},\"potentialAction\":[{\"@type\":\"SearchAction\",\"target\":{\"@type\":\"EntryPoint\",\"urlTemplate\":\"https:\\\/\\\/news.save.ch\\\/de\\\/?s={search_term_string}\"},\"query-input\":{\"@type\":\"PropertyValueSpecification\",\"valueRequired\":true,\"valueName\":\"search_term_string\"}}],\"inLanguage\":\"fr-FR\"},{\"@type\":\"Organization\",\"@id\":\"https:\\\/\\\/news.save.ch\\\/de\\\/#organization\",\"name\":\"Sicherheitsforum\",\"url\":\"https:\\\/\\\/news.save.ch\\\/de\\\/\",\"logo\":{\"@type\":\"ImageObject\",\"inLanguage\":\"fr-FR\",\"@id\":\"https:\\\/\\\/news.save.ch\\\/de\\\/#\\\/schema\\\/logo\\\/image\\\/\",\"url\":\"https:\\\/\\\/news.save.ch\\\/wp-content\\\/uploads\\\/2022\\\/06\\\/Logo_SF_2012.png\",\"contentUrl\":\"https:\\\/\\\/news.save.ch\\\/wp-content\\\/uploads\\\/2022\\\/06\\\/Logo_SF_2012.png\",\"width\":1100,\"height\":91,\"caption\":\"Sicherheitsforum\"},\"image\":{\"@id\":\"https:\\\/\\\/news.save.ch\\\/de\\\/#\\\/schema\\\/logo\\\/image\\\/\"}},{\"@type\":\"Person\",\"@id\":\"https:\\\/\\\/news.save.ch\\\/de\\\/#\\\/schema\\\/person\\\/d49e199490bad7c70d64b9ab51142f2b\",\"name\":\"admin\",\"image\":{\"@type\":\"ImageObject\",\"inLanguage\":\"fr-FR\",\"@id\":\"https:\\\/\\\/secure.gravatar.com\\\/avatar\\\/ae2f4d718e6c49043e314ce431e7e645d646302a24a5ef5a8bc8e3f5a032e319?s=96&d=mm&r=g\",\"url\":\"https:\\\/\\\/secure.gravatar.com\\\/avatar\\\/ae2f4d718e6c49043e314ce431e7e645d646302a24a5ef5a8bc8e3f5a032e319?s=96&d=mm&r=g\",\"contentUrl\":\"https:\\\/\\\/secure.gravatar.com\\\/avatar\\\/ae2f4d718e6c49043e314ce431e7e645d646302a24a5ef5a8bc8e3f5a032e319?s=96&d=mm&r=g\",\"caption\":\"admin\"},\"sameAs\":[\"https:\\\/\\\/develop.organisator.galledia.ch\"],\"url\":\"https:\\\/\\\/news.save.ch\\\/fr\\\/author\\\/admin\\\/\"}]}<\/script>\n<!-- \/ Yoast SEO plugin. -->","yoast_head_json":{"title":"Les procureurs s'opposent \u00e0 la co\u00fbteuse initiative de mise en \u0153uvre - Save","description":"Les procureurs s'opposent \u00e0 la co\u00fbteuse initiative de mise en \u0153uvre : l'initiative conduirait \u00e0 des r\u00e9sultats choquants et impliquerait un surcro\u00eet de d\u00e9penses de plusieurs millions.","robots":{"index":"index","follow":"follow","max-snippet":"max-snippet:-1","max-image-preview":"max-image-preview:large","max-video-preview":"max-video-preview:-1"},"canonical":"https:\/\/news.save.ch\/fr\/staatsanwaelte-gegen-teure-durchsetzungsinitiative\/","og_locale":"fr_FR","og_type":"article","og_title":"Staatsanw\u00e4lte gegen teure Durchsetzungsinitiative","og_description":"Der Vorstand der Schweizerischen Staatsanw\u00e4lte-Konferenz lehnt die \"Durchsetzungsinitiative\" ab. Man begr\u00fcsse und unterst\u00fctze zwar die M\u00f6glichkeit, kriminelle Ausl\u00e4nder des Landes zu verweisen. Aber die Initiative stehe im Widerspruch zu grunds\u00e4tzlichen Prinzipien des Rechtsstaates, heisst es in einer Mitteilung der SSK\/CPS. Die Initiative f\u00fchre zu stossenden Ergebnissen und bedeute ein Mehraufwand in Millionenh\u00f6he.","og_url":"https:\/\/news.save.ch\/fr\/staatsanwaelte-gegen-teure-durchsetzungsinitiative\/","og_site_name":"Save","article_published_time":"2016-01-21T15:33:49+00:00","og_image":[{"url":"https:\/\/news.save.ch\/wp-content\/uploads\/2016\/12\/Staatsanw\u00e4lte-gegen-teure-Durchsetzungsinitiative-sicherheitsforum.jpg","type":"","width":"","height":""}],"author":"admin","twitter_card":"summary_large_image","twitter_misc":{"\u00c9crit par":"admin","Dur\u00e9e de lecture estim\u00e9e":"2 minutes"},"schema":{"@context":"https:\/\/schema.org","@graph":[{"@type":"Article","@id":"https:\/\/news.save.ch\/staatsanwaelte-gegen-teure-durchsetzungsinitiative\/#article","isPartOf":{"@id":"https:\/\/news.save.ch\/staatsanwaelte-gegen-teure-durchsetzungsinitiative\/"},"author":{"name":"admin","@id":"https:\/\/news.save.ch\/de\/#\/schema\/person\/d49e199490bad7c70d64b9ab51142f2b"},"headline":"Staatsanw\u00e4lte gegen teure Durchsetzungsinitiative","datePublished":"2016-01-21T15:33:49+00:00","mainEntityOfPage":{"@id":"https:\/\/news.save.ch\/staatsanwaelte-gegen-teure-durchsetzungsinitiative\/"},"wordCount":346,"commentCount":0,"publisher":{"@id":"https:\/\/news.save.ch\/de\/#organization"},"image":{"@id":"https:\/\/news.save.ch\/staatsanwaelte-gegen-teure-durchsetzungsinitiative\/#primaryimage"},"thumbnailUrl":"https:\/\/news.save.ch\/wp-content\/uploads\/2016\/12\/Staatsanwaelte-gegen-teure-Durchsetzungsinitiative-sicherheitsforum.jpg","keywords":["Justiz &amp; Polizei","Kriminalit\u00e4t"],"articleSection":["ALLGEMEIN"],"inLanguage":"fr-FR"},{"@type":"WebPage","@id":"https:\/\/news.save.ch\/staatsanwaelte-gegen-teure-durchsetzungsinitiative\/","url":"https:\/\/news.save.ch\/staatsanwaelte-gegen-teure-durchsetzungsinitiative\/","name":"Les procureurs s'opposent \u00e0 la co\u00fbteuse initiative de mise en \u0153uvre - Save","isPartOf":{"@id":"https:\/\/news.save.ch\/de\/#website"},"primaryImageOfPage":{"@id":"https:\/\/news.save.ch\/staatsanwaelte-gegen-teure-durchsetzungsinitiative\/#primaryimage"},"image":{"@id":"https:\/\/news.save.ch\/staatsanwaelte-gegen-teure-durchsetzungsinitiative\/#primaryimage"},"thumbnailUrl":"https:\/\/news.save.ch\/wp-content\/uploads\/2016\/12\/Staatsanwaelte-gegen-teure-Durchsetzungsinitiative-sicherheitsforum.jpg","datePublished":"2016-01-21T15:33:49+00:00","description":"Les procureurs s'opposent \u00e0 la co\u00fbteuse initiative de mise en \u0153uvre : l'initiative conduirait \u00e0 des r\u00e9sultats choquants et impliquerait un surcro\u00eet de d\u00e9penses de plusieurs millions.","breadcrumb":{"@id":"https:\/\/news.save.ch\/staatsanwaelte-gegen-teure-durchsetzungsinitiative\/#breadcrumb"},"inLanguage":"fr-FR","potentialAction":[{"@type":"ReadAction","target":["https:\/\/news.save.ch\/staatsanwaelte-gegen-teure-durchsetzungsinitiative\/"]}]},{"@type":"ImageObject","inLanguage":"fr-FR","@id":"https:\/\/news.save.ch\/staatsanwaelte-gegen-teure-durchsetzungsinitiative\/#primaryimage","url":"https:\/\/news.save.ch\/wp-content\/uploads\/2016\/12\/Staatsanwaelte-gegen-teure-Durchsetzungsinitiative-sicherheitsforum.jpg","contentUrl":"https:\/\/news.save.ch\/wp-content\/uploads\/2016\/12\/Staatsanwaelte-gegen-teure-Durchsetzungsinitiative-sicherheitsforum.jpg","width":356,"height":390},{"@type":"BreadcrumbList","@id":"https:\/\/news.save.ch\/staatsanwaelte-gegen-teure-durchsetzungsinitiative\/#breadcrumb","itemListElement":[{"@type":"ListItem","position":1,"name":"Home","item":"https:\/\/news.save.ch\/de\/"},{"@type":"ListItem","position":2,"name":"Staatsanw\u00e4lte gegen teure Durchsetzungsinitiative"}]},{"@type":"WebSite","@id":"https:\/\/news.save.ch\/de\/#website","url":"https:\/\/news.save.ch\/de\/","name":"Save","description":"Revue suisse sp\u00e9cialis\u00e9e dans la s\u00e9curit\u00e9","publisher":{"@id":"https:\/\/news.save.ch\/de\/#organization"},"potentialAction":[{"@type":"SearchAction","target":{"@type":"EntryPoint","urlTemplate":"https:\/\/news.save.ch\/de\/?s={search_term_string}"},"query-input":{"@type":"PropertyValueSpecification","valueRequired":true,"valueName":"search_term_string"}}],"inLanguage":"fr-FR"},{"@type":"Organization","@id":"https:\/\/news.save.ch\/de\/#organization","name":"Forum sur la s\u00e9curit\u00e9","url":"https:\/\/news.save.ch\/de\/","logo":{"@type":"ImageObject","inLanguage":"fr-FR","@id":"https:\/\/news.save.ch\/de\/#\/schema\/logo\/image\/","url":"https:\/\/news.save.ch\/wp-content\/uploads\/2022\/06\/Logo_SF_2012.png","contentUrl":"https:\/\/news.save.ch\/wp-content\/uploads\/2022\/06\/Logo_SF_2012.png","width":1100,"height":91,"caption":"Sicherheitsforum"},"image":{"@id":"https:\/\/news.save.ch\/de\/#\/schema\/logo\/image\/"}},{"@type":"Person","@id":"https:\/\/news.save.ch\/de\/#\/schema\/person\/d49e199490bad7c70d64b9ab51142f2b","name":"admin","image":{"@type":"ImageObject","inLanguage":"fr-FR","@id":"https:\/\/secure.gravatar.com\/avatar\/ae2f4d718e6c49043e314ce431e7e645d646302a24a5ef5a8bc8e3f5a032e319?s=96&d=mm&r=g","url":"https:\/\/secure.gravatar.com\/avatar\/ae2f4d718e6c49043e314ce431e7e645d646302a24a5ef5a8bc8e3f5a032e319?s=96&d=mm&r=g","contentUrl":"https:\/\/secure.gravatar.com\/avatar\/ae2f4d718e6c49043e314ce431e7e645d646302a24a5ef5a8bc8e3f5a032e319?s=96&d=mm&r=g","caption":"admin"},"sameAs":["https:\/\/develop.organisator.galledia.ch"],"url":"https:\/\/news.save.ch\/fr\/author\/admin\/"}]}},"_links":{"self":[{"href":"https:\/\/news.save.ch\/fr\/wp-json\/wp\/v2\/posts\/2163","targetHints":{"allow":["GET"]}}],"collection":[{"href":"https:\/\/news.save.ch\/fr\/wp-json\/wp\/v2\/posts"}],"about":[{"href":"https:\/\/news.save.ch\/fr\/wp-json\/wp\/v2\/types\/post"}],"author":[{"embeddable":true,"href":"https:\/\/news.save.ch\/fr\/wp-json\/wp\/v2\/users\/1"}],"replies":[{"embeddable":true,"href":"https:\/\/news.save.ch\/fr\/wp-json\/wp\/v2\/comments?post=2163"}],"version-history":[{"count":0,"href":"https:\/\/news.save.ch\/fr\/wp-json\/wp\/v2\/posts\/2163\/revisions"}],"wp:featuredmedia":[{"embeddable":true,"href":"https:\/\/news.save.ch\/fr\/wp-json\/wp\/v2\/media\/2165"}],"wp:attachment":[{"href":"https:\/\/news.save.ch\/fr\/wp-json\/wp\/v2\/media?parent=2163"}],"wp:term":[{"taxonomy":"category","embeddable":true,"href":"https:\/\/news.save.ch\/fr\/wp-json\/wp\/v2\/categories?post=2163"},{"taxonomy":"post_tag","embeddable":true,"href":"https:\/\/news.save.ch\/fr\/wp-json\/wp\/v2\/tags?post=2163"}],"curies":[{"name":"wp","href":"https:\/\/api.w.org\/{rel}","templated":true}]}}