{"id":2168,"date":"2016-01-22T16:35:41","date_gmt":"2016-01-22T15:35:41","guid":{"rendered":"https:\/\/dev.sicherheitsforum.ch\/?p=2168"},"modified":"2016-01-22T16:35:41","modified_gmt":"2016-01-22T15:35:41","slug":"projektleiter-ausgezeichnet","status":null,"type":"post","link":"https:\/\/news.save.ch\/fr\/projektleiter-ausgezeichnet\/","title":{"rendered":"Chef de projet r\u00e9compens\u00e9"},"content":{"rendered":"<figure id=\"attachment_2169\" aria-describedby=\"caption-attachment-2169\" style=\"width: 680px\" class=\"wp-caption alignnone\"><img loading=\"lazy\" decoding=\"async\" class=\"wp-image-2169 size-medium\" src=\"https:\/\/news.save.ch\/wp-content\/uploads\/2016\/12\/Projektleiter-ausgezeichnet-sicherheitsforum.jpg\" width=\"680\" height=\"453\" \/><figcaption id=\"caption-attachment-2169\" class=\"wp-caption-text\">Les 17 dipl\u00f4m\u00e9s. Photo : R. Str\u00e4ssle<\/figcaption><\/figure>\n<p>Les exigences envers les sp\u00e9cialistes de la s\u00e9curit\u00e9 ne cessent d'augmenter, car les syst\u00e8mes de s\u00e9curit\u00e9 et d'alarme sont de plus en plus sophistiqu\u00e9s. Cela exige un certain savoir-faire de la part de ceux qui planifient de tels syst\u00e8mes, les mettent en service et sont finalement aussi responsables de leur entretien. La formation continue \"Chef\/fe de projet syst\u00e8mes de s\u00e9curit\u00e9\" - un dipl\u00f4me avec brevet f\u00e9d\u00e9ral - permet d'acqu\u00e9rir le bagage n\u00e9cessaire.<\/p>\n<p>Le cours est organis\u00e9 en collaboration avec l'Association suisse des constructeurs de syst\u00e8mes de s\u00e9curit\u00e9 (<a href=\"https:\/\/www.sicher-ses.ch\" target=\"_blank\" data-cke-saved-href=\"https:\/\/www.sicher-ses.ch\" rel=\"noopener\">SES<\/a>) \u00e0 l'\u00e9cole technique sp\u00e9cialis\u00e9e de Winterthur (<a href=\"https:\/\/www.stfw.ch\/de\/kursangebote\/uebersicht\/\" target=\"_blank\" data-cke-saved-href=\"https:\/\/www.stfw.ch\/de\/kursangebote\/uebersicht\/\" rel=\"noopener\">STFW<\/a>) est organis\u00e9e. La formation continue est propos\u00e9e pour les sp\u00e9cialit\u00e9s \"Fire\" et \"Security\". Elle s'adresse aux professionnels ayant une sp\u00e9cialisation dans le domaine de la s\u00e9curit\u00e9.<\/p>\n<p>Le 21 janvier 2016, le moment \u00e9tait \u00e0 nouveau venu : la SES et la STFW ont \u00e0 nouveau pu remettre leur certificat \u00e0 17 dipl\u00f4m\u00e9s \u00e0 Zurich. \"Ils peuvent \u00eatre fiers de leur performance, car la formation n'est pas une promenade de sant\u00e9\", a d\u00e9clar\u00e9 le pr\u00e9sident de SES Peter Nebiker. Et Erich Meier, recteur de la STFW, a ajout\u00e9 qu'en terminant leur formation, les jeunes professionnels avaient montr\u00e9 leur pers\u00e9v\u00e9rance. En contrepartie, la valeur du march\u00e9 est plus \u00e9lev\u00e9e.<\/p>\n<p>Il s'agit de la sixi\u00e8me formation, suivie par bien plus de 100 professionnels au total. Cette ann\u00e9e, le dipl\u00f4me a \u00e9t\u00e9 d\u00e9cern\u00e9 \u00e0<\/p>\n<p>Alberto Alvarez*, Fabrizio Baumgartner*, Carlo Bollier, Markus Bracher, Fabio Bressa, Livio Caplazi*, Dario Cavelti, Lars H\u00fcni, Andreas M\u00e4der*, Lars Meier*, Sandra Perchiacca, Martin Ruoss*, Michael Suter, Manuela Thut, Fabian Tobler, Dejan Trifunovic*, Markus Zihlmann\u00a0\u00a0<em>(*Les dipl\u00f4m\u00e9s ayant obtenu les meilleures notes)<\/em><\/p>\n<p><em>Le prochain cours d\u00e9bute en avril : informations \u00e0 ce sujet <a href=\"https:\/\/www.sicher-ses.ch\/de\/news\/news-detail\/article\/projektleiter-sicherheitssysteme-eidg-fa-gut-ausgebildet-in-eine-sichere-zukunft-1.html\" target=\"_blank\" data-cke-saved-href=\"https:\/\/www.sicher-ses.ch\/de\/news\/news-detail\/article\/projektleiter-sicherheitssysteme-eidg-fa-gut-ausgebildet-in-eine-sichere-zukunft-1.html\" rel=\"noopener\">ici<\/a><\/em><\/p>\n<p>&nbsp;<\/p>","protected":false},"excerpt":{"rendered":"<p>Die Anforderungen an die Sicherheitsfachleute nehmen stetig zu, denn Sicherheits- und Alarmanlagen werden immer raffinierter. Das verlangt einiges an Know-how von denjenigen, die solche Systeme planen, sie in Betrieb nehmen und schliesslich auch f\u00fcr den Unterhalt zust\u00e4ndig sind. Das n\u00f6tige R\u00fcstzeug verleiht die Weiterbildung \u00abProjektleiter\/in Sicherheitssysteme\u00bb \u2013 ein Diplom mit eidgen\u00f6ssischem Fachausweis. Der Lehrgang wird [&hellip;]<\/p>\n","protected":false},"author":1,"featured_media":2169,"comment_status":"open","ping_status":"open","sticky":false,"template":"","format":"standard","meta":{"_acf_changed":false,"pgc_sgb_lightbox_settings":"","footnotes":""},"categories":[1],"tags":[109],"class_list":["post-2168","post","type-post","status-publish","format-standard","has-post-thumbnail","hentry","category-allgemein","tag-aus-und-weiterbildung"],"acf":[],"hkrextid":null,"publication":null,"issue":null,"workflow":null,"startPage":null,"spitzmarke":null,"_posts_by_tag_page_fields":{"widget_title":"","widget_tags":""},"_at_widget":"1","_yoast_wpseo_primary_category":"1","_yoast_wpseo_focuskw_text_input":"Projektleiter ausgezeichnet","_yoast_wpseo_opengraph-image":"https:\/\/news.save.ch\/wp-content\/uploads\/2016\/12\/Projektleiter-ausgezeichnet-sicherheitsforum.jpg","_yoast_wpseo_opengraph-description":"Erneut haben 17 Absolventinnen und Absolventen den Lehrgang \u00abProjektleiter Sicherheitssysteme\u00bb erfolgreich bestanden.","_yoast_wpseo_opengraph-title":"Projektleiter ausgezeichnet","enclosure":null,"_yoast_wpseo_twitter-title":null,"_yoast_wpseo_twitter-description":null,"_yoast_wpseo_twitter-image":null,"_wp_old_slug":null,"_yoast_wpseo_title":null,"_yoast_wpseo_canonical":null,"yoast_head":"<!-- This site is optimized with the Yoast SEO plugin v27.5 - https:\/\/yoast.com\/product\/yoast-seo-wordpress\/ -->\n<title>Projektleiter ausgezeichnet - Save<\/title>\n<meta name=\"description\" content=\"Projektleiter ausgezeichnet: Erneut haben 17 Absolventinnen und Absolventen den Lehrgang \u00abProjektleiter Sicherheitssysteme\u00bb erfolgreich bestanden.\" \/>\n<meta name=\"robots\" content=\"index, follow, max-snippet:-1, max-image-preview:large, max-video-preview:-1\" \/>\n<link rel=\"canonical\" href=\"https:\/\/news.save.ch\/fr\/projektleiter-ausgezeichnet\/\" \/>\n<meta property=\"og:locale\" content=\"fr_FR\" \/>\n<meta property=\"og:type\" content=\"article\" \/>\n<meta property=\"og:title\" content=\"Projektleiter ausgezeichnet\" \/>\n<meta property=\"og:description\" content=\"Erneut haben 17 Absolventinnen und Absolventen den Lehrgang \u00abProjektleiter Sicherheitssysteme\u00bb erfolgreich bestanden.\" \/>\n<meta property=\"og:url\" content=\"https:\/\/news.save.ch\/fr\/projektleiter-ausgezeichnet\/\" \/>\n<meta property=\"og:site_name\" content=\"Save\" \/>\n<meta property=\"article:published_time\" content=\"2016-01-22T15:35:41+00:00\" \/>\n<meta property=\"og:image\" content=\"https:\/\/news.save.ch\/wp-content\/uploads\/2016\/12\/Projektleiter-ausgezeichnet-sicherheitsforum.jpg\" \/>\n<meta name=\"author\" content=\"admin\" \/>\n<meta name=\"twitter:card\" content=\"summary_large_image\" \/>\n<meta name=\"twitter:label1\" content=\"\u00c9crit par\" \/>\n\t<meta name=\"twitter:data1\" content=\"admin\" \/>\n\t<meta name=\"twitter:label2\" content=\"Dur\u00e9e de lecture estim\u00e9e\" \/>\n\t<meta name=\"twitter:data2\" content=\"1 minute\" \/>\n<script type=\"application\/ld+json\" class=\"yoast-schema-graph\">{\"@context\":\"https:\\\/\\\/schema.org\",\"@graph\":[{\"@type\":\"Article\",\"@id\":\"https:\\\/\\\/news.save.ch\\\/projektleiter-ausgezeichnet\\\/#article\",\"isPartOf\":{\"@id\":\"https:\\\/\\\/news.save.ch\\\/projektleiter-ausgezeichnet\\\/\"},\"author\":{\"name\":\"admin\",\"@id\":\"https:\\\/\\\/news.save.ch\\\/de\\\/#\\\/schema\\\/person\\\/d49e199490bad7c70d64b9ab51142f2b\"},\"headline\":\"Projektleiter ausgezeichnet\",\"datePublished\":\"2016-01-22T15:35:41+00:00\",\"mainEntityOfPage\":{\"@id\":\"https:\\\/\\\/news.save.ch\\\/projektleiter-ausgezeichnet\\\/\"},\"wordCount\":254,\"commentCount\":0,\"publisher\":{\"@id\":\"https:\\\/\\\/news.save.ch\\\/de\\\/#organization\"},\"image\":{\"@id\":\"https:\\\/\\\/news.save.ch\\\/projektleiter-ausgezeichnet\\\/#primaryimage\"},\"thumbnailUrl\":\"https:\\\/\\\/news.save.ch\\\/wp-content\\\/uploads\\\/2016\\\/12\\\/Projektleiter-ausgezeichnet-sicherheitsforum-scaled-1-scaled.jpg\",\"keywords\":[\"Aus- und Weiterbildung\"],\"articleSection\":[\"ALLGEMEIN\"],\"inLanguage\":\"fr-FR\"},{\"@type\":\"WebPage\",\"@id\":\"https:\\\/\\\/news.save.ch\\\/projektleiter-ausgezeichnet\\\/\",\"url\":\"https:\\\/\\\/news.save.ch\\\/projektleiter-ausgezeichnet\\\/\",\"name\":\"Projektleiter ausgezeichnet - Save\",\"isPartOf\":{\"@id\":\"https:\\\/\\\/news.save.ch\\\/de\\\/#website\"},\"primaryImageOfPage\":{\"@id\":\"https:\\\/\\\/news.save.ch\\\/projektleiter-ausgezeichnet\\\/#primaryimage\"},\"image\":{\"@id\":\"https:\\\/\\\/news.save.ch\\\/projektleiter-ausgezeichnet\\\/#primaryimage\"},\"thumbnailUrl\":\"https:\\\/\\\/news.save.ch\\\/wp-content\\\/uploads\\\/2016\\\/12\\\/Projektleiter-ausgezeichnet-sicherheitsforum-scaled-1-scaled.jpg\",\"datePublished\":\"2016-01-22T15:35:41+00:00\",\"description\":\"Projektleiter ausgezeichnet: Erneut haben 17 Absolventinnen und Absolventen den Lehrgang \u00abProjektleiter Sicherheitssysteme\u00bb erfolgreich bestanden.\",\"breadcrumb\":{\"@id\":\"https:\\\/\\\/news.save.ch\\\/projektleiter-ausgezeichnet\\\/#breadcrumb\"},\"inLanguage\":\"fr-FR\",\"potentialAction\":[{\"@type\":\"ReadAction\",\"target\":[\"https:\\\/\\\/news.save.ch\\\/projektleiter-ausgezeichnet\\\/\"]}]},{\"@type\":\"ImageObject\",\"inLanguage\":\"fr-FR\",\"@id\":\"https:\\\/\\\/news.save.ch\\\/projektleiter-ausgezeichnet\\\/#primaryimage\",\"url\":\"https:\\\/\\\/news.save.ch\\\/wp-content\\\/uploads\\\/2016\\\/12\\\/Projektleiter-ausgezeichnet-sicherheitsforum-scaled-1-scaled.jpg\",\"contentUrl\":\"https:\\\/\\\/news.save.ch\\\/wp-content\\\/uploads\\\/2016\\\/12\\\/Projektleiter-ausgezeichnet-sicherheitsforum-scaled-1-scaled.jpg\",\"width\":1400,\"height\":932,\"caption\":\"Die 17 Absolventen. Foto: R. Str\u00e4ssle\"},{\"@type\":\"BreadcrumbList\",\"@id\":\"https:\\\/\\\/news.save.ch\\\/projektleiter-ausgezeichnet\\\/#breadcrumb\",\"itemListElement\":[{\"@type\":\"ListItem\",\"position\":1,\"name\":\"Home\",\"item\":\"https:\\\/\\\/news.save.ch\\\/de\\\/\"},{\"@type\":\"ListItem\",\"position\":2,\"name\":\"Projektleiter ausgezeichnet\"}]},{\"@type\":\"WebSite\",\"@id\":\"https:\\\/\\\/news.save.ch\\\/de\\\/#website\",\"url\":\"https:\\\/\\\/news.save.ch\\\/de\\\/\",\"name\":\"Save\",\"description\":\"Schweizer Fachzeitschrift f\u00fcr Sicherheit\",\"publisher\":{\"@id\":\"https:\\\/\\\/news.save.ch\\\/de\\\/#organization\"},\"potentialAction\":[{\"@type\":\"SearchAction\",\"target\":{\"@type\":\"EntryPoint\",\"urlTemplate\":\"https:\\\/\\\/news.save.ch\\\/de\\\/?s={search_term_string}\"},\"query-input\":{\"@type\":\"PropertyValueSpecification\",\"valueRequired\":true,\"valueName\":\"search_term_string\"}}],\"inLanguage\":\"fr-FR\"},{\"@type\":\"Organization\",\"@id\":\"https:\\\/\\\/news.save.ch\\\/de\\\/#organization\",\"name\":\"Sicherheitsforum\",\"url\":\"https:\\\/\\\/news.save.ch\\\/de\\\/\",\"logo\":{\"@type\":\"ImageObject\",\"inLanguage\":\"fr-FR\",\"@id\":\"https:\\\/\\\/news.save.ch\\\/de\\\/#\\\/schema\\\/logo\\\/image\\\/\",\"url\":\"https:\\\/\\\/news.save.ch\\\/wp-content\\\/uploads\\\/2022\\\/06\\\/Logo_SF_2012.png\",\"contentUrl\":\"https:\\\/\\\/news.save.ch\\\/wp-content\\\/uploads\\\/2022\\\/06\\\/Logo_SF_2012.png\",\"width\":1100,\"height\":91,\"caption\":\"Sicherheitsforum\"},\"image\":{\"@id\":\"https:\\\/\\\/news.save.ch\\\/de\\\/#\\\/schema\\\/logo\\\/image\\\/\"}},{\"@type\":\"Person\",\"@id\":\"https:\\\/\\\/news.save.ch\\\/de\\\/#\\\/schema\\\/person\\\/d49e199490bad7c70d64b9ab51142f2b\",\"name\":\"admin\",\"image\":{\"@type\":\"ImageObject\",\"inLanguage\":\"fr-FR\",\"@id\":\"https:\\\/\\\/secure.gravatar.com\\\/avatar\\\/ae2f4d718e6c49043e314ce431e7e645d646302a24a5ef5a8bc8e3f5a032e319?s=96&d=mm&r=g\",\"url\":\"https:\\\/\\\/secure.gravatar.com\\\/avatar\\\/ae2f4d718e6c49043e314ce431e7e645d646302a24a5ef5a8bc8e3f5a032e319?s=96&d=mm&r=g\",\"contentUrl\":\"https:\\\/\\\/secure.gravatar.com\\\/avatar\\\/ae2f4d718e6c49043e314ce431e7e645d646302a24a5ef5a8bc8e3f5a032e319?s=96&d=mm&r=g\",\"caption\":\"admin\"},\"sameAs\":[\"https:\\\/\\\/develop.organisator.galledia.ch\"],\"url\":\"https:\\\/\\\/news.save.ch\\\/fr\\\/author\\\/admin\\\/\"}]}<\/script>\n<!-- \/ Yoast SEO plugin. -->","yoast_head_json":{"title":"Chef de projet r\u00e9compens\u00e9 - Save","description":"Les chefs de projet r\u00e9compens\u00e9s : Une fois de plus, 17 dipl\u00f4m\u00e9(e)s ont r\u00e9ussi la formation de \"chef de projet en syst\u00e8mes de s\u00e9curit\u00e9\".","robots":{"index":"index","follow":"follow","max-snippet":"max-snippet:-1","max-image-preview":"max-image-preview:large","max-video-preview":"max-video-preview:-1"},"canonical":"https:\/\/news.save.ch\/fr\/projektleiter-ausgezeichnet\/","og_locale":"fr_FR","og_type":"article","og_title":"Projektleiter ausgezeichnet","og_description":"Erneut haben 17 Absolventinnen und Absolventen den Lehrgang \u00abProjektleiter Sicherheitssysteme\u00bb erfolgreich bestanden.","og_url":"https:\/\/news.save.ch\/fr\/projektleiter-ausgezeichnet\/","og_site_name":"Save","article_published_time":"2016-01-22T15:35:41+00:00","og_image":[{"url":"https:\/\/news.save.ch\/wp-content\/uploads\/2016\/12\/Projektleiter-ausgezeichnet-sicherheitsforum.jpg","type":"","width":"","height":""}],"author":"admin","twitter_card":"summary_large_image","twitter_misc":{"\u00c9crit par":"admin","Dur\u00e9e de lecture estim\u00e9e":"1 minute"},"schema":{"@context":"https:\/\/schema.org","@graph":[{"@type":"Article","@id":"https:\/\/news.save.ch\/projektleiter-ausgezeichnet\/#article","isPartOf":{"@id":"https:\/\/news.save.ch\/projektleiter-ausgezeichnet\/"},"author":{"name":"admin","@id":"https:\/\/news.save.ch\/de\/#\/schema\/person\/d49e199490bad7c70d64b9ab51142f2b"},"headline":"Projektleiter ausgezeichnet","datePublished":"2016-01-22T15:35:41+00:00","mainEntityOfPage":{"@id":"https:\/\/news.save.ch\/projektleiter-ausgezeichnet\/"},"wordCount":254,"commentCount":0,"publisher":{"@id":"https:\/\/news.save.ch\/de\/#organization"},"image":{"@id":"https:\/\/news.save.ch\/projektleiter-ausgezeichnet\/#primaryimage"},"thumbnailUrl":"https:\/\/news.save.ch\/wp-content\/uploads\/2016\/12\/Projektleiter-ausgezeichnet-sicherheitsforum-scaled-1-scaled.jpg","keywords":["Aus- und Weiterbildung"],"articleSection":["ALLGEMEIN"],"inLanguage":"fr-FR"},{"@type":"WebPage","@id":"https:\/\/news.save.ch\/projektleiter-ausgezeichnet\/","url":"https:\/\/news.save.ch\/projektleiter-ausgezeichnet\/","name":"Chef de projet r\u00e9compens\u00e9 - Save","isPartOf":{"@id":"https:\/\/news.save.ch\/de\/#website"},"primaryImageOfPage":{"@id":"https:\/\/news.save.ch\/projektleiter-ausgezeichnet\/#primaryimage"},"image":{"@id":"https:\/\/news.save.ch\/projektleiter-ausgezeichnet\/#primaryimage"},"thumbnailUrl":"https:\/\/news.save.ch\/wp-content\/uploads\/2016\/12\/Projektleiter-ausgezeichnet-sicherheitsforum-scaled-1-scaled.jpg","datePublished":"2016-01-22T15:35:41+00:00","description":"Les chefs de projet r\u00e9compens\u00e9s : Une fois de plus, 17 dipl\u00f4m\u00e9(e)s ont r\u00e9ussi la formation de \"chef de projet en syst\u00e8mes de s\u00e9curit\u00e9\".","breadcrumb":{"@id":"https:\/\/news.save.ch\/projektleiter-ausgezeichnet\/#breadcrumb"},"inLanguage":"fr-FR","potentialAction":[{"@type":"ReadAction","target":["https:\/\/news.save.ch\/projektleiter-ausgezeichnet\/"]}]},{"@type":"ImageObject","inLanguage":"fr-FR","@id":"https:\/\/news.save.ch\/projektleiter-ausgezeichnet\/#primaryimage","url":"https:\/\/news.save.ch\/wp-content\/uploads\/2016\/12\/Projektleiter-ausgezeichnet-sicherheitsforum-scaled-1-scaled.jpg","contentUrl":"https:\/\/news.save.ch\/wp-content\/uploads\/2016\/12\/Projektleiter-ausgezeichnet-sicherheitsforum-scaled-1-scaled.jpg","width":1400,"height":932,"caption":"Die 17 Absolventen. Foto: R. Str\u00e4ssle"},{"@type":"BreadcrumbList","@id":"https:\/\/news.save.ch\/projektleiter-ausgezeichnet\/#breadcrumb","itemListElement":[{"@type":"ListItem","position":1,"name":"Home","item":"https:\/\/news.save.ch\/de\/"},{"@type":"ListItem","position":2,"name":"Projektleiter ausgezeichnet"}]},{"@type":"WebSite","@id":"https:\/\/news.save.ch\/de\/#website","url":"https:\/\/news.save.ch\/de\/","name":"Save","description":"Revue suisse sp\u00e9cialis\u00e9e dans la s\u00e9curit\u00e9","publisher":{"@id":"https:\/\/news.save.ch\/de\/#organization"},"potentialAction":[{"@type":"SearchAction","target":{"@type":"EntryPoint","urlTemplate":"https:\/\/news.save.ch\/de\/?s={search_term_string}"},"query-input":{"@type":"PropertyValueSpecification","valueRequired":true,"valueName":"search_term_string"}}],"inLanguage":"fr-FR"},{"@type":"Organization","@id":"https:\/\/news.save.ch\/de\/#organization","name":"Forum sur la s\u00e9curit\u00e9","url":"https:\/\/news.save.ch\/de\/","logo":{"@type":"ImageObject","inLanguage":"fr-FR","@id":"https:\/\/news.save.ch\/de\/#\/schema\/logo\/image\/","url":"https:\/\/news.save.ch\/wp-content\/uploads\/2022\/06\/Logo_SF_2012.png","contentUrl":"https:\/\/news.save.ch\/wp-content\/uploads\/2022\/06\/Logo_SF_2012.png","width":1100,"height":91,"caption":"Sicherheitsforum"},"image":{"@id":"https:\/\/news.save.ch\/de\/#\/schema\/logo\/image\/"}},{"@type":"Person","@id":"https:\/\/news.save.ch\/de\/#\/schema\/person\/d49e199490bad7c70d64b9ab51142f2b","name":"admin","image":{"@type":"ImageObject","inLanguage":"fr-FR","@id":"https:\/\/secure.gravatar.com\/avatar\/ae2f4d718e6c49043e314ce431e7e645d646302a24a5ef5a8bc8e3f5a032e319?s=96&d=mm&r=g","url":"https:\/\/secure.gravatar.com\/avatar\/ae2f4d718e6c49043e314ce431e7e645d646302a24a5ef5a8bc8e3f5a032e319?s=96&d=mm&r=g","contentUrl":"https:\/\/secure.gravatar.com\/avatar\/ae2f4d718e6c49043e314ce431e7e645d646302a24a5ef5a8bc8e3f5a032e319?s=96&d=mm&r=g","caption":"admin"},"sameAs":["https:\/\/develop.organisator.galledia.ch"],"url":"https:\/\/news.save.ch\/fr\/author\/admin\/"}]}},"_links":{"self":[{"href":"https:\/\/news.save.ch\/fr\/wp-json\/wp\/v2\/posts\/2168","targetHints":{"allow":["GET"]}}],"collection":[{"href":"https:\/\/news.save.ch\/fr\/wp-json\/wp\/v2\/posts"}],"about":[{"href":"https:\/\/news.save.ch\/fr\/wp-json\/wp\/v2\/types\/post"}],"author":[{"embeddable":true,"href":"https:\/\/news.save.ch\/fr\/wp-json\/wp\/v2\/users\/1"}],"replies":[{"embeddable":true,"href":"https:\/\/news.save.ch\/fr\/wp-json\/wp\/v2\/comments?post=2168"}],"version-history":[{"count":0,"href":"https:\/\/news.save.ch\/fr\/wp-json\/wp\/v2\/posts\/2168\/revisions"}],"wp:featuredmedia":[{"embeddable":true,"href":"https:\/\/news.save.ch\/fr\/wp-json\/wp\/v2\/media\/2169"}],"wp:attachment":[{"href":"https:\/\/news.save.ch\/fr\/wp-json\/wp\/v2\/media?parent=2168"}],"wp:term":[{"taxonomy":"category","embeddable":true,"href":"https:\/\/news.save.ch\/fr\/wp-json\/wp\/v2\/categories?post=2168"},{"taxonomy":"post_tag","embeddable":true,"href":"https:\/\/news.save.ch\/fr\/wp-json\/wp\/v2\/tags?post=2168"}],"curies":[{"name":"wp","href":"https:\/\/api.w.org\/{rel}","templated":true}]}}