{"id":21698,"date":"2023-08-10T09:29:26","date_gmt":"2023-08-10T07:29:26","guid":{"rendered":"https:\/\/news.save.ch\/?p=21698"},"modified":"2023-08-10T09:29:26","modified_gmt":"2023-08-10T07:29:26","slug":"40-mehr-gestohlene-handys","status":null,"type":"post","link":"https:\/\/news.save.ch\/fr\/40-mehr-gestohlene-handys\/","title":{"rendered":"40% plus de t\u00e9l\u00e9phones portables vol\u00e9s"},"content":{"rendered":"<figure id=\"attachment_21697\" aria-describedby=\"caption-attachment-21697\" style=\"width: 680px\" class=\"wp-caption aligncenter\"><img loading=\"lazy\" decoding=\"async\" class=\"size-medium wp-image-21697\" src=\"https:\/\/news.save.ch\/wp-content\/uploads\/2023\/08\/Handy-Depositphotos_168058870_S-680x454.jpg\" alt=\"Vol\" width=\"680\" height=\"454\" srcset=\"https:\/\/news.save.ch\/wp-content\/uploads\/2023\/08\/Handy-Depositphotos_168058870_S-680x454.jpg 680w, https:\/\/news.save.ch\/wp-content\/uploads\/2023\/08\/Handy-Depositphotos_168058870_S-768x512.jpg 768w, https:\/\/news.save.ch\/wp-content\/uploads\/2023\/08\/Handy-Depositphotos_168058870_S-18x12.jpg 18w, https:\/\/news.save.ch\/wp-content\/uploads\/2023\/08\/Handy-Depositphotos_168058870_S-375x250.jpg 375w, https:\/\/news.save.ch\/wp-content\/uploads\/2023\/08\/Handy-Depositphotos_168058870_S-525x350.jpg 525w, https:\/\/news.save.ch\/wp-content\/uploads\/2023\/08\/Handy-Depositphotos_168058870_S.jpg 1000w\" sizes=\"auto, (max-width: 680px) 100vw, 680px\" \/><figcaption id=\"caption-attachment-21697\" class=\"wp-caption-text\">Depositphotos, Krisana Antharith<\/figcaption><\/figure>\n<p>F\u00eates de rue, cin\u00e9mas en plein air, festivals : pour beaucoup, faire la f\u00eate dehors fait partie d'un \u00e9t\u00e9 r\u00e9ussi. Mais si le smartphone dispara\u00eet soudainement en fouillant dans la poche du pantalon ou dans le sac \u00e0 main, l'ambiance peut tr\u00e8s vite se d\u00e9grader. En \u00e9t\u00e9, les pickpockets sont en pleine saison, comme le montrent les statistiques de sinistres d'Axa sur les dix derni\u00e8res ann\u00e9es. Pr\u00e8s d'un quart de tous les vols de t\u00e9l\u00e9phones portables d\u00e9clar\u00e9s \u00e0 l'assurance ont lieu en juillet et en ao\u00fbt. C'est en avril qu'il y en a le moins, seul un vol de portable sur 15 a lieu \u00e0 ce moment-l\u00e0. \"En \u00e9t\u00e9, les gens sont plus souvent dehors. Cela offre aux voleurs davantage de possibilit\u00e9s de frapper - en particulier lors de grands rassemblements de personnes\", explique Stefan M\u00fcller, responsable des assurances dommages chez Axa. Il n'est donc pas \u00e9tonnant que les vols soient plus nombreux le week-end, lorsque de nombreuses festivit\u00e9s ont lieu. Selon les donn\u00e9es, plus de 40 pour cent des vols de portables ont lieu le samedi et le dimanche. Le mercredi est le jour o\u00f9 le risque est le plus faible : seul un vol de portable sur dix a lieu \u00e0 ce moment-l\u00e0, selon Axa.<\/p>\n<h3><strong>Augmentation de 40 pour cent<\/strong><\/h3>\n<p>Le fait que les gens soient \u00e0 nouveau plus mobiles et que davantage de manifestations aient lieu est une des raisons pour lesquelles le nombre de t\u00e9l\u00e9phones portables vol\u00e9s a augment\u00e9 depuis la fin de la pand\u00e9mie, comme l'\u00e9crit l'assureur. En 2022, 40 % de t\u00e9l\u00e9phones portables de plus qu'en 2021 et m\u00eame 50 % de plus qu'en 2020 ont \u00e9t\u00e9 vol\u00e9s. \"La criminalit\u00e9 transfrontali\u00e8re, qui est \u00e0 nouveau plus possible, contribue probablement aussi \u00e0 l'augmentation du taux de vol\", selon Stefan M\u00fcller. Au premier semestre 2023, les chiffres d'Axa montreraient une nouvelle augmentation d'environ 20 pour cent par rapport \u00e0 la m\u00eame p\u00e9riode de l'ann\u00e9e pr\u00e9c\u00e9dente, de sorte que le niveau d'avant la pand\u00e9mie devrait \u00eatre \u00e0 nouveau atteint.<\/p>\n<h3><strong>Prudence \u00e0 Gen\u00e8ve, B\u00e2le et Berne<\/strong><\/h3>\n<p>Les \u00e9valuations d'Axa r\u00e9v\u00e8lent de grandes diff\u00e9rences non seulement entre les ann\u00e9es, les mois et les jours de la semaine, mais aussi entre les cantons : Les personnes du canton de Gen\u00e8ve ont d\u00e9clar\u00e9 \u00e0 Axa environ 5 fois plus souvent des t\u00e9l\u00e9phones portables vol\u00e9s que la moyenne suisse et m\u00eame 11 fois plus souvent que les personnes du Tessin, qui semblent \u00eatre expos\u00e9es au risque le plus faible, comme le pr\u00e9cise le communiqu\u00e9 de presse. Les assur\u00e9s des cantons de B\u00e2le-Ville et de Berne sont \u00e9galement plus souvent touch\u00e9s que la moyenne, alors que ceux des cantons des Grisons et d'Uri le sont rarement. Ces deux cantons ainsi que le Tessin enregistrent moins de la moiti\u00e9 du nombre de t\u00e9l\u00e9phones portables vol\u00e9s par personne assur\u00e9e par rapport \u00e0 la moyenne suisse.<strong>\u00a0<\/strong><\/p>\n<h3><strong>Smartphone disparu - que faire ?<\/strong><\/h3>\n<p>Si le t\u00e9l\u00e9phone portable a \u00e9t\u00e9 vol\u00e9, il faut le signaler au poste de police local et \u00e0 l'assurance. Le vol de t\u00e9l\u00e9phone portable \u00e0 l'ext\u00e9rieur est assur\u00e9 par l'assurance m\u00e9nage d'Axa, dans la mesure o\u00f9 une couverture pour vol simple \u00e0 l'ext\u00e9rieur ou une couverture compl\u00e8te pour smartphones, tablettes et appareils \u00e9lectroniques de divertissement a \u00e9t\u00e9 conclue, comme le pr\u00e9cise finalement le communiqu\u00e9 de presse.<\/p>\n<p>&nbsp;<\/p>","protected":false},"excerpt":{"rendered":"<p>Strassenfeste, Openair-Kinos, Festivals: Draussen feiern \u2013 das geh\u00f6rt f\u00fcr viele zu einem gelungenen Sommer dazu. Doch wenn beim Griff in die Hosen- oder Handtasche pl\u00f6tzlich das Smartphone fehlt, kann das die Stimmung sehr schnell d\u00e4mpfen. Im Sommer haben Taschendiebe Hochsaison, wie die Schadenstatistik der Axa \u00fcber die letzten zehn Jahre zeigt. Fast ein Viertel aller [&hellip;]<\/p>\n","protected":false},"author":8,"featured_media":21697,"comment_status":"closed","ping_status":"closed","sticky":false,"template":"","format":"standard","meta":{"_acf_changed":false,"pgc_sgb_lightbox_settings":"","footnotes":""},"categories":[1],"tags":[347],"class_list":["post-21698","post","type-post","status-publish","format-standard","has-post-thumbnail","hentry","category-allgemein","tag-diebstahl"],"acf":[],"hkrextid":null,"publication":null,"issue":null,"workflow":null,"startPage":null,"spitzmarke":null,"_posts_by_tag_page_fields":null,"_at_widget":null,"_yoast_wpseo_primary_category":"1","_yoast_wpseo_focuskw_text_input":null,"_yoast_wpseo_opengraph-image":null,"_yoast_wpseo_opengraph-description":null,"_yoast_wpseo_opengraph-title":null,"enclosure":null,"_yoast_wpseo_twitter-title":null,"_yoast_wpseo_twitter-description":null,"_yoast_wpseo_twitter-image":null,"_wp_old_slug":null,"_yoast_wpseo_title":null,"_yoast_wpseo_canonical":null,"yoast_head":"<!-- This site is optimized with the Yoast SEO plugin v27.4 - https:\/\/yoast.com\/product\/yoast-seo-wordpress\/ -->\n<title>40% mehr gestohlene Handys - Save<\/title>\n<meta name=\"description\" content=\"Seit Pandemieende ist ein deutlicher Anstieg geklauter Handys festzustellen, wie aus der Axa-Schadenstatistik hervorgeht.\" \/>\n<meta name=\"robots\" content=\"index, follow, max-snippet:-1, max-image-preview:large, max-video-preview:-1\" \/>\n<link rel=\"canonical\" href=\"https:\/\/news.save.ch\/fr\/40-mehr-gestohlene-handys\/\" \/>\n<meta property=\"og:locale\" content=\"fr_FR\" \/>\n<meta property=\"og:type\" content=\"article\" \/>\n<meta property=\"og:title\" content=\"40% mehr gestohlene Handys - Save\" \/>\n<meta property=\"og:description\" content=\"Seit Pandemieende ist ein deutlicher Anstieg geklauter Handys festzustellen, wie aus der Axa-Schadenstatistik hervorgeht.\" \/>\n<meta property=\"og:url\" content=\"https:\/\/news.save.ch\/fr\/40-mehr-gestohlene-handys\/\" \/>\n<meta property=\"og:site_name\" content=\"Save\" \/>\n<meta property=\"article:published_time\" content=\"2023-08-10T07:29:26+00:00\" \/>\n<meta property=\"og:image\" content=\"https:\/\/news.save.ch\/wp-content\/uploads\/2023\/08\/Handy-Depositphotos_168058870_S.jpg\" \/>\n\t<meta property=\"og:image:width\" content=\"1000\" \/>\n\t<meta property=\"og:image:height\" content=\"667\" \/>\n\t<meta property=\"og:image:type\" content=\"image\/jpeg\" \/>\n<meta name=\"author\" content=\"Roger Str\u00e4ssle\" \/>\n<meta name=\"twitter:card\" content=\"summary_large_image\" \/>\n<meta name=\"twitter:label1\" content=\"\u00c9crit par\" \/>\n\t<meta name=\"twitter:data1\" content=\"Roger Str\u00e4ssle\" \/>\n\t<meta name=\"twitter:label2\" content=\"Dur\u00e9e de lecture estim\u00e9e\" \/>\n\t<meta name=\"twitter:data2\" content=\"3 minutes\" \/>\n<script type=\"application\/ld+json\" class=\"yoast-schema-graph\">{\"@context\":\"https:\\\/\\\/schema.org\",\"@graph\":[{\"@type\":\"Article\",\"@id\":\"https:\\\/\\\/news.save.ch\\\/40-mehr-gestohlene-handys\\\/#article\",\"isPartOf\":{\"@id\":\"https:\\\/\\\/news.save.ch\\\/40-mehr-gestohlene-handys\\\/\"},\"author\":{\"name\":\"Roger Str\u00e4ssle\",\"@id\":\"https:\\\/\\\/news.save.ch\\\/de\\\/#\\\/schema\\\/person\\\/d5022db048e0e2b9785c50e5b24da5aa\"},\"headline\":\"40% mehr gestohlene Handys\",\"datePublished\":\"2023-08-10T07:29:26+00:00\",\"mainEntityOfPage\":{\"@id\":\"https:\\\/\\\/news.save.ch\\\/40-mehr-gestohlene-handys\\\/\"},\"wordCount\":439,\"publisher\":{\"@id\":\"https:\\\/\\\/news.save.ch\\\/de\\\/#organization\"},\"image\":{\"@id\":\"https:\\\/\\\/news.save.ch\\\/40-mehr-gestohlene-handys\\\/#primaryimage\"},\"thumbnailUrl\":\"https:\\\/\\\/news.save.ch\\\/wp-content\\\/uploads\\\/2023\\\/08\\\/Handy-Depositphotos_168058870_S.jpg\",\"keywords\":[\"Diebstahl\"],\"articleSection\":[\"ALLGEMEIN\"],\"inLanguage\":\"fr-FR\"},{\"@type\":\"WebPage\",\"@id\":\"https:\\\/\\\/news.save.ch\\\/40-mehr-gestohlene-handys\\\/\",\"url\":\"https:\\\/\\\/news.save.ch\\\/40-mehr-gestohlene-handys\\\/\",\"name\":\"40% mehr gestohlene Handys - Save\",\"isPartOf\":{\"@id\":\"https:\\\/\\\/news.save.ch\\\/de\\\/#website\"},\"primaryImageOfPage\":{\"@id\":\"https:\\\/\\\/news.save.ch\\\/40-mehr-gestohlene-handys\\\/#primaryimage\"},\"image\":{\"@id\":\"https:\\\/\\\/news.save.ch\\\/40-mehr-gestohlene-handys\\\/#primaryimage\"},\"thumbnailUrl\":\"https:\\\/\\\/news.save.ch\\\/wp-content\\\/uploads\\\/2023\\\/08\\\/Handy-Depositphotos_168058870_S.jpg\",\"datePublished\":\"2023-08-10T07:29:26+00:00\",\"description\":\"Seit Pandemieende ist ein deutlicher Anstieg geklauter Handys festzustellen, wie aus der Axa-Schadenstatistik hervorgeht.\",\"breadcrumb\":{\"@id\":\"https:\\\/\\\/news.save.ch\\\/40-mehr-gestohlene-handys\\\/#breadcrumb\"},\"inLanguage\":\"fr-FR\",\"potentialAction\":[{\"@type\":\"ReadAction\",\"target\":[\"https:\\\/\\\/news.save.ch\\\/40-mehr-gestohlene-handys\\\/\"]}]},{\"@type\":\"ImageObject\",\"inLanguage\":\"fr-FR\",\"@id\":\"https:\\\/\\\/news.save.ch\\\/40-mehr-gestohlene-handys\\\/#primaryimage\",\"url\":\"https:\\\/\\\/news.save.ch\\\/wp-content\\\/uploads\\\/2023\\\/08\\\/Handy-Depositphotos_168058870_S.jpg\",\"contentUrl\":\"https:\\\/\\\/news.save.ch\\\/wp-content\\\/uploads\\\/2023\\\/08\\\/Handy-Depositphotos_168058870_S.jpg\",\"width\":1000,\"height\":667,\"caption\":\"Depositphotos, Krisana Antharith\"},{\"@type\":\"BreadcrumbList\",\"@id\":\"https:\\\/\\\/news.save.ch\\\/40-mehr-gestohlene-handys\\\/#breadcrumb\",\"itemListElement\":[{\"@type\":\"ListItem\",\"position\":1,\"name\":\"Home\",\"item\":\"https:\\\/\\\/news.save.ch\\\/de\\\/\"},{\"@type\":\"ListItem\",\"position\":2,\"name\":\"40% mehr gestohlene Handys\"}]},{\"@type\":\"WebSite\",\"@id\":\"https:\\\/\\\/news.save.ch\\\/de\\\/#website\",\"url\":\"https:\\\/\\\/news.save.ch\\\/de\\\/\",\"name\":\"Save\",\"description\":\"Schweizer Fachzeitschrift f\u00fcr Sicherheit\",\"publisher\":{\"@id\":\"https:\\\/\\\/news.save.ch\\\/de\\\/#organization\"},\"potentialAction\":[{\"@type\":\"SearchAction\",\"target\":{\"@type\":\"EntryPoint\",\"urlTemplate\":\"https:\\\/\\\/news.save.ch\\\/de\\\/?s={search_term_string}\"},\"query-input\":{\"@type\":\"PropertyValueSpecification\",\"valueRequired\":true,\"valueName\":\"search_term_string\"}}],\"inLanguage\":\"fr-FR\"},{\"@type\":\"Organization\",\"@id\":\"https:\\\/\\\/news.save.ch\\\/de\\\/#organization\",\"name\":\"Sicherheitsforum\",\"url\":\"https:\\\/\\\/news.save.ch\\\/de\\\/\",\"logo\":{\"@type\":\"ImageObject\",\"inLanguage\":\"fr-FR\",\"@id\":\"https:\\\/\\\/news.save.ch\\\/de\\\/#\\\/schema\\\/logo\\\/image\\\/\",\"url\":\"https:\\\/\\\/news.save.ch\\\/wp-content\\\/uploads\\\/2022\\\/06\\\/Logo_SF_2012.png\",\"contentUrl\":\"https:\\\/\\\/news.save.ch\\\/wp-content\\\/uploads\\\/2022\\\/06\\\/Logo_SF_2012.png\",\"width\":1100,\"height\":91,\"caption\":\"Sicherheitsforum\"},\"image\":{\"@id\":\"https:\\\/\\\/news.save.ch\\\/de\\\/#\\\/schema\\\/logo\\\/image\\\/\"}},{\"@type\":\"Person\",\"@id\":\"https:\\\/\\\/news.save.ch\\\/de\\\/#\\\/schema\\\/person\\\/d5022db048e0e2b9785c50e5b24da5aa\",\"name\":\"Roger Str\u00e4ssle\",\"image\":{\"@type\":\"ImageObject\",\"inLanguage\":\"fr-FR\",\"@id\":\"https:\\\/\\\/secure.gravatar.com\\\/avatar\\\/862a5569d087de48e5856e32f45d719a03804c891d6deb8d4f71a660e79e4a47?s=96&d=mm&r=g\",\"url\":\"https:\\\/\\\/secure.gravatar.com\\\/avatar\\\/862a5569d087de48e5856e32f45d719a03804c891d6deb8d4f71a660e79e4a47?s=96&d=mm&r=g\",\"contentUrl\":\"https:\\\/\\\/secure.gravatar.com\\\/avatar\\\/862a5569d087de48e5856e32f45d719a03804c891d6deb8d4f71a660e79e4a47?s=96&d=mm&r=g\",\"caption\":\"Roger Str\u00e4ssle\"},\"url\":\"https:\\\/\\\/news.save.ch\\\/fr\\\/author\\\/roger-straessle\\\/\"}]}<\/script>\n<!-- \/ Yoast SEO plugin. -->","yoast_head_json":{"title":"40% plus de t\u00e9l\u00e9phones portables vol\u00e9s - Save","description":"Depuis la fin de la pand\u00e9mie, on constate une nette augmentation des t\u00e9l\u00e9phones portables vol\u00e9s, comme le montrent les statistiques de sinistres d'Axa.","robots":{"index":"index","follow":"follow","max-snippet":"max-snippet:-1","max-image-preview":"max-image-preview:large","max-video-preview":"max-video-preview:-1"},"canonical":"https:\/\/news.save.ch\/fr\/40-mehr-gestohlene-handys\/","og_locale":"fr_FR","og_type":"article","og_title":"40% mehr gestohlene Handys - Save","og_description":"Seit Pandemieende ist ein deutlicher Anstieg geklauter Handys festzustellen, wie aus der Axa-Schadenstatistik hervorgeht.","og_url":"https:\/\/news.save.ch\/fr\/40-mehr-gestohlene-handys\/","og_site_name":"Save","article_published_time":"2023-08-10T07:29:26+00:00","og_image":[{"width":1000,"height":667,"url":"https:\/\/news.save.ch\/wp-content\/uploads\/2023\/08\/Handy-Depositphotos_168058870_S.jpg","type":"image\/jpeg"}],"author":"Roger Str\u00e4ssle","twitter_card":"summary_large_image","twitter_misc":{"\u00c9crit par":"Roger Str\u00e4ssle","Dur\u00e9e de lecture estim\u00e9e":"3 minutes"},"schema":{"@context":"https:\/\/schema.org","@graph":[{"@type":"Article","@id":"https:\/\/news.save.ch\/40-mehr-gestohlene-handys\/#article","isPartOf":{"@id":"https:\/\/news.save.ch\/40-mehr-gestohlene-handys\/"},"author":{"name":"Roger Str\u00e4ssle","@id":"https:\/\/news.save.ch\/de\/#\/schema\/person\/d5022db048e0e2b9785c50e5b24da5aa"},"headline":"40% mehr gestohlene Handys","datePublished":"2023-08-10T07:29:26+00:00","mainEntityOfPage":{"@id":"https:\/\/news.save.ch\/40-mehr-gestohlene-handys\/"},"wordCount":439,"publisher":{"@id":"https:\/\/news.save.ch\/de\/#organization"},"image":{"@id":"https:\/\/news.save.ch\/40-mehr-gestohlene-handys\/#primaryimage"},"thumbnailUrl":"https:\/\/news.save.ch\/wp-content\/uploads\/2023\/08\/Handy-Depositphotos_168058870_S.jpg","keywords":["Diebstahl"],"articleSection":["ALLGEMEIN"],"inLanguage":"fr-FR"},{"@type":"WebPage","@id":"https:\/\/news.save.ch\/40-mehr-gestohlene-handys\/","url":"https:\/\/news.save.ch\/40-mehr-gestohlene-handys\/","name":"40% plus de t\u00e9l\u00e9phones portables vol\u00e9s - Save","isPartOf":{"@id":"https:\/\/news.save.ch\/de\/#website"},"primaryImageOfPage":{"@id":"https:\/\/news.save.ch\/40-mehr-gestohlene-handys\/#primaryimage"},"image":{"@id":"https:\/\/news.save.ch\/40-mehr-gestohlene-handys\/#primaryimage"},"thumbnailUrl":"https:\/\/news.save.ch\/wp-content\/uploads\/2023\/08\/Handy-Depositphotos_168058870_S.jpg","datePublished":"2023-08-10T07:29:26+00:00","description":"Depuis la fin de la pand\u00e9mie, on constate une nette augmentation des t\u00e9l\u00e9phones portables vol\u00e9s, comme le montrent les statistiques de sinistres d'Axa.","breadcrumb":{"@id":"https:\/\/news.save.ch\/40-mehr-gestohlene-handys\/#breadcrumb"},"inLanguage":"fr-FR","potentialAction":[{"@type":"ReadAction","target":["https:\/\/news.save.ch\/40-mehr-gestohlene-handys\/"]}]},{"@type":"ImageObject","inLanguage":"fr-FR","@id":"https:\/\/news.save.ch\/40-mehr-gestohlene-handys\/#primaryimage","url":"https:\/\/news.save.ch\/wp-content\/uploads\/2023\/08\/Handy-Depositphotos_168058870_S.jpg","contentUrl":"https:\/\/news.save.ch\/wp-content\/uploads\/2023\/08\/Handy-Depositphotos_168058870_S.jpg","width":1000,"height":667,"caption":"Depositphotos, Krisana Antharith"},{"@type":"BreadcrumbList","@id":"https:\/\/news.save.ch\/40-mehr-gestohlene-handys\/#breadcrumb","itemListElement":[{"@type":"ListItem","position":1,"name":"Home","item":"https:\/\/news.save.ch\/de\/"},{"@type":"ListItem","position":2,"name":"40% mehr gestohlene Handys"}]},{"@type":"WebSite","@id":"https:\/\/news.save.ch\/de\/#website","url":"https:\/\/news.save.ch\/de\/","name":"Save","description":"Revue suisse sp\u00e9cialis\u00e9e dans la s\u00e9curit\u00e9","publisher":{"@id":"https:\/\/news.save.ch\/de\/#organization"},"potentialAction":[{"@type":"SearchAction","target":{"@type":"EntryPoint","urlTemplate":"https:\/\/news.save.ch\/de\/?s={search_term_string}"},"query-input":{"@type":"PropertyValueSpecification","valueRequired":true,"valueName":"search_term_string"}}],"inLanguage":"fr-FR"},{"@type":"Organization","@id":"https:\/\/news.save.ch\/de\/#organization","name":"Forum sur la s\u00e9curit\u00e9","url":"https:\/\/news.save.ch\/de\/","logo":{"@type":"ImageObject","inLanguage":"fr-FR","@id":"https:\/\/news.save.ch\/de\/#\/schema\/logo\/image\/","url":"https:\/\/news.save.ch\/wp-content\/uploads\/2022\/06\/Logo_SF_2012.png","contentUrl":"https:\/\/news.save.ch\/wp-content\/uploads\/2022\/06\/Logo_SF_2012.png","width":1100,"height":91,"caption":"Sicherheitsforum"},"image":{"@id":"https:\/\/news.save.ch\/de\/#\/schema\/logo\/image\/"}},{"@type":"Person","@id":"https:\/\/news.save.ch\/de\/#\/schema\/person\/d5022db048e0e2b9785c50e5b24da5aa","name":"Roger Str\u00e4ssle","image":{"@type":"ImageObject","inLanguage":"fr-FR","@id":"https:\/\/secure.gravatar.com\/avatar\/862a5569d087de48e5856e32f45d719a03804c891d6deb8d4f71a660e79e4a47?s=96&d=mm&r=g","url":"https:\/\/secure.gravatar.com\/avatar\/862a5569d087de48e5856e32f45d719a03804c891d6deb8d4f71a660e79e4a47?s=96&d=mm&r=g","contentUrl":"https:\/\/secure.gravatar.com\/avatar\/862a5569d087de48e5856e32f45d719a03804c891d6deb8d4f71a660e79e4a47?s=96&d=mm&r=g","caption":"Roger Str\u00e4ssle"},"url":"https:\/\/news.save.ch\/fr\/author\/roger-straessle\/"}]}},"_links":{"self":[{"href":"https:\/\/news.save.ch\/fr\/wp-json\/wp\/v2\/posts\/21698","targetHints":{"allow":["GET"]}}],"collection":[{"href":"https:\/\/news.save.ch\/fr\/wp-json\/wp\/v2\/posts"}],"about":[{"href":"https:\/\/news.save.ch\/fr\/wp-json\/wp\/v2\/types\/post"}],"author":[{"embeddable":true,"href":"https:\/\/news.save.ch\/fr\/wp-json\/wp\/v2\/users\/8"}],"replies":[{"embeddable":true,"href":"https:\/\/news.save.ch\/fr\/wp-json\/wp\/v2\/comments?post=21698"}],"version-history":[{"count":1,"href":"https:\/\/news.save.ch\/fr\/wp-json\/wp\/v2\/posts\/21698\/revisions"}],"predecessor-version":[{"id":21699,"href":"https:\/\/news.save.ch\/fr\/wp-json\/wp\/v2\/posts\/21698\/revisions\/21699"}],"wp:featuredmedia":[{"embeddable":true,"href":"https:\/\/news.save.ch\/fr\/wp-json\/wp\/v2\/media\/21697"}],"wp:attachment":[{"href":"https:\/\/news.save.ch\/fr\/wp-json\/wp\/v2\/media?parent=21698"}],"wp:term":[{"taxonomy":"category","embeddable":true,"href":"https:\/\/news.save.ch\/fr\/wp-json\/wp\/v2\/categories?post=21698"},{"taxonomy":"post_tag","embeddable":true,"href":"https:\/\/news.save.ch\/fr\/wp-json\/wp\/v2\/tags?post=21698"}],"curies":[{"name":"wp","href":"https:\/\/api.w.org\/{rel}","templated":true}]}}