{"id":21708,"date":"2023-08-17T10:00:39","date_gmt":"2023-08-17T08:00:39","guid":{"rendered":"https:\/\/news.save.ch\/?p=21708"},"modified":"2023-08-17T17:11:21","modified_gmt":"2023-08-17T15:11:21","slug":"auch-macs-werden-angegriffen","status":null,"type":"post","link":"https:\/\/news.save.ch\/fr\/auch-macs-werden-angegriffen\/","title":{"rendered":"Les Mac sont \u00e9galement attaqu\u00e9s ..."},"content":{"rendered":"<figure id=\"attachment_21712\" aria-describedby=\"caption-attachment-21712\" style=\"width: 500px\" class=\"wp-caption alignleft\"><img loading=\"lazy\" decoding=\"async\" class=\"size-full wp-image-21712\" src=\"https:\/\/news.save.ch\/wp-content\/uploads\/2023\/08\/Grafik.jpg\" alt=\"macOS\" width=\"500\" height=\"385\" srcset=\"https:\/\/news.save.ch\/wp-content\/uploads\/2023\/08\/Grafik.jpg 500w, https:\/\/news.save.ch\/wp-content\/uploads\/2023\/08\/Grafik-16x12.jpg 16w, https:\/\/news.save.ch\/wp-content\/uploads\/2023\/08\/Grafik-375x289.jpg 375w, https:\/\/news.save.ch\/wp-content\/uploads\/2023\/08\/Grafik-455x350.jpg 455w\" sizes=\"auto, (max-width: 500px) 100vw, 500px\" \/><figcaption id=\"caption-attachment-21712\" class=\"wp-caption-text\">Le graphique montre l'\u00e9volution des menaces sur macOS en 2022 \u00a9 Bitdefender<\/figcaption><\/figure>\n<p>Les cybercriminels n'attaquent pas les Mac aussi souvent que les ordinateurs Windows par exemple. Finalement, ces derniers sont toujours plus r\u00e9pandus. Ainsi, selon les chiffres des experts de Statcounter, Microsoft domine toujours le march\u00e9 des ordinateurs de bureau avec une part de 63% contre 18% pour macOS. La plus grande surface d'attaque conditionne la plus grande activit\u00e9 des pirates dans l'environnement Microsoft.<\/p>\n<p>Pourtant, les environnements macOS ne sont pas un point aveugle pour les acteurs des malwares. Apple s'est vu contraint de combler les failles de mani\u00e8re proactive, comme l'\u00e9crit Bitdefender. Les pirates utiliseraient des techniques d'ing\u00e9nierie sociale et de spray-and-pray automatis\u00e9 pour attaquer les utilisateurs de Mac. Parall\u00e8lement, des fournisseurs professionnels de logiciels espions s'attaqueraient au mat\u00e9riel iOS d'Apple. Selon Bitdefender, les syst\u00e8mes iOS et macOS partagent de nombreux composants cl\u00e9s, comme le moteur de rendu WebKit. Apple a \u00e9galement publi\u00e9 des mises \u00e0 jour de s\u00e9curit\u00e9 pour ces failles critiques. Parall\u00e8lement, les attaques contre le mat\u00e9riel macOS seraient plus efficaces. Des mises \u00e0 jour n\u00e9glig\u00e9es et une hygi\u00e8ne de cybers\u00e9curit\u00e9 insuffisante des utilisateurs de Mac, qui n'ont rien \u00e0 envier aux autres utilisateurs, faciliteraient le travail des criminels.<\/p>\n<h3><strong>Facteur de risque : les chevaux de Troie<\/strong><\/h3>\n<p>Les chevaux de Troie attaquent les syst\u00e8mes non mis \u00e0 jour, dans lesquels les pirates rencontrent des vuln\u00e9rabilit\u00e9s non corrig\u00e9es. Le manque de discipline en mati\u00e8re de mise \u00e0 jour est \u00e0 l'origine du danger concret. Parall\u00e8lement, les pirates utilisent les m\u00e9canismes habituels et connus de l'ing\u00e9nierie sociale via le spam, le phishing ou les m\u00e9dias sociaux, le malvertising ou les t\u00e9l\u00e9chargements de fichiers manipul\u00e9s via des sites Torrent ou Warez. Les attaques con\u00e7ues pour les Mac n\u00e9cessitent g\u00e9n\u00e9ralement que la victime lance manuellement un fichier ex\u00e9cutable. C'est pourquoi, explique Bitdefender, ils font en sorte que leur malware ressemble \u00e0 une application l\u00e9gitime.<\/p>\n<h3><strong>Applications potentiellement ind\u00e9sirables<\/strong><\/h3>\n<p>Une menace sur quatre serait une PUA (Potentially Unwanted Applications). Les PUA, qu'elles soient g\u00eanantes ou dangereuses, sont distribu\u00e9es par les pirates sous forme de logiciels gratuits, d'applications ou d'utilitaires reconditionn\u00e9s (administration \u00e0 distance, nettoyage du syst\u00e8me, scanners antivirus, applications d'\u00e9conomie d'\u00e9nergie et gestion de l'espace disque), tous dot\u00e9s de fonctionnalit\u00e9s cach\u00e9es d'enregistrement de donn\u00e9es ou de cryptomining. 8% des PUA seraient des cryptomineurs.<\/p>\n<p>Les utilisateurs ne doivent pas partir du principe que leur mat\u00e9riel macOS est s\u00fbr. Il est seulement plus rarement attaqu\u00e9. Une solution de cybers\u00e9curit\u00e9 d\u00e9di\u00e9e est n\u00e9cessaire pour les utilisateurs Apple, de m\u00eame qu'une discipline de mise \u00e0 jour stricte et une attention aux contenus suspects. Le t\u00e9l\u00e9chargement \u00e0 partir de canaux de t\u00e9l\u00e9chargement non officiels tels que Torrent ou Warez devrait \u00eatre un tabou, comme le souligne Bitdefender.<\/p>\n<p><em><a href=\"https:\/\/www.bitdefender.com\/blog\/hotforsecurity\/black-hat-usa-2023-bitdefender-macos-threat-report-reveals-key-dangers-for-mac-users\/\" target=\"_blank\" rel=\"noopener\">Le rapport complet peut \u00eatre t\u00e9l\u00e9charg\u00e9 ici<\/a><\/em><\/p>\n<p>&nbsp;<\/p>","protected":false},"excerpt":{"rendered":"<p>Cyberkriminelle greifen Macs nicht so h\u00e4ufig an wie etwa Windows-Rechner. Schliesslich sind letztere immer noch weiter verbreitet. So dominiert Microsoft laut den Zahlen der Experten von Statcounter immer noch den Desktop Markt mit einem Anteil von 63% gegen\u00fcber 18% macOS. Die gr\u00f6ssere Angriffsfl\u00e4che bedingt die gr\u00f6sseren Aktivit\u00e4ten der Hacker im Microsoft-Umfeld. Dennoch sind macOS-Umgebungen kein [&hellip;]<\/p>\n","protected":false},"author":8,"featured_media":21710,"comment_status":"closed","ping_status":"closed","sticky":false,"template":"","format":"standard","meta":{"_acf_changed":false,"pgc_sgb_lightbox_settings":"","footnotes":""},"categories":[3313],"tags":[6262],"class_list":["post-21708","post","type-post","status-publish","format-standard","has-post-thumbnail","hentry","category-digitalisierung","tag-macos-systeme"],"acf":[],"hkrextid":null,"publication":null,"issue":null,"workflow":null,"startPage":null,"spitzmarke":null,"_posts_by_tag_page_fields":null,"_at_widget":null,"_yoast_wpseo_primary_category":"3313","_yoast_wpseo_focuskw_text_input":null,"_yoast_wpseo_opengraph-image":null,"_yoast_wpseo_opengraph-description":null,"_yoast_wpseo_opengraph-title":null,"enclosure":null,"_yoast_wpseo_twitter-title":null,"_yoast_wpseo_twitter-description":null,"_yoast_wpseo_twitter-image":null,"_wp_old_slug":null,"_yoast_wpseo_title":null,"_yoast_wpseo_canonical":null,"yoast_head":"<!-- This site is optimized with the Yoast SEO plugin v27.5 - https:\/\/yoast.com\/product\/yoast-seo-wordpress\/ -->\n<title>Auch Macs werden angegriffen ... - Save<\/title>\n<meta name=\"description\" content=\"Eine Auswertung zeigt, dass auch Apple-Hardware im Visier von Cyberkriminellen ist, jedoch in geringerem Mass als Windows-Ger\u00e4te.\" \/>\n<meta name=\"robots\" content=\"index, follow, max-snippet:-1, max-image-preview:large, max-video-preview:-1\" \/>\n<link rel=\"canonical\" href=\"https:\/\/news.save.ch\/fr\/auch-macs-werden-angegriffen\/\" \/>\n<meta property=\"og:locale\" content=\"fr_FR\" \/>\n<meta property=\"og:type\" content=\"article\" \/>\n<meta property=\"og:title\" content=\"Auch Macs werden angegriffen ... - Save\" \/>\n<meta property=\"og:description\" content=\"Eine Auswertung zeigt, dass auch Apple-Hardware im Visier von Cyberkriminellen ist, jedoch in geringerem Mass als Windows-Ger\u00e4te.\" \/>\n<meta property=\"og:url\" content=\"https:\/\/news.save.ch\/fr\/auch-macs-werden-angegriffen\/\" \/>\n<meta property=\"og:site_name\" content=\"Save\" \/>\n<meta property=\"article:published_time\" content=\"2023-08-17T08:00:39+00:00\" \/>\n<meta property=\"article:modified_time\" content=\"2023-08-17T15:11:21+00:00\" \/>\n<meta property=\"og:image\" content=\"https:\/\/news.save.ch\/wp-content\/uploads\/2023\/08\/Depositphotos_273717540_S.jpg\" \/>\n\t<meta property=\"og:image:width\" content=\"1000\" \/>\n\t<meta property=\"og:image:height\" content=\"667\" \/>\n\t<meta property=\"og:image:type\" content=\"image\/jpeg\" \/>\n<meta name=\"author\" content=\"Roger Str\u00e4ssle\" \/>\n<meta name=\"twitter:card\" content=\"summary_large_image\" \/>\n<meta name=\"twitter:label1\" content=\"\u00c9crit par\" \/>\n\t<meta name=\"twitter:data1\" content=\"Roger Str\u00e4ssle\" \/>\n\t<meta name=\"twitter:label2\" content=\"Dur\u00e9e de lecture estim\u00e9e\" \/>\n\t<meta name=\"twitter:data2\" content=\"3 minutes\" \/>\n<script type=\"application\/ld+json\" class=\"yoast-schema-graph\">{\"@context\":\"https:\\\/\\\/schema.org\",\"@graph\":[{\"@type\":\"Article\",\"@id\":\"https:\\\/\\\/news.save.ch\\\/auch-macs-werden-angegriffen\\\/#article\",\"isPartOf\":{\"@id\":\"https:\\\/\\\/news.save.ch\\\/auch-macs-werden-angegriffen\\\/\"},\"author\":{\"name\":\"Roger Str\u00e4ssle\",\"@id\":\"https:\\\/\\\/news.save.ch\\\/de\\\/#\\\/schema\\\/person\\\/d5022db048e0e2b9785c50e5b24da5aa\"},\"headline\":\"Auch Macs werden angegriffen &#8230;\",\"datePublished\":\"2023-08-17T08:00:39+00:00\",\"dateModified\":\"2023-08-17T15:11:21+00:00\",\"mainEntityOfPage\":{\"@id\":\"https:\\\/\\\/news.save.ch\\\/auch-macs-werden-angegriffen\\\/\"},\"wordCount\":382,\"publisher\":{\"@id\":\"https:\\\/\\\/news.save.ch\\\/de\\\/#organization\"},\"image\":{\"@id\":\"https:\\\/\\\/news.save.ch\\\/auch-macs-werden-angegriffen\\\/#primaryimage\"},\"thumbnailUrl\":\"https:\\\/\\\/news.save.ch\\\/wp-content\\\/uploads\\\/2023\\\/08\\\/Depositphotos_273717540_S.jpg\",\"keywords\":[\"macOS-Systeme\"],\"articleSection\":[\"DIGITALISIERUNG\"],\"inLanguage\":\"fr-FR\"},{\"@type\":\"WebPage\",\"@id\":\"https:\\\/\\\/news.save.ch\\\/auch-macs-werden-angegriffen\\\/\",\"url\":\"https:\\\/\\\/news.save.ch\\\/auch-macs-werden-angegriffen\\\/\",\"name\":\"Auch Macs werden angegriffen ... - Save\",\"isPartOf\":{\"@id\":\"https:\\\/\\\/news.save.ch\\\/de\\\/#website\"},\"primaryImageOfPage\":{\"@id\":\"https:\\\/\\\/news.save.ch\\\/auch-macs-werden-angegriffen\\\/#primaryimage\"},\"image\":{\"@id\":\"https:\\\/\\\/news.save.ch\\\/auch-macs-werden-angegriffen\\\/#primaryimage\"},\"thumbnailUrl\":\"https:\\\/\\\/news.save.ch\\\/wp-content\\\/uploads\\\/2023\\\/08\\\/Depositphotos_273717540_S.jpg\",\"datePublished\":\"2023-08-17T08:00:39+00:00\",\"dateModified\":\"2023-08-17T15:11:21+00:00\",\"description\":\"Eine Auswertung zeigt, dass auch Apple-Hardware im Visier von Cyberkriminellen ist, jedoch in geringerem Mass als Windows-Ger\u00e4te.\",\"breadcrumb\":{\"@id\":\"https:\\\/\\\/news.save.ch\\\/auch-macs-werden-angegriffen\\\/#breadcrumb\"},\"inLanguage\":\"fr-FR\",\"potentialAction\":[{\"@type\":\"ReadAction\",\"target\":[\"https:\\\/\\\/news.save.ch\\\/auch-macs-werden-angegriffen\\\/\"]}]},{\"@type\":\"ImageObject\",\"inLanguage\":\"fr-FR\",\"@id\":\"https:\\\/\\\/news.save.ch\\\/auch-macs-werden-angegriffen\\\/#primaryimage\",\"url\":\"https:\\\/\\\/news.save.ch\\\/wp-content\\\/uploads\\\/2023\\\/08\\\/Depositphotos_273717540_S.jpg\",\"contentUrl\":\"https:\\\/\\\/news.save.ch\\\/wp-content\\\/uploads\\\/2023\\\/08\\\/Depositphotos_273717540_S.jpg\",\"width\":1000,\"height\":667,\"caption\":\"Depositphotos, ifeelstock\"},{\"@type\":\"BreadcrumbList\",\"@id\":\"https:\\\/\\\/news.save.ch\\\/auch-macs-werden-angegriffen\\\/#breadcrumb\",\"itemListElement\":[{\"@type\":\"ListItem\",\"position\":1,\"name\":\"Home\",\"item\":\"https:\\\/\\\/news.save.ch\\\/de\\\/\"},{\"@type\":\"ListItem\",\"position\":2,\"name\":\"Auch Macs werden angegriffen &#8230;\"}]},{\"@type\":\"WebSite\",\"@id\":\"https:\\\/\\\/news.save.ch\\\/de\\\/#website\",\"url\":\"https:\\\/\\\/news.save.ch\\\/de\\\/\",\"name\":\"Save\",\"description\":\"Schweizer Fachzeitschrift f\u00fcr Sicherheit\",\"publisher\":{\"@id\":\"https:\\\/\\\/news.save.ch\\\/de\\\/#organization\"},\"potentialAction\":[{\"@type\":\"SearchAction\",\"target\":{\"@type\":\"EntryPoint\",\"urlTemplate\":\"https:\\\/\\\/news.save.ch\\\/de\\\/?s={search_term_string}\"},\"query-input\":{\"@type\":\"PropertyValueSpecification\",\"valueRequired\":true,\"valueName\":\"search_term_string\"}}],\"inLanguage\":\"fr-FR\"},{\"@type\":\"Organization\",\"@id\":\"https:\\\/\\\/news.save.ch\\\/de\\\/#organization\",\"name\":\"Sicherheitsforum\",\"url\":\"https:\\\/\\\/news.save.ch\\\/de\\\/\",\"logo\":{\"@type\":\"ImageObject\",\"inLanguage\":\"fr-FR\",\"@id\":\"https:\\\/\\\/news.save.ch\\\/de\\\/#\\\/schema\\\/logo\\\/image\\\/\",\"url\":\"https:\\\/\\\/news.save.ch\\\/wp-content\\\/uploads\\\/2022\\\/06\\\/Logo_SF_2012.png\",\"contentUrl\":\"https:\\\/\\\/news.save.ch\\\/wp-content\\\/uploads\\\/2022\\\/06\\\/Logo_SF_2012.png\",\"width\":1100,\"height\":91,\"caption\":\"Sicherheitsforum\"},\"image\":{\"@id\":\"https:\\\/\\\/news.save.ch\\\/de\\\/#\\\/schema\\\/logo\\\/image\\\/\"}},{\"@type\":\"Person\",\"@id\":\"https:\\\/\\\/news.save.ch\\\/de\\\/#\\\/schema\\\/person\\\/d5022db048e0e2b9785c50e5b24da5aa\",\"name\":\"Roger Str\u00e4ssle\",\"image\":{\"@type\":\"ImageObject\",\"inLanguage\":\"fr-FR\",\"@id\":\"https:\\\/\\\/secure.gravatar.com\\\/avatar\\\/862a5569d087de48e5856e32f45d719a03804c891d6deb8d4f71a660e79e4a47?s=96&d=mm&r=g\",\"url\":\"https:\\\/\\\/secure.gravatar.com\\\/avatar\\\/862a5569d087de48e5856e32f45d719a03804c891d6deb8d4f71a660e79e4a47?s=96&d=mm&r=g\",\"contentUrl\":\"https:\\\/\\\/secure.gravatar.com\\\/avatar\\\/862a5569d087de48e5856e32f45d719a03804c891d6deb8d4f71a660e79e4a47?s=96&d=mm&r=g\",\"caption\":\"Roger Str\u00e4ssle\"},\"url\":\"https:\\\/\\\/news.save.ch\\\/fr\\\/author\\\/roger-straessle\\\/\"}]}<\/script>\n<!-- \/ Yoast SEO plugin. -->","yoast_head_json":{"title":"Les Mac sont \u00e9galement attaqu\u00e9s ... - Enregistrer","description":"Une \u00e9valuation montre que le mat\u00e9riel Apple est \u00e9galement dans le collimateur des cybercriminels, mais dans une moindre mesure que les appareils Windows.","robots":{"index":"index","follow":"follow","max-snippet":"max-snippet:-1","max-image-preview":"max-image-preview:large","max-video-preview":"max-video-preview:-1"},"canonical":"https:\/\/news.save.ch\/fr\/auch-macs-werden-angegriffen\/","og_locale":"fr_FR","og_type":"article","og_title":"Auch Macs werden angegriffen ... - Save","og_description":"Eine Auswertung zeigt, dass auch Apple-Hardware im Visier von Cyberkriminellen ist, jedoch in geringerem Mass als Windows-Ger\u00e4te.","og_url":"https:\/\/news.save.ch\/fr\/auch-macs-werden-angegriffen\/","og_site_name":"Save","article_published_time":"2023-08-17T08:00:39+00:00","article_modified_time":"2023-08-17T15:11:21+00:00","og_image":[{"width":1000,"height":667,"url":"https:\/\/news.save.ch\/wp-content\/uploads\/2023\/08\/Depositphotos_273717540_S.jpg","type":"image\/jpeg"}],"author":"Roger Str\u00e4ssle","twitter_card":"summary_large_image","twitter_misc":{"\u00c9crit par":"Roger Str\u00e4ssle","Dur\u00e9e de lecture estim\u00e9e":"3 minutes"},"schema":{"@context":"https:\/\/schema.org","@graph":[{"@type":"Article","@id":"https:\/\/news.save.ch\/auch-macs-werden-angegriffen\/#article","isPartOf":{"@id":"https:\/\/news.save.ch\/auch-macs-werden-angegriffen\/"},"author":{"name":"Roger Str\u00e4ssle","@id":"https:\/\/news.save.ch\/de\/#\/schema\/person\/d5022db048e0e2b9785c50e5b24da5aa"},"headline":"Auch Macs werden angegriffen &#8230;","datePublished":"2023-08-17T08:00:39+00:00","dateModified":"2023-08-17T15:11:21+00:00","mainEntityOfPage":{"@id":"https:\/\/news.save.ch\/auch-macs-werden-angegriffen\/"},"wordCount":382,"publisher":{"@id":"https:\/\/news.save.ch\/de\/#organization"},"image":{"@id":"https:\/\/news.save.ch\/auch-macs-werden-angegriffen\/#primaryimage"},"thumbnailUrl":"https:\/\/news.save.ch\/wp-content\/uploads\/2023\/08\/Depositphotos_273717540_S.jpg","keywords":["macOS-Systeme"],"articleSection":["DIGITALISIERUNG"],"inLanguage":"fr-FR"},{"@type":"WebPage","@id":"https:\/\/news.save.ch\/auch-macs-werden-angegriffen\/","url":"https:\/\/news.save.ch\/auch-macs-werden-angegriffen\/","name":"Les Mac sont \u00e9galement attaqu\u00e9s ... - Enregistrer","isPartOf":{"@id":"https:\/\/news.save.ch\/de\/#website"},"primaryImageOfPage":{"@id":"https:\/\/news.save.ch\/auch-macs-werden-angegriffen\/#primaryimage"},"image":{"@id":"https:\/\/news.save.ch\/auch-macs-werden-angegriffen\/#primaryimage"},"thumbnailUrl":"https:\/\/news.save.ch\/wp-content\/uploads\/2023\/08\/Depositphotos_273717540_S.jpg","datePublished":"2023-08-17T08:00:39+00:00","dateModified":"2023-08-17T15:11:21+00:00","description":"Une \u00e9valuation montre que le mat\u00e9riel Apple est \u00e9galement dans le collimateur des cybercriminels, mais dans une moindre mesure que les appareils Windows.","breadcrumb":{"@id":"https:\/\/news.save.ch\/auch-macs-werden-angegriffen\/#breadcrumb"},"inLanguage":"fr-FR","potentialAction":[{"@type":"ReadAction","target":["https:\/\/news.save.ch\/auch-macs-werden-angegriffen\/"]}]},{"@type":"ImageObject","inLanguage":"fr-FR","@id":"https:\/\/news.save.ch\/auch-macs-werden-angegriffen\/#primaryimage","url":"https:\/\/news.save.ch\/wp-content\/uploads\/2023\/08\/Depositphotos_273717540_S.jpg","contentUrl":"https:\/\/news.save.ch\/wp-content\/uploads\/2023\/08\/Depositphotos_273717540_S.jpg","width":1000,"height":667,"caption":"Depositphotos, ifeelstock"},{"@type":"BreadcrumbList","@id":"https:\/\/news.save.ch\/auch-macs-werden-angegriffen\/#breadcrumb","itemListElement":[{"@type":"ListItem","position":1,"name":"Home","item":"https:\/\/news.save.ch\/de\/"},{"@type":"ListItem","position":2,"name":"Auch Macs werden angegriffen &#8230;"}]},{"@type":"WebSite","@id":"https:\/\/news.save.ch\/de\/#website","url":"https:\/\/news.save.ch\/de\/","name":"Save","description":"Revue suisse sp\u00e9cialis\u00e9e dans la s\u00e9curit\u00e9","publisher":{"@id":"https:\/\/news.save.ch\/de\/#organization"},"potentialAction":[{"@type":"SearchAction","target":{"@type":"EntryPoint","urlTemplate":"https:\/\/news.save.ch\/de\/?s={search_term_string}"},"query-input":{"@type":"PropertyValueSpecification","valueRequired":true,"valueName":"search_term_string"}}],"inLanguage":"fr-FR"},{"@type":"Organization","@id":"https:\/\/news.save.ch\/de\/#organization","name":"Forum sur la s\u00e9curit\u00e9","url":"https:\/\/news.save.ch\/de\/","logo":{"@type":"ImageObject","inLanguage":"fr-FR","@id":"https:\/\/news.save.ch\/de\/#\/schema\/logo\/image\/","url":"https:\/\/news.save.ch\/wp-content\/uploads\/2022\/06\/Logo_SF_2012.png","contentUrl":"https:\/\/news.save.ch\/wp-content\/uploads\/2022\/06\/Logo_SF_2012.png","width":1100,"height":91,"caption":"Sicherheitsforum"},"image":{"@id":"https:\/\/news.save.ch\/de\/#\/schema\/logo\/image\/"}},{"@type":"Person","@id":"https:\/\/news.save.ch\/de\/#\/schema\/person\/d5022db048e0e2b9785c50e5b24da5aa","name":"Roger Str\u00e4ssle","image":{"@type":"ImageObject","inLanguage":"fr-FR","@id":"https:\/\/secure.gravatar.com\/avatar\/862a5569d087de48e5856e32f45d719a03804c891d6deb8d4f71a660e79e4a47?s=96&d=mm&r=g","url":"https:\/\/secure.gravatar.com\/avatar\/862a5569d087de48e5856e32f45d719a03804c891d6deb8d4f71a660e79e4a47?s=96&d=mm&r=g","contentUrl":"https:\/\/secure.gravatar.com\/avatar\/862a5569d087de48e5856e32f45d719a03804c891d6deb8d4f71a660e79e4a47?s=96&d=mm&r=g","caption":"Roger Str\u00e4ssle"},"url":"https:\/\/news.save.ch\/fr\/author\/roger-straessle\/"}]}},"_links":{"self":[{"href":"https:\/\/news.save.ch\/fr\/wp-json\/wp\/v2\/posts\/21708","targetHints":{"allow":["GET"]}}],"collection":[{"href":"https:\/\/news.save.ch\/fr\/wp-json\/wp\/v2\/posts"}],"about":[{"href":"https:\/\/news.save.ch\/fr\/wp-json\/wp\/v2\/types\/post"}],"author":[{"embeddable":true,"href":"https:\/\/news.save.ch\/fr\/wp-json\/wp\/v2\/users\/8"}],"replies":[{"embeddable":true,"href":"https:\/\/news.save.ch\/fr\/wp-json\/wp\/v2\/comments?post=21708"}],"version-history":[{"count":4,"href":"https:\/\/news.save.ch\/fr\/wp-json\/wp\/v2\/posts\/21708\/revisions"}],"predecessor-version":[{"id":21912,"href":"https:\/\/news.save.ch\/fr\/wp-json\/wp\/v2\/posts\/21708\/revisions\/21912"}],"wp:featuredmedia":[{"embeddable":true,"href":"https:\/\/news.save.ch\/fr\/wp-json\/wp\/v2\/media\/21710"}],"wp:attachment":[{"href":"https:\/\/news.save.ch\/fr\/wp-json\/wp\/v2\/media?parent=21708"}],"wp:term":[{"taxonomy":"category","embeddable":true,"href":"https:\/\/news.save.ch\/fr\/wp-json\/wp\/v2\/categories?post=21708"},{"taxonomy":"post_tag","embeddable":true,"href":"https:\/\/news.save.ch\/fr\/wp-json\/wp\/v2\/tags?post=21708"}],"curies":[{"name":"wp","href":"https:\/\/api.w.org\/{rel}","templated":true}]}}