{"id":21715,"date":"2023-08-15T06:33:41","date_gmt":"2023-08-15T04:33:41","guid":{"rendered":"https:\/\/news.save.ch\/?p=21715"},"modified":"2023-08-14T14:43:10","modified_gmt":"2023-08-14T12:43:10","slug":"fedpol-im-zeichen-der-kooperation","status":null,"type":"post","link":"https:\/\/news.save.ch\/fr\/fedpol-im-zeichen-der-kooperation\/","title":{"rendered":"Fedpol sous le signe de la coop\u00e9ration"},"content":{"rendered":"<figure id=\"attachment_21716\" aria-describedby=\"caption-attachment-21716\" style=\"width: 680px\" class=\"wp-caption aligncenter\"><img loading=\"lazy\" decoding=\"async\" class=\"size-medium wp-image-21716\" src=\"https:\/\/news.save.ch\/wp-content\/uploads\/2023\/08\/Depositphotos_161135970_S-680x434.jpg\" alt=\"Criminalit\u00e9 organis\u00e9e\" width=\"680\" height=\"434\" srcset=\"https:\/\/news.save.ch\/wp-content\/uploads\/2023\/08\/Depositphotos_161135970_S-680x434.jpg 680w, https:\/\/news.save.ch\/wp-content\/uploads\/2023\/08\/Depositphotos_161135970_S-768x490.jpg 768w, https:\/\/news.save.ch\/wp-content\/uploads\/2023\/08\/Depositphotos_161135970_S-18x12.jpg 18w, https:\/\/news.save.ch\/wp-content\/uploads\/2023\/08\/Depositphotos_161135970_S-375x239.jpg 375w, https:\/\/news.save.ch\/wp-content\/uploads\/2023\/08\/Depositphotos_161135970_S-549x350.jpg 549w, https:\/\/news.save.ch\/wp-content\/uploads\/2023\/08\/Depositphotos_161135970_S.jpg 1000w\" sizes=\"auto, (max-width: 680px) 100vw, 680px\" \/><figcaption id=\"caption-attachment-21716\" class=\"wp-caption-text\">Depositphotos, melektaus<\/figcaption><\/figure>\n<p>En tant que pays prosp\u00e8re, la Suisse, de par son exigu\u00eft\u00e9 et sa situation au c\u0153ur de l'Europe, est une cible particuli\u00e8rement rentable pour les criminels de tous bords. Les blanchisseurs d'argent, les exploseurs de distributeurs automatiques de billets, les cybercriminels, les trafiquants de drogue, d'\u00eatres humains et d'armes utilisent la Suisse pour leurs activit\u00e9s. Les criminels sont g\u00e9n\u00e9ralement actifs dans plusieurs cantons - et ce n'est pas tout : la majorit\u00e9 des cas dans lesquels Fedpol enqu\u00eate ont un lien avec l'\u00e9tranger, y compris hors d'Europe, comme l'\u00e9crit la police f\u00e9d\u00e9rale. Ce n'est qu'en \u00e9changeant intensivement des informations et en collaborant \u00e9troitement avec les autorit\u00e9s polici\u00e8res nationales et internationales que la Suisse peut lutter efficacement contre la criminalit\u00e9.<\/p>\n<p>Afin de renforcer la coop\u00e9ration polici\u00e8re internationale, Fedpol lance, \u00e0 l'occasion du 100e anniversaire de <a href=\"http:\/\/www.interpol.int\" target=\"_blank\" rel=\"noopener\">Interpol<\/a> le secr\u00e9taire g\u00e9n\u00e9ral d'Interpol, J\u00fcrgen Stock, les polices cantonales, les carabiniers italiens et l'Office f\u00e9d\u00e9ral allemand de la police criminelle, ainsi que d'autres experts r\u00e9unis autour d'une table.<\/p>\n<h3><b>La lutte contre la criminalit\u00e9 hier, aujourd'hui et demain<\/b><\/h3>\n<p>Pendant la r\u00e9union, la situation actuelle de la criminalit\u00e9, les derniers d\u00e9veloppements et les possibilit\u00e9s de coop\u00e9ration dans la lutte contre le crime organis\u00e9 seront discut\u00e9s, \u00e9crit Fedpol. En effet, pour lutter contre le crime organis\u00e9 et le crime international, toutes les autorit\u00e9s polici\u00e8res doivent tirer \u00e0 la m\u00eame corde.<\/p>\n<p><em>Source :<a href=\"http:\/\/www.fedpol.admin.ch\/fedpol\/de\/home.html\"> Fedpol<\/a><\/em><\/p>","protected":false},"excerpt":{"rendered":"<p>Die Schweiz ist als wohlhabendes Land mit ihrer Kleinr\u00e4umigkeit und der Lage im Herzen Europas ein besonders lohnenswertes Ziel f\u00fcr Kriminelle aller Art. Geldw\u00e4scher, Geldautomatensprenger, Cyberkriminelle, Drogen-, Menschen- und Waffenh\u00e4ndler nutzen die Schweiz f\u00fcr ihre Aktivit\u00e4ten. Die Kriminellen sind meist in mehreren Kantonen aktiv &#8211; nicht nur das: Die Mehrheit der F\u00e4lle, in denen Fedpol [&hellip;]<\/p>\n","protected":false},"author":8,"featured_media":21716,"comment_status":"closed","ping_status":"closed","sticky":false,"template":"","format":"standard","meta":{"_acf_changed":false,"pgc_sgb_lightbox_settings":"","footnotes":""},"categories":[1],"tags":[432,113],"class_list":["post-21715","post","type-post","status-publish","format-standard","has-post-thumbnail","hentry","category-allgemein","tag-bundesamt-fuer-polizei","tag-kriminalitaet"],"acf":[],"hkrextid":null,"publication":null,"issue":null,"workflow":null,"startPage":null,"spitzmarke":null,"_posts_by_tag_page_fields":null,"_at_widget":null,"_yoast_wpseo_primary_category":"","_yoast_wpseo_focuskw_text_input":null,"_yoast_wpseo_opengraph-image":null,"_yoast_wpseo_opengraph-description":null,"_yoast_wpseo_opengraph-title":null,"enclosure":null,"_yoast_wpseo_twitter-title":null,"_yoast_wpseo_twitter-description":null,"_yoast_wpseo_twitter-image":null,"_wp_old_slug":null,"_yoast_wpseo_title":null,"_yoast_wpseo_canonical":null,"yoast_head":"<!-- This site is optimized with the Yoast SEO plugin v27.5 - https:\/\/yoast.com\/product\/yoast-seo-wordpress\/ -->\n<title>Fedpol im Zeichen der Kooperation - Save<\/title>\n<meta name=\"robots\" content=\"index, follow, max-snippet:-1, max-image-preview:large, max-video-preview:-1\" \/>\n<link rel=\"canonical\" href=\"https:\/\/news.save.ch\/fr\/fedpol-im-zeichen-der-kooperation\/\" \/>\n<meta property=\"og:locale\" content=\"fr_FR\" \/>\n<meta property=\"og:type\" content=\"article\" \/>\n<meta property=\"og:title\" content=\"Fedpol im Zeichen der Kooperation - Save\" \/>\n<meta property=\"og:description\" content=\"Die Schweiz ist als wohlhabendes Land mit ihrer Kleinr\u00e4umigkeit und der Lage im Herzen Europas ein besonders lohnenswertes Ziel f\u00fcr Kriminelle aller Art. Geldw\u00e4scher, Geldautomatensprenger, Cyberkriminelle, Drogen-, Menschen- und Waffenh\u00e4ndler nutzen die Schweiz f\u00fcr ihre Aktivit\u00e4ten. Die Kriminellen sind meist in mehreren Kantonen aktiv &#8211; nicht nur das: Die Mehrheit der F\u00e4lle, in denen Fedpol [&hellip;]\" \/>\n<meta property=\"og:url\" content=\"https:\/\/news.save.ch\/fr\/fedpol-im-zeichen-der-kooperation\/\" \/>\n<meta property=\"og:site_name\" content=\"Save\" \/>\n<meta property=\"article:published_time\" content=\"2023-08-15T04:33:41+00:00\" \/>\n<meta property=\"og:image\" content=\"https:\/\/news.save.ch\/wp-content\/uploads\/2023\/08\/Depositphotos_161135970_S.jpg\" \/>\n\t<meta property=\"og:image:width\" content=\"1000\" \/>\n\t<meta property=\"og:image:height\" content=\"638\" \/>\n\t<meta property=\"og:image:type\" content=\"image\/jpeg\" \/>\n<meta name=\"author\" content=\"Roger Str\u00e4ssle\" \/>\n<meta name=\"twitter:card\" content=\"summary_large_image\" \/>\n<meta name=\"twitter:label1\" content=\"\u00c9crit par\" \/>\n\t<meta name=\"twitter:data1\" content=\"Roger Str\u00e4ssle\" \/>\n\t<meta name=\"twitter:label2\" content=\"Dur\u00e9e de lecture estim\u00e9e\" \/>\n\t<meta name=\"twitter:data2\" content=\"2 minutes\" \/>\n<script type=\"application\/ld+json\" class=\"yoast-schema-graph\">{\"@context\":\"https:\\\/\\\/schema.org\",\"@graph\":[{\"@type\":\"Article\",\"@id\":\"https:\\\/\\\/news.save.ch\\\/fedpol-im-zeichen-der-kooperation\\\/#article\",\"isPartOf\":{\"@id\":\"https:\\\/\\\/news.save.ch\\\/fedpol-im-zeichen-der-kooperation\\\/\"},\"author\":{\"name\":\"Roger Str\u00e4ssle\",\"@id\":\"https:\\\/\\\/news.save.ch\\\/de\\\/#\\\/schema\\\/person\\\/d5022db048e0e2b9785c50e5b24da5aa\"},\"headline\":\"Fedpol im Zeichen der Kooperation\",\"datePublished\":\"2023-08-15T04:33:41+00:00\",\"mainEntityOfPage\":{\"@id\":\"https:\\\/\\\/news.save.ch\\\/fedpol-im-zeichen-der-kooperation\\\/\"},\"wordCount\":208,\"publisher\":{\"@id\":\"https:\\\/\\\/news.save.ch\\\/de\\\/#organization\"},\"image\":{\"@id\":\"https:\\\/\\\/news.save.ch\\\/fedpol-im-zeichen-der-kooperation\\\/#primaryimage\"},\"thumbnailUrl\":\"https:\\\/\\\/news.save.ch\\\/wp-content\\\/uploads\\\/2023\\\/08\\\/Depositphotos_161135970_S.jpg\",\"keywords\":[\"Bundesamt f\u00fcr Polizei\",\"Kriminalit\u00e4t\"],\"articleSection\":[\"ALLGEMEIN\"],\"inLanguage\":\"fr-FR\"},{\"@type\":\"WebPage\",\"@id\":\"https:\\\/\\\/news.save.ch\\\/fedpol-im-zeichen-der-kooperation\\\/\",\"url\":\"https:\\\/\\\/news.save.ch\\\/fedpol-im-zeichen-der-kooperation\\\/\",\"name\":\"Fedpol im Zeichen der Kooperation - Save\",\"isPartOf\":{\"@id\":\"https:\\\/\\\/news.save.ch\\\/de\\\/#website\"},\"primaryImageOfPage\":{\"@id\":\"https:\\\/\\\/news.save.ch\\\/fedpol-im-zeichen-der-kooperation\\\/#primaryimage\"},\"image\":{\"@id\":\"https:\\\/\\\/news.save.ch\\\/fedpol-im-zeichen-der-kooperation\\\/#primaryimage\"},\"thumbnailUrl\":\"https:\\\/\\\/news.save.ch\\\/wp-content\\\/uploads\\\/2023\\\/08\\\/Depositphotos_161135970_S.jpg\",\"datePublished\":\"2023-08-15T04:33:41+00:00\",\"breadcrumb\":{\"@id\":\"https:\\\/\\\/news.save.ch\\\/fedpol-im-zeichen-der-kooperation\\\/#breadcrumb\"},\"inLanguage\":\"fr-FR\",\"potentialAction\":[{\"@type\":\"ReadAction\",\"target\":[\"https:\\\/\\\/news.save.ch\\\/fedpol-im-zeichen-der-kooperation\\\/\"]}]},{\"@type\":\"ImageObject\",\"inLanguage\":\"fr-FR\",\"@id\":\"https:\\\/\\\/news.save.ch\\\/fedpol-im-zeichen-der-kooperation\\\/#primaryimage\",\"url\":\"https:\\\/\\\/news.save.ch\\\/wp-content\\\/uploads\\\/2023\\\/08\\\/Depositphotos_161135970_S.jpg\",\"contentUrl\":\"https:\\\/\\\/news.save.ch\\\/wp-content\\\/uploads\\\/2023\\\/08\\\/Depositphotos_161135970_S.jpg\",\"width\":1000,\"height\":638,\"caption\":\"Depositphotos, melektaus\"},{\"@type\":\"BreadcrumbList\",\"@id\":\"https:\\\/\\\/news.save.ch\\\/fedpol-im-zeichen-der-kooperation\\\/#breadcrumb\",\"itemListElement\":[{\"@type\":\"ListItem\",\"position\":1,\"name\":\"Home\",\"item\":\"https:\\\/\\\/news.save.ch\\\/de\\\/\"},{\"@type\":\"ListItem\",\"position\":2,\"name\":\"Fedpol im Zeichen der Kooperation\"}]},{\"@type\":\"WebSite\",\"@id\":\"https:\\\/\\\/news.save.ch\\\/de\\\/#website\",\"url\":\"https:\\\/\\\/news.save.ch\\\/de\\\/\",\"name\":\"Save\",\"description\":\"Schweizer Fachzeitschrift f\u00fcr Sicherheit\",\"publisher\":{\"@id\":\"https:\\\/\\\/news.save.ch\\\/de\\\/#organization\"},\"potentialAction\":[{\"@type\":\"SearchAction\",\"target\":{\"@type\":\"EntryPoint\",\"urlTemplate\":\"https:\\\/\\\/news.save.ch\\\/de\\\/?s={search_term_string}\"},\"query-input\":{\"@type\":\"PropertyValueSpecification\",\"valueRequired\":true,\"valueName\":\"search_term_string\"}}],\"inLanguage\":\"fr-FR\"},{\"@type\":\"Organization\",\"@id\":\"https:\\\/\\\/news.save.ch\\\/de\\\/#organization\",\"name\":\"Sicherheitsforum\",\"url\":\"https:\\\/\\\/news.save.ch\\\/de\\\/\",\"logo\":{\"@type\":\"ImageObject\",\"inLanguage\":\"fr-FR\",\"@id\":\"https:\\\/\\\/news.save.ch\\\/de\\\/#\\\/schema\\\/logo\\\/image\\\/\",\"url\":\"https:\\\/\\\/news.save.ch\\\/wp-content\\\/uploads\\\/2022\\\/06\\\/Logo_SF_2012.png\",\"contentUrl\":\"https:\\\/\\\/news.save.ch\\\/wp-content\\\/uploads\\\/2022\\\/06\\\/Logo_SF_2012.png\",\"width\":1100,\"height\":91,\"caption\":\"Sicherheitsforum\"},\"image\":{\"@id\":\"https:\\\/\\\/news.save.ch\\\/de\\\/#\\\/schema\\\/logo\\\/image\\\/\"}},{\"@type\":\"Person\",\"@id\":\"https:\\\/\\\/news.save.ch\\\/de\\\/#\\\/schema\\\/person\\\/d5022db048e0e2b9785c50e5b24da5aa\",\"name\":\"Roger Str\u00e4ssle\",\"image\":{\"@type\":\"ImageObject\",\"inLanguage\":\"fr-FR\",\"@id\":\"https:\\\/\\\/secure.gravatar.com\\\/avatar\\\/862a5569d087de48e5856e32f45d719a03804c891d6deb8d4f71a660e79e4a47?s=96&d=mm&r=g\",\"url\":\"https:\\\/\\\/secure.gravatar.com\\\/avatar\\\/862a5569d087de48e5856e32f45d719a03804c891d6deb8d4f71a660e79e4a47?s=96&d=mm&r=g\",\"contentUrl\":\"https:\\\/\\\/secure.gravatar.com\\\/avatar\\\/862a5569d087de48e5856e32f45d719a03804c891d6deb8d4f71a660e79e4a47?s=96&d=mm&r=g\",\"caption\":\"Roger Str\u00e4ssle\"},\"url\":\"https:\\\/\\\/news.save.ch\\\/fr\\\/author\\\/roger-straessle\\\/\"}]}<\/script>\n<!-- \/ Yoast SEO plugin. -->","yoast_head_json":{"title":"Fedpol sous le signe de la coop\u00e9ration - Save","robots":{"index":"index","follow":"follow","max-snippet":"max-snippet:-1","max-image-preview":"max-image-preview:large","max-video-preview":"max-video-preview:-1"},"canonical":"https:\/\/news.save.ch\/fr\/fedpol-im-zeichen-der-kooperation\/","og_locale":"fr_FR","og_type":"article","og_title":"Fedpol im Zeichen der Kooperation - Save","og_description":"Die Schweiz ist als wohlhabendes Land mit ihrer Kleinr\u00e4umigkeit und der Lage im Herzen Europas ein besonders lohnenswertes Ziel f\u00fcr Kriminelle aller Art. Geldw\u00e4scher, Geldautomatensprenger, Cyberkriminelle, Drogen-, Menschen- und Waffenh\u00e4ndler nutzen die Schweiz f\u00fcr ihre Aktivit\u00e4ten. Die Kriminellen sind meist in mehreren Kantonen aktiv &#8211; nicht nur das: Die Mehrheit der F\u00e4lle, in denen Fedpol [&hellip;]","og_url":"https:\/\/news.save.ch\/fr\/fedpol-im-zeichen-der-kooperation\/","og_site_name":"Save","article_published_time":"2023-08-15T04:33:41+00:00","og_image":[{"width":1000,"height":638,"url":"https:\/\/news.save.ch\/wp-content\/uploads\/2023\/08\/Depositphotos_161135970_S.jpg","type":"image\/jpeg"}],"author":"Roger Str\u00e4ssle","twitter_card":"summary_large_image","twitter_misc":{"\u00c9crit par":"Roger Str\u00e4ssle","Dur\u00e9e de lecture estim\u00e9e":"2 minutes"},"schema":{"@context":"https:\/\/schema.org","@graph":[{"@type":"Article","@id":"https:\/\/news.save.ch\/fedpol-im-zeichen-der-kooperation\/#article","isPartOf":{"@id":"https:\/\/news.save.ch\/fedpol-im-zeichen-der-kooperation\/"},"author":{"name":"Roger Str\u00e4ssle","@id":"https:\/\/news.save.ch\/de\/#\/schema\/person\/d5022db048e0e2b9785c50e5b24da5aa"},"headline":"Fedpol im Zeichen der Kooperation","datePublished":"2023-08-15T04:33:41+00:00","mainEntityOfPage":{"@id":"https:\/\/news.save.ch\/fedpol-im-zeichen-der-kooperation\/"},"wordCount":208,"publisher":{"@id":"https:\/\/news.save.ch\/de\/#organization"},"image":{"@id":"https:\/\/news.save.ch\/fedpol-im-zeichen-der-kooperation\/#primaryimage"},"thumbnailUrl":"https:\/\/news.save.ch\/wp-content\/uploads\/2023\/08\/Depositphotos_161135970_S.jpg","keywords":["Bundesamt f\u00fcr Polizei","Kriminalit\u00e4t"],"articleSection":["ALLGEMEIN"],"inLanguage":"fr-FR"},{"@type":"WebPage","@id":"https:\/\/news.save.ch\/fedpol-im-zeichen-der-kooperation\/","url":"https:\/\/news.save.ch\/fedpol-im-zeichen-der-kooperation\/","name":"Fedpol sous le signe de la coop\u00e9ration - Save","isPartOf":{"@id":"https:\/\/news.save.ch\/de\/#website"},"primaryImageOfPage":{"@id":"https:\/\/news.save.ch\/fedpol-im-zeichen-der-kooperation\/#primaryimage"},"image":{"@id":"https:\/\/news.save.ch\/fedpol-im-zeichen-der-kooperation\/#primaryimage"},"thumbnailUrl":"https:\/\/news.save.ch\/wp-content\/uploads\/2023\/08\/Depositphotos_161135970_S.jpg","datePublished":"2023-08-15T04:33:41+00:00","breadcrumb":{"@id":"https:\/\/news.save.ch\/fedpol-im-zeichen-der-kooperation\/#breadcrumb"},"inLanguage":"fr-FR","potentialAction":[{"@type":"ReadAction","target":["https:\/\/news.save.ch\/fedpol-im-zeichen-der-kooperation\/"]}]},{"@type":"ImageObject","inLanguage":"fr-FR","@id":"https:\/\/news.save.ch\/fedpol-im-zeichen-der-kooperation\/#primaryimage","url":"https:\/\/news.save.ch\/wp-content\/uploads\/2023\/08\/Depositphotos_161135970_S.jpg","contentUrl":"https:\/\/news.save.ch\/wp-content\/uploads\/2023\/08\/Depositphotos_161135970_S.jpg","width":1000,"height":638,"caption":"Depositphotos, melektaus"},{"@type":"BreadcrumbList","@id":"https:\/\/news.save.ch\/fedpol-im-zeichen-der-kooperation\/#breadcrumb","itemListElement":[{"@type":"ListItem","position":1,"name":"Home","item":"https:\/\/news.save.ch\/de\/"},{"@type":"ListItem","position":2,"name":"Fedpol im Zeichen der Kooperation"}]},{"@type":"WebSite","@id":"https:\/\/news.save.ch\/de\/#website","url":"https:\/\/news.save.ch\/de\/","name":"Save","description":"Revue suisse sp\u00e9cialis\u00e9e dans la s\u00e9curit\u00e9","publisher":{"@id":"https:\/\/news.save.ch\/de\/#organization"},"potentialAction":[{"@type":"SearchAction","target":{"@type":"EntryPoint","urlTemplate":"https:\/\/news.save.ch\/de\/?s={search_term_string}"},"query-input":{"@type":"PropertyValueSpecification","valueRequired":true,"valueName":"search_term_string"}}],"inLanguage":"fr-FR"},{"@type":"Organization","@id":"https:\/\/news.save.ch\/de\/#organization","name":"Forum sur la s\u00e9curit\u00e9","url":"https:\/\/news.save.ch\/de\/","logo":{"@type":"ImageObject","inLanguage":"fr-FR","@id":"https:\/\/news.save.ch\/de\/#\/schema\/logo\/image\/","url":"https:\/\/news.save.ch\/wp-content\/uploads\/2022\/06\/Logo_SF_2012.png","contentUrl":"https:\/\/news.save.ch\/wp-content\/uploads\/2022\/06\/Logo_SF_2012.png","width":1100,"height":91,"caption":"Sicherheitsforum"},"image":{"@id":"https:\/\/news.save.ch\/de\/#\/schema\/logo\/image\/"}},{"@type":"Person","@id":"https:\/\/news.save.ch\/de\/#\/schema\/person\/d5022db048e0e2b9785c50e5b24da5aa","name":"Roger Str\u00e4ssle","image":{"@type":"ImageObject","inLanguage":"fr-FR","@id":"https:\/\/secure.gravatar.com\/avatar\/862a5569d087de48e5856e32f45d719a03804c891d6deb8d4f71a660e79e4a47?s=96&d=mm&r=g","url":"https:\/\/secure.gravatar.com\/avatar\/862a5569d087de48e5856e32f45d719a03804c891d6deb8d4f71a660e79e4a47?s=96&d=mm&r=g","contentUrl":"https:\/\/secure.gravatar.com\/avatar\/862a5569d087de48e5856e32f45d719a03804c891d6deb8d4f71a660e79e4a47?s=96&d=mm&r=g","caption":"Roger Str\u00e4ssle"},"url":"https:\/\/news.save.ch\/fr\/author\/roger-straessle\/"}]}},"_links":{"self":[{"href":"https:\/\/news.save.ch\/fr\/wp-json\/wp\/v2\/posts\/21715","targetHints":{"allow":["GET"]}}],"collection":[{"href":"https:\/\/news.save.ch\/fr\/wp-json\/wp\/v2\/posts"}],"about":[{"href":"https:\/\/news.save.ch\/fr\/wp-json\/wp\/v2\/types\/post"}],"author":[{"embeddable":true,"href":"https:\/\/news.save.ch\/fr\/wp-json\/wp\/v2\/users\/8"}],"replies":[{"embeddable":true,"href":"https:\/\/news.save.ch\/fr\/wp-json\/wp\/v2\/comments?post=21715"}],"version-history":[{"count":3,"href":"https:\/\/news.save.ch\/fr\/wp-json\/wp\/v2\/posts\/21715\/revisions"}],"predecessor-version":[{"id":21719,"href":"https:\/\/news.save.ch\/fr\/wp-json\/wp\/v2\/posts\/21715\/revisions\/21719"}],"wp:featuredmedia":[{"embeddable":true,"href":"https:\/\/news.save.ch\/fr\/wp-json\/wp\/v2\/media\/21716"}],"wp:attachment":[{"href":"https:\/\/news.save.ch\/fr\/wp-json\/wp\/v2\/media?parent=21715"}],"wp:term":[{"taxonomy":"category","embeddable":true,"href":"https:\/\/news.save.ch\/fr\/wp-json\/wp\/v2\/categories?post=21715"},{"taxonomy":"post_tag","embeddable":true,"href":"https:\/\/news.save.ch\/fr\/wp-json\/wp\/v2\/tags?post=21715"}],"curies":[{"name":"wp","href":"https:\/\/api.w.org\/{rel}","templated":true}]}}