{"id":2174,"date":"2015-05-21T08:25:36","date_gmt":"2015-05-21T06:25:36","guid":{"rendered":"https:\/\/dev.sicherheitsforum.ch\/?p=2174"},"modified":"2023-03-14T09:00:05","modified_gmt":"2023-03-14T08:00:05","slug":"dorma-werk-erweitert-produzierte-tueren-erhoehen","status":null,"type":"post","link":"https:\/\/news.save.ch\/fr\/dorma-werk-erweitert-produzierte-tueren-erhoehen\/","title":{"rendered":"L'usine Dorma s'agrandit - augmenter la production de portes"},"content":{"rendered":"<p><img loading=\"lazy\" decoding=\"async\" class=\"alignnone size-medium wp-image-2176\" src=\"https:\/\/news.save.ch\/wp-content\/uploads\/2016\/12\/555c72a100b46_Dorma_Eroeffnung_Zusmarshausen_19_05_2015-1_Sicherheitsforum-scaled-1.jpg\" alt=\"\" width=\"680\" height=\"425\" \/><\/p>\n<p>L'extension repr\u00e9sente pour le site de Zusmarshausen une \u00e9tape importante pour assumer son r\u00f4le d'usine europ\u00e9enne de syst\u00e8mes de portes automatiques et de portes coulissantes, comme l'indique le communiqu\u00e9 de presse. <a href=\"https:\/\/www.dorma.com\" target=\"_blank\" data-cke-saved-href=\"https:\/\/www.dorma.com\" rel=\"noopener\">Dorma<\/a>\u00a0a communiqu\u00e9.<\/p>\n<p>L'extension a permis de doubler la surface de production, qui est pass\u00e9e d'environ 1500 \u00e0 3000 m2. Dans le cadre de la nouvelle construction, l'espace ext\u00e9rieur ainsi que les espaces sociaux pour les collaborateurs ont \u00e9galement \u00e9t\u00e9 r\u00e9am\u00e9nag\u00e9s. Selon les informations fournies, les investissements de construction se sont \u00e9lev\u00e9s \u00e0 environ 1,5 million d'euros. Avec l'extension, le volume de portes produites sur place devrait doubler dans les ann\u00e9es \u00e0 venir, passant d'environ 5000 par an.<\/p>\n<p>Et les portes de Zusmarshausen voyageraient toujours plus loin : En Europe, des clients d'Allemagne, d'Autriche, de Suisse, de France, des Pays-Bas, de Belgique, de Pologne, d'Italie, de Bulgarie, de R\u00e9publique tch\u00e8que, d'Angleterre ou de Russie sont par exemple livr\u00e9s. Zusmarshausen est certes l'usine de portes europ\u00e9enne, mais les produits quittent aussi le continent - par exemple en direction du Proche-Orient ou de la Cor\u00e9e du Sud.<\/p>","protected":false},"excerpt":{"rendered":"<p>Die Erweiterung stellt am Standort Zusmarshausen einen wichtigen Schritt zur Wahrnehmung der Rolle als europ\u00e4isches Werk f\u00fcr automatische T\u00fcrsysteme und Schiebet\u00fcren dar, wie Dorma\u00a0mitgeteilt hat. Mit dem Ausbau wurde die Fertigungsfl\u00e4che von zuvor rund 1500 auf etwa 3000 m2 verdoppelt. Im Zuge des Neubaus wurden ausserdem der Aussenbereich sowie die Sozialbereiche f\u00fcr die Mitarbeitenden neu [&hellip;]<\/p>\n","protected":false},"author":1,"featured_media":2176,"comment_status":"open","ping_status":"open","sticky":false,"template":"","format":"standard","meta":{"_acf_changed":false,"pgc_sgb_lightbox_settings":"","footnotes":""},"categories":[3312],"tags":[131],"class_list":["post-2174","post","type-post","status-publish","format-standard","has-post-thumbnail","hentry","category-sicherheit","tag-dorma"],"acf":[],"hkrextid":null,"publication":null,"issue":null,"workflow":null,"startPage":null,"spitzmarke":null,"_posts_by_tag_page_fields":{"widget_title":"","widget_tags":""},"_at_widget":"1","_yoast_wpseo_primary_category":"3303","_yoast_wpseo_focuskw_text_input":"Dorma","_yoast_wpseo_opengraph-image":"https:\/\/sicherheitsforum.ch\/wp-content\/uploads\/2016\/12\/555c72a100b46_Dorma_Eroeffnung_Zusmarshausen_19_05_2015-1_Sicherheitsforum.jpg","_yoast_wpseo_opengraph-description":"Diese Woche hat die Firma Dorma im bayrischen Zusmarshausen eine neue Fertigungshalle eingeweiht.","_yoast_wpseo_opengraph-title":"Dorma-Werk erweitert \u2013 produzierte T\u00fcren erh\u00f6hen","enclosure":null,"_yoast_wpseo_twitter-title":null,"_yoast_wpseo_twitter-description":null,"_yoast_wpseo_twitter-image":null,"_wp_old_slug":null,"_yoast_wpseo_title":null,"_yoast_wpseo_canonical":null,"yoast_head":"<!-- This site is optimized with the Yoast SEO plugin v27.4 - https:\/\/yoast.com\/product\/yoast-seo-wordpress\/ -->\n<title>Dorma-Werk erweitert \u2013 produzierte T\u00fcren erh\u00f6hen - Save<\/title>\n<meta name=\"description\" content=\"Diese Woche hat die Firma Dorma im bayrischen Zusmarshausen eine neue Fertigungshalle eingeweiht.\" \/>\n<meta name=\"robots\" content=\"index, follow, max-snippet:-1, max-image-preview:large, max-video-preview:-1\" \/>\n<link rel=\"canonical\" href=\"https:\/\/news.save.ch\/fr\/dorma-werk-erweitert-produzierte-tueren-erhoehen\/\" \/>\n<meta property=\"og:locale\" content=\"fr_FR\" \/>\n<meta property=\"og:type\" content=\"article\" \/>\n<meta property=\"og:title\" content=\"Dorma-Werk erweitert \u2013 produzierte T\u00fcren erh\u00f6hen\" \/>\n<meta property=\"og:description\" content=\"Diese Woche hat die Firma Dorma im bayrischen Zusmarshausen eine neue Fertigungshalle eingeweiht.\" \/>\n<meta property=\"og:url\" content=\"https:\/\/news.save.ch\/fr\/dorma-werk-erweitert-produzierte-tueren-erhoehen\/\" \/>\n<meta property=\"og:site_name\" content=\"Save\" \/>\n<meta property=\"article:published_time\" content=\"2015-05-21T06:25:36+00:00\" \/>\n<meta property=\"article:modified_time\" content=\"2023-03-14T08:00:05+00:00\" \/>\n<meta property=\"og:image\" content=\"https:\/\/sicherheitsforum.ch\/wp-content\/uploads\/2016\/12\/555c72a100b46_Dorma_Eroeffnung_Zusmarshausen_19_05_2015-1_Sicherheitsforum.jpg\" \/>\n<meta name=\"author\" content=\"admin\" \/>\n<meta name=\"twitter:card\" content=\"summary_large_image\" \/>\n<meta name=\"twitter:label1\" content=\"\u00c9crit par\" \/>\n\t<meta name=\"twitter:data1\" content=\"admin\" \/>\n\t<meta name=\"twitter:label2\" content=\"Dur\u00e9e de lecture estim\u00e9e\" \/>\n\t<meta name=\"twitter:data2\" content=\"1 minute\" \/>\n<script type=\"application\/ld+json\" class=\"yoast-schema-graph\">{\"@context\":\"https:\\\/\\\/schema.org\",\"@graph\":[{\"@type\":\"Article\",\"@id\":\"https:\\\/\\\/news.save.ch\\\/dorma-werk-erweitert-produzierte-tueren-erhoehen\\\/#article\",\"isPartOf\":{\"@id\":\"https:\\\/\\\/news.save.ch\\\/dorma-werk-erweitert-produzierte-tueren-erhoehen\\\/\"},\"author\":{\"name\":\"admin\",\"@id\":\"https:\\\/\\\/news.save.ch\\\/de\\\/#\\\/schema\\\/person\\\/d49e199490bad7c70d64b9ab51142f2b\"},\"headline\":\"Dorma-Werk erweitert \u2013 produzierte T\u00fcren erh\u00f6hen\",\"datePublished\":\"2015-05-21T06:25:36+00:00\",\"dateModified\":\"2023-03-14T08:00:05+00:00\",\"mainEntityOfPage\":{\"@id\":\"https:\\\/\\\/news.save.ch\\\/dorma-werk-erweitert-produzierte-tueren-erhoehen\\\/\"},\"wordCount\":165,\"commentCount\":0,\"publisher\":{\"@id\":\"https:\\\/\\\/news.save.ch\\\/de\\\/#organization\"},\"image\":{\"@id\":\"https:\\\/\\\/news.save.ch\\\/dorma-werk-erweitert-produzierte-tueren-erhoehen\\\/#primaryimage\"},\"thumbnailUrl\":\"https:\\\/\\\/news.save.ch\\\/wp-content\\\/uploads\\\/2016\\\/12\\\/555c72a100b46_Dorma_Eroeffnung_Zusmarshausen_19_05_2015-1_Sicherheitsforum-scaled-1-scaled.jpg\",\"keywords\":[\"Dorma\"],\"articleSection\":[\"SICHERHEIT\"],\"inLanguage\":\"fr-FR\"},{\"@type\":\"WebPage\",\"@id\":\"https:\\\/\\\/news.save.ch\\\/dorma-werk-erweitert-produzierte-tueren-erhoehen\\\/\",\"url\":\"https:\\\/\\\/news.save.ch\\\/dorma-werk-erweitert-produzierte-tueren-erhoehen\\\/\",\"name\":\"Dorma-Werk erweitert \u2013 produzierte T\u00fcren erh\u00f6hen - Save\",\"isPartOf\":{\"@id\":\"https:\\\/\\\/news.save.ch\\\/de\\\/#website\"},\"primaryImageOfPage\":{\"@id\":\"https:\\\/\\\/news.save.ch\\\/dorma-werk-erweitert-produzierte-tueren-erhoehen\\\/#primaryimage\"},\"image\":{\"@id\":\"https:\\\/\\\/news.save.ch\\\/dorma-werk-erweitert-produzierte-tueren-erhoehen\\\/#primaryimage\"},\"thumbnailUrl\":\"https:\\\/\\\/news.save.ch\\\/wp-content\\\/uploads\\\/2016\\\/12\\\/555c72a100b46_Dorma_Eroeffnung_Zusmarshausen_19_05_2015-1_Sicherheitsforum-scaled-1-scaled.jpg\",\"datePublished\":\"2015-05-21T06:25:36+00:00\",\"dateModified\":\"2023-03-14T08:00:05+00:00\",\"description\":\"Diese Woche hat die Firma Dorma im bayrischen Zusmarshausen eine neue Fertigungshalle eingeweiht.\",\"breadcrumb\":{\"@id\":\"https:\\\/\\\/news.save.ch\\\/dorma-werk-erweitert-produzierte-tueren-erhoehen\\\/#breadcrumb\"},\"inLanguage\":\"fr-FR\",\"potentialAction\":[{\"@type\":\"ReadAction\",\"target\":[\"https:\\\/\\\/news.save.ch\\\/dorma-werk-erweitert-produzierte-tueren-erhoehen\\\/\"]}]},{\"@type\":\"ImageObject\",\"inLanguage\":\"fr-FR\",\"@id\":\"https:\\\/\\\/news.save.ch\\\/dorma-werk-erweitert-produzierte-tueren-erhoehen\\\/#primaryimage\",\"url\":\"https:\\\/\\\/news.save.ch\\\/wp-content\\\/uploads\\\/2016\\\/12\\\/555c72a100b46_Dorma_Eroeffnung_Zusmarshausen_19_05_2015-1_Sicherheitsforum-scaled-1-scaled.jpg\",\"contentUrl\":\"https:\\\/\\\/news.save.ch\\\/wp-content\\\/uploads\\\/2016\\\/12\\\/555c72a100b46_Dorma_Eroeffnung_Zusmarshausen_19_05_2015-1_Sicherheitsforum-scaled-1-scaled.jpg\",\"width\":1400,\"height\":875,\"caption\":\"Dorma-Werk erweitert\"},{\"@type\":\"BreadcrumbList\",\"@id\":\"https:\\\/\\\/news.save.ch\\\/dorma-werk-erweitert-produzierte-tueren-erhoehen\\\/#breadcrumb\",\"itemListElement\":[{\"@type\":\"ListItem\",\"position\":1,\"name\":\"Home\",\"item\":\"https:\\\/\\\/news.save.ch\\\/de\\\/\"},{\"@type\":\"ListItem\",\"position\":2,\"name\":\"Dorma-Werk erweitert \u2013 produzierte T\u00fcren erh\u00f6hen\"}]},{\"@type\":\"WebSite\",\"@id\":\"https:\\\/\\\/news.save.ch\\\/de\\\/#website\",\"url\":\"https:\\\/\\\/news.save.ch\\\/de\\\/\",\"name\":\"Save\",\"description\":\"Schweizer Fachzeitschrift f\u00fcr Sicherheit\",\"publisher\":{\"@id\":\"https:\\\/\\\/news.save.ch\\\/de\\\/#organization\"},\"potentialAction\":[{\"@type\":\"SearchAction\",\"target\":{\"@type\":\"EntryPoint\",\"urlTemplate\":\"https:\\\/\\\/news.save.ch\\\/de\\\/?s={search_term_string}\"},\"query-input\":{\"@type\":\"PropertyValueSpecification\",\"valueRequired\":true,\"valueName\":\"search_term_string\"}}],\"inLanguage\":\"fr-FR\"},{\"@type\":\"Organization\",\"@id\":\"https:\\\/\\\/news.save.ch\\\/de\\\/#organization\",\"name\":\"Sicherheitsforum\",\"url\":\"https:\\\/\\\/news.save.ch\\\/de\\\/\",\"logo\":{\"@type\":\"ImageObject\",\"inLanguage\":\"fr-FR\",\"@id\":\"https:\\\/\\\/news.save.ch\\\/de\\\/#\\\/schema\\\/logo\\\/image\\\/\",\"url\":\"https:\\\/\\\/news.save.ch\\\/wp-content\\\/uploads\\\/2022\\\/06\\\/Logo_SF_2012.png\",\"contentUrl\":\"https:\\\/\\\/news.save.ch\\\/wp-content\\\/uploads\\\/2022\\\/06\\\/Logo_SF_2012.png\",\"width\":1100,\"height\":91,\"caption\":\"Sicherheitsforum\"},\"image\":{\"@id\":\"https:\\\/\\\/news.save.ch\\\/de\\\/#\\\/schema\\\/logo\\\/image\\\/\"}},{\"@type\":\"Person\",\"@id\":\"https:\\\/\\\/news.save.ch\\\/de\\\/#\\\/schema\\\/person\\\/d49e199490bad7c70d64b9ab51142f2b\",\"name\":\"admin\",\"image\":{\"@type\":\"ImageObject\",\"inLanguage\":\"fr-FR\",\"@id\":\"https:\\\/\\\/secure.gravatar.com\\\/avatar\\\/ae2f4d718e6c49043e314ce431e7e645d646302a24a5ef5a8bc8e3f5a032e319?s=96&d=mm&r=g\",\"url\":\"https:\\\/\\\/secure.gravatar.com\\\/avatar\\\/ae2f4d718e6c49043e314ce431e7e645d646302a24a5ef5a8bc8e3f5a032e319?s=96&d=mm&r=g\",\"contentUrl\":\"https:\\\/\\\/secure.gravatar.com\\\/avatar\\\/ae2f4d718e6c49043e314ce431e7e645d646302a24a5ef5a8bc8e3f5a032e319?s=96&d=mm&r=g\",\"caption\":\"admin\"},\"sameAs\":[\"https:\\\/\\\/develop.organisator.galledia.ch\"],\"url\":\"https:\\\/\\\/news.save.ch\\\/fr\\\/author\\\/admin\\\/\"}]}<\/script>\n<!-- \/ Yoast SEO plugin. -->","yoast_head_json":{"title":"L'usine Dorma s'agrandit - Augmenter la production de portes - Save","description":"Cette semaine, la soci\u00e9t\u00e9 Dorma a inaugur\u00e9 un nouveau hall de production \u00e0 Zusmarshausen, en Bavi\u00e8re.","robots":{"index":"index","follow":"follow","max-snippet":"max-snippet:-1","max-image-preview":"max-image-preview:large","max-video-preview":"max-video-preview:-1"},"canonical":"https:\/\/news.save.ch\/fr\/dorma-werk-erweitert-produzierte-tueren-erhoehen\/","og_locale":"fr_FR","og_type":"article","og_title":"Dorma-Werk erweitert \u2013 produzierte T\u00fcren erh\u00f6hen","og_description":"Diese Woche hat die Firma Dorma im bayrischen Zusmarshausen eine neue Fertigungshalle eingeweiht.","og_url":"https:\/\/news.save.ch\/fr\/dorma-werk-erweitert-produzierte-tueren-erhoehen\/","og_site_name":"Save","article_published_time":"2015-05-21T06:25:36+00:00","article_modified_time":"2023-03-14T08:00:05+00:00","og_image":[{"url":"https:\/\/sicherheitsforum.ch\/wp-content\/uploads\/2016\/12\/555c72a100b46_Dorma_Eroeffnung_Zusmarshausen_19_05_2015-1_Sicherheitsforum.jpg","type":"","width":"","height":""}],"author":"admin","twitter_card":"summary_large_image","twitter_misc":{"\u00c9crit par":"admin","Dur\u00e9e de lecture estim\u00e9e":"1 minute"},"schema":{"@context":"https:\/\/schema.org","@graph":[{"@type":"Article","@id":"https:\/\/news.save.ch\/dorma-werk-erweitert-produzierte-tueren-erhoehen\/#article","isPartOf":{"@id":"https:\/\/news.save.ch\/dorma-werk-erweitert-produzierte-tueren-erhoehen\/"},"author":{"name":"admin","@id":"https:\/\/news.save.ch\/de\/#\/schema\/person\/d49e199490bad7c70d64b9ab51142f2b"},"headline":"Dorma-Werk erweitert \u2013 produzierte T\u00fcren erh\u00f6hen","datePublished":"2015-05-21T06:25:36+00:00","dateModified":"2023-03-14T08:00:05+00:00","mainEntityOfPage":{"@id":"https:\/\/news.save.ch\/dorma-werk-erweitert-produzierte-tueren-erhoehen\/"},"wordCount":165,"commentCount":0,"publisher":{"@id":"https:\/\/news.save.ch\/de\/#organization"},"image":{"@id":"https:\/\/news.save.ch\/dorma-werk-erweitert-produzierte-tueren-erhoehen\/#primaryimage"},"thumbnailUrl":"https:\/\/news.save.ch\/wp-content\/uploads\/2016\/12\/555c72a100b46_Dorma_Eroeffnung_Zusmarshausen_19_05_2015-1_Sicherheitsforum-scaled-1-scaled.jpg","keywords":["Dorma"],"articleSection":["SICHERHEIT"],"inLanguage":"fr-FR"},{"@type":"WebPage","@id":"https:\/\/news.save.ch\/dorma-werk-erweitert-produzierte-tueren-erhoehen\/","url":"https:\/\/news.save.ch\/dorma-werk-erweitert-produzierte-tueren-erhoehen\/","name":"L'usine Dorma s'agrandit - Augmenter la production de portes - Save","isPartOf":{"@id":"https:\/\/news.save.ch\/de\/#website"},"primaryImageOfPage":{"@id":"https:\/\/news.save.ch\/dorma-werk-erweitert-produzierte-tueren-erhoehen\/#primaryimage"},"image":{"@id":"https:\/\/news.save.ch\/dorma-werk-erweitert-produzierte-tueren-erhoehen\/#primaryimage"},"thumbnailUrl":"https:\/\/news.save.ch\/wp-content\/uploads\/2016\/12\/555c72a100b46_Dorma_Eroeffnung_Zusmarshausen_19_05_2015-1_Sicherheitsforum-scaled-1-scaled.jpg","datePublished":"2015-05-21T06:25:36+00:00","dateModified":"2023-03-14T08:00:05+00:00","description":"Cette semaine, la soci\u00e9t\u00e9 Dorma a inaugur\u00e9 un nouveau hall de production \u00e0 Zusmarshausen, en Bavi\u00e8re.","breadcrumb":{"@id":"https:\/\/news.save.ch\/dorma-werk-erweitert-produzierte-tueren-erhoehen\/#breadcrumb"},"inLanguage":"fr-FR","potentialAction":[{"@type":"ReadAction","target":["https:\/\/news.save.ch\/dorma-werk-erweitert-produzierte-tueren-erhoehen\/"]}]},{"@type":"ImageObject","inLanguage":"fr-FR","@id":"https:\/\/news.save.ch\/dorma-werk-erweitert-produzierte-tueren-erhoehen\/#primaryimage","url":"https:\/\/news.save.ch\/wp-content\/uploads\/2016\/12\/555c72a100b46_Dorma_Eroeffnung_Zusmarshausen_19_05_2015-1_Sicherheitsforum-scaled-1-scaled.jpg","contentUrl":"https:\/\/news.save.ch\/wp-content\/uploads\/2016\/12\/555c72a100b46_Dorma_Eroeffnung_Zusmarshausen_19_05_2015-1_Sicherheitsforum-scaled-1-scaled.jpg","width":1400,"height":875,"caption":"Dorma-Werk erweitert"},{"@type":"BreadcrumbList","@id":"https:\/\/news.save.ch\/dorma-werk-erweitert-produzierte-tueren-erhoehen\/#breadcrumb","itemListElement":[{"@type":"ListItem","position":1,"name":"Home","item":"https:\/\/news.save.ch\/de\/"},{"@type":"ListItem","position":2,"name":"Dorma-Werk erweitert \u2013 produzierte T\u00fcren erh\u00f6hen"}]},{"@type":"WebSite","@id":"https:\/\/news.save.ch\/de\/#website","url":"https:\/\/news.save.ch\/de\/","name":"Save","description":"Revue suisse sp\u00e9cialis\u00e9e dans la s\u00e9curit\u00e9","publisher":{"@id":"https:\/\/news.save.ch\/de\/#organization"},"potentialAction":[{"@type":"SearchAction","target":{"@type":"EntryPoint","urlTemplate":"https:\/\/news.save.ch\/de\/?s={search_term_string}"},"query-input":{"@type":"PropertyValueSpecification","valueRequired":true,"valueName":"search_term_string"}}],"inLanguage":"fr-FR"},{"@type":"Organization","@id":"https:\/\/news.save.ch\/de\/#organization","name":"Forum sur la s\u00e9curit\u00e9","url":"https:\/\/news.save.ch\/de\/","logo":{"@type":"ImageObject","inLanguage":"fr-FR","@id":"https:\/\/news.save.ch\/de\/#\/schema\/logo\/image\/","url":"https:\/\/news.save.ch\/wp-content\/uploads\/2022\/06\/Logo_SF_2012.png","contentUrl":"https:\/\/news.save.ch\/wp-content\/uploads\/2022\/06\/Logo_SF_2012.png","width":1100,"height":91,"caption":"Sicherheitsforum"},"image":{"@id":"https:\/\/news.save.ch\/de\/#\/schema\/logo\/image\/"}},{"@type":"Person","@id":"https:\/\/news.save.ch\/de\/#\/schema\/person\/d49e199490bad7c70d64b9ab51142f2b","name":"admin","image":{"@type":"ImageObject","inLanguage":"fr-FR","@id":"https:\/\/secure.gravatar.com\/avatar\/ae2f4d718e6c49043e314ce431e7e645d646302a24a5ef5a8bc8e3f5a032e319?s=96&d=mm&r=g","url":"https:\/\/secure.gravatar.com\/avatar\/ae2f4d718e6c49043e314ce431e7e645d646302a24a5ef5a8bc8e3f5a032e319?s=96&d=mm&r=g","contentUrl":"https:\/\/secure.gravatar.com\/avatar\/ae2f4d718e6c49043e314ce431e7e645d646302a24a5ef5a8bc8e3f5a032e319?s=96&d=mm&r=g","caption":"admin"},"sameAs":["https:\/\/develop.organisator.galledia.ch"],"url":"https:\/\/news.save.ch\/fr\/author\/admin\/"}]}},"_links":{"self":[{"href":"https:\/\/news.save.ch\/fr\/wp-json\/wp\/v2\/posts\/2174","targetHints":{"allow":["GET"]}}],"collection":[{"href":"https:\/\/news.save.ch\/fr\/wp-json\/wp\/v2\/posts"}],"about":[{"href":"https:\/\/news.save.ch\/fr\/wp-json\/wp\/v2\/types\/post"}],"author":[{"embeddable":true,"href":"https:\/\/news.save.ch\/fr\/wp-json\/wp\/v2\/users\/1"}],"replies":[{"embeddable":true,"href":"https:\/\/news.save.ch\/fr\/wp-json\/wp\/v2\/comments?post=2174"}],"version-history":[{"count":1,"href":"https:\/\/news.save.ch\/fr\/wp-json\/wp\/v2\/posts\/2174\/revisions"}],"predecessor-version":[{"id":18020,"href":"https:\/\/news.save.ch\/fr\/wp-json\/wp\/v2\/posts\/2174\/revisions\/18020"}],"wp:featuredmedia":[{"embeddable":true,"href":"https:\/\/news.save.ch\/fr\/wp-json\/wp\/v2\/media\/2176"}],"wp:attachment":[{"href":"https:\/\/news.save.ch\/fr\/wp-json\/wp\/v2\/media?parent=2174"}],"wp:term":[{"taxonomy":"category","embeddable":true,"href":"https:\/\/news.save.ch\/fr\/wp-json\/wp\/v2\/categories?post=2174"},{"taxonomy":"post_tag","embeddable":true,"href":"https:\/\/news.save.ch\/fr\/wp-json\/wp\/v2\/tags?post=2174"}],"curies":[{"name":"wp","href":"https:\/\/api.w.org\/{rel}","templated":true}]}}