{"id":21929,"date":"2023-08-28T11:30:32","date_gmt":"2023-08-28T09:30:32","guid":{"rendered":"https:\/\/news.save.ch\/?p=21929"},"modified":"2023-08-28T17:29:40","modified_gmt":"2023-08-28T15:29:40","slug":"lernenden-mit-der-sicherheitskultur-der-firma-vertraut-machen","status":null,"type":"post","link":"https:\/\/news.save.ch\/fr\/lernenden-mit-der-sicherheitskultur-der-firma-vertraut-machen\/","title":{"rendered":"Sensibiliser les apprentis aux risques d'accident"},"content":{"rendered":"<figure id=\"attachment_21931\" aria-describedby=\"caption-attachment-21931\" style=\"width: 680px\" class=\"wp-caption aligncenter\"><img loading=\"lazy\" decoding=\"async\" class=\"size-medium wp-image-21931\" src=\"https:\/\/news.save.ch\/wp-content\/uploads\/2023\/08\/Bild_2-680x453.jpeg\" alt=\"Pr\u00e9vention des accidents\" width=\"680\" height=\"453\" srcset=\"https:\/\/news.save.ch\/wp-content\/uploads\/2023\/08\/Bild_2-680x453.jpeg 680w, https:\/\/news.save.ch\/wp-content\/uploads\/2023\/08\/Bild_2-1024x683.jpeg 1024w, https:\/\/news.save.ch\/wp-content\/uploads\/2023\/08\/Bild_2-768x512.jpeg 768w, https:\/\/news.save.ch\/wp-content\/uploads\/2023\/08\/Bild_2-18x12.jpeg 18w, https:\/\/news.save.ch\/wp-content\/uploads\/2023\/08\/Bild_2-375x250.jpeg 375w, https:\/\/news.save.ch\/wp-content\/uploads\/2023\/08\/Bild_2-525x350.jpeg 525w, https:\/\/news.save.ch\/wp-content\/uploads\/2023\/08\/Bild_2-1000x667.jpeg 1000w, https:\/\/news.save.ch\/wp-content\/uploads\/2023\/08\/Bild_2-scaled.jpeg 1200w\" sizes=\"auto, (max-width: 680px) 100vw, 680px\" \/><figcaption id=\"caption-attachment-21931\" class=\"wp-caption-text\">L'entr\u00e9e dans la vie professionnelle est li\u00e9e \u00e0 des risques d'accident. \u00a9 Suva<\/figcaption><\/figure>\n<p>Pour de nombreux jeunes, une nouvelle \u00e9tape de leur vie a commenc\u00e9. Alors que certains pr\u00e9f\u00e8rent poursuivre leur formation scolaire, d'autres osent se lancer dans la vie professionnelle. Selon l'Office f\u00e9d\u00e9ral de la statistique (OFS), plus de 60 000 jeunes optent chaque ann\u00e9e pour un apprentissage professionnel. En 2021, l'OFS a enregistr\u00e9 un total d'environ 212 000 jeunes en apprentissage.<\/p>\n<h3>Les apprentis ont deux fois plus d'accidents<\/h3>\n<p>Un coup d'\u0153il sur les statistiques montre que l'entr\u00e9e dans la vie professionnelle est \u00e9galement li\u00e9e \u00e0 des dangers. Le risque d'\u00eatre victime d'un accident professionnel est pratiquement deux fois plus \u00e9lev\u00e9 chez les apprentis que chez les autres salari\u00e9s. Pendant les loisirs, le risque d'accident est \u00e9galement 80% plus \u00e9lev\u00e9 chez les apprentis que chez les autres collaborateurs. Chaque ann\u00e9e, on d\u00e9nombre pr\u00e8s de 25 000 accidents professionnels et 43 000 accidents de loisirs chez les apprentis. Chaque ann\u00e9e, deux apprentis sont m\u00eame victimes d'un accident mortel dans l'exercice de leur profession.<\/p>\n<h3>Les mod\u00e8les importants ont une grande influence<\/h3>\n<p>Les raisons pour lesquelles les apprentis sont plus souvent victimes d'accidents sont \u00e9videntes. Pour les d\u00e9butants, tout est nouveau, ils n'ont pas l'habitude de manipuler des outils manuels et des machines. De plus, beaucoup sous-estiment les dangers ou surestiment leurs propres capacit\u00e9s. De plus, de nombreux accidents surviennent parce que les apprentis n'osent pas poser de questions en cas d'incertitude ou dire stop au moment du danger. C'est pourquoi les formateurs, les sup\u00e9rieurs, mais aussi les collaborateurs ont un r\u00f4le central \u00e0 jouer. Ils servent de mod\u00e8les et ont pour mission d'initier les apprentis \u00e0 la culture de la s\u00e9curit\u00e9 de l'entreprise.Dans cette interaction, le formateur joue un r\u00f4le cl\u00e9. Il est charg\u00e9 de veiller \u00e0 ce que les apprentis connaissent les r\u00e8gles vitales de la Suva, que ces r\u00e8gles soient syst\u00e9matiquement enseign\u00e9es et r\u00e9guli\u00e8rement r\u00e9p\u00e9t\u00e9es. L'utilisation des \u00e9quipements de protection individuelle (EPI) en fait \u00e9galement partie.<\/p>\n<h3>Une campagne de s\u00e9curit\u00e9 efficace<\/h3>\n<p>En 2012, la Suva a mis l'accent sur la pr\u00e9vention des accidents chez les apprentis avec la campagne \"Apprentissage s\u00fbr et sain\". L'offre s'adresse aux formateurs, aux \u00e9coles professionnelles et, en fin de compte, aux apprentis eux-m\u00eames et va des modules de pr\u00e9vention en ligne aux parcours d'aventure physiques. Le parcours d'aventure pour la s\u00e9curit\u00e9 au travail et pendant les loisirs et le module \"Fit for work &amp; life\" pour la sant\u00e9 psychique des apprentis constituent un outil de pr\u00e9vention central.<\/p>\n<p>Sur ces parcours, les apprenants peuvent exp\u00e9rimenter personnellement, sur un total de huit stations et cinq sous-modules, \u00e0 quel point un accident est vite arriv\u00e9 et ce \u00e0 quoi il faut faire attention pour l'\u00e9viter.<\/p>\n<p>Le travail de la Suva porte ses fruits, puisque depuis 2014, on observe une tendance \u00e0 la baisse du nombre d'accidents chez les apprentis.<\/p>\n<p><em>Auteur : Adrian Vonlanthen, porte-parole de la Suva\u00a0<\/em><\/p>","protected":false},"excerpt":{"rendered":"<p>F\u00fcr viele Jugendliche hat ein neuer Lebensabschnitt begonnen. W\u00e4hrend manche eine weiterf\u00fchrende schulische Ausbildung bevorzugen, wagen andere den Einstieg in das Berufsleben. Jedes Jahr sind es laut Bundesamt f\u00fcr Statistik (BfS) \u00fcber 60&#8217;000 Jugendliche, die sich f\u00fcr eine Berufslehre entscheiden. 2021 verzeichnete das BfS gesamthaft rund 212&#8217;000 Jugendliche, die in einem Lehrverh\u00e4ltnis standen. Lernende verunfallen [&hellip;]<\/p>\n","protected":false},"author":8,"featured_media":21931,"comment_status":"closed","ping_status":"closed","sticky":false,"template":"","format":"standard","meta":{"_acf_changed":false,"pgc_sgb_lightbox_settings":"","footnotes":""},"categories":[3314],"tags":[2460,141],"class_list":["post-21929","post","type-post","status-publish","format-standard","has-post-thumbnail","hentry","category-health-safety","tag-lernende","tag-praevention"],"acf":[],"hkrextid":null,"publication":null,"issue":null,"workflow":null,"startPage":null,"spitzmarke":null,"_posts_by_tag_page_fields":null,"_at_widget":null,"_yoast_wpseo_primary_category":"3314","_yoast_wpseo_focuskw_text_input":null,"_yoast_wpseo_opengraph-image":null,"_yoast_wpseo_opengraph-description":null,"_yoast_wpseo_opengraph-title":null,"enclosure":null,"_yoast_wpseo_twitter-title":null,"_yoast_wpseo_twitter-description":null,"_yoast_wpseo_twitter-image":null,"_wp_old_slug":null,"_yoast_wpseo_title":null,"_yoast_wpseo_canonical":null,"yoast_head":"<!-- This site is optimized with the Yoast SEO plugin v27.5 - https:\/\/yoast.com\/product\/yoast-seo-wordpress\/ -->\n<title>Lernende f\u00fcr Unfallgefahren sensibilisieren - Save<\/title>\n<meta name=\"description\" content=\"J\u00e4hrlich erleidet jeder achte Lernende einen Berufsunfall. Deshalb gilt es, f\u00fcr Unfallgefahren zu sensibilisieren.\" \/>\n<meta name=\"robots\" content=\"index, follow, max-snippet:-1, max-image-preview:large, max-video-preview:-1\" \/>\n<link rel=\"canonical\" href=\"https:\/\/news.save.ch\/fr\/lernenden-mit-der-sicherheitskultur-der-firma-vertraut-machen\/\" \/>\n<meta property=\"og:locale\" content=\"fr_FR\" \/>\n<meta property=\"og:type\" content=\"article\" \/>\n<meta property=\"og:title\" content=\"Lernende f\u00fcr Unfallgefahren sensibilisieren - Save\" \/>\n<meta property=\"og:description\" content=\"J\u00e4hrlich erleidet jeder achte Lernende einen Berufsunfall. Deshalb gilt es, f\u00fcr Unfallgefahren zu sensibilisieren.\" \/>\n<meta property=\"og:url\" content=\"https:\/\/news.save.ch\/fr\/lernenden-mit-der-sicherheitskultur-der-firma-vertraut-machen\/\" \/>\n<meta property=\"og:site_name\" content=\"Save\" \/>\n<meta property=\"article:published_time\" content=\"2023-08-28T09:30:32+00:00\" \/>\n<meta property=\"article:modified_time\" content=\"2023-08-28T15:29:40+00:00\" \/>\n<meta property=\"og:image\" content=\"https:\/\/news.save.ch\/wp-content\/uploads\/2023\/08\/Bild_2-scaled.jpeg\" \/>\n\t<meta property=\"og:image:width\" content=\"1200\" \/>\n\t<meta property=\"og:image:height\" content=\"800\" \/>\n\t<meta property=\"og:image:type\" content=\"image\/jpeg\" \/>\n<meta name=\"author\" content=\"Roger Str\u00e4ssle\" \/>\n<meta name=\"twitter:card\" content=\"summary_large_image\" \/>\n<meta name=\"twitter:label1\" content=\"\u00c9crit par\" \/>\n\t<meta name=\"twitter:data1\" content=\"Roger Str\u00e4ssle\" \/>\n\t<meta name=\"twitter:label2\" content=\"Dur\u00e9e de lecture estim\u00e9e\" \/>\n\t<meta name=\"twitter:data2\" content=\"3 minutes\" \/>\n<script type=\"application\/ld+json\" class=\"yoast-schema-graph\">{\"@context\":\"https:\\\/\\\/schema.org\",\"@graph\":[{\"@type\":\"Article\",\"@id\":\"https:\\\/\\\/news.save.ch\\\/lernenden-mit-der-sicherheitskultur-der-firma-vertraut-machen\\\/#article\",\"isPartOf\":{\"@id\":\"https:\\\/\\\/news.save.ch\\\/lernenden-mit-der-sicherheitskultur-der-firma-vertraut-machen\\\/\"},\"author\":{\"name\":\"Roger Str\u00e4ssle\",\"@id\":\"https:\\\/\\\/news.save.ch\\\/de\\\/#\\\/schema\\\/person\\\/d5022db048e0e2b9785c50e5b24da5aa\"},\"headline\":\"Lernende f\u00fcr Unfallgefahren sensibilisieren\",\"datePublished\":\"2023-08-28T09:30:32+00:00\",\"dateModified\":\"2023-08-28T15:29:40+00:00\",\"mainEntityOfPage\":{\"@id\":\"https:\\\/\\\/news.save.ch\\\/lernenden-mit-der-sicherheitskultur-der-firma-vertraut-machen\\\/\"},\"wordCount\":431,\"publisher\":{\"@id\":\"https:\\\/\\\/news.save.ch\\\/de\\\/#organization\"},\"image\":{\"@id\":\"https:\\\/\\\/news.save.ch\\\/lernenden-mit-der-sicherheitskultur-der-firma-vertraut-machen\\\/#primaryimage\"},\"thumbnailUrl\":\"https:\\\/\\\/news.save.ch\\\/wp-content\\\/uploads\\\/2023\\\/08\\\/Bild_2-scaled.jpeg\",\"keywords\":[\"Lernende\",\"Pr\u00e4vention\"],\"articleSection\":[\"HEALTH &amp; SAFETY\"],\"inLanguage\":\"fr-FR\"},{\"@type\":\"WebPage\",\"@id\":\"https:\\\/\\\/news.save.ch\\\/lernenden-mit-der-sicherheitskultur-der-firma-vertraut-machen\\\/\",\"url\":\"https:\\\/\\\/news.save.ch\\\/lernenden-mit-der-sicherheitskultur-der-firma-vertraut-machen\\\/\",\"name\":\"Lernende f\u00fcr Unfallgefahren sensibilisieren - Save\",\"isPartOf\":{\"@id\":\"https:\\\/\\\/news.save.ch\\\/de\\\/#website\"},\"primaryImageOfPage\":{\"@id\":\"https:\\\/\\\/news.save.ch\\\/lernenden-mit-der-sicherheitskultur-der-firma-vertraut-machen\\\/#primaryimage\"},\"image\":{\"@id\":\"https:\\\/\\\/news.save.ch\\\/lernenden-mit-der-sicherheitskultur-der-firma-vertraut-machen\\\/#primaryimage\"},\"thumbnailUrl\":\"https:\\\/\\\/news.save.ch\\\/wp-content\\\/uploads\\\/2023\\\/08\\\/Bild_2-scaled.jpeg\",\"datePublished\":\"2023-08-28T09:30:32+00:00\",\"dateModified\":\"2023-08-28T15:29:40+00:00\",\"description\":\"J\u00e4hrlich erleidet jeder achte Lernende einen Berufsunfall. Deshalb gilt es, f\u00fcr Unfallgefahren zu sensibilisieren.\",\"breadcrumb\":{\"@id\":\"https:\\\/\\\/news.save.ch\\\/lernenden-mit-der-sicherheitskultur-der-firma-vertraut-machen\\\/#breadcrumb\"},\"inLanguage\":\"fr-FR\",\"potentialAction\":[{\"@type\":\"ReadAction\",\"target\":[\"https:\\\/\\\/news.save.ch\\\/lernenden-mit-der-sicherheitskultur-der-firma-vertraut-machen\\\/\"]}]},{\"@type\":\"ImageObject\",\"inLanguage\":\"fr-FR\",\"@id\":\"https:\\\/\\\/news.save.ch\\\/lernenden-mit-der-sicherheitskultur-der-firma-vertraut-machen\\\/#primaryimage\",\"url\":\"https:\\\/\\\/news.save.ch\\\/wp-content\\\/uploads\\\/2023\\\/08\\\/Bild_2-scaled.jpeg\",\"contentUrl\":\"https:\\\/\\\/news.save.ch\\\/wp-content\\\/uploads\\\/2023\\\/08\\\/Bild_2-scaled.jpeg\",\"width\":1200,\"height\":800,\"caption\":\"\u00a9 Suva\"},{\"@type\":\"BreadcrumbList\",\"@id\":\"https:\\\/\\\/news.save.ch\\\/lernenden-mit-der-sicherheitskultur-der-firma-vertraut-machen\\\/#breadcrumb\",\"itemListElement\":[{\"@type\":\"ListItem\",\"position\":1,\"name\":\"Home\",\"item\":\"https:\\\/\\\/news.save.ch\\\/de\\\/\"},{\"@type\":\"ListItem\",\"position\":2,\"name\":\"Lernende f\u00fcr Unfallgefahren sensibilisieren\"}]},{\"@type\":\"WebSite\",\"@id\":\"https:\\\/\\\/news.save.ch\\\/de\\\/#website\",\"url\":\"https:\\\/\\\/news.save.ch\\\/de\\\/\",\"name\":\"Save\",\"description\":\"Schweizer Fachzeitschrift f\u00fcr Sicherheit\",\"publisher\":{\"@id\":\"https:\\\/\\\/news.save.ch\\\/de\\\/#organization\"},\"potentialAction\":[{\"@type\":\"SearchAction\",\"target\":{\"@type\":\"EntryPoint\",\"urlTemplate\":\"https:\\\/\\\/news.save.ch\\\/de\\\/?s={search_term_string}\"},\"query-input\":{\"@type\":\"PropertyValueSpecification\",\"valueRequired\":true,\"valueName\":\"search_term_string\"}}],\"inLanguage\":\"fr-FR\"},{\"@type\":\"Organization\",\"@id\":\"https:\\\/\\\/news.save.ch\\\/de\\\/#organization\",\"name\":\"Sicherheitsforum\",\"url\":\"https:\\\/\\\/news.save.ch\\\/de\\\/\",\"logo\":{\"@type\":\"ImageObject\",\"inLanguage\":\"fr-FR\",\"@id\":\"https:\\\/\\\/news.save.ch\\\/de\\\/#\\\/schema\\\/logo\\\/image\\\/\",\"url\":\"https:\\\/\\\/news.save.ch\\\/wp-content\\\/uploads\\\/2022\\\/06\\\/Logo_SF_2012.png\",\"contentUrl\":\"https:\\\/\\\/news.save.ch\\\/wp-content\\\/uploads\\\/2022\\\/06\\\/Logo_SF_2012.png\",\"width\":1100,\"height\":91,\"caption\":\"Sicherheitsforum\"},\"image\":{\"@id\":\"https:\\\/\\\/news.save.ch\\\/de\\\/#\\\/schema\\\/logo\\\/image\\\/\"}},{\"@type\":\"Person\",\"@id\":\"https:\\\/\\\/news.save.ch\\\/de\\\/#\\\/schema\\\/person\\\/d5022db048e0e2b9785c50e5b24da5aa\",\"name\":\"Roger Str\u00e4ssle\",\"image\":{\"@type\":\"ImageObject\",\"inLanguage\":\"fr-FR\",\"@id\":\"https:\\\/\\\/secure.gravatar.com\\\/avatar\\\/862a5569d087de48e5856e32f45d719a03804c891d6deb8d4f71a660e79e4a47?s=96&d=mm&r=g\",\"url\":\"https:\\\/\\\/secure.gravatar.com\\\/avatar\\\/862a5569d087de48e5856e32f45d719a03804c891d6deb8d4f71a660e79e4a47?s=96&d=mm&r=g\",\"contentUrl\":\"https:\\\/\\\/secure.gravatar.com\\\/avatar\\\/862a5569d087de48e5856e32f45d719a03804c891d6deb8d4f71a660e79e4a47?s=96&d=mm&r=g\",\"caption\":\"Roger Str\u00e4ssle\"},\"url\":\"https:\\\/\\\/news.save.ch\\\/fr\\\/author\\\/roger-straessle\\\/\"}]}<\/script>\n<!-- \/ Yoast SEO plugin. -->","yoast_head_json":{"title":"Sensibiliser les apprentis aux risques d'accident - Save","description":"Chaque ann\u00e9e, un apprenti sur huit est victime d'un accident professionnel. Il convient donc de sensibiliser aux risques d'accident.","robots":{"index":"index","follow":"follow","max-snippet":"max-snippet:-1","max-image-preview":"max-image-preview:large","max-video-preview":"max-video-preview:-1"},"canonical":"https:\/\/news.save.ch\/fr\/lernenden-mit-der-sicherheitskultur-der-firma-vertraut-machen\/","og_locale":"fr_FR","og_type":"article","og_title":"Lernende f\u00fcr Unfallgefahren sensibilisieren - Save","og_description":"J\u00e4hrlich erleidet jeder achte Lernende einen Berufsunfall. Deshalb gilt es, f\u00fcr Unfallgefahren zu sensibilisieren.","og_url":"https:\/\/news.save.ch\/fr\/lernenden-mit-der-sicherheitskultur-der-firma-vertraut-machen\/","og_site_name":"Save","article_published_time":"2023-08-28T09:30:32+00:00","article_modified_time":"2023-08-28T15:29:40+00:00","og_image":[{"width":1200,"height":800,"url":"https:\/\/news.save.ch\/wp-content\/uploads\/2023\/08\/Bild_2-scaled.jpeg","type":"image\/jpeg"}],"author":"Roger Str\u00e4ssle","twitter_card":"summary_large_image","twitter_misc":{"\u00c9crit par":"Roger Str\u00e4ssle","Dur\u00e9e de lecture estim\u00e9e":"3 minutes"},"schema":{"@context":"https:\/\/schema.org","@graph":[{"@type":"Article","@id":"https:\/\/news.save.ch\/lernenden-mit-der-sicherheitskultur-der-firma-vertraut-machen\/#article","isPartOf":{"@id":"https:\/\/news.save.ch\/lernenden-mit-der-sicherheitskultur-der-firma-vertraut-machen\/"},"author":{"name":"Roger Str\u00e4ssle","@id":"https:\/\/news.save.ch\/de\/#\/schema\/person\/d5022db048e0e2b9785c50e5b24da5aa"},"headline":"Lernende f\u00fcr Unfallgefahren sensibilisieren","datePublished":"2023-08-28T09:30:32+00:00","dateModified":"2023-08-28T15:29:40+00:00","mainEntityOfPage":{"@id":"https:\/\/news.save.ch\/lernenden-mit-der-sicherheitskultur-der-firma-vertraut-machen\/"},"wordCount":431,"publisher":{"@id":"https:\/\/news.save.ch\/de\/#organization"},"image":{"@id":"https:\/\/news.save.ch\/lernenden-mit-der-sicherheitskultur-der-firma-vertraut-machen\/#primaryimage"},"thumbnailUrl":"https:\/\/news.save.ch\/wp-content\/uploads\/2023\/08\/Bild_2-scaled.jpeg","keywords":["Lernende","Pr\u00e4vention"],"articleSection":["HEALTH &amp; SAFETY"],"inLanguage":"fr-FR"},{"@type":"WebPage","@id":"https:\/\/news.save.ch\/lernenden-mit-der-sicherheitskultur-der-firma-vertraut-machen\/","url":"https:\/\/news.save.ch\/lernenden-mit-der-sicherheitskultur-der-firma-vertraut-machen\/","name":"Sensibiliser les apprentis aux risques d'accident - Save","isPartOf":{"@id":"https:\/\/news.save.ch\/de\/#website"},"primaryImageOfPage":{"@id":"https:\/\/news.save.ch\/lernenden-mit-der-sicherheitskultur-der-firma-vertraut-machen\/#primaryimage"},"image":{"@id":"https:\/\/news.save.ch\/lernenden-mit-der-sicherheitskultur-der-firma-vertraut-machen\/#primaryimage"},"thumbnailUrl":"https:\/\/news.save.ch\/wp-content\/uploads\/2023\/08\/Bild_2-scaled.jpeg","datePublished":"2023-08-28T09:30:32+00:00","dateModified":"2023-08-28T15:29:40+00:00","description":"Chaque ann\u00e9e, un apprenti sur huit est victime d'un accident professionnel. Il convient donc de sensibiliser aux risques d'accident.","breadcrumb":{"@id":"https:\/\/news.save.ch\/lernenden-mit-der-sicherheitskultur-der-firma-vertraut-machen\/#breadcrumb"},"inLanguage":"fr-FR","potentialAction":[{"@type":"ReadAction","target":["https:\/\/news.save.ch\/lernenden-mit-der-sicherheitskultur-der-firma-vertraut-machen\/"]}]},{"@type":"ImageObject","inLanguage":"fr-FR","@id":"https:\/\/news.save.ch\/lernenden-mit-der-sicherheitskultur-der-firma-vertraut-machen\/#primaryimage","url":"https:\/\/news.save.ch\/wp-content\/uploads\/2023\/08\/Bild_2-scaled.jpeg","contentUrl":"https:\/\/news.save.ch\/wp-content\/uploads\/2023\/08\/Bild_2-scaled.jpeg","width":1200,"height":800,"caption":"\u00a9 Suva"},{"@type":"BreadcrumbList","@id":"https:\/\/news.save.ch\/lernenden-mit-der-sicherheitskultur-der-firma-vertraut-machen\/#breadcrumb","itemListElement":[{"@type":"ListItem","position":1,"name":"Home","item":"https:\/\/news.save.ch\/de\/"},{"@type":"ListItem","position":2,"name":"Lernende f\u00fcr Unfallgefahren sensibilisieren"}]},{"@type":"WebSite","@id":"https:\/\/news.save.ch\/de\/#website","url":"https:\/\/news.save.ch\/de\/","name":"Save","description":"Revue suisse sp\u00e9cialis\u00e9e dans la s\u00e9curit\u00e9","publisher":{"@id":"https:\/\/news.save.ch\/de\/#organization"},"potentialAction":[{"@type":"SearchAction","target":{"@type":"EntryPoint","urlTemplate":"https:\/\/news.save.ch\/de\/?s={search_term_string}"},"query-input":{"@type":"PropertyValueSpecification","valueRequired":true,"valueName":"search_term_string"}}],"inLanguage":"fr-FR"},{"@type":"Organization","@id":"https:\/\/news.save.ch\/de\/#organization","name":"Forum sur la s\u00e9curit\u00e9","url":"https:\/\/news.save.ch\/de\/","logo":{"@type":"ImageObject","inLanguage":"fr-FR","@id":"https:\/\/news.save.ch\/de\/#\/schema\/logo\/image\/","url":"https:\/\/news.save.ch\/wp-content\/uploads\/2022\/06\/Logo_SF_2012.png","contentUrl":"https:\/\/news.save.ch\/wp-content\/uploads\/2022\/06\/Logo_SF_2012.png","width":1100,"height":91,"caption":"Sicherheitsforum"},"image":{"@id":"https:\/\/news.save.ch\/de\/#\/schema\/logo\/image\/"}},{"@type":"Person","@id":"https:\/\/news.save.ch\/de\/#\/schema\/person\/d5022db048e0e2b9785c50e5b24da5aa","name":"Roger Str\u00e4ssle","image":{"@type":"ImageObject","inLanguage":"fr-FR","@id":"https:\/\/secure.gravatar.com\/avatar\/862a5569d087de48e5856e32f45d719a03804c891d6deb8d4f71a660e79e4a47?s=96&d=mm&r=g","url":"https:\/\/secure.gravatar.com\/avatar\/862a5569d087de48e5856e32f45d719a03804c891d6deb8d4f71a660e79e4a47?s=96&d=mm&r=g","contentUrl":"https:\/\/secure.gravatar.com\/avatar\/862a5569d087de48e5856e32f45d719a03804c891d6deb8d4f71a660e79e4a47?s=96&d=mm&r=g","caption":"Roger Str\u00e4ssle"},"url":"https:\/\/news.save.ch\/fr\/author\/roger-straessle\/"}]}},"_links":{"self":[{"href":"https:\/\/news.save.ch\/fr\/wp-json\/wp\/v2\/posts\/21929","targetHints":{"allow":["GET"]}}],"collection":[{"href":"https:\/\/news.save.ch\/fr\/wp-json\/wp\/v2\/posts"}],"about":[{"href":"https:\/\/news.save.ch\/fr\/wp-json\/wp\/v2\/types\/post"}],"author":[{"embeddable":true,"href":"https:\/\/news.save.ch\/fr\/wp-json\/wp\/v2\/users\/8"}],"replies":[{"embeddable":true,"href":"https:\/\/news.save.ch\/fr\/wp-json\/wp\/v2\/comments?post=21929"}],"version-history":[{"count":7,"href":"https:\/\/news.save.ch\/fr\/wp-json\/wp\/v2\/posts\/21929\/revisions"}],"predecessor-version":[{"id":21954,"href":"https:\/\/news.save.ch\/fr\/wp-json\/wp\/v2\/posts\/21929\/revisions\/21954"}],"wp:featuredmedia":[{"embeddable":true,"href":"https:\/\/news.save.ch\/fr\/wp-json\/wp\/v2\/media\/21931"}],"wp:attachment":[{"href":"https:\/\/news.save.ch\/fr\/wp-json\/wp\/v2\/media?parent=21929"}],"wp:term":[{"taxonomy":"category","embeddable":true,"href":"https:\/\/news.save.ch\/fr\/wp-json\/wp\/v2\/categories?post=21929"},{"taxonomy":"post_tag","embeddable":true,"href":"https:\/\/news.save.ch\/fr\/wp-json\/wp\/v2\/tags?post=21929"}],"curies":[{"name":"wp","href":"https:\/\/api.w.org\/{rel}","templated":true}]}}