{"id":21955,"date":"2023-08-31T12:21:26","date_gmt":"2023-08-31T10:21:26","guid":{"rendered":"https:\/\/news.save.ch\/?p=21955"},"modified":"2023-08-31T13:32:14","modified_gmt":"2023-08-31T11:32:14","slug":"datensicherung-sicherheitsbehoerden-rufen-zu-backups-auf","status":null,"type":"post","link":"https:\/\/news.save.ch\/fr\/datensicherung-sicherheitsbehoerden-rufen-zu-backups-auf\/","title":{"rendered":"Les autorit\u00e9s de s\u00e9curit\u00e9 appellent \u00e0 faire des sauvegardes"},"content":{"rendered":"<figure id=\"attachment_21956\" aria-describedby=\"caption-attachment-21956\" style=\"width: 680px\" class=\"wp-caption aligncenter\"><img loading=\"lazy\" decoding=\"async\" class=\"size-medium wp-image-21956\" src=\"https:\/\/news.save.ch\/wp-content\/uploads\/2023\/08\/Depositphotos_35938921_S-680x510.jpg\" alt=\"Sauvegarde\" width=\"680\" height=\"510\" srcset=\"https:\/\/news.save.ch\/wp-content\/uploads\/2023\/08\/Depositphotos_35938921_S-680x510.jpg 680w, https:\/\/news.save.ch\/wp-content\/uploads\/2023\/08\/Depositphotos_35938921_S-768x576.jpg 768w, https:\/\/news.save.ch\/wp-content\/uploads\/2023\/08\/Depositphotos_35938921_S-16x12.jpg 16w, https:\/\/news.save.ch\/wp-content\/uploads\/2023\/08\/Depositphotos_35938921_S-375x281.jpg 375w, https:\/\/news.save.ch\/wp-content\/uploads\/2023\/08\/Depositphotos_35938921_S-467x350.jpg 467w, https:\/\/news.save.ch\/wp-content\/uploads\/2023\/08\/Depositphotos_35938921_S.jpg 1000w\" sizes=\"auto, (max-width: 680px) 100vw, 680px\" \/><figcaption id=\"caption-attachment-21956\" class=\"wp-caption-text\">Depositphotos, maxkabakov<\/figcaption><\/figure>\n<p>Que ce soit pour les particuliers ou les PME, c'est lorsque des donn\u00e9es importantes sont perdues que beaucoup prennent conscience de l'importance des sauvegardes de donn\u00e9es. Mais il est alors malheureusement trop tard. C'est pourquoi la <a href=\"http:\/\/S-U-P-E-R.ch\" target=\"_blank\" rel=\"noopener\">Campagne de sensibilisation<\/a> <a href=\"http:\/\/S-U-P-E-R.ch\" target=\"_blank\" rel=\"noopener\">S-U-P-E-R.ch<\/a> l'accent actuel sur le \"S\" comme \"Sauvegarder\". Les sauvegardes ne prot\u00e8gent pas seulement les donn\u00e9es contre la perte due \u00e0 des appareils d\u00e9fectueux ou au vol, elles constituent \u00e9galement un soutien important en cas de cyberattaques et de tentatives de chantage, comme le soulignent le Centre national de cybers\u00e9curit\u00e9 (NCSC), la Pr\u00e9vention suisse de la criminalit\u00e9 (PSC) et les corps de police cantonaux et municipaux qui lancent la campagne. Celui qui peut acc\u00e9der \u00e0 ses donn\u00e9es s\u00e9curis\u00e9es est moins expos\u00e9 au chantage des cybercriminels en cas de cryptage des donn\u00e9es. Les sauvegardes de donn\u00e9es sont donc une \u00e9tape importante pour une meilleure cybers\u00e9curit\u00e9. Les sauvegardes devraient en outre \u00eatre s\u00e9par\u00e9es du r\u00e9seau et conserv\u00e9es en lieu s\u00fbr, afin que les pirates ne puissent pas en plus les crypter, selon le conseil. Les sauvegardes de donn\u00e9es devraient \u00eatre effectu\u00e9es r\u00e9guli\u00e8rement et int\u00e9gr\u00e9es dans la vie quotidienne. Cela vaut pour les entreprises, les organisations et les particuliers. Ci-dessous, quelques conseils importants en mati\u00e8re de sauvegarde :<\/p>\n<ul>\n<li>Sauvegardez r\u00e9guli\u00e8rement vos donn\u00e9es sur un disque dur externe ou sur un cloud.<\/li>\n<li>Faites plusieurs sauvegardes (par exemple une sur un disque dur externe et une autre dans le cloud).<\/li>\n<li>V\u00e9rifiez si les donn\u00e9es sont incluses dans la sauvegarde et si vous pouvez les restaurer.<\/li>\n<li>Ne connectez un disque dur externe qu'en cas d'utilisation et non en permanence, afin d'\u00e9viter la transmission d'\u00e9ventuels logiciels malveillants.<\/li>\n<\/ul>\n<p><em>Pour plus d'informations, consultez le site web de la campagne. <a href=\"http:\/\/S-U-P-E-R.ch\">S-U-P-E-R.ch<\/a>. Des vid\u00e9os d'apprentissage fournissent les informations les plus importantes. La campagne dure jusqu'au 30 septembre 2023.<\/em><\/p>","protected":false},"excerpt":{"rendered":"<p>Ob Privatpersonen oder KMU &#8211; wenn wichtige Daten verloren gehen, wird vielen erst klar, wie bedeutend Datensicherungen &#8211; sprich Backups &#8211; sind. Doch dann ist es leider zu sp\u00e4t. Deshalb legt die Sensibilisierungskampagne S-U-P-E-R.ch den aktuellen Fokus auf das \u00abS\u00bb wie \u00abSichern\u00bb. Backups sch\u00fctzen die Daten nicht nur vor Verlust durch defekte Ger\u00e4te oder Diebstahl, [&hellip;]<\/p>\n","protected":false},"author":8,"featured_media":21956,"comment_status":"closed","ping_status":"closed","sticky":false,"template":"","format":"standard","meta":{"_acf_changed":false,"pgc_sgb_lightbox_settings":"","footnotes":""},"categories":[3313],"tags":[777],"class_list":["post-21955","post","type-post","status-publish","format-standard","has-post-thumbnail","hentry","category-digitalisierung","tag-backup"],"acf":[],"hkrextid":null,"publication":null,"issue":null,"workflow":null,"startPage":null,"spitzmarke":null,"_posts_by_tag_page_fields":null,"_at_widget":null,"_yoast_wpseo_primary_category":"3313","_yoast_wpseo_focuskw_text_input":null,"_yoast_wpseo_opengraph-image":null,"_yoast_wpseo_opengraph-description":null,"_yoast_wpseo_opengraph-title":null,"enclosure":null,"_yoast_wpseo_twitter-title":null,"_yoast_wpseo_twitter-description":null,"_yoast_wpseo_twitter-image":null,"_wp_old_slug":null,"_yoast_wpseo_title":null,"_yoast_wpseo_canonical":null,"yoast_head":"<!-- This site is optimized with the Yoast SEO plugin v27.5 - https:\/\/yoast.com\/product\/yoast-seo-wordpress\/ -->\n<title>Sicherheitsbeh\u00f6rden rufen zu Backups auf - Save<\/title>\n<meta name=\"description\" content=\"Das regelm\u00e4ssige Sichern (Backups) von Daten ist sehr wichtig und tr\u00e4gt massgeblich zur Cybersicherheit bei.\" \/>\n<meta name=\"robots\" content=\"index, follow, max-snippet:-1, max-image-preview:large, max-video-preview:-1\" \/>\n<link rel=\"canonical\" href=\"https:\/\/news.save.ch\/fr\/datensicherung-sicherheitsbehoerden-rufen-zu-backups-auf\/\" \/>\n<meta property=\"og:locale\" content=\"fr_FR\" \/>\n<meta property=\"og:type\" content=\"article\" \/>\n<meta property=\"og:title\" content=\"Sicherheitsbeh\u00f6rden rufen zu Backups auf - Save\" \/>\n<meta property=\"og:description\" content=\"Das regelm\u00e4ssige Sichern (Backups) von Daten ist sehr wichtig und tr\u00e4gt massgeblich zur Cybersicherheit bei.\" \/>\n<meta property=\"og:url\" content=\"https:\/\/news.save.ch\/fr\/datensicherung-sicherheitsbehoerden-rufen-zu-backups-auf\/\" \/>\n<meta property=\"og:site_name\" content=\"Save\" \/>\n<meta property=\"article:published_time\" content=\"2023-08-31T10:21:26+00:00\" \/>\n<meta property=\"article:modified_time\" content=\"2023-08-31T11:32:14+00:00\" \/>\n<meta property=\"og:image\" content=\"https:\/\/news.save.ch\/wp-content\/uploads\/2023\/08\/Depositphotos_35938921_S.jpg\" \/>\n\t<meta property=\"og:image:width\" content=\"1000\" \/>\n\t<meta property=\"og:image:height\" content=\"750\" \/>\n\t<meta property=\"og:image:type\" content=\"image\/jpeg\" \/>\n<meta name=\"author\" content=\"Roger Str\u00e4ssle\" \/>\n<meta name=\"twitter:card\" content=\"summary_large_image\" \/>\n<meta name=\"twitter:label1\" content=\"\u00c9crit par\" \/>\n\t<meta name=\"twitter:data1\" content=\"Roger Str\u00e4ssle\" \/>\n\t<meta name=\"twitter:label2\" content=\"Dur\u00e9e de lecture estim\u00e9e\" \/>\n\t<meta name=\"twitter:data2\" content=\"2 minutes\" \/>\n<script type=\"application\/ld+json\" class=\"yoast-schema-graph\">{\"@context\":\"https:\\\/\\\/schema.org\",\"@graph\":[{\"@type\":\"Article\",\"@id\":\"https:\\\/\\\/news.save.ch\\\/datensicherung-sicherheitsbehoerden-rufen-zu-backups-auf\\\/#article\",\"isPartOf\":{\"@id\":\"https:\\\/\\\/news.save.ch\\\/datensicherung-sicherheitsbehoerden-rufen-zu-backups-auf\\\/\"},\"author\":{\"name\":\"Roger Str\u00e4ssle\",\"@id\":\"https:\\\/\\\/news.save.ch\\\/de\\\/#\\\/schema\\\/person\\\/d5022db048e0e2b9785c50e5b24da5aa\"},\"headline\":\"Sicherheitsbeh\u00f6rden rufen zu Backups auf\",\"datePublished\":\"2023-08-31T10:21:26+00:00\",\"dateModified\":\"2023-08-31T11:32:14+00:00\",\"mainEntityOfPage\":{\"@id\":\"https:\\\/\\\/news.save.ch\\\/datensicherung-sicherheitsbehoerden-rufen-zu-backups-auf\\\/\"},\"wordCount\":277,\"publisher\":{\"@id\":\"https:\\\/\\\/news.save.ch\\\/de\\\/#organization\"},\"image\":{\"@id\":\"https:\\\/\\\/news.save.ch\\\/datensicherung-sicherheitsbehoerden-rufen-zu-backups-auf\\\/#primaryimage\"},\"thumbnailUrl\":\"https:\\\/\\\/news.save.ch\\\/wp-content\\\/uploads\\\/2023\\\/08\\\/Depositphotos_35938921_S.jpg\",\"keywords\":[\"Backup\"],\"articleSection\":[\"DIGITALISIERUNG\"],\"inLanguage\":\"fr-FR\"},{\"@type\":\"WebPage\",\"@id\":\"https:\\\/\\\/news.save.ch\\\/datensicherung-sicherheitsbehoerden-rufen-zu-backups-auf\\\/\",\"url\":\"https:\\\/\\\/news.save.ch\\\/datensicherung-sicherheitsbehoerden-rufen-zu-backups-auf\\\/\",\"name\":\"Sicherheitsbeh\u00f6rden rufen zu Backups auf - Save\",\"isPartOf\":{\"@id\":\"https:\\\/\\\/news.save.ch\\\/de\\\/#website\"},\"primaryImageOfPage\":{\"@id\":\"https:\\\/\\\/news.save.ch\\\/datensicherung-sicherheitsbehoerden-rufen-zu-backups-auf\\\/#primaryimage\"},\"image\":{\"@id\":\"https:\\\/\\\/news.save.ch\\\/datensicherung-sicherheitsbehoerden-rufen-zu-backups-auf\\\/#primaryimage\"},\"thumbnailUrl\":\"https:\\\/\\\/news.save.ch\\\/wp-content\\\/uploads\\\/2023\\\/08\\\/Depositphotos_35938921_S.jpg\",\"datePublished\":\"2023-08-31T10:21:26+00:00\",\"dateModified\":\"2023-08-31T11:32:14+00:00\",\"description\":\"Das regelm\u00e4ssige Sichern (Backups) von Daten ist sehr wichtig und tr\u00e4gt massgeblich zur Cybersicherheit bei.\",\"breadcrumb\":{\"@id\":\"https:\\\/\\\/news.save.ch\\\/datensicherung-sicherheitsbehoerden-rufen-zu-backups-auf\\\/#breadcrumb\"},\"inLanguage\":\"fr-FR\",\"potentialAction\":[{\"@type\":\"ReadAction\",\"target\":[\"https:\\\/\\\/news.save.ch\\\/datensicherung-sicherheitsbehoerden-rufen-zu-backups-auf\\\/\"]}]},{\"@type\":\"ImageObject\",\"inLanguage\":\"fr-FR\",\"@id\":\"https:\\\/\\\/news.save.ch\\\/datensicherung-sicherheitsbehoerden-rufen-zu-backups-auf\\\/#primaryimage\",\"url\":\"https:\\\/\\\/news.save.ch\\\/wp-content\\\/uploads\\\/2023\\\/08\\\/Depositphotos_35938921_S.jpg\",\"contentUrl\":\"https:\\\/\\\/news.save.ch\\\/wp-content\\\/uploads\\\/2023\\\/08\\\/Depositphotos_35938921_S.jpg\",\"width\":1000,\"height\":750,\"caption\":\"Depositphotos, maxkabakov\"},{\"@type\":\"BreadcrumbList\",\"@id\":\"https:\\\/\\\/news.save.ch\\\/datensicherung-sicherheitsbehoerden-rufen-zu-backups-auf\\\/#breadcrumb\",\"itemListElement\":[{\"@type\":\"ListItem\",\"position\":1,\"name\":\"Home\",\"item\":\"https:\\\/\\\/news.save.ch\\\/de\\\/\"},{\"@type\":\"ListItem\",\"position\":2,\"name\":\"Sicherheitsbeh\u00f6rden rufen zu Backups auf\"}]},{\"@type\":\"WebSite\",\"@id\":\"https:\\\/\\\/news.save.ch\\\/de\\\/#website\",\"url\":\"https:\\\/\\\/news.save.ch\\\/de\\\/\",\"name\":\"Save\",\"description\":\"Schweizer Fachzeitschrift f\u00fcr Sicherheit\",\"publisher\":{\"@id\":\"https:\\\/\\\/news.save.ch\\\/de\\\/#organization\"},\"potentialAction\":[{\"@type\":\"SearchAction\",\"target\":{\"@type\":\"EntryPoint\",\"urlTemplate\":\"https:\\\/\\\/news.save.ch\\\/de\\\/?s={search_term_string}\"},\"query-input\":{\"@type\":\"PropertyValueSpecification\",\"valueRequired\":true,\"valueName\":\"search_term_string\"}}],\"inLanguage\":\"fr-FR\"},{\"@type\":\"Organization\",\"@id\":\"https:\\\/\\\/news.save.ch\\\/de\\\/#organization\",\"name\":\"Sicherheitsforum\",\"url\":\"https:\\\/\\\/news.save.ch\\\/de\\\/\",\"logo\":{\"@type\":\"ImageObject\",\"inLanguage\":\"fr-FR\",\"@id\":\"https:\\\/\\\/news.save.ch\\\/de\\\/#\\\/schema\\\/logo\\\/image\\\/\",\"url\":\"https:\\\/\\\/news.save.ch\\\/wp-content\\\/uploads\\\/2022\\\/06\\\/Logo_SF_2012.png\",\"contentUrl\":\"https:\\\/\\\/news.save.ch\\\/wp-content\\\/uploads\\\/2022\\\/06\\\/Logo_SF_2012.png\",\"width\":1100,\"height\":91,\"caption\":\"Sicherheitsforum\"},\"image\":{\"@id\":\"https:\\\/\\\/news.save.ch\\\/de\\\/#\\\/schema\\\/logo\\\/image\\\/\"}},{\"@type\":\"Person\",\"@id\":\"https:\\\/\\\/news.save.ch\\\/de\\\/#\\\/schema\\\/person\\\/d5022db048e0e2b9785c50e5b24da5aa\",\"name\":\"Roger Str\u00e4ssle\",\"image\":{\"@type\":\"ImageObject\",\"inLanguage\":\"fr-FR\",\"@id\":\"https:\\\/\\\/secure.gravatar.com\\\/avatar\\\/862a5569d087de48e5856e32f45d719a03804c891d6deb8d4f71a660e79e4a47?s=96&d=mm&r=g\",\"url\":\"https:\\\/\\\/secure.gravatar.com\\\/avatar\\\/862a5569d087de48e5856e32f45d719a03804c891d6deb8d4f71a660e79e4a47?s=96&d=mm&r=g\",\"contentUrl\":\"https:\\\/\\\/secure.gravatar.com\\\/avatar\\\/862a5569d087de48e5856e32f45d719a03804c891d6deb8d4f71a660e79e4a47?s=96&d=mm&r=g\",\"caption\":\"Roger Str\u00e4ssle\"},\"url\":\"https:\\\/\\\/news.save.ch\\\/fr\\\/author\\\/roger-straessle\\\/\"}]}<\/script>\n<!-- \/ Yoast SEO plugin. -->","yoast_head_json":{"title":"Les autorit\u00e9s de s\u00e9curit\u00e9 appellent \u00e0 des sauvegardes - Save","description":"La sauvegarde r\u00e9guli\u00e8re (backups) des donn\u00e9es est tr\u00e8s importante et contribue de mani\u00e8re d\u00e9terminante \u00e0 la cybers\u00e9curit\u00e9.","robots":{"index":"index","follow":"follow","max-snippet":"max-snippet:-1","max-image-preview":"max-image-preview:large","max-video-preview":"max-video-preview:-1"},"canonical":"https:\/\/news.save.ch\/fr\/datensicherung-sicherheitsbehoerden-rufen-zu-backups-auf\/","og_locale":"fr_FR","og_type":"article","og_title":"Sicherheitsbeh\u00f6rden rufen zu Backups auf - Save","og_description":"Das regelm\u00e4ssige Sichern (Backups) von Daten ist sehr wichtig und tr\u00e4gt massgeblich zur Cybersicherheit bei.","og_url":"https:\/\/news.save.ch\/fr\/datensicherung-sicherheitsbehoerden-rufen-zu-backups-auf\/","og_site_name":"Save","article_published_time":"2023-08-31T10:21:26+00:00","article_modified_time":"2023-08-31T11:32:14+00:00","og_image":[{"width":1000,"height":750,"url":"https:\/\/news.save.ch\/wp-content\/uploads\/2023\/08\/Depositphotos_35938921_S.jpg","type":"image\/jpeg"}],"author":"Roger Str\u00e4ssle","twitter_card":"summary_large_image","twitter_misc":{"\u00c9crit par":"Roger Str\u00e4ssle","Dur\u00e9e de lecture estim\u00e9e":"2 minutes"},"schema":{"@context":"https:\/\/schema.org","@graph":[{"@type":"Article","@id":"https:\/\/news.save.ch\/datensicherung-sicherheitsbehoerden-rufen-zu-backups-auf\/#article","isPartOf":{"@id":"https:\/\/news.save.ch\/datensicherung-sicherheitsbehoerden-rufen-zu-backups-auf\/"},"author":{"name":"Roger Str\u00e4ssle","@id":"https:\/\/news.save.ch\/de\/#\/schema\/person\/d5022db048e0e2b9785c50e5b24da5aa"},"headline":"Sicherheitsbeh\u00f6rden rufen zu Backups auf","datePublished":"2023-08-31T10:21:26+00:00","dateModified":"2023-08-31T11:32:14+00:00","mainEntityOfPage":{"@id":"https:\/\/news.save.ch\/datensicherung-sicherheitsbehoerden-rufen-zu-backups-auf\/"},"wordCount":277,"publisher":{"@id":"https:\/\/news.save.ch\/de\/#organization"},"image":{"@id":"https:\/\/news.save.ch\/datensicherung-sicherheitsbehoerden-rufen-zu-backups-auf\/#primaryimage"},"thumbnailUrl":"https:\/\/news.save.ch\/wp-content\/uploads\/2023\/08\/Depositphotos_35938921_S.jpg","keywords":["Backup"],"articleSection":["DIGITALISIERUNG"],"inLanguage":"fr-FR"},{"@type":"WebPage","@id":"https:\/\/news.save.ch\/datensicherung-sicherheitsbehoerden-rufen-zu-backups-auf\/","url":"https:\/\/news.save.ch\/datensicherung-sicherheitsbehoerden-rufen-zu-backups-auf\/","name":"Les autorit\u00e9s de s\u00e9curit\u00e9 appellent \u00e0 des sauvegardes - Save","isPartOf":{"@id":"https:\/\/news.save.ch\/de\/#website"},"primaryImageOfPage":{"@id":"https:\/\/news.save.ch\/datensicherung-sicherheitsbehoerden-rufen-zu-backups-auf\/#primaryimage"},"image":{"@id":"https:\/\/news.save.ch\/datensicherung-sicherheitsbehoerden-rufen-zu-backups-auf\/#primaryimage"},"thumbnailUrl":"https:\/\/news.save.ch\/wp-content\/uploads\/2023\/08\/Depositphotos_35938921_S.jpg","datePublished":"2023-08-31T10:21:26+00:00","dateModified":"2023-08-31T11:32:14+00:00","description":"La sauvegarde r\u00e9guli\u00e8re (backups) des donn\u00e9es est tr\u00e8s importante et contribue de mani\u00e8re d\u00e9terminante \u00e0 la cybers\u00e9curit\u00e9.","breadcrumb":{"@id":"https:\/\/news.save.ch\/datensicherung-sicherheitsbehoerden-rufen-zu-backups-auf\/#breadcrumb"},"inLanguage":"fr-FR","potentialAction":[{"@type":"ReadAction","target":["https:\/\/news.save.ch\/datensicherung-sicherheitsbehoerden-rufen-zu-backups-auf\/"]}]},{"@type":"ImageObject","inLanguage":"fr-FR","@id":"https:\/\/news.save.ch\/datensicherung-sicherheitsbehoerden-rufen-zu-backups-auf\/#primaryimage","url":"https:\/\/news.save.ch\/wp-content\/uploads\/2023\/08\/Depositphotos_35938921_S.jpg","contentUrl":"https:\/\/news.save.ch\/wp-content\/uploads\/2023\/08\/Depositphotos_35938921_S.jpg","width":1000,"height":750,"caption":"Depositphotos, maxkabakov"},{"@type":"BreadcrumbList","@id":"https:\/\/news.save.ch\/datensicherung-sicherheitsbehoerden-rufen-zu-backups-auf\/#breadcrumb","itemListElement":[{"@type":"ListItem","position":1,"name":"Home","item":"https:\/\/news.save.ch\/de\/"},{"@type":"ListItem","position":2,"name":"Sicherheitsbeh\u00f6rden rufen zu Backups auf"}]},{"@type":"WebSite","@id":"https:\/\/news.save.ch\/de\/#website","url":"https:\/\/news.save.ch\/de\/","name":"Save","description":"Revue suisse sp\u00e9cialis\u00e9e dans la s\u00e9curit\u00e9","publisher":{"@id":"https:\/\/news.save.ch\/de\/#organization"},"potentialAction":[{"@type":"SearchAction","target":{"@type":"EntryPoint","urlTemplate":"https:\/\/news.save.ch\/de\/?s={search_term_string}"},"query-input":{"@type":"PropertyValueSpecification","valueRequired":true,"valueName":"search_term_string"}}],"inLanguage":"fr-FR"},{"@type":"Organization","@id":"https:\/\/news.save.ch\/de\/#organization","name":"Forum sur la s\u00e9curit\u00e9","url":"https:\/\/news.save.ch\/de\/","logo":{"@type":"ImageObject","inLanguage":"fr-FR","@id":"https:\/\/news.save.ch\/de\/#\/schema\/logo\/image\/","url":"https:\/\/news.save.ch\/wp-content\/uploads\/2022\/06\/Logo_SF_2012.png","contentUrl":"https:\/\/news.save.ch\/wp-content\/uploads\/2022\/06\/Logo_SF_2012.png","width":1100,"height":91,"caption":"Sicherheitsforum"},"image":{"@id":"https:\/\/news.save.ch\/de\/#\/schema\/logo\/image\/"}},{"@type":"Person","@id":"https:\/\/news.save.ch\/de\/#\/schema\/person\/d5022db048e0e2b9785c50e5b24da5aa","name":"Roger Str\u00e4ssle","image":{"@type":"ImageObject","inLanguage":"fr-FR","@id":"https:\/\/secure.gravatar.com\/avatar\/862a5569d087de48e5856e32f45d719a03804c891d6deb8d4f71a660e79e4a47?s=96&d=mm&r=g","url":"https:\/\/secure.gravatar.com\/avatar\/862a5569d087de48e5856e32f45d719a03804c891d6deb8d4f71a660e79e4a47?s=96&d=mm&r=g","contentUrl":"https:\/\/secure.gravatar.com\/avatar\/862a5569d087de48e5856e32f45d719a03804c891d6deb8d4f71a660e79e4a47?s=96&d=mm&r=g","caption":"Roger Str\u00e4ssle"},"url":"https:\/\/news.save.ch\/fr\/author\/roger-straessle\/"}]}},"_links":{"self":[{"href":"https:\/\/news.save.ch\/fr\/wp-json\/wp\/v2\/posts\/21955","targetHints":{"allow":["GET"]}}],"collection":[{"href":"https:\/\/news.save.ch\/fr\/wp-json\/wp\/v2\/posts"}],"about":[{"href":"https:\/\/news.save.ch\/fr\/wp-json\/wp\/v2\/types\/post"}],"author":[{"embeddable":true,"href":"https:\/\/news.save.ch\/fr\/wp-json\/wp\/v2\/users\/8"}],"replies":[{"embeddable":true,"href":"https:\/\/news.save.ch\/fr\/wp-json\/wp\/v2\/comments?post=21955"}],"version-history":[{"count":2,"href":"https:\/\/news.save.ch\/fr\/wp-json\/wp\/v2\/posts\/21955\/revisions"}],"predecessor-version":[{"id":21958,"href":"https:\/\/news.save.ch\/fr\/wp-json\/wp\/v2\/posts\/21955\/revisions\/21958"}],"wp:featuredmedia":[{"embeddable":true,"href":"https:\/\/news.save.ch\/fr\/wp-json\/wp\/v2\/media\/21956"}],"wp:attachment":[{"href":"https:\/\/news.save.ch\/fr\/wp-json\/wp\/v2\/media?parent=21955"}],"wp:term":[{"taxonomy":"category","embeddable":true,"href":"https:\/\/news.save.ch\/fr\/wp-json\/wp\/v2\/categories?post=21955"},{"taxonomy":"post_tag","embeddable":true,"href":"https:\/\/news.save.ch\/fr\/wp-json\/wp\/v2\/tags?post=21955"}],"curies":[{"name":"wp","href":"https:\/\/api.w.org\/{rel}","templated":true}]}}