{"id":2199,"date":"2015-05-26T08:59:43","date_gmt":"2015-05-26T06:59:43","guid":{"rendered":"https:\/\/dev.sicherheitsforum.ch\/?p=2199"},"modified":"2015-05-26T08:59:43","modified_gmt":"2015-05-26T06:59:43","slug":"elektrotechnische-erzeugnisse-bemaengelt","status":null,"type":"post","link":"https:\/\/news.save.ch\/fr\/elektrotechnische-erzeugnisse-bemaengelt\/","title":{"rendered":"Produits \u00e9lectrotechniques critiqu\u00e9s"},"content":{"rendered":"<figure id=\"attachment_2200\" aria-describedby=\"caption-attachment-2200\" style=\"width: 680px\" class=\"wp-caption alignnone\"><img loading=\"lazy\" decoding=\"async\" class=\"size-medium wp-image-2200\" src=\"https:\/\/news.save.ch\/wp-content\/uploads\/2016\/12\/55641b3097683_Depositphotos_24453047_m_Sicherheitsforum.jpg\" alt=\"\" width=\"680\" height=\"453\" \/><figcaption id=\"caption-attachment-2200\" class=\"wp-caption-text\">De nombreuses lampes LED ont \u00e9galement d\u00fb \u00eatre contest\u00e9es.<\/figcaption><\/figure>\n<p>Le site <a title=\"Lien vers la surveillance du march\u00e9\" href=\"https:\/\/www.news.admin.ch\/NSBSubscriber\/message\/attachments\/39477.pdf\" target=\"_blank\" data-cke-saved-href=\"https:\/\/www.news.admin.ch\/NSBSubscriber\/message\/attachments\/39477.pdf\" rel=\"noopener\">Surveillance du march\u00e9<\/a> par le <a title=\"Lien vers l&#039;ESTI\" href=\"https:\/\/www.esti.admin.ch\" target=\"_blank\" data-cke-saved-href=\"https:\/\/www.esti.admin.ch\" rel=\"noopener\">ESTI<\/a>\u00a0est effectu\u00e9 dans toute la Suisse et se d\u00e9roule conform\u00e9ment \u00e0 l'Ordonnance sur les mat\u00e9riels \u00e9lectriques \u00e0 basse tension (OMBT). Les produits \u00e9lectriques mis en circulation pour le m\u00e9nage, le bureau, l'artisanat et l'industrie sont contr\u00f4l\u00e9s par \u00e9chantillonnage quant \u00e0 leur conformit\u00e9 et \u00e0 leur s\u00e9curit\u00e9, afin que seuls des produits \u00e9lectriques s\u00fbrs soient mis \u00e0 disposition sur le march\u00e9 suisse.<\/p>\n<p>Les produits contr\u00f4l\u00e9s ont \u00e9t\u00e9 recens\u00e9s \u00e0 l'occasion de visites de foires, de grossistes, de march\u00e9s sp\u00e9cialis\u00e9s et de fabricants, ainsi que dans le cadre de contr\u00f4les sur des plateformes Internet et dans la presse \u00e9crite. Des contr\u00f4les ont \u00e9galement \u00e9t\u00e9 effectu\u00e9s sur la base de signalements de consommateurs, de concurrents ainsi que de sp\u00e9cialistes du domaine \u00e9lectrique.<\/p>\n<p>Au total, 249 produits pr\u00e9sentant des d\u00e9fauts ont \u00e9t\u00e9 recens\u00e9s. Ainsi, 15% de tous les produits \u00e9lectrotechniques contr\u00f4l\u00e9s pr\u00e9sentent des d\u00e9fauts. Parmi ces produits, 106 pr\u00e9sentent des d\u00e9fauts techniques de s\u00e9curit\u00e9.<\/p>\n<p>S'il existe un danger pour l'utilisateur, l'ESTI peut interdire la poursuite de la mise sur le march\u00e9 d'un produit. En 2014, 34 interdictions ou arr\u00eats de vente ont d\u00fb \u00eatre prononc\u00e9s. En 2014, divers jacuzzis mobiles d'un fabricant asiatique, divers tubes LED non prot\u00e9g\u00e9s contre les contacts accidentels, des lampes LED ainsi que des luminaires, des adaptateurs de voyage non autoris\u00e9s, des machines \u00e0 barbe \u00e0 papa ainsi que, de mani\u00e8re g\u00e9n\u00e9rale, des fiches pr\u00e9sentant des caract\u00e9ristiques \u00e9lectriques insuffisantes sur les appareils les plus divers ont \u00e9t\u00e9 particuli\u00e8rement concern\u00e9s. Dans ce contexte, il convient de noter que la mise en circulation d'appareils \u00e9lectriques \u00e9quip\u00e9s de fiches \u00e9trang\u00e8res est interdite en Suisse.<\/p>\n<p>Dans 25 cas, le commerce et les fabricants, en tant que responsables de la mise en circulation, ont retir\u00e9 eux-m\u00eames des produits du march\u00e9 en vertu de la loi f\u00e9d\u00e9rale sur la s\u00e9curit\u00e9 des produits (LSPro) et en ont inform\u00e9 l'ESTI. Dans 17 cas, les rappels et les informations sur la s\u00e9curit\u00e9 ont \u00e9t\u00e9 publi\u00e9s sur le site Internet du Bureau f\u00e9d\u00e9ral de la consommation (BFC) en collaboration avec l'ESTI. Il s'agissait de s\u00e8che-linge, de chauffe-eau \u00e9lectriques, de jacuzzis mobiles, de c\u00e2bles d'alimentation pour ordinateurs portables, de blocs d'alimentation pour smartphones, de PC, d'adaptateurs de voyage, de radiateurs soufflants, de st\u00e9rilisateurs, de lampes et de projecteurs sur rail.<\/p>\n<p>Lors de l'achat d'appareils \u00e9lectriques, l'ESTI recommande \u00e0 tous les consommateurs de miser sur des fournisseurs s\u00e9rieux disposant d'un service apr\u00e8s-vente comp\u00e9tent en Suisse et de veiller \u00e0 ce que les modes d'emploi soient lisibles et que les marques de contr\u00f4le soient appos\u00e9es sur le produit. Les marques de contr\u00f4le suisses reconnues sont par exemple la marque de s\u00e9curit\u00e9 de l'ESTI - les appareils portant une marque de s\u00e9curit\u00e9 sont publi\u00e9s sur www.esti.admin.ch - et la marque de conformit\u00e9 SEV d'Electrosuisse. Ces marques de contr\u00f4le r\u00e9pondent \u00e0 des exigences plus \u00e9lev\u00e9es en mati\u00e8re de s\u00e9curit\u00e9 des produits que l'autod\u00e9claration avec un sigle CE et offrent une plus-value aux consommateurs et aux utilisateurs.<\/p>\n<p><em>Communiqu\u00e9 de presse de l'ESTI<\/em><\/p>","protected":false},"excerpt":{"rendered":"<p>Die Markt\u00fcberwachung durch das ESTI\u00a0wird in der ganzen\u00a0Schweiz durchgef\u00fchrt und erfolgt gem\u00e4ss der Verordnung \u00fcber elektrische Niederspannungserzeugnisse (NEV). In Verkehr gebrachte elektrische Erzeugnisse f\u00fcr Haushalt, B\u00fcro, Gewerbe und Industrie werden stichprobenweise auf ihre Konformit\u00e4t und Sicherheit hin \u00fcberpr\u00fcft, damit in der Schweiz nur sichere elektrische Produkte auf dem Markt bereitgestellt werden. Die \u00fcberpr\u00fcften Erzeugnisse wurden [&hellip;]<\/p>\n","protected":false},"author":1,"featured_media":2200,"comment_status":"open","ping_status":"open","sticky":false,"template":"","format":"standard","meta":{"_acf_changed":false,"pgc_sgb_lightbox_settings":"","footnotes":""},"categories":[1],"tags":[229,228,163,194],"class_list":["post-2199","post","type-post","status-publish","format-standard","has-post-thumbnail","hentry","category-allgemein","tag-elektronische-erzeugnisse","tag-marktueberwachung-esti","tag-pruefstellen","tag-zertifizierungsstellen"],"acf":[],"hkrextid":null,"publication":null,"issue":null,"workflow":null,"startPage":null,"spitzmarke":null,"_posts_by_tag_page_fields":{"widget_title":"","widget_tags":""},"_at_widget":"1","_yoast_wpseo_primary_category":"","_yoast_wpseo_focuskw_text_input":"Elektrotechnik","_yoast_wpseo_opengraph-image":"https:\/\/sicherheitsforum.ch\/wp-content\/uploads\/2016\/12\/55641b3097683_Depositphotos_24453047_m_Sicherheitsforum.jpg","_yoast_wpseo_opengraph-description":"15% der im Jahr 2014 durch das Eidgen\u00f6ssische Starkstrominspektorat ESTI \u00fcberpr\u00fcften elektrischen Erzeugnisse wiesen M\u00e4ngel auf. 34 Verkaufsverbote respektive Verkaufsstopps mussten ausgesprochen werden. Zus\u00e4tzlich wurden 17 R\u00fcckrufe und Sicherheitsinformationen von Konsumentenprodukten aus dem Haushalt- und Wohnbereich und aus dem IT-Bereich \u00f6ffentlich aufgeschaltet und die Konsumenten dar\u00fcber informiert.","_yoast_wpseo_opengraph-title":"Elektrotechnische Erzeugnisse bem\u00e4ngelt","enclosure":null,"_yoast_wpseo_twitter-title":null,"_yoast_wpseo_twitter-description":null,"_yoast_wpseo_twitter-image":null,"_wp_old_slug":null,"_yoast_wpseo_title":null,"_yoast_wpseo_canonical":null,"yoast_head":"<!-- This site is optimized with the Yoast SEO plugin v27.5 - https:\/\/yoast.com\/product\/yoast-seo-wordpress\/ -->\n<title>Elektrotechnische Erzeugnisse bem\u00e4ngelt - Save<\/title>\n<meta name=\"description\" content=\"15% der im Jahr 2014 durch das ESTI \u00fcberpr\u00fcften elektrischen Erzeugnisse wiesen M\u00e4ngel auf. 34 Verkaufsverbote resp. Verkaufsstopps wurden ausgesprochen.\" \/>\n<meta name=\"robots\" content=\"index, follow, max-snippet:-1, max-image-preview:large, max-video-preview:-1\" \/>\n<link rel=\"canonical\" href=\"https:\/\/news.save.ch\/fr\/elektrotechnische-erzeugnisse-bemaengelt\/\" \/>\n<meta property=\"og:locale\" content=\"fr_FR\" \/>\n<meta property=\"og:type\" content=\"article\" \/>\n<meta property=\"og:title\" content=\"Elektrotechnische Erzeugnisse bem\u00e4ngelt\" \/>\n<meta property=\"og:description\" content=\"15% der im Jahr 2014 durch das Eidgen\u00f6ssische Starkstrominspektorat ESTI \u00fcberpr\u00fcften elektrischen Erzeugnisse wiesen M\u00e4ngel auf. 34 Verkaufsverbote respektive Verkaufsstopps mussten ausgesprochen werden. Zus\u00e4tzlich wurden 17 R\u00fcckrufe und Sicherheitsinformationen von Konsumentenprodukten aus dem Haushalt- und Wohnbereich und aus dem IT-Bereich \u00f6ffentlich aufgeschaltet und die Konsumenten dar\u00fcber informiert.\" \/>\n<meta property=\"og:url\" content=\"https:\/\/news.save.ch\/fr\/elektrotechnische-erzeugnisse-bemaengelt\/\" \/>\n<meta property=\"og:site_name\" content=\"Save\" \/>\n<meta property=\"article:published_time\" content=\"2015-05-26T06:59:43+00:00\" \/>\n<meta property=\"og:image\" content=\"https:\/\/sicherheitsforum.ch\/wp-content\/uploads\/2016\/12\/55641b3097683_Depositphotos_24453047_m_Sicherheitsforum.jpg\" \/>\n<meta name=\"author\" content=\"admin\" \/>\n<meta name=\"twitter:card\" content=\"summary_large_image\" \/>\n<meta name=\"twitter:label1\" content=\"\u00c9crit par\" \/>\n\t<meta name=\"twitter:data1\" content=\"admin\" \/>\n\t<meta name=\"twitter:label2\" content=\"Dur\u00e9e de lecture estim\u00e9e\" \/>\n\t<meta name=\"twitter:data2\" content=\"2 minutes\" \/>\n<script type=\"application\/ld+json\" class=\"yoast-schema-graph\">{\"@context\":\"https:\\\/\\\/schema.org\",\"@graph\":[{\"@type\":\"Article\",\"@id\":\"https:\\\/\\\/news.save.ch\\\/elektrotechnische-erzeugnisse-bemaengelt\\\/#article\",\"isPartOf\":{\"@id\":\"https:\\\/\\\/news.save.ch\\\/elektrotechnische-erzeugnisse-bemaengelt\\\/\"},\"author\":{\"name\":\"admin\",\"@id\":\"https:\\\/\\\/news.save.ch\\\/de\\\/#\\\/schema\\\/person\\\/d49e199490bad7c70d64b9ab51142f2b\"},\"headline\":\"Elektrotechnische Erzeugnisse bem\u00e4ngelt\",\"datePublished\":\"2015-05-26T06:59:43+00:00\",\"mainEntityOfPage\":{\"@id\":\"https:\\\/\\\/news.save.ch\\\/elektrotechnische-erzeugnisse-bemaengelt\\\/\"},\"wordCount\":393,\"commentCount\":0,\"publisher\":{\"@id\":\"https:\\\/\\\/news.save.ch\\\/de\\\/#organization\"},\"image\":{\"@id\":\"https:\\\/\\\/news.save.ch\\\/elektrotechnische-erzeugnisse-bemaengelt\\\/#primaryimage\"},\"thumbnailUrl\":\"https:\\\/\\\/news.save.ch\\\/wp-content\\\/uploads\\\/2016\\\/12\\\/55641b3097683_Depositphotos_24453047_m_Sicherheitsforum-scaled.jpg\",\"keywords\":[\"elektronische Erzeugnisse\",\"Markt\u00fcberwachung ESTI\",\"Pr\u00fcfstellen\",\"Zertifizierungsstellen\"],\"articleSection\":[\"ALLGEMEIN\"],\"inLanguage\":\"fr-FR\"},{\"@type\":\"WebPage\",\"@id\":\"https:\\\/\\\/news.save.ch\\\/elektrotechnische-erzeugnisse-bemaengelt\\\/\",\"url\":\"https:\\\/\\\/news.save.ch\\\/elektrotechnische-erzeugnisse-bemaengelt\\\/\",\"name\":\"Elektrotechnische Erzeugnisse bem\u00e4ngelt - Save\",\"isPartOf\":{\"@id\":\"https:\\\/\\\/news.save.ch\\\/de\\\/#website\"},\"primaryImageOfPage\":{\"@id\":\"https:\\\/\\\/news.save.ch\\\/elektrotechnische-erzeugnisse-bemaengelt\\\/#primaryimage\"},\"image\":{\"@id\":\"https:\\\/\\\/news.save.ch\\\/elektrotechnische-erzeugnisse-bemaengelt\\\/#primaryimage\"},\"thumbnailUrl\":\"https:\\\/\\\/news.save.ch\\\/wp-content\\\/uploads\\\/2016\\\/12\\\/55641b3097683_Depositphotos_24453047_m_Sicherheitsforum-scaled.jpg\",\"datePublished\":\"2015-05-26T06:59:43+00:00\",\"description\":\"15% der im Jahr 2014 durch das ESTI \u00fcberpr\u00fcften elektrischen Erzeugnisse wiesen M\u00e4ngel auf. 34 Verkaufsverbote resp. Verkaufsstopps wurden ausgesprochen.\",\"breadcrumb\":{\"@id\":\"https:\\\/\\\/news.save.ch\\\/elektrotechnische-erzeugnisse-bemaengelt\\\/#breadcrumb\"},\"inLanguage\":\"fr-FR\",\"potentialAction\":[{\"@type\":\"ReadAction\",\"target\":[\"https:\\\/\\\/news.save.ch\\\/elektrotechnische-erzeugnisse-bemaengelt\\\/\"]}]},{\"@type\":\"ImageObject\",\"inLanguage\":\"fr-FR\",\"@id\":\"https:\\\/\\\/news.save.ch\\\/elektrotechnische-erzeugnisse-bemaengelt\\\/#primaryimage\",\"url\":\"https:\\\/\\\/news.save.ch\\\/wp-content\\\/uploads\\\/2016\\\/12\\\/55641b3097683_Depositphotos_24453047_m_Sicherheitsforum-scaled.jpg\",\"contentUrl\":\"https:\\\/\\\/news.save.ch\\\/wp-content\\\/uploads\\\/2016\\\/12\\\/55641b3097683_Depositphotos_24453047_m_Sicherheitsforum-scaled.jpg\",\"width\":1400,\"height\":934,\"caption\":\"Auch viele LED-Lampen mussten beanstandet werden.\"},{\"@type\":\"BreadcrumbList\",\"@id\":\"https:\\\/\\\/news.save.ch\\\/elektrotechnische-erzeugnisse-bemaengelt\\\/#breadcrumb\",\"itemListElement\":[{\"@type\":\"ListItem\",\"position\":1,\"name\":\"Home\",\"item\":\"https:\\\/\\\/news.save.ch\\\/de\\\/\"},{\"@type\":\"ListItem\",\"position\":2,\"name\":\"Elektrotechnische Erzeugnisse bem\u00e4ngelt\"}]},{\"@type\":\"WebSite\",\"@id\":\"https:\\\/\\\/news.save.ch\\\/de\\\/#website\",\"url\":\"https:\\\/\\\/news.save.ch\\\/de\\\/\",\"name\":\"Save\",\"description\":\"Schweizer Fachzeitschrift f\u00fcr Sicherheit\",\"publisher\":{\"@id\":\"https:\\\/\\\/news.save.ch\\\/de\\\/#organization\"},\"potentialAction\":[{\"@type\":\"SearchAction\",\"target\":{\"@type\":\"EntryPoint\",\"urlTemplate\":\"https:\\\/\\\/news.save.ch\\\/de\\\/?s={search_term_string}\"},\"query-input\":{\"@type\":\"PropertyValueSpecification\",\"valueRequired\":true,\"valueName\":\"search_term_string\"}}],\"inLanguage\":\"fr-FR\"},{\"@type\":\"Organization\",\"@id\":\"https:\\\/\\\/news.save.ch\\\/de\\\/#organization\",\"name\":\"Sicherheitsforum\",\"url\":\"https:\\\/\\\/news.save.ch\\\/de\\\/\",\"logo\":{\"@type\":\"ImageObject\",\"inLanguage\":\"fr-FR\",\"@id\":\"https:\\\/\\\/news.save.ch\\\/de\\\/#\\\/schema\\\/logo\\\/image\\\/\",\"url\":\"https:\\\/\\\/news.save.ch\\\/wp-content\\\/uploads\\\/2022\\\/06\\\/Logo_SF_2012.png\",\"contentUrl\":\"https:\\\/\\\/news.save.ch\\\/wp-content\\\/uploads\\\/2022\\\/06\\\/Logo_SF_2012.png\",\"width\":1100,\"height\":91,\"caption\":\"Sicherheitsforum\"},\"image\":{\"@id\":\"https:\\\/\\\/news.save.ch\\\/de\\\/#\\\/schema\\\/logo\\\/image\\\/\"}},{\"@type\":\"Person\",\"@id\":\"https:\\\/\\\/news.save.ch\\\/de\\\/#\\\/schema\\\/person\\\/d49e199490bad7c70d64b9ab51142f2b\",\"name\":\"admin\",\"image\":{\"@type\":\"ImageObject\",\"inLanguage\":\"fr-FR\",\"@id\":\"https:\\\/\\\/secure.gravatar.com\\\/avatar\\\/ae2f4d718e6c49043e314ce431e7e645d646302a24a5ef5a8bc8e3f5a032e319?s=96&d=mm&r=g\",\"url\":\"https:\\\/\\\/secure.gravatar.com\\\/avatar\\\/ae2f4d718e6c49043e314ce431e7e645d646302a24a5ef5a8bc8e3f5a032e319?s=96&d=mm&r=g\",\"contentUrl\":\"https:\\\/\\\/secure.gravatar.com\\\/avatar\\\/ae2f4d718e6c49043e314ce431e7e645d646302a24a5ef5a8bc8e3f5a032e319?s=96&d=mm&r=g\",\"caption\":\"admin\"},\"sameAs\":[\"https:\\\/\\\/develop.organisator.galledia.ch\"],\"url\":\"https:\\\/\\\/news.save.ch\\\/fr\\\/author\\\/admin\\\/\"}]}<\/script>\n<!-- \/ Yoast SEO plugin. -->","yoast_head_json":{"title":"Produits \u00e9lectrotechniques d\u00e9fectueux - Save","description":"15% des produits \u00e9lectriques contr\u00f4l\u00e9s par l'ESTI en 2014 pr\u00e9sentaient des d\u00e9fauts. 34 interdictions ou arr\u00eats de vente ont \u00e9t\u00e9 prononc\u00e9s.","robots":{"index":"index","follow":"follow","max-snippet":"max-snippet:-1","max-image-preview":"max-image-preview:large","max-video-preview":"max-video-preview:-1"},"canonical":"https:\/\/news.save.ch\/fr\/elektrotechnische-erzeugnisse-bemaengelt\/","og_locale":"fr_FR","og_type":"article","og_title":"Elektrotechnische Erzeugnisse bem\u00e4ngelt","og_description":"15% der im Jahr 2014 durch das Eidgen\u00f6ssische Starkstrominspektorat ESTI \u00fcberpr\u00fcften elektrischen Erzeugnisse wiesen M\u00e4ngel auf. 34 Verkaufsverbote respektive Verkaufsstopps mussten ausgesprochen werden. Zus\u00e4tzlich wurden 17 R\u00fcckrufe und Sicherheitsinformationen von Konsumentenprodukten aus dem Haushalt- und Wohnbereich und aus dem IT-Bereich \u00f6ffentlich aufgeschaltet und die Konsumenten dar\u00fcber informiert.","og_url":"https:\/\/news.save.ch\/fr\/elektrotechnische-erzeugnisse-bemaengelt\/","og_site_name":"Save","article_published_time":"2015-05-26T06:59:43+00:00","og_image":[{"url":"https:\/\/sicherheitsforum.ch\/wp-content\/uploads\/2016\/12\/55641b3097683_Depositphotos_24453047_m_Sicherheitsforum.jpg","type":"","width":"","height":""}],"author":"admin","twitter_card":"summary_large_image","twitter_misc":{"\u00c9crit par":"admin","Dur\u00e9e de lecture estim\u00e9e":"2 minutes"},"schema":{"@context":"https:\/\/schema.org","@graph":[{"@type":"Article","@id":"https:\/\/news.save.ch\/elektrotechnische-erzeugnisse-bemaengelt\/#article","isPartOf":{"@id":"https:\/\/news.save.ch\/elektrotechnische-erzeugnisse-bemaengelt\/"},"author":{"name":"admin","@id":"https:\/\/news.save.ch\/de\/#\/schema\/person\/d49e199490bad7c70d64b9ab51142f2b"},"headline":"Elektrotechnische Erzeugnisse bem\u00e4ngelt","datePublished":"2015-05-26T06:59:43+00:00","mainEntityOfPage":{"@id":"https:\/\/news.save.ch\/elektrotechnische-erzeugnisse-bemaengelt\/"},"wordCount":393,"commentCount":0,"publisher":{"@id":"https:\/\/news.save.ch\/de\/#organization"},"image":{"@id":"https:\/\/news.save.ch\/elektrotechnische-erzeugnisse-bemaengelt\/#primaryimage"},"thumbnailUrl":"https:\/\/news.save.ch\/wp-content\/uploads\/2016\/12\/55641b3097683_Depositphotos_24453047_m_Sicherheitsforum-scaled.jpg","keywords":["elektronische Erzeugnisse","Markt\u00fcberwachung ESTI","Pr\u00fcfstellen","Zertifizierungsstellen"],"articleSection":["ALLGEMEIN"],"inLanguage":"fr-FR"},{"@type":"WebPage","@id":"https:\/\/news.save.ch\/elektrotechnische-erzeugnisse-bemaengelt\/","url":"https:\/\/news.save.ch\/elektrotechnische-erzeugnisse-bemaengelt\/","name":"Produits \u00e9lectrotechniques d\u00e9fectueux - Save","isPartOf":{"@id":"https:\/\/news.save.ch\/de\/#website"},"primaryImageOfPage":{"@id":"https:\/\/news.save.ch\/elektrotechnische-erzeugnisse-bemaengelt\/#primaryimage"},"image":{"@id":"https:\/\/news.save.ch\/elektrotechnische-erzeugnisse-bemaengelt\/#primaryimage"},"thumbnailUrl":"https:\/\/news.save.ch\/wp-content\/uploads\/2016\/12\/55641b3097683_Depositphotos_24453047_m_Sicherheitsforum-scaled.jpg","datePublished":"2015-05-26T06:59:43+00:00","description":"15% des produits \u00e9lectriques contr\u00f4l\u00e9s par l'ESTI en 2014 pr\u00e9sentaient des d\u00e9fauts. 34 interdictions ou arr\u00eats de vente ont \u00e9t\u00e9 prononc\u00e9s.","breadcrumb":{"@id":"https:\/\/news.save.ch\/elektrotechnische-erzeugnisse-bemaengelt\/#breadcrumb"},"inLanguage":"fr-FR","potentialAction":[{"@type":"ReadAction","target":["https:\/\/news.save.ch\/elektrotechnische-erzeugnisse-bemaengelt\/"]}]},{"@type":"ImageObject","inLanguage":"fr-FR","@id":"https:\/\/news.save.ch\/elektrotechnische-erzeugnisse-bemaengelt\/#primaryimage","url":"https:\/\/news.save.ch\/wp-content\/uploads\/2016\/12\/55641b3097683_Depositphotos_24453047_m_Sicherheitsforum-scaled.jpg","contentUrl":"https:\/\/news.save.ch\/wp-content\/uploads\/2016\/12\/55641b3097683_Depositphotos_24453047_m_Sicherheitsforum-scaled.jpg","width":1400,"height":934,"caption":"Auch viele LED-Lampen mussten beanstandet werden."},{"@type":"BreadcrumbList","@id":"https:\/\/news.save.ch\/elektrotechnische-erzeugnisse-bemaengelt\/#breadcrumb","itemListElement":[{"@type":"ListItem","position":1,"name":"Home","item":"https:\/\/news.save.ch\/de\/"},{"@type":"ListItem","position":2,"name":"Elektrotechnische Erzeugnisse bem\u00e4ngelt"}]},{"@type":"WebSite","@id":"https:\/\/news.save.ch\/de\/#website","url":"https:\/\/news.save.ch\/de\/","name":"Save","description":"Revue suisse sp\u00e9cialis\u00e9e dans la s\u00e9curit\u00e9","publisher":{"@id":"https:\/\/news.save.ch\/de\/#organization"},"potentialAction":[{"@type":"SearchAction","target":{"@type":"EntryPoint","urlTemplate":"https:\/\/news.save.ch\/de\/?s={search_term_string}"},"query-input":{"@type":"PropertyValueSpecification","valueRequired":true,"valueName":"search_term_string"}}],"inLanguage":"fr-FR"},{"@type":"Organization","@id":"https:\/\/news.save.ch\/de\/#organization","name":"Forum sur la s\u00e9curit\u00e9","url":"https:\/\/news.save.ch\/de\/","logo":{"@type":"ImageObject","inLanguage":"fr-FR","@id":"https:\/\/news.save.ch\/de\/#\/schema\/logo\/image\/","url":"https:\/\/news.save.ch\/wp-content\/uploads\/2022\/06\/Logo_SF_2012.png","contentUrl":"https:\/\/news.save.ch\/wp-content\/uploads\/2022\/06\/Logo_SF_2012.png","width":1100,"height":91,"caption":"Sicherheitsforum"},"image":{"@id":"https:\/\/news.save.ch\/de\/#\/schema\/logo\/image\/"}},{"@type":"Person","@id":"https:\/\/news.save.ch\/de\/#\/schema\/person\/d49e199490bad7c70d64b9ab51142f2b","name":"admin","image":{"@type":"ImageObject","inLanguage":"fr-FR","@id":"https:\/\/secure.gravatar.com\/avatar\/ae2f4d718e6c49043e314ce431e7e645d646302a24a5ef5a8bc8e3f5a032e319?s=96&d=mm&r=g","url":"https:\/\/secure.gravatar.com\/avatar\/ae2f4d718e6c49043e314ce431e7e645d646302a24a5ef5a8bc8e3f5a032e319?s=96&d=mm&r=g","contentUrl":"https:\/\/secure.gravatar.com\/avatar\/ae2f4d718e6c49043e314ce431e7e645d646302a24a5ef5a8bc8e3f5a032e319?s=96&d=mm&r=g","caption":"admin"},"sameAs":["https:\/\/develop.organisator.galledia.ch"],"url":"https:\/\/news.save.ch\/fr\/author\/admin\/"}]}},"_links":{"self":[{"href":"https:\/\/news.save.ch\/fr\/wp-json\/wp\/v2\/posts\/2199","targetHints":{"allow":["GET"]}}],"collection":[{"href":"https:\/\/news.save.ch\/fr\/wp-json\/wp\/v2\/posts"}],"about":[{"href":"https:\/\/news.save.ch\/fr\/wp-json\/wp\/v2\/types\/post"}],"author":[{"embeddable":true,"href":"https:\/\/news.save.ch\/fr\/wp-json\/wp\/v2\/users\/1"}],"replies":[{"embeddable":true,"href":"https:\/\/news.save.ch\/fr\/wp-json\/wp\/v2\/comments?post=2199"}],"version-history":[{"count":0,"href":"https:\/\/news.save.ch\/fr\/wp-json\/wp\/v2\/posts\/2199\/revisions"}],"wp:featuredmedia":[{"embeddable":true,"href":"https:\/\/news.save.ch\/fr\/wp-json\/wp\/v2\/media\/2200"}],"wp:attachment":[{"href":"https:\/\/news.save.ch\/fr\/wp-json\/wp\/v2\/media?parent=2199"}],"wp:term":[{"taxonomy":"category","embeddable":true,"href":"https:\/\/news.save.ch\/fr\/wp-json\/wp\/v2\/categories?post=2199"},{"taxonomy":"post_tag","embeddable":true,"href":"https:\/\/news.save.ch\/fr\/wp-json\/wp\/v2\/tags?post=2199"}],"curies":[{"name":"wp","href":"https:\/\/api.w.org\/{rel}","templated":true}]}}