{"id":2204,"date":"2015-05-26T09:33:49","date_gmt":"2015-05-26T07:33:49","guid":{"rendered":"https:\/\/dev.sicherheitsforum.ch\/?p=2204"},"modified":"2015-05-26T09:33:49","modified_gmt":"2015-05-26T07:33:49","slug":"kaba-aktionaere-geben-gruenes-licht-fuer-fusion","status":null,"type":"post","link":"https:\/\/news.save.ch\/fr\/kaba-aktionaere-geben-gruenes-licht-fuer-fusion\/","title":{"rendered":"Les actionnaires de Kaba donnent leur feu vert \u00e0 la fusion"},"content":{"rendered":"<figure id=\"attachment_2206\" aria-describedby=\"caption-attachment-2206\" style=\"width: 666px\" class=\"wp-caption alignnone\"><img loading=\"lazy\" decoding=\"async\" class=\"size-medium wp-image-2206\" src=\"https:\/\/news.save.ch\/wp-content\/uploads\/2016\/12\/55642393b101e_Dr_Gummert_Sicherheitsforum.jpg\" alt=\"\" width=\"666\" height=\"1000\" \/><figcaption id=\"caption-attachment-2206\" class=\"wp-caption-text\">Hans Gummert (Dorma) : \" Le r\u00e9sultat de l'assembl\u00e9e g\u00e9n\u00e9rale extraordinaire est une \u00e9tape importante sur la voie de la fusion de deux marques haut de gamme en une entreprise leader au niveau mondial. \"<\/figcaption><\/figure>\n<p>Le site<a href=\"https:\/\/www.kaba.com\/de\/investor-relations\/107904\/ausserordentliche-generalversammlung-22-mai-2015.html\" target=\"_blank\" data-cke-saved-href=\"https:\/\/www.kaba.com\/de\/investor-relations\/107904\/ausserordentliche-generalversammlung-22-mai-2015.html\" rel=\"noopener\"> assembl\u00e9e g\u00e9n\u00e9rale extraordinaire<\/a> (AG) a \u00e9t\u00e9 convoqu\u00e9e afin d'\u00e9tablir les conditions centrales pour l'entr\u00e9e en vigueur, le 30 avril 2015, de la loi sur la protection des donn\u00e9es. <a title=\"Lien vers l&#039;article\" href=\"https:\/\/hamster.ch\/magazine\/sicherheitsforum\/mega-deal-in-der-sicherheitsbranche\" target=\"_blank\" data-cke-saved-href=\"https:\/\/hamster.ch\/magazine\/sicherheitsforum\/mega-deal-in-der-sicherheitsbranche\" rel=\"noopener\">fusion annonc\u00e9e<\/a> avec la <a title=\"Lien vers Dorma\" href=\"https:\/\/www.dorma.com\" target=\"_blank\" data-cke-saved-href=\"https:\/\/www.dorma.com\" rel=\"noopener\">Groupe Dorma<\/a> en Allemagne. Gr\u00e2ce \u00e0 des produits et services compl\u00e9mentaires, \u00e0 une couverture \u00e9largie de la cha\u00eene de valeur et \u00e0 une pr\u00e9sence g\u00e9ographique renforc\u00e9e, la fusion devrait donner naissance \u00e0 une entreprise mondiale de premier plan dans le domaine des solutions de s\u00e9curit\u00e9 et d'acc\u00e8s. La soci\u00e9t\u00e9 cot\u00e9e en bourse <a title=\"Lien vers Kaba\" href=\"https:\/\/www.kaba.com\" target=\"_blank\" data-cke-saved-href=\"https:\/\/www.kaba.com\" rel=\"noopener\">Kaba Holding<\/a> respectivement \u00e0 l'avenir dorma+kaba Holding, dont le si\u00e8ge est \u00e0 R\u00fcmlang, d\u00e9tiendra une majorit\u00e9 de contr\u00f4le de 52,2% dans les activit\u00e9s communes et assurera la direction strat\u00e9gique, op\u00e9rationnelle et financi\u00e8re du groupe combin\u00e9, comme le souligne Kaba.<\/p>\n<p>Les 247 actionnaires pr\u00e9sents \u00e0 l'AG extraordinaire repr\u00e9sentaient directement ou indirectement un total de 2'358'548 actions avec droit de vote. Selon le communiqu\u00e9, cela correspond \u00e0 61,8% du capital-actions total. Lors des votes dans le cadre de l <a href=\"https:\/\/www.kaba.ch\/de\/news\/11544-1173700\/kaba-aktionaere-geben-gruenes-licht-fuer-den-zusammenschluss-mit-der-dorma-gruppe.html\" target=\"_blank\" data-cke-saved-href=\"https:\/\/www.kaba.ch\/de\/news\/11544-1173700\/kaba-aktionaere-geben-gruenes-licht-fuer-den-zusammenschluss-mit-der-dorma-gruppe.html\" rel=\"noopener\">sept points \u00e0 l'ordre du jour<\/a> le taux d'approbation se situait entre 95% et plus de 99%, selon le communiqu\u00e9.<\/p>","protected":false},"excerpt":{"rendered":"<p>Die ausserordentlichen Generalversammlung (GV) wurde einberufen, um die zentralen Voraussetzungen f\u00fcr den am 30. April 2015 angek\u00fcndigten Zusammenschluss mit der Dorma-Gruppe in Deutschland zu schaffen. Dank komplement\u00e4rer Produkte und Dienstleistungen, einer erweiterten Abdeckung der Wertsch\u00f6pfungskette und verst\u00e4rkter geografischer Pr\u00e4senz soll aus dem Zusammenschluss ein globales Top-3-Unternehmen f\u00fcr Sicherheits- und Zutrittsl\u00f6sungen entstehen. Die b\u00f6rsenkotierte Kaba Holding [&hellip;]<\/p>\n","protected":false},"author":1,"featured_media":2206,"comment_status":"open","ping_status":"open","sticky":false,"template":"","format":"standard","meta":{"_acf_changed":false,"pgc_sgb_lightbox_settings":"","footnotes":""},"categories":[1],"tags":[131,139,133,44],"class_list":["post-2204","post","type-post","status-publish","format-standard","has-post-thumbnail","hentry","category-allgemein","tag-dorma","tag-fusion","tag-kaba","tag-kooperation"],"acf":[],"hkrextid":null,"publication":null,"issue":null,"workflow":null,"startPage":null,"spitzmarke":null,"_posts_by_tag_page_fields":{"widget_title":"","widget_tags":""},"_at_widget":"1","_yoast_wpseo_primary_category":"","_yoast_wpseo_focuskw_text_input":"Kaba","_yoast_wpseo_opengraph-image":"https:\/\/sicherheitsforum.ch\/wp-content\/uploads\/2016\/12\/55642393b101e_Dr_Gummert_Sicherheitsforum.jpg","_yoast_wpseo_opengraph-description":"Die Aktion\u00e4rinnen und Aktion\u00e4re der Kaba Holding AG haben am 22. Mai anl\u00e4sslich einer ausserordentlichen Generalversammlung allen Antr\u00e4gen mit grossem Mehr zugestimmt. Damit sind die zentralen Voraussetzungen f\u00fcr den geplanten Zusammenschluss mit der Dorma-Gruppe erf\u00fcllt.","_yoast_wpseo_opengraph-title":"Kaba-Aktion\u00e4re geben gr\u00fcnes Licht f\u00fcr Fusion","enclosure":null,"_yoast_wpseo_twitter-title":null,"_yoast_wpseo_twitter-description":null,"_yoast_wpseo_twitter-image":null,"_wp_old_slug":null,"_yoast_wpseo_title":null,"_yoast_wpseo_canonical":null,"yoast_head":"<!-- This site is optimized with the Yoast SEO plugin v27.4 - https:\/\/yoast.com\/product\/yoast-seo-wordpress\/ -->\n<title>Kaba-Aktion\u00e4re geben gr\u00fcnes Licht f\u00fcr Fusion - Save<\/title>\n<meta name=\"description\" content=\"Die Aktion\u00e4re der Kaba Holding AG haben am 22. Mai anl\u00e4sslich einer ausserordentlichen Generalversammlung allen Antr\u00e4gen mit grossem Mehr zugestimmt.\" \/>\n<meta name=\"robots\" content=\"index, follow, max-snippet:-1, max-image-preview:large, max-video-preview:-1\" \/>\n<link rel=\"canonical\" href=\"https:\/\/news.save.ch\/fr\/kaba-aktionaere-geben-gruenes-licht-fuer-fusion\/\" \/>\n<meta property=\"og:locale\" content=\"fr_FR\" \/>\n<meta property=\"og:type\" content=\"article\" \/>\n<meta property=\"og:title\" content=\"Kaba-Aktion\u00e4re geben gr\u00fcnes Licht f\u00fcr Fusion\" \/>\n<meta property=\"og:description\" content=\"Die Aktion\u00e4rinnen und Aktion\u00e4re der Kaba Holding AG haben am 22. Mai anl\u00e4sslich einer ausserordentlichen Generalversammlung allen Antr\u00e4gen mit grossem Mehr zugestimmt. Damit sind die zentralen Voraussetzungen f\u00fcr den geplanten Zusammenschluss mit der Dorma-Gruppe erf\u00fcllt.\" \/>\n<meta property=\"og:url\" content=\"https:\/\/news.save.ch\/fr\/kaba-aktionaere-geben-gruenes-licht-fuer-fusion\/\" \/>\n<meta property=\"og:site_name\" content=\"Save\" \/>\n<meta property=\"article:published_time\" content=\"2015-05-26T07:33:49+00:00\" \/>\n<meta property=\"og:image\" content=\"https:\/\/sicherheitsforum.ch\/wp-content\/uploads\/2016\/12\/55642393b101e_Dr_Gummert_Sicherheitsforum.jpg\" \/>\n<meta name=\"author\" content=\"admin\" \/>\n<meta name=\"twitter:card\" content=\"summary_large_image\" \/>\n<meta name=\"twitter:label1\" content=\"\u00c9crit par\" \/>\n\t<meta name=\"twitter:data1\" content=\"admin\" \/>\n\t<meta name=\"twitter:label2\" content=\"Dur\u00e9e de lecture estim\u00e9e\" \/>\n\t<meta name=\"twitter:data2\" content=\"1 minute\" \/>\n<script type=\"application\/ld+json\" class=\"yoast-schema-graph\">{\"@context\":\"https:\\\/\\\/schema.org\",\"@graph\":[{\"@type\":\"Article\",\"@id\":\"https:\\\/\\\/news.save.ch\\\/kaba-aktionaere-geben-gruenes-licht-fuer-fusion\\\/#article\",\"isPartOf\":{\"@id\":\"https:\\\/\\\/news.save.ch\\\/kaba-aktionaere-geben-gruenes-licht-fuer-fusion\\\/\"},\"author\":{\"name\":\"admin\",\"@id\":\"https:\\\/\\\/news.save.ch\\\/de\\\/#\\\/schema\\\/person\\\/d49e199490bad7c70d64b9ab51142f2b\"},\"headline\":\"Kaba-Aktion\u00e4re geben gr\u00fcnes Licht f\u00fcr Fusion\",\"datePublished\":\"2015-05-26T07:33:49+00:00\",\"mainEntityOfPage\":{\"@id\":\"https:\\\/\\\/news.save.ch\\\/kaba-aktionaere-geben-gruenes-licht-fuer-fusion\\\/\"},\"wordCount\":181,\"commentCount\":0,\"publisher\":{\"@id\":\"https:\\\/\\\/news.save.ch\\\/de\\\/#organization\"},\"image\":{\"@id\":\"https:\\\/\\\/news.save.ch\\\/kaba-aktionaere-geben-gruenes-licht-fuer-fusion\\\/#primaryimage\"},\"thumbnailUrl\":\"https:\\\/\\\/news.save.ch\\\/wp-content\\\/uploads\\\/2016\\\/12\\\/55642393b101e_Dr_Gummert_Sicherheitsforum-scaled.jpg\",\"keywords\":[\"Dorma\",\"Fusion\",\"Kaba\",\"Kooperation\"],\"articleSection\":[\"ALLGEMEIN\"],\"inLanguage\":\"fr-FR\"},{\"@type\":\"WebPage\",\"@id\":\"https:\\\/\\\/news.save.ch\\\/kaba-aktionaere-geben-gruenes-licht-fuer-fusion\\\/\",\"url\":\"https:\\\/\\\/news.save.ch\\\/kaba-aktionaere-geben-gruenes-licht-fuer-fusion\\\/\",\"name\":\"Kaba-Aktion\u00e4re geben gr\u00fcnes Licht f\u00fcr Fusion - Save\",\"isPartOf\":{\"@id\":\"https:\\\/\\\/news.save.ch\\\/de\\\/#website\"},\"primaryImageOfPage\":{\"@id\":\"https:\\\/\\\/news.save.ch\\\/kaba-aktionaere-geben-gruenes-licht-fuer-fusion\\\/#primaryimage\"},\"image\":{\"@id\":\"https:\\\/\\\/news.save.ch\\\/kaba-aktionaere-geben-gruenes-licht-fuer-fusion\\\/#primaryimage\"},\"thumbnailUrl\":\"https:\\\/\\\/news.save.ch\\\/wp-content\\\/uploads\\\/2016\\\/12\\\/55642393b101e_Dr_Gummert_Sicherheitsforum-scaled.jpg\",\"datePublished\":\"2015-05-26T07:33:49+00:00\",\"description\":\"Die Aktion\u00e4re der Kaba Holding AG haben am 22. Mai anl\u00e4sslich einer ausserordentlichen Generalversammlung allen Antr\u00e4gen mit grossem Mehr zugestimmt.\",\"breadcrumb\":{\"@id\":\"https:\\\/\\\/news.save.ch\\\/kaba-aktionaere-geben-gruenes-licht-fuer-fusion\\\/#breadcrumb\"},\"inLanguage\":\"fr-FR\",\"potentialAction\":[{\"@type\":\"ReadAction\",\"target\":[\"https:\\\/\\\/news.save.ch\\\/kaba-aktionaere-geben-gruenes-licht-fuer-fusion\\\/\"]}]},{\"@type\":\"ImageObject\",\"inLanguage\":\"fr-FR\",\"@id\":\"https:\\\/\\\/news.save.ch\\\/kaba-aktionaere-geben-gruenes-licht-fuer-fusion\\\/#primaryimage\",\"url\":\"https:\\\/\\\/news.save.ch\\\/wp-content\\\/uploads\\\/2016\\\/12\\\/55642393b101e_Dr_Gummert_Sicherheitsforum-scaled.jpg\",\"contentUrl\":\"https:\\\/\\\/news.save.ch\\\/wp-content\\\/uploads\\\/2016\\\/12\\\/55642393b101e_Dr_Gummert_Sicherheitsforum-scaled.jpg\",\"width\":933,\"height\":1400,\"caption\":\"Hans Gummert (Dorma): \u201eDas Ergebnis der a.o. Generalversammlung ist ein wichtiger Schritt auf dem Weg, zwei Premium-Marken zu einem global f\u00fchrenden Unternehmen zusammenzuf\u00fchren. \\\"\"},{\"@type\":\"BreadcrumbList\",\"@id\":\"https:\\\/\\\/news.save.ch\\\/kaba-aktionaere-geben-gruenes-licht-fuer-fusion\\\/#breadcrumb\",\"itemListElement\":[{\"@type\":\"ListItem\",\"position\":1,\"name\":\"Home\",\"item\":\"https:\\\/\\\/news.save.ch\\\/de\\\/\"},{\"@type\":\"ListItem\",\"position\":2,\"name\":\"Kaba-Aktion\u00e4re geben gr\u00fcnes Licht f\u00fcr Fusion\"}]},{\"@type\":\"WebSite\",\"@id\":\"https:\\\/\\\/news.save.ch\\\/de\\\/#website\",\"url\":\"https:\\\/\\\/news.save.ch\\\/de\\\/\",\"name\":\"Save\",\"description\":\"Schweizer Fachzeitschrift f\u00fcr Sicherheit\",\"publisher\":{\"@id\":\"https:\\\/\\\/news.save.ch\\\/de\\\/#organization\"},\"potentialAction\":[{\"@type\":\"SearchAction\",\"target\":{\"@type\":\"EntryPoint\",\"urlTemplate\":\"https:\\\/\\\/news.save.ch\\\/de\\\/?s={search_term_string}\"},\"query-input\":{\"@type\":\"PropertyValueSpecification\",\"valueRequired\":true,\"valueName\":\"search_term_string\"}}],\"inLanguage\":\"fr-FR\"},{\"@type\":\"Organization\",\"@id\":\"https:\\\/\\\/news.save.ch\\\/de\\\/#organization\",\"name\":\"Sicherheitsforum\",\"url\":\"https:\\\/\\\/news.save.ch\\\/de\\\/\",\"logo\":{\"@type\":\"ImageObject\",\"inLanguage\":\"fr-FR\",\"@id\":\"https:\\\/\\\/news.save.ch\\\/de\\\/#\\\/schema\\\/logo\\\/image\\\/\",\"url\":\"https:\\\/\\\/news.save.ch\\\/wp-content\\\/uploads\\\/2022\\\/06\\\/Logo_SF_2012.png\",\"contentUrl\":\"https:\\\/\\\/news.save.ch\\\/wp-content\\\/uploads\\\/2022\\\/06\\\/Logo_SF_2012.png\",\"width\":1100,\"height\":91,\"caption\":\"Sicherheitsforum\"},\"image\":{\"@id\":\"https:\\\/\\\/news.save.ch\\\/de\\\/#\\\/schema\\\/logo\\\/image\\\/\"}},{\"@type\":\"Person\",\"@id\":\"https:\\\/\\\/news.save.ch\\\/de\\\/#\\\/schema\\\/person\\\/d49e199490bad7c70d64b9ab51142f2b\",\"name\":\"admin\",\"image\":{\"@type\":\"ImageObject\",\"inLanguage\":\"fr-FR\",\"@id\":\"https:\\\/\\\/secure.gravatar.com\\\/avatar\\\/ae2f4d718e6c49043e314ce431e7e645d646302a24a5ef5a8bc8e3f5a032e319?s=96&d=mm&r=g\",\"url\":\"https:\\\/\\\/secure.gravatar.com\\\/avatar\\\/ae2f4d718e6c49043e314ce431e7e645d646302a24a5ef5a8bc8e3f5a032e319?s=96&d=mm&r=g\",\"contentUrl\":\"https:\\\/\\\/secure.gravatar.com\\\/avatar\\\/ae2f4d718e6c49043e314ce431e7e645d646302a24a5ef5a8bc8e3f5a032e319?s=96&d=mm&r=g\",\"caption\":\"admin\"},\"sameAs\":[\"https:\\\/\\\/develop.organisator.galledia.ch\"],\"url\":\"https:\\\/\\\/news.save.ch\\\/fr\\\/author\\\/admin\\\/\"}]}<\/script>\n<!-- \/ Yoast SEO plugin. -->","yoast_head_json":{"title":"Les actionnaires de Kaba donnent leur feu vert \u00e0 la fusion - Save","description":"Le 22 mai, \u00e0 l'occasion d'une assembl\u00e9e g\u00e9n\u00e9rale extraordinaire, les actionnaires de Kaba Holding SA ont approuv\u00e9 \u00e0 une large majorit\u00e9 toutes les propositions.","robots":{"index":"index","follow":"follow","max-snippet":"max-snippet:-1","max-image-preview":"max-image-preview:large","max-video-preview":"max-video-preview:-1"},"canonical":"https:\/\/news.save.ch\/fr\/kaba-aktionaere-geben-gruenes-licht-fuer-fusion\/","og_locale":"fr_FR","og_type":"article","og_title":"Kaba-Aktion\u00e4re geben gr\u00fcnes Licht f\u00fcr Fusion","og_description":"Die Aktion\u00e4rinnen und Aktion\u00e4re der Kaba Holding AG haben am 22. Mai anl\u00e4sslich einer ausserordentlichen Generalversammlung allen Antr\u00e4gen mit grossem Mehr zugestimmt. Damit sind die zentralen Voraussetzungen f\u00fcr den geplanten Zusammenschluss mit der Dorma-Gruppe erf\u00fcllt.","og_url":"https:\/\/news.save.ch\/fr\/kaba-aktionaere-geben-gruenes-licht-fuer-fusion\/","og_site_name":"Save","article_published_time":"2015-05-26T07:33:49+00:00","og_image":[{"url":"https:\/\/sicherheitsforum.ch\/wp-content\/uploads\/2016\/12\/55642393b101e_Dr_Gummert_Sicherheitsforum.jpg","type":"","width":"","height":""}],"author":"admin","twitter_card":"summary_large_image","twitter_misc":{"\u00c9crit par":"admin","Dur\u00e9e de lecture estim\u00e9e":"1 minute"},"schema":{"@context":"https:\/\/schema.org","@graph":[{"@type":"Article","@id":"https:\/\/news.save.ch\/kaba-aktionaere-geben-gruenes-licht-fuer-fusion\/#article","isPartOf":{"@id":"https:\/\/news.save.ch\/kaba-aktionaere-geben-gruenes-licht-fuer-fusion\/"},"author":{"name":"admin","@id":"https:\/\/news.save.ch\/de\/#\/schema\/person\/d49e199490bad7c70d64b9ab51142f2b"},"headline":"Kaba-Aktion\u00e4re geben gr\u00fcnes Licht f\u00fcr Fusion","datePublished":"2015-05-26T07:33:49+00:00","mainEntityOfPage":{"@id":"https:\/\/news.save.ch\/kaba-aktionaere-geben-gruenes-licht-fuer-fusion\/"},"wordCount":181,"commentCount":0,"publisher":{"@id":"https:\/\/news.save.ch\/de\/#organization"},"image":{"@id":"https:\/\/news.save.ch\/kaba-aktionaere-geben-gruenes-licht-fuer-fusion\/#primaryimage"},"thumbnailUrl":"https:\/\/news.save.ch\/wp-content\/uploads\/2016\/12\/55642393b101e_Dr_Gummert_Sicherheitsforum-scaled.jpg","keywords":["Dorma","Fusion","Kaba","Kooperation"],"articleSection":["ALLGEMEIN"],"inLanguage":"fr-FR"},{"@type":"WebPage","@id":"https:\/\/news.save.ch\/kaba-aktionaere-geben-gruenes-licht-fuer-fusion\/","url":"https:\/\/news.save.ch\/kaba-aktionaere-geben-gruenes-licht-fuer-fusion\/","name":"Les actionnaires de Kaba donnent leur feu vert \u00e0 la fusion - Save","isPartOf":{"@id":"https:\/\/news.save.ch\/de\/#website"},"primaryImageOfPage":{"@id":"https:\/\/news.save.ch\/kaba-aktionaere-geben-gruenes-licht-fuer-fusion\/#primaryimage"},"image":{"@id":"https:\/\/news.save.ch\/kaba-aktionaere-geben-gruenes-licht-fuer-fusion\/#primaryimage"},"thumbnailUrl":"https:\/\/news.save.ch\/wp-content\/uploads\/2016\/12\/55642393b101e_Dr_Gummert_Sicherheitsforum-scaled.jpg","datePublished":"2015-05-26T07:33:49+00:00","description":"Le 22 mai, \u00e0 l'occasion d'une assembl\u00e9e g\u00e9n\u00e9rale extraordinaire, les actionnaires de Kaba Holding SA ont approuv\u00e9 \u00e0 une large majorit\u00e9 toutes les propositions.","breadcrumb":{"@id":"https:\/\/news.save.ch\/kaba-aktionaere-geben-gruenes-licht-fuer-fusion\/#breadcrumb"},"inLanguage":"fr-FR","potentialAction":[{"@type":"ReadAction","target":["https:\/\/news.save.ch\/kaba-aktionaere-geben-gruenes-licht-fuer-fusion\/"]}]},{"@type":"ImageObject","inLanguage":"fr-FR","@id":"https:\/\/news.save.ch\/kaba-aktionaere-geben-gruenes-licht-fuer-fusion\/#primaryimage","url":"https:\/\/news.save.ch\/wp-content\/uploads\/2016\/12\/55642393b101e_Dr_Gummert_Sicherheitsforum-scaled.jpg","contentUrl":"https:\/\/news.save.ch\/wp-content\/uploads\/2016\/12\/55642393b101e_Dr_Gummert_Sicherheitsforum-scaled.jpg","width":933,"height":1400,"caption":"Hans Gummert (Dorma): \u201eDas Ergebnis der a.o. Generalversammlung ist ein wichtiger Schritt auf dem Weg, zwei Premium-Marken zu einem global f\u00fchrenden Unternehmen zusammenzuf\u00fchren. \""},{"@type":"BreadcrumbList","@id":"https:\/\/news.save.ch\/kaba-aktionaere-geben-gruenes-licht-fuer-fusion\/#breadcrumb","itemListElement":[{"@type":"ListItem","position":1,"name":"Home","item":"https:\/\/news.save.ch\/de\/"},{"@type":"ListItem","position":2,"name":"Kaba-Aktion\u00e4re geben gr\u00fcnes Licht f\u00fcr Fusion"}]},{"@type":"WebSite","@id":"https:\/\/news.save.ch\/de\/#website","url":"https:\/\/news.save.ch\/de\/","name":"Save","description":"Revue suisse sp\u00e9cialis\u00e9e dans la s\u00e9curit\u00e9","publisher":{"@id":"https:\/\/news.save.ch\/de\/#organization"},"potentialAction":[{"@type":"SearchAction","target":{"@type":"EntryPoint","urlTemplate":"https:\/\/news.save.ch\/de\/?s={search_term_string}"},"query-input":{"@type":"PropertyValueSpecification","valueRequired":true,"valueName":"search_term_string"}}],"inLanguage":"fr-FR"},{"@type":"Organization","@id":"https:\/\/news.save.ch\/de\/#organization","name":"Forum sur la s\u00e9curit\u00e9","url":"https:\/\/news.save.ch\/de\/","logo":{"@type":"ImageObject","inLanguage":"fr-FR","@id":"https:\/\/news.save.ch\/de\/#\/schema\/logo\/image\/","url":"https:\/\/news.save.ch\/wp-content\/uploads\/2022\/06\/Logo_SF_2012.png","contentUrl":"https:\/\/news.save.ch\/wp-content\/uploads\/2022\/06\/Logo_SF_2012.png","width":1100,"height":91,"caption":"Sicherheitsforum"},"image":{"@id":"https:\/\/news.save.ch\/de\/#\/schema\/logo\/image\/"}},{"@type":"Person","@id":"https:\/\/news.save.ch\/de\/#\/schema\/person\/d49e199490bad7c70d64b9ab51142f2b","name":"admin","image":{"@type":"ImageObject","inLanguage":"fr-FR","@id":"https:\/\/secure.gravatar.com\/avatar\/ae2f4d718e6c49043e314ce431e7e645d646302a24a5ef5a8bc8e3f5a032e319?s=96&d=mm&r=g","url":"https:\/\/secure.gravatar.com\/avatar\/ae2f4d718e6c49043e314ce431e7e645d646302a24a5ef5a8bc8e3f5a032e319?s=96&d=mm&r=g","contentUrl":"https:\/\/secure.gravatar.com\/avatar\/ae2f4d718e6c49043e314ce431e7e645d646302a24a5ef5a8bc8e3f5a032e319?s=96&d=mm&r=g","caption":"admin"},"sameAs":["https:\/\/develop.organisator.galledia.ch"],"url":"https:\/\/news.save.ch\/fr\/author\/admin\/"}]}},"_links":{"self":[{"href":"https:\/\/news.save.ch\/fr\/wp-json\/wp\/v2\/posts\/2204","targetHints":{"allow":["GET"]}}],"collection":[{"href":"https:\/\/news.save.ch\/fr\/wp-json\/wp\/v2\/posts"}],"about":[{"href":"https:\/\/news.save.ch\/fr\/wp-json\/wp\/v2\/types\/post"}],"author":[{"embeddable":true,"href":"https:\/\/news.save.ch\/fr\/wp-json\/wp\/v2\/users\/1"}],"replies":[{"embeddable":true,"href":"https:\/\/news.save.ch\/fr\/wp-json\/wp\/v2\/comments?post=2204"}],"version-history":[{"count":0,"href":"https:\/\/news.save.ch\/fr\/wp-json\/wp\/v2\/posts\/2204\/revisions"}],"wp:featuredmedia":[{"embeddable":true,"href":"https:\/\/news.save.ch\/fr\/wp-json\/wp\/v2\/media\/2206"}],"wp:attachment":[{"href":"https:\/\/news.save.ch\/fr\/wp-json\/wp\/v2\/media?parent=2204"}],"wp:term":[{"taxonomy":"category","embeddable":true,"href":"https:\/\/news.save.ch\/fr\/wp-json\/wp\/v2\/categories?post=2204"},{"taxonomy":"post_tag","embeddable":true,"href":"https:\/\/news.save.ch\/fr\/wp-json\/wp\/v2\/tags?post=2204"}],"curies":[{"name":"wp","href":"https:\/\/api.w.org\/{rel}","templated":true}]}}